{"id":300486,"date":"2020-05-25T09:32:13","date_gmt":"2020-05-25T08:32:13","guid":{"rendered":"http:\/\/kapitalis.com\/tunisie\/?p=300486"},"modified":"2020-05-25T12:30:32","modified_gmt":"2020-05-25T11:30:32","slug":"siliana-le-corps-dun-jeune-homme-retrouve-dans-le-lac-dain-zallal","status":"publish","type":"post","link":"https:\/\/kapitalis.com\/tunisie\/2020\/05\/25\/siliana-le-corps-dun-jeune-homme-retrouve-dans-le-lac-dain-zallal\/","title":{"rendered":"Siliana : Le corps d&rsquo;un jeune homme retrouv\u00e9 dans le lac d\u2019Ain Zallal"},"content":{"rendered":"\n<figure class=\"wp-block-image size-large\"><img decoding=\"async\" src=\"http:\/\/kapitalis.com\/tunisie\/wp-content\/uploads\/2020\/05\/corps-rep\u00each\u00e9-dans-un-lac.jpg\" alt=\"\" class=\"wp-image-300489\"\/><\/figure>\n\n\n\n<p><strong><em>Le corps d&rsquo;un jeune homme de 25 ans a \u00e9t\u00e9 retrouv\u00e9 hier, dimanche 24 mai 2020, dans le lac d\u2019Ain Zallal, situ\u00e9 \u00e0 Sidi Arfa, relavant de la d\u00e9l\u00e9gation de Bouarada (gouvernorat de Siliana).<\/em><\/strong> <strong><em>Le d\u00e9funt serait, \u00e0 priori, mort par noyade.<\/em><\/strong><\/p>\n\n\n\n<!--more-->\n\n\n\n<p>Les unit\u00e9s de la Protection civile \u00e0 Siliana l&rsquo;ont rep\u00each\u00e9 et remis \u00e0 la Garde nationale qui a pris en charge de le transporter \u00e0 l\u2019h\u00f4pital local de Bouarada.<\/p>\n\n\n\n<p>Relay\u00e9 par l&rsquo;agence Tunis Afrique presse (Tap), le directeur r\u00e9gional de la Protection civile \u00e0 Siliana, Adel Abidi, a indiqu\u00e9 que le cadavre sera, ensuite, transf\u00e9r\u00e9 \u00e0 l\u2019h\u00f4pital Charles-Nicolle, \u00e0 Tunis, pour subir une autopsie.<\/p>\n\n\n\n<p class=\"has-text-align-right\"><strong>C. B. Y.<\/strong><\/p>\n","protected":false},"excerpt":{"rendered":"<p>Le corps d&rsquo;un jeune homme de 25 ans a \u00e9t\u00e9 retrouv\u00e9 hier, dimanche 24 mai 2020, dans le lac d\u2019Ain Zallal, situ\u00e9 \u00e0 Sidi Arfa, relavant de la d\u00e9l\u00e9gation de Bouarada (gouvernorat de Siliana). Le d\u00e9funt serait, \u00e0 priori, mort par noyade.<\/p>\n","protected":false},"author":24,"featured_media":300489,"comment_status":"open","ping_status":"open","sticky":false,"template":"","format":"standard","meta":{"footnotes":""},"categories":[998,2433],"tags":[79112,79110,76976,79109,79111,2763],"class_list":["post-300486","post","type-post","status-publish","format-standard","has-post-thumbnail","hentry","category-societe","category-tunisie","tag-adel-abidi","tag-bouaraba","tag-charles-nicolle-2","tag-lac-dain-zallal","tag-sidi-arfa","tag-siliana"],"yoast_head":"<!-- This site is optimized with the Yoast SEO plugin v26.6 - https:\/\/yoast.com\/wordpress\/plugins\/seo\/ -->\n<title>Siliana : Le corps d&#039;un jeune homme retrouv\u00e9 dans le lac d\u2019Ain Zallal - Kapitalis<\/title>\n<meta name=\"robots\" content=\"index, follow, max-snippet:-1, max-image-preview:large, max-video-preview:-1\" \/>\n<link rel=\"canonical\" href=\"https:\/\/kapitalis.com\/tunisie\/2020\/05\/25\/siliana-le-corps-dun-jeune-homme-retrouve-dans-le-lac-dain-zallal\/\" \/>\n<meta property=\"og:locale\" content=\"fr_FR\" \/>\n<meta property=\"og:type\" content=\"article\" \/>\n<meta property=\"og:title\" content=\"Siliana : Le corps d&#039;un jeune homme retrouv\u00e9 dans le lac d\u2019Ain Zallal - Kapitalis\" \/>\n<meta property=\"og:description\" content=\"Le corps d&rsquo;un jeune homme de 25 ans a \u00e9t\u00e9 retrouv\u00e9 hier, dimanche 24 mai 2020, dans le lac d\u2019Ain Zallal, situ\u00e9 \u00e0 Sidi Arfa, relavant de la d\u00e9l\u00e9gation de Bouarada (gouvernorat de Siliana). Le d\u00e9funt serait, \u00e0 priori, mort par noyade.\" \/>\n<meta property=\"og:url\" content=\"https:\/\/kapitalis.com\/tunisie\/2020\/05\/25\/siliana-le-corps-dun-jeune-homme-retrouve-dans-le-lac-dain-zallal\/\" \/>\n<meta property=\"og:site_name\" content=\"Kapitalis\" \/>\n<meta property=\"article:publisher\" content=\"https:\/\/www.facebook.com\/KapitalisInfo\/\" \/>\n<meta property=\"article:published_time\" content=\"2020-05-25T08:32:13+00:00\" \/>\n<meta property=\"article:modified_time\" content=\"2020-05-25T11:30:32+00:00\" \/>\n<meta property=\"og:image\" content=\"https:\/\/kapitalis.com\/tunisie\/wp-content\/uploads\/2022\/05\/kapitalis-logo-fb.png\" \/>\n\t<meta property=\"og:image:width\" content=\"1200\" \/>\n\t<meta property=\"og:image:height\" content=\"630\" \/>\n\t<meta property=\"og:image:type\" content=\"image\/png\" \/>\n<meta name=\"author\" content=\"Cherif Benyounes\" \/>\n<meta name=\"twitter:card\" content=\"summary_large_image\" \/>\n<meta name=\"twitter:creator\" content=\"@KapitalisInfo\" \/>\n<meta name=\"twitter:site\" content=\"@KapitalisInfo\" \/>\n<meta name=\"twitter:label1\" content=\"\u00c9crit par\" \/>\n\t<meta name=\"twitter:data1\" content=\"Cherif Benyounes\" \/>\n\t<meta name=\"twitter:label2\" content=\"Dur\u00e9e de lecture estim\u00e9e\" \/>\n\t<meta name=\"twitter:data2\" content=\"1 minute\" \/>\n<script type=\"application\/ld+json\" class=\"yoast-schema-graph\">{\"@context\":\"https:\/\/schema.org\",\"@graph\":[{\"@type\":\"Article\",\"@id\":\"https:\/\/kapitalis.com\/tunisie\/2020\/05\/25\/siliana-le-corps-dun-jeune-homme-retrouve-dans-le-lac-dain-zallal\/#article\",\"isPartOf\":{\"@id\":\"https:\/\/kapitalis.com\/tunisie\/2020\/05\/25\/siliana-le-corps-dun-jeune-homme-retrouve-dans-le-lac-dain-zallal\/\"},\"author\":{\"name\":\"Cherif Benyounes\",\"@id\":\"https:\/\/kapitalis.com\/tunisie\/#\/schema\/person\/b35b8d631961131107263178aeb8019e\"},\"headline\":\"Siliana : Le corps d&rsquo;un jeune homme retrouv\u00e9 dans le lac d\u2019Ain Zallal\",\"datePublished\":\"2020-05-25T08:32:13+00:00\",\"dateModified\":\"2020-05-25T11:30:32+00:00\",\"mainEntityOfPage\":{\"@id\":\"https:\/\/kapitalis.com\/tunisie\/2020\/05\/25\/siliana-le-corps-dun-jeune-homme-retrouve-dans-le-lac-dain-zallal\/\"},\"wordCount\":123,\"commentCount\":0,\"publisher\":{\"@id\":\"https:\/\/kapitalis.com\/tunisie\/#organization\"},\"image\":{\"@id\":\"https:\/\/kapitalis.com\/tunisie\/2020\/05\/25\/siliana-le-corps-dun-jeune-homme-retrouve-dans-le-lac-dain-zallal\/#primaryimage\"},\"thumbnailUrl\":\"\",\"keywords\":[\"Adel Abidi\",\"Bouaraba\",\"charles-nicolle\",\"lac d\u2019Ain Zallal\",\"Sidi Arfa\",\"Siliana\"],\"articleSection\":[\"SOCIETE\",\"Tunisie\"],\"inLanguage\":\"fr-FR\",\"potentialAction\":[{\"@type\":\"CommentAction\",\"name\":\"Comment\",\"target\":[\"https:\/\/kapitalis.com\/tunisie\/2020\/05\/25\/siliana-le-corps-dun-jeune-homme-retrouve-dans-le-lac-dain-zallal\/#respond\"]}]},{\"@type\":\"WebPage\",\"@id\":\"https:\/\/kapitalis.com\/tunisie\/2020\/05\/25\/siliana-le-corps-dun-jeune-homme-retrouve-dans-le-lac-dain-zallal\/\",\"url\":\"https:\/\/kapitalis.com\/tunisie\/2020\/05\/25\/siliana-le-corps-dun-jeune-homme-retrouve-dans-le-lac-dain-zallal\/\",\"name\":\"Siliana : Le corps d'un jeune homme retrouv\u00e9 dans le lac d\u2019Ain Zallal - Kapitalis\",\"isPartOf\":{\"@id\":\"https:\/\/kapitalis.com\/tunisie\/#website\"},\"primaryImageOfPage\":{\"@id\":\"https:\/\/kapitalis.com\/tunisie\/2020\/05\/25\/siliana-le-corps-dun-jeune-homme-retrouve-dans-le-lac-dain-zallal\/#primaryimage\"},\"image\":{\"@id\":\"https:\/\/kapitalis.com\/tunisie\/2020\/05\/25\/siliana-le-corps-dun-jeune-homme-retrouve-dans-le-lac-dain-zallal\/#primaryimage\"},\"thumbnailUrl\":\"\",\"datePublished\":\"2020-05-25T08:32:13+00:00\",\"dateModified\":\"2020-05-25T11:30:32+00:00\",\"breadcrumb\":{\"@id\":\"https:\/\/kapitalis.com\/tunisie\/2020\/05\/25\/siliana-le-corps-dun-jeune-homme-retrouve-dans-le-lac-dain-zallal\/#breadcrumb\"},\"inLanguage\":\"fr-FR\",\"potentialAction\":[{\"@type\":\"ReadAction\",\"target\":[\"https:\/\/kapitalis.com\/tunisie\/2020\/05\/25\/siliana-le-corps-dun-jeune-homme-retrouve-dans-le-lac-dain-zallal\/\"]}]},{\"@type\":\"ImageObject\",\"inLanguage\":\"fr-FR\",\"@id\":\"https:\/\/kapitalis.com\/tunisie\/2020\/05\/25\/siliana-le-corps-dun-jeune-homme-retrouve-dans-le-lac-dain-zallal\/#primaryimage\",\"url\":\"\",\"contentUrl\":\"\"},{\"@type\":\"BreadcrumbList\",\"@id\":\"https:\/\/kapitalis.com\/tunisie\/2020\/05\/25\/siliana-le-corps-dun-jeune-homme-retrouve-dans-le-lac-dain-zallal\/#breadcrumb\",\"itemListElement\":[{\"@type\":\"ListItem\",\"position\":1,\"name\":\"Accueil\",\"item\":\"https:\/\/kapitalis.com\/tunisie\/\"},{\"@type\":\"ListItem\",\"position\":2,\"name\":\"Siliana : Le corps d&rsquo;un jeune homme retrouv\u00e9 dans le lac d\u2019Ain Zallal\"}]},{\"@type\":\"WebSite\",\"@id\":\"https:\/\/kapitalis.com\/tunisie\/#website\",\"url\":\"https:\/\/kapitalis.com\/tunisie\/\",\"name\":\"Kapitalis\",\"description\":\"L&#039;actualit\u00e9 en Tunisie et dans le monde\",\"publisher\":{\"@id\":\"https:\/\/kapitalis.com\/tunisie\/#organization\"},\"potentialAction\":[{\"@type\":\"SearchAction\",\"target\":{\"@type\":\"EntryPoint\",\"urlTemplate\":\"https:\/\/kapitalis.com\/tunisie\/?s={search_term_string}\"},\"query-input\":{\"@type\":\"PropertyValueSpecification\",\"valueRequired\":true,\"valueName\":\"search_term_string\"}}],\"inLanguage\":\"fr-FR\"},{\"@type\":\"Organization\",\"@id\":\"https:\/\/kapitalis.com\/tunisie\/#organization\",\"name\":\"Kapitalis\",\"url\":\"https:\/\/kapitalis.com\/tunisie\/\",\"logo\":{\"@type\":\"ImageObject\",\"inLanguage\":\"fr-FR\",\"@id\":\"https:\/\/kapitalis.com\/tunisie\/#\/schema\/logo\/image\/\",\"url\":\"https:\/\/kapitalis.com\/tunisie\/wp-content\/uploads\/2022\/05\/Kapitalis-big-size.png\",\"contentUrl\":\"https:\/\/kapitalis.com\/tunisie\/wp-content\/uploads\/2022\/05\/Kapitalis-big-size.png\",\"width\":5000,\"height\":1500,\"caption\":\"Kapitalis\"},\"image\":{\"@id\":\"https:\/\/kapitalis.com\/tunisie\/#\/schema\/logo\/image\/\"},\"sameAs\":[\"https:\/\/www.facebook.com\/KapitalisInfo\/\",\"https:\/\/x.com\/KapitalisInfo\",\"https:\/\/www.youtube.com\/channel\/UC-yDYrHyfFBWWZaOw3FPg9Q\"]},{\"@type\":\"Person\",\"@id\":\"https:\/\/kapitalis.com\/tunisie\/#\/schema\/person\/b35b8d631961131107263178aeb8019e\",\"name\":\"Cherif Benyounes\",\"url\":\"https:\/\/kapitalis.com\/tunisie\/author\/cherif\/\"}]}<\/script>\n<!-- \/ Yoast SEO plugin. -->","yoast_head_json":{"title":"Siliana : Le corps d'un jeune homme retrouv\u00e9 dans le lac d\u2019Ain Zallal - Kapitalis","robots":{"index":"index","follow":"follow","max-snippet":"max-snippet:-1","max-image-preview":"max-image-preview:large","max-video-preview":"max-video-preview:-1"},"canonical":"https:\/\/kapitalis.com\/tunisie\/2020\/05\/25\/siliana-le-corps-dun-jeune-homme-retrouve-dans-le-lac-dain-zallal\/","og_locale":"fr_FR","og_type":"article","og_title":"Siliana : Le corps d'un jeune homme retrouv\u00e9 dans le lac d\u2019Ain Zallal - Kapitalis","og_description":"Le corps d&rsquo;un jeune homme de 25 ans a \u00e9t\u00e9 retrouv\u00e9 hier, dimanche 24 mai 2020, dans le lac d\u2019Ain Zallal, situ\u00e9 \u00e0 Sidi Arfa, relavant de la d\u00e9l\u00e9gation de Bouarada (gouvernorat de Siliana). Le d\u00e9funt serait, \u00e0 priori, mort par noyade.","og_url":"https:\/\/kapitalis.com\/tunisie\/2020\/05\/25\/siliana-le-corps-dun-jeune-homme-retrouve-dans-le-lac-dain-zallal\/","og_site_name":"Kapitalis","article_publisher":"https:\/\/www.facebook.com\/KapitalisInfo\/","article_published_time":"2020-05-25T08:32:13+00:00","article_modified_time":"2020-05-25T11:30:32+00:00","og_image":[{"width":1200,"height":630,"url":"https:\/\/kapitalis.com\/tunisie\/wp-content\/uploads\/2022\/05\/kapitalis-logo-fb.png","type":"image\/png"}],"author":"Cherif Benyounes","twitter_card":"summary_large_image","twitter_creator":"@KapitalisInfo","twitter_site":"@KapitalisInfo","twitter_misc":{"\u00c9crit par":"Cherif Benyounes","Dur\u00e9e de lecture estim\u00e9e":"1 minute"},"schema":{"@context":"https:\/\/schema.org","@graph":[{"@type":"Article","@id":"https:\/\/kapitalis.com\/tunisie\/2020\/05\/25\/siliana-le-corps-dun-jeune-homme-retrouve-dans-le-lac-dain-zallal\/#article","isPartOf":{"@id":"https:\/\/kapitalis.com\/tunisie\/2020\/05\/25\/siliana-le-corps-dun-jeune-homme-retrouve-dans-le-lac-dain-zallal\/"},"author":{"name":"Cherif Benyounes","@id":"https:\/\/kapitalis.com\/tunisie\/#\/schema\/person\/b35b8d631961131107263178aeb8019e"},"headline":"Siliana : Le corps d&rsquo;un jeune homme retrouv\u00e9 dans le lac d\u2019Ain Zallal","datePublished":"2020-05-25T08:32:13+00:00","dateModified":"2020-05-25T11:30:32+00:00","mainEntityOfPage":{"@id":"https:\/\/kapitalis.com\/tunisie\/2020\/05\/25\/siliana-le-corps-dun-jeune-homme-retrouve-dans-le-lac-dain-zallal\/"},"wordCount":123,"commentCount":0,"publisher":{"@id":"https:\/\/kapitalis.com\/tunisie\/#organization"},"image":{"@id":"https:\/\/kapitalis.com\/tunisie\/2020\/05\/25\/siliana-le-corps-dun-jeune-homme-retrouve-dans-le-lac-dain-zallal\/#primaryimage"},"thumbnailUrl":"","keywords":["Adel Abidi","Bouaraba","charles-nicolle","lac d\u2019Ain Zallal","Sidi Arfa","Siliana"],"articleSection":["SOCIETE","Tunisie"],"inLanguage":"fr-FR","potentialAction":[{"@type":"CommentAction","name":"Comment","target":["https:\/\/kapitalis.com\/tunisie\/2020\/05\/25\/siliana-le-corps-dun-jeune-homme-retrouve-dans-le-lac-dain-zallal\/#respond"]}]},{"@type":"WebPage","@id":"https:\/\/kapitalis.com\/tunisie\/2020\/05\/25\/siliana-le-corps-dun-jeune-homme-retrouve-dans-le-lac-dain-zallal\/","url":"https:\/\/kapitalis.com\/tunisie\/2020\/05\/25\/siliana-le-corps-dun-jeune-homme-retrouve-dans-le-lac-dain-zallal\/","name":"Siliana : Le corps d'un jeune homme retrouv\u00e9 dans le lac d\u2019Ain Zallal - Kapitalis","isPartOf":{"@id":"https:\/\/kapitalis.com\/tunisie\/#website"},"primaryImageOfPage":{"@id":"https:\/\/kapitalis.com\/tunisie\/2020\/05\/25\/siliana-le-corps-dun-jeune-homme-retrouve-dans-le-lac-dain-zallal\/#primaryimage"},"image":{"@id":"https:\/\/kapitalis.com\/tunisie\/2020\/05\/25\/siliana-le-corps-dun-jeune-homme-retrouve-dans-le-lac-dain-zallal\/#primaryimage"},"thumbnailUrl":"","datePublished":"2020-05-25T08:32:13+00:00","dateModified":"2020-05-25T11:30:32+00:00","breadcrumb":{"@id":"https:\/\/kapitalis.com\/tunisie\/2020\/05\/25\/siliana-le-corps-dun-jeune-homme-retrouve-dans-le-lac-dain-zallal\/#breadcrumb"},"inLanguage":"fr-FR","potentialAction":[{"@type":"ReadAction","target":["https:\/\/kapitalis.com\/tunisie\/2020\/05\/25\/siliana-le-corps-dun-jeune-homme-retrouve-dans-le-lac-dain-zallal\/"]}]},{"@type":"ImageObject","inLanguage":"fr-FR","@id":"https:\/\/kapitalis.com\/tunisie\/2020\/05\/25\/siliana-le-corps-dun-jeune-homme-retrouve-dans-le-lac-dain-zallal\/#primaryimage","url":"","contentUrl":""},{"@type":"BreadcrumbList","@id":"https:\/\/kapitalis.com\/tunisie\/2020\/05\/25\/siliana-le-corps-dun-jeune-homme-retrouve-dans-le-lac-dain-zallal\/#breadcrumb","itemListElement":[{"@type":"ListItem","position":1,"name":"Accueil","item":"https:\/\/kapitalis.com\/tunisie\/"},{"@type":"ListItem","position":2,"name":"Siliana : Le corps d&rsquo;un jeune homme retrouv\u00e9 dans le lac d\u2019Ain Zallal"}]},{"@type":"WebSite","@id":"https:\/\/kapitalis.com\/tunisie\/#website","url":"https:\/\/kapitalis.com\/tunisie\/","name":"Kapitalis","description":"L&#039;actualit\u00e9 en Tunisie et dans le monde","publisher":{"@id":"https:\/\/kapitalis.com\/tunisie\/#organization"},"potentialAction":[{"@type":"SearchAction","target":{"@type":"EntryPoint","urlTemplate":"https:\/\/kapitalis.com\/tunisie\/?s={search_term_string}"},"query-input":{"@type":"PropertyValueSpecification","valueRequired":true,"valueName":"search_term_string"}}],"inLanguage":"fr-FR"},{"@type":"Organization","@id":"https:\/\/kapitalis.com\/tunisie\/#organization","name":"Kapitalis","url":"https:\/\/kapitalis.com\/tunisie\/","logo":{"@type":"ImageObject","inLanguage":"fr-FR","@id":"https:\/\/kapitalis.com\/tunisie\/#\/schema\/logo\/image\/","url":"https:\/\/kapitalis.com\/tunisie\/wp-content\/uploads\/2022\/05\/Kapitalis-big-size.png","contentUrl":"https:\/\/kapitalis.com\/tunisie\/wp-content\/uploads\/2022\/05\/Kapitalis-big-size.png","width":5000,"height":1500,"caption":"Kapitalis"},"image":{"@id":"https:\/\/kapitalis.com\/tunisie\/#\/schema\/logo\/image\/"},"sameAs":["https:\/\/www.facebook.com\/KapitalisInfo\/","https:\/\/x.com\/KapitalisInfo","https:\/\/www.youtube.com\/channel\/UC-yDYrHyfFBWWZaOw3FPg9Q"]},{"@type":"Person","@id":"https:\/\/kapitalis.com\/tunisie\/#\/schema\/person\/b35b8d631961131107263178aeb8019e","name":"Cherif Benyounes","url":"https:\/\/kapitalis.com\/tunisie\/author\/cherif\/"}]}},"_links":{"self":[{"href":"https:\/\/kapitalis.com\/tunisie\/wp-json\/wp\/v2\/posts\/300486","targetHints":{"allow":["GET"]}}],"collection":[{"href":"https:\/\/kapitalis.com\/tunisie\/wp-json\/wp\/v2\/posts"}],"about":[{"href":"https:\/\/kapitalis.com\/tunisie\/wp-json\/wp\/v2\/types\/post"}],"author":[{"embeddable":true,"href":"https:\/\/kapitalis.com\/tunisie\/wp-json\/wp\/v2\/users\/24"}],"replies":[{"embeddable":true,"href":"https:\/\/kapitalis.com\/tunisie\/wp-json\/wp\/v2\/comments?post=300486"}],"version-history":[{"count":0,"href":"https:\/\/kapitalis.com\/tunisie\/wp-json\/wp\/v2\/posts\/300486\/revisions"}],"wp:featuredmedia":[{"embeddable":true,"href":"https:\/\/kapitalis.com\/tunisie\/wp-json\/wp\/v2\/media\/300489"}],"wp:attachment":[{"href":"https:\/\/kapitalis.com\/tunisie\/wp-json\/wp\/v2\/media?parent=300486"}],"wp:term":[{"taxonomy":"category","embeddable":true,"href":"https:\/\/kapitalis.com\/tunisie\/wp-json\/wp\/v2\/categories?post=300486"},{"taxonomy":"post_tag","embeddable":true,"href":"https:\/\/kapitalis.com\/tunisie\/wp-json\/wp\/v2\/tags?post=300486"}],"curies":[{"name":"wp","href":"https:\/\/api.w.org\/{rel}","templated":true}]}}