{"id":300492,"date":"2020-05-25T10:32:45","date_gmt":"2020-05-25T09:32:45","guid":{"rendered":"http:\/\/kapitalis.com\/tunisie\/?p=300492"},"modified":"2020-05-25T10:50:39","modified_gmt":"2020-05-25T09:50:39","slug":"tunisie-le-ministere-de-leducation-met-en-garde-contre-les-seances-de-rattrapage","status":"publish","type":"post","link":"https:\/\/kapitalis.com\/tunisie\/2020\/05\/25\/tunisie-le-ministere-de-leducation-met-en-garde-contre-les-seances-de-rattrapage\/","title":{"rendered":"Tunisie : Le minist\u00e8re de l\u2019Education met en garde contre \u00ables s\u00e9ances de rattrapage\u00bb"},"content":{"rendered":"\n<figure class=\"wp-block-image size-large\"><img decoding=\"async\" src=\"http:\/\/kapitalis.com\/tunisie\/wp-content\/uploads\/2020\/05\/cours-particuliers.jpg\" alt=\"\" class=\"wp-image-300496\"\/><\/figure>\n\n\n\n<p><strong><em>Le directeur g\u00e9n\u00e9ral des affaires juridiques au minist\u00e8re de l\u2019Education, Fethi Z\u00e9ramdini, a fait un appel aupr\u00e8s des parents des \u00e9l\u00e8ves pour qu&rsquo;ils ne r\u00e9pondent pas favorablement aux \u00abappels lanc\u00e9s par certains \u00e9tablissements de l\u2019enseignement priv\u00e9 offrant des s\u00e9ances de rattrapage et des cours particuliers, violant ainsi, les mesures de confinement sanitaire cibl\u00e9\u00bb.<\/em><\/strong><\/p>\n\n\n\n<!--more-->\n\n\n\n<p>Relay\u00e9 par l&rsquo;agence Tunis Afrique presse (Tap), le responsable a sugg\u00e9r\u00e9 aux \u00e9l\u00e8ves qui s&rsquo;appr\u00eatent \u00e0 passer les examens nationaux (de la 6e ann\u00e9e, la 9e ann\u00e9e et du baccalaur\u00e9at) de suivre, plut\u00f4t, les cours de rattrapage et de soutien offerts sur la cha\u00eene de t\u00e9l\u00e9vision \u00e9ducative nationale, ainsi que la plateforme \u00e9ducative num\u00e9rique.<\/p>\n\n\n\n<p>\u00ab<em>La plateforme \u00e9ducative comporte des cours d\u00e9taill\u00e9s, des supports vid\u00e9os et une biblioth\u00e8que \u00e9lectronique h\u00e9bergeant les examens nationaux corrig\u00e9s, durant la p\u00e9riode allant de 1994 \u00e0 2019<\/em>\u00bb, a expliqu\u00e9 M. Z\u00e9ramdini.<\/p>\n\n\n\n<p>Fethi Z\u00e9ramdini a, par ailleurs, fait savoir qu\u2019une plainte a \u00e9t\u00e9 d\u00e9pos\u00e9e par des parents contre des \u00e9tablissements scolaires et centres sp\u00e9cialis\u00e9s ayant propos\u00e9 aux \u00e9l\u00e8ves des cours de rattrapage durant la p\u00e9riode de confinement cibl\u00e9, assurant que le minist\u00e8re de l\u2019Education leur infligera des sanctions administratives pouvant aller jusqu\u2019\u00e0 la suspension de leurs activit\u00e9s.<\/p>\n\n\n\n<p>Notons qu&rsquo;en raison de la propagation du coronavirus, les cours ont \u00e9t\u00e9 suspendus \u00e0 la mi-mars et que pour tous les niveaux de l&rsquo;enseignement primaire, de base et secondaire, l&rsquo;ann\u00e9e scolaire est d\u00e9j\u00e0 finie, sauf pour la 6e ann\u00e9e, la 9e ann\u00e9e et le baccalaur\u00e9at.<\/p>\n\n\n\n<p class=\"has-text-align-right\"><strong>C. B. Y.<\/strong><\/p>\n","protected":false},"excerpt":{"rendered":"<p>Le directeur g\u00e9n\u00e9ral des affaires juridiques au minist\u00e8re de l\u2019Education, Fethi Z\u00e9ramdini, a fait un appel aupr\u00e8s des parents des \u00e9l\u00e8ves pour qu&rsquo;ils ne r\u00e9pondent pas favorablement aux \u00abappels lanc\u00e9s par certains \u00e9tablissements de l\u2019enseignement priv\u00e9 offrant des s\u00e9ances de rattrapage et des cours particuliers, violant ainsi, les mesures de confinement sanitaire cibl\u00e9\u00bb.<\/p>\n","protected":false},"author":24,"featured_media":300496,"comment_status":"open","ping_status":"open","sticky":false,"template":"","format":"standard","meta":{"footnotes":""},"categories":[998,2433],"tags":[79114,5134,79113],"class_list":["post-300492","post","type-post","status-publish","format-standard","has-post-thumbnail","hentry","category-societe","category-tunisie","tag-fethi-zeramdini","tag-ministere-de-leducation","tag-seances-de-rattrapage"],"yoast_head":"<!-- This site is optimized with the Yoast SEO plugin v26.6 - https:\/\/yoast.com\/wordpress\/plugins\/seo\/ -->\n<title>Tunisie : Le minist\u00e8re de l\u2019Education met en garde contre \u00ables s\u00e9ances de rattrapage\u00bb - Kapitalis<\/title>\n<meta name=\"robots\" content=\"index, follow, max-snippet:-1, max-image-preview:large, max-video-preview:-1\" \/>\n<link rel=\"canonical\" href=\"https:\/\/kapitalis.com\/tunisie\/2020\/05\/25\/tunisie-le-ministere-de-leducation-met-en-garde-contre-les-seances-de-rattrapage\/\" \/>\n<meta property=\"og:locale\" content=\"fr_FR\" \/>\n<meta property=\"og:type\" content=\"article\" \/>\n<meta property=\"og:title\" content=\"Tunisie : Le minist\u00e8re de l\u2019Education met en garde contre \u00ables s\u00e9ances de rattrapage\u00bb - Kapitalis\" \/>\n<meta property=\"og:description\" content=\"Le directeur g\u00e9n\u00e9ral des affaires juridiques au minist\u00e8re de l\u2019Education, Fethi Z\u00e9ramdini, a fait un appel aupr\u00e8s des parents des \u00e9l\u00e8ves pour qu&rsquo;ils ne r\u00e9pondent pas favorablement aux \u00abappels lanc\u00e9s par certains \u00e9tablissements de l\u2019enseignement priv\u00e9 offrant des s\u00e9ances de rattrapage et des cours particuliers, violant ainsi, les mesures de confinement sanitaire cibl\u00e9\u00bb.\" \/>\n<meta property=\"og:url\" content=\"https:\/\/kapitalis.com\/tunisie\/2020\/05\/25\/tunisie-le-ministere-de-leducation-met-en-garde-contre-les-seances-de-rattrapage\/\" \/>\n<meta property=\"og:site_name\" content=\"Kapitalis\" \/>\n<meta property=\"article:publisher\" content=\"https:\/\/www.facebook.com\/KapitalisInfo\/\" \/>\n<meta property=\"article:published_time\" content=\"2020-05-25T09:32:45+00:00\" \/>\n<meta property=\"article:modified_time\" content=\"2020-05-25T09:50:39+00:00\" \/>\n<meta property=\"og:image\" content=\"https:\/\/kapitalis.com\/tunisie\/wp-content\/uploads\/2022\/05\/kapitalis-logo-fb.png\" \/>\n\t<meta property=\"og:image:width\" content=\"1200\" \/>\n\t<meta property=\"og:image:height\" content=\"630\" \/>\n\t<meta property=\"og:image:type\" content=\"image\/png\" \/>\n<meta name=\"author\" content=\"Cherif Benyounes\" \/>\n<meta name=\"twitter:card\" content=\"summary_large_image\" \/>\n<meta name=\"twitter:creator\" content=\"@KapitalisInfo\" \/>\n<meta name=\"twitter:site\" content=\"@KapitalisInfo\" \/>\n<meta name=\"twitter:label1\" content=\"\u00c9crit par\" \/>\n\t<meta name=\"twitter:data1\" content=\"Cherif Benyounes\" \/>\n\t<meta name=\"twitter:label2\" content=\"Dur\u00e9e de lecture estim\u00e9e\" \/>\n\t<meta name=\"twitter:data2\" content=\"1 minute\" \/>\n<script type=\"application\/ld+json\" class=\"yoast-schema-graph\">{\"@context\":\"https:\/\/schema.org\",\"@graph\":[{\"@type\":\"Article\",\"@id\":\"https:\/\/kapitalis.com\/tunisie\/2020\/05\/25\/tunisie-le-ministere-de-leducation-met-en-garde-contre-les-seances-de-rattrapage\/#article\",\"isPartOf\":{\"@id\":\"https:\/\/kapitalis.com\/tunisie\/2020\/05\/25\/tunisie-le-ministere-de-leducation-met-en-garde-contre-les-seances-de-rattrapage\/\"},\"author\":{\"name\":\"Cherif Benyounes\",\"@id\":\"https:\/\/kapitalis.com\/tunisie\/#\/schema\/person\/b35b8d631961131107263178aeb8019e\"},\"headline\":\"Tunisie : Le minist\u00e8re de l\u2019Education met en garde contre \u00ables s\u00e9ances de rattrapage\u00bb\",\"datePublished\":\"2020-05-25T09:32:45+00:00\",\"dateModified\":\"2020-05-25T09:50:39+00:00\",\"mainEntityOfPage\":{\"@id\":\"https:\/\/kapitalis.com\/tunisie\/2020\/05\/25\/tunisie-le-ministere-de-leducation-met-en-garde-contre-les-seances-de-rattrapage\/\"},\"wordCount\":298,\"commentCount\":1,\"publisher\":{\"@id\":\"https:\/\/kapitalis.com\/tunisie\/#organization\"},\"image\":{\"@id\":\"https:\/\/kapitalis.com\/tunisie\/2020\/05\/25\/tunisie-le-ministere-de-leducation-met-en-garde-contre-les-seances-de-rattrapage\/#primaryimage\"},\"thumbnailUrl\":\"\",\"keywords\":[\"Fethi Z\u00e9ramdini\",\"minist\u00e8re de l'Education\",\"s\u00e9ances de rattrapage\"],\"articleSection\":[\"SOCIETE\",\"Tunisie\"],\"inLanguage\":\"fr-FR\",\"potentialAction\":[{\"@type\":\"CommentAction\",\"name\":\"Comment\",\"target\":[\"https:\/\/kapitalis.com\/tunisie\/2020\/05\/25\/tunisie-le-ministere-de-leducation-met-en-garde-contre-les-seances-de-rattrapage\/#respond\"]}]},{\"@type\":\"WebPage\",\"@id\":\"https:\/\/kapitalis.com\/tunisie\/2020\/05\/25\/tunisie-le-ministere-de-leducation-met-en-garde-contre-les-seances-de-rattrapage\/\",\"url\":\"https:\/\/kapitalis.com\/tunisie\/2020\/05\/25\/tunisie-le-ministere-de-leducation-met-en-garde-contre-les-seances-de-rattrapage\/\",\"name\":\"Tunisie : Le minist\u00e8re de l\u2019Education met en garde contre \u00ables s\u00e9ances de rattrapage\u00bb - Kapitalis\",\"isPartOf\":{\"@id\":\"https:\/\/kapitalis.com\/tunisie\/#website\"},\"primaryImageOfPage\":{\"@id\":\"https:\/\/kapitalis.com\/tunisie\/2020\/05\/25\/tunisie-le-ministere-de-leducation-met-en-garde-contre-les-seances-de-rattrapage\/#primaryimage\"},\"image\":{\"@id\":\"https:\/\/kapitalis.com\/tunisie\/2020\/05\/25\/tunisie-le-ministere-de-leducation-met-en-garde-contre-les-seances-de-rattrapage\/#primaryimage\"},\"thumbnailUrl\":\"\",\"datePublished\":\"2020-05-25T09:32:45+00:00\",\"dateModified\":\"2020-05-25T09:50:39+00:00\",\"breadcrumb\":{\"@id\":\"https:\/\/kapitalis.com\/tunisie\/2020\/05\/25\/tunisie-le-ministere-de-leducation-met-en-garde-contre-les-seances-de-rattrapage\/#breadcrumb\"},\"inLanguage\":\"fr-FR\",\"potentialAction\":[{\"@type\":\"ReadAction\",\"target\":[\"https:\/\/kapitalis.com\/tunisie\/2020\/05\/25\/tunisie-le-ministere-de-leducation-met-en-garde-contre-les-seances-de-rattrapage\/\"]}]},{\"@type\":\"ImageObject\",\"inLanguage\":\"fr-FR\",\"@id\":\"https:\/\/kapitalis.com\/tunisie\/2020\/05\/25\/tunisie-le-ministere-de-leducation-met-en-garde-contre-les-seances-de-rattrapage\/#primaryimage\",\"url\":\"\",\"contentUrl\":\"\"},{\"@type\":\"BreadcrumbList\",\"@id\":\"https:\/\/kapitalis.com\/tunisie\/2020\/05\/25\/tunisie-le-ministere-de-leducation-met-en-garde-contre-les-seances-de-rattrapage\/#breadcrumb\",\"itemListElement\":[{\"@type\":\"ListItem\",\"position\":1,\"name\":\"Accueil\",\"item\":\"https:\/\/kapitalis.com\/tunisie\/\"},{\"@type\":\"ListItem\",\"position\":2,\"name\":\"Tunisie : Le minist\u00e8re de l\u2019Education met en garde contre \u00ables s\u00e9ances de rattrapage\u00bb\"}]},{\"@type\":\"WebSite\",\"@id\":\"https:\/\/kapitalis.com\/tunisie\/#website\",\"url\":\"https:\/\/kapitalis.com\/tunisie\/\",\"name\":\"Kapitalis\",\"description\":\"L&#039;actualit\u00e9 en Tunisie et dans le monde\",\"publisher\":{\"@id\":\"https:\/\/kapitalis.com\/tunisie\/#organization\"},\"potentialAction\":[{\"@type\":\"SearchAction\",\"target\":{\"@type\":\"EntryPoint\",\"urlTemplate\":\"https:\/\/kapitalis.com\/tunisie\/?s={search_term_string}\"},\"query-input\":{\"@type\":\"PropertyValueSpecification\",\"valueRequired\":true,\"valueName\":\"search_term_string\"}}],\"inLanguage\":\"fr-FR\"},{\"@type\":\"Organization\",\"@id\":\"https:\/\/kapitalis.com\/tunisie\/#organization\",\"name\":\"Kapitalis\",\"url\":\"https:\/\/kapitalis.com\/tunisie\/\",\"logo\":{\"@type\":\"ImageObject\",\"inLanguage\":\"fr-FR\",\"@id\":\"https:\/\/kapitalis.com\/tunisie\/#\/schema\/logo\/image\/\",\"url\":\"https:\/\/kapitalis.com\/tunisie\/wp-content\/uploads\/2022\/05\/Kapitalis-big-size.png\",\"contentUrl\":\"https:\/\/kapitalis.com\/tunisie\/wp-content\/uploads\/2022\/05\/Kapitalis-big-size.png\",\"width\":5000,\"height\":1500,\"caption\":\"Kapitalis\"},\"image\":{\"@id\":\"https:\/\/kapitalis.com\/tunisie\/#\/schema\/logo\/image\/\"},\"sameAs\":[\"https:\/\/www.facebook.com\/KapitalisInfo\/\",\"https:\/\/x.com\/KapitalisInfo\",\"https:\/\/www.youtube.com\/channel\/UC-yDYrHyfFBWWZaOw3FPg9Q\"]},{\"@type\":\"Person\",\"@id\":\"https:\/\/kapitalis.com\/tunisie\/#\/schema\/person\/b35b8d631961131107263178aeb8019e\",\"name\":\"Cherif Benyounes\",\"url\":\"https:\/\/kapitalis.com\/tunisie\/author\/cherif\/\"}]}<\/script>\n<!-- \/ Yoast SEO plugin. -->","yoast_head_json":{"title":"Tunisie : Le minist\u00e8re de l\u2019Education met en garde contre \u00ables s\u00e9ances de rattrapage\u00bb - Kapitalis","robots":{"index":"index","follow":"follow","max-snippet":"max-snippet:-1","max-image-preview":"max-image-preview:large","max-video-preview":"max-video-preview:-1"},"canonical":"https:\/\/kapitalis.com\/tunisie\/2020\/05\/25\/tunisie-le-ministere-de-leducation-met-en-garde-contre-les-seances-de-rattrapage\/","og_locale":"fr_FR","og_type":"article","og_title":"Tunisie : Le minist\u00e8re de l\u2019Education met en garde contre \u00ables s\u00e9ances de rattrapage\u00bb - Kapitalis","og_description":"Le directeur g\u00e9n\u00e9ral des affaires juridiques au minist\u00e8re de l\u2019Education, Fethi Z\u00e9ramdini, a fait un appel aupr\u00e8s des parents des \u00e9l\u00e8ves pour qu&rsquo;ils ne r\u00e9pondent pas favorablement aux \u00abappels lanc\u00e9s par certains \u00e9tablissements de l\u2019enseignement priv\u00e9 offrant des s\u00e9ances de rattrapage et des cours particuliers, violant ainsi, les mesures de confinement sanitaire cibl\u00e9\u00bb.","og_url":"https:\/\/kapitalis.com\/tunisie\/2020\/05\/25\/tunisie-le-ministere-de-leducation-met-en-garde-contre-les-seances-de-rattrapage\/","og_site_name":"Kapitalis","article_publisher":"https:\/\/www.facebook.com\/KapitalisInfo\/","article_published_time":"2020-05-25T09:32:45+00:00","article_modified_time":"2020-05-25T09:50:39+00:00","og_image":[{"width":1200,"height":630,"url":"https:\/\/kapitalis.com\/tunisie\/wp-content\/uploads\/2022\/05\/kapitalis-logo-fb.png","type":"image\/png"}],"author":"Cherif Benyounes","twitter_card":"summary_large_image","twitter_creator":"@KapitalisInfo","twitter_site":"@KapitalisInfo","twitter_misc":{"\u00c9crit par":"Cherif Benyounes","Dur\u00e9e de lecture estim\u00e9e":"1 minute"},"schema":{"@context":"https:\/\/schema.org","@graph":[{"@type":"Article","@id":"https:\/\/kapitalis.com\/tunisie\/2020\/05\/25\/tunisie-le-ministere-de-leducation-met-en-garde-contre-les-seances-de-rattrapage\/#article","isPartOf":{"@id":"https:\/\/kapitalis.com\/tunisie\/2020\/05\/25\/tunisie-le-ministere-de-leducation-met-en-garde-contre-les-seances-de-rattrapage\/"},"author":{"name":"Cherif Benyounes","@id":"https:\/\/kapitalis.com\/tunisie\/#\/schema\/person\/b35b8d631961131107263178aeb8019e"},"headline":"Tunisie : Le minist\u00e8re de l\u2019Education met en garde contre \u00ables s\u00e9ances de rattrapage\u00bb","datePublished":"2020-05-25T09:32:45+00:00","dateModified":"2020-05-25T09:50:39+00:00","mainEntityOfPage":{"@id":"https:\/\/kapitalis.com\/tunisie\/2020\/05\/25\/tunisie-le-ministere-de-leducation-met-en-garde-contre-les-seances-de-rattrapage\/"},"wordCount":298,"commentCount":1,"publisher":{"@id":"https:\/\/kapitalis.com\/tunisie\/#organization"},"image":{"@id":"https:\/\/kapitalis.com\/tunisie\/2020\/05\/25\/tunisie-le-ministere-de-leducation-met-en-garde-contre-les-seances-de-rattrapage\/#primaryimage"},"thumbnailUrl":"","keywords":["Fethi Z\u00e9ramdini","minist\u00e8re de l'Education","s\u00e9ances de rattrapage"],"articleSection":["SOCIETE","Tunisie"],"inLanguage":"fr-FR","potentialAction":[{"@type":"CommentAction","name":"Comment","target":["https:\/\/kapitalis.com\/tunisie\/2020\/05\/25\/tunisie-le-ministere-de-leducation-met-en-garde-contre-les-seances-de-rattrapage\/#respond"]}]},{"@type":"WebPage","@id":"https:\/\/kapitalis.com\/tunisie\/2020\/05\/25\/tunisie-le-ministere-de-leducation-met-en-garde-contre-les-seances-de-rattrapage\/","url":"https:\/\/kapitalis.com\/tunisie\/2020\/05\/25\/tunisie-le-ministere-de-leducation-met-en-garde-contre-les-seances-de-rattrapage\/","name":"Tunisie : Le minist\u00e8re de l\u2019Education met en garde contre \u00ables s\u00e9ances de rattrapage\u00bb - Kapitalis","isPartOf":{"@id":"https:\/\/kapitalis.com\/tunisie\/#website"},"primaryImageOfPage":{"@id":"https:\/\/kapitalis.com\/tunisie\/2020\/05\/25\/tunisie-le-ministere-de-leducation-met-en-garde-contre-les-seances-de-rattrapage\/#primaryimage"},"image":{"@id":"https:\/\/kapitalis.com\/tunisie\/2020\/05\/25\/tunisie-le-ministere-de-leducation-met-en-garde-contre-les-seances-de-rattrapage\/#primaryimage"},"thumbnailUrl":"","datePublished":"2020-05-25T09:32:45+00:00","dateModified":"2020-05-25T09:50:39+00:00","breadcrumb":{"@id":"https:\/\/kapitalis.com\/tunisie\/2020\/05\/25\/tunisie-le-ministere-de-leducation-met-en-garde-contre-les-seances-de-rattrapage\/#breadcrumb"},"inLanguage":"fr-FR","potentialAction":[{"@type":"ReadAction","target":["https:\/\/kapitalis.com\/tunisie\/2020\/05\/25\/tunisie-le-ministere-de-leducation-met-en-garde-contre-les-seances-de-rattrapage\/"]}]},{"@type":"ImageObject","inLanguage":"fr-FR","@id":"https:\/\/kapitalis.com\/tunisie\/2020\/05\/25\/tunisie-le-ministere-de-leducation-met-en-garde-contre-les-seances-de-rattrapage\/#primaryimage","url":"","contentUrl":""},{"@type":"BreadcrumbList","@id":"https:\/\/kapitalis.com\/tunisie\/2020\/05\/25\/tunisie-le-ministere-de-leducation-met-en-garde-contre-les-seances-de-rattrapage\/#breadcrumb","itemListElement":[{"@type":"ListItem","position":1,"name":"Accueil","item":"https:\/\/kapitalis.com\/tunisie\/"},{"@type":"ListItem","position":2,"name":"Tunisie : Le minist\u00e8re de l\u2019Education met en garde contre \u00ables s\u00e9ances de rattrapage\u00bb"}]},{"@type":"WebSite","@id":"https:\/\/kapitalis.com\/tunisie\/#website","url":"https:\/\/kapitalis.com\/tunisie\/","name":"Kapitalis","description":"L&#039;actualit\u00e9 en Tunisie et dans le monde","publisher":{"@id":"https:\/\/kapitalis.com\/tunisie\/#organization"},"potentialAction":[{"@type":"SearchAction","target":{"@type":"EntryPoint","urlTemplate":"https:\/\/kapitalis.com\/tunisie\/?s={search_term_string}"},"query-input":{"@type":"PropertyValueSpecification","valueRequired":true,"valueName":"search_term_string"}}],"inLanguage":"fr-FR"},{"@type":"Organization","@id":"https:\/\/kapitalis.com\/tunisie\/#organization","name":"Kapitalis","url":"https:\/\/kapitalis.com\/tunisie\/","logo":{"@type":"ImageObject","inLanguage":"fr-FR","@id":"https:\/\/kapitalis.com\/tunisie\/#\/schema\/logo\/image\/","url":"https:\/\/kapitalis.com\/tunisie\/wp-content\/uploads\/2022\/05\/Kapitalis-big-size.png","contentUrl":"https:\/\/kapitalis.com\/tunisie\/wp-content\/uploads\/2022\/05\/Kapitalis-big-size.png","width":5000,"height":1500,"caption":"Kapitalis"},"image":{"@id":"https:\/\/kapitalis.com\/tunisie\/#\/schema\/logo\/image\/"},"sameAs":["https:\/\/www.facebook.com\/KapitalisInfo\/","https:\/\/x.com\/KapitalisInfo","https:\/\/www.youtube.com\/channel\/UC-yDYrHyfFBWWZaOw3FPg9Q"]},{"@type":"Person","@id":"https:\/\/kapitalis.com\/tunisie\/#\/schema\/person\/b35b8d631961131107263178aeb8019e","name":"Cherif Benyounes","url":"https:\/\/kapitalis.com\/tunisie\/author\/cherif\/"}]}},"_links":{"self":[{"href":"https:\/\/kapitalis.com\/tunisie\/wp-json\/wp\/v2\/posts\/300492","targetHints":{"allow":["GET"]}}],"collection":[{"href":"https:\/\/kapitalis.com\/tunisie\/wp-json\/wp\/v2\/posts"}],"about":[{"href":"https:\/\/kapitalis.com\/tunisie\/wp-json\/wp\/v2\/types\/post"}],"author":[{"embeddable":true,"href":"https:\/\/kapitalis.com\/tunisie\/wp-json\/wp\/v2\/users\/24"}],"replies":[{"embeddable":true,"href":"https:\/\/kapitalis.com\/tunisie\/wp-json\/wp\/v2\/comments?post=300492"}],"version-history":[{"count":0,"href":"https:\/\/kapitalis.com\/tunisie\/wp-json\/wp\/v2\/posts\/300492\/revisions"}],"wp:featuredmedia":[{"embeddable":true,"href":"https:\/\/kapitalis.com\/tunisie\/wp-json\/wp\/v2\/media\/300496"}],"wp:attachment":[{"href":"https:\/\/kapitalis.com\/tunisie\/wp-json\/wp\/v2\/media?parent=300492"}],"wp:term":[{"taxonomy":"category","embeddable":true,"href":"https:\/\/kapitalis.com\/tunisie\/wp-json\/wp\/v2\/categories?post=300492"},{"taxonomy":"post_tag","embeddable":true,"href":"https:\/\/kapitalis.com\/tunisie\/wp-json\/wp\/v2\/tags?post=300492"}],"curies":[{"name":"wp","href":"https:\/\/api.w.org\/{rel}","templated":true}]}}