{"id":300694,"date":"2020-05-26T13:54:57","date_gmt":"2020-05-26T12:54:57","guid":{"rendered":"http:\/\/kapitalis.com\/tunisie\/?p=300694"},"modified":"2020-05-26T14:45:10","modified_gmt":"2020-05-26T13:45:10","slug":"tunisie-abdelfatteh-mourou-se-retire-definitivement-de-la-vie-politique","status":"publish","type":"post","link":"https:\/\/kapitalis.com\/tunisie\/2020\/05\/26\/tunisie-abdelfatteh-mourou-se-retire-definitivement-de-la-vie-politique\/","title":{"rendered":"Tunisie : Abdelfattah Mourou se retire d\u00e9finitivement de la vie politique"},"content":{"rendered":"\n<figure class=\"wp-block-image size-large\"><img decoding=\"async\" src=\"http:\/\/kapitalis.com\/tunisie\/wp-content\/uploads\/2019\/09\/Abdelfatteh-Mourou....jpg\" alt=\"\" class=\"wp-image-238164\"\/><\/figure>\n\n\n\n<p><em><strong>Abdelfattah Mourou, co-fondateur et ancien vice-pr\u00e9sident du parti islamiste, Ennahdha, a annonc\u00e9, en ce d\u00e9but de semaine, qu&rsquo;il a d\u00e9cid\u00e9 de se retirer d\u00e9finitivement de la vie politique, indiquant qu&rsquo;il demeurera engag\u00e9 par rapport aux affaires d&rsquo;int\u00e9r\u00eat g\u00e9n\u00e9ral.<\/strong><\/em><\/p>\n\n\n\n<!--more-->\n\n\n\n<p>Intervenu ce mardi 26 mai 2020 sur les ondes de Mosa\u00efque FM, Mourou a pr\u00e9cis\u00e9 que sa retraite n&rsquo;est pas motiv\u00e9e par ses conflits avec certains dirigeants de son mouvement, assurant qu&rsquo;\u00e0 l&rsquo;\u00e2ge de 72 ans, il estime qu&rsquo;il n&rsquo;a plus de place dans le paysage politique actuel, d&rsquo;autant plus que les Tunisiens n&rsquo;ont pas fait confiance \u00e0 son projet, a-t-il ajout\u00e9, faisant allusion \u00e0 son \u00e9chec lors de l&rsquo;\u00e9lection pr\u00e9sidentielle de 2019.<\/p>\n\n\n\n<p>Rappelons que l&rsquo;avocat a notamment \u00e9t\u00e9, au cours de sa carri\u00e8re politique, premier vice-pr\u00e9sident, puis pr\u00e9sident par int\u00e9rim, de l&rsquo;Assembl\u00e9e des repr\u00e9sentants du peuple (ARP) lors de la mandature pr\u00e9c\u00e9dente (2014 &#8211; 2019).<\/p>\n\n\n\n<p>Mourou, l&rsquo;une des personnalit\u00e9s politiques les plus populaires chez Ennahdha, a souvent \u00e9t\u00e9 ind\u00e9sirable dans son parti, notamment du fait de ses conflits \u00e0 r\u00e9p\u00e9tition avec le pr\u00e9sident et leader embl\u00e9matique du mouvement, Rached Ghannouchi, ainsi de ses sorties m\u00e9diatiques peu conformistes et assez critiques \u00e0 l&rsquo;\u00e9gard de ce dernier et de la politique de son parti.<\/p>\n\n\n\n<p class=\"has-text-align-right\"><strong>C. B. Y.<\/strong><\/p>\n","protected":false},"excerpt":{"rendered":"<p>Abdelfattah Mourou, co-fondateur et ancien vice-pr\u00e9sident du parti islamiste, Ennahdha, a annonc\u00e9, en ce d\u00e9but de semaine, qu&rsquo;il a d\u00e9cid\u00e9 de se retirer d\u00e9finitivement de la vie politique, indiquant qu&rsquo;il demeurera engag\u00e9 par rapport aux affaires d&rsquo;int\u00e9r\u00eat g\u00e9n\u00e9ral.<\/p>\n","protected":false},"author":24,"featured_media":0,"comment_status":"open","ping_status":"open","sticky":false,"template":"","format":"standard","meta":{"footnotes":""},"categories":[997,2433],"tags":[79152,49543,758],"class_list":["post-300694","post","type-post","status-publish","format-standard","hentry","category-politique","category-tunisie","tag-abdelfatteh-mourou","tag-ennahdha","tag-rached-ghannouchi"],"yoast_head":"<!-- This site is optimized with the Yoast SEO plugin v26.6 - https:\/\/yoast.com\/wordpress\/plugins\/seo\/ -->\n<title>Tunisie : Abdelfattah Mourou se retire d\u00e9finitivement de la vie politique - Kapitalis<\/title>\n<meta name=\"robots\" content=\"index, follow, max-snippet:-1, max-image-preview:large, max-video-preview:-1\" \/>\n<link rel=\"canonical\" href=\"https:\/\/kapitalis.com\/tunisie\/2020\/05\/26\/tunisie-abdelfatteh-mourou-se-retire-definitivement-de-la-vie-politique\/\" \/>\n<meta property=\"og:locale\" content=\"fr_FR\" \/>\n<meta property=\"og:type\" content=\"article\" \/>\n<meta property=\"og:title\" content=\"Tunisie : Abdelfattah Mourou se retire d\u00e9finitivement de la vie politique - Kapitalis\" \/>\n<meta property=\"og:description\" content=\"Abdelfattah Mourou, co-fondateur et ancien vice-pr\u00e9sident du parti islamiste, Ennahdha, a annonc\u00e9, en ce d\u00e9but de semaine, qu&rsquo;il a d\u00e9cid\u00e9 de se retirer d\u00e9finitivement de la vie politique, indiquant qu&rsquo;il demeurera engag\u00e9 par rapport aux affaires d&rsquo;int\u00e9r\u00eat g\u00e9n\u00e9ral.\" \/>\n<meta property=\"og:url\" content=\"https:\/\/kapitalis.com\/tunisie\/2020\/05\/26\/tunisie-abdelfatteh-mourou-se-retire-definitivement-de-la-vie-politique\/\" \/>\n<meta property=\"og:site_name\" content=\"Kapitalis\" \/>\n<meta property=\"article:publisher\" content=\"https:\/\/www.facebook.com\/KapitalisInfo\/\" \/>\n<meta property=\"article:published_time\" content=\"2020-05-26T12:54:57+00:00\" \/>\n<meta property=\"article:modified_time\" content=\"2020-05-26T13:45:10+00:00\" \/>\n<meta property=\"og:image\" content=\"http:\/\/kapitalis.com\/tunisie\/wp-content\/uploads\/2019\/09\/Abdelfatteh-Mourou....jpg\" \/>\n<meta name=\"author\" content=\"Cherif Benyounes\" \/>\n<meta name=\"twitter:card\" content=\"summary_large_image\" \/>\n<meta name=\"twitter:creator\" content=\"@KapitalisInfo\" \/>\n<meta name=\"twitter:site\" content=\"@KapitalisInfo\" \/>\n<meta name=\"twitter:label1\" content=\"\u00c9crit par\" \/>\n\t<meta name=\"twitter:data1\" content=\"Cherif Benyounes\" \/>\n\t<meta name=\"twitter:label2\" content=\"Dur\u00e9e de lecture estim\u00e9e\" \/>\n\t<meta name=\"twitter:data2\" content=\"1 minute\" \/>\n<script type=\"application\/ld+json\" class=\"yoast-schema-graph\">{\"@context\":\"https:\/\/schema.org\",\"@graph\":[{\"@type\":\"Article\",\"@id\":\"https:\/\/kapitalis.com\/tunisie\/2020\/05\/26\/tunisie-abdelfatteh-mourou-se-retire-definitivement-de-la-vie-politique\/#article\",\"isPartOf\":{\"@id\":\"https:\/\/kapitalis.com\/tunisie\/2020\/05\/26\/tunisie-abdelfatteh-mourou-se-retire-definitivement-de-la-vie-politique\/\"},\"author\":{\"name\":\"Cherif Benyounes\",\"@id\":\"https:\/\/kapitalis.com\/tunisie\/#\/schema\/person\/b35b8d631961131107263178aeb8019e\"},\"headline\":\"Tunisie : Abdelfattah Mourou se retire d\u00e9finitivement de la vie politique\",\"datePublished\":\"2020-05-26T12:54:57+00:00\",\"dateModified\":\"2020-05-26T13:45:10+00:00\",\"mainEntityOfPage\":{\"@id\":\"https:\/\/kapitalis.com\/tunisie\/2020\/05\/26\/tunisie-abdelfatteh-mourou-se-retire-definitivement-de-la-vie-politique\/\"},\"wordCount\":235,\"commentCount\":7,\"publisher\":{\"@id\":\"https:\/\/kapitalis.com\/tunisie\/#organization\"},\"image\":{\"@id\":\"https:\/\/kapitalis.com\/tunisie\/2020\/05\/26\/tunisie-abdelfatteh-mourou-se-retire-definitivement-de-la-vie-politique\/#primaryimage\"},\"thumbnailUrl\":\"http:\/\/kapitalis.com\/tunisie\/wp-content\/uploads\/2019\/09\/Abdelfatteh-Mourou....jpg\",\"keywords\":[\"Abdelfatteh mourou\",\"Ennahdha\",\"Rached Ghannouchi\"],\"articleSection\":[\"POLITIQUE\",\"Tunisie\"],\"inLanguage\":\"fr-FR\",\"potentialAction\":[{\"@type\":\"CommentAction\",\"name\":\"Comment\",\"target\":[\"https:\/\/kapitalis.com\/tunisie\/2020\/05\/26\/tunisie-abdelfatteh-mourou-se-retire-definitivement-de-la-vie-politique\/#respond\"]}]},{\"@type\":\"WebPage\",\"@id\":\"https:\/\/kapitalis.com\/tunisie\/2020\/05\/26\/tunisie-abdelfatteh-mourou-se-retire-definitivement-de-la-vie-politique\/\",\"url\":\"https:\/\/kapitalis.com\/tunisie\/2020\/05\/26\/tunisie-abdelfatteh-mourou-se-retire-definitivement-de-la-vie-politique\/\",\"name\":\"Tunisie : Abdelfattah Mourou se retire d\u00e9finitivement de la vie politique - Kapitalis\",\"isPartOf\":{\"@id\":\"https:\/\/kapitalis.com\/tunisie\/#website\"},\"primaryImageOfPage\":{\"@id\":\"https:\/\/kapitalis.com\/tunisie\/2020\/05\/26\/tunisie-abdelfatteh-mourou-se-retire-definitivement-de-la-vie-politique\/#primaryimage\"},\"image\":{\"@id\":\"https:\/\/kapitalis.com\/tunisie\/2020\/05\/26\/tunisie-abdelfatteh-mourou-se-retire-definitivement-de-la-vie-politique\/#primaryimage\"},\"thumbnailUrl\":\"http:\/\/kapitalis.com\/tunisie\/wp-content\/uploads\/2019\/09\/Abdelfatteh-Mourou....jpg\",\"datePublished\":\"2020-05-26T12:54:57+00:00\",\"dateModified\":\"2020-05-26T13:45:10+00:00\",\"breadcrumb\":{\"@id\":\"https:\/\/kapitalis.com\/tunisie\/2020\/05\/26\/tunisie-abdelfatteh-mourou-se-retire-definitivement-de-la-vie-politique\/#breadcrumb\"},\"inLanguage\":\"fr-FR\",\"potentialAction\":[{\"@type\":\"ReadAction\",\"target\":[\"https:\/\/kapitalis.com\/tunisie\/2020\/05\/26\/tunisie-abdelfatteh-mourou-se-retire-definitivement-de-la-vie-politique\/\"]}]},{\"@type\":\"ImageObject\",\"inLanguage\":\"fr-FR\",\"@id\":\"https:\/\/kapitalis.com\/tunisie\/2020\/05\/26\/tunisie-abdelfatteh-mourou-se-retire-definitivement-de-la-vie-politique\/#primaryimage\",\"url\":\"\",\"contentUrl\":\"\"},{\"@type\":\"BreadcrumbList\",\"@id\":\"https:\/\/kapitalis.com\/tunisie\/2020\/05\/26\/tunisie-abdelfatteh-mourou-se-retire-definitivement-de-la-vie-politique\/#breadcrumb\",\"itemListElement\":[{\"@type\":\"ListItem\",\"position\":1,\"name\":\"Accueil\",\"item\":\"https:\/\/kapitalis.com\/tunisie\/\"},{\"@type\":\"ListItem\",\"position\":2,\"name\":\"Tunisie : Abdelfattah Mourou se retire d\u00e9finitivement de la vie politique\"}]},{\"@type\":\"WebSite\",\"@id\":\"https:\/\/kapitalis.com\/tunisie\/#website\",\"url\":\"https:\/\/kapitalis.com\/tunisie\/\",\"name\":\"Kapitalis\",\"description\":\"L&#039;actualit\u00e9 en Tunisie et dans le monde\",\"publisher\":{\"@id\":\"https:\/\/kapitalis.com\/tunisie\/#organization\"},\"potentialAction\":[{\"@type\":\"SearchAction\",\"target\":{\"@type\":\"EntryPoint\",\"urlTemplate\":\"https:\/\/kapitalis.com\/tunisie\/?s={search_term_string}\"},\"query-input\":{\"@type\":\"PropertyValueSpecification\",\"valueRequired\":true,\"valueName\":\"search_term_string\"}}],\"inLanguage\":\"fr-FR\"},{\"@type\":\"Organization\",\"@id\":\"https:\/\/kapitalis.com\/tunisie\/#organization\",\"name\":\"Kapitalis\",\"url\":\"https:\/\/kapitalis.com\/tunisie\/\",\"logo\":{\"@type\":\"ImageObject\",\"inLanguage\":\"fr-FR\",\"@id\":\"https:\/\/kapitalis.com\/tunisie\/#\/schema\/logo\/image\/\",\"url\":\"https:\/\/kapitalis.com\/tunisie\/wp-content\/uploads\/2022\/05\/Kapitalis-big-size.png\",\"contentUrl\":\"https:\/\/kapitalis.com\/tunisie\/wp-content\/uploads\/2022\/05\/Kapitalis-big-size.png\",\"width\":5000,\"height\":1500,\"caption\":\"Kapitalis\"},\"image\":{\"@id\":\"https:\/\/kapitalis.com\/tunisie\/#\/schema\/logo\/image\/\"},\"sameAs\":[\"https:\/\/www.facebook.com\/KapitalisInfo\/\",\"https:\/\/x.com\/KapitalisInfo\",\"https:\/\/www.youtube.com\/channel\/UC-yDYrHyfFBWWZaOw3FPg9Q\"]},{\"@type\":\"Person\",\"@id\":\"https:\/\/kapitalis.com\/tunisie\/#\/schema\/person\/b35b8d631961131107263178aeb8019e\",\"name\":\"Cherif Benyounes\",\"url\":\"https:\/\/kapitalis.com\/tunisie\/author\/cherif\/\"}]}<\/script>\n<!-- \/ Yoast SEO plugin. -->","yoast_head_json":{"title":"Tunisie : Abdelfattah Mourou se retire d\u00e9finitivement de la vie politique - Kapitalis","robots":{"index":"index","follow":"follow","max-snippet":"max-snippet:-1","max-image-preview":"max-image-preview:large","max-video-preview":"max-video-preview:-1"},"canonical":"https:\/\/kapitalis.com\/tunisie\/2020\/05\/26\/tunisie-abdelfatteh-mourou-se-retire-definitivement-de-la-vie-politique\/","og_locale":"fr_FR","og_type":"article","og_title":"Tunisie : Abdelfattah Mourou se retire d\u00e9finitivement de la vie politique - Kapitalis","og_description":"Abdelfattah Mourou, co-fondateur et ancien vice-pr\u00e9sident du parti islamiste, Ennahdha, a annonc\u00e9, en ce d\u00e9but de semaine, qu&rsquo;il a d\u00e9cid\u00e9 de se retirer d\u00e9finitivement de la vie politique, indiquant qu&rsquo;il demeurera engag\u00e9 par rapport aux affaires d&rsquo;int\u00e9r\u00eat g\u00e9n\u00e9ral.","og_url":"https:\/\/kapitalis.com\/tunisie\/2020\/05\/26\/tunisie-abdelfatteh-mourou-se-retire-definitivement-de-la-vie-politique\/","og_site_name":"Kapitalis","article_publisher":"https:\/\/www.facebook.com\/KapitalisInfo\/","article_published_time":"2020-05-26T12:54:57+00:00","article_modified_time":"2020-05-26T13:45:10+00:00","og_image":[{"url":"http:\/\/kapitalis.com\/tunisie\/wp-content\/uploads\/2019\/09\/Abdelfatteh-Mourou....jpg","type":"","width":"","height":""}],"author":"Cherif Benyounes","twitter_card":"summary_large_image","twitter_creator":"@KapitalisInfo","twitter_site":"@KapitalisInfo","twitter_misc":{"\u00c9crit par":"Cherif Benyounes","Dur\u00e9e de lecture estim\u00e9e":"1 minute"},"schema":{"@context":"https:\/\/schema.org","@graph":[{"@type":"Article","@id":"https:\/\/kapitalis.com\/tunisie\/2020\/05\/26\/tunisie-abdelfatteh-mourou-se-retire-definitivement-de-la-vie-politique\/#article","isPartOf":{"@id":"https:\/\/kapitalis.com\/tunisie\/2020\/05\/26\/tunisie-abdelfatteh-mourou-se-retire-definitivement-de-la-vie-politique\/"},"author":{"name":"Cherif Benyounes","@id":"https:\/\/kapitalis.com\/tunisie\/#\/schema\/person\/b35b8d631961131107263178aeb8019e"},"headline":"Tunisie : Abdelfattah Mourou se retire d\u00e9finitivement de la vie politique","datePublished":"2020-05-26T12:54:57+00:00","dateModified":"2020-05-26T13:45:10+00:00","mainEntityOfPage":{"@id":"https:\/\/kapitalis.com\/tunisie\/2020\/05\/26\/tunisie-abdelfatteh-mourou-se-retire-definitivement-de-la-vie-politique\/"},"wordCount":235,"commentCount":7,"publisher":{"@id":"https:\/\/kapitalis.com\/tunisie\/#organization"},"image":{"@id":"https:\/\/kapitalis.com\/tunisie\/2020\/05\/26\/tunisie-abdelfatteh-mourou-se-retire-definitivement-de-la-vie-politique\/#primaryimage"},"thumbnailUrl":"http:\/\/kapitalis.com\/tunisie\/wp-content\/uploads\/2019\/09\/Abdelfatteh-Mourou....jpg","keywords":["Abdelfatteh mourou","Ennahdha","Rached Ghannouchi"],"articleSection":["POLITIQUE","Tunisie"],"inLanguage":"fr-FR","potentialAction":[{"@type":"CommentAction","name":"Comment","target":["https:\/\/kapitalis.com\/tunisie\/2020\/05\/26\/tunisie-abdelfatteh-mourou-se-retire-definitivement-de-la-vie-politique\/#respond"]}]},{"@type":"WebPage","@id":"https:\/\/kapitalis.com\/tunisie\/2020\/05\/26\/tunisie-abdelfatteh-mourou-se-retire-definitivement-de-la-vie-politique\/","url":"https:\/\/kapitalis.com\/tunisie\/2020\/05\/26\/tunisie-abdelfatteh-mourou-se-retire-definitivement-de-la-vie-politique\/","name":"Tunisie : Abdelfattah Mourou se retire d\u00e9finitivement de la vie politique - Kapitalis","isPartOf":{"@id":"https:\/\/kapitalis.com\/tunisie\/#website"},"primaryImageOfPage":{"@id":"https:\/\/kapitalis.com\/tunisie\/2020\/05\/26\/tunisie-abdelfatteh-mourou-se-retire-definitivement-de-la-vie-politique\/#primaryimage"},"image":{"@id":"https:\/\/kapitalis.com\/tunisie\/2020\/05\/26\/tunisie-abdelfatteh-mourou-se-retire-definitivement-de-la-vie-politique\/#primaryimage"},"thumbnailUrl":"http:\/\/kapitalis.com\/tunisie\/wp-content\/uploads\/2019\/09\/Abdelfatteh-Mourou....jpg","datePublished":"2020-05-26T12:54:57+00:00","dateModified":"2020-05-26T13:45:10+00:00","breadcrumb":{"@id":"https:\/\/kapitalis.com\/tunisie\/2020\/05\/26\/tunisie-abdelfatteh-mourou-se-retire-definitivement-de-la-vie-politique\/#breadcrumb"},"inLanguage":"fr-FR","potentialAction":[{"@type":"ReadAction","target":["https:\/\/kapitalis.com\/tunisie\/2020\/05\/26\/tunisie-abdelfatteh-mourou-se-retire-definitivement-de-la-vie-politique\/"]}]},{"@type":"ImageObject","inLanguage":"fr-FR","@id":"https:\/\/kapitalis.com\/tunisie\/2020\/05\/26\/tunisie-abdelfatteh-mourou-se-retire-definitivement-de-la-vie-politique\/#primaryimage","url":"","contentUrl":""},{"@type":"BreadcrumbList","@id":"https:\/\/kapitalis.com\/tunisie\/2020\/05\/26\/tunisie-abdelfatteh-mourou-se-retire-definitivement-de-la-vie-politique\/#breadcrumb","itemListElement":[{"@type":"ListItem","position":1,"name":"Accueil","item":"https:\/\/kapitalis.com\/tunisie\/"},{"@type":"ListItem","position":2,"name":"Tunisie : Abdelfattah Mourou se retire d\u00e9finitivement de la vie politique"}]},{"@type":"WebSite","@id":"https:\/\/kapitalis.com\/tunisie\/#website","url":"https:\/\/kapitalis.com\/tunisie\/","name":"Kapitalis","description":"L&#039;actualit\u00e9 en Tunisie et dans le monde","publisher":{"@id":"https:\/\/kapitalis.com\/tunisie\/#organization"},"potentialAction":[{"@type":"SearchAction","target":{"@type":"EntryPoint","urlTemplate":"https:\/\/kapitalis.com\/tunisie\/?s={search_term_string}"},"query-input":{"@type":"PropertyValueSpecification","valueRequired":true,"valueName":"search_term_string"}}],"inLanguage":"fr-FR"},{"@type":"Organization","@id":"https:\/\/kapitalis.com\/tunisie\/#organization","name":"Kapitalis","url":"https:\/\/kapitalis.com\/tunisie\/","logo":{"@type":"ImageObject","inLanguage":"fr-FR","@id":"https:\/\/kapitalis.com\/tunisie\/#\/schema\/logo\/image\/","url":"https:\/\/kapitalis.com\/tunisie\/wp-content\/uploads\/2022\/05\/Kapitalis-big-size.png","contentUrl":"https:\/\/kapitalis.com\/tunisie\/wp-content\/uploads\/2022\/05\/Kapitalis-big-size.png","width":5000,"height":1500,"caption":"Kapitalis"},"image":{"@id":"https:\/\/kapitalis.com\/tunisie\/#\/schema\/logo\/image\/"},"sameAs":["https:\/\/www.facebook.com\/KapitalisInfo\/","https:\/\/x.com\/KapitalisInfo","https:\/\/www.youtube.com\/channel\/UC-yDYrHyfFBWWZaOw3FPg9Q"]},{"@type":"Person","@id":"https:\/\/kapitalis.com\/tunisie\/#\/schema\/person\/b35b8d631961131107263178aeb8019e","name":"Cherif Benyounes","url":"https:\/\/kapitalis.com\/tunisie\/author\/cherif\/"}]}},"_links":{"self":[{"href":"https:\/\/kapitalis.com\/tunisie\/wp-json\/wp\/v2\/posts\/300694","targetHints":{"allow":["GET"]}}],"collection":[{"href":"https:\/\/kapitalis.com\/tunisie\/wp-json\/wp\/v2\/posts"}],"about":[{"href":"https:\/\/kapitalis.com\/tunisie\/wp-json\/wp\/v2\/types\/post"}],"author":[{"embeddable":true,"href":"https:\/\/kapitalis.com\/tunisie\/wp-json\/wp\/v2\/users\/24"}],"replies":[{"embeddable":true,"href":"https:\/\/kapitalis.com\/tunisie\/wp-json\/wp\/v2\/comments?post=300694"}],"version-history":[{"count":0,"href":"https:\/\/kapitalis.com\/tunisie\/wp-json\/wp\/v2\/posts\/300694\/revisions"}],"wp:attachment":[{"href":"https:\/\/kapitalis.com\/tunisie\/wp-json\/wp\/v2\/media?parent=300694"}],"wp:term":[{"taxonomy":"category","embeddable":true,"href":"https:\/\/kapitalis.com\/tunisie\/wp-json\/wp\/v2\/categories?post=300694"},{"taxonomy":"post_tag","embeddable":true,"href":"https:\/\/kapitalis.com\/tunisie\/wp-json\/wp\/v2\/tags?post=300694"}],"curies":[{"name":"wp","href":"https:\/\/api.w.org\/{rel}","templated":true}]}}