{"id":301508,"date":"2020-06-01T06:47:46","date_gmt":"2020-06-01T05:47:46","guid":{"rendered":"http:\/\/kapitalis.com\/tunisie\/?p=301508"},"modified":"2020-06-01T06:47:47","modified_gmt":"2020-06-01T05:47:47","slug":"les-festivals-de-carthage-et-de-hammamet-nauront-pas-lieu-cette-annee","status":"publish","type":"post","link":"https:\/\/kapitalis.com\/tunisie\/2020\/06\/01\/les-festivals-de-carthage-et-de-hammamet-nauront-pas-lieu-cette-annee\/","title":{"rendered":"Les festivals de Carthage et de Hammamet n&rsquo;auront pas lieu cette ann\u00e9e"},"content":{"rendered":"\n<div class=\"wp-block-image\"><figure class=\"aligncenter size-large\"><img decoding=\"async\" src=\"http:\/\/kapitalis.com\/tunisie\/wp-content\/uploads\/2020\/05\/Untitled-1-14.jpg\" alt=\"\" class=\"wp-image-301509\"\/><\/figure><\/div>\n\n\n\n<p><strong><em>Dans un communiqu\u00e9 publi\u00e9 le soir du dimanche 31 mai, le minist\u00e8re des Affaires culturelles a annonc\u00e9 le report des deux festivals de Carthage et de Hammamet \u00e0 l\u2019ann\u00e9e 2021.<\/em><\/strong><\/p>\n\n\n\n<!--more-->\n\n\n\n<p>Apr\u00e8s une s\u00e9rie d\u2019entretiens ayant r\u00e9uni des membres du minist\u00e8re des Affaires culturelles et du Comit\u00e9 scientifique de lutte contre le coronavirus, il a \u00e9t\u00e9 d\u00e9cid\u00e9 d\u2019annuler la prochaine \u00e9dition des deux festivals internationaux de Carthage et de Hammamet\u00a0qui devaient avoir lieu en juillet et ao\u00fbt 2020. Les deux doyens des festivals estivaux en Tunisie et certainement les plus populaires ne f\u00eateront donc pas cette ann\u00e9e leurs 56 \u00e9ditions.<\/p>\n\n\n\n<p>Le minist\u00e8re a \u00e9galement annonc\u00e9 que les espaces culturels ferm\u00e9s tels que les salles de cin\u00e9ma, les th\u00e9\u00e2tres et les maisons de culture pourront reprendre leurs activit\u00e9s \u00e0 partir du 14 juin mais ne pourront pas accueillir plus de 30 personnes par s\u00e9ance.<\/p>\n\n\n\n<p>Quelques \u00e9v\u00e9nements et festivals se tiendront \u00e0 partir du 15 juillet avec une capacit\u00e9 d\u2019accueil ne d\u00e9passant pas les 1.000 personnes, tout en respectant les mesures de protection et de distanciation n\u00e9cessaires \u00e0 la lutte contre la propagation du virus.<\/p>\n\n\n\n<p class=\"has-text-align-right\"><strong>Fawz Ben Ali<\/strong><\/p>\n","protected":false},"excerpt":{"rendered":"<p>Dans un communiqu\u00e9 publi\u00e9 le soir du dimanche 31 mai, le minist\u00e8re des Affaires culturelles a annonc\u00e9 le report des deux festivals de Carthage et de Hammamet \u00e0 l\u2019ann\u00e9e 2021.<\/p>\n","protected":false},"author":26,"featured_media":301509,"comment_status":"open","ping_status":"open","sticky":false,"template":"","format":"standard","meta":{"footnotes":""},"categories":[994,2433],"tags":[4798,33829,76380,22337],"class_list":["post-301508","post","type-post","status-publish","format-standard","has-post-thumbnail","hentry","category-culture","category-tunisie","tag-festival-de-carthage","tag-festival-de-hammamet","tag-festivals-reportes","tag-ministere-des-affaires-culturelles"],"yoast_head":"<!-- This site is optimized with the Yoast SEO plugin v26.6 - https:\/\/yoast.com\/wordpress\/plugins\/seo\/ -->\n<title>Les festivals de Carthage et de Hammamet n&#039;auront pas lieu cette ann\u00e9e - Kapitalis<\/title>\n<meta name=\"robots\" content=\"index, follow, max-snippet:-1, max-image-preview:large, max-video-preview:-1\" \/>\n<link rel=\"canonical\" href=\"https:\/\/kapitalis.com\/tunisie\/2020\/06\/01\/les-festivals-de-carthage-et-de-hammamet-nauront-pas-lieu-cette-annee\/\" \/>\n<meta property=\"og:locale\" content=\"fr_FR\" \/>\n<meta property=\"og:type\" content=\"article\" \/>\n<meta property=\"og:title\" content=\"Les festivals de Carthage et de Hammamet n&#039;auront pas lieu cette ann\u00e9e - Kapitalis\" \/>\n<meta property=\"og:description\" content=\"Dans un communiqu\u00e9 publi\u00e9 le soir du dimanche 31 mai, le minist\u00e8re des Affaires culturelles a annonc\u00e9 le report des deux festivals de Carthage et de Hammamet \u00e0 l\u2019ann\u00e9e 2021.\" \/>\n<meta property=\"og:url\" content=\"https:\/\/kapitalis.com\/tunisie\/2020\/06\/01\/les-festivals-de-carthage-et-de-hammamet-nauront-pas-lieu-cette-annee\/\" \/>\n<meta property=\"og:site_name\" content=\"Kapitalis\" \/>\n<meta property=\"article:publisher\" content=\"https:\/\/www.facebook.com\/KapitalisInfo\/\" \/>\n<meta property=\"article:published_time\" content=\"2020-06-01T05:47:46+00:00\" \/>\n<meta property=\"article:modified_time\" content=\"2020-06-01T05:47:47+00:00\" \/>\n<meta property=\"og:image\" content=\"https:\/\/kapitalis.com\/tunisie\/wp-content\/uploads\/2022\/05\/kapitalis-logo-fb.png\" \/>\n\t<meta property=\"og:image:width\" content=\"1200\" \/>\n\t<meta property=\"og:image:height\" content=\"630\" \/>\n\t<meta property=\"og:image:type\" content=\"image\/png\" \/>\n<meta name=\"author\" content=\"Fawz BenAli\" \/>\n<meta name=\"twitter:card\" content=\"summary_large_image\" \/>\n<meta name=\"twitter:creator\" content=\"@KapitalisInfo\" \/>\n<meta name=\"twitter:site\" content=\"@KapitalisInfo\" \/>\n<meta name=\"twitter:label1\" content=\"\u00c9crit par\" \/>\n\t<meta name=\"twitter:data1\" content=\"Fawz BenAli\" \/>\n\t<meta name=\"twitter:label2\" content=\"Dur\u00e9e de lecture estim\u00e9e\" \/>\n\t<meta name=\"twitter:data2\" content=\"1 minute\" \/>\n<script type=\"application\/ld+json\" class=\"yoast-schema-graph\">{\"@context\":\"https:\/\/schema.org\",\"@graph\":[{\"@type\":\"Article\",\"@id\":\"https:\/\/kapitalis.com\/tunisie\/2020\/06\/01\/les-festivals-de-carthage-et-de-hammamet-nauront-pas-lieu-cette-annee\/#article\",\"isPartOf\":{\"@id\":\"https:\/\/kapitalis.com\/tunisie\/2020\/06\/01\/les-festivals-de-carthage-et-de-hammamet-nauront-pas-lieu-cette-annee\/\"},\"author\":{\"name\":\"Fawz BenAli\",\"@id\":\"https:\/\/kapitalis.com\/tunisie\/#\/schema\/person\/73a5ecc1f6ae540c6ed91342eadca948\"},\"headline\":\"Les festivals de Carthage et de Hammamet n&rsquo;auront pas lieu cette ann\u00e9e\",\"datePublished\":\"2020-06-01T05:47:46+00:00\",\"dateModified\":\"2020-06-01T05:47:47+00:00\",\"mainEntityOfPage\":{\"@id\":\"https:\/\/kapitalis.com\/tunisie\/2020\/06\/01\/les-festivals-de-carthage-et-de-hammamet-nauront-pas-lieu-cette-annee\/\"},\"wordCount\":210,\"commentCount\":0,\"publisher\":{\"@id\":\"https:\/\/kapitalis.com\/tunisie\/#organization\"},\"image\":{\"@id\":\"https:\/\/kapitalis.com\/tunisie\/2020\/06\/01\/les-festivals-de-carthage-et-de-hammamet-nauront-pas-lieu-cette-annee\/#primaryimage\"},\"thumbnailUrl\":\"\",\"keywords\":[\"Festival de Carthage\",\"Festival de Hammamet\",\"festivals report\u00e9s\",\"minist\u00e8re des Affaires culturelles\"],\"articleSection\":[\"CULTURE\",\"Tunisie\"],\"inLanguage\":\"fr-FR\",\"potentialAction\":[{\"@type\":\"CommentAction\",\"name\":\"Comment\",\"target\":[\"https:\/\/kapitalis.com\/tunisie\/2020\/06\/01\/les-festivals-de-carthage-et-de-hammamet-nauront-pas-lieu-cette-annee\/#respond\"]}]},{\"@type\":\"WebPage\",\"@id\":\"https:\/\/kapitalis.com\/tunisie\/2020\/06\/01\/les-festivals-de-carthage-et-de-hammamet-nauront-pas-lieu-cette-annee\/\",\"url\":\"https:\/\/kapitalis.com\/tunisie\/2020\/06\/01\/les-festivals-de-carthage-et-de-hammamet-nauront-pas-lieu-cette-annee\/\",\"name\":\"Les festivals de Carthage et de Hammamet n'auront pas lieu cette ann\u00e9e - Kapitalis\",\"isPartOf\":{\"@id\":\"https:\/\/kapitalis.com\/tunisie\/#website\"},\"primaryImageOfPage\":{\"@id\":\"https:\/\/kapitalis.com\/tunisie\/2020\/06\/01\/les-festivals-de-carthage-et-de-hammamet-nauront-pas-lieu-cette-annee\/#primaryimage\"},\"image\":{\"@id\":\"https:\/\/kapitalis.com\/tunisie\/2020\/06\/01\/les-festivals-de-carthage-et-de-hammamet-nauront-pas-lieu-cette-annee\/#primaryimage\"},\"thumbnailUrl\":\"\",\"datePublished\":\"2020-06-01T05:47:46+00:00\",\"dateModified\":\"2020-06-01T05:47:47+00:00\",\"breadcrumb\":{\"@id\":\"https:\/\/kapitalis.com\/tunisie\/2020\/06\/01\/les-festivals-de-carthage-et-de-hammamet-nauront-pas-lieu-cette-annee\/#breadcrumb\"},\"inLanguage\":\"fr-FR\",\"potentialAction\":[{\"@type\":\"ReadAction\",\"target\":[\"https:\/\/kapitalis.com\/tunisie\/2020\/06\/01\/les-festivals-de-carthage-et-de-hammamet-nauront-pas-lieu-cette-annee\/\"]}]},{\"@type\":\"ImageObject\",\"inLanguage\":\"fr-FR\",\"@id\":\"https:\/\/kapitalis.com\/tunisie\/2020\/06\/01\/les-festivals-de-carthage-et-de-hammamet-nauront-pas-lieu-cette-annee\/#primaryimage\",\"url\":\"\",\"contentUrl\":\"\"},{\"@type\":\"BreadcrumbList\",\"@id\":\"https:\/\/kapitalis.com\/tunisie\/2020\/06\/01\/les-festivals-de-carthage-et-de-hammamet-nauront-pas-lieu-cette-annee\/#breadcrumb\",\"itemListElement\":[{\"@type\":\"ListItem\",\"position\":1,\"name\":\"Accueil\",\"item\":\"https:\/\/kapitalis.com\/tunisie\/\"},{\"@type\":\"ListItem\",\"position\":2,\"name\":\"Les festivals de Carthage et de Hammamet n&rsquo;auront pas lieu cette ann\u00e9e\"}]},{\"@type\":\"WebSite\",\"@id\":\"https:\/\/kapitalis.com\/tunisie\/#website\",\"url\":\"https:\/\/kapitalis.com\/tunisie\/\",\"name\":\"Kapitalis\",\"description\":\"L&#039;actualit\u00e9 en Tunisie et dans le monde\",\"publisher\":{\"@id\":\"https:\/\/kapitalis.com\/tunisie\/#organization\"},\"potentialAction\":[{\"@type\":\"SearchAction\",\"target\":{\"@type\":\"EntryPoint\",\"urlTemplate\":\"https:\/\/kapitalis.com\/tunisie\/?s={search_term_string}\"},\"query-input\":{\"@type\":\"PropertyValueSpecification\",\"valueRequired\":true,\"valueName\":\"search_term_string\"}}],\"inLanguage\":\"fr-FR\"},{\"@type\":\"Organization\",\"@id\":\"https:\/\/kapitalis.com\/tunisie\/#organization\",\"name\":\"Kapitalis\",\"url\":\"https:\/\/kapitalis.com\/tunisie\/\",\"logo\":{\"@type\":\"ImageObject\",\"inLanguage\":\"fr-FR\",\"@id\":\"https:\/\/kapitalis.com\/tunisie\/#\/schema\/logo\/image\/\",\"url\":\"https:\/\/kapitalis.com\/tunisie\/wp-content\/uploads\/2022\/05\/Kapitalis-big-size.png\",\"contentUrl\":\"https:\/\/kapitalis.com\/tunisie\/wp-content\/uploads\/2022\/05\/Kapitalis-big-size.png\",\"width\":5000,\"height\":1500,\"caption\":\"Kapitalis\"},\"image\":{\"@id\":\"https:\/\/kapitalis.com\/tunisie\/#\/schema\/logo\/image\/\"},\"sameAs\":[\"https:\/\/www.facebook.com\/KapitalisInfo\/\",\"https:\/\/x.com\/KapitalisInfo\",\"https:\/\/www.youtube.com\/channel\/UC-yDYrHyfFBWWZaOw3FPg9Q\"]},{\"@type\":\"Person\",\"@id\":\"https:\/\/kapitalis.com\/tunisie\/#\/schema\/person\/73a5ecc1f6ae540c6ed91342eadca948\",\"name\":\"Fawz BenAli\",\"url\":\"https:\/\/kapitalis.com\/tunisie\/author\/fawz\/\"}]}<\/script>\n<!-- \/ Yoast SEO plugin. -->","yoast_head_json":{"title":"Les festivals de Carthage et de Hammamet n'auront pas lieu cette ann\u00e9e - Kapitalis","robots":{"index":"index","follow":"follow","max-snippet":"max-snippet:-1","max-image-preview":"max-image-preview:large","max-video-preview":"max-video-preview:-1"},"canonical":"https:\/\/kapitalis.com\/tunisie\/2020\/06\/01\/les-festivals-de-carthage-et-de-hammamet-nauront-pas-lieu-cette-annee\/","og_locale":"fr_FR","og_type":"article","og_title":"Les festivals de Carthage et de Hammamet n'auront pas lieu cette ann\u00e9e - Kapitalis","og_description":"Dans un communiqu\u00e9 publi\u00e9 le soir du dimanche 31 mai, le minist\u00e8re des Affaires culturelles a annonc\u00e9 le report des deux festivals de Carthage et de Hammamet \u00e0 l\u2019ann\u00e9e 2021.","og_url":"https:\/\/kapitalis.com\/tunisie\/2020\/06\/01\/les-festivals-de-carthage-et-de-hammamet-nauront-pas-lieu-cette-annee\/","og_site_name":"Kapitalis","article_publisher":"https:\/\/www.facebook.com\/KapitalisInfo\/","article_published_time":"2020-06-01T05:47:46+00:00","article_modified_time":"2020-06-01T05:47:47+00:00","og_image":[{"width":1200,"height":630,"url":"https:\/\/kapitalis.com\/tunisie\/wp-content\/uploads\/2022\/05\/kapitalis-logo-fb.png","type":"image\/png"}],"author":"Fawz BenAli","twitter_card":"summary_large_image","twitter_creator":"@KapitalisInfo","twitter_site":"@KapitalisInfo","twitter_misc":{"\u00c9crit par":"Fawz BenAli","Dur\u00e9e de lecture estim\u00e9e":"1 minute"},"schema":{"@context":"https:\/\/schema.org","@graph":[{"@type":"Article","@id":"https:\/\/kapitalis.com\/tunisie\/2020\/06\/01\/les-festivals-de-carthage-et-de-hammamet-nauront-pas-lieu-cette-annee\/#article","isPartOf":{"@id":"https:\/\/kapitalis.com\/tunisie\/2020\/06\/01\/les-festivals-de-carthage-et-de-hammamet-nauront-pas-lieu-cette-annee\/"},"author":{"name":"Fawz BenAli","@id":"https:\/\/kapitalis.com\/tunisie\/#\/schema\/person\/73a5ecc1f6ae540c6ed91342eadca948"},"headline":"Les festivals de Carthage et de Hammamet n&rsquo;auront pas lieu cette ann\u00e9e","datePublished":"2020-06-01T05:47:46+00:00","dateModified":"2020-06-01T05:47:47+00:00","mainEntityOfPage":{"@id":"https:\/\/kapitalis.com\/tunisie\/2020\/06\/01\/les-festivals-de-carthage-et-de-hammamet-nauront-pas-lieu-cette-annee\/"},"wordCount":210,"commentCount":0,"publisher":{"@id":"https:\/\/kapitalis.com\/tunisie\/#organization"},"image":{"@id":"https:\/\/kapitalis.com\/tunisie\/2020\/06\/01\/les-festivals-de-carthage-et-de-hammamet-nauront-pas-lieu-cette-annee\/#primaryimage"},"thumbnailUrl":"","keywords":["Festival de Carthage","Festival de Hammamet","festivals report\u00e9s","minist\u00e8re des Affaires culturelles"],"articleSection":["CULTURE","Tunisie"],"inLanguage":"fr-FR","potentialAction":[{"@type":"CommentAction","name":"Comment","target":["https:\/\/kapitalis.com\/tunisie\/2020\/06\/01\/les-festivals-de-carthage-et-de-hammamet-nauront-pas-lieu-cette-annee\/#respond"]}]},{"@type":"WebPage","@id":"https:\/\/kapitalis.com\/tunisie\/2020\/06\/01\/les-festivals-de-carthage-et-de-hammamet-nauront-pas-lieu-cette-annee\/","url":"https:\/\/kapitalis.com\/tunisie\/2020\/06\/01\/les-festivals-de-carthage-et-de-hammamet-nauront-pas-lieu-cette-annee\/","name":"Les festivals de Carthage et de Hammamet n'auront pas lieu cette ann\u00e9e - Kapitalis","isPartOf":{"@id":"https:\/\/kapitalis.com\/tunisie\/#website"},"primaryImageOfPage":{"@id":"https:\/\/kapitalis.com\/tunisie\/2020\/06\/01\/les-festivals-de-carthage-et-de-hammamet-nauront-pas-lieu-cette-annee\/#primaryimage"},"image":{"@id":"https:\/\/kapitalis.com\/tunisie\/2020\/06\/01\/les-festivals-de-carthage-et-de-hammamet-nauront-pas-lieu-cette-annee\/#primaryimage"},"thumbnailUrl":"","datePublished":"2020-06-01T05:47:46+00:00","dateModified":"2020-06-01T05:47:47+00:00","breadcrumb":{"@id":"https:\/\/kapitalis.com\/tunisie\/2020\/06\/01\/les-festivals-de-carthage-et-de-hammamet-nauront-pas-lieu-cette-annee\/#breadcrumb"},"inLanguage":"fr-FR","potentialAction":[{"@type":"ReadAction","target":["https:\/\/kapitalis.com\/tunisie\/2020\/06\/01\/les-festivals-de-carthage-et-de-hammamet-nauront-pas-lieu-cette-annee\/"]}]},{"@type":"ImageObject","inLanguage":"fr-FR","@id":"https:\/\/kapitalis.com\/tunisie\/2020\/06\/01\/les-festivals-de-carthage-et-de-hammamet-nauront-pas-lieu-cette-annee\/#primaryimage","url":"","contentUrl":""},{"@type":"BreadcrumbList","@id":"https:\/\/kapitalis.com\/tunisie\/2020\/06\/01\/les-festivals-de-carthage-et-de-hammamet-nauront-pas-lieu-cette-annee\/#breadcrumb","itemListElement":[{"@type":"ListItem","position":1,"name":"Accueil","item":"https:\/\/kapitalis.com\/tunisie\/"},{"@type":"ListItem","position":2,"name":"Les festivals de Carthage et de Hammamet n&rsquo;auront pas lieu cette ann\u00e9e"}]},{"@type":"WebSite","@id":"https:\/\/kapitalis.com\/tunisie\/#website","url":"https:\/\/kapitalis.com\/tunisie\/","name":"Kapitalis","description":"L&#039;actualit\u00e9 en Tunisie et dans le monde","publisher":{"@id":"https:\/\/kapitalis.com\/tunisie\/#organization"},"potentialAction":[{"@type":"SearchAction","target":{"@type":"EntryPoint","urlTemplate":"https:\/\/kapitalis.com\/tunisie\/?s={search_term_string}"},"query-input":{"@type":"PropertyValueSpecification","valueRequired":true,"valueName":"search_term_string"}}],"inLanguage":"fr-FR"},{"@type":"Organization","@id":"https:\/\/kapitalis.com\/tunisie\/#organization","name":"Kapitalis","url":"https:\/\/kapitalis.com\/tunisie\/","logo":{"@type":"ImageObject","inLanguage":"fr-FR","@id":"https:\/\/kapitalis.com\/tunisie\/#\/schema\/logo\/image\/","url":"https:\/\/kapitalis.com\/tunisie\/wp-content\/uploads\/2022\/05\/Kapitalis-big-size.png","contentUrl":"https:\/\/kapitalis.com\/tunisie\/wp-content\/uploads\/2022\/05\/Kapitalis-big-size.png","width":5000,"height":1500,"caption":"Kapitalis"},"image":{"@id":"https:\/\/kapitalis.com\/tunisie\/#\/schema\/logo\/image\/"},"sameAs":["https:\/\/www.facebook.com\/KapitalisInfo\/","https:\/\/x.com\/KapitalisInfo","https:\/\/www.youtube.com\/channel\/UC-yDYrHyfFBWWZaOw3FPg9Q"]},{"@type":"Person","@id":"https:\/\/kapitalis.com\/tunisie\/#\/schema\/person\/73a5ecc1f6ae540c6ed91342eadca948","name":"Fawz BenAli","url":"https:\/\/kapitalis.com\/tunisie\/author\/fawz\/"}]}},"_links":{"self":[{"href":"https:\/\/kapitalis.com\/tunisie\/wp-json\/wp\/v2\/posts\/301508","targetHints":{"allow":["GET"]}}],"collection":[{"href":"https:\/\/kapitalis.com\/tunisie\/wp-json\/wp\/v2\/posts"}],"about":[{"href":"https:\/\/kapitalis.com\/tunisie\/wp-json\/wp\/v2\/types\/post"}],"author":[{"embeddable":true,"href":"https:\/\/kapitalis.com\/tunisie\/wp-json\/wp\/v2\/users\/26"}],"replies":[{"embeddable":true,"href":"https:\/\/kapitalis.com\/tunisie\/wp-json\/wp\/v2\/comments?post=301508"}],"version-history":[{"count":0,"href":"https:\/\/kapitalis.com\/tunisie\/wp-json\/wp\/v2\/posts\/301508\/revisions"}],"wp:featuredmedia":[{"embeddable":true,"href":"https:\/\/kapitalis.com\/tunisie\/wp-json\/wp\/v2\/media\/301509"}],"wp:attachment":[{"href":"https:\/\/kapitalis.com\/tunisie\/wp-json\/wp\/v2\/media?parent=301508"}],"wp:term":[{"taxonomy":"category","embeddable":true,"href":"https:\/\/kapitalis.com\/tunisie\/wp-json\/wp\/v2\/categories?post=301508"},{"taxonomy":"post_tag","embeddable":true,"href":"https:\/\/kapitalis.com\/tunisie\/wp-json\/wp\/v2\/tags?post=301508"}],"curies":[{"name":"wp","href":"https:\/\/api.w.org\/{rel}","templated":true}]}}