{"id":301726,"date":"2020-06-02T10:24:16","date_gmt":"2020-06-02T09:24:16","guid":{"rendered":"http:\/\/kapitalis.com\/tunisie\/?p=301726"},"modified":"2020-06-02T10:24:17","modified_gmt":"2020-06-02T09:24:17","slug":"ennakl-automobiles-reunira-son-assemblee-generale-ordinaire-le-24-juin-2020","status":"publish","type":"post","link":"https:\/\/kapitalis.com\/tunisie\/2020\/06\/02\/ennakl-automobiles-reunira-son-assemblee-generale-ordinaire-le-24-juin-2020\/","title":{"rendered":"Ennakl Automobiles r\u00e9unira son assembl\u00e9e g\u00e9n\u00e9rale ordinaire le 24 juin 2020"},"content":{"rendered":"\n<figure class=\"wp-block-image size-large\"><img decoding=\"async\" src=\"http:\/\/kapitalis.com\/tunisie\/wp-content\/uploads\/2020\/04\/Ennakl-Automobiles.jpg\" alt=\"\" class=\"wp-image-292848\"\/><\/figure>\n\n\n\n<p><strong><em>La soci\u00e9t\u00e9 Ennakl Automobiles (concessionnaire en Tunisie des marques Volkswagen, Seat, Porsche, Skoda et Audi ) r\u00e9unira son assembl\u00e9e g\u00e9n\u00e9rale ordinaire le 24 juin 2020 \u00e0 14H30 au si\u00e8ge de la soci\u00e9t\u00e9 sis \u00e0 la zone industrielle Charguia II \u00e0 Tunis.<\/em><\/strong><\/p>\n\n\n\n<!--more-->\n\n\n\n<p>Le conseil d\u2019administration de la soci\u00e9t\u00e9, r\u00e9uni le 17 mars 2020, a arr\u00eat\u00e9 et approuv\u00e9 le rapport de gestion ainsi que les \u00e9tats financiers individuels et consolid\u00e9s relatifs \u00e0 l\u2019exercice 2019.<\/p>\n\n\n\n<p>Il ressort de ces \u00e9tats financiers une progression du chiffre d\u2019affaires de 14,14% passant de 358.115.000 DT fin d\u00e9cembre 2018 \u00e0 408.758.000 DT fin d\u00e9cembre 2019.<\/p>\n\n\n\n<p>Le r\u00e9sultat avant imp\u00f4ts a atteint 27.850.000 DT \u00e0 fin d\u00e9cembre 2019 contre 29.548.000 DT \u00e0 fin d\u00e9cembre 2018, soit une r\u00e9gression de 1.698.000 DT (-5,7%).<\/p>\n\n\n\n<p>En outre, le conseil a d\u00e9cid\u00e9 de proposer la distribution d\u2019un dividende de 0,25 DT par action, et de convoquer les actionnaires de la soci\u00e9t\u00e9 pour une r\u00e9union en assembl\u00e9e g\u00e9n\u00e9rale ordinaire pour 24 juin 2020 \u00e0 14H30 au si\u00e8ge de la soci\u00e9t\u00e9 sis \u00e0 la zone industrielle Charguia II \u00e0 Tunis.<\/p>\n\n\n\n<p>La soci\u00e9t\u00e9 informe \u00e9galement ses actionnaires qu\u2019une assembl\u00e9e g\u00e9n\u00e9rale extraordinaire sera tenue le m\u00eame jour \u00e0 16H30 \u00e0 l\u2019effet de d\u00e9lib\u00e9rer sur la mise en conformit\u00e9 des statuts avec les dispositions l\u00e9gislatives en vigueur.<\/p>\n\n\n\n<p><strong><em>Source <\/em><\/strong>: communiqu\u00e9.<\/p>\n","protected":false},"excerpt":{"rendered":"<p>La soci\u00e9t\u00e9 Ennakl Automobiles (concessionnaire en Tunisie des marques Volkswagen, Seat, Porsche, Skoda et Audi ) r\u00e9unira son assembl\u00e9e g\u00e9n\u00e9rale ordinaire le 24 juin 2020 \u00e0 14H30 au si\u00e8ge de la soci\u00e9t\u00e9 sis \u00e0 la zone industrielle Charguia II \u00e0 Tunis.<\/p>\n","protected":false},"author":8,"featured_media":0,"comment_status":"open","ping_status":"open","sticky":false,"template":"","format":"standard","meta":{"footnotes":""},"categories":[995,2433],"tags":[19509,30553,78270],"class_list":["post-301726","post","type-post","status-publish","format-standard","hentry","category-economie","category-tunisie","tag-assemblee-generale-ordinaire","tag-ennakl-automobiles","tag-etats-financiers-individuels-2019"],"yoast_head":"<!-- This site is optimized with the Yoast SEO plugin v26.6 - https:\/\/yoast.com\/wordpress\/plugins\/seo\/ -->\n<title>Ennakl Automobiles r\u00e9unira son assembl\u00e9e g\u00e9n\u00e9rale ordinaire le 24 juin 2020 - Kapitalis<\/title>\n<meta name=\"robots\" content=\"index, follow, max-snippet:-1, max-image-preview:large, max-video-preview:-1\" \/>\n<link rel=\"canonical\" href=\"https:\/\/kapitalis.com\/tunisie\/2020\/06\/02\/ennakl-automobiles-reunira-son-assemblee-generale-ordinaire-le-24-juin-2020\/\" \/>\n<meta property=\"og:locale\" content=\"fr_FR\" \/>\n<meta property=\"og:type\" content=\"article\" \/>\n<meta property=\"og:title\" content=\"Ennakl Automobiles r\u00e9unira son assembl\u00e9e g\u00e9n\u00e9rale ordinaire le 24 juin 2020 - Kapitalis\" \/>\n<meta property=\"og:description\" content=\"La soci\u00e9t\u00e9 Ennakl Automobiles (concessionnaire en Tunisie des marques Volkswagen, Seat, Porsche, Skoda et Audi ) r\u00e9unira son assembl\u00e9e g\u00e9n\u00e9rale ordinaire le 24 juin 2020 \u00e0 14H30 au si\u00e8ge de la soci\u00e9t\u00e9 sis \u00e0 la zone industrielle Charguia II \u00e0 Tunis.\" \/>\n<meta property=\"og:url\" content=\"https:\/\/kapitalis.com\/tunisie\/2020\/06\/02\/ennakl-automobiles-reunira-son-assemblee-generale-ordinaire-le-24-juin-2020\/\" \/>\n<meta property=\"og:site_name\" content=\"Kapitalis\" \/>\n<meta property=\"article:publisher\" content=\"https:\/\/www.facebook.com\/KapitalisInfo\/\" \/>\n<meta property=\"article:published_time\" content=\"2020-06-02T09:24:16+00:00\" \/>\n<meta property=\"article:modified_time\" content=\"2020-06-02T09:24:17+00:00\" \/>\n<meta property=\"og:image\" content=\"http:\/\/kapitalis.com\/tunisie\/wp-content\/uploads\/2020\/04\/Ennakl-Automobiles.jpg\" \/>\n<meta name=\"author\" content=\"webmaster kapitalis\" \/>\n<meta name=\"twitter:card\" content=\"summary_large_image\" \/>\n<meta name=\"twitter:creator\" content=\"@KapitalisInfo\" \/>\n<meta name=\"twitter:site\" content=\"@KapitalisInfo\" \/>\n<meta name=\"twitter:label1\" content=\"\u00c9crit par\" \/>\n\t<meta name=\"twitter:data1\" content=\"webmaster kapitalis\" \/>\n\t<meta name=\"twitter:label2\" content=\"Dur\u00e9e de lecture estim\u00e9e\" \/>\n\t<meta name=\"twitter:data2\" content=\"1 minute\" \/>\n<script type=\"application\/ld+json\" class=\"yoast-schema-graph\">{\"@context\":\"https:\/\/schema.org\",\"@graph\":[{\"@type\":\"Article\",\"@id\":\"https:\/\/kapitalis.com\/tunisie\/2020\/06\/02\/ennakl-automobiles-reunira-son-assemblee-generale-ordinaire-le-24-juin-2020\/#article\",\"isPartOf\":{\"@id\":\"https:\/\/kapitalis.com\/tunisie\/2020\/06\/02\/ennakl-automobiles-reunira-son-assemblee-generale-ordinaire-le-24-juin-2020\/\"},\"author\":{\"name\":\"webmaster kapitalis\",\"@id\":\"https:\/\/kapitalis.com\/tunisie\/#\/schema\/person\/d71f33a9ca44f7bad4698210b480c8e9\"},\"headline\":\"Ennakl Automobiles r\u00e9unira son assembl\u00e9e g\u00e9n\u00e9rale ordinaire le 24 juin 2020\",\"datePublished\":\"2020-06-02T09:24:16+00:00\",\"dateModified\":\"2020-06-02T09:24:17+00:00\",\"mainEntityOfPage\":{\"@id\":\"https:\/\/kapitalis.com\/tunisie\/2020\/06\/02\/ennakl-automobiles-reunira-son-assemblee-generale-ordinaire-le-24-juin-2020\/\"},\"wordCount\":234,\"commentCount\":0,\"publisher\":{\"@id\":\"https:\/\/kapitalis.com\/tunisie\/#organization\"},\"image\":{\"@id\":\"https:\/\/kapitalis.com\/tunisie\/2020\/06\/02\/ennakl-automobiles-reunira-son-assemblee-generale-ordinaire-le-24-juin-2020\/#primaryimage\"},\"thumbnailUrl\":\"http:\/\/kapitalis.com\/tunisie\/wp-content\/uploads\/2020\/04\/Ennakl-Automobiles.jpg\",\"keywords\":[\"assembl\u00e9e g\u00e9n\u00e9rale ordinaire\",\"Ennakl Automobiles\",\"\u00e9tats financiers individuels 2019\"],\"articleSection\":[\"ECONOMIE\",\"Tunisie\"],\"inLanguage\":\"fr-FR\",\"potentialAction\":[{\"@type\":\"CommentAction\",\"name\":\"Comment\",\"target\":[\"https:\/\/kapitalis.com\/tunisie\/2020\/06\/02\/ennakl-automobiles-reunira-son-assemblee-generale-ordinaire-le-24-juin-2020\/#respond\"]}]},{\"@type\":\"WebPage\",\"@id\":\"https:\/\/kapitalis.com\/tunisie\/2020\/06\/02\/ennakl-automobiles-reunira-son-assemblee-generale-ordinaire-le-24-juin-2020\/\",\"url\":\"https:\/\/kapitalis.com\/tunisie\/2020\/06\/02\/ennakl-automobiles-reunira-son-assemblee-generale-ordinaire-le-24-juin-2020\/\",\"name\":\"Ennakl Automobiles r\u00e9unira son assembl\u00e9e g\u00e9n\u00e9rale ordinaire le 24 juin 2020 - Kapitalis\",\"isPartOf\":{\"@id\":\"https:\/\/kapitalis.com\/tunisie\/#website\"},\"primaryImageOfPage\":{\"@id\":\"https:\/\/kapitalis.com\/tunisie\/2020\/06\/02\/ennakl-automobiles-reunira-son-assemblee-generale-ordinaire-le-24-juin-2020\/#primaryimage\"},\"image\":{\"@id\":\"https:\/\/kapitalis.com\/tunisie\/2020\/06\/02\/ennakl-automobiles-reunira-son-assemblee-generale-ordinaire-le-24-juin-2020\/#primaryimage\"},\"thumbnailUrl\":\"http:\/\/kapitalis.com\/tunisie\/wp-content\/uploads\/2020\/04\/Ennakl-Automobiles.jpg\",\"datePublished\":\"2020-06-02T09:24:16+00:00\",\"dateModified\":\"2020-06-02T09:24:17+00:00\",\"breadcrumb\":{\"@id\":\"https:\/\/kapitalis.com\/tunisie\/2020\/06\/02\/ennakl-automobiles-reunira-son-assemblee-generale-ordinaire-le-24-juin-2020\/#breadcrumb\"},\"inLanguage\":\"fr-FR\",\"potentialAction\":[{\"@type\":\"ReadAction\",\"target\":[\"https:\/\/kapitalis.com\/tunisie\/2020\/06\/02\/ennakl-automobiles-reunira-son-assemblee-generale-ordinaire-le-24-juin-2020\/\"]}]},{\"@type\":\"ImageObject\",\"inLanguage\":\"fr-FR\",\"@id\":\"https:\/\/kapitalis.com\/tunisie\/2020\/06\/02\/ennakl-automobiles-reunira-son-assemblee-generale-ordinaire-le-24-juin-2020\/#primaryimage\",\"url\":\"\",\"contentUrl\":\"\"},{\"@type\":\"BreadcrumbList\",\"@id\":\"https:\/\/kapitalis.com\/tunisie\/2020\/06\/02\/ennakl-automobiles-reunira-son-assemblee-generale-ordinaire-le-24-juin-2020\/#breadcrumb\",\"itemListElement\":[{\"@type\":\"ListItem\",\"position\":1,\"name\":\"Accueil\",\"item\":\"https:\/\/kapitalis.com\/tunisie\/\"},{\"@type\":\"ListItem\",\"position\":2,\"name\":\"Ennakl Automobiles r\u00e9unira son assembl\u00e9e g\u00e9n\u00e9rale ordinaire le 24 juin 2020\"}]},{\"@type\":\"WebSite\",\"@id\":\"https:\/\/kapitalis.com\/tunisie\/#website\",\"url\":\"https:\/\/kapitalis.com\/tunisie\/\",\"name\":\"Kapitalis\",\"description\":\"L&#039;actualit\u00e9 en Tunisie et dans le monde\",\"publisher\":{\"@id\":\"https:\/\/kapitalis.com\/tunisie\/#organization\"},\"potentialAction\":[{\"@type\":\"SearchAction\",\"target\":{\"@type\":\"EntryPoint\",\"urlTemplate\":\"https:\/\/kapitalis.com\/tunisie\/?s={search_term_string}\"},\"query-input\":{\"@type\":\"PropertyValueSpecification\",\"valueRequired\":true,\"valueName\":\"search_term_string\"}}],\"inLanguage\":\"fr-FR\"},{\"@type\":\"Organization\",\"@id\":\"https:\/\/kapitalis.com\/tunisie\/#organization\",\"name\":\"Kapitalis\",\"url\":\"https:\/\/kapitalis.com\/tunisie\/\",\"logo\":{\"@type\":\"ImageObject\",\"inLanguage\":\"fr-FR\",\"@id\":\"https:\/\/kapitalis.com\/tunisie\/#\/schema\/logo\/image\/\",\"url\":\"https:\/\/kapitalis.com\/tunisie\/wp-content\/uploads\/2022\/05\/Kapitalis-big-size.png\",\"contentUrl\":\"https:\/\/kapitalis.com\/tunisie\/wp-content\/uploads\/2022\/05\/Kapitalis-big-size.png\",\"width\":5000,\"height\":1500,\"caption\":\"Kapitalis\"},\"image\":{\"@id\":\"https:\/\/kapitalis.com\/tunisie\/#\/schema\/logo\/image\/\"},\"sameAs\":[\"https:\/\/www.facebook.com\/KapitalisInfo\/\",\"https:\/\/x.com\/KapitalisInfo\",\"https:\/\/www.youtube.com\/channel\/UC-yDYrHyfFBWWZaOw3FPg9Q\"]},{\"@type\":\"Person\",\"@id\":\"https:\/\/kapitalis.com\/tunisie\/#\/schema\/person\/d71f33a9ca44f7bad4698210b480c8e9\",\"name\":\"webmaster kapitalis\",\"url\":\"https:\/\/kapitalis.com\/tunisie\/author\/webmaster-kapitalis\/\"}]}<\/script>\n<!-- \/ Yoast SEO plugin. -->","yoast_head_json":{"title":"Ennakl Automobiles r\u00e9unira son assembl\u00e9e g\u00e9n\u00e9rale ordinaire le 24 juin 2020 - Kapitalis","robots":{"index":"index","follow":"follow","max-snippet":"max-snippet:-1","max-image-preview":"max-image-preview:large","max-video-preview":"max-video-preview:-1"},"canonical":"https:\/\/kapitalis.com\/tunisie\/2020\/06\/02\/ennakl-automobiles-reunira-son-assemblee-generale-ordinaire-le-24-juin-2020\/","og_locale":"fr_FR","og_type":"article","og_title":"Ennakl Automobiles r\u00e9unira son assembl\u00e9e g\u00e9n\u00e9rale ordinaire le 24 juin 2020 - Kapitalis","og_description":"La soci\u00e9t\u00e9 Ennakl Automobiles (concessionnaire en Tunisie des marques Volkswagen, Seat, Porsche, Skoda et Audi ) r\u00e9unira son assembl\u00e9e g\u00e9n\u00e9rale ordinaire le 24 juin 2020 \u00e0 14H30 au si\u00e8ge de la soci\u00e9t\u00e9 sis \u00e0 la zone industrielle Charguia II \u00e0 Tunis.","og_url":"https:\/\/kapitalis.com\/tunisie\/2020\/06\/02\/ennakl-automobiles-reunira-son-assemblee-generale-ordinaire-le-24-juin-2020\/","og_site_name":"Kapitalis","article_publisher":"https:\/\/www.facebook.com\/KapitalisInfo\/","article_published_time":"2020-06-02T09:24:16+00:00","article_modified_time":"2020-06-02T09:24:17+00:00","og_image":[{"url":"http:\/\/kapitalis.com\/tunisie\/wp-content\/uploads\/2020\/04\/Ennakl-Automobiles.jpg","type":"","width":"","height":""}],"author":"webmaster kapitalis","twitter_card":"summary_large_image","twitter_creator":"@KapitalisInfo","twitter_site":"@KapitalisInfo","twitter_misc":{"\u00c9crit par":"webmaster kapitalis","Dur\u00e9e de lecture estim\u00e9e":"1 minute"},"schema":{"@context":"https:\/\/schema.org","@graph":[{"@type":"Article","@id":"https:\/\/kapitalis.com\/tunisie\/2020\/06\/02\/ennakl-automobiles-reunira-son-assemblee-generale-ordinaire-le-24-juin-2020\/#article","isPartOf":{"@id":"https:\/\/kapitalis.com\/tunisie\/2020\/06\/02\/ennakl-automobiles-reunira-son-assemblee-generale-ordinaire-le-24-juin-2020\/"},"author":{"name":"webmaster kapitalis","@id":"https:\/\/kapitalis.com\/tunisie\/#\/schema\/person\/d71f33a9ca44f7bad4698210b480c8e9"},"headline":"Ennakl Automobiles r\u00e9unira son assembl\u00e9e g\u00e9n\u00e9rale ordinaire le 24 juin 2020","datePublished":"2020-06-02T09:24:16+00:00","dateModified":"2020-06-02T09:24:17+00:00","mainEntityOfPage":{"@id":"https:\/\/kapitalis.com\/tunisie\/2020\/06\/02\/ennakl-automobiles-reunira-son-assemblee-generale-ordinaire-le-24-juin-2020\/"},"wordCount":234,"commentCount":0,"publisher":{"@id":"https:\/\/kapitalis.com\/tunisie\/#organization"},"image":{"@id":"https:\/\/kapitalis.com\/tunisie\/2020\/06\/02\/ennakl-automobiles-reunira-son-assemblee-generale-ordinaire-le-24-juin-2020\/#primaryimage"},"thumbnailUrl":"http:\/\/kapitalis.com\/tunisie\/wp-content\/uploads\/2020\/04\/Ennakl-Automobiles.jpg","keywords":["assembl\u00e9e g\u00e9n\u00e9rale ordinaire","Ennakl Automobiles","\u00e9tats financiers individuels 2019"],"articleSection":["ECONOMIE","Tunisie"],"inLanguage":"fr-FR","potentialAction":[{"@type":"CommentAction","name":"Comment","target":["https:\/\/kapitalis.com\/tunisie\/2020\/06\/02\/ennakl-automobiles-reunira-son-assemblee-generale-ordinaire-le-24-juin-2020\/#respond"]}]},{"@type":"WebPage","@id":"https:\/\/kapitalis.com\/tunisie\/2020\/06\/02\/ennakl-automobiles-reunira-son-assemblee-generale-ordinaire-le-24-juin-2020\/","url":"https:\/\/kapitalis.com\/tunisie\/2020\/06\/02\/ennakl-automobiles-reunira-son-assemblee-generale-ordinaire-le-24-juin-2020\/","name":"Ennakl Automobiles r\u00e9unira son assembl\u00e9e g\u00e9n\u00e9rale ordinaire le 24 juin 2020 - Kapitalis","isPartOf":{"@id":"https:\/\/kapitalis.com\/tunisie\/#website"},"primaryImageOfPage":{"@id":"https:\/\/kapitalis.com\/tunisie\/2020\/06\/02\/ennakl-automobiles-reunira-son-assemblee-generale-ordinaire-le-24-juin-2020\/#primaryimage"},"image":{"@id":"https:\/\/kapitalis.com\/tunisie\/2020\/06\/02\/ennakl-automobiles-reunira-son-assemblee-generale-ordinaire-le-24-juin-2020\/#primaryimage"},"thumbnailUrl":"http:\/\/kapitalis.com\/tunisie\/wp-content\/uploads\/2020\/04\/Ennakl-Automobiles.jpg","datePublished":"2020-06-02T09:24:16+00:00","dateModified":"2020-06-02T09:24:17+00:00","breadcrumb":{"@id":"https:\/\/kapitalis.com\/tunisie\/2020\/06\/02\/ennakl-automobiles-reunira-son-assemblee-generale-ordinaire-le-24-juin-2020\/#breadcrumb"},"inLanguage":"fr-FR","potentialAction":[{"@type":"ReadAction","target":["https:\/\/kapitalis.com\/tunisie\/2020\/06\/02\/ennakl-automobiles-reunira-son-assemblee-generale-ordinaire-le-24-juin-2020\/"]}]},{"@type":"ImageObject","inLanguage":"fr-FR","@id":"https:\/\/kapitalis.com\/tunisie\/2020\/06\/02\/ennakl-automobiles-reunira-son-assemblee-generale-ordinaire-le-24-juin-2020\/#primaryimage","url":"","contentUrl":""},{"@type":"BreadcrumbList","@id":"https:\/\/kapitalis.com\/tunisie\/2020\/06\/02\/ennakl-automobiles-reunira-son-assemblee-generale-ordinaire-le-24-juin-2020\/#breadcrumb","itemListElement":[{"@type":"ListItem","position":1,"name":"Accueil","item":"https:\/\/kapitalis.com\/tunisie\/"},{"@type":"ListItem","position":2,"name":"Ennakl Automobiles r\u00e9unira son assembl\u00e9e g\u00e9n\u00e9rale ordinaire le 24 juin 2020"}]},{"@type":"WebSite","@id":"https:\/\/kapitalis.com\/tunisie\/#website","url":"https:\/\/kapitalis.com\/tunisie\/","name":"Kapitalis","description":"L&#039;actualit\u00e9 en Tunisie et dans le monde","publisher":{"@id":"https:\/\/kapitalis.com\/tunisie\/#organization"},"potentialAction":[{"@type":"SearchAction","target":{"@type":"EntryPoint","urlTemplate":"https:\/\/kapitalis.com\/tunisie\/?s={search_term_string}"},"query-input":{"@type":"PropertyValueSpecification","valueRequired":true,"valueName":"search_term_string"}}],"inLanguage":"fr-FR"},{"@type":"Organization","@id":"https:\/\/kapitalis.com\/tunisie\/#organization","name":"Kapitalis","url":"https:\/\/kapitalis.com\/tunisie\/","logo":{"@type":"ImageObject","inLanguage":"fr-FR","@id":"https:\/\/kapitalis.com\/tunisie\/#\/schema\/logo\/image\/","url":"https:\/\/kapitalis.com\/tunisie\/wp-content\/uploads\/2022\/05\/Kapitalis-big-size.png","contentUrl":"https:\/\/kapitalis.com\/tunisie\/wp-content\/uploads\/2022\/05\/Kapitalis-big-size.png","width":5000,"height":1500,"caption":"Kapitalis"},"image":{"@id":"https:\/\/kapitalis.com\/tunisie\/#\/schema\/logo\/image\/"},"sameAs":["https:\/\/www.facebook.com\/KapitalisInfo\/","https:\/\/x.com\/KapitalisInfo","https:\/\/www.youtube.com\/channel\/UC-yDYrHyfFBWWZaOw3FPg9Q"]},{"@type":"Person","@id":"https:\/\/kapitalis.com\/tunisie\/#\/schema\/person\/d71f33a9ca44f7bad4698210b480c8e9","name":"webmaster kapitalis","url":"https:\/\/kapitalis.com\/tunisie\/author\/webmaster-kapitalis\/"}]}},"_links":{"self":[{"href":"https:\/\/kapitalis.com\/tunisie\/wp-json\/wp\/v2\/posts\/301726","targetHints":{"allow":["GET"]}}],"collection":[{"href":"https:\/\/kapitalis.com\/tunisie\/wp-json\/wp\/v2\/posts"}],"about":[{"href":"https:\/\/kapitalis.com\/tunisie\/wp-json\/wp\/v2\/types\/post"}],"author":[{"embeddable":true,"href":"https:\/\/kapitalis.com\/tunisie\/wp-json\/wp\/v2\/users\/8"}],"replies":[{"embeddable":true,"href":"https:\/\/kapitalis.com\/tunisie\/wp-json\/wp\/v2\/comments?post=301726"}],"version-history":[{"count":0,"href":"https:\/\/kapitalis.com\/tunisie\/wp-json\/wp\/v2\/posts\/301726\/revisions"}],"wp:attachment":[{"href":"https:\/\/kapitalis.com\/tunisie\/wp-json\/wp\/v2\/media?parent=301726"}],"wp:term":[{"taxonomy":"category","embeddable":true,"href":"https:\/\/kapitalis.com\/tunisie\/wp-json\/wp\/v2\/categories?post=301726"},{"taxonomy":"post_tag","embeddable":true,"href":"https:\/\/kapitalis.com\/tunisie\/wp-json\/wp\/v2\/tags?post=301726"}],"curies":[{"name":"wp","href":"https:\/\/api.w.org\/{rel}","templated":true}]}}