{"id":30175,"date":"2015-12-13T10:36:24","date_gmt":"2015-12-13T09:36:24","guid":{"rendered":"http:\/\/kapitalis.com\/tunisie\/?p=30175"},"modified":"2015-12-13T10:36:24","modified_gmt":"2015-12-13T09:36:24","slug":"mise-en-vente-judiciaire-de-la-societe-ideal-moquette","status":"publish","type":"post","link":"https:\/\/kapitalis.com\/tunisie\/2015\/12\/13\/mise-en-vente-judiciaire-de-la-societe-ideal-moquette\/","title":{"rendered":"Mise en vente judiciaire de la soci\u00e9t\u00e9 Id\u00e9al Moquette"},"content":{"rendered":"<p><img loading=\"lazy\" decoding=\"async\" class=\"alignnone size-full wp-image-30176 aligncenter\" src=\"http:\/\/kapitalis.com\/tunisie\/wp-content\/uploads\/2015\/12\/Ideal-Moquette.jpg\" alt=\"Ideal-Moquette\" width=\"626\" height=\"380\" \/><\/p>\n<p><em><strong>Le tribunal de 1\u00e8re instance de Tunis I a d\u00e9cid\u00e9 fin octobre de la cession int\u00e9grale de la soci\u00e9t\u00e9 Id\u00e9al Moquette \u00e0 un tiers.<\/strong><\/em><\/p>\n<p><!--more--><\/p>\n<p>Le tribunal a pris cette d\u00e9cision apr\u00e8s avoir constat\u00e9 sa cessation de paiement depuis le 17 septembre 2015 et avoir eu la conviction de l\u2019impossibilit\u00e9 de son sauvetage et de la poursuite de son activit\u00e9.<\/p>\n<p>L\u2019expert Mohamed Meherzi et le juge commissaire Sihem Silliti ont \u00e9t\u00e9 charg\u00e9s de piloter l\u2019op\u00e9ration de cession de cette entreprise appartenant \u00e0 l\u2019homme d\u2019affaires Fathi Ben Farhat dont le groupe op\u00e8re dans l\u2019industrie textile.<\/p>\n<p style=\"text-align: right;\"><strong>Nabil Ben Ameur<\/strong><\/p>\n","protected":false},"excerpt":{"rendered":"<p>Le tribunal de 1\u00e8re instance de Tunis I a d\u00e9cid\u00e9 fin octobre de la cession int\u00e9grale de la soci\u00e9t\u00e9 Id\u00e9al Moquette \u00e0 un tiers.<\/p>\n","protected":false},"author":8,"featured_media":30176,"comment_status":"open","ping_status":"open","sticky":false,"template":"","format":"standard","meta":{"footnotes":""},"categories":[995,2433],"tags":[921],"class_list":["post-30175","post","type-post","status-publish","format-standard","has-post-thumbnail","hentry","category-economie","category-tunisie","tag-tribunal"],"yoast_head":"<!-- This site is optimized with the Yoast SEO plugin v26.6 - https:\/\/yoast.com\/wordpress\/plugins\/seo\/ -->\n<title>Mise en vente judiciaire de la soci\u00e9t\u00e9 Id\u00e9al Moquette - Kapitalis<\/title>\n<meta name=\"robots\" content=\"index, follow, max-snippet:-1, max-image-preview:large, max-video-preview:-1\" \/>\n<link rel=\"canonical\" href=\"https:\/\/kapitalis.com\/tunisie\/2015\/12\/13\/mise-en-vente-judiciaire-de-la-societe-ideal-moquette\/\" \/>\n<meta property=\"og:locale\" content=\"fr_FR\" \/>\n<meta property=\"og:type\" content=\"article\" \/>\n<meta property=\"og:title\" content=\"Mise en vente judiciaire de la soci\u00e9t\u00e9 Id\u00e9al Moquette - Kapitalis\" \/>\n<meta property=\"og:description\" content=\"Le tribunal de 1\u00e8re instance de Tunis I a d\u00e9cid\u00e9 fin octobre de la cession int\u00e9grale de la soci\u00e9t\u00e9 Id\u00e9al Moquette \u00e0 un tiers.\" \/>\n<meta property=\"og:url\" content=\"https:\/\/kapitalis.com\/tunisie\/2015\/12\/13\/mise-en-vente-judiciaire-de-la-societe-ideal-moquette\/\" \/>\n<meta property=\"og:site_name\" content=\"Kapitalis\" \/>\n<meta property=\"article:publisher\" content=\"https:\/\/www.facebook.com\/KapitalisInfo\/\" \/>\n<meta property=\"article:published_time\" content=\"2015-12-13T09:36:24+00:00\" \/>\n<meta property=\"og:image\" content=\"https:\/\/kapitalis.com\/tunisie\/wp-content\/uploads\/2022\/05\/kapitalis-logo-fb.png\" \/>\n\t<meta property=\"og:image:width\" content=\"1200\" \/>\n\t<meta property=\"og:image:height\" content=\"630\" \/>\n\t<meta property=\"og:image:type\" content=\"image\/png\" \/>\n<meta name=\"author\" content=\"webmaster kapitalis\" \/>\n<meta name=\"twitter:card\" content=\"summary_large_image\" \/>\n<meta name=\"twitter:creator\" content=\"@KapitalisInfo\" \/>\n<meta name=\"twitter:site\" content=\"@KapitalisInfo\" \/>\n<meta name=\"twitter:label1\" content=\"\u00c9crit par\" \/>\n\t<meta name=\"twitter:data1\" content=\"webmaster kapitalis\" \/>\n\t<meta name=\"twitter:label2\" content=\"Dur\u00e9e de lecture estim\u00e9e\" \/>\n\t<meta name=\"twitter:data2\" content=\"1 minute\" \/>\n<script type=\"application\/ld+json\" class=\"yoast-schema-graph\">{\"@context\":\"https:\/\/schema.org\",\"@graph\":[{\"@type\":\"Article\",\"@id\":\"https:\/\/kapitalis.com\/tunisie\/2015\/12\/13\/mise-en-vente-judiciaire-de-la-societe-ideal-moquette\/#article\",\"isPartOf\":{\"@id\":\"https:\/\/kapitalis.com\/tunisie\/2015\/12\/13\/mise-en-vente-judiciaire-de-la-societe-ideal-moquette\/\"},\"author\":{\"name\":\"webmaster kapitalis\",\"@id\":\"https:\/\/kapitalis.com\/tunisie\/#\/schema\/person\/d71f33a9ca44f7bad4698210b480c8e9\"},\"headline\":\"Mise en vente judiciaire de la soci\u00e9t\u00e9 Id\u00e9al Moquette\",\"datePublished\":\"2015-12-13T09:36:24+00:00\",\"mainEntityOfPage\":{\"@id\":\"https:\/\/kapitalis.com\/tunisie\/2015\/12\/13\/mise-en-vente-judiciaire-de-la-societe-ideal-moquette\/\"},\"wordCount\":118,\"commentCount\":0,\"publisher\":{\"@id\":\"https:\/\/kapitalis.com\/tunisie\/#organization\"},\"image\":{\"@id\":\"https:\/\/kapitalis.com\/tunisie\/2015\/12\/13\/mise-en-vente-judiciaire-de-la-societe-ideal-moquette\/#primaryimage\"},\"thumbnailUrl\":\"\",\"keywords\":[\"tribunal\"],\"articleSection\":[\"ECONOMIE\",\"Tunisie\"],\"inLanguage\":\"fr-FR\",\"potentialAction\":[{\"@type\":\"CommentAction\",\"name\":\"Comment\",\"target\":[\"https:\/\/kapitalis.com\/tunisie\/2015\/12\/13\/mise-en-vente-judiciaire-de-la-societe-ideal-moquette\/#respond\"]}]},{\"@type\":\"WebPage\",\"@id\":\"https:\/\/kapitalis.com\/tunisie\/2015\/12\/13\/mise-en-vente-judiciaire-de-la-societe-ideal-moquette\/\",\"url\":\"https:\/\/kapitalis.com\/tunisie\/2015\/12\/13\/mise-en-vente-judiciaire-de-la-societe-ideal-moquette\/\",\"name\":\"Mise en vente judiciaire de la soci\u00e9t\u00e9 Id\u00e9al Moquette - Kapitalis\",\"isPartOf\":{\"@id\":\"https:\/\/kapitalis.com\/tunisie\/#website\"},\"primaryImageOfPage\":{\"@id\":\"https:\/\/kapitalis.com\/tunisie\/2015\/12\/13\/mise-en-vente-judiciaire-de-la-societe-ideal-moquette\/#primaryimage\"},\"image\":{\"@id\":\"https:\/\/kapitalis.com\/tunisie\/2015\/12\/13\/mise-en-vente-judiciaire-de-la-societe-ideal-moquette\/#primaryimage\"},\"thumbnailUrl\":\"\",\"datePublished\":\"2015-12-13T09:36:24+00:00\",\"breadcrumb\":{\"@id\":\"https:\/\/kapitalis.com\/tunisie\/2015\/12\/13\/mise-en-vente-judiciaire-de-la-societe-ideal-moquette\/#breadcrumb\"},\"inLanguage\":\"fr-FR\",\"potentialAction\":[{\"@type\":\"ReadAction\",\"target\":[\"https:\/\/kapitalis.com\/tunisie\/2015\/12\/13\/mise-en-vente-judiciaire-de-la-societe-ideal-moquette\/\"]}]},{\"@type\":\"ImageObject\",\"inLanguage\":\"fr-FR\",\"@id\":\"https:\/\/kapitalis.com\/tunisie\/2015\/12\/13\/mise-en-vente-judiciaire-de-la-societe-ideal-moquette\/#primaryimage\",\"url\":\"\",\"contentUrl\":\"\"},{\"@type\":\"BreadcrumbList\",\"@id\":\"https:\/\/kapitalis.com\/tunisie\/2015\/12\/13\/mise-en-vente-judiciaire-de-la-societe-ideal-moquette\/#breadcrumb\",\"itemListElement\":[{\"@type\":\"ListItem\",\"position\":1,\"name\":\"Accueil\",\"item\":\"https:\/\/kapitalis.com\/tunisie\/\"},{\"@type\":\"ListItem\",\"position\":2,\"name\":\"Mise en vente judiciaire de la soci\u00e9t\u00e9 Id\u00e9al Moquette\"}]},{\"@type\":\"WebSite\",\"@id\":\"https:\/\/kapitalis.com\/tunisie\/#website\",\"url\":\"https:\/\/kapitalis.com\/tunisie\/\",\"name\":\"Kapitalis\",\"description\":\"L&#039;actualit\u00e9 en Tunisie et dans le monde\",\"publisher\":{\"@id\":\"https:\/\/kapitalis.com\/tunisie\/#organization\"},\"potentialAction\":[{\"@type\":\"SearchAction\",\"target\":{\"@type\":\"EntryPoint\",\"urlTemplate\":\"https:\/\/kapitalis.com\/tunisie\/?s={search_term_string}\"},\"query-input\":{\"@type\":\"PropertyValueSpecification\",\"valueRequired\":true,\"valueName\":\"search_term_string\"}}],\"inLanguage\":\"fr-FR\"},{\"@type\":\"Organization\",\"@id\":\"https:\/\/kapitalis.com\/tunisie\/#organization\",\"name\":\"Kapitalis\",\"url\":\"https:\/\/kapitalis.com\/tunisie\/\",\"logo\":{\"@type\":\"ImageObject\",\"inLanguage\":\"fr-FR\",\"@id\":\"https:\/\/kapitalis.com\/tunisie\/#\/schema\/logo\/image\/\",\"url\":\"https:\/\/kapitalis.com\/tunisie\/wp-content\/uploads\/2022\/05\/Kapitalis-big-size.png\",\"contentUrl\":\"https:\/\/kapitalis.com\/tunisie\/wp-content\/uploads\/2022\/05\/Kapitalis-big-size.png\",\"width\":5000,\"height\":1500,\"caption\":\"Kapitalis\"},\"image\":{\"@id\":\"https:\/\/kapitalis.com\/tunisie\/#\/schema\/logo\/image\/\"},\"sameAs\":[\"https:\/\/www.facebook.com\/KapitalisInfo\/\",\"https:\/\/x.com\/KapitalisInfo\",\"https:\/\/www.youtube.com\/channel\/UC-yDYrHyfFBWWZaOw3FPg9Q\"]},{\"@type\":\"Person\",\"@id\":\"https:\/\/kapitalis.com\/tunisie\/#\/schema\/person\/d71f33a9ca44f7bad4698210b480c8e9\",\"name\":\"webmaster kapitalis\",\"url\":\"https:\/\/kapitalis.com\/tunisie\/author\/webmaster-kapitalis\/\"}]}<\/script>\n<!-- \/ Yoast SEO plugin. -->","yoast_head_json":{"title":"Mise en vente judiciaire de la soci\u00e9t\u00e9 Id\u00e9al Moquette - Kapitalis","robots":{"index":"index","follow":"follow","max-snippet":"max-snippet:-1","max-image-preview":"max-image-preview:large","max-video-preview":"max-video-preview:-1"},"canonical":"https:\/\/kapitalis.com\/tunisie\/2015\/12\/13\/mise-en-vente-judiciaire-de-la-societe-ideal-moquette\/","og_locale":"fr_FR","og_type":"article","og_title":"Mise en vente judiciaire de la soci\u00e9t\u00e9 Id\u00e9al Moquette - Kapitalis","og_description":"Le tribunal de 1\u00e8re instance de Tunis I a d\u00e9cid\u00e9 fin octobre de la cession int\u00e9grale de la soci\u00e9t\u00e9 Id\u00e9al Moquette \u00e0 un tiers.","og_url":"https:\/\/kapitalis.com\/tunisie\/2015\/12\/13\/mise-en-vente-judiciaire-de-la-societe-ideal-moquette\/","og_site_name":"Kapitalis","article_publisher":"https:\/\/www.facebook.com\/KapitalisInfo\/","article_published_time":"2015-12-13T09:36:24+00:00","og_image":[{"width":1200,"height":630,"url":"https:\/\/kapitalis.com\/tunisie\/wp-content\/uploads\/2022\/05\/kapitalis-logo-fb.png","type":"image\/png"}],"author":"webmaster kapitalis","twitter_card":"summary_large_image","twitter_creator":"@KapitalisInfo","twitter_site":"@KapitalisInfo","twitter_misc":{"\u00c9crit par":"webmaster kapitalis","Dur\u00e9e de lecture estim\u00e9e":"1 minute"},"schema":{"@context":"https:\/\/schema.org","@graph":[{"@type":"Article","@id":"https:\/\/kapitalis.com\/tunisie\/2015\/12\/13\/mise-en-vente-judiciaire-de-la-societe-ideal-moquette\/#article","isPartOf":{"@id":"https:\/\/kapitalis.com\/tunisie\/2015\/12\/13\/mise-en-vente-judiciaire-de-la-societe-ideal-moquette\/"},"author":{"name":"webmaster kapitalis","@id":"https:\/\/kapitalis.com\/tunisie\/#\/schema\/person\/d71f33a9ca44f7bad4698210b480c8e9"},"headline":"Mise en vente judiciaire de la soci\u00e9t\u00e9 Id\u00e9al Moquette","datePublished":"2015-12-13T09:36:24+00:00","mainEntityOfPage":{"@id":"https:\/\/kapitalis.com\/tunisie\/2015\/12\/13\/mise-en-vente-judiciaire-de-la-societe-ideal-moquette\/"},"wordCount":118,"commentCount":0,"publisher":{"@id":"https:\/\/kapitalis.com\/tunisie\/#organization"},"image":{"@id":"https:\/\/kapitalis.com\/tunisie\/2015\/12\/13\/mise-en-vente-judiciaire-de-la-societe-ideal-moquette\/#primaryimage"},"thumbnailUrl":"","keywords":["tribunal"],"articleSection":["ECONOMIE","Tunisie"],"inLanguage":"fr-FR","potentialAction":[{"@type":"CommentAction","name":"Comment","target":["https:\/\/kapitalis.com\/tunisie\/2015\/12\/13\/mise-en-vente-judiciaire-de-la-societe-ideal-moquette\/#respond"]}]},{"@type":"WebPage","@id":"https:\/\/kapitalis.com\/tunisie\/2015\/12\/13\/mise-en-vente-judiciaire-de-la-societe-ideal-moquette\/","url":"https:\/\/kapitalis.com\/tunisie\/2015\/12\/13\/mise-en-vente-judiciaire-de-la-societe-ideal-moquette\/","name":"Mise en vente judiciaire de la soci\u00e9t\u00e9 Id\u00e9al Moquette - Kapitalis","isPartOf":{"@id":"https:\/\/kapitalis.com\/tunisie\/#website"},"primaryImageOfPage":{"@id":"https:\/\/kapitalis.com\/tunisie\/2015\/12\/13\/mise-en-vente-judiciaire-de-la-societe-ideal-moquette\/#primaryimage"},"image":{"@id":"https:\/\/kapitalis.com\/tunisie\/2015\/12\/13\/mise-en-vente-judiciaire-de-la-societe-ideal-moquette\/#primaryimage"},"thumbnailUrl":"","datePublished":"2015-12-13T09:36:24+00:00","breadcrumb":{"@id":"https:\/\/kapitalis.com\/tunisie\/2015\/12\/13\/mise-en-vente-judiciaire-de-la-societe-ideal-moquette\/#breadcrumb"},"inLanguage":"fr-FR","potentialAction":[{"@type":"ReadAction","target":["https:\/\/kapitalis.com\/tunisie\/2015\/12\/13\/mise-en-vente-judiciaire-de-la-societe-ideal-moquette\/"]}]},{"@type":"ImageObject","inLanguage":"fr-FR","@id":"https:\/\/kapitalis.com\/tunisie\/2015\/12\/13\/mise-en-vente-judiciaire-de-la-societe-ideal-moquette\/#primaryimage","url":"","contentUrl":""},{"@type":"BreadcrumbList","@id":"https:\/\/kapitalis.com\/tunisie\/2015\/12\/13\/mise-en-vente-judiciaire-de-la-societe-ideal-moquette\/#breadcrumb","itemListElement":[{"@type":"ListItem","position":1,"name":"Accueil","item":"https:\/\/kapitalis.com\/tunisie\/"},{"@type":"ListItem","position":2,"name":"Mise en vente judiciaire de la soci\u00e9t\u00e9 Id\u00e9al Moquette"}]},{"@type":"WebSite","@id":"https:\/\/kapitalis.com\/tunisie\/#website","url":"https:\/\/kapitalis.com\/tunisie\/","name":"Kapitalis","description":"L&#039;actualit\u00e9 en Tunisie et dans le monde","publisher":{"@id":"https:\/\/kapitalis.com\/tunisie\/#organization"},"potentialAction":[{"@type":"SearchAction","target":{"@type":"EntryPoint","urlTemplate":"https:\/\/kapitalis.com\/tunisie\/?s={search_term_string}"},"query-input":{"@type":"PropertyValueSpecification","valueRequired":true,"valueName":"search_term_string"}}],"inLanguage":"fr-FR"},{"@type":"Organization","@id":"https:\/\/kapitalis.com\/tunisie\/#organization","name":"Kapitalis","url":"https:\/\/kapitalis.com\/tunisie\/","logo":{"@type":"ImageObject","inLanguage":"fr-FR","@id":"https:\/\/kapitalis.com\/tunisie\/#\/schema\/logo\/image\/","url":"https:\/\/kapitalis.com\/tunisie\/wp-content\/uploads\/2022\/05\/Kapitalis-big-size.png","contentUrl":"https:\/\/kapitalis.com\/tunisie\/wp-content\/uploads\/2022\/05\/Kapitalis-big-size.png","width":5000,"height":1500,"caption":"Kapitalis"},"image":{"@id":"https:\/\/kapitalis.com\/tunisie\/#\/schema\/logo\/image\/"},"sameAs":["https:\/\/www.facebook.com\/KapitalisInfo\/","https:\/\/x.com\/KapitalisInfo","https:\/\/www.youtube.com\/channel\/UC-yDYrHyfFBWWZaOw3FPg9Q"]},{"@type":"Person","@id":"https:\/\/kapitalis.com\/tunisie\/#\/schema\/person\/d71f33a9ca44f7bad4698210b480c8e9","name":"webmaster kapitalis","url":"https:\/\/kapitalis.com\/tunisie\/author\/webmaster-kapitalis\/"}]}},"_links":{"self":[{"href":"https:\/\/kapitalis.com\/tunisie\/wp-json\/wp\/v2\/posts\/30175","targetHints":{"allow":["GET"]}}],"collection":[{"href":"https:\/\/kapitalis.com\/tunisie\/wp-json\/wp\/v2\/posts"}],"about":[{"href":"https:\/\/kapitalis.com\/tunisie\/wp-json\/wp\/v2\/types\/post"}],"author":[{"embeddable":true,"href":"https:\/\/kapitalis.com\/tunisie\/wp-json\/wp\/v2\/users\/8"}],"replies":[{"embeddable":true,"href":"https:\/\/kapitalis.com\/tunisie\/wp-json\/wp\/v2\/comments?post=30175"}],"version-history":[{"count":0,"href":"https:\/\/kapitalis.com\/tunisie\/wp-json\/wp\/v2\/posts\/30175\/revisions"}],"wp:featuredmedia":[{"embeddable":true,"href":"https:\/\/kapitalis.com\/tunisie\/wp-json\/wp\/v2\/media\/30176"}],"wp:attachment":[{"href":"https:\/\/kapitalis.com\/tunisie\/wp-json\/wp\/v2\/media?parent=30175"}],"wp:term":[{"taxonomy":"category","embeddable":true,"href":"https:\/\/kapitalis.com\/tunisie\/wp-json\/wp\/v2\/categories?post=30175"},{"taxonomy":"post_tag","embeddable":true,"href":"https:\/\/kapitalis.com\/tunisie\/wp-json\/wp\/v2\/tags?post=30175"}],"curies":[{"name":"wp","href":"https:\/\/api.w.org\/{rel}","templated":true}]}}