{"id":301797,"date":"2020-06-02T16:57:47","date_gmt":"2020-06-02T15:57:47","guid":{"rendered":"http:\/\/kapitalis.com\/tunisie\/?p=301797"},"modified":"2020-06-02T17:28:40","modified_gmt":"2020-06-02T16:28:40","slug":"noureddine-taboubi-critique-les-deux-poids-deux-mesures-de-la-justice-tunisienne","status":"publish","type":"post","link":"https:\/\/kapitalis.com\/tunisie\/2020\/06\/02\/noureddine-taboubi-critique-les-deux-poids-deux-mesures-de-la-justice-tunisienne\/","title":{"rendered":"Conflits UGTT &#8211; Al Karama : Noureddine Taboubi accuse la justice d&rsquo;avoir deux poids deux mesures"},"content":{"rendered":"\n<figure class=\"wp-block-image size-large\"><img decoding=\"async\" src=\"http:\/\/kapitalis.com\/tunisie\/wp-content\/uploads\/2020\/06\/r\u00e9union-ugtt.jpg\" alt=\"\" class=\"wp-image-301800\"\/><\/figure>\n\n\n\n<p><strong><em>Le secr\u00e9taire g\u00e9n\u00e9ral de l&rsquo;Union g\u00e9n\u00e9rale tunisienne du travail (UGTT), Noureddine Taboubi, a d\u00e9clar\u00e9 aujourd&rsquo;hui, mardi 2 juin 2020, que son organisation a d\u00e9pos\u00e9 5 plaintes judiciaires contre \u00abune partie qui se consid\u00e8re politique et qui est en r\u00e9alit\u00e9 le pare-chocs d&rsquo;un parti hostile \u00e0 l&rsquo;UGTT\u00bb, sans qu&rsquo;elles ne soient trait\u00e9es par la justice, regrettant le fait que celle-ci s&rsquo;est, en revanche, rapidement activ\u00e9e concernant l&rsquo;affaire du d\u00e9put\u00e9 Al-Karama Mohamed Aff\u00e8s.<\/em><\/strong><\/p>\n\n\n\n<!--more-->\n\n\n\n<p>En marge de la r\u00e9union du bureau ex\u00e9cutif \u00e9largi de la centrale syndicale, Taboubi a donc fait allusion \u00e0 la coalition de l&rsquo;extr\u00eame droite religieuse, Al-Karama, sans la nommer, en faisant allusion \u00e0 son surnom de \u00ab<em>pare-choc d&rsquo;Ennahdha<\/em>\u00bb que certains lui attribuent.<\/p>\n\n\n\n<p>Taboubi a pr\u00e9cis\u00e9 que l&rsquo;UGTT s&rsquo;est appuy\u00e9e sur des preuves et des donn\u00e9es pr\u00e9cises en formulant ses plaintes, critiquant la lenteur de la justice, qui a, par ailleurs, \u00ab<em>trait\u00e9 \u00e0 la vitesse de l&rsquo;\u00e9clair une autre affaire<\/em>\u00bb, poursuit-il, en parlant de <a href=\"http:\/\/kapitalis.com\/tunisie\/2020\/03\/24\/sfax-le-depute-dal-karama-mohamed-affes-accuse-des-representants-de-lugtt-de-lavoir-agresse-video\/\">celle du d\u00e9put\u00e9 d&rsquo;Al Karama, Mohamed Affes<\/a>, accusant des syndicalistes de l&rsquo;avoir agress\u00e9.<\/p>\n\n\n\n<p>Le dirigeant syndicaliste a, sur un autre plan, critiqu\u00e9 le gouvernement Fakhfakh parce qu&rsquo;il ne privil\u00e9gie pas la dimension sociale, selon lui, estimant qu&rsquo;il s&rsquo;agit d&rsquo;un \u00ab<em>gouvernement d\u2019aust\u00e9rit\u00e9<\/em>\u00bb et rappelant qu&rsquo;il s&rsquo;\u00e9tait, pourtant, engag\u00e9 devant l&rsquo;Assembl\u00e9e des repr\u00e9sentants du peuple (ARP), \u00e0 placer les questions sociales (telles que la d\u00e9fense des cat\u00e9gories sociales vuln\u00e9rables et marginalis\u00e9es) au c\u0153ur de ses priorit\u00e9s.<\/p>\n\n\n\n<p>M. Taboubi a ajout\u00e9 que ce gouvernement, form\u00e9 sur la base d\u2019un document contractuel entre les partis de la coalition au pouvoir, doit coordonner davantage avec l\u2019UGTT en vue de d\u00e9velopper, promouvoir et restructurer le secteur public.<\/p>\n\n\n\n<p class=\"has-text-align-right\"><strong>C. B. Y.<\/strong><\/p>\n","protected":false},"excerpt":{"rendered":"<p>Le secr\u00e9taire g\u00e9n\u00e9ral de l&rsquo;Union g\u00e9n\u00e9rale tunisienne du travail (UGTT), Noureddine Taboubi, a d\u00e9clar\u00e9 aujourd&rsquo;hui, mardi 2 juin 2020, que son organisation a d\u00e9pos\u00e9 5 plaintes judiciaires contre \u00abune partie qui se consid\u00e8re politique et qui est en r\u00e9alit\u00e9 le pare-chocs d&rsquo;un parti hostile \u00e0 l&rsquo;UGTT\u00bb, sans qu&rsquo;elles ne soient trait\u00e9es par la justice, regrettant&#8230;<\/p>\n","protected":false},"author":24,"featured_media":301800,"comment_status":"open","ping_status":"open","sticky":false,"template":"","format":"standard","meta":{"footnotes":""},"categories":[997,2433],"tags":[66005,49543,75032,21897,936],"class_list":["post-301797","post","type-post","status-publish","format-standard","has-post-thumbnail","hentry","category-politique","category-tunisie","tag-al-karama","tag-ennahdha","tag-gouvernement-fakhfakh","tag-noureddine-taboubi","tag-ugtt"],"yoast_head":"<!-- This site is optimized with the Yoast SEO plugin v26.6 - https:\/\/yoast.com\/wordpress\/plugins\/seo\/ -->\n<title>Conflits UGTT - Al Karama : Noureddine Taboubi accuse la justice d&#039;avoir deux poids deux mesures - Kapitalis<\/title>\n<meta name=\"robots\" content=\"index, follow, max-snippet:-1, max-image-preview:large, max-video-preview:-1\" \/>\n<link rel=\"canonical\" href=\"https:\/\/kapitalis.com\/tunisie\/2020\/06\/02\/noureddine-taboubi-critique-les-deux-poids-deux-mesures-de-la-justice-tunisienne\/\" \/>\n<meta property=\"og:locale\" content=\"fr_FR\" \/>\n<meta property=\"og:type\" content=\"article\" \/>\n<meta property=\"og:title\" content=\"Conflits UGTT - Al Karama : Noureddine Taboubi accuse la justice d&#039;avoir deux poids deux mesures - Kapitalis\" \/>\n<meta property=\"og:description\" content=\"Le secr\u00e9taire g\u00e9n\u00e9ral de l&rsquo;Union g\u00e9n\u00e9rale tunisienne du travail (UGTT), Noureddine Taboubi, a d\u00e9clar\u00e9 aujourd&rsquo;hui, mardi 2 juin 2020, que son organisation a d\u00e9pos\u00e9 5 plaintes judiciaires contre \u00abune partie qui se consid\u00e8re politique et qui est en r\u00e9alit\u00e9 le pare-chocs d&rsquo;un parti hostile \u00e0 l&rsquo;UGTT\u00bb, sans qu&rsquo;elles ne soient trait\u00e9es par la justice, regrettant...\" \/>\n<meta property=\"og:url\" content=\"https:\/\/kapitalis.com\/tunisie\/2020\/06\/02\/noureddine-taboubi-critique-les-deux-poids-deux-mesures-de-la-justice-tunisienne\/\" \/>\n<meta property=\"og:site_name\" content=\"Kapitalis\" \/>\n<meta property=\"article:publisher\" content=\"https:\/\/www.facebook.com\/KapitalisInfo\/\" \/>\n<meta property=\"article:published_time\" content=\"2020-06-02T15:57:47+00:00\" \/>\n<meta property=\"article:modified_time\" content=\"2020-06-02T16:28:40+00:00\" \/>\n<meta property=\"og:image\" content=\"https:\/\/kapitalis.com\/tunisie\/wp-content\/uploads\/2022\/05\/kapitalis-logo-fb.png\" \/>\n\t<meta property=\"og:image:width\" content=\"1200\" \/>\n\t<meta property=\"og:image:height\" content=\"630\" \/>\n\t<meta property=\"og:image:type\" content=\"image\/png\" \/>\n<meta name=\"author\" content=\"Cherif Benyounes\" \/>\n<meta name=\"twitter:card\" content=\"summary_large_image\" \/>\n<meta name=\"twitter:creator\" content=\"@KapitalisInfo\" \/>\n<meta name=\"twitter:site\" content=\"@KapitalisInfo\" \/>\n<meta name=\"twitter:label1\" content=\"\u00c9crit par\" \/>\n\t<meta name=\"twitter:data1\" content=\"Cherif Benyounes\" \/>\n\t<meta name=\"twitter:label2\" content=\"Dur\u00e9e de lecture estim\u00e9e\" \/>\n\t<meta name=\"twitter:data2\" content=\"1 minute\" \/>\n<script type=\"application\/ld+json\" class=\"yoast-schema-graph\">{\"@context\":\"https:\/\/schema.org\",\"@graph\":[{\"@type\":\"Article\",\"@id\":\"https:\/\/kapitalis.com\/tunisie\/2020\/06\/02\/noureddine-taboubi-critique-les-deux-poids-deux-mesures-de-la-justice-tunisienne\/#article\",\"isPartOf\":{\"@id\":\"https:\/\/kapitalis.com\/tunisie\/2020\/06\/02\/noureddine-taboubi-critique-les-deux-poids-deux-mesures-de-la-justice-tunisienne\/\"},\"author\":{\"name\":\"Cherif Benyounes\",\"@id\":\"https:\/\/kapitalis.com\/tunisie\/#\/schema\/person\/b35b8d631961131107263178aeb8019e\"},\"headline\":\"Conflits UGTT &#8211; Al Karama : Noureddine Taboubi accuse la justice d&rsquo;avoir deux poids deux mesures\",\"datePublished\":\"2020-06-02T15:57:47+00:00\",\"dateModified\":\"2020-06-02T16:28:40+00:00\",\"mainEntityOfPage\":{\"@id\":\"https:\/\/kapitalis.com\/tunisie\/2020\/06\/02\/noureddine-taboubi-critique-les-deux-poids-deux-mesures-de-la-justice-tunisienne\/\"},\"wordCount\":312,\"commentCount\":2,\"publisher\":{\"@id\":\"https:\/\/kapitalis.com\/tunisie\/#organization\"},\"image\":{\"@id\":\"https:\/\/kapitalis.com\/tunisie\/2020\/06\/02\/noureddine-taboubi-critique-les-deux-poids-deux-mesures-de-la-justice-tunisienne\/#primaryimage\"},\"thumbnailUrl\":\"\",\"keywords\":[\"Al Karama\",\"Ennahdha\",\"gouvernement Fakhfakh\",\"Noureddine Taboubi\",\"UGTT\"],\"articleSection\":[\"POLITIQUE\",\"Tunisie\"],\"inLanguage\":\"fr-FR\",\"potentialAction\":[{\"@type\":\"CommentAction\",\"name\":\"Comment\",\"target\":[\"https:\/\/kapitalis.com\/tunisie\/2020\/06\/02\/noureddine-taboubi-critique-les-deux-poids-deux-mesures-de-la-justice-tunisienne\/#respond\"]}]},{\"@type\":\"WebPage\",\"@id\":\"https:\/\/kapitalis.com\/tunisie\/2020\/06\/02\/noureddine-taboubi-critique-les-deux-poids-deux-mesures-de-la-justice-tunisienne\/\",\"url\":\"https:\/\/kapitalis.com\/tunisie\/2020\/06\/02\/noureddine-taboubi-critique-les-deux-poids-deux-mesures-de-la-justice-tunisienne\/\",\"name\":\"Conflits UGTT - Al Karama : Noureddine Taboubi accuse la justice d'avoir deux poids deux mesures - Kapitalis\",\"isPartOf\":{\"@id\":\"https:\/\/kapitalis.com\/tunisie\/#website\"},\"primaryImageOfPage\":{\"@id\":\"https:\/\/kapitalis.com\/tunisie\/2020\/06\/02\/noureddine-taboubi-critique-les-deux-poids-deux-mesures-de-la-justice-tunisienne\/#primaryimage\"},\"image\":{\"@id\":\"https:\/\/kapitalis.com\/tunisie\/2020\/06\/02\/noureddine-taboubi-critique-les-deux-poids-deux-mesures-de-la-justice-tunisienne\/#primaryimage\"},\"thumbnailUrl\":\"\",\"datePublished\":\"2020-06-02T15:57:47+00:00\",\"dateModified\":\"2020-06-02T16:28:40+00:00\",\"breadcrumb\":{\"@id\":\"https:\/\/kapitalis.com\/tunisie\/2020\/06\/02\/noureddine-taboubi-critique-les-deux-poids-deux-mesures-de-la-justice-tunisienne\/#breadcrumb\"},\"inLanguage\":\"fr-FR\",\"potentialAction\":[{\"@type\":\"ReadAction\",\"target\":[\"https:\/\/kapitalis.com\/tunisie\/2020\/06\/02\/noureddine-taboubi-critique-les-deux-poids-deux-mesures-de-la-justice-tunisienne\/\"]}]},{\"@type\":\"ImageObject\",\"inLanguage\":\"fr-FR\",\"@id\":\"https:\/\/kapitalis.com\/tunisie\/2020\/06\/02\/noureddine-taboubi-critique-les-deux-poids-deux-mesures-de-la-justice-tunisienne\/#primaryimage\",\"url\":\"\",\"contentUrl\":\"\"},{\"@type\":\"BreadcrumbList\",\"@id\":\"https:\/\/kapitalis.com\/tunisie\/2020\/06\/02\/noureddine-taboubi-critique-les-deux-poids-deux-mesures-de-la-justice-tunisienne\/#breadcrumb\",\"itemListElement\":[{\"@type\":\"ListItem\",\"position\":1,\"name\":\"Accueil\",\"item\":\"https:\/\/kapitalis.com\/tunisie\/\"},{\"@type\":\"ListItem\",\"position\":2,\"name\":\"Conflits UGTT &#8211; Al Karama : Noureddine Taboubi accuse la justice d&rsquo;avoir deux poids deux mesures\"}]},{\"@type\":\"WebSite\",\"@id\":\"https:\/\/kapitalis.com\/tunisie\/#website\",\"url\":\"https:\/\/kapitalis.com\/tunisie\/\",\"name\":\"Kapitalis\",\"description\":\"L&#039;actualit\u00e9 en Tunisie et dans le monde\",\"publisher\":{\"@id\":\"https:\/\/kapitalis.com\/tunisie\/#organization\"},\"potentialAction\":[{\"@type\":\"SearchAction\",\"target\":{\"@type\":\"EntryPoint\",\"urlTemplate\":\"https:\/\/kapitalis.com\/tunisie\/?s={search_term_string}\"},\"query-input\":{\"@type\":\"PropertyValueSpecification\",\"valueRequired\":true,\"valueName\":\"search_term_string\"}}],\"inLanguage\":\"fr-FR\"},{\"@type\":\"Organization\",\"@id\":\"https:\/\/kapitalis.com\/tunisie\/#organization\",\"name\":\"Kapitalis\",\"url\":\"https:\/\/kapitalis.com\/tunisie\/\",\"logo\":{\"@type\":\"ImageObject\",\"inLanguage\":\"fr-FR\",\"@id\":\"https:\/\/kapitalis.com\/tunisie\/#\/schema\/logo\/image\/\",\"url\":\"https:\/\/kapitalis.com\/tunisie\/wp-content\/uploads\/2022\/05\/Kapitalis-big-size.png\",\"contentUrl\":\"https:\/\/kapitalis.com\/tunisie\/wp-content\/uploads\/2022\/05\/Kapitalis-big-size.png\",\"width\":5000,\"height\":1500,\"caption\":\"Kapitalis\"},\"image\":{\"@id\":\"https:\/\/kapitalis.com\/tunisie\/#\/schema\/logo\/image\/\"},\"sameAs\":[\"https:\/\/www.facebook.com\/KapitalisInfo\/\",\"https:\/\/x.com\/KapitalisInfo\",\"https:\/\/www.youtube.com\/channel\/UC-yDYrHyfFBWWZaOw3FPg9Q\"]},{\"@type\":\"Person\",\"@id\":\"https:\/\/kapitalis.com\/tunisie\/#\/schema\/person\/b35b8d631961131107263178aeb8019e\",\"name\":\"Cherif Benyounes\",\"url\":\"https:\/\/kapitalis.com\/tunisie\/author\/cherif\/\"}]}<\/script>\n<!-- \/ Yoast SEO plugin. -->","yoast_head_json":{"title":"Conflits UGTT - Al Karama : Noureddine Taboubi accuse la justice d'avoir deux poids deux mesures - Kapitalis","robots":{"index":"index","follow":"follow","max-snippet":"max-snippet:-1","max-image-preview":"max-image-preview:large","max-video-preview":"max-video-preview:-1"},"canonical":"https:\/\/kapitalis.com\/tunisie\/2020\/06\/02\/noureddine-taboubi-critique-les-deux-poids-deux-mesures-de-la-justice-tunisienne\/","og_locale":"fr_FR","og_type":"article","og_title":"Conflits UGTT - Al Karama : Noureddine Taboubi accuse la justice d'avoir deux poids deux mesures - Kapitalis","og_description":"Le secr\u00e9taire g\u00e9n\u00e9ral de l&rsquo;Union g\u00e9n\u00e9rale tunisienne du travail (UGTT), Noureddine Taboubi, a d\u00e9clar\u00e9 aujourd&rsquo;hui, mardi 2 juin 2020, que son organisation a d\u00e9pos\u00e9 5 plaintes judiciaires contre \u00abune partie qui se consid\u00e8re politique et qui est en r\u00e9alit\u00e9 le pare-chocs d&rsquo;un parti hostile \u00e0 l&rsquo;UGTT\u00bb, sans qu&rsquo;elles ne soient trait\u00e9es par la justice, regrettant...","og_url":"https:\/\/kapitalis.com\/tunisie\/2020\/06\/02\/noureddine-taboubi-critique-les-deux-poids-deux-mesures-de-la-justice-tunisienne\/","og_site_name":"Kapitalis","article_publisher":"https:\/\/www.facebook.com\/KapitalisInfo\/","article_published_time":"2020-06-02T15:57:47+00:00","article_modified_time":"2020-06-02T16:28:40+00:00","og_image":[{"width":1200,"height":630,"url":"https:\/\/kapitalis.com\/tunisie\/wp-content\/uploads\/2022\/05\/kapitalis-logo-fb.png","type":"image\/png"}],"author":"Cherif Benyounes","twitter_card":"summary_large_image","twitter_creator":"@KapitalisInfo","twitter_site":"@KapitalisInfo","twitter_misc":{"\u00c9crit par":"Cherif Benyounes","Dur\u00e9e de lecture estim\u00e9e":"1 minute"},"schema":{"@context":"https:\/\/schema.org","@graph":[{"@type":"Article","@id":"https:\/\/kapitalis.com\/tunisie\/2020\/06\/02\/noureddine-taboubi-critique-les-deux-poids-deux-mesures-de-la-justice-tunisienne\/#article","isPartOf":{"@id":"https:\/\/kapitalis.com\/tunisie\/2020\/06\/02\/noureddine-taboubi-critique-les-deux-poids-deux-mesures-de-la-justice-tunisienne\/"},"author":{"name":"Cherif Benyounes","@id":"https:\/\/kapitalis.com\/tunisie\/#\/schema\/person\/b35b8d631961131107263178aeb8019e"},"headline":"Conflits UGTT &#8211; Al Karama : Noureddine Taboubi accuse la justice d&rsquo;avoir deux poids deux mesures","datePublished":"2020-06-02T15:57:47+00:00","dateModified":"2020-06-02T16:28:40+00:00","mainEntityOfPage":{"@id":"https:\/\/kapitalis.com\/tunisie\/2020\/06\/02\/noureddine-taboubi-critique-les-deux-poids-deux-mesures-de-la-justice-tunisienne\/"},"wordCount":312,"commentCount":2,"publisher":{"@id":"https:\/\/kapitalis.com\/tunisie\/#organization"},"image":{"@id":"https:\/\/kapitalis.com\/tunisie\/2020\/06\/02\/noureddine-taboubi-critique-les-deux-poids-deux-mesures-de-la-justice-tunisienne\/#primaryimage"},"thumbnailUrl":"","keywords":["Al Karama","Ennahdha","gouvernement Fakhfakh","Noureddine Taboubi","UGTT"],"articleSection":["POLITIQUE","Tunisie"],"inLanguage":"fr-FR","potentialAction":[{"@type":"CommentAction","name":"Comment","target":["https:\/\/kapitalis.com\/tunisie\/2020\/06\/02\/noureddine-taboubi-critique-les-deux-poids-deux-mesures-de-la-justice-tunisienne\/#respond"]}]},{"@type":"WebPage","@id":"https:\/\/kapitalis.com\/tunisie\/2020\/06\/02\/noureddine-taboubi-critique-les-deux-poids-deux-mesures-de-la-justice-tunisienne\/","url":"https:\/\/kapitalis.com\/tunisie\/2020\/06\/02\/noureddine-taboubi-critique-les-deux-poids-deux-mesures-de-la-justice-tunisienne\/","name":"Conflits UGTT - Al Karama : Noureddine Taboubi accuse la justice d'avoir deux poids deux mesures - Kapitalis","isPartOf":{"@id":"https:\/\/kapitalis.com\/tunisie\/#website"},"primaryImageOfPage":{"@id":"https:\/\/kapitalis.com\/tunisie\/2020\/06\/02\/noureddine-taboubi-critique-les-deux-poids-deux-mesures-de-la-justice-tunisienne\/#primaryimage"},"image":{"@id":"https:\/\/kapitalis.com\/tunisie\/2020\/06\/02\/noureddine-taboubi-critique-les-deux-poids-deux-mesures-de-la-justice-tunisienne\/#primaryimage"},"thumbnailUrl":"","datePublished":"2020-06-02T15:57:47+00:00","dateModified":"2020-06-02T16:28:40+00:00","breadcrumb":{"@id":"https:\/\/kapitalis.com\/tunisie\/2020\/06\/02\/noureddine-taboubi-critique-les-deux-poids-deux-mesures-de-la-justice-tunisienne\/#breadcrumb"},"inLanguage":"fr-FR","potentialAction":[{"@type":"ReadAction","target":["https:\/\/kapitalis.com\/tunisie\/2020\/06\/02\/noureddine-taboubi-critique-les-deux-poids-deux-mesures-de-la-justice-tunisienne\/"]}]},{"@type":"ImageObject","inLanguage":"fr-FR","@id":"https:\/\/kapitalis.com\/tunisie\/2020\/06\/02\/noureddine-taboubi-critique-les-deux-poids-deux-mesures-de-la-justice-tunisienne\/#primaryimage","url":"","contentUrl":""},{"@type":"BreadcrumbList","@id":"https:\/\/kapitalis.com\/tunisie\/2020\/06\/02\/noureddine-taboubi-critique-les-deux-poids-deux-mesures-de-la-justice-tunisienne\/#breadcrumb","itemListElement":[{"@type":"ListItem","position":1,"name":"Accueil","item":"https:\/\/kapitalis.com\/tunisie\/"},{"@type":"ListItem","position":2,"name":"Conflits UGTT &#8211; Al Karama : Noureddine Taboubi accuse la justice d&rsquo;avoir deux poids deux mesures"}]},{"@type":"WebSite","@id":"https:\/\/kapitalis.com\/tunisie\/#website","url":"https:\/\/kapitalis.com\/tunisie\/","name":"Kapitalis","description":"L&#039;actualit\u00e9 en Tunisie et dans le monde","publisher":{"@id":"https:\/\/kapitalis.com\/tunisie\/#organization"},"potentialAction":[{"@type":"SearchAction","target":{"@type":"EntryPoint","urlTemplate":"https:\/\/kapitalis.com\/tunisie\/?s={search_term_string}"},"query-input":{"@type":"PropertyValueSpecification","valueRequired":true,"valueName":"search_term_string"}}],"inLanguage":"fr-FR"},{"@type":"Organization","@id":"https:\/\/kapitalis.com\/tunisie\/#organization","name":"Kapitalis","url":"https:\/\/kapitalis.com\/tunisie\/","logo":{"@type":"ImageObject","inLanguage":"fr-FR","@id":"https:\/\/kapitalis.com\/tunisie\/#\/schema\/logo\/image\/","url":"https:\/\/kapitalis.com\/tunisie\/wp-content\/uploads\/2022\/05\/Kapitalis-big-size.png","contentUrl":"https:\/\/kapitalis.com\/tunisie\/wp-content\/uploads\/2022\/05\/Kapitalis-big-size.png","width":5000,"height":1500,"caption":"Kapitalis"},"image":{"@id":"https:\/\/kapitalis.com\/tunisie\/#\/schema\/logo\/image\/"},"sameAs":["https:\/\/www.facebook.com\/KapitalisInfo\/","https:\/\/x.com\/KapitalisInfo","https:\/\/www.youtube.com\/channel\/UC-yDYrHyfFBWWZaOw3FPg9Q"]},{"@type":"Person","@id":"https:\/\/kapitalis.com\/tunisie\/#\/schema\/person\/b35b8d631961131107263178aeb8019e","name":"Cherif Benyounes","url":"https:\/\/kapitalis.com\/tunisie\/author\/cherif\/"}]}},"_links":{"self":[{"href":"https:\/\/kapitalis.com\/tunisie\/wp-json\/wp\/v2\/posts\/301797","targetHints":{"allow":["GET"]}}],"collection":[{"href":"https:\/\/kapitalis.com\/tunisie\/wp-json\/wp\/v2\/posts"}],"about":[{"href":"https:\/\/kapitalis.com\/tunisie\/wp-json\/wp\/v2\/types\/post"}],"author":[{"embeddable":true,"href":"https:\/\/kapitalis.com\/tunisie\/wp-json\/wp\/v2\/users\/24"}],"replies":[{"embeddable":true,"href":"https:\/\/kapitalis.com\/tunisie\/wp-json\/wp\/v2\/comments?post=301797"}],"version-history":[{"count":0,"href":"https:\/\/kapitalis.com\/tunisie\/wp-json\/wp\/v2\/posts\/301797\/revisions"}],"wp:featuredmedia":[{"embeddable":true,"href":"https:\/\/kapitalis.com\/tunisie\/wp-json\/wp\/v2\/media\/301800"}],"wp:attachment":[{"href":"https:\/\/kapitalis.com\/tunisie\/wp-json\/wp\/v2\/media?parent=301797"}],"wp:term":[{"taxonomy":"category","embeddable":true,"href":"https:\/\/kapitalis.com\/tunisie\/wp-json\/wp\/v2\/categories?post=301797"},{"taxonomy":"post_tag","embeddable":true,"href":"https:\/\/kapitalis.com\/tunisie\/wp-json\/wp\/v2\/tags?post=301797"}],"curies":[{"name":"wp","href":"https:\/\/api.w.org\/{rel}","templated":true}]}}