{"id":301819,"date":"2020-06-02T18:56:46","date_gmt":"2020-06-02T17:56:46","guid":{"rendered":"http:\/\/kapitalis.com\/tunisie\/?p=301819"},"modified":"2020-06-03T06:36:23","modified_gmt":"2020-06-03T05:36:23","slug":"medenine-256-tunisiens-rapatries-de-libye-negatifs-au-coronavirus","status":"publish","type":"post","link":"https:\/\/kapitalis.com\/tunisie\/2020\/06\/02\/medenine-256-tunisiens-rapatries-de-libye-negatifs-au-coronavirus\/","title":{"rendered":"M\u00e9denine : 256 Tunisiens rapatri\u00e9s de Libye, n\u00e9gatifs au coronavirus"},"content":{"rendered":"\n<figure class=\"wp-block-image size-large\"><img decoding=\"async\" src=\"http:\/\/kapitalis.com\/tunisie\/wp-content\/uploads\/2020\/05\/Mahdia-test-coronavirus.jpg\" alt=\"\" class=\"wp-image-301449\"\/><\/figure>\n\n\n\n<p><strong><em>La direction de la Sant\u00e9 \u00e0 M\u00e9denine a annonc\u00e9 aujourd&rsquo;hui, mardi 2 juin 2020, que les tests de d\u00e9pistage du coronavirus effectu\u00e9s sur 265 Tunisiens, r\u00e9cemment rapatri\u00e9s de Libye et plac\u00e9s \u00e0 l&rsquo;isolement obligatoire dans la r\u00e9gion, sont tous revenus n\u00e9gatifs.<\/em><\/strong><\/p>\n\n\n\n<!--more-->\n\n\n\n<p>Ainsi, le nombre de contaminations dans le gouvernorat de M\u00e9denine est toujours de 77, et on ne compte plus que deux patients encore porteurs du coronavirus et qui ne sont pas hospitalis\u00e9s, ajoute la m\u00eame source, tout en appelant les habitants \u00e0 continuer \u00e0 respecter les mesures d&rsquo;hygi\u00e8ne, de distanciation physique et le port du masque.<\/p>\n\n\n\n<p>D&rsquo;autre part, la direction de la sant\u00e9 a rappel\u00e9 que les 543 tests rapides effectu\u00e9s hier, dans les d\u00e9l\u00e9gations de M\u00e9denine-Nord, M\u00e9denine-Sud, Sidi Makhlouf et Beni Khedache, sur des \u00e9tudiants et des enseignants, en pr\u00e9vision de la reprise des cours \u00e0 l\u2019universit\u00e9, se sont tous r\u00e9v\u00e9l\u00e9s n\u00e9gatifs.<\/p>\n\n\n\n<p class=\"has-text-align-right\"><strong>Y. N.<\/strong><\/p>\n","protected":false},"excerpt":{"rendered":"<p>La direction de la Sant\u00e9 \u00e0 M\u00e9denine a annonc\u00e9 aujourd&rsquo;hui, mardi 2 juin 2020, que les tests de d\u00e9pistage du coronavirus effectu\u00e9s sur 265 Tunisiens, r\u00e9cemment rapatri\u00e9s de Libye et plac\u00e9s \u00e0 l&rsquo;isolement obligatoire dans la r\u00e9gion, sont tous revenus n\u00e9gatifs.<\/p>\n","protected":false},"author":6,"featured_media":0,"comment_status":"open","ping_status":"open","sticky":false,"template":"","format":"standard","meta":{"footnotes":""},"categories":[998,2433],"tags":[73060,544,591,78177,79263],"class_list":["post-301819","post","type-post","status-publish","format-standard","hentry","category-societe","category-tunisie","tag-coronavirus","tag-libye","tag-medenine","tag-tests-negatifs","tag-tunisiens-rapatries"],"yoast_head":"<!-- This site is optimized with the Yoast SEO plugin v26.6 - https:\/\/yoast.com\/wordpress\/plugins\/seo\/ -->\n<title>M\u00e9denine : 256 Tunisiens rapatri\u00e9s de Libye, n\u00e9gatifs au coronavirus - Kapitalis<\/title>\n<meta name=\"robots\" content=\"index, follow, max-snippet:-1, max-image-preview:large, max-video-preview:-1\" \/>\n<link rel=\"canonical\" href=\"https:\/\/kapitalis.com\/tunisie\/2020\/06\/02\/medenine-256-tunisiens-rapatries-de-libye-negatifs-au-coronavirus\/\" \/>\n<meta property=\"og:locale\" content=\"fr_FR\" \/>\n<meta property=\"og:type\" content=\"article\" \/>\n<meta property=\"og:title\" content=\"M\u00e9denine : 256 Tunisiens rapatri\u00e9s de Libye, n\u00e9gatifs au coronavirus - Kapitalis\" \/>\n<meta property=\"og:description\" content=\"La direction de la Sant\u00e9 \u00e0 M\u00e9denine a annonc\u00e9 aujourd&rsquo;hui, mardi 2 juin 2020, que les tests de d\u00e9pistage du coronavirus effectu\u00e9s sur 265 Tunisiens, r\u00e9cemment rapatri\u00e9s de Libye et plac\u00e9s \u00e0 l&rsquo;isolement obligatoire dans la r\u00e9gion, sont tous revenus n\u00e9gatifs.\" \/>\n<meta property=\"og:url\" content=\"https:\/\/kapitalis.com\/tunisie\/2020\/06\/02\/medenine-256-tunisiens-rapatries-de-libye-negatifs-au-coronavirus\/\" \/>\n<meta property=\"og:site_name\" content=\"Kapitalis\" \/>\n<meta property=\"article:publisher\" content=\"https:\/\/www.facebook.com\/KapitalisInfo\/\" \/>\n<meta property=\"article:published_time\" content=\"2020-06-02T17:56:46+00:00\" \/>\n<meta property=\"article:modified_time\" content=\"2020-06-03T05:36:23+00:00\" \/>\n<meta property=\"og:image\" content=\"http:\/\/kapitalis.com\/tunisie\/wp-content\/uploads\/2020\/05\/Mahdia-test-coronavirus.jpg\" \/>\n<meta name=\"author\" content=\"Yusra NY\" \/>\n<meta name=\"twitter:card\" content=\"summary_large_image\" \/>\n<meta name=\"twitter:creator\" content=\"@KapitalisInfo\" \/>\n<meta name=\"twitter:site\" content=\"@KapitalisInfo\" \/>\n<meta name=\"twitter:label1\" content=\"\u00c9crit par\" \/>\n\t<meta name=\"twitter:data1\" content=\"Yusra NY\" \/>\n\t<meta name=\"twitter:label2\" content=\"Dur\u00e9e de lecture estim\u00e9e\" \/>\n\t<meta name=\"twitter:data2\" content=\"1 minute\" \/>\n<script type=\"application\/ld+json\" class=\"yoast-schema-graph\">{\"@context\":\"https:\/\/schema.org\",\"@graph\":[{\"@type\":\"Article\",\"@id\":\"https:\/\/kapitalis.com\/tunisie\/2020\/06\/02\/medenine-256-tunisiens-rapatries-de-libye-negatifs-au-coronavirus\/#article\",\"isPartOf\":{\"@id\":\"https:\/\/kapitalis.com\/tunisie\/2020\/06\/02\/medenine-256-tunisiens-rapatries-de-libye-negatifs-au-coronavirus\/\"},\"author\":{\"name\":\"Yusra NY\",\"@id\":\"https:\/\/kapitalis.com\/tunisie\/#\/schema\/person\/74bbde0154d49d790a92aaeac5bc01d5\"},\"headline\":\"M\u00e9denine : 256 Tunisiens rapatri\u00e9s de Libye, n\u00e9gatifs au coronavirus\",\"datePublished\":\"2020-06-02T17:56:46+00:00\",\"dateModified\":\"2020-06-03T05:36:23+00:00\",\"mainEntityOfPage\":{\"@id\":\"https:\/\/kapitalis.com\/tunisie\/2020\/06\/02\/medenine-256-tunisiens-rapatries-de-libye-negatifs-au-coronavirus\/\"},\"wordCount\":170,\"commentCount\":0,\"publisher\":{\"@id\":\"https:\/\/kapitalis.com\/tunisie\/#organization\"},\"image\":{\"@id\":\"https:\/\/kapitalis.com\/tunisie\/2020\/06\/02\/medenine-256-tunisiens-rapatries-de-libye-negatifs-au-coronavirus\/#primaryimage\"},\"thumbnailUrl\":\"http:\/\/kapitalis.com\/tunisie\/wp-content\/uploads\/2020\/05\/Mahdia-test-coronavirus.jpg\",\"keywords\":[\"Coronavirus\",\"Libye\",\"Medenine\",\"Tests n\u00e9gatifs\",\"Tunisiens rapatri\u00e9s\"],\"articleSection\":[\"SOCIETE\",\"Tunisie\"],\"inLanguage\":\"fr-FR\",\"potentialAction\":[{\"@type\":\"CommentAction\",\"name\":\"Comment\",\"target\":[\"https:\/\/kapitalis.com\/tunisie\/2020\/06\/02\/medenine-256-tunisiens-rapatries-de-libye-negatifs-au-coronavirus\/#respond\"]}]},{\"@type\":\"WebPage\",\"@id\":\"https:\/\/kapitalis.com\/tunisie\/2020\/06\/02\/medenine-256-tunisiens-rapatries-de-libye-negatifs-au-coronavirus\/\",\"url\":\"https:\/\/kapitalis.com\/tunisie\/2020\/06\/02\/medenine-256-tunisiens-rapatries-de-libye-negatifs-au-coronavirus\/\",\"name\":\"M\u00e9denine : 256 Tunisiens rapatri\u00e9s de Libye, n\u00e9gatifs au coronavirus - Kapitalis\",\"isPartOf\":{\"@id\":\"https:\/\/kapitalis.com\/tunisie\/#website\"},\"primaryImageOfPage\":{\"@id\":\"https:\/\/kapitalis.com\/tunisie\/2020\/06\/02\/medenine-256-tunisiens-rapatries-de-libye-negatifs-au-coronavirus\/#primaryimage\"},\"image\":{\"@id\":\"https:\/\/kapitalis.com\/tunisie\/2020\/06\/02\/medenine-256-tunisiens-rapatries-de-libye-negatifs-au-coronavirus\/#primaryimage\"},\"thumbnailUrl\":\"http:\/\/kapitalis.com\/tunisie\/wp-content\/uploads\/2020\/05\/Mahdia-test-coronavirus.jpg\",\"datePublished\":\"2020-06-02T17:56:46+00:00\",\"dateModified\":\"2020-06-03T05:36:23+00:00\",\"breadcrumb\":{\"@id\":\"https:\/\/kapitalis.com\/tunisie\/2020\/06\/02\/medenine-256-tunisiens-rapatries-de-libye-negatifs-au-coronavirus\/#breadcrumb\"},\"inLanguage\":\"fr-FR\",\"potentialAction\":[{\"@type\":\"ReadAction\",\"target\":[\"https:\/\/kapitalis.com\/tunisie\/2020\/06\/02\/medenine-256-tunisiens-rapatries-de-libye-negatifs-au-coronavirus\/\"]}]},{\"@type\":\"ImageObject\",\"inLanguage\":\"fr-FR\",\"@id\":\"https:\/\/kapitalis.com\/tunisie\/2020\/06\/02\/medenine-256-tunisiens-rapatries-de-libye-negatifs-au-coronavirus\/#primaryimage\",\"url\":\"\",\"contentUrl\":\"\"},{\"@type\":\"BreadcrumbList\",\"@id\":\"https:\/\/kapitalis.com\/tunisie\/2020\/06\/02\/medenine-256-tunisiens-rapatries-de-libye-negatifs-au-coronavirus\/#breadcrumb\",\"itemListElement\":[{\"@type\":\"ListItem\",\"position\":1,\"name\":\"Accueil\",\"item\":\"https:\/\/kapitalis.com\/tunisie\/\"},{\"@type\":\"ListItem\",\"position\":2,\"name\":\"M\u00e9denine : 256 Tunisiens rapatri\u00e9s de Libye, n\u00e9gatifs au coronavirus\"}]},{\"@type\":\"WebSite\",\"@id\":\"https:\/\/kapitalis.com\/tunisie\/#website\",\"url\":\"https:\/\/kapitalis.com\/tunisie\/\",\"name\":\"Kapitalis\",\"description\":\"L&#039;actualit\u00e9 en Tunisie et dans le monde\",\"publisher\":{\"@id\":\"https:\/\/kapitalis.com\/tunisie\/#organization\"},\"potentialAction\":[{\"@type\":\"SearchAction\",\"target\":{\"@type\":\"EntryPoint\",\"urlTemplate\":\"https:\/\/kapitalis.com\/tunisie\/?s={search_term_string}\"},\"query-input\":{\"@type\":\"PropertyValueSpecification\",\"valueRequired\":true,\"valueName\":\"search_term_string\"}}],\"inLanguage\":\"fr-FR\"},{\"@type\":\"Organization\",\"@id\":\"https:\/\/kapitalis.com\/tunisie\/#organization\",\"name\":\"Kapitalis\",\"url\":\"https:\/\/kapitalis.com\/tunisie\/\",\"logo\":{\"@type\":\"ImageObject\",\"inLanguage\":\"fr-FR\",\"@id\":\"https:\/\/kapitalis.com\/tunisie\/#\/schema\/logo\/image\/\",\"url\":\"https:\/\/kapitalis.com\/tunisie\/wp-content\/uploads\/2022\/05\/Kapitalis-big-size.png\",\"contentUrl\":\"https:\/\/kapitalis.com\/tunisie\/wp-content\/uploads\/2022\/05\/Kapitalis-big-size.png\",\"width\":5000,\"height\":1500,\"caption\":\"Kapitalis\"},\"image\":{\"@id\":\"https:\/\/kapitalis.com\/tunisie\/#\/schema\/logo\/image\/\"},\"sameAs\":[\"https:\/\/www.facebook.com\/KapitalisInfo\/\",\"https:\/\/x.com\/KapitalisInfo\",\"https:\/\/www.youtube.com\/channel\/UC-yDYrHyfFBWWZaOw3FPg9Q\"]},{\"@type\":\"Person\",\"@id\":\"https:\/\/kapitalis.com\/tunisie\/#\/schema\/person\/74bbde0154d49d790a92aaeac5bc01d5\",\"name\":\"Yusra NY\",\"url\":\"https:\/\/kapitalis.com\/tunisie\/author\/yuza_adam\/\"}]}<\/script>\n<!-- \/ Yoast SEO plugin. -->","yoast_head_json":{"title":"M\u00e9denine : 256 Tunisiens rapatri\u00e9s de Libye, n\u00e9gatifs au coronavirus - Kapitalis","robots":{"index":"index","follow":"follow","max-snippet":"max-snippet:-1","max-image-preview":"max-image-preview:large","max-video-preview":"max-video-preview:-1"},"canonical":"https:\/\/kapitalis.com\/tunisie\/2020\/06\/02\/medenine-256-tunisiens-rapatries-de-libye-negatifs-au-coronavirus\/","og_locale":"fr_FR","og_type":"article","og_title":"M\u00e9denine : 256 Tunisiens rapatri\u00e9s de Libye, n\u00e9gatifs au coronavirus - Kapitalis","og_description":"La direction de la Sant\u00e9 \u00e0 M\u00e9denine a annonc\u00e9 aujourd&rsquo;hui, mardi 2 juin 2020, que les tests de d\u00e9pistage du coronavirus effectu\u00e9s sur 265 Tunisiens, r\u00e9cemment rapatri\u00e9s de Libye et plac\u00e9s \u00e0 l&rsquo;isolement obligatoire dans la r\u00e9gion, sont tous revenus n\u00e9gatifs.","og_url":"https:\/\/kapitalis.com\/tunisie\/2020\/06\/02\/medenine-256-tunisiens-rapatries-de-libye-negatifs-au-coronavirus\/","og_site_name":"Kapitalis","article_publisher":"https:\/\/www.facebook.com\/KapitalisInfo\/","article_published_time":"2020-06-02T17:56:46+00:00","article_modified_time":"2020-06-03T05:36:23+00:00","og_image":[{"url":"http:\/\/kapitalis.com\/tunisie\/wp-content\/uploads\/2020\/05\/Mahdia-test-coronavirus.jpg","type":"","width":"","height":""}],"author":"Yusra NY","twitter_card":"summary_large_image","twitter_creator":"@KapitalisInfo","twitter_site":"@KapitalisInfo","twitter_misc":{"\u00c9crit par":"Yusra NY","Dur\u00e9e de lecture estim\u00e9e":"1 minute"},"schema":{"@context":"https:\/\/schema.org","@graph":[{"@type":"Article","@id":"https:\/\/kapitalis.com\/tunisie\/2020\/06\/02\/medenine-256-tunisiens-rapatries-de-libye-negatifs-au-coronavirus\/#article","isPartOf":{"@id":"https:\/\/kapitalis.com\/tunisie\/2020\/06\/02\/medenine-256-tunisiens-rapatries-de-libye-negatifs-au-coronavirus\/"},"author":{"name":"Yusra NY","@id":"https:\/\/kapitalis.com\/tunisie\/#\/schema\/person\/74bbde0154d49d790a92aaeac5bc01d5"},"headline":"M\u00e9denine : 256 Tunisiens rapatri\u00e9s de Libye, n\u00e9gatifs au coronavirus","datePublished":"2020-06-02T17:56:46+00:00","dateModified":"2020-06-03T05:36:23+00:00","mainEntityOfPage":{"@id":"https:\/\/kapitalis.com\/tunisie\/2020\/06\/02\/medenine-256-tunisiens-rapatries-de-libye-negatifs-au-coronavirus\/"},"wordCount":170,"commentCount":0,"publisher":{"@id":"https:\/\/kapitalis.com\/tunisie\/#organization"},"image":{"@id":"https:\/\/kapitalis.com\/tunisie\/2020\/06\/02\/medenine-256-tunisiens-rapatries-de-libye-negatifs-au-coronavirus\/#primaryimage"},"thumbnailUrl":"http:\/\/kapitalis.com\/tunisie\/wp-content\/uploads\/2020\/05\/Mahdia-test-coronavirus.jpg","keywords":["Coronavirus","Libye","Medenine","Tests n\u00e9gatifs","Tunisiens rapatri\u00e9s"],"articleSection":["SOCIETE","Tunisie"],"inLanguage":"fr-FR","potentialAction":[{"@type":"CommentAction","name":"Comment","target":["https:\/\/kapitalis.com\/tunisie\/2020\/06\/02\/medenine-256-tunisiens-rapatries-de-libye-negatifs-au-coronavirus\/#respond"]}]},{"@type":"WebPage","@id":"https:\/\/kapitalis.com\/tunisie\/2020\/06\/02\/medenine-256-tunisiens-rapatries-de-libye-negatifs-au-coronavirus\/","url":"https:\/\/kapitalis.com\/tunisie\/2020\/06\/02\/medenine-256-tunisiens-rapatries-de-libye-negatifs-au-coronavirus\/","name":"M\u00e9denine : 256 Tunisiens rapatri\u00e9s de Libye, n\u00e9gatifs au coronavirus - Kapitalis","isPartOf":{"@id":"https:\/\/kapitalis.com\/tunisie\/#website"},"primaryImageOfPage":{"@id":"https:\/\/kapitalis.com\/tunisie\/2020\/06\/02\/medenine-256-tunisiens-rapatries-de-libye-negatifs-au-coronavirus\/#primaryimage"},"image":{"@id":"https:\/\/kapitalis.com\/tunisie\/2020\/06\/02\/medenine-256-tunisiens-rapatries-de-libye-negatifs-au-coronavirus\/#primaryimage"},"thumbnailUrl":"http:\/\/kapitalis.com\/tunisie\/wp-content\/uploads\/2020\/05\/Mahdia-test-coronavirus.jpg","datePublished":"2020-06-02T17:56:46+00:00","dateModified":"2020-06-03T05:36:23+00:00","breadcrumb":{"@id":"https:\/\/kapitalis.com\/tunisie\/2020\/06\/02\/medenine-256-tunisiens-rapatries-de-libye-negatifs-au-coronavirus\/#breadcrumb"},"inLanguage":"fr-FR","potentialAction":[{"@type":"ReadAction","target":["https:\/\/kapitalis.com\/tunisie\/2020\/06\/02\/medenine-256-tunisiens-rapatries-de-libye-negatifs-au-coronavirus\/"]}]},{"@type":"ImageObject","inLanguage":"fr-FR","@id":"https:\/\/kapitalis.com\/tunisie\/2020\/06\/02\/medenine-256-tunisiens-rapatries-de-libye-negatifs-au-coronavirus\/#primaryimage","url":"","contentUrl":""},{"@type":"BreadcrumbList","@id":"https:\/\/kapitalis.com\/tunisie\/2020\/06\/02\/medenine-256-tunisiens-rapatries-de-libye-negatifs-au-coronavirus\/#breadcrumb","itemListElement":[{"@type":"ListItem","position":1,"name":"Accueil","item":"https:\/\/kapitalis.com\/tunisie\/"},{"@type":"ListItem","position":2,"name":"M\u00e9denine : 256 Tunisiens rapatri\u00e9s de Libye, n\u00e9gatifs au coronavirus"}]},{"@type":"WebSite","@id":"https:\/\/kapitalis.com\/tunisie\/#website","url":"https:\/\/kapitalis.com\/tunisie\/","name":"Kapitalis","description":"L&#039;actualit\u00e9 en Tunisie et dans le monde","publisher":{"@id":"https:\/\/kapitalis.com\/tunisie\/#organization"},"potentialAction":[{"@type":"SearchAction","target":{"@type":"EntryPoint","urlTemplate":"https:\/\/kapitalis.com\/tunisie\/?s={search_term_string}"},"query-input":{"@type":"PropertyValueSpecification","valueRequired":true,"valueName":"search_term_string"}}],"inLanguage":"fr-FR"},{"@type":"Organization","@id":"https:\/\/kapitalis.com\/tunisie\/#organization","name":"Kapitalis","url":"https:\/\/kapitalis.com\/tunisie\/","logo":{"@type":"ImageObject","inLanguage":"fr-FR","@id":"https:\/\/kapitalis.com\/tunisie\/#\/schema\/logo\/image\/","url":"https:\/\/kapitalis.com\/tunisie\/wp-content\/uploads\/2022\/05\/Kapitalis-big-size.png","contentUrl":"https:\/\/kapitalis.com\/tunisie\/wp-content\/uploads\/2022\/05\/Kapitalis-big-size.png","width":5000,"height":1500,"caption":"Kapitalis"},"image":{"@id":"https:\/\/kapitalis.com\/tunisie\/#\/schema\/logo\/image\/"},"sameAs":["https:\/\/www.facebook.com\/KapitalisInfo\/","https:\/\/x.com\/KapitalisInfo","https:\/\/www.youtube.com\/channel\/UC-yDYrHyfFBWWZaOw3FPg9Q"]},{"@type":"Person","@id":"https:\/\/kapitalis.com\/tunisie\/#\/schema\/person\/74bbde0154d49d790a92aaeac5bc01d5","name":"Yusra NY","url":"https:\/\/kapitalis.com\/tunisie\/author\/yuza_adam\/"}]}},"_links":{"self":[{"href":"https:\/\/kapitalis.com\/tunisie\/wp-json\/wp\/v2\/posts\/301819","targetHints":{"allow":["GET"]}}],"collection":[{"href":"https:\/\/kapitalis.com\/tunisie\/wp-json\/wp\/v2\/posts"}],"about":[{"href":"https:\/\/kapitalis.com\/tunisie\/wp-json\/wp\/v2\/types\/post"}],"author":[{"embeddable":true,"href":"https:\/\/kapitalis.com\/tunisie\/wp-json\/wp\/v2\/users\/6"}],"replies":[{"embeddable":true,"href":"https:\/\/kapitalis.com\/tunisie\/wp-json\/wp\/v2\/comments?post=301819"}],"version-history":[{"count":0,"href":"https:\/\/kapitalis.com\/tunisie\/wp-json\/wp\/v2\/posts\/301819\/revisions"}],"wp:attachment":[{"href":"https:\/\/kapitalis.com\/tunisie\/wp-json\/wp\/v2\/media?parent=301819"}],"wp:term":[{"taxonomy":"category","embeddable":true,"href":"https:\/\/kapitalis.com\/tunisie\/wp-json\/wp\/v2\/categories?post=301819"},{"taxonomy":"post_tag","embeddable":true,"href":"https:\/\/kapitalis.com\/tunisie\/wp-json\/wp\/v2\/tags?post=301819"}],"curies":[{"name":"wp","href":"https:\/\/api.w.org\/{rel}","templated":true}]}}