{"id":302117,"date":"2020-06-04T13:24:42","date_gmt":"2020-06-04T12:24:42","guid":{"rendered":"http:\/\/kapitalis.com\/tunisie\/?p=302117"},"modified":"2020-06-04T15:14:10","modified_gmt":"2020-06-04T14:14:10","slug":"gouverneur-de-beja-des-techniciens-italiens-recemment-arrives-en-tunisie-nont-pas-observe-la-quarantaine-de-14-jours","status":"publish","type":"post","link":"https:\/\/kapitalis.com\/tunisie\/2020\/06\/04\/gouverneur-de-beja-des-techniciens-italiens-recemment-arrives-en-tunisie-nont-pas-observe-la-quarantaine-de-14-jours\/","title":{"rendered":"Gouverneur de B\u00e9j\u00e0 : Des techniciens italiens r\u00e9cemment arriv\u00e9s en Tunisie n&rsquo;ont pas observ\u00e9 la quarantaine de 14 jours"},"content":{"rendered":"\n<figure class=\"wp-block-image size-large\"><img decoding=\"async\" src=\"http:\/\/kapitalis.com\/tunisie\/wp-content\/uploads\/2020\/06\/gouverneur-de-b\u00e9ja-Mili.jpg\" alt=\"\" class=\"wp-image-302119\"\/><\/figure>\n\n\n\n<p><strong><em>D&rsquo;apr\u00e8s le gouverneur de B\u00e9ja, Mohsen Moez Mili, la ville de <em>Medjez El Bab<\/em> a connu, il y a une semaine, l&rsquo;arriv\u00e9e de 9 techniciens italiens, dans le cadre d&rsquo;une mission professionnelle, qui n&rsquo;ont pas \u00e9t\u00e9 mis en quarantaine sanitaire obligatoire de 14 jours, violant ainsi les mesures exig\u00e9es par le gouvernement dans le cadre du plan national de lutte contre le coronavirus.<\/em><\/strong> <strong><em>Mais avec l&rsquo;approbation de celui-ci&#8230;<\/em><\/strong><\/p>\n\n\n\n<!--more-->\n\n\n\n<p>Ils sont h\u00e9berg\u00e9s dans un h\u00f4tel de la d\u00e9l\u00e9gation, raconte-t-il, et se rendent, quotidiennement, dans une usine de transformation de tomates pour y superviser de nouvelles machines acquises, et ce, apr\u00e8s s&rsquo;\u00eatre isol\u00e9s pendant 2 jours seulement.<\/p>\n\n\n\n<p>Relay\u00e9 par Mosa\u00efque FM, M. Mili a indiqu\u00e9 que les techniciens italiens sont arriv\u00e9s en Tunisie \u00e0 bord d&rsquo;un avion priv\u00e9, apr\u00e8s avoir obtenu les autorisations requises, ajoutant qu&rsquo;un h\u00f4tel leur a \u00e9t\u00e9 r\u00e9serv\u00e9, \u00ab<em>tout en prenant les mesures pr\u00e9ventives n\u00e9cessaires<\/em>\u00bb. Manifestement toutes les mesures&#8230; sauf la plus importante.<\/p>\n\n\n\n<p>Le gouverneur a, par ailleurs, assur\u00e9 que les techniciens ont effectu\u00e9, juste avant leur vol, des tests de d\u00e9pistage de Covid-19 en Italie qui se sont av\u00e9r\u00e9s n\u00e9gatifs,. Une fois en Tunisie, ils ont \u00e9t\u00e9 soumis \u00e0 d&rsquo;autres tests, a-t-il ajout\u00e9,&nbsp;et n&rsquo;ont quitt\u00e9 l&rsquo;h\u00f4tel qu&rsquo;apr\u00e8s la sortie des r\u00e9sultats confirmant leur bon \u00e9tat de sant\u00e9.<\/p>\n\n\n\n<p>Il a, d&rsquo;autre part, assur\u00e9 qu&rsquo;ils ne quittent l&rsquo;h\u00f4tel que pour se rendre \u00e0 l&rsquo;usine o\u00f9 ils ne sont pas en contact avec des agents, \u00ab<em>puisqu&rsquo;ils ne font que superviser le nouveau mat\u00e9riel<\/em>\u00bb.<\/p>\n\n\n\n<p>Il a \u00e9galement soulign\u00e9 que toutes les parties concern\u00e9es (minist\u00e8res et directions centrales et r\u00e9gionales) en sont au courant et que le gouvernorat dispose de toutes les autorisations n\u00e9cessaires \u00e0 cet effet.<\/p>\n\n\n\n<p>\u00ab<em>Ces mesures exceptionnelles ont \u00e9t\u00e9 prises afin de ne pas suspendre les activit\u00e9s de l&rsquo;\u00e9tablissement industriel en question, qui est une institution vitale et au sommet de la production<\/em>\u00bb, a-t-il justifi\u00e9, pr\u00e9cisant que les proc\u00e9dures pour faire entrer de nouvelles machines avaient \u00e9t\u00e9 entam\u00e9es avant la crise du coronavirus et que celles-ci avaient co\u00fbt\u00e9 environ 15 millions de dinars.<\/p>\n\n\n\n<p>Est-ce que cela signifie qu&rsquo;un test de d\u00e9pistage n\u00e9gatif est suffisant pour s&rsquo;assurer que le sujet ne porte pas le virus ? Si oui, pourquoi contraindre les ressortissants tunisiens rapatri\u00e9s \u00e0 supporter de longues journ\u00e9es de quarantaine ? Et si la r\u00e9ponse est non, alors il serait difficile de justifier une telle prise de risque apr\u00e8s tous les sacrifices \u00e9conomiques faits par le pays pour endiguer l&rsquo;\u00e9pid\u00e9mie. <\/p>\n\n\n\n<p>Puis dans tous les cas, cela viole visiblement le principe de l&rsquo;\u00e9galit\u00e9, et nous rappelle forc\u00e9ment<a href=\"http:\/\/kapitalis.com\/tunisie\/2020\/05\/31\/affaire-mongi-marzouk-un-ministre-un-peu-trop-confine\/\"><strong> l&rsquo;affaire Mongi Marzouk<\/strong><\/a>.<\/p>\n\n\n\n<p class=\"has-text-align-right\"><strong>C. B. Y.<\/strong><\/p>\n","protected":false},"excerpt":{"rendered":"<p>D&rsquo;apr\u00e8s le gouverneur de B\u00e9ja, Mohsen Moez Mili, la ville de Medjez El Bab a connu, il y a une semaine, l&rsquo;arriv\u00e9e de 9 techniciens italiens, dans le cadre d&rsquo;une mission professionnelle, qui n&rsquo;ont pas \u00e9t\u00e9 mis en quarantaine sanitaire obligatoire de 14 jours, violant ainsi les mesures exig\u00e9es par le gouvernement dans le cadre&#8230;<\/p>\n","protected":false},"author":24,"featured_media":302119,"comment_status":"open","ping_status":"open","sticky":false,"template":"","format":"standard","meta":{"footnotes":""},"categories":[998,2433],"tags":[136,73060,75291,77465,79501],"class_list":["post-302117","post","type-post","status-publish","format-standard","has-post-thumbnail","hentry","category-societe","category-tunisie","tag-beja","tag-coronavirus","tag-covid-19","tag-medjez-el-bab-2","tag-mohsen-moez-mili"],"yoast_head":"<!-- This site is optimized with the Yoast SEO plugin v26.6 - https:\/\/yoast.com\/wordpress\/plugins\/seo\/ -->\n<title>Gouverneur de B\u00e9j\u00e0 : Des techniciens italiens r\u00e9cemment arriv\u00e9s en Tunisie n&#039;ont pas observ\u00e9 la quarantaine de 14 jours - Kapitalis<\/title>\n<meta name=\"robots\" content=\"index, follow, max-snippet:-1, max-image-preview:large, max-video-preview:-1\" \/>\n<link rel=\"canonical\" href=\"https:\/\/kapitalis.com\/tunisie\/2020\/06\/04\/gouverneur-de-beja-des-techniciens-italiens-recemment-arrives-en-tunisie-nont-pas-observe-la-quarantaine-de-14-jours\/\" \/>\n<meta property=\"og:locale\" content=\"fr_FR\" \/>\n<meta property=\"og:type\" content=\"article\" \/>\n<meta property=\"og:title\" content=\"Gouverneur de B\u00e9j\u00e0 : Des techniciens italiens r\u00e9cemment arriv\u00e9s en Tunisie n&#039;ont pas observ\u00e9 la quarantaine de 14 jours - Kapitalis\" \/>\n<meta property=\"og:description\" content=\"D&rsquo;apr\u00e8s le gouverneur de B\u00e9ja, Mohsen Moez Mili, la ville de Medjez El Bab a connu, il y a une semaine, l&rsquo;arriv\u00e9e de 9 techniciens italiens, dans le cadre d&rsquo;une mission professionnelle, qui n&rsquo;ont pas \u00e9t\u00e9 mis en quarantaine sanitaire obligatoire de 14 jours, violant ainsi les mesures exig\u00e9es par le gouvernement dans le cadre...\" \/>\n<meta property=\"og:url\" content=\"https:\/\/kapitalis.com\/tunisie\/2020\/06\/04\/gouverneur-de-beja-des-techniciens-italiens-recemment-arrives-en-tunisie-nont-pas-observe-la-quarantaine-de-14-jours\/\" \/>\n<meta property=\"og:site_name\" content=\"Kapitalis\" \/>\n<meta property=\"article:publisher\" content=\"https:\/\/www.facebook.com\/KapitalisInfo\/\" \/>\n<meta property=\"article:published_time\" content=\"2020-06-04T12:24:42+00:00\" \/>\n<meta property=\"article:modified_time\" content=\"2020-06-04T14:14:10+00:00\" \/>\n<meta property=\"og:image\" content=\"https:\/\/kapitalis.com\/tunisie\/wp-content\/uploads\/2022\/05\/kapitalis-logo-fb.png\" \/>\n\t<meta property=\"og:image:width\" content=\"1200\" \/>\n\t<meta property=\"og:image:height\" content=\"630\" \/>\n\t<meta property=\"og:image:type\" content=\"image\/png\" \/>\n<meta name=\"author\" content=\"Cherif Benyounes\" \/>\n<meta name=\"twitter:card\" content=\"summary_large_image\" \/>\n<meta name=\"twitter:creator\" content=\"@KapitalisInfo\" \/>\n<meta name=\"twitter:site\" content=\"@KapitalisInfo\" \/>\n<meta name=\"twitter:label1\" content=\"\u00c9crit par\" \/>\n\t<meta name=\"twitter:data1\" content=\"Cherif Benyounes\" \/>\n\t<meta name=\"twitter:label2\" content=\"Dur\u00e9e de lecture estim\u00e9e\" \/>\n\t<meta name=\"twitter:data2\" content=\"2 minutes\" \/>\n<script type=\"application\/ld+json\" class=\"yoast-schema-graph\">{\"@context\":\"https:\/\/schema.org\",\"@graph\":[{\"@type\":\"Article\",\"@id\":\"https:\/\/kapitalis.com\/tunisie\/2020\/06\/04\/gouverneur-de-beja-des-techniciens-italiens-recemment-arrives-en-tunisie-nont-pas-observe-la-quarantaine-de-14-jours\/#article\",\"isPartOf\":{\"@id\":\"https:\/\/kapitalis.com\/tunisie\/2020\/06\/04\/gouverneur-de-beja-des-techniciens-italiens-recemment-arrives-en-tunisie-nont-pas-observe-la-quarantaine-de-14-jours\/\"},\"author\":{\"name\":\"Cherif Benyounes\",\"@id\":\"https:\/\/kapitalis.com\/tunisie\/#\/schema\/person\/b35b8d631961131107263178aeb8019e\"},\"headline\":\"Gouverneur de B\u00e9j\u00e0 : Des techniciens italiens r\u00e9cemment arriv\u00e9s en Tunisie n&rsquo;ont pas observ\u00e9 la quarantaine de 14 jours\",\"datePublished\":\"2020-06-04T12:24:42+00:00\",\"dateModified\":\"2020-06-04T14:14:10+00:00\",\"mainEntityOfPage\":{\"@id\":\"https:\/\/kapitalis.com\/tunisie\/2020\/06\/04\/gouverneur-de-beja-des-techniciens-italiens-recemment-arrives-en-tunisie-nont-pas-observe-la-quarantaine-de-14-jours\/\"},\"wordCount\":481,\"commentCount\":6,\"publisher\":{\"@id\":\"https:\/\/kapitalis.com\/tunisie\/#organization\"},\"image\":{\"@id\":\"https:\/\/kapitalis.com\/tunisie\/2020\/06\/04\/gouverneur-de-beja-des-techniciens-italiens-recemment-arrives-en-tunisie-nont-pas-observe-la-quarantaine-de-14-jours\/#primaryimage\"},\"thumbnailUrl\":\"\",\"keywords\":[\"B\u00e9ja\",\"Coronavirus\",\"Covid-19\",\"Medjez El Bab\",\"Mohsen Moez Mili\"],\"articleSection\":[\"SOCIETE\",\"Tunisie\"],\"inLanguage\":\"fr-FR\",\"potentialAction\":[{\"@type\":\"CommentAction\",\"name\":\"Comment\",\"target\":[\"https:\/\/kapitalis.com\/tunisie\/2020\/06\/04\/gouverneur-de-beja-des-techniciens-italiens-recemment-arrives-en-tunisie-nont-pas-observe-la-quarantaine-de-14-jours\/#respond\"]}]},{\"@type\":\"WebPage\",\"@id\":\"https:\/\/kapitalis.com\/tunisie\/2020\/06\/04\/gouverneur-de-beja-des-techniciens-italiens-recemment-arrives-en-tunisie-nont-pas-observe-la-quarantaine-de-14-jours\/\",\"url\":\"https:\/\/kapitalis.com\/tunisie\/2020\/06\/04\/gouverneur-de-beja-des-techniciens-italiens-recemment-arrives-en-tunisie-nont-pas-observe-la-quarantaine-de-14-jours\/\",\"name\":\"Gouverneur de B\u00e9j\u00e0 : Des techniciens italiens r\u00e9cemment arriv\u00e9s en Tunisie n'ont pas observ\u00e9 la quarantaine de 14 jours - Kapitalis\",\"isPartOf\":{\"@id\":\"https:\/\/kapitalis.com\/tunisie\/#website\"},\"primaryImageOfPage\":{\"@id\":\"https:\/\/kapitalis.com\/tunisie\/2020\/06\/04\/gouverneur-de-beja-des-techniciens-italiens-recemment-arrives-en-tunisie-nont-pas-observe-la-quarantaine-de-14-jours\/#primaryimage\"},\"image\":{\"@id\":\"https:\/\/kapitalis.com\/tunisie\/2020\/06\/04\/gouverneur-de-beja-des-techniciens-italiens-recemment-arrives-en-tunisie-nont-pas-observe-la-quarantaine-de-14-jours\/#primaryimage\"},\"thumbnailUrl\":\"\",\"datePublished\":\"2020-06-04T12:24:42+00:00\",\"dateModified\":\"2020-06-04T14:14:10+00:00\",\"breadcrumb\":{\"@id\":\"https:\/\/kapitalis.com\/tunisie\/2020\/06\/04\/gouverneur-de-beja-des-techniciens-italiens-recemment-arrives-en-tunisie-nont-pas-observe-la-quarantaine-de-14-jours\/#breadcrumb\"},\"inLanguage\":\"fr-FR\",\"potentialAction\":[{\"@type\":\"ReadAction\",\"target\":[\"https:\/\/kapitalis.com\/tunisie\/2020\/06\/04\/gouverneur-de-beja-des-techniciens-italiens-recemment-arrives-en-tunisie-nont-pas-observe-la-quarantaine-de-14-jours\/\"]}]},{\"@type\":\"ImageObject\",\"inLanguage\":\"fr-FR\",\"@id\":\"https:\/\/kapitalis.com\/tunisie\/2020\/06\/04\/gouverneur-de-beja-des-techniciens-italiens-recemment-arrives-en-tunisie-nont-pas-observe-la-quarantaine-de-14-jours\/#primaryimage\",\"url\":\"\",\"contentUrl\":\"\"},{\"@type\":\"BreadcrumbList\",\"@id\":\"https:\/\/kapitalis.com\/tunisie\/2020\/06\/04\/gouverneur-de-beja-des-techniciens-italiens-recemment-arrives-en-tunisie-nont-pas-observe-la-quarantaine-de-14-jours\/#breadcrumb\",\"itemListElement\":[{\"@type\":\"ListItem\",\"position\":1,\"name\":\"Accueil\",\"item\":\"https:\/\/kapitalis.com\/tunisie\/\"},{\"@type\":\"ListItem\",\"position\":2,\"name\":\"Gouverneur de B\u00e9j\u00e0 : Des techniciens italiens r\u00e9cemment arriv\u00e9s en Tunisie n&rsquo;ont pas observ\u00e9 la quarantaine de 14 jours\"}]},{\"@type\":\"WebSite\",\"@id\":\"https:\/\/kapitalis.com\/tunisie\/#website\",\"url\":\"https:\/\/kapitalis.com\/tunisie\/\",\"name\":\"Kapitalis\",\"description\":\"L&#039;actualit\u00e9 en Tunisie et dans le monde\",\"publisher\":{\"@id\":\"https:\/\/kapitalis.com\/tunisie\/#organization\"},\"potentialAction\":[{\"@type\":\"SearchAction\",\"target\":{\"@type\":\"EntryPoint\",\"urlTemplate\":\"https:\/\/kapitalis.com\/tunisie\/?s={search_term_string}\"},\"query-input\":{\"@type\":\"PropertyValueSpecification\",\"valueRequired\":true,\"valueName\":\"search_term_string\"}}],\"inLanguage\":\"fr-FR\"},{\"@type\":\"Organization\",\"@id\":\"https:\/\/kapitalis.com\/tunisie\/#organization\",\"name\":\"Kapitalis\",\"url\":\"https:\/\/kapitalis.com\/tunisie\/\",\"logo\":{\"@type\":\"ImageObject\",\"inLanguage\":\"fr-FR\",\"@id\":\"https:\/\/kapitalis.com\/tunisie\/#\/schema\/logo\/image\/\",\"url\":\"https:\/\/kapitalis.com\/tunisie\/wp-content\/uploads\/2022\/05\/Kapitalis-big-size.png\",\"contentUrl\":\"https:\/\/kapitalis.com\/tunisie\/wp-content\/uploads\/2022\/05\/Kapitalis-big-size.png\",\"width\":5000,\"height\":1500,\"caption\":\"Kapitalis\"},\"image\":{\"@id\":\"https:\/\/kapitalis.com\/tunisie\/#\/schema\/logo\/image\/\"},\"sameAs\":[\"https:\/\/www.facebook.com\/KapitalisInfo\/\",\"https:\/\/x.com\/KapitalisInfo\",\"https:\/\/www.youtube.com\/channel\/UC-yDYrHyfFBWWZaOw3FPg9Q\"]},{\"@type\":\"Person\",\"@id\":\"https:\/\/kapitalis.com\/tunisie\/#\/schema\/person\/b35b8d631961131107263178aeb8019e\",\"name\":\"Cherif Benyounes\",\"url\":\"https:\/\/kapitalis.com\/tunisie\/author\/cherif\/\"}]}<\/script>\n<!-- \/ Yoast SEO plugin. -->","yoast_head_json":{"title":"Gouverneur de B\u00e9j\u00e0 : Des techniciens italiens r\u00e9cemment arriv\u00e9s en Tunisie n'ont pas observ\u00e9 la quarantaine de 14 jours - Kapitalis","robots":{"index":"index","follow":"follow","max-snippet":"max-snippet:-1","max-image-preview":"max-image-preview:large","max-video-preview":"max-video-preview:-1"},"canonical":"https:\/\/kapitalis.com\/tunisie\/2020\/06\/04\/gouverneur-de-beja-des-techniciens-italiens-recemment-arrives-en-tunisie-nont-pas-observe-la-quarantaine-de-14-jours\/","og_locale":"fr_FR","og_type":"article","og_title":"Gouverneur de B\u00e9j\u00e0 : Des techniciens italiens r\u00e9cemment arriv\u00e9s en Tunisie n'ont pas observ\u00e9 la quarantaine de 14 jours - Kapitalis","og_description":"D&rsquo;apr\u00e8s le gouverneur de B\u00e9ja, Mohsen Moez Mili, la ville de Medjez El Bab a connu, il y a une semaine, l&rsquo;arriv\u00e9e de 9 techniciens italiens, dans le cadre d&rsquo;une mission professionnelle, qui n&rsquo;ont pas \u00e9t\u00e9 mis en quarantaine sanitaire obligatoire de 14 jours, violant ainsi les mesures exig\u00e9es par le gouvernement dans le cadre...","og_url":"https:\/\/kapitalis.com\/tunisie\/2020\/06\/04\/gouverneur-de-beja-des-techniciens-italiens-recemment-arrives-en-tunisie-nont-pas-observe-la-quarantaine-de-14-jours\/","og_site_name":"Kapitalis","article_publisher":"https:\/\/www.facebook.com\/KapitalisInfo\/","article_published_time":"2020-06-04T12:24:42+00:00","article_modified_time":"2020-06-04T14:14:10+00:00","og_image":[{"width":1200,"height":630,"url":"https:\/\/kapitalis.com\/tunisie\/wp-content\/uploads\/2022\/05\/kapitalis-logo-fb.png","type":"image\/png"}],"author":"Cherif Benyounes","twitter_card":"summary_large_image","twitter_creator":"@KapitalisInfo","twitter_site":"@KapitalisInfo","twitter_misc":{"\u00c9crit par":"Cherif Benyounes","Dur\u00e9e de lecture estim\u00e9e":"2 minutes"},"schema":{"@context":"https:\/\/schema.org","@graph":[{"@type":"Article","@id":"https:\/\/kapitalis.com\/tunisie\/2020\/06\/04\/gouverneur-de-beja-des-techniciens-italiens-recemment-arrives-en-tunisie-nont-pas-observe-la-quarantaine-de-14-jours\/#article","isPartOf":{"@id":"https:\/\/kapitalis.com\/tunisie\/2020\/06\/04\/gouverneur-de-beja-des-techniciens-italiens-recemment-arrives-en-tunisie-nont-pas-observe-la-quarantaine-de-14-jours\/"},"author":{"name":"Cherif Benyounes","@id":"https:\/\/kapitalis.com\/tunisie\/#\/schema\/person\/b35b8d631961131107263178aeb8019e"},"headline":"Gouverneur de B\u00e9j\u00e0 : Des techniciens italiens r\u00e9cemment arriv\u00e9s en Tunisie n&rsquo;ont pas observ\u00e9 la quarantaine de 14 jours","datePublished":"2020-06-04T12:24:42+00:00","dateModified":"2020-06-04T14:14:10+00:00","mainEntityOfPage":{"@id":"https:\/\/kapitalis.com\/tunisie\/2020\/06\/04\/gouverneur-de-beja-des-techniciens-italiens-recemment-arrives-en-tunisie-nont-pas-observe-la-quarantaine-de-14-jours\/"},"wordCount":481,"commentCount":6,"publisher":{"@id":"https:\/\/kapitalis.com\/tunisie\/#organization"},"image":{"@id":"https:\/\/kapitalis.com\/tunisie\/2020\/06\/04\/gouverneur-de-beja-des-techniciens-italiens-recemment-arrives-en-tunisie-nont-pas-observe-la-quarantaine-de-14-jours\/#primaryimage"},"thumbnailUrl":"","keywords":["B\u00e9ja","Coronavirus","Covid-19","Medjez El Bab","Mohsen Moez Mili"],"articleSection":["SOCIETE","Tunisie"],"inLanguage":"fr-FR","potentialAction":[{"@type":"CommentAction","name":"Comment","target":["https:\/\/kapitalis.com\/tunisie\/2020\/06\/04\/gouverneur-de-beja-des-techniciens-italiens-recemment-arrives-en-tunisie-nont-pas-observe-la-quarantaine-de-14-jours\/#respond"]}]},{"@type":"WebPage","@id":"https:\/\/kapitalis.com\/tunisie\/2020\/06\/04\/gouverneur-de-beja-des-techniciens-italiens-recemment-arrives-en-tunisie-nont-pas-observe-la-quarantaine-de-14-jours\/","url":"https:\/\/kapitalis.com\/tunisie\/2020\/06\/04\/gouverneur-de-beja-des-techniciens-italiens-recemment-arrives-en-tunisie-nont-pas-observe-la-quarantaine-de-14-jours\/","name":"Gouverneur de B\u00e9j\u00e0 : Des techniciens italiens r\u00e9cemment arriv\u00e9s en Tunisie n'ont pas observ\u00e9 la quarantaine de 14 jours - Kapitalis","isPartOf":{"@id":"https:\/\/kapitalis.com\/tunisie\/#website"},"primaryImageOfPage":{"@id":"https:\/\/kapitalis.com\/tunisie\/2020\/06\/04\/gouverneur-de-beja-des-techniciens-italiens-recemment-arrives-en-tunisie-nont-pas-observe-la-quarantaine-de-14-jours\/#primaryimage"},"image":{"@id":"https:\/\/kapitalis.com\/tunisie\/2020\/06\/04\/gouverneur-de-beja-des-techniciens-italiens-recemment-arrives-en-tunisie-nont-pas-observe-la-quarantaine-de-14-jours\/#primaryimage"},"thumbnailUrl":"","datePublished":"2020-06-04T12:24:42+00:00","dateModified":"2020-06-04T14:14:10+00:00","breadcrumb":{"@id":"https:\/\/kapitalis.com\/tunisie\/2020\/06\/04\/gouverneur-de-beja-des-techniciens-italiens-recemment-arrives-en-tunisie-nont-pas-observe-la-quarantaine-de-14-jours\/#breadcrumb"},"inLanguage":"fr-FR","potentialAction":[{"@type":"ReadAction","target":["https:\/\/kapitalis.com\/tunisie\/2020\/06\/04\/gouverneur-de-beja-des-techniciens-italiens-recemment-arrives-en-tunisie-nont-pas-observe-la-quarantaine-de-14-jours\/"]}]},{"@type":"ImageObject","inLanguage":"fr-FR","@id":"https:\/\/kapitalis.com\/tunisie\/2020\/06\/04\/gouverneur-de-beja-des-techniciens-italiens-recemment-arrives-en-tunisie-nont-pas-observe-la-quarantaine-de-14-jours\/#primaryimage","url":"","contentUrl":""},{"@type":"BreadcrumbList","@id":"https:\/\/kapitalis.com\/tunisie\/2020\/06\/04\/gouverneur-de-beja-des-techniciens-italiens-recemment-arrives-en-tunisie-nont-pas-observe-la-quarantaine-de-14-jours\/#breadcrumb","itemListElement":[{"@type":"ListItem","position":1,"name":"Accueil","item":"https:\/\/kapitalis.com\/tunisie\/"},{"@type":"ListItem","position":2,"name":"Gouverneur de B\u00e9j\u00e0 : Des techniciens italiens r\u00e9cemment arriv\u00e9s en Tunisie n&rsquo;ont pas observ\u00e9 la quarantaine de 14 jours"}]},{"@type":"WebSite","@id":"https:\/\/kapitalis.com\/tunisie\/#website","url":"https:\/\/kapitalis.com\/tunisie\/","name":"Kapitalis","description":"L&#039;actualit\u00e9 en Tunisie et dans le monde","publisher":{"@id":"https:\/\/kapitalis.com\/tunisie\/#organization"},"potentialAction":[{"@type":"SearchAction","target":{"@type":"EntryPoint","urlTemplate":"https:\/\/kapitalis.com\/tunisie\/?s={search_term_string}"},"query-input":{"@type":"PropertyValueSpecification","valueRequired":true,"valueName":"search_term_string"}}],"inLanguage":"fr-FR"},{"@type":"Organization","@id":"https:\/\/kapitalis.com\/tunisie\/#organization","name":"Kapitalis","url":"https:\/\/kapitalis.com\/tunisie\/","logo":{"@type":"ImageObject","inLanguage":"fr-FR","@id":"https:\/\/kapitalis.com\/tunisie\/#\/schema\/logo\/image\/","url":"https:\/\/kapitalis.com\/tunisie\/wp-content\/uploads\/2022\/05\/Kapitalis-big-size.png","contentUrl":"https:\/\/kapitalis.com\/tunisie\/wp-content\/uploads\/2022\/05\/Kapitalis-big-size.png","width":5000,"height":1500,"caption":"Kapitalis"},"image":{"@id":"https:\/\/kapitalis.com\/tunisie\/#\/schema\/logo\/image\/"},"sameAs":["https:\/\/www.facebook.com\/KapitalisInfo\/","https:\/\/x.com\/KapitalisInfo","https:\/\/www.youtube.com\/channel\/UC-yDYrHyfFBWWZaOw3FPg9Q"]},{"@type":"Person","@id":"https:\/\/kapitalis.com\/tunisie\/#\/schema\/person\/b35b8d631961131107263178aeb8019e","name":"Cherif Benyounes","url":"https:\/\/kapitalis.com\/tunisie\/author\/cherif\/"}]}},"_links":{"self":[{"href":"https:\/\/kapitalis.com\/tunisie\/wp-json\/wp\/v2\/posts\/302117","targetHints":{"allow":["GET"]}}],"collection":[{"href":"https:\/\/kapitalis.com\/tunisie\/wp-json\/wp\/v2\/posts"}],"about":[{"href":"https:\/\/kapitalis.com\/tunisie\/wp-json\/wp\/v2\/types\/post"}],"author":[{"embeddable":true,"href":"https:\/\/kapitalis.com\/tunisie\/wp-json\/wp\/v2\/users\/24"}],"replies":[{"embeddable":true,"href":"https:\/\/kapitalis.com\/tunisie\/wp-json\/wp\/v2\/comments?post=302117"}],"version-history":[{"count":0,"href":"https:\/\/kapitalis.com\/tunisie\/wp-json\/wp\/v2\/posts\/302117\/revisions"}],"wp:featuredmedia":[{"embeddable":true,"href":"https:\/\/kapitalis.com\/tunisie\/wp-json\/wp\/v2\/media\/302119"}],"wp:attachment":[{"href":"https:\/\/kapitalis.com\/tunisie\/wp-json\/wp\/v2\/media?parent=302117"}],"wp:term":[{"taxonomy":"category","embeddable":true,"href":"https:\/\/kapitalis.com\/tunisie\/wp-json\/wp\/v2\/categories?post=302117"},{"taxonomy":"post_tag","embeddable":true,"href":"https:\/\/kapitalis.com\/tunisie\/wp-json\/wp\/v2\/tags?post=302117"}],"curies":[{"name":"wp","href":"https:\/\/api.w.org\/{rel}","templated":true}]}}