{"id":302253,"date":"2020-06-05T11:56:48","date_gmt":"2020-06-05T10:56:48","guid":{"rendered":"http:\/\/kapitalis.com\/tunisie\/?p=302253"},"modified":"2020-06-05T22:29:46","modified_gmt":"2020-06-05T21:29:46","slug":"la-societe-civile-tunisienne-solidaire-avec-le-soulevement-contre-les-crimes-racistes-aux-etats-unis","status":"publish","type":"post","link":"https:\/\/kapitalis.com\/tunisie\/2020\/06\/05\/la-societe-civile-tunisienne-solidaire-avec-le-soulevement-contre-les-crimes-racistes-aux-etats-unis\/","title":{"rendered":"La soci\u00e9t\u00e9 civile tunisienne solidaire avec le soul\u00e8vement contre les crimes racistes aux Etats-Unis"},"content":{"rendered":"\n<figure class=\"wp-block-image size-large\"><img decoding=\"async\" src=\"http:\/\/kapitalis.com\/tunisie\/wp-content\/uploads\/2020\/06\/Manifestations-anti-racistes-Etats-Unis.jpg\" alt=\"\" class=\"wp-image-302256\"\/><\/figure>\n\n\n\n<p><strong><em>Des associations et des ONG tunisiennes ont lanc\u00e9, aujourd\u2019hui, vendredi 5 juin 2020, un appel pour le rassemblement du samedi 6 juin \u00e0 11h devant le th\u00e9\u00e2tre municipal de Tunis pour exprimer leur solidarit\u00e9 avec le soul\u00e8vement populaire contre les crimes racistes aux Etats-Unis. Nous publions ci-dessous cet appel\u2026<\/em><\/strong><\/p>\n\n\n\n<!--more-->\n\n\n\n<p>Les associations et les ONG soussign\u00e9es expriment leur solidarit\u00e9 totale avec les millions de citoyens am\u00e9ricains qui se sont soulev\u00e9s depuis pr\u00e8s d\u2019une semaine dans les diff\u00e9rentes r\u00e9gions des Etats-Unis contre les crimes racistes, en protestation contre le meurtre sauvage, le 25 mai 2020 \u00e0 Minneapolis par un policier am\u00e9ricain et en pleine rue, du citoyen am\u00e9ricain noir George Floyd.<\/p>\n\n\n\n<p>Elles d\u00e9noncent la d\u00e9cision du Pr\u00e9sident Donald Trump \u2013 connu pour ses positions racistes et hostiles au droit des peuples \u00e0 jouir de la justice, de l\u2019\u00e9galit\u00e9 et \u00e0 se lib\u00e9rer de l\u2019occupation et de la dictature \u2013 de s\u2019opposer aux protestations l\u00e9gitimes du peuple am\u00e9ricain par la force et la r\u00e9pression polici\u00e8re.<\/p>\n\n\n\n<p>Elles d\u00e9noncent les menaces du Pr\u00e9sident Trump de faire intervenir l\u2019arm\u00e9e pour mettre fin aux protestations.<\/p>\n\n\n\n<p>Elles appellent le peuple tunisien \u00e0 exprimer sa solidarit\u00e9 avec le peuple am\u00e9ricain dans sa lutte contre le racisme, et ce en participant au rassemblement de solidarit\u00e9 qui sera organis\u00e9 le samedi 6 juin 2020 \u00e0 11 heures devant le th\u00e9\u00e2tre municipal de Tunis.<\/p>\n\n\n\n<h3 class=\"wp-block-heading\">Les Associations et les ONG signataires<\/h3>\n\n\n\n<p>Association atelier medias des droits \u00e9conomiques et sociaux<br>Association tunisienne de soutien des minorit\u00e9s (ATSM)<br>Association Mnemty (My Dream)<br>Association Beity<br>Association pour la Promotion du Droit \u00e0 la Diff\u00e9rence.<br>Association des femmes tunisiennes pour la recherche sur le d\u00e9veloppement<br>Association des Tunisiens en France<br>Association M\u00e9diterran\u00e9enne pour la P\u00e9dagogie et la Citoyennet\u00e9<br>Association Pas de paix sans justice<br>Association Perspectives El Amel tounsi<br>Association Thala Solidaire<br>Association tunisienne de d\u00e9fense des libert\u00e9s individuelles<br>Association tunisienne de d\u00e9fense des valeurs universitaires<br>Association Tunisienne de lutte contre la violence<br>Association Tunisienne de Pr\u00e9vention Positive<br>Association tunisienne des femmes d\u00e9mocrates<br>Association Vigilance pour la d\u00e9mocratie et l\u2019Etat civique<br>Centre de soutien \u00e0 la transition d\u00e9mocratique et aux droits de l&rsquo;homme (DAAM)<br>Centre de Tunis pour la libert\u00e9 de la presse<br>Coalition tunisienne pour l\u2019abolition de la peine de mort<br>Comit\u00e9 pour le respect des libert\u00e9s et des droits de l\u2019homme en Tunisie<br>Fondation Hassan Saadaoui pour la d\u00e9mocratie et l&rsquo;\u00e9galit\u00e9.<br>Groupe Tawhida Ben Cheikh, Recherche et action pour la sant\u00e9 des femmes<br>Ligue des \u00e9crivains tunisiens libres<br>Ligue des \u00e9lectrices tunisiennes<br>Ligue tunisienne pour la d\u00e9fense des droits de l\u2019homme<br>L&rsquo;initiative tunisienne de soutien aux soul\u00e8vements populaires<br>Mountada Ettajdid pour la pens\u00e9e progressiste<br>Observatoire national pour la d\u00e9fense du caract\u00e8re civil de l\u2019Etat<br>Organisation 10_23 de Soutien au Processus de la Transition D\u00e9mocratique<br>Organisation contre la torture en Tunisie<br>Syndicat national des journalistes tunisiens<\/p>\n","protected":false},"excerpt":{"rendered":"<p>Des associations et des ONG tunisiennes ont lanc\u00e9, aujourd\u2019hui, vendredi 5 juin 2020, un appel pour le rassemblement du samedi 6 juin \u00e0 11h devant le th\u00e9\u00e2tre municipal de Tunis pour exprimer leur solidarit\u00e9 avec le soul\u00e8vement populaire contre les crimes racistes aux Etats-Unis. Nous publions ci-dessous cet appel\u2026<\/p>\n","protected":false},"author":8,"featured_media":302256,"comment_status":"open","ping_status":"open","sticky":false,"template":"","format":"standard","meta":{"footnotes":""},"categories":[998,2433],"tags":[79525,9054,75918,79406,79527,77675,79526],"class_list":["post-302253","post","type-post","status-publish","format-standard","has-post-thumbnail","hentry","category-societe","category-tunisie","tag-crimes-racistes","tag-donald-trump","tag-etats-unis-2","tag-george-floyd","tag-minneapolis","tag-societe-civile-tunisienne","tag-soulevement-populaire"],"yoast_head":"<!-- This site is optimized with the Yoast SEO plugin v26.6 - https:\/\/yoast.com\/wordpress\/plugins\/seo\/ -->\n<title>La soci\u00e9t\u00e9 civile tunisienne solidaire avec le soul\u00e8vement contre les crimes racistes aux Etats-Unis - Kapitalis<\/title>\n<meta name=\"robots\" content=\"index, follow, max-snippet:-1, max-image-preview:large, max-video-preview:-1\" \/>\n<link rel=\"canonical\" href=\"https:\/\/kapitalis.com\/tunisie\/2020\/06\/05\/la-societe-civile-tunisienne-solidaire-avec-le-soulevement-contre-les-crimes-racistes-aux-etats-unis\/\" \/>\n<meta property=\"og:locale\" content=\"fr_FR\" \/>\n<meta property=\"og:type\" content=\"article\" \/>\n<meta property=\"og:title\" content=\"La soci\u00e9t\u00e9 civile tunisienne solidaire avec le soul\u00e8vement contre les crimes racistes aux Etats-Unis - Kapitalis\" \/>\n<meta property=\"og:description\" content=\"Des associations et des ONG tunisiennes ont lanc\u00e9, aujourd\u2019hui, vendredi 5 juin 2020, un appel pour le rassemblement du samedi 6 juin \u00e0 11h devant le th\u00e9\u00e2tre municipal de Tunis pour exprimer leur solidarit\u00e9 avec le soul\u00e8vement populaire contre les crimes racistes aux Etats-Unis. Nous publions ci-dessous cet appel\u2026\" \/>\n<meta property=\"og:url\" content=\"https:\/\/kapitalis.com\/tunisie\/2020\/06\/05\/la-societe-civile-tunisienne-solidaire-avec-le-soulevement-contre-les-crimes-racistes-aux-etats-unis\/\" \/>\n<meta property=\"og:site_name\" content=\"Kapitalis\" \/>\n<meta property=\"article:publisher\" content=\"https:\/\/www.facebook.com\/KapitalisInfo\/\" \/>\n<meta property=\"article:published_time\" content=\"2020-06-05T10:56:48+00:00\" \/>\n<meta property=\"article:modified_time\" content=\"2020-06-05T21:29:46+00:00\" \/>\n<meta property=\"og:image\" content=\"https:\/\/kapitalis.com\/tunisie\/wp-content\/uploads\/2022\/05\/kapitalis-logo-fb.png\" \/>\n\t<meta property=\"og:image:width\" content=\"1200\" \/>\n\t<meta property=\"og:image:height\" content=\"630\" \/>\n\t<meta property=\"og:image:type\" content=\"image\/png\" \/>\n<meta name=\"author\" content=\"webmaster kapitalis\" \/>\n<meta name=\"twitter:card\" content=\"summary_large_image\" \/>\n<meta name=\"twitter:creator\" content=\"@KapitalisInfo\" \/>\n<meta name=\"twitter:site\" content=\"@KapitalisInfo\" \/>\n<meta name=\"twitter:label1\" content=\"\u00c9crit par\" \/>\n\t<meta name=\"twitter:data1\" content=\"webmaster kapitalis\" \/>\n\t<meta name=\"twitter:label2\" content=\"Dur\u00e9e de lecture estim\u00e9e\" \/>\n\t<meta name=\"twitter:data2\" content=\"2 minutes\" \/>\n<script type=\"application\/ld+json\" class=\"yoast-schema-graph\">{\"@context\":\"https:\/\/schema.org\",\"@graph\":[{\"@type\":\"Article\",\"@id\":\"https:\/\/kapitalis.com\/tunisie\/2020\/06\/05\/la-societe-civile-tunisienne-solidaire-avec-le-soulevement-contre-les-crimes-racistes-aux-etats-unis\/#article\",\"isPartOf\":{\"@id\":\"https:\/\/kapitalis.com\/tunisie\/2020\/06\/05\/la-societe-civile-tunisienne-solidaire-avec-le-soulevement-contre-les-crimes-racistes-aux-etats-unis\/\"},\"author\":{\"name\":\"webmaster kapitalis\",\"@id\":\"https:\/\/kapitalis.com\/tunisie\/#\/schema\/person\/d71f33a9ca44f7bad4698210b480c8e9\"},\"headline\":\"La soci\u00e9t\u00e9 civile tunisienne solidaire avec le soul\u00e8vement contre les crimes racistes aux Etats-Unis\",\"datePublished\":\"2020-06-05T10:56:48+00:00\",\"dateModified\":\"2020-06-05T21:29:46+00:00\",\"mainEntityOfPage\":{\"@id\":\"https:\/\/kapitalis.com\/tunisie\/2020\/06\/05\/la-societe-civile-tunisienne-solidaire-avec-le-soulevement-contre-les-crimes-racistes-aux-etats-unis\/\"},\"wordCount\":488,\"commentCount\":4,\"publisher\":{\"@id\":\"https:\/\/kapitalis.com\/tunisie\/#organization\"},\"image\":{\"@id\":\"https:\/\/kapitalis.com\/tunisie\/2020\/06\/05\/la-societe-civile-tunisienne-solidaire-avec-le-soulevement-contre-les-crimes-racistes-aux-etats-unis\/#primaryimage\"},\"thumbnailUrl\":\"\",\"keywords\":[\"crimes racistes\",\"Donald Trump\",\"Etats-Unis\",\"George Floyd\",\"Minneapolis\",\"soci\u00e9t\u00e9 civile tunisienne\",\"soul\u00e8vement populaire\"],\"articleSection\":[\"SOCIETE\",\"Tunisie\"],\"inLanguage\":\"fr-FR\",\"potentialAction\":[{\"@type\":\"CommentAction\",\"name\":\"Comment\",\"target\":[\"https:\/\/kapitalis.com\/tunisie\/2020\/06\/05\/la-societe-civile-tunisienne-solidaire-avec-le-soulevement-contre-les-crimes-racistes-aux-etats-unis\/#respond\"]}]},{\"@type\":\"WebPage\",\"@id\":\"https:\/\/kapitalis.com\/tunisie\/2020\/06\/05\/la-societe-civile-tunisienne-solidaire-avec-le-soulevement-contre-les-crimes-racistes-aux-etats-unis\/\",\"url\":\"https:\/\/kapitalis.com\/tunisie\/2020\/06\/05\/la-societe-civile-tunisienne-solidaire-avec-le-soulevement-contre-les-crimes-racistes-aux-etats-unis\/\",\"name\":\"La soci\u00e9t\u00e9 civile tunisienne solidaire avec le soul\u00e8vement contre les crimes racistes aux Etats-Unis - Kapitalis\",\"isPartOf\":{\"@id\":\"https:\/\/kapitalis.com\/tunisie\/#website\"},\"primaryImageOfPage\":{\"@id\":\"https:\/\/kapitalis.com\/tunisie\/2020\/06\/05\/la-societe-civile-tunisienne-solidaire-avec-le-soulevement-contre-les-crimes-racistes-aux-etats-unis\/#primaryimage\"},\"image\":{\"@id\":\"https:\/\/kapitalis.com\/tunisie\/2020\/06\/05\/la-societe-civile-tunisienne-solidaire-avec-le-soulevement-contre-les-crimes-racistes-aux-etats-unis\/#primaryimage\"},\"thumbnailUrl\":\"\",\"datePublished\":\"2020-06-05T10:56:48+00:00\",\"dateModified\":\"2020-06-05T21:29:46+00:00\",\"breadcrumb\":{\"@id\":\"https:\/\/kapitalis.com\/tunisie\/2020\/06\/05\/la-societe-civile-tunisienne-solidaire-avec-le-soulevement-contre-les-crimes-racistes-aux-etats-unis\/#breadcrumb\"},\"inLanguage\":\"fr-FR\",\"potentialAction\":[{\"@type\":\"ReadAction\",\"target\":[\"https:\/\/kapitalis.com\/tunisie\/2020\/06\/05\/la-societe-civile-tunisienne-solidaire-avec-le-soulevement-contre-les-crimes-racistes-aux-etats-unis\/\"]}]},{\"@type\":\"ImageObject\",\"inLanguage\":\"fr-FR\",\"@id\":\"https:\/\/kapitalis.com\/tunisie\/2020\/06\/05\/la-societe-civile-tunisienne-solidaire-avec-le-soulevement-contre-les-crimes-racistes-aux-etats-unis\/#primaryimage\",\"url\":\"\",\"contentUrl\":\"\"},{\"@type\":\"BreadcrumbList\",\"@id\":\"https:\/\/kapitalis.com\/tunisie\/2020\/06\/05\/la-societe-civile-tunisienne-solidaire-avec-le-soulevement-contre-les-crimes-racistes-aux-etats-unis\/#breadcrumb\",\"itemListElement\":[{\"@type\":\"ListItem\",\"position\":1,\"name\":\"Accueil\",\"item\":\"https:\/\/kapitalis.com\/tunisie\/\"},{\"@type\":\"ListItem\",\"position\":2,\"name\":\"La soci\u00e9t\u00e9 civile tunisienne solidaire avec le soul\u00e8vement contre les crimes racistes aux Etats-Unis\"}]},{\"@type\":\"WebSite\",\"@id\":\"https:\/\/kapitalis.com\/tunisie\/#website\",\"url\":\"https:\/\/kapitalis.com\/tunisie\/\",\"name\":\"Kapitalis\",\"description\":\"L&#039;actualit\u00e9 en Tunisie et dans le monde\",\"publisher\":{\"@id\":\"https:\/\/kapitalis.com\/tunisie\/#organization\"},\"potentialAction\":[{\"@type\":\"SearchAction\",\"target\":{\"@type\":\"EntryPoint\",\"urlTemplate\":\"https:\/\/kapitalis.com\/tunisie\/?s={search_term_string}\"},\"query-input\":{\"@type\":\"PropertyValueSpecification\",\"valueRequired\":true,\"valueName\":\"search_term_string\"}}],\"inLanguage\":\"fr-FR\"},{\"@type\":\"Organization\",\"@id\":\"https:\/\/kapitalis.com\/tunisie\/#organization\",\"name\":\"Kapitalis\",\"url\":\"https:\/\/kapitalis.com\/tunisie\/\",\"logo\":{\"@type\":\"ImageObject\",\"inLanguage\":\"fr-FR\",\"@id\":\"https:\/\/kapitalis.com\/tunisie\/#\/schema\/logo\/image\/\",\"url\":\"https:\/\/kapitalis.com\/tunisie\/wp-content\/uploads\/2022\/05\/Kapitalis-big-size.png\",\"contentUrl\":\"https:\/\/kapitalis.com\/tunisie\/wp-content\/uploads\/2022\/05\/Kapitalis-big-size.png\",\"width\":5000,\"height\":1500,\"caption\":\"Kapitalis\"},\"image\":{\"@id\":\"https:\/\/kapitalis.com\/tunisie\/#\/schema\/logo\/image\/\"},\"sameAs\":[\"https:\/\/www.facebook.com\/KapitalisInfo\/\",\"https:\/\/x.com\/KapitalisInfo\",\"https:\/\/www.youtube.com\/channel\/UC-yDYrHyfFBWWZaOw3FPg9Q\"]},{\"@type\":\"Person\",\"@id\":\"https:\/\/kapitalis.com\/tunisie\/#\/schema\/person\/d71f33a9ca44f7bad4698210b480c8e9\",\"name\":\"webmaster kapitalis\",\"url\":\"https:\/\/kapitalis.com\/tunisie\/author\/webmaster-kapitalis\/\"}]}<\/script>\n<!-- \/ Yoast SEO plugin. -->","yoast_head_json":{"title":"La soci\u00e9t\u00e9 civile tunisienne solidaire avec le soul\u00e8vement contre les crimes racistes aux Etats-Unis - Kapitalis","robots":{"index":"index","follow":"follow","max-snippet":"max-snippet:-1","max-image-preview":"max-image-preview:large","max-video-preview":"max-video-preview:-1"},"canonical":"https:\/\/kapitalis.com\/tunisie\/2020\/06\/05\/la-societe-civile-tunisienne-solidaire-avec-le-soulevement-contre-les-crimes-racistes-aux-etats-unis\/","og_locale":"fr_FR","og_type":"article","og_title":"La soci\u00e9t\u00e9 civile tunisienne solidaire avec le soul\u00e8vement contre les crimes racistes aux Etats-Unis - Kapitalis","og_description":"Des associations et des ONG tunisiennes ont lanc\u00e9, aujourd\u2019hui, vendredi 5 juin 2020, un appel pour le rassemblement du samedi 6 juin \u00e0 11h devant le th\u00e9\u00e2tre municipal de Tunis pour exprimer leur solidarit\u00e9 avec le soul\u00e8vement populaire contre les crimes racistes aux Etats-Unis. Nous publions ci-dessous cet appel\u2026","og_url":"https:\/\/kapitalis.com\/tunisie\/2020\/06\/05\/la-societe-civile-tunisienne-solidaire-avec-le-soulevement-contre-les-crimes-racistes-aux-etats-unis\/","og_site_name":"Kapitalis","article_publisher":"https:\/\/www.facebook.com\/KapitalisInfo\/","article_published_time":"2020-06-05T10:56:48+00:00","article_modified_time":"2020-06-05T21:29:46+00:00","og_image":[{"width":1200,"height":630,"url":"https:\/\/kapitalis.com\/tunisie\/wp-content\/uploads\/2022\/05\/kapitalis-logo-fb.png","type":"image\/png"}],"author":"webmaster kapitalis","twitter_card":"summary_large_image","twitter_creator":"@KapitalisInfo","twitter_site":"@KapitalisInfo","twitter_misc":{"\u00c9crit par":"webmaster kapitalis","Dur\u00e9e de lecture estim\u00e9e":"2 minutes"},"schema":{"@context":"https:\/\/schema.org","@graph":[{"@type":"Article","@id":"https:\/\/kapitalis.com\/tunisie\/2020\/06\/05\/la-societe-civile-tunisienne-solidaire-avec-le-soulevement-contre-les-crimes-racistes-aux-etats-unis\/#article","isPartOf":{"@id":"https:\/\/kapitalis.com\/tunisie\/2020\/06\/05\/la-societe-civile-tunisienne-solidaire-avec-le-soulevement-contre-les-crimes-racistes-aux-etats-unis\/"},"author":{"name":"webmaster kapitalis","@id":"https:\/\/kapitalis.com\/tunisie\/#\/schema\/person\/d71f33a9ca44f7bad4698210b480c8e9"},"headline":"La soci\u00e9t\u00e9 civile tunisienne solidaire avec le soul\u00e8vement contre les crimes racistes aux Etats-Unis","datePublished":"2020-06-05T10:56:48+00:00","dateModified":"2020-06-05T21:29:46+00:00","mainEntityOfPage":{"@id":"https:\/\/kapitalis.com\/tunisie\/2020\/06\/05\/la-societe-civile-tunisienne-solidaire-avec-le-soulevement-contre-les-crimes-racistes-aux-etats-unis\/"},"wordCount":488,"commentCount":4,"publisher":{"@id":"https:\/\/kapitalis.com\/tunisie\/#organization"},"image":{"@id":"https:\/\/kapitalis.com\/tunisie\/2020\/06\/05\/la-societe-civile-tunisienne-solidaire-avec-le-soulevement-contre-les-crimes-racistes-aux-etats-unis\/#primaryimage"},"thumbnailUrl":"","keywords":["crimes racistes","Donald Trump","Etats-Unis","George Floyd","Minneapolis","soci\u00e9t\u00e9 civile tunisienne","soul\u00e8vement populaire"],"articleSection":["SOCIETE","Tunisie"],"inLanguage":"fr-FR","potentialAction":[{"@type":"CommentAction","name":"Comment","target":["https:\/\/kapitalis.com\/tunisie\/2020\/06\/05\/la-societe-civile-tunisienne-solidaire-avec-le-soulevement-contre-les-crimes-racistes-aux-etats-unis\/#respond"]}]},{"@type":"WebPage","@id":"https:\/\/kapitalis.com\/tunisie\/2020\/06\/05\/la-societe-civile-tunisienne-solidaire-avec-le-soulevement-contre-les-crimes-racistes-aux-etats-unis\/","url":"https:\/\/kapitalis.com\/tunisie\/2020\/06\/05\/la-societe-civile-tunisienne-solidaire-avec-le-soulevement-contre-les-crimes-racistes-aux-etats-unis\/","name":"La soci\u00e9t\u00e9 civile tunisienne solidaire avec le soul\u00e8vement contre les crimes racistes aux Etats-Unis - Kapitalis","isPartOf":{"@id":"https:\/\/kapitalis.com\/tunisie\/#website"},"primaryImageOfPage":{"@id":"https:\/\/kapitalis.com\/tunisie\/2020\/06\/05\/la-societe-civile-tunisienne-solidaire-avec-le-soulevement-contre-les-crimes-racistes-aux-etats-unis\/#primaryimage"},"image":{"@id":"https:\/\/kapitalis.com\/tunisie\/2020\/06\/05\/la-societe-civile-tunisienne-solidaire-avec-le-soulevement-contre-les-crimes-racistes-aux-etats-unis\/#primaryimage"},"thumbnailUrl":"","datePublished":"2020-06-05T10:56:48+00:00","dateModified":"2020-06-05T21:29:46+00:00","breadcrumb":{"@id":"https:\/\/kapitalis.com\/tunisie\/2020\/06\/05\/la-societe-civile-tunisienne-solidaire-avec-le-soulevement-contre-les-crimes-racistes-aux-etats-unis\/#breadcrumb"},"inLanguage":"fr-FR","potentialAction":[{"@type":"ReadAction","target":["https:\/\/kapitalis.com\/tunisie\/2020\/06\/05\/la-societe-civile-tunisienne-solidaire-avec-le-soulevement-contre-les-crimes-racistes-aux-etats-unis\/"]}]},{"@type":"ImageObject","inLanguage":"fr-FR","@id":"https:\/\/kapitalis.com\/tunisie\/2020\/06\/05\/la-societe-civile-tunisienne-solidaire-avec-le-soulevement-contre-les-crimes-racistes-aux-etats-unis\/#primaryimage","url":"","contentUrl":""},{"@type":"BreadcrumbList","@id":"https:\/\/kapitalis.com\/tunisie\/2020\/06\/05\/la-societe-civile-tunisienne-solidaire-avec-le-soulevement-contre-les-crimes-racistes-aux-etats-unis\/#breadcrumb","itemListElement":[{"@type":"ListItem","position":1,"name":"Accueil","item":"https:\/\/kapitalis.com\/tunisie\/"},{"@type":"ListItem","position":2,"name":"La soci\u00e9t\u00e9 civile tunisienne solidaire avec le soul\u00e8vement contre les crimes racistes aux Etats-Unis"}]},{"@type":"WebSite","@id":"https:\/\/kapitalis.com\/tunisie\/#website","url":"https:\/\/kapitalis.com\/tunisie\/","name":"Kapitalis","description":"L&#039;actualit\u00e9 en Tunisie et dans le monde","publisher":{"@id":"https:\/\/kapitalis.com\/tunisie\/#organization"},"potentialAction":[{"@type":"SearchAction","target":{"@type":"EntryPoint","urlTemplate":"https:\/\/kapitalis.com\/tunisie\/?s={search_term_string}"},"query-input":{"@type":"PropertyValueSpecification","valueRequired":true,"valueName":"search_term_string"}}],"inLanguage":"fr-FR"},{"@type":"Organization","@id":"https:\/\/kapitalis.com\/tunisie\/#organization","name":"Kapitalis","url":"https:\/\/kapitalis.com\/tunisie\/","logo":{"@type":"ImageObject","inLanguage":"fr-FR","@id":"https:\/\/kapitalis.com\/tunisie\/#\/schema\/logo\/image\/","url":"https:\/\/kapitalis.com\/tunisie\/wp-content\/uploads\/2022\/05\/Kapitalis-big-size.png","contentUrl":"https:\/\/kapitalis.com\/tunisie\/wp-content\/uploads\/2022\/05\/Kapitalis-big-size.png","width":5000,"height":1500,"caption":"Kapitalis"},"image":{"@id":"https:\/\/kapitalis.com\/tunisie\/#\/schema\/logo\/image\/"},"sameAs":["https:\/\/www.facebook.com\/KapitalisInfo\/","https:\/\/x.com\/KapitalisInfo","https:\/\/www.youtube.com\/channel\/UC-yDYrHyfFBWWZaOw3FPg9Q"]},{"@type":"Person","@id":"https:\/\/kapitalis.com\/tunisie\/#\/schema\/person\/d71f33a9ca44f7bad4698210b480c8e9","name":"webmaster kapitalis","url":"https:\/\/kapitalis.com\/tunisie\/author\/webmaster-kapitalis\/"}]}},"_links":{"self":[{"href":"https:\/\/kapitalis.com\/tunisie\/wp-json\/wp\/v2\/posts\/302253","targetHints":{"allow":["GET"]}}],"collection":[{"href":"https:\/\/kapitalis.com\/tunisie\/wp-json\/wp\/v2\/posts"}],"about":[{"href":"https:\/\/kapitalis.com\/tunisie\/wp-json\/wp\/v2\/types\/post"}],"author":[{"embeddable":true,"href":"https:\/\/kapitalis.com\/tunisie\/wp-json\/wp\/v2\/users\/8"}],"replies":[{"embeddable":true,"href":"https:\/\/kapitalis.com\/tunisie\/wp-json\/wp\/v2\/comments?post=302253"}],"version-history":[{"count":0,"href":"https:\/\/kapitalis.com\/tunisie\/wp-json\/wp\/v2\/posts\/302253\/revisions"}],"wp:featuredmedia":[{"embeddable":true,"href":"https:\/\/kapitalis.com\/tunisie\/wp-json\/wp\/v2\/media\/302256"}],"wp:attachment":[{"href":"https:\/\/kapitalis.com\/tunisie\/wp-json\/wp\/v2\/media?parent=302253"}],"wp:term":[{"taxonomy":"category","embeddable":true,"href":"https:\/\/kapitalis.com\/tunisie\/wp-json\/wp\/v2\/categories?post=302253"},{"taxonomy":"post_tag","embeddable":true,"href":"https:\/\/kapitalis.com\/tunisie\/wp-json\/wp\/v2\/tags?post=302253"}],"curies":[{"name":"wp","href":"https:\/\/api.w.org\/{rel}","templated":true}]}}