{"id":302283,"date":"2020-06-05T15:48:20","date_gmt":"2020-06-05T14:48:20","guid":{"rendered":"http:\/\/kapitalis.com\/tunisie\/?p=302283"},"modified":"2020-06-05T15:48:22","modified_gmt":"2020-06-05T14:48:22","slug":"les-tunisiens-de-letranger-ne-rempliront-pas-nos-hotels-cet-ete","status":"publish","type":"post","link":"https:\/\/kapitalis.com\/tunisie\/2020\/06\/05\/les-tunisiens-de-letranger-ne-rempliront-pas-nos-hotels-cet-ete\/","title":{"rendered":"Les Tunisiens de l\u2019\u00e9tranger ne rempliront pas nos h\u00f4tels cet \u00e9t\u00e9"},"content":{"rendered":"\n<figure class=\"wp-block-image size-large\"><img decoding=\"async\" src=\"http:\/\/kapitalis.com\/tunisie\/wp-content\/uploads\/2016\/02\/tourisme-1.jpg\" alt=\"\" class=\"wp-image-40168\"\/><\/figure>\n\n\n\n<p><strong><em>L\u2019imposition aux Tunisiens de l\u2019\u00e9tranger, \u00e0 leur retour en Tunisie, durant les prochaines vacances d\u2019\u00e9t\u00e9, un confinement d\u2019une semaine dans un h\u00f4tel, qui plus est \u00e0 leurs frais, comme d\u00e9cid\u00e9 par le gouvernement, ne fait pas l\u2019unanimit\u00e9, c\u2019est un euph\u00e9misme. L\u2019auteur r\u00e9side lui en Tunisie mais il trouve cette d\u00e9cision inadmissible. Et, surtout, contre-productive.<\/em><\/strong><\/p>\n\n\n\n<p>Par <strong>Adnane Belhajamor<\/strong> *<\/p>\n\n\n\n<!--more-->\n\n\n\n<div class=\"wp-block-image\"><figure class=\"alignleft size-large\"><img decoding=\"async\" src=\"http:\/\/kapitalis.com\/tunisie\/wp-content\/uploads\/2020\/03\/Adnane-Belhaj-Amor.jpg\" alt=\"\" class=\"wp-image-288276\"\/><\/figure><\/div>\n\n\n\n<p>On n\u2019encourage pas le tourisme en imposant aux Tunisiens de l\u2019\u00e9tranger d\u2019aller en confinement obligatoire pendant une semaine et en payant eux m\u00eames le s\u00e9jour \u00e0 80 dinars la nuit\u00e9e par personne dans des h\u00f4tels.<\/p>\n\n\n\n<p>Je suis d\u00e9sol\u00e9 mais nos compatriotes \u00e9migr\u00e9s \u00e0 l\u2019\u00e9tranger doivent pouvoir entrer normalement en Tunisie sur pr\u00e9sentation de certificats m\u00e9dicaux attestant qu\u2019ils ne sont pas positifs au Coronavirus et aller librement o\u00f9 ils veulent.<\/p>\n\n\n\n<p>Il faut savoir que ce ne sont pas eux qui ont rempli les h\u00f4tels par le pass\u00e9 et qu\u2019ils ne le feront pas cette ann\u00e9e non plus.<\/p>\n\n\n\n<p>Il faut savoir aussi que ces personnes rentrent en \u00e9t\u00e9 pour \u00eatre avec leurs familles et d\u00e9pensent leur argent en achetant des terrains, en construisant des maisons, en organisant leurs mariages et en vaquant \u00e0 des affaires personnelles.<\/p>\n\n\n\n<p>En <em>\u00abmena\u00e7ant\u00bb<\/em> de les parquer dans des h\u00f4tels, on va les dissuader de venir en Tunisie cet \u00e9t\u00e9 et d\u2019y d\u00e9penser un argent qu\u2019ils n&rsquo;ont pas pour habitude de donner aux h\u00f4tels.<\/p>\n\n\n\n<p>Tout \u00e7a parce que les autorit\u00e9s ne se sont pas investies dans la promotion de la destination Tunisie \u00e0 la faveur des bons r\u00e9sultats de notre pays en mati\u00e8re de lutte contre la pand\u00e9mie et en faisant valoir les protocoles et les mesures prises pour assurer la pr\u00e9vention aux visiteurs.<\/p>\n\n\n\n<p>Les pays concurrents en M\u00e9diterran\u00e9e, qui ont pourtant eu 100 et 200 fois plus de cas de Covid-19 et des dizaines de milliers de d\u00e9c\u00e8s, mettent les bouch\u00e9es doubles pour sauver autant que faire se peut la saison touristique et nous, nous faisons des entourloupes pour remplir nos h\u00f4tels de Tunisiens vivant \u00e0 l\u2019\u00e9tranger, un objectif qui n\u2019a aucune chance d\u2019\u00eatre r\u00e9alis\u00e9.<\/p>\n\n\n\n<p><em>* Activiste politique.<\/em><\/p>\n\n\n\n<h3 class=\"wp-block-heading\">Articles du m\u00eame auteur dans Kapitalis : <\/h3>\n\n\n\n<figure class=\"wp-block-embed-wordpress wp-block-embed is-type-wp-embed is-provider-kapitalis\"><div class=\"wp-block-embed__wrapper\">\n<blockquote class=\"wp-embedded-content\" data-secret=\"66w5NEKwAT\"><a href=\"https:\/\/kapitalis.com\/tunisie\/2020\/04\/29\/de-bonnes-raisons-pour-enterre-le-projet-daccord-entre-la-tunisie-et-laxe-turquie-qatar\/\">De bonnes raisons pour enterrer le projet d\u2019accord entre la Tunisie et l\u2019axe Turquie-Qatar<\/a><\/blockquote><iframe loading=\"lazy\" class=\"wp-embedded-content\" sandbox=\"allow-scripts\" security=\"restricted\" style=\"position: absolute; clip: rect(1px, 1px, 1px, 1px);\" title=\"\u00ab\u00a0De bonnes raisons pour enterrer le projet d\u2019accord entre la Tunisie et l\u2019axe Turquie-Qatar\u00a0\u00bb &#8212; Kapitalis\" src=\"https:\/\/kapitalis.com\/tunisie\/2020\/04\/29\/de-bonnes-raisons-pour-enterre-le-projet-daccord-entre-la-tunisie-et-laxe-turquie-qatar\/embed\/#?secret=Ww1hiPHOVE#?secret=66w5NEKwAT\" data-secret=\"66w5NEKwAT\" width=\"600\" height=\"338\" frameborder=\"0\" marginwidth=\"0\" marginheight=\"0\" scrolling=\"no\"><\/iframe>\n<\/div><\/figure>\n\n\n\n<figure class=\"wp-block-embed-wordpress wp-block-embed is-type-wp-embed is-provider-kapitalis\"><div class=\"wp-block-embed__wrapper\">\n<blockquote class=\"wp-embedded-content\" data-secret=\"lMmQIeVu8U\"><a href=\"https:\/\/kapitalis.com\/tunisie\/2017\/08\/07\/succes-annonce-dennahdha-aux-municipales-les-derapages-dolfa-youssef\/\">Succ\u00e8s annonc\u00e9 d\u2019Ennahdha aux municipales : Les d\u00e9rapages d\u2019Olfa Youssef<\/a><\/blockquote><iframe loading=\"lazy\" class=\"wp-embedded-content\" sandbox=\"allow-scripts\" security=\"restricted\" style=\"position: absolute; clip: rect(1px, 1px, 1px, 1px);\" title=\"\u00ab\u00a0Succ\u00e8s annonc\u00e9 d\u2019Ennahdha aux municipales : Les d\u00e9rapages d\u2019Olfa Youssef\u00a0\u00bb &#8212; Kapitalis\" src=\"https:\/\/kapitalis.com\/tunisie\/2017\/08\/07\/succes-annonce-dennahdha-aux-municipales-les-derapages-dolfa-youssef\/embed\/#?secret=MTCP3o0Nrm#?secret=lMmQIeVu8U\" data-secret=\"lMmQIeVu8U\" width=\"600\" height=\"338\" frameborder=\"0\" marginwidth=\"0\" marginheight=\"0\" scrolling=\"no\"><\/iframe>\n<\/div><\/figure>\n\n\n\n<figure class=\"wp-block-embed-wordpress wp-block-embed is-type-wp-embed is-provider-kapitalis\"><div class=\"wp-block-embed__wrapper\">\n<blockquote class=\"wp-embedded-content\" data-secret=\"60gwrriJeS\"><a href=\"https:\/\/kapitalis.com\/tunisie\/2020\/03\/15\/coronavirus-naoufel-ouertani-ou-limmersion-dans-la-betise\/\">Coronavirus : Naoufel Ouertani ou l\u2019immersion dans la b\u00eatise<\/a><\/blockquote><iframe loading=\"lazy\" class=\"wp-embedded-content\" sandbox=\"allow-scripts\" security=\"restricted\" style=\"position: absolute; clip: rect(1px, 1px, 1px, 1px);\" title=\"\u00ab\u00a0Coronavirus : Naoufel Ouertani ou l\u2019immersion dans la b\u00eatise\u00a0\u00bb &#8212; Kapitalis\" src=\"https:\/\/kapitalis.com\/tunisie\/2020\/03\/15\/coronavirus-naoufel-ouertani-ou-limmersion-dans-la-betise\/embed\/#?secret=1UYuyC0RHK#?secret=60gwrriJeS\" data-secret=\"60gwrriJeS\" width=\"600\" height=\"338\" frameborder=\"0\" marginwidth=\"0\" marginheight=\"0\" scrolling=\"no\"><\/iframe>\n<\/div><\/figure>\n","protected":false},"excerpt":{"rendered":"<p>L\u2019imposition aux Tunisiens de l\u2019\u00e9tranger, \u00e0 leur retour en Tunisie, durant les prochaines vacances d\u2019\u00e9t\u00e9, un confinement d\u2019une semaine dans un h\u00f4tel, qui plus est \u00e0 leurs frais, comme d\u00e9cid\u00e9 par le gouvernement, ne fait pas l\u2019unanimit\u00e9, c\u2019est un euph\u00e9misme. L\u2019auteur r\u00e9side lui en Tunisie mais il trouve cette d\u00e9cision inadmissible. Et, surtout, contre-productive. Par&#8230;<\/p>\n","protected":false},"author":8,"featured_media":0,"comment_status":"open","ping_status":"open","sticky":false,"template":"","format":"standard","meta":{"footnotes":""},"categories":[992,995,1000,2433],"tags":[76605,75291,34300],"class_list":["post-302283","post","type-post","status-publish","format-standard","hentry","category-a-la-une","category-economie","category-tribune","category-tunisie","tag-confinement","tag-covid-19","tag-tunisiens-de-letranger"],"yoast_head":"<!-- This site is optimized with the Yoast SEO plugin v26.6 - https:\/\/yoast.com\/wordpress\/plugins\/seo\/ -->\n<title>Les Tunisiens de l\u2019\u00e9tranger ne rempliront pas nos h\u00f4tels cet \u00e9t\u00e9 - Kapitalis<\/title>\n<meta name=\"robots\" content=\"index, follow, max-snippet:-1, max-image-preview:large, max-video-preview:-1\" \/>\n<link rel=\"canonical\" href=\"https:\/\/kapitalis.com\/tunisie\/2020\/06\/05\/les-tunisiens-de-letranger-ne-rempliront-pas-nos-hotels-cet-ete\/\" \/>\n<meta property=\"og:locale\" content=\"fr_FR\" \/>\n<meta property=\"og:type\" content=\"article\" \/>\n<meta property=\"og:title\" content=\"Les Tunisiens de l\u2019\u00e9tranger ne rempliront pas nos h\u00f4tels cet \u00e9t\u00e9 - Kapitalis\" \/>\n<meta property=\"og:description\" content=\"L\u2019imposition aux Tunisiens de l\u2019\u00e9tranger, \u00e0 leur retour en Tunisie, durant les prochaines vacances d\u2019\u00e9t\u00e9, un confinement d\u2019une semaine dans un h\u00f4tel, qui plus est \u00e0 leurs frais, comme d\u00e9cid\u00e9 par le gouvernement, ne fait pas l\u2019unanimit\u00e9, c\u2019est un euph\u00e9misme. L\u2019auteur r\u00e9side lui en Tunisie mais il trouve cette d\u00e9cision inadmissible. Et, surtout, contre-productive. Par...\" \/>\n<meta property=\"og:url\" content=\"https:\/\/kapitalis.com\/tunisie\/2020\/06\/05\/les-tunisiens-de-letranger-ne-rempliront-pas-nos-hotels-cet-ete\/\" \/>\n<meta property=\"og:site_name\" content=\"Kapitalis\" \/>\n<meta property=\"article:publisher\" content=\"https:\/\/www.facebook.com\/KapitalisInfo\/\" \/>\n<meta property=\"article:published_time\" content=\"2020-06-05T14:48:20+00:00\" \/>\n<meta property=\"article:modified_time\" content=\"2020-06-05T14:48:22+00:00\" \/>\n<meta property=\"og:image\" content=\"http:\/\/kapitalis.com\/tunisie\/wp-content\/uploads\/2016\/02\/tourisme-1.jpg\" \/>\n<meta name=\"author\" content=\"webmaster kapitalis\" \/>\n<meta name=\"twitter:card\" content=\"summary_large_image\" \/>\n<meta name=\"twitter:creator\" content=\"@KapitalisInfo\" \/>\n<meta name=\"twitter:site\" content=\"@KapitalisInfo\" \/>\n<meta name=\"twitter:label1\" content=\"\u00c9crit par\" \/>\n\t<meta name=\"twitter:data1\" content=\"webmaster kapitalis\" \/>\n\t<meta name=\"twitter:label2\" content=\"Dur\u00e9e de lecture estim\u00e9e\" \/>\n\t<meta name=\"twitter:data2\" content=\"2 minutes\" \/>\n<script type=\"application\/ld+json\" class=\"yoast-schema-graph\">{\"@context\":\"https:\/\/schema.org\",\"@graph\":[{\"@type\":\"Article\",\"@id\":\"https:\/\/kapitalis.com\/tunisie\/2020\/06\/05\/les-tunisiens-de-letranger-ne-rempliront-pas-nos-hotels-cet-ete\/#article\",\"isPartOf\":{\"@id\":\"https:\/\/kapitalis.com\/tunisie\/2020\/06\/05\/les-tunisiens-de-letranger-ne-rempliront-pas-nos-hotels-cet-ete\/\"},\"author\":{\"name\":\"webmaster kapitalis\",\"@id\":\"https:\/\/kapitalis.com\/tunisie\/#\/schema\/person\/d71f33a9ca44f7bad4698210b480c8e9\"},\"headline\":\"Les Tunisiens de l\u2019\u00e9tranger ne rempliront pas nos h\u00f4tels cet \u00e9t\u00e9\",\"datePublished\":\"2020-06-05T14:48:20+00:00\",\"dateModified\":\"2020-06-05T14:48:22+00:00\",\"mainEntityOfPage\":{\"@id\":\"https:\/\/kapitalis.com\/tunisie\/2020\/06\/05\/les-tunisiens-de-letranger-ne-rempliront-pas-nos-hotels-cet-ete\/\"},\"wordCount\":412,\"commentCount\":57,\"publisher\":{\"@id\":\"https:\/\/kapitalis.com\/tunisie\/#organization\"},\"image\":{\"@id\":\"https:\/\/kapitalis.com\/tunisie\/2020\/06\/05\/les-tunisiens-de-letranger-ne-rempliront-pas-nos-hotels-cet-ete\/#primaryimage\"},\"thumbnailUrl\":\"http:\/\/kapitalis.com\/tunisie\/wp-content\/uploads\/2016\/02\/tourisme-1.jpg\",\"keywords\":[\"confinement\",\"Covid-19\",\"Tunisiens de l\u2019\u00e9tranger\"],\"articleSection\":[\"A LA UNE\",\"ECONOMIE\",\"TRIBUNE\",\"Tunisie\"],\"inLanguage\":\"fr-FR\",\"potentialAction\":[{\"@type\":\"CommentAction\",\"name\":\"Comment\",\"target\":[\"https:\/\/kapitalis.com\/tunisie\/2020\/06\/05\/les-tunisiens-de-letranger-ne-rempliront-pas-nos-hotels-cet-ete\/#respond\"]}]},{\"@type\":\"WebPage\",\"@id\":\"https:\/\/kapitalis.com\/tunisie\/2020\/06\/05\/les-tunisiens-de-letranger-ne-rempliront-pas-nos-hotels-cet-ete\/\",\"url\":\"https:\/\/kapitalis.com\/tunisie\/2020\/06\/05\/les-tunisiens-de-letranger-ne-rempliront-pas-nos-hotels-cet-ete\/\",\"name\":\"Les Tunisiens de l\u2019\u00e9tranger ne rempliront pas nos h\u00f4tels cet \u00e9t\u00e9 - Kapitalis\",\"isPartOf\":{\"@id\":\"https:\/\/kapitalis.com\/tunisie\/#website\"},\"primaryImageOfPage\":{\"@id\":\"https:\/\/kapitalis.com\/tunisie\/2020\/06\/05\/les-tunisiens-de-letranger-ne-rempliront-pas-nos-hotels-cet-ete\/#primaryimage\"},\"image\":{\"@id\":\"https:\/\/kapitalis.com\/tunisie\/2020\/06\/05\/les-tunisiens-de-letranger-ne-rempliront-pas-nos-hotels-cet-ete\/#primaryimage\"},\"thumbnailUrl\":\"http:\/\/kapitalis.com\/tunisie\/wp-content\/uploads\/2016\/02\/tourisme-1.jpg\",\"datePublished\":\"2020-06-05T14:48:20+00:00\",\"dateModified\":\"2020-06-05T14:48:22+00:00\",\"breadcrumb\":{\"@id\":\"https:\/\/kapitalis.com\/tunisie\/2020\/06\/05\/les-tunisiens-de-letranger-ne-rempliront-pas-nos-hotels-cet-ete\/#breadcrumb\"},\"inLanguage\":\"fr-FR\",\"potentialAction\":[{\"@type\":\"ReadAction\",\"target\":[\"https:\/\/kapitalis.com\/tunisie\/2020\/06\/05\/les-tunisiens-de-letranger-ne-rempliront-pas-nos-hotels-cet-ete\/\"]}]},{\"@type\":\"ImageObject\",\"inLanguage\":\"fr-FR\",\"@id\":\"https:\/\/kapitalis.com\/tunisie\/2020\/06\/05\/les-tunisiens-de-letranger-ne-rempliront-pas-nos-hotels-cet-ete\/#primaryimage\",\"url\":\"http:\/\/kapitalis.com\/tunisie\/wp-content\/uploads\/2016\/02\/tourisme-1.jpg\",\"contentUrl\":\"http:\/\/kapitalis.com\/tunisie\/wp-content\/uploads\/2016\/02\/tourisme-1.jpg\"},{\"@type\":\"BreadcrumbList\",\"@id\":\"https:\/\/kapitalis.com\/tunisie\/2020\/06\/05\/les-tunisiens-de-letranger-ne-rempliront-pas-nos-hotels-cet-ete\/#breadcrumb\",\"itemListElement\":[{\"@type\":\"ListItem\",\"position\":1,\"name\":\"Accueil\",\"item\":\"https:\/\/kapitalis.com\/tunisie\/\"},{\"@type\":\"ListItem\",\"position\":2,\"name\":\"Les Tunisiens de l\u2019\u00e9tranger ne rempliront pas nos h\u00f4tels cet \u00e9t\u00e9\"}]},{\"@type\":\"WebSite\",\"@id\":\"https:\/\/kapitalis.com\/tunisie\/#website\",\"url\":\"https:\/\/kapitalis.com\/tunisie\/\",\"name\":\"Kapitalis\",\"description\":\"L&#039;actualit\u00e9 en Tunisie et dans le monde\",\"publisher\":{\"@id\":\"https:\/\/kapitalis.com\/tunisie\/#organization\"},\"potentialAction\":[{\"@type\":\"SearchAction\",\"target\":{\"@type\":\"EntryPoint\",\"urlTemplate\":\"https:\/\/kapitalis.com\/tunisie\/?s={search_term_string}\"},\"query-input\":{\"@type\":\"PropertyValueSpecification\",\"valueRequired\":true,\"valueName\":\"search_term_string\"}}],\"inLanguage\":\"fr-FR\"},{\"@type\":\"Organization\",\"@id\":\"https:\/\/kapitalis.com\/tunisie\/#organization\",\"name\":\"Kapitalis\",\"url\":\"https:\/\/kapitalis.com\/tunisie\/\",\"logo\":{\"@type\":\"ImageObject\",\"inLanguage\":\"fr-FR\",\"@id\":\"https:\/\/kapitalis.com\/tunisie\/#\/schema\/logo\/image\/\",\"url\":\"https:\/\/kapitalis.com\/tunisie\/wp-content\/uploads\/2022\/05\/Kapitalis-big-size.png\",\"contentUrl\":\"https:\/\/kapitalis.com\/tunisie\/wp-content\/uploads\/2022\/05\/Kapitalis-big-size.png\",\"width\":5000,\"height\":1500,\"caption\":\"Kapitalis\"},\"image\":{\"@id\":\"https:\/\/kapitalis.com\/tunisie\/#\/schema\/logo\/image\/\"},\"sameAs\":[\"https:\/\/www.facebook.com\/KapitalisInfo\/\",\"https:\/\/x.com\/KapitalisInfo\",\"https:\/\/www.youtube.com\/channel\/UC-yDYrHyfFBWWZaOw3FPg9Q\"]},{\"@type\":\"Person\",\"@id\":\"https:\/\/kapitalis.com\/tunisie\/#\/schema\/person\/d71f33a9ca44f7bad4698210b480c8e9\",\"name\":\"webmaster kapitalis\",\"url\":\"https:\/\/kapitalis.com\/tunisie\/author\/webmaster-kapitalis\/\"}]}<\/script>\n<!-- \/ Yoast SEO plugin. -->","yoast_head_json":{"title":"Les Tunisiens de l\u2019\u00e9tranger ne rempliront pas nos h\u00f4tels cet \u00e9t\u00e9 - Kapitalis","robots":{"index":"index","follow":"follow","max-snippet":"max-snippet:-1","max-image-preview":"max-image-preview:large","max-video-preview":"max-video-preview:-1"},"canonical":"https:\/\/kapitalis.com\/tunisie\/2020\/06\/05\/les-tunisiens-de-letranger-ne-rempliront-pas-nos-hotels-cet-ete\/","og_locale":"fr_FR","og_type":"article","og_title":"Les Tunisiens de l\u2019\u00e9tranger ne rempliront pas nos h\u00f4tels cet \u00e9t\u00e9 - Kapitalis","og_description":"L\u2019imposition aux Tunisiens de l\u2019\u00e9tranger, \u00e0 leur retour en Tunisie, durant les prochaines vacances d\u2019\u00e9t\u00e9, un confinement d\u2019une semaine dans un h\u00f4tel, qui plus est \u00e0 leurs frais, comme d\u00e9cid\u00e9 par le gouvernement, ne fait pas l\u2019unanimit\u00e9, c\u2019est un euph\u00e9misme. L\u2019auteur r\u00e9side lui en Tunisie mais il trouve cette d\u00e9cision inadmissible. Et, surtout, contre-productive. Par...","og_url":"https:\/\/kapitalis.com\/tunisie\/2020\/06\/05\/les-tunisiens-de-letranger-ne-rempliront-pas-nos-hotels-cet-ete\/","og_site_name":"Kapitalis","article_publisher":"https:\/\/www.facebook.com\/KapitalisInfo\/","article_published_time":"2020-06-05T14:48:20+00:00","article_modified_time":"2020-06-05T14:48:22+00:00","og_image":[{"url":"http:\/\/kapitalis.com\/tunisie\/wp-content\/uploads\/2016\/02\/tourisme-1.jpg","type":"","width":"","height":""}],"author":"webmaster kapitalis","twitter_card":"summary_large_image","twitter_creator":"@KapitalisInfo","twitter_site":"@KapitalisInfo","twitter_misc":{"\u00c9crit par":"webmaster kapitalis","Dur\u00e9e de lecture estim\u00e9e":"2 minutes"},"schema":{"@context":"https:\/\/schema.org","@graph":[{"@type":"Article","@id":"https:\/\/kapitalis.com\/tunisie\/2020\/06\/05\/les-tunisiens-de-letranger-ne-rempliront-pas-nos-hotels-cet-ete\/#article","isPartOf":{"@id":"https:\/\/kapitalis.com\/tunisie\/2020\/06\/05\/les-tunisiens-de-letranger-ne-rempliront-pas-nos-hotels-cet-ete\/"},"author":{"name":"webmaster kapitalis","@id":"https:\/\/kapitalis.com\/tunisie\/#\/schema\/person\/d71f33a9ca44f7bad4698210b480c8e9"},"headline":"Les Tunisiens de l\u2019\u00e9tranger ne rempliront pas nos h\u00f4tels cet \u00e9t\u00e9","datePublished":"2020-06-05T14:48:20+00:00","dateModified":"2020-06-05T14:48:22+00:00","mainEntityOfPage":{"@id":"https:\/\/kapitalis.com\/tunisie\/2020\/06\/05\/les-tunisiens-de-letranger-ne-rempliront-pas-nos-hotels-cet-ete\/"},"wordCount":412,"commentCount":57,"publisher":{"@id":"https:\/\/kapitalis.com\/tunisie\/#organization"},"image":{"@id":"https:\/\/kapitalis.com\/tunisie\/2020\/06\/05\/les-tunisiens-de-letranger-ne-rempliront-pas-nos-hotels-cet-ete\/#primaryimage"},"thumbnailUrl":"http:\/\/kapitalis.com\/tunisie\/wp-content\/uploads\/2016\/02\/tourisme-1.jpg","keywords":["confinement","Covid-19","Tunisiens de l\u2019\u00e9tranger"],"articleSection":["A LA UNE","ECONOMIE","TRIBUNE","Tunisie"],"inLanguage":"fr-FR","potentialAction":[{"@type":"CommentAction","name":"Comment","target":["https:\/\/kapitalis.com\/tunisie\/2020\/06\/05\/les-tunisiens-de-letranger-ne-rempliront-pas-nos-hotels-cet-ete\/#respond"]}]},{"@type":"WebPage","@id":"https:\/\/kapitalis.com\/tunisie\/2020\/06\/05\/les-tunisiens-de-letranger-ne-rempliront-pas-nos-hotels-cet-ete\/","url":"https:\/\/kapitalis.com\/tunisie\/2020\/06\/05\/les-tunisiens-de-letranger-ne-rempliront-pas-nos-hotels-cet-ete\/","name":"Les Tunisiens de l\u2019\u00e9tranger ne rempliront pas nos h\u00f4tels cet \u00e9t\u00e9 - Kapitalis","isPartOf":{"@id":"https:\/\/kapitalis.com\/tunisie\/#website"},"primaryImageOfPage":{"@id":"https:\/\/kapitalis.com\/tunisie\/2020\/06\/05\/les-tunisiens-de-letranger-ne-rempliront-pas-nos-hotels-cet-ete\/#primaryimage"},"image":{"@id":"https:\/\/kapitalis.com\/tunisie\/2020\/06\/05\/les-tunisiens-de-letranger-ne-rempliront-pas-nos-hotels-cet-ete\/#primaryimage"},"thumbnailUrl":"http:\/\/kapitalis.com\/tunisie\/wp-content\/uploads\/2016\/02\/tourisme-1.jpg","datePublished":"2020-06-05T14:48:20+00:00","dateModified":"2020-06-05T14:48:22+00:00","breadcrumb":{"@id":"https:\/\/kapitalis.com\/tunisie\/2020\/06\/05\/les-tunisiens-de-letranger-ne-rempliront-pas-nos-hotels-cet-ete\/#breadcrumb"},"inLanguage":"fr-FR","potentialAction":[{"@type":"ReadAction","target":["https:\/\/kapitalis.com\/tunisie\/2020\/06\/05\/les-tunisiens-de-letranger-ne-rempliront-pas-nos-hotels-cet-ete\/"]}]},{"@type":"ImageObject","inLanguage":"fr-FR","@id":"https:\/\/kapitalis.com\/tunisie\/2020\/06\/05\/les-tunisiens-de-letranger-ne-rempliront-pas-nos-hotels-cet-ete\/#primaryimage","url":"http:\/\/kapitalis.com\/tunisie\/wp-content\/uploads\/2016\/02\/tourisme-1.jpg","contentUrl":"http:\/\/kapitalis.com\/tunisie\/wp-content\/uploads\/2016\/02\/tourisme-1.jpg"},{"@type":"BreadcrumbList","@id":"https:\/\/kapitalis.com\/tunisie\/2020\/06\/05\/les-tunisiens-de-letranger-ne-rempliront-pas-nos-hotels-cet-ete\/#breadcrumb","itemListElement":[{"@type":"ListItem","position":1,"name":"Accueil","item":"https:\/\/kapitalis.com\/tunisie\/"},{"@type":"ListItem","position":2,"name":"Les Tunisiens de l\u2019\u00e9tranger ne rempliront pas nos h\u00f4tels cet \u00e9t\u00e9"}]},{"@type":"WebSite","@id":"https:\/\/kapitalis.com\/tunisie\/#website","url":"https:\/\/kapitalis.com\/tunisie\/","name":"Kapitalis","description":"L&#039;actualit\u00e9 en Tunisie et dans le monde","publisher":{"@id":"https:\/\/kapitalis.com\/tunisie\/#organization"},"potentialAction":[{"@type":"SearchAction","target":{"@type":"EntryPoint","urlTemplate":"https:\/\/kapitalis.com\/tunisie\/?s={search_term_string}"},"query-input":{"@type":"PropertyValueSpecification","valueRequired":true,"valueName":"search_term_string"}}],"inLanguage":"fr-FR"},{"@type":"Organization","@id":"https:\/\/kapitalis.com\/tunisie\/#organization","name":"Kapitalis","url":"https:\/\/kapitalis.com\/tunisie\/","logo":{"@type":"ImageObject","inLanguage":"fr-FR","@id":"https:\/\/kapitalis.com\/tunisie\/#\/schema\/logo\/image\/","url":"https:\/\/kapitalis.com\/tunisie\/wp-content\/uploads\/2022\/05\/Kapitalis-big-size.png","contentUrl":"https:\/\/kapitalis.com\/tunisie\/wp-content\/uploads\/2022\/05\/Kapitalis-big-size.png","width":5000,"height":1500,"caption":"Kapitalis"},"image":{"@id":"https:\/\/kapitalis.com\/tunisie\/#\/schema\/logo\/image\/"},"sameAs":["https:\/\/www.facebook.com\/KapitalisInfo\/","https:\/\/x.com\/KapitalisInfo","https:\/\/www.youtube.com\/channel\/UC-yDYrHyfFBWWZaOw3FPg9Q"]},{"@type":"Person","@id":"https:\/\/kapitalis.com\/tunisie\/#\/schema\/person\/d71f33a9ca44f7bad4698210b480c8e9","name":"webmaster kapitalis","url":"https:\/\/kapitalis.com\/tunisie\/author\/webmaster-kapitalis\/"}]}},"_links":{"self":[{"href":"https:\/\/kapitalis.com\/tunisie\/wp-json\/wp\/v2\/posts\/302283","targetHints":{"allow":["GET"]}}],"collection":[{"href":"https:\/\/kapitalis.com\/tunisie\/wp-json\/wp\/v2\/posts"}],"about":[{"href":"https:\/\/kapitalis.com\/tunisie\/wp-json\/wp\/v2\/types\/post"}],"author":[{"embeddable":true,"href":"https:\/\/kapitalis.com\/tunisie\/wp-json\/wp\/v2\/users\/8"}],"replies":[{"embeddable":true,"href":"https:\/\/kapitalis.com\/tunisie\/wp-json\/wp\/v2\/comments?post=302283"}],"version-history":[{"count":0,"href":"https:\/\/kapitalis.com\/tunisie\/wp-json\/wp\/v2\/posts\/302283\/revisions"}],"wp:attachment":[{"href":"https:\/\/kapitalis.com\/tunisie\/wp-json\/wp\/v2\/media?parent=302283"}],"wp:term":[{"taxonomy":"category","embeddable":true,"href":"https:\/\/kapitalis.com\/tunisie\/wp-json\/wp\/v2\/categories?post=302283"},{"taxonomy":"post_tag","embeddable":true,"href":"https:\/\/kapitalis.com\/tunisie\/wp-json\/wp\/v2\/tags?post=302283"}],"curies":[{"name":"wp","href":"https:\/\/api.w.org\/{rel}","templated":true}]}}