{"id":302288,"date":"2020-06-05T16:40:07","date_gmt":"2020-06-05T15:40:07","guid":{"rendered":"http:\/\/kapitalis.com\/tunisie\/?p=302288"},"modified":"2020-06-05T16:40:09","modified_gmt":"2020-06-05T15:40:09","slug":"instituto-cervantes-de-tunis-leau-de-la-ressource-naturelle-a-lemerveillement","status":"publish","type":"post","link":"https:\/\/kapitalis.com\/tunisie\/2020\/06\/05\/instituto-cervantes-de-tunis-leau-de-la-ressource-naturelle-a-lemerveillement\/","title":{"rendered":"Instituto Cervantes de Tunis : \u00ab\u00a0L\u2019eau, de la ressource naturelle \u00e0 l&rsquo;\u00e9merveillement\u00a0\u00bb"},"content":{"rendered":"\n<figure class=\"wp-block-image size-large\"><img decoding=\"async\" src=\"http:\/\/kapitalis.com\/tunisie\/wp-content\/uploads\/2020\/06\/Conference-en-ligne-Instituto-Cervantes.jpg\" alt=\"\" class=\"wp-image-302289\"\/><\/figure>\n\n\n\n<p><strong><em>L\u2019Instituto Cervantes de Tunis et les Instituto Cervantes d\u2019Alger, Oran, T\u00e9touan et Tanger c\u00e9l\u00e8brent la Journ\u00e9e mondiale de l\u2019environnement avec une conf\u00e9rence en ligne sur les sciences de l\u2019eau.<\/em><\/strong><\/p>\n\n\n\n<!--more-->\n\n\n\n<p>Le professeur et divulgateur scientifique Pedro G\u00f3mez-Romero abordera dans cette conf\u00e9rence en langue espagnole des sujets tels que le partage de l\u2019eau et les conflits que cela g\u00e9n\u00e8re, les facteurs environnementaux qui l\u2019influencent et certains aspects moins connus, surprenants et m\u00eame controvers\u00e9s de l\u2019<em>\u00ab\u00e9l\u00e9ment liquide\u00bb<\/em>, dont le soin est l\u2019un des objectifs de d\u00e9veloppement durable des Nations unies.<\/p>\n\n\n\n<p><strong><em>Pour r\u00e9servez sa place<\/em><\/strong> : bibtun1@cervantes.es<\/p>\n\n\n\n<p><strong><em>Source<\/em><\/strong> : communiqu\u00e9.<\/p>\n","protected":false},"excerpt":{"rendered":"<p>L\u2019Instituto Cervantes de Tunis et les Instituto Cervantes d\u2019Alger, Oran, T\u00e9touan et Tanger c\u00e9l\u00e8brent la Journ\u00e9e mondiale de l\u2019environnement avec une conf\u00e9rence en ligne sur les sciences de l\u2019eau.<\/p>\n","protected":false},"author":8,"featured_media":302289,"comment_status":"open","ping_status":"open","sticky":false,"template":"","format":"standard","meta":{"footnotes":""},"categories":[994,996,2433],"tags":[17611,79537,79536],"class_list":["post-302288","post","type-post","status-publish","format-standard","has-post-thumbnail","hentry","category-culture","category-media","category-tunisie","tag-instituto-cervantes","tag-pedro-gomez-romero","tag-sciences-de-leau"],"yoast_head":"<!-- This site is optimized with the Yoast SEO plugin v26.6 - https:\/\/yoast.com\/wordpress\/plugins\/seo\/ -->\n<title>Instituto Cervantes de Tunis : &quot;L\u2019eau, de la ressource naturelle \u00e0 l&#039;\u00e9merveillement&quot; - Kapitalis<\/title>\n<meta name=\"robots\" content=\"index, follow, max-snippet:-1, max-image-preview:large, max-video-preview:-1\" \/>\n<link rel=\"canonical\" href=\"https:\/\/kapitalis.com\/tunisie\/2020\/06\/05\/instituto-cervantes-de-tunis-leau-de-la-ressource-naturelle-a-lemerveillement\/\" \/>\n<meta property=\"og:locale\" content=\"fr_FR\" \/>\n<meta property=\"og:type\" content=\"article\" \/>\n<meta property=\"og:title\" content=\"Instituto Cervantes de Tunis : &quot;L\u2019eau, de la ressource naturelle \u00e0 l&#039;\u00e9merveillement&quot; - Kapitalis\" \/>\n<meta property=\"og:description\" content=\"L\u2019Instituto Cervantes de Tunis et les Instituto Cervantes d\u2019Alger, Oran, T\u00e9touan et Tanger c\u00e9l\u00e8brent la Journ\u00e9e mondiale de l\u2019environnement avec une conf\u00e9rence en ligne sur les sciences de l\u2019eau.\" \/>\n<meta property=\"og:url\" content=\"https:\/\/kapitalis.com\/tunisie\/2020\/06\/05\/instituto-cervantes-de-tunis-leau-de-la-ressource-naturelle-a-lemerveillement\/\" \/>\n<meta property=\"og:site_name\" content=\"Kapitalis\" \/>\n<meta property=\"article:publisher\" content=\"https:\/\/www.facebook.com\/KapitalisInfo\/\" \/>\n<meta property=\"article:published_time\" content=\"2020-06-05T15:40:07+00:00\" \/>\n<meta property=\"article:modified_time\" content=\"2020-06-05T15:40:09+00:00\" \/>\n<meta property=\"og:image\" content=\"https:\/\/kapitalis.com\/tunisie\/wp-content\/uploads\/2022\/05\/kapitalis-logo-fb.png\" \/>\n\t<meta property=\"og:image:width\" content=\"1200\" \/>\n\t<meta property=\"og:image:height\" content=\"630\" \/>\n\t<meta property=\"og:image:type\" content=\"image\/png\" \/>\n<meta name=\"author\" content=\"webmaster kapitalis\" \/>\n<meta name=\"twitter:card\" content=\"summary_large_image\" \/>\n<meta name=\"twitter:creator\" content=\"@KapitalisInfo\" \/>\n<meta name=\"twitter:site\" content=\"@KapitalisInfo\" \/>\n<meta name=\"twitter:label1\" content=\"\u00c9crit par\" \/>\n\t<meta name=\"twitter:data1\" content=\"webmaster kapitalis\" \/>\n\t<meta name=\"twitter:label2\" content=\"Dur\u00e9e de lecture estim\u00e9e\" \/>\n\t<meta name=\"twitter:data2\" content=\"1 minute\" \/>\n<script type=\"application\/ld+json\" class=\"yoast-schema-graph\">{\"@context\":\"https:\/\/schema.org\",\"@graph\":[{\"@type\":\"Article\",\"@id\":\"https:\/\/kapitalis.com\/tunisie\/2020\/06\/05\/instituto-cervantes-de-tunis-leau-de-la-ressource-naturelle-a-lemerveillement\/#article\",\"isPartOf\":{\"@id\":\"https:\/\/kapitalis.com\/tunisie\/2020\/06\/05\/instituto-cervantes-de-tunis-leau-de-la-ressource-naturelle-a-lemerveillement\/\"},\"author\":{\"name\":\"webmaster kapitalis\",\"@id\":\"https:\/\/kapitalis.com\/tunisie\/#\/schema\/person\/d71f33a9ca44f7bad4698210b480c8e9\"},\"headline\":\"Instituto Cervantes de Tunis : \u00ab\u00a0L\u2019eau, de la ressource naturelle \u00e0 l&rsquo;\u00e9merveillement\u00a0\u00bb\",\"datePublished\":\"2020-06-05T15:40:07+00:00\",\"dateModified\":\"2020-06-05T15:40:09+00:00\",\"mainEntityOfPage\":{\"@id\":\"https:\/\/kapitalis.com\/tunisie\/2020\/06\/05\/instituto-cervantes-de-tunis-leau-de-la-ressource-naturelle-a-lemerveillement\/\"},\"wordCount\":130,\"commentCount\":0,\"publisher\":{\"@id\":\"https:\/\/kapitalis.com\/tunisie\/#organization\"},\"image\":{\"@id\":\"https:\/\/kapitalis.com\/tunisie\/2020\/06\/05\/instituto-cervantes-de-tunis-leau-de-la-ressource-naturelle-a-lemerveillement\/#primaryimage\"},\"thumbnailUrl\":\"\",\"keywords\":[\"Instituto Cervantes\",\"Pedro G\u00f3mez-Romero\",\"sciences de l\u2019eau\"],\"articleSection\":[\"CULTURE\",\"MEDIA\",\"Tunisie\"],\"inLanguage\":\"fr-FR\",\"potentialAction\":[{\"@type\":\"CommentAction\",\"name\":\"Comment\",\"target\":[\"https:\/\/kapitalis.com\/tunisie\/2020\/06\/05\/instituto-cervantes-de-tunis-leau-de-la-ressource-naturelle-a-lemerveillement\/#respond\"]}]},{\"@type\":\"WebPage\",\"@id\":\"https:\/\/kapitalis.com\/tunisie\/2020\/06\/05\/instituto-cervantes-de-tunis-leau-de-la-ressource-naturelle-a-lemerveillement\/\",\"url\":\"https:\/\/kapitalis.com\/tunisie\/2020\/06\/05\/instituto-cervantes-de-tunis-leau-de-la-ressource-naturelle-a-lemerveillement\/\",\"name\":\"Instituto Cervantes de Tunis : \\\"L\u2019eau, de la ressource naturelle \u00e0 l'\u00e9merveillement\\\" - Kapitalis\",\"isPartOf\":{\"@id\":\"https:\/\/kapitalis.com\/tunisie\/#website\"},\"primaryImageOfPage\":{\"@id\":\"https:\/\/kapitalis.com\/tunisie\/2020\/06\/05\/instituto-cervantes-de-tunis-leau-de-la-ressource-naturelle-a-lemerveillement\/#primaryimage\"},\"image\":{\"@id\":\"https:\/\/kapitalis.com\/tunisie\/2020\/06\/05\/instituto-cervantes-de-tunis-leau-de-la-ressource-naturelle-a-lemerveillement\/#primaryimage\"},\"thumbnailUrl\":\"\",\"datePublished\":\"2020-06-05T15:40:07+00:00\",\"dateModified\":\"2020-06-05T15:40:09+00:00\",\"breadcrumb\":{\"@id\":\"https:\/\/kapitalis.com\/tunisie\/2020\/06\/05\/instituto-cervantes-de-tunis-leau-de-la-ressource-naturelle-a-lemerveillement\/#breadcrumb\"},\"inLanguage\":\"fr-FR\",\"potentialAction\":[{\"@type\":\"ReadAction\",\"target\":[\"https:\/\/kapitalis.com\/tunisie\/2020\/06\/05\/instituto-cervantes-de-tunis-leau-de-la-ressource-naturelle-a-lemerveillement\/\"]}]},{\"@type\":\"ImageObject\",\"inLanguage\":\"fr-FR\",\"@id\":\"https:\/\/kapitalis.com\/tunisie\/2020\/06\/05\/instituto-cervantes-de-tunis-leau-de-la-ressource-naturelle-a-lemerveillement\/#primaryimage\",\"url\":\"\",\"contentUrl\":\"\"},{\"@type\":\"BreadcrumbList\",\"@id\":\"https:\/\/kapitalis.com\/tunisie\/2020\/06\/05\/instituto-cervantes-de-tunis-leau-de-la-ressource-naturelle-a-lemerveillement\/#breadcrumb\",\"itemListElement\":[{\"@type\":\"ListItem\",\"position\":1,\"name\":\"Accueil\",\"item\":\"https:\/\/kapitalis.com\/tunisie\/\"},{\"@type\":\"ListItem\",\"position\":2,\"name\":\"Instituto Cervantes de Tunis : \u00ab\u00a0L\u2019eau, de la ressource naturelle \u00e0 l&rsquo;\u00e9merveillement\u00a0\u00bb\"}]},{\"@type\":\"WebSite\",\"@id\":\"https:\/\/kapitalis.com\/tunisie\/#website\",\"url\":\"https:\/\/kapitalis.com\/tunisie\/\",\"name\":\"Kapitalis\",\"description\":\"L&#039;actualit\u00e9 en Tunisie et dans le monde\",\"publisher\":{\"@id\":\"https:\/\/kapitalis.com\/tunisie\/#organization\"},\"potentialAction\":[{\"@type\":\"SearchAction\",\"target\":{\"@type\":\"EntryPoint\",\"urlTemplate\":\"https:\/\/kapitalis.com\/tunisie\/?s={search_term_string}\"},\"query-input\":{\"@type\":\"PropertyValueSpecification\",\"valueRequired\":true,\"valueName\":\"search_term_string\"}}],\"inLanguage\":\"fr-FR\"},{\"@type\":\"Organization\",\"@id\":\"https:\/\/kapitalis.com\/tunisie\/#organization\",\"name\":\"Kapitalis\",\"url\":\"https:\/\/kapitalis.com\/tunisie\/\",\"logo\":{\"@type\":\"ImageObject\",\"inLanguage\":\"fr-FR\",\"@id\":\"https:\/\/kapitalis.com\/tunisie\/#\/schema\/logo\/image\/\",\"url\":\"https:\/\/kapitalis.com\/tunisie\/wp-content\/uploads\/2022\/05\/Kapitalis-big-size.png\",\"contentUrl\":\"https:\/\/kapitalis.com\/tunisie\/wp-content\/uploads\/2022\/05\/Kapitalis-big-size.png\",\"width\":5000,\"height\":1500,\"caption\":\"Kapitalis\"},\"image\":{\"@id\":\"https:\/\/kapitalis.com\/tunisie\/#\/schema\/logo\/image\/\"},\"sameAs\":[\"https:\/\/www.facebook.com\/KapitalisInfo\/\",\"https:\/\/x.com\/KapitalisInfo\",\"https:\/\/www.youtube.com\/channel\/UC-yDYrHyfFBWWZaOw3FPg9Q\"]},{\"@type\":\"Person\",\"@id\":\"https:\/\/kapitalis.com\/tunisie\/#\/schema\/person\/d71f33a9ca44f7bad4698210b480c8e9\",\"name\":\"webmaster kapitalis\",\"url\":\"https:\/\/kapitalis.com\/tunisie\/author\/webmaster-kapitalis\/\"}]}<\/script>\n<!-- \/ Yoast SEO plugin. -->","yoast_head_json":{"title":"Instituto Cervantes de Tunis : \"L\u2019eau, de la ressource naturelle \u00e0 l'\u00e9merveillement\" - Kapitalis","robots":{"index":"index","follow":"follow","max-snippet":"max-snippet:-1","max-image-preview":"max-image-preview:large","max-video-preview":"max-video-preview:-1"},"canonical":"https:\/\/kapitalis.com\/tunisie\/2020\/06\/05\/instituto-cervantes-de-tunis-leau-de-la-ressource-naturelle-a-lemerveillement\/","og_locale":"fr_FR","og_type":"article","og_title":"Instituto Cervantes de Tunis : \"L\u2019eau, de la ressource naturelle \u00e0 l'\u00e9merveillement\" - Kapitalis","og_description":"L\u2019Instituto Cervantes de Tunis et les Instituto Cervantes d\u2019Alger, Oran, T\u00e9touan et Tanger c\u00e9l\u00e8brent la Journ\u00e9e mondiale de l\u2019environnement avec une conf\u00e9rence en ligne sur les sciences de l\u2019eau.","og_url":"https:\/\/kapitalis.com\/tunisie\/2020\/06\/05\/instituto-cervantes-de-tunis-leau-de-la-ressource-naturelle-a-lemerveillement\/","og_site_name":"Kapitalis","article_publisher":"https:\/\/www.facebook.com\/KapitalisInfo\/","article_published_time":"2020-06-05T15:40:07+00:00","article_modified_time":"2020-06-05T15:40:09+00:00","og_image":[{"width":1200,"height":630,"url":"https:\/\/kapitalis.com\/tunisie\/wp-content\/uploads\/2022\/05\/kapitalis-logo-fb.png","type":"image\/png"}],"author":"webmaster kapitalis","twitter_card":"summary_large_image","twitter_creator":"@KapitalisInfo","twitter_site":"@KapitalisInfo","twitter_misc":{"\u00c9crit par":"webmaster kapitalis","Dur\u00e9e de lecture estim\u00e9e":"1 minute"},"schema":{"@context":"https:\/\/schema.org","@graph":[{"@type":"Article","@id":"https:\/\/kapitalis.com\/tunisie\/2020\/06\/05\/instituto-cervantes-de-tunis-leau-de-la-ressource-naturelle-a-lemerveillement\/#article","isPartOf":{"@id":"https:\/\/kapitalis.com\/tunisie\/2020\/06\/05\/instituto-cervantes-de-tunis-leau-de-la-ressource-naturelle-a-lemerveillement\/"},"author":{"name":"webmaster kapitalis","@id":"https:\/\/kapitalis.com\/tunisie\/#\/schema\/person\/d71f33a9ca44f7bad4698210b480c8e9"},"headline":"Instituto Cervantes de Tunis : \u00ab\u00a0L\u2019eau, de la ressource naturelle \u00e0 l&rsquo;\u00e9merveillement\u00a0\u00bb","datePublished":"2020-06-05T15:40:07+00:00","dateModified":"2020-06-05T15:40:09+00:00","mainEntityOfPage":{"@id":"https:\/\/kapitalis.com\/tunisie\/2020\/06\/05\/instituto-cervantes-de-tunis-leau-de-la-ressource-naturelle-a-lemerveillement\/"},"wordCount":130,"commentCount":0,"publisher":{"@id":"https:\/\/kapitalis.com\/tunisie\/#organization"},"image":{"@id":"https:\/\/kapitalis.com\/tunisie\/2020\/06\/05\/instituto-cervantes-de-tunis-leau-de-la-ressource-naturelle-a-lemerveillement\/#primaryimage"},"thumbnailUrl":"","keywords":["Instituto Cervantes","Pedro G\u00f3mez-Romero","sciences de l\u2019eau"],"articleSection":["CULTURE","MEDIA","Tunisie"],"inLanguage":"fr-FR","potentialAction":[{"@type":"CommentAction","name":"Comment","target":["https:\/\/kapitalis.com\/tunisie\/2020\/06\/05\/instituto-cervantes-de-tunis-leau-de-la-ressource-naturelle-a-lemerveillement\/#respond"]}]},{"@type":"WebPage","@id":"https:\/\/kapitalis.com\/tunisie\/2020\/06\/05\/instituto-cervantes-de-tunis-leau-de-la-ressource-naturelle-a-lemerveillement\/","url":"https:\/\/kapitalis.com\/tunisie\/2020\/06\/05\/instituto-cervantes-de-tunis-leau-de-la-ressource-naturelle-a-lemerveillement\/","name":"Instituto Cervantes de Tunis : \"L\u2019eau, de la ressource naturelle \u00e0 l'\u00e9merveillement\" - Kapitalis","isPartOf":{"@id":"https:\/\/kapitalis.com\/tunisie\/#website"},"primaryImageOfPage":{"@id":"https:\/\/kapitalis.com\/tunisie\/2020\/06\/05\/instituto-cervantes-de-tunis-leau-de-la-ressource-naturelle-a-lemerveillement\/#primaryimage"},"image":{"@id":"https:\/\/kapitalis.com\/tunisie\/2020\/06\/05\/instituto-cervantes-de-tunis-leau-de-la-ressource-naturelle-a-lemerveillement\/#primaryimage"},"thumbnailUrl":"","datePublished":"2020-06-05T15:40:07+00:00","dateModified":"2020-06-05T15:40:09+00:00","breadcrumb":{"@id":"https:\/\/kapitalis.com\/tunisie\/2020\/06\/05\/instituto-cervantes-de-tunis-leau-de-la-ressource-naturelle-a-lemerveillement\/#breadcrumb"},"inLanguage":"fr-FR","potentialAction":[{"@type":"ReadAction","target":["https:\/\/kapitalis.com\/tunisie\/2020\/06\/05\/instituto-cervantes-de-tunis-leau-de-la-ressource-naturelle-a-lemerveillement\/"]}]},{"@type":"ImageObject","inLanguage":"fr-FR","@id":"https:\/\/kapitalis.com\/tunisie\/2020\/06\/05\/instituto-cervantes-de-tunis-leau-de-la-ressource-naturelle-a-lemerveillement\/#primaryimage","url":"","contentUrl":""},{"@type":"BreadcrumbList","@id":"https:\/\/kapitalis.com\/tunisie\/2020\/06\/05\/instituto-cervantes-de-tunis-leau-de-la-ressource-naturelle-a-lemerveillement\/#breadcrumb","itemListElement":[{"@type":"ListItem","position":1,"name":"Accueil","item":"https:\/\/kapitalis.com\/tunisie\/"},{"@type":"ListItem","position":2,"name":"Instituto Cervantes de Tunis : \u00ab\u00a0L\u2019eau, de la ressource naturelle \u00e0 l&rsquo;\u00e9merveillement\u00a0\u00bb"}]},{"@type":"WebSite","@id":"https:\/\/kapitalis.com\/tunisie\/#website","url":"https:\/\/kapitalis.com\/tunisie\/","name":"Kapitalis","description":"L&#039;actualit\u00e9 en Tunisie et dans le monde","publisher":{"@id":"https:\/\/kapitalis.com\/tunisie\/#organization"},"potentialAction":[{"@type":"SearchAction","target":{"@type":"EntryPoint","urlTemplate":"https:\/\/kapitalis.com\/tunisie\/?s={search_term_string}"},"query-input":{"@type":"PropertyValueSpecification","valueRequired":true,"valueName":"search_term_string"}}],"inLanguage":"fr-FR"},{"@type":"Organization","@id":"https:\/\/kapitalis.com\/tunisie\/#organization","name":"Kapitalis","url":"https:\/\/kapitalis.com\/tunisie\/","logo":{"@type":"ImageObject","inLanguage":"fr-FR","@id":"https:\/\/kapitalis.com\/tunisie\/#\/schema\/logo\/image\/","url":"https:\/\/kapitalis.com\/tunisie\/wp-content\/uploads\/2022\/05\/Kapitalis-big-size.png","contentUrl":"https:\/\/kapitalis.com\/tunisie\/wp-content\/uploads\/2022\/05\/Kapitalis-big-size.png","width":5000,"height":1500,"caption":"Kapitalis"},"image":{"@id":"https:\/\/kapitalis.com\/tunisie\/#\/schema\/logo\/image\/"},"sameAs":["https:\/\/www.facebook.com\/KapitalisInfo\/","https:\/\/x.com\/KapitalisInfo","https:\/\/www.youtube.com\/channel\/UC-yDYrHyfFBWWZaOw3FPg9Q"]},{"@type":"Person","@id":"https:\/\/kapitalis.com\/tunisie\/#\/schema\/person\/d71f33a9ca44f7bad4698210b480c8e9","name":"webmaster kapitalis","url":"https:\/\/kapitalis.com\/tunisie\/author\/webmaster-kapitalis\/"}]}},"_links":{"self":[{"href":"https:\/\/kapitalis.com\/tunisie\/wp-json\/wp\/v2\/posts\/302288","targetHints":{"allow":["GET"]}}],"collection":[{"href":"https:\/\/kapitalis.com\/tunisie\/wp-json\/wp\/v2\/posts"}],"about":[{"href":"https:\/\/kapitalis.com\/tunisie\/wp-json\/wp\/v2\/types\/post"}],"author":[{"embeddable":true,"href":"https:\/\/kapitalis.com\/tunisie\/wp-json\/wp\/v2\/users\/8"}],"replies":[{"embeddable":true,"href":"https:\/\/kapitalis.com\/tunisie\/wp-json\/wp\/v2\/comments?post=302288"}],"version-history":[{"count":0,"href":"https:\/\/kapitalis.com\/tunisie\/wp-json\/wp\/v2\/posts\/302288\/revisions"}],"wp:featuredmedia":[{"embeddable":true,"href":"https:\/\/kapitalis.com\/tunisie\/wp-json\/wp\/v2\/media\/302289"}],"wp:attachment":[{"href":"https:\/\/kapitalis.com\/tunisie\/wp-json\/wp\/v2\/media?parent=302288"}],"wp:term":[{"taxonomy":"category","embeddable":true,"href":"https:\/\/kapitalis.com\/tunisie\/wp-json\/wp\/v2\/categories?post=302288"},{"taxonomy":"post_tag","embeddable":true,"href":"https:\/\/kapitalis.com\/tunisie\/wp-json\/wp\/v2\/tags?post=302288"}],"curies":[{"name":"wp","href":"https:\/\/api.w.org\/{rel}","templated":true}]}}