{"id":302865,"date":"2020-06-09T20:23:44","date_gmt":"2020-06-09T19:23:44","guid":{"rendered":"http:\/\/kapitalis.com\/tunisie\/?p=302865"},"modified":"2020-06-10T08:33:41","modified_gmt":"2020-06-10T07:33:41","slug":"parc-dichkeul-sauvee-et-soignee-une-cigogne-blanche-relachee-dans-la-nature-photos","status":"publish","type":"post","link":"https:\/\/kapitalis.com\/tunisie\/2020\/06\/09\/parc-dichkeul-sauvee-et-soignee-une-cigogne-blanche-relachee-dans-la-nature-photos\/","title":{"rendered":"Parc d&rsquo;Ichkeul : Sauv\u00e9e et soign\u00e9e, une cigogne blanche rel\u00e2ch\u00e9e dans la nature (Photos)"},"content":{"rendered":"\n<figure class=\"wp-block-image size-large\"><img decoding=\"async\" src=\"http:\/\/kapitalis.com\/tunisie\/wp-content\/uploads\/2020\/06\/Ichkeul-cigogne.jpg\" alt=\"\" class=\"wp-image-302870\"\/><\/figure>\n\n\n\n<p><strong><em>L&rsquo;Association les Amis des oiseaux (AAO) est revenue aujourd&rsquo;hui, mardi 9 juin 2020, sur l&rsquo;histoire d&rsquo;une cigogne blanche qui, apr\u00e8s avoir \u00e9t\u00e9 sauv\u00e9e et soign\u00e9e par des b\u00e9n\u00e9voles, a \u00e9t\u00e9 rel\u00e2ch\u00e9e, <strong><em>dimanche dernier,<\/em><\/strong> au parc national d&rsquo;Ichkeul, \u00e0 Menzel Bourguiba (Bizerte).<\/em><\/strong><\/p>\n\n\n\n<!--more-->\n\n\n\n<p>Cet \u00e9v\u00e9nement a r\u00e9uni le directeur g\u00e9n\u00e9ral des For\u00eats, le directeur du Commissariat r\u00e9gional au d\u00e9veloppement agricole de Bizerte (CRDA), le Conservateur du Parc national de l&rsquo;Ichkeul, et des membres de l&rsquo;Association, qui ont pris des photos pour immortaliser ce moment de d\u00e9vouement pour la cause des animaux.<\/p>\n\n\n\n<figure class=\"wp-block-gallery columns-2 is-cropped wp-block-gallery-1 is-layout-flex wp-block-gallery-is-layout-flex\"><ul class=\"blocks-gallery-grid\"><li class=\"blocks-gallery-item\"><figure><img decoding=\"async\" src=\"http:\/\/kapitalis.com\/tunisie\/wp-content\/uploads\/2020\/06\/C8-1024x576.jpg\" alt=\"\" data-id=\"302871\" data-link=\"http:\/\/kapitalis.com\/tunisie\/?attachment_id=302871\" class=\"wp-image-302871\"\/><\/figure><\/li><li class=\"blocks-gallery-item\"><figure><img decoding=\"async\" src=\"http:\/\/kapitalis.com\/tunisie\/wp-content\/uploads\/2020\/06\/C7-1024x576.jpg\" alt=\"\" data-id=\"302872\" data-link=\"http:\/\/kapitalis.com\/tunisie\/?attachment_id=302872\" class=\"wp-image-302872\"\/><\/figure><\/li><li class=\"blocks-gallery-item\"><figure><img decoding=\"async\" src=\"http:\/\/kapitalis.com\/tunisie\/wp-content\/uploads\/2020\/06\/C5-1024x576.jpg\" alt=\"\" data-id=\"302873\" data-link=\"http:\/\/kapitalis.com\/tunisie\/?attachment_id=302873\" class=\"wp-image-302873\"\/><\/figure><\/li><li class=\"blocks-gallery-item\"><figure><img decoding=\"async\" src=\"http:\/\/kapitalis.com\/tunisie\/wp-content\/uploads\/2020\/06\/c10-1024x683.jpg\" alt=\"\" data-id=\"302874\" data-full-url=\"http:\/\/kapitalis.com\/tunisie\/wp-content\/uploads\/2020\/06\/c10.jpg\" data-link=\"http:\/\/kapitalis.com\/tunisie\/?attachment_id=302874\" class=\"wp-image-302874\"\/><\/figure><\/li><li class=\"blocks-gallery-item\"><figure><img decoding=\"async\" src=\"http:\/\/kapitalis.com\/tunisie\/wp-content\/uploads\/2020\/06\/C9-1024x683.jpg\" alt=\"\" data-id=\"302875\" data-full-url=\"http:\/\/kapitalis.com\/tunisie\/wp-content\/uploads\/2020\/06\/C9.jpg\" data-link=\"http:\/\/kapitalis.com\/tunisie\/?attachment_id=302875\" class=\"wp-image-302875\"\/><\/figure><\/li><\/ul><\/figure>\n\n\n\n<p>L&rsquo;AAO a rappel\u00e9 que la cigogne a \u00e9t\u00e9 sauv\u00e9e par Abdelaziz Atia et prise en charge par Badreddine Jem\u00e2a : \u00ab<em>Aussit\u00f4t rejointe par un de ses cong\u00e9n\u00e8res, nous souhaitons bonne chance et longue vie \u00e0 cet oiseau qui a fait vibrer les c\u0153urs de beaucoup d&rsquo;ami(e)s de la nature et des oiseaux. Nous remercions vivement M. Atia et M. Jem\u00e2a pour leur action, et tous les participants \u00e0 cet \u00e9v\u00e9nement pour leur pr\u00e9sence<\/em>\u00bb.<\/p>\n\n\n\n<p class=\"has-text-align-right\"><strong>Y. N.<\/strong><\/p>\n","protected":false},"excerpt":{"rendered":"<p>L&rsquo;Association les Amis des oiseaux (AAO) est revenue aujourd&rsquo;hui, mardi 9 juin 2020, sur l&rsquo;histoire d&rsquo;une cigogne blanche qui, apr\u00e8s avoir \u00e9t\u00e9 sauv\u00e9e et soign\u00e9e par des b\u00e9n\u00e9voles, a \u00e9t\u00e9 rel\u00e2ch\u00e9e, dimanche dernier, au parc national d&rsquo;Ichkeul, \u00e0 Menzel Bourguiba (Bizerte).<\/p>\n","protected":false},"author":6,"featured_media":302870,"comment_status":"open","ping_status":"open","sticky":false,"template":"","format":"standard","meta":{"footnotes":""},"categories":[998,2433],"tags":[79666,95,79665,79667,79402,541,2049],"class_list":["post-302865","post","type-post","status-publish","format-standard","has-post-thumbnail","hentry","category-societe","category-tunisie","tag-amis-des-oiseaux","tag-association","tag-cigogne","tag-direction-forets","tag-ichkeul","tag-liberte","tag-sauvetage"],"yoast_head":"<!-- This site is optimized with the Yoast SEO plugin v26.6 - https:\/\/yoast.com\/wordpress\/plugins\/seo\/ -->\n<title>Parc d&#039;Ichkeul : Sauv\u00e9e et soign\u00e9e, une cigogne blanche rel\u00e2ch\u00e9e dans la nature (Photos) - Kapitalis<\/title>\n<meta name=\"robots\" content=\"index, follow, max-snippet:-1, max-image-preview:large, max-video-preview:-1\" \/>\n<link rel=\"canonical\" href=\"https:\/\/kapitalis.com\/tunisie\/2020\/06\/09\/parc-dichkeul-sauvee-et-soignee-une-cigogne-blanche-relachee-dans-la-nature-photos\/\" \/>\n<meta property=\"og:locale\" content=\"fr_FR\" \/>\n<meta property=\"og:type\" content=\"article\" \/>\n<meta property=\"og:title\" content=\"Parc d&#039;Ichkeul : Sauv\u00e9e et soign\u00e9e, une cigogne blanche rel\u00e2ch\u00e9e dans la nature (Photos) - Kapitalis\" \/>\n<meta property=\"og:description\" content=\"L&rsquo;Association les Amis des oiseaux (AAO) est revenue aujourd&rsquo;hui, mardi 9 juin 2020, sur l&rsquo;histoire d&rsquo;une cigogne blanche qui, apr\u00e8s avoir \u00e9t\u00e9 sauv\u00e9e et soign\u00e9e par des b\u00e9n\u00e9voles, a \u00e9t\u00e9 rel\u00e2ch\u00e9e, dimanche dernier, au parc national d&rsquo;Ichkeul, \u00e0 Menzel Bourguiba (Bizerte).\" \/>\n<meta property=\"og:url\" content=\"https:\/\/kapitalis.com\/tunisie\/2020\/06\/09\/parc-dichkeul-sauvee-et-soignee-une-cigogne-blanche-relachee-dans-la-nature-photos\/\" \/>\n<meta property=\"og:site_name\" content=\"Kapitalis\" \/>\n<meta property=\"article:publisher\" content=\"https:\/\/www.facebook.com\/KapitalisInfo\/\" \/>\n<meta property=\"article:published_time\" content=\"2020-06-09T19:23:44+00:00\" \/>\n<meta property=\"article:modified_time\" content=\"2020-06-10T07:33:41+00:00\" \/>\n<meta property=\"og:image\" content=\"https:\/\/kapitalis.com\/tunisie\/wp-content\/uploads\/2022\/05\/kapitalis-logo-fb.png\" \/>\n\t<meta property=\"og:image:width\" content=\"1200\" \/>\n\t<meta property=\"og:image:height\" content=\"630\" \/>\n\t<meta property=\"og:image:type\" content=\"image\/png\" \/>\n<meta name=\"author\" content=\"Yusra NY\" \/>\n<meta name=\"twitter:card\" content=\"summary_large_image\" \/>\n<meta name=\"twitter:creator\" content=\"@KapitalisInfo\" \/>\n<meta name=\"twitter:site\" content=\"@KapitalisInfo\" \/>\n<meta name=\"twitter:label1\" content=\"\u00c9crit par\" \/>\n\t<meta name=\"twitter:data1\" content=\"Yusra NY\" \/>\n\t<meta name=\"twitter:label2\" content=\"Dur\u00e9e de lecture estim\u00e9e\" \/>\n\t<meta name=\"twitter:data2\" content=\"1 minute\" \/>\n<script type=\"application\/ld+json\" class=\"yoast-schema-graph\">{\"@context\":\"https:\/\/schema.org\",\"@graph\":[{\"@type\":\"Article\",\"@id\":\"https:\/\/kapitalis.com\/tunisie\/2020\/06\/09\/parc-dichkeul-sauvee-et-soignee-une-cigogne-blanche-relachee-dans-la-nature-photos\/#article\",\"isPartOf\":{\"@id\":\"https:\/\/kapitalis.com\/tunisie\/2020\/06\/09\/parc-dichkeul-sauvee-et-soignee-une-cigogne-blanche-relachee-dans-la-nature-photos\/\"},\"author\":{\"name\":\"Yusra NY\",\"@id\":\"https:\/\/kapitalis.com\/tunisie\/#\/schema\/person\/74bbde0154d49d790a92aaeac5bc01d5\"},\"headline\":\"Parc d&rsquo;Ichkeul : Sauv\u00e9e et soign\u00e9e, une cigogne blanche rel\u00e2ch\u00e9e dans la nature (Photos)\",\"datePublished\":\"2020-06-09T19:23:44+00:00\",\"dateModified\":\"2020-06-10T07:33:41+00:00\",\"mainEntityOfPage\":{\"@id\":\"https:\/\/kapitalis.com\/tunisie\/2020\/06\/09\/parc-dichkeul-sauvee-et-soignee-une-cigogne-blanche-relachee-dans-la-nature-photos\/\"},\"wordCount\":201,\"commentCount\":0,\"publisher\":{\"@id\":\"https:\/\/kapitalis.com\/tunisie\/#organization\"},\"image\":{\"@id\":\"https:\/\/kapitalis.com\/tunisie\/2020\/06\/09\/parc-dichkeul-sauvee-et-soignee-une-cigogne-blanche-relachee-dans-la-nature-photos\/#primaryimage\"},\"thumbnailUrl\":\"\",\"keywords\":[\"amis des oiseaux\",\"association\",\"cigogne\",\"direction for\u00eats\",\"Ichkeul\",\"libert\u00e9\",\"sauvetage\"],\"articleSection\":[\"SOCIETE\",\"Tunisie\"],\"inLanguage\":\"fr-FR\",\"potentialAction\":[{\"@type\":\"CommentAction\",\"name\":\"Comment\",\"target\":[\"https:\/\/kapitalis.com\/tunisie\/2020\/06\/09\/parc-dichkeul-sauvee-et-soignee-une-cigogne-blanche-relachee-dans-la-nature-photos\/#respond\"]}]},{\"@type\":\"WebPage\",\"@id\":\"https:\/\/kapitalis.com\/tunisie\/2020\/06\/09\/parc-dichkeul-sauvee-et-soignee-une-cigogne-blanche-relachee-dans-la-nature-photos\/\",\"url\":\"https:\/\/kapitalis.com\/tunisie\/2020\/06\/09\/parc-dichkeul-sauvee-et-soignee-une-cigogne-blanche-relachee-dans-la-nature-photos\/\",\"name\":\"Parc d'Ichkeul : Sauv\u00e9e et soign\u00e9e, une cigogne blanche rel\u00e2ch\u00e9e dans la nature (Photos) - Kapitalis\",\"isPartOf\":{\"@id\":\"https:\/\/kapitalis.com\/tunisie\/#website\"},\"primaryImageOfPage\":{\"@id\":\"https:\/\/kapitalis.com\/tunisie\/2020\/06\/09\/parc-dichkeul-sauvee-et-soignee-une-cigogne-blanche-relachee-dans-la-nature-photos\/#primaryimage\"},\"image\":{\"@id\":\"https:\/\/kapitalis.com\/tunisie\/2020\/06\/09\/parc-dichkeul-sauvee-et-soignee-une-cigogne-blanche-relachee-dans-la-nature-photos\/#primaryimage\"},\"thumbnailUrl\":\"\",\"datePublished\":\"2020-06-09T19:23:44+00:00\",\"dateModified\":\"2020-06-10T07:33:41+00:00\",\"breadcrumb\":{\"@id\":\"https:\/\/kapitalis.com\/tunisie\/2020\/06\/09\/parc-dichkeul-sauvee-et-soignee-une-cigogne-blanche-relachee-dans-la-nature-photos\/#breadcrumb\"},\"inLanguage\":\"fr-FR\",\"potentialAction\":[{\"@type\":\"ReadAction\",\"target\":[\"https:\/\/kapitalis.com\/tunisie\/2020\/06\/09\/parc-dichkeul-sauvee-et-soignee-une-cigogne-blanche-relachee-dans-la-nature-photos\/\"]}]},{\"@type\":\"ImageObject\",\"inLanguage\":\"fr-FR\",\"@id\":\"https:\/\/kapitalis.com\/tunisie\/2020\/06\/09\/parc-dichkeul-sauvee-et-soignee-une-cigogne-blanche-relachee-dans-la-nature-photos\/#primaryimage\",\"url\":\"\",\"contentUrl\":\"\"},{\"@type\":\"BreadcrumbList\",\"@id\":\"https:\/\/kapitalis.com\/tunisie\/2020\/06\/09\/parc-dichkeul-sauvee-et-soignee-une-cigogne-blanche-relachee-dans-la-nature-photos\/#breadcrumb\",\"itemListElement\":[{\"@type\":\"ListItem\",\"position\":1,\"name\":\"Accueil\",\"item\":\"https:\/\/kapitalis.com\/tunisie\/\"},{\"@type\":\"ListItem\",\"position\":2,\"name\":\"Parc d&rsquo;Ichkeul : Sauv\u00e9e et soign\u00e9e, une cigogne blanche rel\u00e2ch\u00e9e dans la nature (Photos)\"}]},{\"@type\":\"WebSite\",\"@id\":\"https:\/\/kapitalis.com\/tunisie\/#website\",\"url\":\"https:\/\/kapitalis.com\/tunisie\/\",\"name\":\"Kapitalis\",\"description\":\"L&#039;actualit\u00e9 en Tunisie et dans le monde\",\"publisher\":{\"@id\":\"https:\/\/kapitalis.com\/tunisie\/#organization\"},\"potentialAction\":[{\"@type\":\"SearchAction\",\"target\":{\"@type\":\"EntryPoint\",\"urlTemplate\":\"https:\/\/kapitalis.com\/tunisie\/?s={search_term_string}\"},\"query-input\":{\"@type\":\"PropertyValueSpecification\",\"valueRequired\":true,\"valueName\":\"search_term_string\"}}],\"inLanguage\":\"fr-FR\"},{\"@type\":\"Organization\",\"@id\":\"https:\/\/kapitalis.com\/tunisie\/#organization\",\"name\":\"Kapitalis\",\"url\":\"https:\/\/kapitalis.com\/tunisie\/\",\"logo\":{\"@type\":\"ImageObject\",\"inLanguage\":\"fr-FR\",\"@id\":\"https:\/\/kapitalis.com\/tunisie\/#\/schema\/logo\/image\/\",\"url\":\"https:\/\/kapitalis.com\/tunisie\/wp-content\/uploads\/2022\/05\/Kapitalis-big-size.png\",\"contentUrl\":\"https:\/\/kapitalis.com\/tunisie\/wp-content\/uploads\/2022\/05\/Kapitalis-big-size.png\",\"width\":5000,\"height\":1500,\"caption\":\"Kapitalis\"},\"image\":{\"@id\":\"https:\/\/kapitalis.com\/tunisie\/#\/schema\/logo\/image\/\"},\"sameAs\":[\"https:\/\/www.facebook.com\/KapitalisInfo\/\",\"https:\/\/x.com\/KapitalisInfo\",\"https:\/\/www.youtube.com\/channel\/UC-yDYrHyfFBWWZaOw3FPg9Q\"]},{\"@type\":\"Person\",\"@id\":\"https:\/\/kapitalis.com\/tunisie\/#\/schema\/person\/74bbde0154d49d790a92aaeac5bc01d5\",\"name\":\"Yusra NY\",\"url\":\"https:\/\/kapitalis.com\/tunisie\/author\/yuza_adam\/\"}]}<\/script>\n<!-- \/ Yoast SEO plugin. -->","yoast_head_json":{"title":"Parc d'Ichkeul : Sauv\u00e9e et soign\u00e9e, une cigogne blanche rel\u00e2ch\u00e9e dans la nature (Photos) - Kapitalis","robots":{"index":"index","follow":"follow","max-snippet":"max-snippet:-1","max-image-preview":"max-image-preview:large","max-video-preview":"max-video-preview:-1"},"canonical":"https:\/\/kapitalis.com\/tunisie\/2020\/06\/09\/parc-dichkeul-sauvee-et-soignee-une-cigogne-blanche-relachee-dans-la-nature-photos\/","og_locale":"fr_FR","og_type":"article","og_title":"Parc d'Ichkeul : Sauv\u00e9e et soign\u00e9e, une cigogne blanche rel\u00e2ch\u00e9e dans la nature (Photos) - Kapitalis","og_description":"L&rsquo;Association les Amis des oiseaux (AAO) est revenue aujourd&rsquo;hui, mardi 9 juin 2020, sur l&rsquo;histoire d&rsquo;une cigogne blanche qui, apr\u00e8s avoir \u00e9t\u00e9 sauv\u00e9e et soign\u00e9e par des b\u00e9n\u00e9voles, a \u00e9t\u00e9 rel\u00e2ch\u00e9e, dimanche dernier, au parc national d&rsquo;Ichkeul, \u00e0 Menzel Bourguiba (Bizerte).","og_url":"https:\/\/kapitalis.com\/tunisie\/2020\/06\/09\/parc-dichkeul-sauvee-et-soignee-une-cigogne-blanche-relachee-dans-la-nature-photos\/","og_site_name":"Kapitalis","article_publisher":"https:\/\/www.facebook.com\/KapitalisInfo\/","article_published_time":"2020-06-09T19:23:44+00:00","article_modified_time":"2020-06-10T07:33:41+00:00","og_image":[{"width":1200,"height":630,"url":"https:\/\/kapitalis.com\/tunisie\/wp-content\/uploads\/2022\/05\/kapitalis-logo-fb.png","type":"image\/png"}],"author":"Yusra NY","twitter_card":"summary_large_image","twitter_creator":"@KapitalisInfo","twitter_site":"@KapitalisInfo","twitter_misc":{"\u00c9crit par":"Yusra NY","Dur\u00e9e de lecture estim\u00e9e":"1 minute"},"schema":{"@context":"https:\/\/schema.org","@graph":[{"@type":"Article","@id":"https:\/\/kapitalis.com\/tunisie\/2020\/06\/09\/parc-dichkeul-sauvee-et-soignee-une-cigogne-blanche-relachee-dans-la-nature-photos\/#article","isPartOf":{"@id":"https:\/\/kapitalis.com\/tunisie\/2020\/06\/09\/parc-dichkeul-sauvee-et-soignee-une-cigogne-blanche-relachee-dans-la-nature-photos\/"},"author":{"name":"Yusra NY","@id":"https:\/\/kapitalis.com\/tunisie\/#\/schema\/person\/74bbde0154d49d790a92aaeac5bc01d5"},"headline":"Parc d&rsquo;Ichkeul : Sauv\u00e9e et soign\u00e9e, une cigogne blanche rel\u00e2ch\u00e9e dans la nature (Photos)","datePublished":"2020-06-09T19:23:44+00:00","dateModified":"2020-06-10T07:33:41+00:00","mainEntityOfPage":{"@id":"https:\/\/kapitalis.com\/tunisie\/2020\/06\/09\/parc-dichkeul-sauvee-et-soignee-une-cigogne-blanche-relachee-dans-la-nature-photos\/"},"wordCount":201,"commentCount":0,"publisher":{"@id":"https:\/\/kapitalis.com\/tunisie\/#organization"},"image":{"@id":"https:\/\/kapitalis.com\/tunisie\/2020\/06\/09\/parc-dichkeul-sauvee-et-soignee-une-cigogne-blanche-relachee-dans-la-nature-photos\/#primaryimage"},"thumbnailUrl":"","keywords":["amis des oiseaux","association","cigogne","direction for\u00eats","Ichkeul","libert\u00e9","sauvetage"],"articleSection":["SOCIETE","Tunisie"],"inLanguage":"fr-FR","potentialAction":[{"@type":"CommentAction","name":"Comment","target":["https:\/\/kapitalis.com\/tunisie\/2020\/06\/09\/parc-dichkeul-sauvee-et-soignee-une-cigogne-blanche-relachee-dans-la-nature-photos\/#respond"]}]},{"@type":"WebPage","@id":"https:\/\/kapitalis.com\/tunisie\/2020\/06\/09\/parc-dichkeul-sauvee-et-soignee-une-cigogne-blanche-relachee-dans-la-nature-photos\/","url":"https:\/\/kapitalis.com\/tunisie\/2020\/06\/09\/parc-dichkeul-sauvee-et-soignee-une-cigogne-blanche-relachee-dans-la-nature-photos\/","name":"Parc d'Ichkeul : Sauv\u00e9e et soign\u00e9e, une cigogne blanche rel\u00e2ch\u00e9e dans la nature (Photos) - Kapitalis","isPartOf":{"@id":"https:\/\/kapitalis.com\/tunisie\/#website"},"primaryImageOfPage":{"@id":"https:\/\/kapitalis.com\/tunisie\/2020\/06\/09\/parc-dichkeul-sauvee-et-soignee-une-cigogne-blanche-relachee-dans-la-nature-photos\/#primaryimage"},"image":{"@id":"https:\/\/kapitalis.com\/tunisie\/2020\/06\/09\/parc-dichkeul-sauvee-et-soignee-une-cigogne-blanche-relachee-dans-la-nature-photos\/#primaryimage"},"thumbnailUrl":"","datePublished":"2020-06-09T19:23:44+00:00","dateModified":"2020-06-10T07:33:41+00:00","breadcrumb":{"@id":"https:\/\/kapitalis.com\/tunisie\/2020\/06\/09\/parc-dichkeul-sauvee-et-soignee-une-cigogne-blanche-relachee-dans-la-nature-photos\/#breadcrumb"},"inLanguage":"fr-FR","potentialAction":[{"@type":"ReadAction","target":["https:\/\/kapitalis.com\/tunisie\/2020\/06\/09\/parc-dichkeul-sauvee-et-soignee-une-cigogne-blanche-relachee-dans-la-nature-photos\/"]}]},{"@type":"ImageObject","inLanguage":"fr-FR","@id":"https:\/\/kapitalis.com\/tunisie\/2020\/06\/09\/parc-dichkeul-sauvee-et-soignee-une-cigogne-blanche-relachee-dans-la-nature-photos\/#primaryimage","url":"","contentUrl":""},{"@type":"BreadcrumbList","@id":"https:\/\/kapitalis.com\/tunisie\/2020\/06\/09\/parc-dichkeul-sauvee-et-soignee-une-cigogne-blanche-relachee-dans-la-nature-photos\/#breadcrumb","itemListElement":[{"@type":"ListItem","position":1,"name":"Accueil","item":"https:\/\/kapitalis.com\/tunisie\/"},{"@type":"ListItem","position":2,"name":"Parc d&rsquo;Ichkeul : Sauv\u00e9e et soign\u00e9e, une cigogne blanche rel\u00e2ch\u00e9e dans la nature (Photos)"}]},{"@type":"WebSite","@id":"https:\/\/kapitalis.com\/tunisie\/#website","url":"https:\/\/kapitalis.com\/tunisie\/","name":"Kapitalis","description":"L&#039;actualit\u00e9 en Tunisie et dans le monde","publisher":{"@id":"https:\/\/kapitalis.com\/tunisie\/#organization"},"potentialAction":[{"@type":"SearchAction","target":{"@type":"EntryPoint","urlTemplate":"https:\/\/kapitalis.com\/tunisie\/?s={search_term_string}"},"query-input":{"@type":"PropertyValueSpecification","valueRequired":true,"valueName":"search_term_string"}}],"inLanguage":"fr-FR"},{"@type":"Organization","@id":"https:\/\/kapitalis.com\/tunisie\/#organization","name":"Kapitalis","url":"https:\/\/kapitalis.com\/tunisie\/","logo":{"@type":"ImageObject","inLanguage":"fr-FR","@id":"https:\/\/kapitalis.com\/tunisie\/#\/schema\/logo\/image\/","url":"https:\/\/kapitalis.com\/tunisie\/wp-content\/uploads\/2022\/05\/Kapitalis-big-size.png","contentUrl":"https:\/\/kapitalis.com\/tunisie\/wp-content\/uploads\/2022\/05\/Kapitalis-big-size.png","width":5000,"height":1500,"caption":"Kapitalis"},"image":{"@id":"https:\/\/kapitalis.com\/tunisie\/#\/schema\/logo\/image\/"},"sameAs":["https:\/\/www.facebook.com\/KapitalisInfo\/","https:\/\/x.com\/KapitalisInfo","https:\/\/www.youtube.com\/channel\/UC-yDYrHyfFBWWZaOw3FPg9Q"]},{"@type":"Person","@id":"https:\/\/kapitalis.com\/tunisie\/#\/schema\/person\/74bbde0154d49d790a92aaeac5bc01d5","name":"Yusra NY","url":"https:\/\/kapitalis.com\/tunisie\/author\/yuza_adam\/"}]}},"_links":{"self":[{"href":"https:\/\/kapitalis.com\/tunisie\/wp-json\/wp\/v2\/posts\/302865","targetHints":{"allow":["GET"]}}],"collection":[{"href":"https:\/\/kapitalis.com\/tunisie\/wp-json\/wp\/v2\/posts"}],"about":[{"href":"https:\/\/kapitalis.com\/tunisie\/wp-json\/wp\/v2\/types\/post"}],"author":[{"embeddable":true,"href":"https:\/\/kapitalis.com\/tunisie\/wp-json\/wp\/v2\/users\/6"}],"replies":[{"embeddable":true,"href":"https:\/\/kapitalis.com\/tunisie\/wp-json\/wp\/v2\/comments?post=302865"}],"version-history":[{"count":0,"href":"https:\/\/kapitalis.com\/tunisie\/wp-json\/wp\/v2\/posts\/302865\/revisions"}],"wp:featuredmedia":[{"embeddable":true,"href":"https:\/\/kapitalis.com\/tunisie\/wp-json\/wp\/v2\/media\/302870"}],"wp:attachment":[{"href":"https:\/\/kapitalis.com\/tunisie\/wp-json\/wp\/v2\/media?parent=302865"}],"wp:term":[{"taxonomy":"category","embeddable":true,"href":"https:\/\/kapitalis.com\/tunisie\/wp-json\/wp\/v2\/categories?post=302865"},{"taxonomy":"post_tag","embeddable":true,"href":"https:\/\/kapitalis.com\/tunisie\/wp-json\/wp\/v2\/tags?post=302865"}],"curies":[{"name":"wp","href":"https:\/\/api.w.org\/{rel}","templated":true}]}}