{"id":303028,"date":"2020-06-10T15:45:29","date_gmt":"2020-06-10T14:45:29","guid":{"rendered":"http:\/\/kapitalis.com\/tunisie\/?p=303028"},"modified":"2020-06-10T15:45:31","modified_gmt":"2020-06-10T14:45:31","slug":"associations-halte-aux-discriminations-contre-les-tunisiens-residents-a-letranger","status":"publish","type":"post","link":"https:\/\/kapitalis.com\/tunisie\/2020\/06\/10\/associations-halte-aux-discriminations-contre-les-tunisiens-residents-a-letranger\/","title":{"rendered":"Associations : Halte aux discriminations contre les Tunisiens r\u00e9sidents \u00e0 l&rsquo;\u00e9tranger !"},"content":{"rendered":"\n<figure class=\"wp-block-image size-large\"><img decoding=\"async\" src=\"http:\/\/kapitalis.com\/tunisie\/wp-content\/uploads\/2017\/04\/Aeroport-Tunis-Carthage-salle-enregistrement.jpg\" alt=\"\" class=\"wp-image-89595\"\/><\/figure>\n\n\n\n<p><strong><em>Six associations de Tunisiens r\u00e9sidents \u00e0 l\u2019\u00e9tranger (TRE) ont publi\u00e9 un communiqu\u00e9 concernant la d\u00e9cision du ministre des Finances du triplement des taxes de chancellerie ou elles appellent \u00e0 mettre fin contre les discriminations \u00e0 l\u2019\u00e9gard des TRE. Nous reproduisons ci-dessous le texte du communiqu\u00e9.<\/em><\/strong><\/p>\n\n\n\n<!--more-->\n\n\n\n<p>Le gouvernement tunisien s\u2019acharne, depuis sa mise en place, sur Les Tunisiens r\u00e9sidents \u00e0 l\u2019\u00e9tranger (TRE). Il leur ass\u00e8ne, r\u00e9guli\u00e8rement, des coups, sur le plan financier, et sur le plan de l\u2019\u00e9galit\u00e9 entre les citoyens.<\/p>\n\n\n\n<p>Sur le plan financier, le gouvernement, vise le porte-monnaie des TRE, et en fait<em> \u00abdes vaches \u00e0 lait\u00bb<\/em>, dans le but combler les d\u00e9ficits de l\u2019\u00e9conomie tunisienne. <\/p>\n\n\n\n<p>Il a commenc\u00e9, par le triplement des tarifs consulaires, par le truchement du d\u00e9tournement du taux de change l\u00e9gal de la Banque centrale de Tunisie, et la cr\u00e9ation d\u2019un faux taux de change bancaire dit <em>\u00abRass Brass\u00bb<\/em> (1\u20ac \u00e9gal 1 dinar).<\/p>\n\n\n\n<p>Il a continu\u00e9 par la cr\u00e9ation de l\u2019obligation, r\u00e9serv\u00e9 aux seuls TRE, d\u2019un confinement dans des h\u00f4tels, choisis par le gouvernement, dans les r\u00e9gions de Tunis et du Sahel, alors que la majorit\u00e9 des TRE sont originaires du sud et de l\u2019ouest de la Tunisie, avec paiement \u00e0 l\u2019avance, et dans leur pays de r\u00e9sidence, des frais de ces s\u00e9jours de confinement.<\/p>\n\n\n\n<p>Cette mesure frappe uniquement les TRE, et ne s\u2019applique pas aux touristes. Elle a eu pour cons\u00e9quence imm\u00e9diate, suite \u00e0 la demande des officiels tunisiens, le refus d\u2019embarquement par les compagnies a\u00e9riennes de citoyens tunisiens bloqu\u00e9s \u00e0 l\u2019\u00e9tranger. Qui deviennent de ce fait des apatrides.<\/p>\n\n\n\n<p>Sur le plan de l\u2019\u00e9galit\u00e9 entre citoyens, ces mesures rompent l\u2019\u00e9galit\u00e9 constitutionnelle, \u00e9dict\u00e9e par l\u2019article 21 de la constitution, cr\u00e9e de la discrimination, et produit, de fait, deux cat\u00e9gories de citoyens, les Tunisiens de l\u2019int\u00e9rieur et les Tunisiens de l\u2019\u00e9tranger.<\/p>\n\n\n\n<p>La crise de la pand\u00e9mie du Covid-19 n\u2019explique pas tout. Il s\u2019agit bien d\u2019une politique d\u00e9lib\u00e9r\u00e9e contre les TRE, pour lesquels le gouvernement tunisien n\u2019a pas daign\u00e9 reconduire l\u2019existence d\u2019un secr\u00e9tariat d\u2019Etat, cr\u00e9\u00e9 par son pr\u00e9d\u00e9cesseur.<\/p>\n\n\n\n<p>Les appels \u00e0 la raison, lanc\u00e9s par le pr\u00e9sident de la r\u00e9publique, pr\u00e9c\u00e9d\u00e9s ou relay\u00e9s par plusieurs d\u00e9put\u00e9s, associations et citoyens, ne l\u2019ont pas fait reculer, ni chang\u00e9 de cap vis-\u00e0-vis des TRE.<\/p>\n\n\n\n<p>Devant cet autisme, et cette d\u00e9marche volontairement agressive et discriminatoire, six associations de d\u00e9fense des droits des TRE, et plusieurs citoyens tunisiens, qui refusent ces mesures inacceptables, ont pris leurs responsabilit\u00e9, et charg\u00e9 Ma\u00eetre Abdelkrim Rajah de d\u00e9fendre leurs int\u00e9r\u00eats, et de saisir le Tribunal administratif de Tunis, pour demander l\u2019annulation de l\u2019augmentation exorbitante des tarifs consulaires, et envoyer un message clair au gouvernement tunisien : <em>\u00abNous ne vous laisserons pas faire, et nous nous battrons pour que notre citoyennet\u00e9 tunisienne reste pleine et enti\u00e8re\u00bb.<\/em><\/p>\n\n\n\n<p>Le collectif \u00e0 l\u2019initiative de cette action citoyenne, fait toute confiance \u00e0 la justice de notre pays pour annuler cette augmentation sc\u00e9l\u00e9rate, sur les plans financiers et de l&rsquo;\u00e9galit\u00e9 entre les citoyens.<\/p>\n\n\n\n<p><strong>Les associations signataires sont :<\/strong><\/p>\n\n\n\n<p>Association Citoyennet\u00e9, D\u00e9veloppement, Cultures et Migration des deux Rives (CDCMIR)<\/p>\n\n\n\n<p>Association Arts et Cultures des deux Rives (ACDR)<\/p>\n\n\n\n<p>Association des Tunisiens en France (ATF)<\/p>\n\n\n\n<p>Comit\u00e9 pour le Respect des Libert\u00e9s et des Droits de l\u2019Homme en Tunisie (CRLDHT<\/p>\n\n\n\n<p>Association des Tunisiens de France (ADTF)<\/p>\n\n\n\n<p>Forum Tunisien pour les Droits \u00c9conomiques et Sociaux (FTDES).<\/p>\n","protected":false},"excerpt":{"rendered":"<p>Six associations de Tunisiens r\u00e9sidents \u00e0 l\u2019\u00e9tranger (TRE) ont publi\u00e9 un communiqu\u00e9 concernant la d\u00e9cision du ministre des Finances du triplement des taxes de chancellerie ou elles appellent \u00e0 mettre fin contre les discriminations \u00e0 l\u2019\u00e9gard des TRE. Nous reproduisons ci-dessous le texte du communiqu\u00e9.<\/p>\n","protected":false},"author":8,"featured_media":0,"comment_status":"open","ping_status":"open","sticky":false,"template":"","format":"standard","meta":{"footnotes":""},"categories":[998,2433],"tags":[79702,76605,79701,79700,79703,1693],"class_list":["post-303028","post","type-post","status-publish","format-standard","hentry","category-societe","category-tunisie","tag-abdelkrim-rajah","tag-confinement","tag-tarifs-consulaires","tag-taxes-de-chancellerie","tag-tribunal-administratif-de-tunis","tag-tunisiens-residents-a-letranger"],"yoast_head":"<!-- This site is optimized with the Yoast SEO plugin v26.6 - https:\/\/yoast.com\/wordpress\/plugins\/seo\/ -->\n<title>Associations : Halte aux discriminations contre les Tunisiens r\u00e9sidents \u00e0 l&#039;\u00e9tranger ! - Kapitalis<\/title>\n<meta name=\"robots\" content=\"index, follow, max-snippet:-1, max-image-preview:large, max-video-preview:-1\" \/>\n<link rel=\"canonical\" href=\"https:\/\/kapitalis.com\/tunisie\/2020\/06\/10\/associations-halte-aux-discriminations-contre-les-tunisiens-residents-a-letranger\/\" \/>\n<meta property=\"og:locale\" content=\"fr_FR\" \/>\n<meta property=\"og:type\" content=\"article\" \/>\n<meta property=\"og:title\" content=\"Associations : Halte aux discriminations contre les Tunisiens r\u00e9sidents \u00e0 l&#039;\u00e9tranger ! - Kapitalis\" \/>\n<meta property=\"og:description\" content=\"Six associations de Tunisiens r\u00e9sidents \u00e0 l\u2019\u00e9tranger (TRE) ont publi\u00e9 un communiqu\u00e9 concernant la d\u00e9cision du ministre des Finances du triplement des taxes de chancellerie ou elles appellent \u00e0 mettre fin contre les discriminations \u00e0 l\u2019\u00e9gard des TRE. Nous reproduisons ci-dessous le texte du communiqu\u00e9.\" \/>\n<meta property=\"og:url\" content=\"https:\/\/kapitalis.com\/tunisie\/2020\/06\/10\/associations-halte-aux-discriminations-contre-les-tunisiens-residents-a-letranger\/\" \/>\n<meta property=\"og:site_name\" content=\"Kapitalis\" \/>\n<meta property=\"article:publisher\" content=\"https:\/\/www.facebook.com\/KapitalisInfo\/\" \/>\n<meta property=\"article:published_time\" content=\"2020-06-10T14:45:29+00:00\" \/>\n<meta property=\"article:modified_time\" content=\"2020-06-10T14:45:31+00:00\" \/>\n<meta property=\"og:image\" content=\"http:\/\/kapitalis.com\/tunisie\/wp-content\/uploads\/2017\/04\/Aeroport-Tunis-Carthage-salle-enregistrement.jpg\" \/>\n<meta name=\"author\" content=\"webmaster kapitalis\" \/>\n<meta name=\"twitter:card\" content=\"summary_large_image\" \/>\n<meta name=\"twitter:creator\" content=\"@KapitalisInfo\" \/>\n<meta name=\"twitter:site\" content=\"@KapitalisInfo\" \/>\n<meta name=\"twitter:label1\" content=\"\u00c9crit par\" \/>\n\t<meta name=\"twitter:data1\" content=\"webmaster kapitalis\" \/>\n\t<meta name=\"twitter:label2\" content=\"Dur\u00e9e de lecture estim\u00e9e\" \/>\n\t<meta name=\"twitter:data2\" content=\"3 minutes\" \/>\n<script type=\"application\/ld+json\" class=\"yoast-schema-graph\">{\"@context\":\"https:\/\/schema.org\",\"@graph\":[{\"@type\":\"Article\",\"@id\":\"https:\/\/kapitalis.com\/tunisie\/2020\/06\/10\/associations-halte-aux-discriminations-contre-les-tunisiens-residents-a-letranger\/#article\",\"isPartOf\":{\"@id\":\"https:\/\/kapitalis.com\/tunisie\/2020\/06\/10\/associations-halte-aux-discriminations-contre-les-tunisiens-residents-a-letranger\/\"},\"author\":{\"name\":\"webmaster kapitalis\",\"@id\":\"https:\/\/kapitalis.com\/tunisie\/#\/schema\/person\/d71f33a9ca44f7bad4698210b480c8e9\"},\"headline\":\"Associations : Halte aux discriminations contre les Tunisiens r\u00e9sidents \u00e0 l&rsquo;\u00e9tranger !\",\"datePublished\":\"2020-06-10T14:45:29+00:00\",\"dateModified\":\"2020-06-10T14:45:31+00:00\",\"mainEntityOfPage\":{\"@id\":\"https:\/\/kapitalis.com\/tunisie\/2020\/06\/10\/associations-halte-aux-discriminations-contre-les-tunisiens-residents-a-letranger\/\"},\"wordCount\":618,\"commentCount\":10,\"publisher\":{\"@id\":\"https:\/\/kapitalis.com\/tunisie\/#organization\"},\"image\":{\"@id\":\"https:\/\/kapitalis.com\/tunisie\/2020\/06\/10\/associations-halte-aux-discriminations-contre-les-tunisiens-residents-a-letranger\/#primaryimage\"},\"thumbnailUrl\":\"http:\/\/kapitalis.com\/tunisie\/wp-content\/uploads\/2017\/04\/Aeroport-Tunis-Carthage-salle-enregistrement.jpg\",\"keywords\":[\"Abdelkrim Rajah\",\"confinement\",\"tarifs consulaires\",\"taxes de chancellerie\",\"Tribunal administratif de Tunis\",\"Tunisiens r\u00e9sidents \u00e0 l'\u00e9tranger\"],\"articleSection\":[\"SOCIETE\",\"Tunisie\"],\"inLanguage\":\"fr-FR\",\"potentialAction\":[{\"@type\":\"CommentAction\",\"name\":\"Comment\",\"target\":[\"https:\/\/kapitalis.com\/tunisie\/2020\/06\/10\/associations-halte-aux-discriminations-contre-les-tunisiens-residents-a-letranger\/#respond\"]}]},{\"@type\":\"WebPage\",\"@id\":\"https:\/\/kapitalis.com\/tunisie\/2020\/06\/10\/associations-halte-aux-discriminations-contre-les-tunisiens-residents-a-letranger\/\",\"url\":\"https:\/\/kapitalis.com\/tunisie\/2020\/06\/10\/associations-halte-aux-discriminations-contre-les-tunisiens-residents-a-letranger\/\",\"name\":\"Associations : Halte aux discriminations contre les Tunisiens r\u00e9sidents \u00e0 l'\u00e9tranger ! - Kapitalis\",\"isPartOf\":{\"@id\":\"https:\/\/kapitalis.com\/tunisie\/#website\"},\"primaryImageOfPage\":{\"@id\":\"https:\/\/kapitalis.com\/tunisie\/2020\/06\/10\/associations-halte-aux-discriminations-contre-les-tunisiens-residents-a-letranger\/#primaryimage\"},\"image\":{\"@id\":\"https:\/\/kapitalis.com\/tunisie\/2020\/06\/10\/associations-halte-aux-discriminations-contre-les-tunisiens-residents-a-letranger\/#primaryimage\"},\"thumbnailUrl\":\"http:\/\/kapitalis.com\/tunisie\/wp-content\/uploads\/2017\/04\/Aeroport-Tunis-Carthage-salle-enregistrement.jpg\",\"datePublished\":\"2020-06-10T14:45:29+00:00\",\"dateModified\":\"2020-06-10T14:45:31+00:00\",\"breadcrumb\":{\"@id\":\"https:\/\/kapitalis.com\/tunisie\/2020\/06\/10\/associations-halte-aux-discriminations-contre-les-tunisiens-residents-a-letranger\/#breadcrumb\"},\"inLanguage\":\"fr-FR\",\"potentialAction\":[{\"@type\":\"ReadAction\",\"target\":[\"https:\/\/kapitalis.com\/tunisie\/2020\/06\/10\/associations-halte-aux-discriminations-contre-les-tunisiens-residents-a-letranger\/\"]}]},{\"@type\":\"ImageObject\",\"inLanguage\":\"fr-FR\",\"@id\":\"https:\/\/kapitalis.com\/tunisie\/2020\/06\/10\/associations-halte-aux-discriminations-contre-les-tunisiens-residents-a-letranger\/#primaryimage\",\"url\":\"http:\/\/kapitalis.com\/tunisie\/wp-content\/uploads\/2017\/04\/Aeroport-Tunis-Carthage-salle-enregistrement.jpg\",\"contentUrl\":\"http:\/\/kapitalis.com\/tunisie\/wp-content\/uploads\/2017\/04\/Aeroport-Tunis-Carthage-salle-enregistrement.jpg\"},{\"@type\":\"BreadcrumbList\",\"@id\":\"https:\/\/kapitalis.com\/tunisie\/2020\/06\/10\/associations-halte-aux-discriminations-contre-les-tunisiens-residents-a-letranger\/#breadcrumb\",\"itemListElement\":[{\"@type\":\"ListItem\",\"position\":1,\"name\":\"Accueil\",\"item\":\"https:\/\/kapitalis.com\/tunisie\/\"},{\"@type\":\"ListItem\",\"position\":2,\"name\":\"Associations : Halte aux discriminations contre les Tunisiens r\u00e9sidents \u00e0 l&rsquo;\u00e9tranger !\"}]},{\"@type\":\"WebSite\",\"@id\":\"https:\/\/kapitalis.com\/tunisie\/#website\",\"url\":\"https:\/\/kapitalis.com\/tunisie\/\",\"name\":\"Kapitalis\",\"description\":\"L&#039;actualit\u00e9 en Tunisie et dans le monde\",\"publisher\":{\"@id\":\"https:\/\/kapitalis.com\/tunisie\/#organization\"},\"potentialAction\":[{\"@type\":\"SearchAction\",\"target\":{\"@type\":\"EntryPoint\",\"urlTemplate\":\"https:\/\/kapitalis.com\/tunisie\/?s={search_term_string}\"},\"query-input\":{\"@type\":\"PropertyValueSpecification\",\"valueRequired\":true,\"valueName\":\"search_term_string\"}}],\"inLanguage\":\"fr-FR\"},{\"@type\":\"Organization\",\"@id\":\"https:\/\/kapitalis.com\/tunisie\/#organization\",\"name\":\"Kapitalis\",\"url\":\"https:\/\/kapitalis.com\/tunisie\/\",\"logo\":{\"@type\":\"ImageObject\",\"inLanguage\":\"fr-FR\",\"@id\":\"https:\/\/kapitalis.com\/tunisie\/#\/schema\/logo\/image\/\",\"url\":\"https:\/\/kapitalis.com\/tunisie\/wp-content\/uploads\/2022\/05\/Kapitalis-big-size.png\",\"contentUrl\":\"https:\/\/kapitalis.com\/tunisie\/wp-content\/uploads\/2022\/05\/Kapitalis-big-size.png\",\"width\":5000,\"height\":1500,\"caption\":\"Kapitalis\"},\"image\":{\"@id\":\"https:\/\/kapitalis.com\/tunisie\/#\/schema\/logo\/image\/\"},\"sameAs\":[\"https:\/\/www.facebook.com\/KapitalisInfo\/\",\"https:\/\/x.com\/KapitalisInfo\",\"https:\/\/www.youtube.com\/channel\/UC-yDYrHyfFBWWZaOw3FPg9Q\"]},{\"@type\":\"Person\",\"@id\":\"https:\/\/kapitalis.com\/tunisie\/#\/schema\/person\/d71f33a9ca44f7bad4698210b480c8e9\",\"name\":\"webmaster kapitalis\",\"url\":\"https:\/\/kapitalis.com\/tunisie\/author\/webmaster-kapitalis\/\"}]}<\/script>\n<!-- \/ Yoast SEO plugin. -->","yoast_head_json":{"title":"Associations : Halte aux discriminations contre les Tunisiens r\u00e9sidents \u00e0 l'\u00e9tranger ! - Kapitalis","robots":{"index":"index","follow":"follow","max-snippet":"max-snippet:-1","max-image-preview":"max-image-preview:large","max-video-preview":"max-video-preview:-1"},"canonical":"https:\/\/kapitalis.com\/tunisie\/2020\/06\/10\/associations-halte-aux-discriminations-contre-les-tunisiens-residents-a-letranger\/","og_locale":"fr_FR","og_type":"article","og_title":"Associations : Halte aux discriminations contre les Tunisiens r\u00e9sidents \u00e0 l'\u00e9tranger ! - Kapitalis","og_description":"Six associations de Tunisiens r\u00e9sidents \u00e0 l\u2019\u00e9tranger (TRE) ont publi\u00e9 un communiqu\u00e9 concernant la d\u00e9cision du ministre des Finances du triplement des taxes de chancellerie ou elles appellent \u00e0 mettre fin contre les discriminations \u00e0 l\u2019\u00e9gard des TRE. Nous reproduisons ci-dessous le texte du communiqu\u00e9.","og_url":"https:\/\/kapitalis.com\/tunisie\/2020\/06\/10\/associations-halte-aux-discriminations-contre-les-tunisiens-residents-a-letranger\/","og_site_name":"Kapitalis","article_publisher":"https:\/\/www.facebook.com\/KapitalisInfo\/","article_published_time":"2020-06-10T14:45:29+00:00","article_modified_time":"2020-06-10T14:45:31+00:00","og_image":[{"url":"http:\/\/kapitalis.com\/tunisie\/wp-content\/uploads\/2017\/04\/Aeroport-Tunis-Carthage-salle-enregistrement.jpg","type":"","width":"","height":""}],"author":"webmaster kapitalis","twitter_card":"summary_large_image","twitter_creator":"@KapitalisInfo","twitter_site":"@KapitalisInfo","twitter_misc":{"\u00c9crit par":"webmaster kapitalis","Dur\u00e9e de lecture estim\u00e9e":"3 minutes"},"schema":{"@context":"https:\/\/schema.org","@graph":[{"@type":"Article","@id":"https:\/\/kapitalis.com\/tunisie\/2020\/06\/10\/associations-halte-aux-discriminations-contre-les-tunisiens-residents-a-letranger\/#article","isPartOf":{"@id":"https:\/\/kapitalis.com\/tunisie\/2020\/06\/10\/associations-halte-aux-discriminations-contre-les-tunisiens-residents-a-letranger\/"},"author":{"name":"webmaster kapitalis","@id":"https:\/\/kapitalis.com\/tunisie\/#\/schema\/person\/d71f33a9ca44f7bad4698210b480c8e9"},"headline":"Associations : Halte aux discriminations contre les Tunisiens r\u00e9sidents \u00e0 l&rsquo;\u00e9tranger !","datePublished":"2020-06-10T14:45:29+00:00","dateModified":"2020-06-10T14:45:31+00:00","mainEntityOfPage":{"@id":"https:\/\/kapitalis.com\/tunisie\/2020\/06\/10\/associations-halte-aux-discriminations-contre-les-tunisiens-residents-a-letranger\/"},"wordCount":618,"commentCount":10,"publisher":{"@id":"https:\/\/kapitalis.com\/tunisie\/#organization"},"image":{"@id":"https:\/\/kapitalis.com\/tunisie\/2020\/06\/10\/associations-halte-aux-discriminations-contre-les-tunisiens-residents-a-letranger\/#primaryimage"},"thumbnailUrl":"http:\/\/kapitalis.com\/tunisie\/wp-content\/uploads\/2017\/04\/Aeroport-Tunis-Carthage-salle-enregistrement.jpg","keywords":["Abdelkrim Rajah","confinement","tarifs consulaires","taxes de chancellerie","Tribunal administratif de Tunis","Tunisiens r\u00e9sidents \u00e0 l'\u00e9tranger"],"articleSection":["SOCIETE","Tunisie"],"inLanguage":"fr-FR","potentialAction":[{"@type":"CommentAction","name":"Comment","target":["https:\/\/kapitalis.com\/tunisie\/2020\/06\/10\/associations-halte-aux-discriminations-contre-les-tunisiens-residents-a-letranger\/#respond"]}]},{"@type":"WebPage","@id":"https:\/\/kapitalis.com\/tunisie\/2020\/06\/10\/associations-halte-aux-discriminations-contre-les-tunisiens-residents-a-letranger\/","url":"https:\/\/kapitalis.com\/tunisie\/2020\/06\/10\/associations-halte-aux-discriminations-contre-les-tunisiens-residents-a-letranger\/","name":"Associations : Halte aux discriminations contre les Tunisiens r\u00e9sidents \u00e0 l'\u00e9tranger ! - Kapitalis","isPartOf":{"@id":"https:\/\/kapitalis.com\/tunisie\/#website"},"primaryImageOfPage":{"@id":"https:\/\/kapitalis.com\/tunisie\/2020\/06\/10\/associations-halte-aux-discriminations-contre-les-tunisiens-residents-a-letranger\/#primaryimage"},"image":{"@id":"https:\/\/kapitalis.com\/tunisie\/2020\/06\/10\/associations-halte-aux-discriminations-contre-les-tunisiens-residents-a-letranger\/#primaryimage"},"thumbnailUrl":"http:\/\/kapitalis.com\/tunisie\/wp-content\/uploads\/2017\/04\/Aeroport-Tunis-Carthage-salle-enregistrement.jpg","datePublished":"2020-06-10T14:45:29+00:00","dateModified":"2020-06-10T14:45:31+00:00","breadcrumb":{"@id":"https:\/\/kapitalis.com\/tunisie\/2020\/06\/10\/associations-halte-aux-discriminations-contre-les-tunisiens-residents-a-letranger\/#breadcrumb"},"inLanguage":"fr-FR","potentialAction":[{"@type":"ReadAction","target":["https:\/\/kapitalis.com\/tunisie\/2020\/06\/10\/associations-halte-aux-discriminations-contre-les-tunisiens-residents-a-letranger\/"]}]},{"@type":"ImageObject","inLanguage":"fr-FR","@id":"https:\/\/kapitalis.com\/tunisie\/2020\/06\/10\/associations-halte-aux-discriminations-contre-les-tunisiens-residents-a-letranger\/#primaryimage","url":"http:\/\/kapitalis.com\/tunisie\/wp-content\/uploads\/2017\/04\/Aeroport-Tunis-Carthage-salle-enregistrement.jpg","contentUrl":"http:\/\/kapitalis.com\/tunisie\/wp-content\/uploads\/2017\/04\/Aeroport-Tunis-Carthage-salle-enregistrement.jpg"},{"@type":"BreadcrumbList","@id":"https:\/\/kapitalis.com\/tunisie\/2020\/06\/10\/associations-halte-aux-discriminations-contre-les-tunisiens-residents-a-letranger\/#breadcrumb","itemListElement":[{"@type":"ListItem","position":1,"name":"Accueil","item":"https:\/\/kapitalis.com\/tunisie\/"},{"@type":"ListItem","position":2,"name":"Associations : Halte aux discriminations contre les Tunisiens r\u00e9sidents \u00e0 l&rsquo;\u00e9tranger !"}]},{"@type":"WebSite","@id":"https:\/\/kapitalis.com\/tunisie\/#website","url":"https:\/\/kapitalis.com\/tunisie\/","name":"Kapitalis","description":"L&#039;actualit\u00e9 en Tunisie et dans le monde","publisher":{"@id":"https:\/\/kapitalis.com\/tunisie\/#organization"},"potentialAction":[{"@type":"SearchAction","target":{"@type":"EntryPoint","urlTemplate":"https:\/\/kapitalis.com\/tunisie\/?s={search_term_string}"},"query-input":{"@type":"PropertyValueSpecification","valueRequired":true,"valueName":"search_term_string"}}],"inLanguage":"fr-FR"},{"@type":"Organization","@id":"https:\/\/kapitalis.com\/tunisie\/#organization","name":"Kapitalis","url":"https:\/\/kapitalis.com\/tunisie\/","logo":{"@type":"ImageObject","inLanguage":"fr-FR","@id":"https:\/\/kapitalis.com\/tunisie\/#\/schema\/logo\/image\/","url":"https:\/\/kapitalis.com\/tunisie\/wp-content\/uploads\/2022\/05\/Kapitalis-big-size.png","contentUrl":"https:\/\/kapitalis.com\/tunisie\/wp-content\/uploads\/2022\/05\/Kapitalis-big-size.png","width":5000,"height":1500,"caption":"Kapitalis"},"image":{"@id":"https:\/\/kapitalis.com\/tunisie\/#\/schema\/logo\/image\/"},"sameAs":["https:\/\/www.facebook.com\/KapitalisInfo\/","https:\/\/x.com\/KapitalisInfo","https:\/\/www.youtube.com\/channel\/UC-yDYrHyfFBWWZaOw3FPg9Q"]},{"@type":"Person","@id":"https:\/\/kapitalis.com\/tunisie\/#\/schema\/person\/d71f33a9ca44f7bad4698210b480c8e9","name":"webmaster kapitalis","url":"https:\/\/kapitalis.com\/tunisie\/author\/webmaster-kapitalis\/"}]}},"_links":{"self":[{"href":"https:\/\/kapitalis.com\/tunisie\/wp-json\/wp\/v2\/posts\/303028","targetHints":{"allow":["GET"]}}],"collection":[{"href":"https:\/\/kapitalis.com\/tunisie\/wp-json\/wp\/v2\/posts"}],"about":[{"href":"https:\/\/kapitalis.com\/tunisie\/wp-json\/wp\/v2\/types\/post"}],"author":[{"embeddable":true,"href":"https:\/\/kapitalis.com\/tunisie\/wp-json\/wp\/v2\/users\/8"}],"replies":[{"embeddable":true,"href":"https:\/\/kapitalis.com\/tunisie\/wp-json\/wp\/v2\/comments?post=303028"}],"version-history":[{"count":0,"href":"https:\/\/kapitalis.com\/tunisie\/wp-json\/wp\/v2\/posts\/303028\/revisions"}],"wp:attachment":[{"href":"https:\/\/kapitalis.com\/tunisie\/wp-json\/wp\/v2\/media?parent=303028"}],"wp:term":[{"taxonomy":"category","embeddable":true,"href":"https:\/\/kapitalis.com\/tunisie\/wp-json\/wp\/v2\/categories?post=303028"},{"taxonomy":"post_tag","embeddable":true,"href":"https:\/\/kapitalis.com\/tunisie\/wp-json\/wp\/v2\/tags?post=303028"}],"curies":[{"name":"wp","href":"https:\/\/api.w.org\/{rel}","templated":true}]}}