{"id":303295,"date":"2020-06-12T10:00:21","date_gmt":"2020-06-12T09:00:21","guid":{"rendered":"http:\/\/kapitalis.com\/tunisie\/?p=303295"},"modified":"2020-06-12T10:00:23","modified_gmt":"2020-06-12T09:00:23","slug":"tunisie-forte-contraction-echanges-exterieurs-au-cours-des-5-mois-de-2020","status":"publish","type":"post","link":"https:\/\/kapitalis.com\/tunisie\/2020\/06\/12\/tunisie-forte-contraction-echanges-exterieurs-au-cours-des-5-mois-de-2020\/","title":{"rendered":"Tunisie : Forte contraction \u00e9changes ext\u00e9rieurs au cours des 5 mois de 2020"},"content":{"rendered":"\n<figure class=\"wp-block-image size-large\"><img decoding=\"async\" src=\"http:\/\/kapitalis.com\/tunisie\/wp-content\/uploads\/2019\/11\/Commerce-exterieur.jpg\" alt=\"\" class=\"wp-image-254070\"\/><\/figure>\n\n\n\n<p><strong><em>Les \u00e9changes ext\u00e9rieurs de la Tunisie se sont contract\u00e9s, en mai 2020, pour le troisi\u00e8me mois cons\u00e9cutif, en raison des mesures de confinement sanitaire prises dans le cadre de la lutte contre la pand\u00e9mie de la Covid-19.<\/em><\/strong><\/p>\n\n\n\n<!--more-->\n\n\n\n<p>Selon l\u2019Institut national de la statistique (INS), les r\u00e9sultats des \u00e9changes commerciaux de la Tunisie avec l\u2019ext\u00e9rieur aux prix courants durant le mois de mai 2020 montrent une forte baisse des exportations \u00e0 -37,1% en glissement annuel (-48,9% en avril). En valeur, elles atteignent 2400,1 MDT contre 3813,9 MDT en mai 2019 (2634,5 MDT comme moyenne du mois de mai depuis 2010).<\/p>\n\n\n\n<p>Cette diminution a touch\u00e9 principalement les secteurs off-shore, \u00e0 savoir le textile, habillement et cuir et les industries m\u00e9caniques et \u00e9lectriques dont les exportations ont chut\u00e9 respectivement de 32,4% et 49,8%.<br>De m\u00eame les exportations des autres industries manufacturi\u00e8res se sont-elles contract\u00e9es de 49,6%, celles des mines, phosphates et d\u00e9riv\u00e9s (-17,8%) et de l\u2019\u00e9nergie (-8,4%).<\/p>\n\n\n\n<p>En revanche, les exportations du secteur de l\u2019agriculture et des industries agroalimentaires ont augment\u00e9 de 16,4%.<\/p>\n\n\n\n<p>Par zones g\u00e9ographiques, la baisse a concern\u00e9 quasiment tous les principaux partenaires europ\u00e9ens, particuli\u00e8rement la France (-44%), l\u2019Allemagne (-57%) et l\u2019Italie (-36%). La m\u00eame \u00e9volution est observ\u00e9e vers certains pays arabes tels que l\u2019Alg\u00e9rie (-57%), la Libye (48%) et le Maroc (-31%).<\/p>\n\n\n\n<h3 class=\"wp-block-heading\">Baisse des importations de 34,5%<\/h3>\n\n\n\n<p>Les importations ont \u00e9galement enregistr\u00e9 une baisse de 34,5% par rapport au m\u00eame mois de 2019 (-46,8% en avril). En valeur elles ont atteint 3655,5 MDT contre 5583 MDT en mai 2019. Cette baisse est due essentiellement \u00e0 la r\u00e9gression observ\u00e9e aux niveaux de l\u2019\u00e9nergie (-49,3%), des biens d\u2019\u00e9quipement (-41,8%), des mati\u00e8res premi\u00e8res et demi produits (-37,1%), des biens de consommation (-33,5%) ainsi que des produits miniers et phosphat\u00e9s (-77,9%).<\/p>\n\n\n\n<p>Selon la r\u00e9partition g\u00e9ographique, la baisse des importations est expliqu\u00e9e par la diminution des achats tunisiens en provenance de la quasi-totalit\u00e9 de ses fournisseurs europ\u00e9ens, tels que la France (-48%), l\u2019Allemagne (-52%) et l\u2019Italie (-49%), ainsi que d\u2019autre pays tels que la Russie (-94%), la Chine (-13%), le Maroc (-60%) et l\u2019Egypte (-64%).<\/p>\n\n\n\n<h3 class=\"wp-block-heading\">Baisse des \u00e9changes durant les cinq mois de 2020<\/h3>\n\n\n\n<p>Durant les cinq mois de l\u2019ann\u00e9e 2020, les exportations ont enregistr\u00e9 une baisse de 23,8% contre une hausse de 15,1% durant les cinq mois de 2019. Ils ont atteint le niveau de 14921,4 MDT contre 19590,2 MDT durant la m\u00eame p\u00e9riode de 2019.<\/p>\n\n\n\n<p>De m\u00eame, les importations ont-elles enregistr\u00e9 une baisse de 24,1% contre une hausse de 17,1% durant les cinq mois de 2019. En valeur les importations ont atteint 21021,3 MDT contre 27696,2 MDT durant la m\u00eame p\u00e9riode de 2019.<\/p>\n\n\n\n<p>Suite \u00e0 cette \u00e9volution au niveau des exportations (-23,8%) et des importations (-24,1%), le d\u00e9ficit commercial s\u2019est r\u00e9duit de 2006,1 MDT pour s\u2019\u00e9tablir \u00e0 un niveau de 6099,9 MDT contre 8106 MDT durant les cinq mois de 2019.<\/p>\n\n\n\n<p>Le taux de couverture a gagn\u00e9 0,3 points par rapport \u00e0 la m\u00eame p\u00e9riode de 2019 pour s\u2019\u00e9tablir \u00e0 71% contre 70,7% durant la m\u00eame p\u00e9riode de 2019.<\/p>\n\n\n\n<h3 class=\"wp-block-heading\">Le commerce ext\u00e9rieur selon le r\u00e9gime<\/h3>\n\n\n\n<p>La r\u00e9partition des \u00e9changes par r\u00e9gime contre que les exportations sous le r\u00e9gime offshore ont enregistr\u00e9 une baisse de 31,2% contre +19,6% durant les cinq mois de 2019. Les importations ont enregistr\u00e9 sous ce r\u00e9gime une baisse de 27,8% contre +15,3% durant la m\u00eame p\u00e9riode en 2019.<\/p>\n\n\n\n<p>Sous le r\u00e9gime g\u00e9n\u00e9ral, les exportations ont enregistr\u00e9 une baisse de 2,5% contre +3,9% durant les cinq mois de l\u2019ann\u00e9e 2019. De m\u00eame, les importations enregistrent une baisse de 22,3% contre +18,1% durant la m\u00eame p\u00e9riode en 2019.<\/p>\n\n\n\n<p>La diminution observ\u00e9e au niveau de l\u2019exportation (-23,8%) durant les cinq mois de 2020 concerne plusieurs secteurs. En effet, le secteur des textiles, habillement et cuirs s\u2019est contract\u00e9 de -33,3%, celui des industries m\u00e9caniques et \u00e9lectriques de -30,1% et celui des mines, phosphates et d\u00e9riv\u00e9s de -7,8%.<\/p>\n\n\n\n<p>En revanche, le secteur de l\u2019agriculture et des industries agro-alimentaires a enregistr\u00e9 une hausse de 6,6%, suite \u00e0 l\u2019augmentation des ventes d\u2019huiles d&rsquo;olives (1129,5 MDT contre 687,3 MDT) ainsi que le secteur de l\u2019\u00e9nergie dont les ventes se sont am\u00e9lior\u00e9es de 6,8%.<\/p>\n\n\n\n<p>La baisse des importations de &#8211; 24,1% est expliqu\u00e9 par le repli remarqu\u00e9 au niveau des tous les secteurs, notamment, les biens d\u2019\u00e9quipement de -31,3%, les mati\u00e8res premi\u00e8res et demi produits de -24,1%, les biens de consommation de -24,1% et l\u2019\u00e9nergie de -25,1% sous l\u2019effet de la diminution des achats des produits raffin\u00e9s (1662,4 MDT contre 2621,5 MDT) et de gaz naturel (1053,2 MDT contre 1606,5 MDT).<\/p>\n\n\n\n<p>Les exportations tunisiennes vers l\u2019union europ\u00e9enne (72,1% du total des exportations) ont diminu\u00e9 de 26,1%.<\/p>\n\n\n\n<p>Cette \u00e9volution est expliqu\u00e9e, d\u2019une part, par la baisse des exportations vers certains partenaires europ\u00e9ens, tels que la France (-37,9%), l\u2019Allemagne (-33,8%) et l\u2019Italie (-20,9%), d\u2019autre part les ventes demeurent en hausse vers d\u2019autres pays notamment avec la Bulgarie (+62,3%) et l\u2019Espagne de (+42%).<\/p>\n\n\n\n<p>Avec les pays arabes, les exportations ont diminu\u00e9 avec l\u2019Egypte (-39,5%), avec le Maroc (-25,3%), avec la Libye (-27,2%) et avec l\u2019Alg\u00e9rie (-29%).<\/p>\n\n\n\n<p>Pour les importations, les \u00e9changes commerciaux des biens avec l\u2019Union europ\u00e9enne (47,3% du total des importations) se sont repli\u00e9s de 31,3% pour s\u2019\u00e9tablir \u00e0 9933,4 MDT. Les importations ont diminu\u00e9 de 36,1% avec la France, de 33,3% avec l\u2019Italie et de 30,7% avec l\u2019Allemagne.<\/p>\n\n\n\n<h3 class=\"wp-block-heading\">Poursuite du d\u00e9ficit avec la Chine et la Turquie<\/h3>\n\n\n\n<p>Le solde de la balance commerciale est rest\u00e9 d\u00e9ficitaire de 6099,9 MDT. Ce d\u00e9ficit est expliqu\u00e9 en grande partie par le d\u00e9ficit enregistr\u00e9 avec certains pays, tels que la Chine (-2094,6 MDT), la Turquie (-893,4 MDT), l\u2019Alg\u00e9rie (-859,5 MDT), l\u2019Italie (-523,3 MDT) et la Russie (-446,3 MDT).<\/p>\n\n\n\n<p>En revanche, le solde de la balance commerciale a enregistr\u00e9 un exc\u00e9dant avec d\u2019autres pays principalement avec la France (1228,6 MDT), l\u2019Allemagne (334 MDT), la Libye (382,3 MDT) et le Maroc (172,7 MDT).<\/p>\n\n\n\n<p>Selon le r\u00e9gime, les \u00e9changes commerciaux sont d\u00e9ficitaires sous le r\u00e9gime g\u00e9n\u00e9ral de 9501,3 MDT (-13502,7 MDT durant les cinq mois de 2019). En revanche, les \u00e9changes commerciaux sont exc\u00e9dentaires sous le r\u00e9gime offshore de 3401,4 MDT (+5396,7 MDT durant les cinq mois de 2019).<\/p>\n\n\n\n<p>Les r\u00e9sultats montrent que le d\u00e9ficit de la balance commerciale hors \u00e9nergie se r\u00e9duit \u00e0 4106 MDT et que le d\u00e9ficit de la balance \u00e9nerg\u00e9tique s\u2019\u00e9tablit \u00e0 1993,9 MDT (32,7% du total du d\u00e9ficit) contre 3132,6 MDT durant la m\u00eame p\u00e9riode en 2019.<\/p>\n\n\n\n<p><strong><em>Source<\/em><\/strong> : l\u2019Institut national de la statistique.<\/p>\n","protected":false},"excerpt":{"rendered":"<p>Les \u00e9changes ext\u00e9rieurs de la Tunisie se sont contract\u00e9s, en mai 2020, pour le troisi\u00e8me mois cons\u00e9cutif, en raison des mesures de confinement sanitaire prises dans le cadre de la lutte contre la pand\u00e9mie de la Covid-19.<\/p>\n","protected":false},"author":8,"featured_media":0,"comment_status":"open","ping_status":"open","sticky":false,"template":"","format":"standard","meta":{"footnotes":""},"categories":[995,2433],"tags":[79778,8301,1874,365,469],"class_list":["post-303295","post","type-post","status-publish","format-standard","hentry","category-economie","category-tunisie","tag-5-mois-2020","tag-commerce-exterieur","tag-deficit-commercial","tag-exportations","tag-importations"],"yoast_head":"<!-- This site is optimized with the Yoast SEO plugin v26.6 - https:\/\/yoast.com\/wordpress\/plugins\/seo\/ -->\n<title>Tunisie : Forte contraction \u00e9changes ext\u00e9rieurs au cours des 5 mois de 2020 - Kapitalis<\/title>\n<meta name=\"robots\" content=\"index, follow, max-snippet:-1, max-image-preview:large, max-video-preview:-1\" \/>\n<link rel=\"canonical\" href=\"https:\/\/kapitalis.com\/tunisie\/2020\/06\/12\/tunisie-forte-contraction-echanges-exterieurs-au-cours-des-5-mois-de-2020\/\" \/>\n<meta property=\"og:locale\" content=\"fr_FR\" \/>\n<meta property=\"og:type\" content=\"article\" \/>\n<meta property=\"og:title\" content=\"Tunisie : Forte contraction \u00e9changes ext\u00e9rieurs au cours des 5 mois de 2020 - Kapitalis\" \/>\n<meta property=\"og:description\" content=\"Les \u00e9changes ext\u00e9rieurs de la Tunisie se sont contract\u00e9s, en mai 2020, pour le troisi\u00e8me mois cons\u00e9cutif, en raison des mesures de confinement sanitaire prises dans le cadre de la lutte contre la pand\u00e9mie de la Covid-19.\" \/>\n<meta property=\"og:url\" content=\"https:\/\/kapitalis.com\/tunisie\/2020\/06\/12\/tunisie-forte-contraction-echanges-exterieurs-au-cours-des-5-mois-de-2020\/\" \/>\n<meta property=\"og:site_name\" content=\"Kapitalis\" \/>\n<meta property=\"article:publisher\" content=\"https:\/\/www.facebook.com\/KapitalisInfo\/\" \/>\n<meta property=\"article:published_time\" content=\"2020-06-12T09:00:21+00:00\" \/>\n<meta property=\"article:modified_time\" content=\"2020-06-12T09:00:23+00:00\" \/>\n<meta property=\"og:image\" content=\"http:\/\/kapitalis.com\/tunisie\/wp-content\/uploads\/2019\/11\/Commerce-exterieur.jpg\" \/>\n<meta name=\"author\" content=\"webmaster kapitalis\" \/>\n<meta name=\"twitter:card\" content=\"summary_large_image\" \/>\n<meta name=\"twitter:creator\" content=\"@KapitalisInfo\" \/>\n<meta name=\"twitter:site\" content=\"@KapitalisInfo\" \/>\n<meta name=\"twitter:label1\" content=\"\u00c9crit par\" \/>\n\t<meta name=\"twitter:data1\" content=\"webmaster kapitalis\" \/>\n\t<meta name=\"twitter:label2\" content=\"Dur\u00e9e de lecture estim\u00e9e\" \/>\n\t<meta name=\"twitter:data2\" content=\"5 minutes\" \/>\n<script type=\"application\/ld+json\" class=\"yoast-schema-graph\">{\"@context\":\"https:\/\/schema.org\",\"@graph\":[{\"@type\":\"Article\",\"@id\":\"https:\/\/kapitalis.com\/tunisie\/2020\/06\/12\/tunisie-forte-contraction-echanges-exterieurs-au-cours-des-5-mois-de-2020\/#article\",\"isPartOf\":{\"@id\":\"https:\/\/kapitalis.com\/tunisie\/2020\/06\/12\/tunisie-forte-contraction-echanges-exterieurs-au-cours-des-5-mois-de-2020\/\"},\"author\":{\"name\":\"webmaster kapitalis\",\"@id\":\"https:\/\/kapitalis.com\/tunisie\/#\/schema\/person\/d71f33a9ca44f7bad4698210b480c8e9\"},\"headline\":\"Tunisie : Forte contraction \u00e9changes ext\u00e9rieurs au cours des 5 mois de 2020\",\"datePublished\":\"2020-06-12T09:00:21+00:00\",\"dateModified\":\"2020-06-12T09:00:23+00:00\",\"mainEntityOfPage\":{\"@id\":\"https:\/\/kapitalis.com\/tunisie\/2020\/06\/12\/tunisie-forte-contraction-echanges-exterieurs-au-cours-des-5-mois-de-2020\/\"},\"wordCount\":1102,\"commentCount\":0,\"publisher\":{\"@id\":\"https:\/\/kapitalis.com\/tunisie\/#organization\"},\"image\":{\"@id\":\"https:\/\/kapitalis.com\/tunisie\/2020\/06\/12\/tunisie-forte-contraction-echanges-exterieurs-au-cours-des-5-mois-de-2020\/#primaryimage\"},\"thumbnailUrl\":\"http:\/\/kapitalis.com\/tunisie\/wp-content\/uploads\/2019\/11\/Commerce-exterieur.jpg\",\"keywords\":[\"5 mois 2020\",\"commerce ext\u00e9rieur\",\"d\u00e9ficit commercial\",\"exportations\",\"importations\"],\"articleSection\":[\"ECONOMIE\",\"Tunisie\"],\"inLanguage\":\"fr-FR\",\"potentialAction\":[{\"@type\":\"CommentAction\",\"name\":\"Comment\",\"target\":[\"https:\/\/kapitalis.com\/tunisie\/2020\/06\/12\/tunisie-forte-contraction-echanges-exterieurs-au-cours-des-5-mois-de-2020\/#respond\"]}]},{\"@type\":\"WebPage\",\"@id\":\"https:\/\/kapitalis.com\/tunisie\/2020\/06\/12\/tunisie-forte-contraction-echanges-exterieurs-au-cours-des-5-mois-de-2020\/\",\"url\":\"https:\/\/kapitalis.com\/tunisie\/2020\/06\/12\/tunisie-forte-contraction-echanges-exterieurs-au-cours-des-5-mois-de-2020\/\",\"name\":\"Tunisie : Forte contraction \u00e9changes ext\u00e9rieurs au cours des 5 mois de 2020 - Kapitalis\",\"isPartOf\":{\"@id\":\"https:\/\/kapitalis.com\/tunisie\/#website\"},\"primaryImageOfPage\":{\"@id\":\"https:\/\/kapitalis.com\/tunisie\/2020\/06\/12\/tunisie-forte-contraction-echanges-exterieurs-au-cours-des-5-mois-de-2020\/#primaryimage\"},\"image\":{\"@id\":\"https:\/\/kapitalis.com\/tunisie\/2020\/06\/12\/tunisie-forte-contraction-echanges-exterieurs-au-cours-des-5-mois-de-2020\/#primaryimage\"},\"thumbnailUrl\":\"http:\/\/kapitalis.com\/tunisie\/wp-content\/uploads\/2019\/11\/Commerce-exterieur.jpg\",\"datePublished\":\"2020-06-12T09:00:21+00:00\",\"dateModified\":\"2020-06-12T09:00:23+00:00\",\"breadcrumb\":{\"@id\":\"https:\/\/kapitalis.com\/tunisie\/2020\/06\/12\/tunisie-forte-contraction-echanges-exterieurs-au-cours-des-5-mois-de-2020\/#breadcrumb\"},\"inLanguage\":\"fr-FR\",\"potentialAction\":[{\"@type\":\"ReadAction\",\"target\":[\"https:\/\/kapitalis.com\/tunisie\/2020\/06\/12\/tunisie-forte-contraction-echanges-exterieurs-au-cours-des-5-mois-de-2020\/\"]}]},{\"@type\":\"ImageObject\",\"inLanguage\":\"fr-FR\",\"@id\":\"https:\/\/kapitalis.com\/tunisie\/2020\/06\/12\/tunisie-forte-contraction-echanges-exterieurs-au-cours-des-5-mois-de-2020\/#primaryimage\",\"url\":\"\",\"contentUrl\":\"\"},{\"@type\":\"BreadcrumbList\",\"@id\":\"https:\/\/kapitalis.com\/tunisie\/2020\/06\/12\/tunisie-forte-contraction-echanges-exterieurs-au-cours-des-5-mois-de-2020\/#breadcrumb\",\"itemListElement\":[{\"@type\":\"ListItem\",\"position\":1,\"name\":\"Accueil\",\"item\":\"https:\/\/kapitalis.com\/tunisie\/\"},{\"@type\":\"ListItem\",\"position\":2,\"name\":\"Tunisie : Forte contraction \u00e9changes ext\u00e9rieurs au cours des 5 mois de 2020\"}]},{\"@type\":\"WebSite\",\"@id\":\"https:\/\/kapitalis.com\/tunisie\/#website\",\"url\":\"https:\/\/kapitalis.com\/tunisie\/\",\"name\":\"Kapitalis\",\"description\":\"L&#039;actualit\u00e9 en Tunisie et dans le monde\",\"publisher\":{\"@id\":\"https:\/\/kapitalis.com\/tunisie\/#organization\"},\"potentialAction\":[{\"@type\":\"SearchAction\",\"target\":{\"@type\":\"EntryPoint\",\"urlTemplate\":\"https:\/\/kapitalis.com\/tunisie\/?s={search_term_string}\"},\"query-input\":{\"@type\":\"PropertyValueSpecification\",\"valueRequired\":true,\"valueName\":\"search_term_string\"}}],\"inLanguage\":\"fr-FR\"},{\"@type\":\"Organization\",\"@id\":\"https:\/\/kapitalis.com\/tunisie\/#organization\",\"name\":\"Kapitalis\",\"url\":\"https:\/\/kapitalis.com\/tunisie\/\",\"logo\":{\"@type\":\"ImageObject\",\"inLanguage\":\"fr-FR\",\"@id\":\"https:\/\/kapitalis.com\/tunisie\/#\/schema\/logo\/image\/\",\"url\":\"https:\/\/kapitalis.com\/tunisie\/wp-content\/uploads\/2022\/05\/Kapitalis-big-size.png\",\"contentUrl\":\"https:\/\/kapitalis.com\/tunisie\/wp-content\/uploads\/2022\/05\/Kapitalis-big-size.png\",\"width\":5000,\"height\":1500,\"caption\":\"Kapitalis\"},\"image\":{\"@id\":\"https:\/\/kapitalis.com\/tunisie\/#\/schema\/logo\/image\/\"},\"sameAs\":[\"https:\/\/www.facebook.com\/KapitalisInfo\/\",\"https:\/\/x.com\/KapitalisInfo\",\"https:\/\/www.youtube.com\/channel\/UC-yDYrHyfFBWWZaOw3FPg9Q\"]},{\"@type\":\"Person\",\"@id\":\"https:\/\/kapitalis.com\/tunisie\/#\/schema\/person\/d71f33a9ca44f7bad4698210b480c8e9\",\"name\":\"webmaster kapitalis\",\"url\":\"https:\/\/kapitalis.com\/tunisie\/author\/webmaster-kapitalis\/\"}]}<\/script>\n<!-- \/ Yoast SEO plugin. -->","yoast_head_json":{"title":"Tunisie : Forte contraction \u00e9changes ext\u00e9rieurs au cours des 5 mois de 2020 - Kapitalis","robots":{"index":"index","follow":"follow","max-snippet":"max-snippet:-1","max-image-preview":"max-image-preview:large","max-video-preview":"max-video-preview:-1"},"canonical":"https:\/\/kapitalis.com\/tunisie\/2020\/06\/12\/tunisie-forte-contraction-echanges-exterieurs-au-cours-des-5-mois-de-2020\/","og_locale":"fr_FR","og_type":"article","og_title":"Tunisie : Forte contraction \u00e9changes ext\u00e9rieurs au cours des 5 mois de 2020 - Kapitalis","og_description":"Les \u00e9changes ext\u00e9rieurs de la Tunisie se sont contract\u00e9s, en mai 2020, pour le troisi\u00e8me mois cons\u00e9cutif, en raison des mesures de confinement sanitaire prises dans le cadre de la lutte contre la pand\u00e9mie de la Covid-19.","og_url":"https:\/\/kapitalis.com\/tunisie\/2020\/06\/12\/tunisie-forte-contraction-echanges-exterieurs-au-cours-des-5-mois-de-2020\/","og_site_name":"Kapitalis","article_publisher":"https:\/\/www.facebook.com\/KapitalisInfo\/","article_published_time":"2020-06-12T09:00:21+00:00","article_modified_time":"2020-06-12T09:00:23+00:00","og_image":[{"url":"http:\/\/kapitalis.com\/tunisie\/wp-content\/uploads\/2019\/11\/Commerce-exterieur.jpg","type":"","width":"","height":""}],"author":"webmaster kapitalis","twitter_card":"summary_large_image","twitter_creator":"@KapitalisInfo","twitter_site":"@KapitalisInfo","twitter_misc":{"\u00c9crit par":"webmaster kapitalis","Dur\u00e9e de lecture estim\u00e9e":"5 minutes"},"schema":{"@context":"https:\/\/schema.org","@graph":[{"@type":"Article","@id":"https:\/\/kapitalis.com\/tunisie\/2020\/06\/12\/tunisie-forte-contraction-echanges-exterieurs-au-cours-des-5-mois-de-2020\/#article","isPartOf":{"@id":"https:\/\/kapitalis.com\/tunisie\/2020\/06\/12\/tunisie-forte-contraction-echanges-exterieurs-au-cours-des-5-mois-de-2020\/"},"author":{"name":"webmaster kapitalis","@id":"https:\/\/kapitalis.com\/tunisie\/#\/schema\/person\/d71f33a9ca44f7bad4698210b480c8e9"},"headline":"Tunisie : Forte contraction \u00e9changes ext\u00e9rieurs au cours des 5 mois de 2020","datePublished":"2020-06-12T09:00:21+00:00","dateModified":"2020-06-12T09:00:23+00:00","mainEntityOfPage":{"@id":"https:\/\/kapitalis.com\/tunisie\/2020\/06\/12\/tunisie-forte-contraction-echanges-exterieurs-au-cours-des-5-mois-de-2020\/"},"wordCount":1102,"commentCount":0,"publisher":{"@id":"https:\/\/kapitalis.com\/tunisie\/#organization"},"image":{"@id":"https:\/\/kapitalis.com\/tunisie\/2020\/06\/12\/tunisie-forte-contraction-echanges-exterieurs-au-cours-des-5-mois-de-2020\/#primaryimage"},"thumbnailUrl":"http:\/\/kapitalis.com\/tunisie\/wp-content\/uploads\/2019\/11\/Commerce-exterieur.jpg","keywords":["5 mois 2020","commerce ext\u00e9rieur","d\u00e9ficit commercial","exportations","importations"],"articleSection":["ECONOMIE","Tunisie"],"inLanguage":"fr-FR","potentialAction":[{"@type":"CommentAction","name":"Comment","target":["https:\/\/kapitalis.com\/tunisie\/2020\/06\/12\/tunisie-forte-contraction-echanges-exterieurs-au-cours-des-5-mois-de-2020\/#respond"]}]},{"@type":"WebPage","@id":"https:\/\/kapitalis.com\/tunisie\/2020\/06\/12\/tunisie-forte-contraction-echanges-exterieurs-au-cours-des-5-mois-de-2020\/","url":"https:\/\/kapitalis.com\/tunisie\/2020\/06\/12\/tunisie-forte-contraction-echanges-exterieurs-au-cours-des-5-mois-de-2020\/","name":"Tunisie : Forte contraction \u00e9changes ext\u00e9rieurs au cours des 5 mois de 2020 - Kapitalis","isPartOf":{"@id":"https:\/\/kapitalis.com\/tunisie\/#website"},"primaryImageOfPage":{"@id":"https:\/\/kapitalis.com\/tunisie\/2020\/06\/12\/tunisie-forte-contraction-echanges-exterieurs-au-cours-des-5-mois-de-2020\/#primaryimage"},"image":{"@id":"https:\/\/kapitalis.com\/tunisie\/2020\/06\/12\/tunisie-forte-contraction-echanges-exterieurs-au-cours-des-5-mois-de-2020\/#primaryimage"},"thumbnailUrl":"http:\/\/kapitalis.com\/tunisie\/wp-content\/uploads\/2019\/11\/Commerce-exterieur.jpg","datePublished":"2020-06-12T09:00:21+00:00","dateModified":"2020-06-12T09:00:23+00:00","breadcrumb":{"@id":"https:\/\/kapitalis.com\/tunisie\/2020\/06\/12\/tunisie-forte-contraction-echanges-exterieurs-au-cours-des-5-mois-de-2020\/#breadcrumb"},"inLanguage":"fr-FR","potentialAction":[{"@type":"ReadAction","target":["https:\/\/kapitalis.com\/tunisie\/2020\/06\/12\/tunisie-forte-contraction-echanges-exterieurs-au-cours-des-5-mois-de-2020\/"]}]},{"@type":"ImageObject","inLanguage":"fr-FR","@id":"https:\/\/kapitalis.com\/tunisie\/2020\/06\/12\/tunisie-forte-contraction-echanges-exterieurs-au-cours-des-5-mois-de-2020\/#primaryimage","url":"","contentUrl":""},{"@type":"BreadcrumbList","@id":"https:\/\/kapitalis.com\/tunisie\/2020\/06\/12\/tunisie-forte-contraction-echanges-exterieurs-au-cours-des-5-mois-de-2020\/#breadcrumb","itemListElement":[{"@type":"ListItem","position":1,"name":"Accueil","item":"https:\/\/kapitalis.com\/tunisie\/"},{"@type":"ListItem","position":2,"name":"Tunisie : Forte contraction \u00e9changes ext\u00e9rieurs au cours des 5 mois de 2020"}]},{"@type":"WebSite","@id":"https:\/\/kapitalis.com\/tunisie\/#website","url":"https:\/\/kapitalis.com\/tunisie\/","name":"Kapitalis","description":"L&#039;actualit\u00e9 en Tunisie et dans le monde","publisher":{"@id":"https:\/\/kapitalis.com\/tunisie\/#organization"},"potentialAction":[{"@type":"SearchAction","target":{"@type":"EntryPoint","urlTemplate":"https:\/\/kapitalis.com\/tunisie\/?s={search_term_string}"},"query-input":{"@type":"PropertyValueSpecification","valueRequired":true,"valueName":"search_term_string"}}],"inLanguage":"fr-FR"},{"@type":"Organization","@id":"https:\/\/kapitalis.com\/tunisie\/#organization","name":"Kapitalis","url":"https:\/\/kapitalis.com\/tunisie\/","logo":{"@type":"ImageObject","inLanguage":"fr-FR","@id":"https:\/\/kapitalis.com\/tunisie\/#\/schema\/logo\/image\/","url":"https:\/\/kapitalis.com\/tunisie\/wp-content\/uploads\/2022\/05\/Kapitalis-big-size.png","contentUrl":"https:\/\/kapitalis.com\/tunisie\/wp-content\/uploads\/2022\/05\/Kapitalis-big-size.png","width":5000,"height":1500,"caption":"Kapitalis"},"image":{"@id":"https:\/\/kapitalis.com\/tunisie\/#\/schema\/logo\/image\/"},"sameAs":["https:\/\/www.facebook.com\/KapitalisInfo\/","https:\/\/x.com\/KapitalisInfo","https:\/\/www.youtube.com\/channel\/UC-yDYrHyfFBWWZaOw3FPg9Q"]},{"@type":"Person","@id":"https:\/\/kapitalis.com\/tunisie\/#\/schema\/person\/d71f33a9ca44f7bad4698210b480c8e9","name":"webmaster kapitalis","url":"https:\/\/kapitalis.com\/tunisie\/author\/webmaster-kapitalis\/"}]}},"_links":{"self":[{"href":"https:\/\/kapitalis.com\/tunisie\/wp-json\/wp\/v2\/posts\/303295","targetHints":{"allow":["GET"]}}],"collection":[{"href":"https:\/\/kapitalis.com\/tunisie\/wp-json\/wp\/v2\/posts"}],"about":[{"href":"https:\/\/kapitalis.com\/tunisie\/wp-json\/wp\/v2\/types\/post"}],"author":[{"embeddable":true,"href":"https:\/\/kapitalis.com\/tunisie\/wp-json\/wp\/v2\/users\/8"}],"replies":[{"embeddable":true,"href":"https:\/\/kapitalis.com\/tunisie\/wp-json\/wp\/v2\/comments?post=303295"}],"version-history":[{"count":0,"href":"https:\/\/kapitalis.com\/tunisie\/wp-json\/wp\/v2\/posts\/303295\/revisions"}],"wp:attachment":[{"href":"https:\/\/kapitalis.com\/tunisie\/wp-json\/wp\/v2\/media?parent=303295"}],"wp:term":[{"taxonomy":"category","embeddable":true,"href":"https:\/\/kapitalis.com\/tunisie\/wp-json\/wp\/v2\/categories?post=303295"},{"taxonomy":"post_tag","embeddable":true,"href":"https:\/\/kapitalis.com\/tunisie\/wp-json\/wp\/v2\/tags?post=303295"}],"curies":[{"name":"wp","href":"https:\/\/api.w.org\/{rel}","templated":true}]}}