{"id":303910,"date":"2020-06-17T11:48:45","date_gmt":"2020-06-17T10:48:45","guid":{"rendered":"http:\/\/kapitalis.com\/tunisie\/?p=303910"},"modified":"2020-06-17T12:21:28","modified_gmt":"2020-06-17T11:21:28","slug":"coronavirus-le-depute-moussa-ben-ahmed-enfreint-lauto-quarantaine-et-se-presente-au-parlement","status":"publish","type":"post","link":"https:\/\/kapitalis.com\/tunisie\/2020\/06\/17\/coronavirus-le-depute-moussa-ben-ahmed-enfreint-lauto-quarantaine-et-se-presente-au-parlement\/","title":{"rendered":"Coronavirus : Le d\u00e9put\u00e9 Moussa Ben Ahmed enfreint l&rsquo;auto-quarantaine et se pr\u00e9sente au Parlement"},"content":{"rendered":"\n<figure class=\"wp-block-image size-large\"><img decoding=\"async\" src=\"http:\/\/kapitalis.com\/tunisie\/wp-content\/uploads\/2020\/06\/moussa-ben-ahmed.jpg\" alt=\"\" class=\"wp-image-303916\"\/><figcaption><em>Moussa Ben Ahmed.<\/em><\/figcaption><\/figure>\n\n\n\n<p><strong><em>Le d\u00e9put\u00e9 ind\u00e9pendant Yassine Ayari a d\u00e9plor\u00e9, via un post facebook paru ce matin, mercredi 17 juin 2020, le comportement ill\u00e9gal et irresponsable de son coll\u00e8gue \u00e0 l&rsquo;Assembl\u00e9e des repr\u00e9sentants du peuple (ARP), Moussa Ben Ahmed, \u00e9lu d&rsquo;Ennahdha, qui a transgress\u00e9 son auto-quarantaine sanitaire apr\u00e8s son retour de l&rsquo;\u00e9tranger.<\/em><\/strong><\/p>\n\n\n\n<!--more-->\n\n\n\n<p>Moussa Ben Ahmed est revenu d&rsquo;Allemagne le 6 juin, selon Yassine Ayari, et devait donc observer une semaine de quarantaine sanitaire obligatoire dans un h\u00f4tel et une 2e semaine d&rsquo;auto-quarantaine \u00e0 domicile, conform\u00e9ment aux mesures de pr\u00e9caution relatives aux Tunisiens de retour de l&rsquo;\u00e9tranger, adopt\u00e9es par le gouvernement tunisien.<\/p>\n\n\n\n<p>Or, il s&rsquo;est pr\u00e9sent\u00e9 au Parlement hier, 16 juin, soit 3 jours avant la fin de la p\u00e9riode o\u00f9 il est cens\u00e9 s&rsquo;isoler chez lui pour prot\u00e9ger son entourage de son \u00e9ventuelle infection par le virus. La p\u00e9riode d&rsquo;incubation du SARS-CoV-2 \u00e9tant, pour rappel, de 14 jours.<\/p>\n\n\n\n<div class=\"wp-block-image\"><figure class=\"aligncenter size-large is-resized\"><img decoding=\"async\" src=\"http:\/\/kapitalis.com\/tunisie\/wp-content\/uploads\/2020\/02\/yassine-ayari.jpg\" alt=\"\" class=\"wp-image-283155\" width=\"500\"\/><figcaption><em>Yassine Ayari<\/em><\/figcaption><\/figure><\/div>\n\n\n\n<p>\u00ab<em>Cela signifie qu&rsquo;il<\/em> [Moussa Ben Ahmed]<em> n&rsquo;a pas respect\u00e9 l&rsquo;engagement qu&rsquo;il a sign\u00e9 et qu&rsquo;il met en danger la vie des Tunisiens et celle de ses coll\u00e8gues, de mani\u00e8re irresponsable<\/em>\u00bb, a regrett\u00e9 Yassine Ayari, ajoutant qu&rsquo;il s&rsquo;abstiendra de se pr\u00e9senter \u00e0 l&rsquo;h\u00e9micycle du Bardo tant que le d\u00e9put\u00e9 nahdhaoui ne sera pas interdit d&rsquo;y \u00eatre.<\/p>\n\n\n\n<p>Yassine Ayari a, par ailleurs, indiqu\u00e9 qu&rsquo;il va envoyer une correspondance officielle au pr\u00e9sident de l&rsquo;ARP pour lui demander de st\u00e9riliser le si\u00e8ge du Parlement et de prendre toutes les mesures de pr\u00e9caution n\u00e9cessaires vis-\u00e0-vis des d\u00e9put\u00e9s ayant \u00e9t\u00e9 en contact avec Moussa Ben Ahmed, assurant qu&rsquo;il portera \u00e9galement plainte contre ce dernier.<\/p>\n\n\n\n<p>De son c\u00f4t\u00e9, le d\u00e9put\u00e9 nahdhaoui a, en r\u00e9ponse, communiqu\u00e9 aux m\u00e9dias une attestation sign\u00e9e par le directeur r\u00e9gional de la sant\u00e9 \u00e0 Sousse, Sami Rekik, l&rsquo;autorisant \u00e0 poursuivre ses activit\u00e9s, de fa\u00e7on ordinaire, \u00e0 partir du 14 juin, date de la fin de sa (premi\u00e8re) semaine de quarantaine. Un document qui remet, pour le coup, en question le professionnalisme du minist\u00e8re de la Sant\u00e9.<\/p>\n\n\n\n<div class=\"wp-block-image\"><figure class=\"aligncenter size-large is-resized\"><img decoding=\"async\" src=\"http:\/\/kapitalis.com\/tunisie\/wp-content\/uploads\/2020\/06\/attestation-lev\u00e9e-quarantaine.jpg\" alt=\"\" class=\"wp-image-303922\" width=\"500\"\/><\/figure><\/div>\n\n\n\n<p class=\"has-text-align-right\"><strong>C. B. Y.<\/strong><\/p>\n","protected":false},"excerpt":{"rendered":"<p>Le d\u00e9put\u00e9 ind\u00e9pendant Yassine Ayari a d\u00e9plor\u00e9, via un post facebook paru ce matin, mercredi 17 juin 2020, le comportement ill\u00e9gal et irresponsable de son coll\u00e8gue \u00e0 l&rsquo;Assembl\u00e9e des repr\u00e9sentants du peuple (ARP), Moussa Ben Ahmed, \u00e9lu d&rsquo;Ennahdha, qui a transgress\u00e9 son auto-quarantaine sanitaire apr\u00e8s son retour de l&rsquo;\u00e9tranger.<\/p>\n","protected":false},"author":24,"featured_media":303916,"comment_status":"open","ping_status":"open","sticky":false,"template":"","format":"standard","meta":{"footnotes":""},"categories":[997,2433],"tags":[73060,79909,971],"class_list":["post-303910","post","type-post","status-publish","format-standard","has-post-thumbnail","hentry","category-politique","category-tunisie","tag-coronavirus","tag-moussa-ben-ahmed","tag-yassine-ayari"],"yoast_head":"<!-- This site is optimized with the Yoast SEO plugin v26.6 - https:\/\/yoast.com\/wordpress\/plugins\/seo\/ -->\n<title>Coronavirus : Le d\u00e9put\u00e9 Moussa Ben Ahmed enfreint l&#039;auto-quarantaine et se pr\u00e9sente au Parlement - Kapitalis<\/title>\n<meta name=\"robots\" content=\"index, follow, max-snippet:-1, max-image-preview:large, max-video-preview:-1\" \/>\n<link rel=\"canonical\" href=\"https:\/\/kapitalis.com\/tunisie\/2020\/06\/17\/coronavirus-le-depute-moussa-ben-ahmed-enfreint-lauto-quarantaine-et-se-presente-au-parlement\/\" \/>\n<meta property=\"og:locale\" content=\"fr_FR\" \/>\n<meta property=\"og:type\" content=\"article\" \/>\n<meta property=\"og:title\" content=\"Coronavirus : Le d\u00e9put\u00e9 Moussa Ben Ahmed enfreint l&#039;auto-quarantaine et se pr\u00e9sente au Parlement - Kapitalis\" \/>\n<meta property=\"og:description\" content=\"Le d\u00e9put\u00e9 ind\u00e9pendant Yassine Ayari a d\u00e9plor\u00e9, via un post facebook paru ce matin, mercredi 17 juin 2020, le comportement ill\u00e9gal et irresponsable de son coll\u00e8gue \u00e0 l&rsquo;Assembl\u00e9e des repr\u00e9sentants du peuple (ARP), Moussa Ben Ahmed, \u00e9lu d&rsquo;Ennahdha, qui a transgress\u00e9 son auto-quarantaine sanitaire apr\u00e8s son retour de l&rsquo;\u00e9tranger.\" \/>\n<meta property=\"og:url\" content=\"https:\/\/kapitalis.com\/tunisie\/2020\/06\/17\/coronavirus-le-depute-moussa-ben-ahmed-enfreint-lauto-quarantaine-et-se-presente-au-parlement\/\" \/>\n<meta property=\"og:site_name\" content=\"Kapitalis\" \/>\n<meta property=\"article:publisher\" content=\"https:\/\/www.facebook.com\/KapitalisInfo\/\" \/>\n<meta property=\"article:published_time\" content=\"2020-06-17T10:48:45+00:00\" \/>\n<meta property=\"article:modified_time\" content=\"2020-06-17T11:21:28+00:00\" \/>\n<meta property=\"og:image\" content=\"https:\/\/kapitalis.com\/tunisie\/wp-content\/uploads\/2022\/05\/kapitalis-logo-fb.png\" \/>\n\t<meta property=\"og:image:width\" content=\"1200\" \/>\n\t<meta property=\"og:image:height\" content=\"630\" \/>\n\t<meta property=\"og:image:type\" content=\"image\/png\" \/>\n<meta name=\"author\" content=\"Cherif Benyounes\" \/>\n<meta name=\"twitter:card\" content=\"summary_large_image\" \/>\n<meta name=\"twitter:creator\" content=\"@KapitalisInfo\" \/>\n<meta name=\"twitter:site\" content=\"@KapitalisInfo\" \/>\n<meta name=\"twitter:label1\" content=\"\u00c9crit par\" \/>\n\t<meta name=\"twitter:data1\" content=\"Cherif Benyounes\" \/>\n\t<meta name=\"twitter:label2\" content=\"Dur\u00e9e de lecture estim\u00e9e\" \/>\n\t<meta name=\"twitter:data2\" content=\"2 minutes\" \/>\n<script type=\"application\/ld+json\" class=\"yoast-schema-graph\">{\"@context\":\"https:\/\/schema.org\",\"@graph\":[{\"@type\":\"Article\",\"@id\":\"https:\/\/kapitalis.com\/tunisie\/2020\/06\/17\/coronavirus-le-depute-moussa-ben-ahmed-enfreint-lauto-quarantaine-et-se-presente-au-parlement\/#article\",\"isPartOf\":{\"@id\":\"https:\/\/kapitalis.com\/tunisie\/2020\/06\/17\/coronavirus-le-depute-moussa-ben-ahmed-enfreint-lauto-quarantaine-et-se-presente-au-parlement\/\"},\"author\":{\"name\":\"Cherif Benyounes\",\"@id\":\"https:\/\/kapitalis.com\/tunisie\/#\/schema\/person\/b35b8d631961131107263178aeb8019e\"},\"headline\":\"Coronavirus : Le d\u00e9put\u00e9 Moussa Ben Ahmed enfreint l&rsquo;auto-quarantaine et se pr\u00e9sente au Parlement\",\"datePublished\":\"2020-06-17T10:48:45+00:00\",\"dateModified\":\"2020-06-17T11:21:28+00:00\",\"mainEntityOfPage\":{\"@id\":\"https:\/\/kapitalis.com\/tunisie\/2020\/06\/17\/coronavirus-le-depute-moussa-ben-ahmed-enfreint-lauto-quarantaine-et-se-presente-au-parlement\/\"},\"wordCount\":369,\"commentCount\":1,\"publisher\":{\"@id\":\"https:\/\/kapitalis.com\/tunisie\/#organization\"},\"image\":{\"@id\":\"https:\/\/kapitalis.com\/tunisie\/2020\/06\/17\/coronavirus-le-depute-moussa-ben-ahmed-enfreint-lauto-quarantaine-et-se-presente-au-parlement\/#primaryimage\"},\"thumbnailUrl\":\"\",\"keywords\":[\"Coronavirus\",\"moussa ben ahmed\",\"Yassine Ayari\"],\"articleSection\":[\"POLITIQUE\",\"Tunisie\"],\"inLanguage\":\"fr-FR\",\"potentialAction\":[{\"@type\":\"CommentAction\",\"name\":\"Comment\",\"target\":[\"https:\/\/kapitalis.com\/tunisie\/2020\/06\/17\/coronavirus-le-depute-moussa-ben-ahmed-enfreint-lauto-quarantaine-et-se-presente-au-parlement\/#respond\"]}]},{\"@type\":\"WebPage\",\"@id\":\"https:\/\/kapitalis.com\/tunisie\/2020\/06\/17\/coronavirus-le-depute-moussa-ben-ahmed-enfreint-lauto-quarantaine-et-se-presente-au-parlement\/\",\"url\":\"https:\/\/kapitalis.com\/tunisie\/2020\/06\/17\/coronavirus-le-depute-moussa-ben-ahmed-enfreint-lauto-quarantaine-et-se-presente-au-parlement\/\",\"name\":\"Coronavirus : Le d\u00e9put\u00e9 Moussa Ben Ahmed enfreint l'auto-quarantaine et se pr\u00e9sente au Parlement - Kapitalis\",\"isPartOf\":{\"@id\":\"https:\/\/kapitalis.com\/tunisie\/#website\"},\"primaryImageOfPage\":{\"@id\":\"https:\/\/kapitalis.com\/tunisie\/2020\/06\/17\/coronavirus-le-depute-moussa-ben-ahmed-enfreint-lauto-quarantaine-et-se-presente-au-parlement\/#primaryimage\"},\"image\":{\"@id\":\"https:\/\/kapitalis.com\/tunisie\/2020\/06\/17\/coronavirus-le-depute-moussa-ben-ahmed-enfreint-lauto-quarantaine-et-se-presente-au-parlement\/#primaryimage\"},\"thumbnailUrl\":\"\",\"datePublished\":\"2020-06-17T10:48:45+00:00\",\"dateModified\":\"2020-06-17T11:21:28+00:00\",\"breadcrumb\":{\"@id\":\"https:\/\/kapitalis.com\/tunisie\/2020\/06\/17\/coronavirus-le-depute-moussa-ben-ahmed-enfreint-lauto-quarantaine-et-se-presente-au-parlement\/#breadcrumb\"},\"inLanguage\":\"fr-FR\",\"potentialAction\":[{\"@type\":\"ReadAction\",\"target\":[\"https:\/\/kapitalis.com\/tunisie\/2020\/06\/17\/coronavirus-le-depute-moussa-ben-ahmed-enfreint-lauto-quarantaine-et-se-presente-au-parlement\/\"]}]},{\"@type\":\"ImageObject\",\"inLanguage\":\"fr-FR\",\"@id\":\"https:\/\/kapitalis.com\/tunisie\/2020\/06\/17\/coronavirus-le-depute-moussa-ben-ahmed-enfreint-lauto-quarantaine-et-se-presente-au-parlement\/#primaryimage\",\"url\":\"\",\"contentUrl\":\"\"},{\"@type\":\"BreadcrumbList\",\"@id\":\"https:\/\/kapitalis.com\/tunisie\/2020\/06\/17\/coronavirus-le-depute-moussa-ben-ahmed-enfreint-lauto-quarantaine-et-se-presente-au-parlement\/#breadcrumb\",\"itemListElement\":[{\"@type\":\"ListItem\",\"position\":1,\"name\":\"Accueil\",\"item\":\"https:\/\/kapitalis.com\/tunisie\/\"},{\"@type\":\"ListItem\",\"position\":2,\"name\":\"Coronavirus : Le d\u00e9put\u00e9 Moussa Ben Ahmed enfreint l&rsquo;auto-quarantaine et se pr\u00e9sente au Parlement\"}]},{\"@type\":\"WebSite\",\"@id\":\"https:\/\/kapitalis.com\/tunisie\/#website\",\"url\":\"https:\/\/kapitalis.com\/tunisie\/\",\"name\":\"Kapitalis\",\"description\":\"L&#039;actualit\u00e9 en Tunisie et dans le monde\",\"publisher\":{\"@id\":\"https:\/\/kapitalis.com\/tunisie\/#organization\"},\"potentialAction\":[{\"@type\":\"SearchAction\",\"target\":{\"@type\":\"EntryPoint\",\"urlTemplate\":\"https:\/\/kapitalis.com\/tunisie\/?s={search_term_string}\"},\"query-input\":{\"@type\":\"PropertyValueSpecification\",\"valueRequired\":true,\"valueName\":\"search_term_string\"}}],\"inLanguage\":\"fr-FR\"},{\"@type\":\"Organization\",\"@id\":\"https:\/\/kapitalis.com\/tunisie\/#organization\",\"name\":\"Kapitalis\",\"url\":\"https:\/\/kapitalis.com\/tunisie\/\",\"logo\":{\"@type\":\"ImageObject\",\"inLanguage\":\"fr-FR\",\"@id\":\"https:\/\/kapitalis.com\/tunisie\/#\/schema\/logo\/image\/\",\"url\":\"https:\/\/kapitalis.com\/tunisie\/wp-content\/uploads\/2022\/05\/Kapitalis-big-size.png\",\"contentUrl\":\"https:\/\/kapitalis.com\/tunisie\/wp-content\/uploads\/2022\/05\/Kapitalis-big-size.png\",\"width\":5000,\"height\":1500,\"caption\":\"Kapitalis\"},\"image\":{\"@id\":\"https:\/\/kapitalis.com\/tunisie\/#\/schema\/logo\/image\/\"},\"sameAs\":[\"https:\/\/www.facebook.com\/KapitalisInfo\/\",\"https:\/\/x.com\/KapitalisInfo\",\"https:\/\/www.youtube.com\/channel\/UC-yDYrHyfFBWWZaOw3FPg9Q\"]},{\"@type\":\"Person\",\"@id\":\"https:\/\/kapitalis.com\/tunisie\/#\/schema\/person\/b35b8d631961131107263178aeb8019e\",\"name\":\"Cherif Benyounes\",\"url\":\"https:\/\/kapitalis.com\/tunisie\/author\/cherif\/\"}]}<\/script>\n<!-- \/ Yoast SEO plugin. -->","yoast_head_json":{"title":"Coronavirus : Le d\u00e9put\u00e9 Moussa Ben Ahmed enfreint l'auto-quarantaine et se pr\u00e9sente au Parlement - Kapitalis","robots":{"index":"index","follow":"follow","max-snippet":"max-snippet:-1","max-image-preview":"max-image-preview:large","max-video-preview":"max-video-preview:-1"},"canonical":"https:\/\/kapitalis.com\/tunisie\/2020\/06\/17\/coronavirus-le-depute-moussa-ben-ahmed-enfreint-lauto-quarantaine-et-se-presente-au-parlement\/","og_locale":"fr_FR","og_type":"article","og_title":"Coronavirus : Le d\u00e9put\u00e9 Moussa Ben Ahmed enfreint l'auto-quarantaine et se pr\u00e9sente au Parlement - Kapitalis","og_description":"Le d\u00e9put\u00e9 ind\u00e9pendant Yassine Ayari a d\u00e9plor\u00e9, via un post facebook paru ce matin, mercredi 17 juin 2020, le comportement ill\u00e9gal et irresponsable de son coll\u00e8gue \u00e0 l&rsquo;Assembl\u00e9e des repr\u00e9sentants du peuple (ARP), Moussa Ben Ahmed, \u00e9lu d&rsquo;Ennahdha, qui a transgress\u00e9 son auto-quarantaine sanitaire apr\u00e8s son retour de l&rsquo;\u00e9tranger.","og_url":"https:\/\/kapitalis.com\/tunisie\/2020\/06\/17\/coronavirus-le-depute-moussa-ben-ahmed-enfreint-lauto-quarantaine-et-se-presente-au-parlement\/","og_site_name":"Kapitalis","article_publisher":"https:\/\/www.facebook.com\/KapitalisInfo\/","article_published_time":"2020-06-17T10:48:45+00:00","article_modified_time":"2020-06-17T11:21:28+00:00","og_image":[{"width":1200,"height":630,"url":"https:\/\/kapitalis.com\/tunisie\/wp-content\/uploads\/2022\/05\/kapitalis-logo-fb.png","type":"image\/png"}],"author":"Cherif Benyounes","twitter_card":"summary_large_image","twitter_creator":"@KapitalisInfo","twitter_site":"@KapitalisInfo","twitter_misc":{"\u00c9crit par":"Cherif Benyounes","Dur\u00e9e de lecture estim\u00e9e":"2 minutes"},"schema":{"@context":"https:\/\/schema.org","@graph":[{"@type":"Article","@id":"https:\/\/kapitalis.com\/tunisie\/2020\/06\/17\/coronavirus-le-depute-moussa-ben-ahmed-enfreint-lauto-quarantaine-et-se-presente-au-parlement\/#article","isPartOf":{"@id":"https:\/\/kapitalis.com\/tunisie\/2020\/06\/17\/coronavirus-le-depute-moussa-ben-ahmed-enfreint-lauto-quarantaine-et-se-presente-au-parlement\/"},"author":{"name":"Cherif Benyounes","@id":"https:\/\/kapitalis.com\/tunisie\/#\/schema\/person\/b35b8d631961131107263178aeb8019e"},"headline":"Coronavirus : Le d\u00e9put\u00e9 Moussa Ben Ahmed enfreint l&rsquo;auto-quarantaine et se pr\u00e9sente au Parlement","datePublished":"2020-06-17T10:48:45+00:00","dateModified":"2020-06-17T11:21:28+00:00","mainEntityOfPage":{"@id":"https:\/\/kapitalis.com\/tunisie\/2020\/06\/17\/coronavirus-le-depute-moussa-ben-ahmed-enfreint-lauto-quarantaine-et-se-presente-au-parlement\/"},"wordCount":369,"commentCount":1,"publisher":{"@id":"https:\/\/kapitalis.com\/tunisie\/#organization"},"image":{"@id":"https:\/\/kapitalis.com\/tunisie\/2020\/06\/17\/coronavirus-le-depute-moussa-ben-ahmed-enfreint-lauto-quarantaine-et-se-presente-au-parlement\/#primaryimage"},"thumbnailUrl":"","keywords":["Coronavirus","moussa ben ahmed","Yassine Ayari"],"articleSection":["POLITIQUE","Tunisie"],"inLanguage":"fr-FR","potentialAction":[{"@type":"CommentAction","name":"Comment","target":["https:\/\/kapitalis.com\/tunisie\/2020\/06\/17\/coronavirus-le-depute-moussa-ben-ahmed-enfreint-lauto-quarantaine-et-se-presente-au-parlement\/#respond"]}]},{"@type":"WebPage","@id":"https:\/\/kapitalis.com\/tunisie\/2020\/06\/17\/coronavirus-le-depute-moussa-ben-ahmed-enfreint-lauto-quarantaine-et-se-presente-au-parlement\/","url":"https:\/\/kapitalis.com\/tunisie\/2020\/06\/17\/coronavirus-le-depute-moussa-ben-ahmed-enfreint-lauto-quarantaine-et-se-presente-au-parlement\/","name":"Coronavirus : Le d\u00e9put\u00e9 Moussa Ben Ahmed enfreint l'auto-quarantaine et se pr\u00e9sente au Parlement - Kapitalis","isPartOf":{"@id":"https:\/\/kapitalis.com\/tunisie\/#website"},"primaryImageOfPage":{"@id":"https:\/\/kapitalis.com\/tunisie\/2020\/06\/17\/coronavirus-le-depute-moussa-ben-ahmed-enfreint-lauto-quarantaine-et-se-presente-au-parlement\/#primaryimage"},"image":{"@id":"https:\/\/kapitalis.com\/tunisie\/2020\/06\/17\/coronavirus-le-depute-moussa-ben-ahmed-enfreint-lauto-quarantaine-et-se-presente-au-parlement\/#primaryimage"},"thumbnailUrl":"","datePublished":"2020-06-17T10:48:45+00:00","dateModified":"2020-06-17T11:21:28+00:00","breadcrumb":{"@id":"https:\/\/kapitalis.com\/tunisie\/2020\/06\/17\/coronavirus-le-depute-moussa-ben-ahmed-enfreint-lauto-quarantaine-et-se-presente-au-parlement\/#breadcrumb"},"inLanguage":"fr-FR","potentialAction":[{"@type":"ReadAction","target":["https:\/\/kapitalis.com\/tunisie\/2020\/06\/17\/coronavirus-le-depute-moussa-ben-ahmed-enfreint-lauto-quarantaine-et-se-presente-au-parlement\/"]}]},{"@type":"ImageObject","inLanguage":"fr-FR","@id":"https:\/\/kapitalis.com\/tunisie\/2020\/06\/17\/coronavirus-le-depute-moussa-ben-ahmed-enfreint-lauto-quarantaine-et-se-presente-au-parlement\/#primaryimage","url":"","contentUrl":""},{"@type":"BreadcrumbList","@id":"https:\/\/kapitalis.com\/tunisie\/2020\/06\/17\/coronavirus-le-depute-moussa-ben-ahmed-enfreint-lauto-quarantaine-et-se-presente-au-parlement\/#breadcrumb","itemListElement":[{"@type":"ListItem","position":1,"name":"Accueil","item":"https:\/\/kapitalis.com\/tunisie\/"},{"@type":"ListItem","position":2,"name":"Coronavirus : Le d\u00e9put\u00e9 Moussa Ben Ahmed enfreint l&rsquo;auto-quarantaine et se pr\u00e9sente au Parlement"}]},{"@type":"WebSite","@id":"https:\/\/kapitalis.com\/tunisie\/#website","url":"https:\/\/kapitalis.com\/tunisie\/","name":"Kapitalis","description":"L&#039;actualit\u00e9 en Tunisie et dans le monde","publisher":{"@id":"https:\/\/kapitalis.com\/tunisie\/#organization"},"potentialAction":[{"@type":"SearchAction","target":{"@type":"EntryPoint","urlTemplate":"https:\/\/kapitalis.com\/tunisie\/?s={search_term_string}"},"query-input":{"@type":"PropertyValueSpecification","valueRequired":true,"valueName":"search_term_string"}}],"inLanguage":"fr-FR"},{"@type":"Organization","@id":"https:\/\/kapitalis.com\/tunisie\/#organization","name":"Kapitalis","url":"https:\/\/kapitalis.com\/tunisie\/","logo":{"@type":"ImageObject","inLanguage":"fr-FR","@id":"https:\/\/kapitalis.com\/tunisie\/#\/schema\/logo\/image\/","url":"https:\/\/kapitalis.com\/tunisie\/wp-content\/uploads\/2022\/05\/Kapitalis-big-size.png","contentUrl":"https:\/\/kapitalis.com\/tunisie\/wp-content\/uploads\/2022\/05\/Kapitalis-big-size.png","width":5000,"height":1500,"caption":"Kapitalis"},"image":{"@id":"https:\/\/kapitalis.com\/tunisie\/#\/schema\/logo\/image\/"},"sameAs":["https:\/\/www.facebook.com\/KapitalisInfo\/","https:\/\/x.com\/KapitalisInfo","https:\/\/www.youtube.com\/channel\/UC-yDYrHyfFBWWZaOw3FPg9Q"]},{"@type":"Person","@id":"https:\/\/kapitalis.com\/tunisie\/#\/schema\/person\/b35b8d631961131107263178aeb8019e","name":"Cherif Benyounes","url":"https:\/\/kapitalis.com\/tunisie\/author\/cherif\/"}]}},"_links":{"self":[{"href":"https:\/\/kapitalis.com\/tunisie\/wp-json\/wp\/v2\/posts\/303910","targetHints":{"allow":["GET"]}}],"collection":[{"href":"https:\/\/kapitalis.com\/tunisie\/wp-json\/wp\/v2\/posts"}],"about":[{"href":"https:\/\/kapitalis.com\/tunisie\/wp-json\/wp\/v2\/types\/post"}],"author":[{"embeddable":true,"href":"https:\/\/kapitalis.com\/tunisie\/wp-json\/wp\/v2\/users\/24"}],"replies":[{"embeddable":true,"href":"https:\/\/kapitalis.com\/tunisie\/wp-json\/wp\/v2\/comments?post=303910"}],"version-history":[{"count":0,"href":"https:\/\/kapitalis.com\/tunisie\/wp-json\/wp\/v2\/posts\/303910\/revisions"}],"wp:featuredmedia":[{"embeddable":true,"href":"https:\/\/kapitalis.com\/tunisie\/wp-json\/wp\/v2\/media\/303916"}],"wp:attachment":[{"href":"https:\/\/kapitalis.com\/tunisie\/wp-json\/wp\/v2\/media?parent=303910"}],"wp:term":[{"taxonomy":"category","embeddable":true,"href":"https:\/\/kapitalis.com\/tunisie\/wp-json\/wp\/v2\/categories?post=303910"},{"taxonomy":"post_tag","embeddable":true,"href":"https:\/\/kapitalis.com\/tunisie\/wp-json\/wp\/v2\/tags?post=303910"}],"curies":[{"name":"wp","href":"https:\/\/api.w.org\/{rel}","templated":true}]}}