{"id":303976,"date":"2020-06-17T17:12:33","date_gmt":"2020-06-17T16:12:33","guid":{"rendered":"http:\/\/kapitalis.com\/tunisie\/?p=303976"},"modified":"2020-06-18T19:00:10","modified_gmt":"2020-06-18T18:00:10","slug":"universite-de-tunis-el-manar-linjustice-infligee-a-oum-kalthoum-ben-hassine","status":"publish","type":"post","link":"https:\/\/kapitalis.com\/tunisie\/2020\/06\/17\/universite-de-tunis-el-manar-linjustice-infligee-a-oum-kalthoum-ben-hassine\/","title":{"rendered":"Universit\u00e9 de Tunis &#8211; El Manar : L\u2019injustice inflig\u00e9e \u00e0 Oum Kalthoum Ben Hassine"},"content":{"rendered":"\n<figure class=\"wp-block-image size-large\"><img decoding=\"async\" src=\"http:\/\/kapitalis.com\/tunisie\/wp-content\/uploads\/2020\/06\/Universite-Tunis-El-Manar-Oum-Kalthoum-Ben-Hassine.jpg\" alt=\"\" class=\"wp-image-303977\"\/><\/figure>\n\n\n\n<p><strong><em>Oum Kalthoum Ben Hassine, universitaire \u00e0 la retraite, ancienne professeure en sciences biologiques \u00e0 la Facult\u00e9 des sciences de Tunis (FST), Universit\u00e9 Tunis &#8211; El Manar, est victime d\u2019une injustice que lui ont inflig\u00e9e\u2026 ses anciens coll\u00e8gues.<\/em><\/strong><\/p>\n\n\n\n<p>Par <strong>Imed Bahri<\/strong><\/p>\n\n\n\n<!--more-->\n\n\n\n<p>Comme tous les professeurs d\u2019universit\u00e9 ayant pass\u00e9 l\u2019essentiel de leur vie active (et dans son cas ce sont 40 longues ann\u00e9es) \u00e0 enseigner, \u00e0 diriger des travaux et \u00e0 publier des recherches dans les prestigieuses revues de leurs disciplines respectives, Mme Ben Hassine a postul\u00e9 apr\u00e8s sa sortie \u00e0 la retraite au titre de <em>\u00abprofesseur \u00e9m\u00e9rite\u00bb.<\/em><\/p>\n\n\n\n<p>Cela, faut-il le rappeler, n\u2019a aucune incidence financi\u00e8re pour l\u2019Etat employeur. Car ce titre ne lui permet pas de continuer \u00e0 donner des cours. Mais il a une valeur symbolique et honorifique. Il couronne une vie enti\u00e8rement d\u00e9di\u00e9e \u00e0 l\u2019enseignement et \u00e0 la recherche et permet aux jeunes chercheurs de profiter de l\u2019exp\u00e9rience de leurs a\u00een\u00e9s notamment dans l\u2019orientation de leurs recherches doctorales.<\/p>\n\n\n\n<h3 class=\"wp-block-heading\">Assurer une continuit\u00e9 entre les g\u00e9n\u00e9rations<\/h3>\n\n\n\n<p>En fait, un professeur \u00e9m\u00e9rite ne prend rien \u00e0 personne et ne mange pas le pain de ses coll\u00e8gues encore en fonction. Il fait juste profiter de son exp\u00e9rience et de ses connaissances le d\u00e9partement o\u00f9 il pass\u00e9 l\u2019essentiel de sa carri\u00e8re scientifique, ce qui assure une continuit\u00e9 entre les g\u00e9n\u00e9rations, fait profiter les plus jeunes et permet aux anciens de garder le contact avec le monde de la recherche scientifique.<\/p>\n\n\n\n<p>Dans le cas de Mme Ben Hassine, les membres du conseil scientifique de la Facult\u00e9 des sciences de Tunis ont donn\u00e9 leur accord \u00e0 l\u2019unanimit\u00e9 pour l\u2019attribution du titre de professeur \u00e9m\u00e9rite \u00e0 leur coll\u00e8gue, mais c\u2019est l\u2019administration de la facult\u00e9 qui y a fait obstruction, et c\u2019est le cas de le dire, car elle n\u2019est pas habilit\u00e9e l\u00e9galement \u00e0 s\u2019opposer \u00e0 une telle d\u00e9cision.<\/p>\n\n\n\n<p>Apr\u00e8s moult p\u00e9rip\u00e9ties et \u00e9changes de lettres, l\u2019universitaire \u00e0 retraite s\u2019est r\u00e9sign\u00e9e \u00e0 saisir le tribunal administratif de son affaire, et le jugement, prononc\u00e9 le 26 novembre 2019, lui a donn\u00e9 raison.<\/p>\n\n\n\n<h3 class=\"wp-block-heading\">Un niet t\u00eatu et injuste oppos\u00e9 \u00e0 une ancienne coll\u00e8gue<\/h3>\n\n\n\n<p>Forte de ce jugement, Mme Ben Hassine a fait valoir son droit aupr\u00e8s du minist\u00e8re de l\u2019Enseignement sup\u00e9rieur et de la Recherche scientifique, qui a ordonn\u00e9 au rectorat de l\u2019Universit\u00e9 El-Manar d\u2019octroyer \u00e0 l\u2019universitaire son titre de <em>\u00abprofesseur \u00e9m\u00e9rite\u00bb.<\/em> Deux courriers en ce sens ont m\u00eame \u00e9t\u00e9 sign\u00e9s par deux ministres successifs, Slim Khalbous, et Hatem Ben Salem qui assura l\u2019int\u00e9rim lorsque ce dernier a \u00e9t\u00e9 nomm\u00e9 recteur de l\u2019Agence Universitaire de la Francophonie (AUF).<\/p>\n\n\n\n<p>Mais, rien n\u2019y fit : n\u2019en faisant qu\u2019\u00e0 leur t\u00eate et faisant fi des r\u00e8glements et des lois, l&rsquo;ex-pr\u00e9sident de l&rsquo;universit\u00e9 Tunis El-Manar puis son successeur continuent d\u2019opposer un niet t\u00eatu et injuste \u00e0 leur ancienne coll\u00e8gue.<\/p>\n\n\n\n<p>C\u2019est donc la pr\u00e9sidence de l&rsquo;universit\u00e9 et non pas l\u2019administration de la Facult\u00e9 des Sciences qui fait obstruction, or elle n\u2019est pas habilit\u00e9e l\u00e9galement \u00e0 s\u2019opposer \u00e0 une telle d\u00e9cision<\/p>\n\n\n\n<p>N\u2019y a-t-il pas une autorit\u00e9, dans ce pays, pour faire appliquer le droit aux r\u00e9calcitrants, m\u00eame si ces derniers se trouvent \u00eatre des professeurs d\u2019universit\u00e9.<\/p>\n","protected":false},"excerpt":{"rendered":"<p>Oum Kalthoum Ben Hassine, universitaire \u00e0 la retraite, ancienne professeure en sciences biologiques \u00e0 la Facult\u00e9 des sciences de Tunis (FST), Universit\u00e9 Tunis &#8211; El Manar, est victime d\u2019une injustice que lui ont inflig\u00e9e\u2026 ses anciens coll\u00e8gues. Par Imed Bahri<\/p>\n","protected":false},"author":8,"featured_media":303977,"comment_status":"open","ping_status":"open","sticky":false,"template":"","format":"standard","meta":{"footnotes":""},"categories":[992,998,2433],"tags":[79925,1908,79924,23204,79703,79926],"class_list":["post-303976","post","type-post","status-publish","format-standard","has-post-thumbnail","hentry","category-a-la-une","category-societe","category-tunisie","tag-faculte-des-sciences-de-tunis","tag-hatem-ben-salem","tag-oum-kalthoum-ben-hassine","tag-slim-khalbous","tag-tribunal-administratif-de-tunis","tag-universite-tunis-el-manar-2"],"yoast_head":"<!-- This site is optimized with the Yoast SEO plugin v26.6 - https:\/\/yoast.com\/wordpress\/plugins\/seo\/ -->\n<title>Universit\u00e9 de Tunis - El Manar : L\u2019injustice inflig\u00e9e \u00e0 Oum Kalthoum Ben Hassine - Kapitalis<\/title>\n<meta name=\"robots\" content=\"index, follow, max-snippet:-1, max-image-preview:large, max-video-preview:-1\" \/>\n<link rel=\"canonical\" href=\"https:\/\/kapitalis.com\/tunisie\/2020\/06\/17\/universite-de-tunis-el-manar-linjustice-infligee-a-oum-kalthoum-ben-hassine\/\" \/>\n<meta property=\"og:locale\" content=\"fr_FR\" \/>\n<meta property=\"og:type\" content=\"article\" \/>\n<meta property=\"og:title\" content=\"Universit\u00e9 de Tunis - El Manar : L\u2019injustice inflig\u00e9e \u00e0 Oum Kalthoum Ben Hassine - Kapitalis\" \/>\n<meta property=\"og:description\" content=\"Oum Kalthoum Ben Hassine, universitaire \u00e0 la retraite, ancienne professeure en sciences biologiques \u00e0 la Facult\u00e9 des sciences de Tunis (FST), Universit\u00e9 Tunis &#8211; El Manar, est victime d\u2019une injustice que lui ont inflig\u00e9e\u2026 ses anciens coll\u00e8gues. Par Imed Bahri\" \/>\n<meta property=\"og:url\" content=\"https:\/\/kapitalis.com\/tunisie\/2020\/06\/17\/universite-de-tunis-el-manar-linjustice-infligee-a-oum-kalthoum-ben-hassine\/\" \/>\n<meta property=\"og:site_name\" content=\"Kapitalis\" \/>\n<meta property=\"article:publisher\" content=\"https:\/\/www.facebook.com\/KapitalisInfo\/\" \/>\n<meta property=\"article:published_time\" content=\"2020-06-17T16:12:33+00:00\" \/>\n<meta property=\"article:modified_time\" content=\"2020-06-18T18:00:10+00:00\" \/>\n<meta property=\"og:image\" content=\"https:\/\/kapitalis.com\/tunisie\/wp-content\/uploads\/2022\/05\/kapitalis-logo-fb.png\" \/>\n\t<meta property=\"og:image:width\" content=\"1200\" \/>\n\t<meta property=\"og:image:height\" content=\"630\" \/>\n\t<meta property=\"og:image:type\" content=\"image\/png\" \/>\n<meta name=\"author\" content=\"webmaster kapitalis\" \/>\n<meta name=\"twitter:card\" content=\"summary_large_image\" \/>\n<meta name=\"twitter:creator\" content=\"@KapitalisInfo\" \/>\n<meta name=\"twitter:site\" content=\"@KapitalisInfo\" \/>\n<meta name=\"twitter:label1\" content=\"\u00c9crit par\" \/>\n\t<meta name=\"twitter:data1\" content=\"webmaster kapitalis\" \/>\n\t<meta name=\"twitter:label2\" content=\"Dur\u00e9e de lecture estim\u00e9e\" \/>\n\t<meta name=\"twitter:data2\" content=\"3 minutes\" \/>\n<script type=\"application\/ld+json\" class=\"yoast-schema-graph\">{\"@context\":\"https:\/\/schema.org\",\"@graph\":[{\"@type\":\"Article\",\"@id\":\"https:\/\/kapitalis.com\/tunisie\/2020\/06\/17\/universite-de-tunis-el-manar-linjustice-infligee-a-oum-kalthoum-ben-hassine\/#article\",\"isPartOf\":{\"@id\":\"https:\/\/kapitalis.com\/tunisie\/2020\/06\/17\/universite-de-tunis-el-manar-linjustice-infligee-a-oum-kalthoum-ben-hassine\/\"},\"author\":{\"name\":\"webmaster kapitalis\",\"@id\":\"https:\/\/kapitalis.com\/tunisie\/#\/schema\/person\/d71f33a9ca44f7bad4698210b480c8e9\"},\"headline\":\"Universit\u00e9 de Tunis &#8211; El Manar : L\u2019injustice inflig\u00e9e \u00e0 Oum Kalthoum Ben Hassine\",\"datePublished\":\"2020-06-17T16:12:33+00:00\",\"dateModified\":\"2020-06-18T18:00:10+00:00\",\"mainEntityOfPage\":{\"@id\":\"https:\/\/kapitalis.com\/tunisie\/2020\/06\/17\/universite-de-tunis-el-manar-linjustice-infligee-a-oum-kalthoum-ben-hassine\/\"},\"wordCount\":583,\"commentCount\":6,\"publisher\":{\"@id\":\"https:\/\/kapitalis.com\/tunisie\/#organization\"},\"image\":{\"@id\":\"https:\/\/kapitalis.com\/tunisie\/2020\/06\/17\/universite-de-tunis-el-manar-linjustice-infligee-a-oum-kalthoum-ben-hassine\/#primaryimage\"},\"thumbnailUrl\":\"\",\"keywords\":[\"Facult\u00e9 des sciences de Tunis\",\"Hatem Ben Salem\",\"Oum Kalthoum Ben Hassine\",\"Slim Khalbous\",\"Tribunal administratif de Tunis\",\"Universit\u00e9 Tunis El-Manar\"],\"articleSection\":[\"A LA UNE\",\"SOCIETE\",\"Tunisie\"],\"inLanguage\":\"fr-FR\",\"potentialAction\":[{\"@type\":\"CommentAction\",\"name\":\"Comment\",\"target\":[\"https:\/\/kapitalis.com\/tunisie\/2020\/06\/17\/universite-de-tunis-el-manar-linjustice-infligee-a-oum-kalthoum-ben-hassine\/#respond\"]}]},{\"@type\":\"WebPage\",\"@id\":\"https:\/\/kapitalis.com\/tunisie\/2020\/06\/17\/universite-de-tunis-el-manar-linjustice-infligee-a-oum-kalthoum-ben-hassine\/\",\"url\":\"https:\/\/kapitalis.com\/tunisie\/2020\/06\/17\/universite-de-tunis-el-manar-linjustice-infligee-a-oum-kalthoum-ben-hassine\/\",\"name\":\"Universit\u00e9 de Tunis - El Manar : L\u2019injustice inflig\u00e9e \u00e0 Oum Kalthoum Ben Hassine - Kapitalis\",\"isPartOf\":{\"@id\":\"https:\/\/kapitalis.com\/tunisie\/#website\"},\"primaryImageOfPage\":{\"@id\":\"https:\/\/kapitalis.com\/tunisie\/2020\/06\/17\/universite-de-tunis-el-manar-linjustice-infligee-a-oum-kalthoum-ben-hassine\/#primaryimage\"},\"image\":{\"@id\":\"https:\/\/kapitalis.com\/tunisie\/2020\/06\/17\/universite-de-tunis-el-manar-linjustice-infligee-a-oum-kalthoum-ben-hassine\/#primaryimage\"},\"thumbnailUrl\":\"\",\"datePublished\":\"2020-06-17T16:12:33+00:00\",\"dateModified\":\"2020-06-18T18:00:10+00:00\",\"breadcrumb\":{\"@id\":\"https:\/\/kapitalis.com\/tunisie\/2020\/06\/17\/universite-de-tunis-el-manar-linjustice-infligee-a-oum-kalthoum-ben-hassine\/#breadcrumb\"},\"inLanguage\":\"fr-FR\",\"potentialAction\":[{\"@type\":\"ReadAction\",\"target\":[\"https:\/\/kapitalis.com\/tunisie\/2020\/06\/17\/universite-de-tunis-el-manar-linjustice-infligee-a-oum-kalthoum-ben-hassine\/\"]}]},{\"@type\":\"ImageObject\",\"inLanguage\":\"fr-FR\",\"@id\":\"https:\/\/kapitalis.com\/tunisie\/2020\/06\/17\/universite-de-tunis-el-manar-linjustice-infligee-a-oum-kalthoum-ben-hassine\/#primaryimage\",\"url\":\"\",\"contentUrl\":\"\"},{\"@type\":\"BreadcrumbList\",\"@id\":\"https:\/\/kapitalis.com\/tunisie\/2020\/06\/17\/universite-de-tunis-el-manar-linjustice-infligee-a-oum-kalthoum-ben-hassine\/#breadcrumb\",\"itemListElement\":[{\"@type\":\"ListItem\",\"position\":1,\"name\":\"Accueil\",\"item\":\"https:\/\/kapitalis.com\/tunisie\/\"},{\"@type\":\"ListItem\",\"position\":2,\"name\":\"Universit\u00e9 de Tunis &#8211; El Manar : L\u2019injustice inflig\u00e9e \u00e0 Oum Kalthoum Ben Hassine\"}]},{\"@type\":\"WebSite\",\"@id\":\"https:\/\/kapitalis.com\/tunisie\/#website\",\"url\":\"https:\/\/kapitalis.com\/tunisie\/\",\"name\":\"Kapitalis\",\"description\":\"L&#039;actualit\u00e9 en Tunisie et dans le monde\",\"publisher\":{\"@id\":\"https:\/\/kapitalis.com\/tunisie\/#organization\"},\"potentialAction\":[{\"@type\":\"SearchAction\",\"target\":{\"@type\":\"EntryPoint\",\"urlTemplate\":\"https:\/\/kapitalis.com\/tunisie\/?s={search_term_string}\"},\"query-input\":{\"@type\":\"PropertyValueSpecification\",\"valueRequired\":true,\"valueName\":\"search_term_string\"}}],\"inLanguage\":\"fr-FR\"},{\"@type\":\"Organization\",\"@id\":\"https:\/\/kapitalis.com\/tunisie\/#organization\",\"name\":\"Kapitalis\",\"url\":\"https:\/\/kapitalis.com\/tunisie\/\",\"logo\":{\"@type\":\"ImageObject\",\"inLanguage\":\"fr-FR\",\"@id\":\"https:\/\/kapitalis.com\/tunisie\/#\/schema\/logo\/image\/\",\"url\":\"https:\/\/kapitalis.com\/tunisie\/wp-content\/uploads\/2022\/05\/Kapitalis-big-size.png\",\"contentUrl\":\"https:\/\/kapitalis.com\/tunisie\/wp-content\/uploads\/2022\/05\/Kapitalis-big-size.png\",\"width\":5000,\"height\":1500,\"caption\":\"Kapitalis\"},\"image\":{\"@id\":\"https:\/\/kapitalis.com\/tunisie\/#\/schema\/logo\/image\/\"},\"sameAs\":[\"https:\/\/www.facebook.com\/KapitalisInfo\/\",\"https:\/\/x.com\/KapitalisInfo\",\"https:\/\/www.youtube.com\/channel\/UC-yDYrHyfFBWWZaOw3FPg9Q\"]},{\"@type\":\"Person\",\"@id\":\"https:\/\/kapitalis.com\/tunisie\/#\/schema\/person\/d71f33a9ca44f7bad4698210b480c8e9\",\"name\":\"webmaster kapitalis\",\"url\":\"https:\/\/kapitalis.com\/tunisie\/author\/webmaster-kapitalis\/\"}]}<\/script>\n<!-- \/ Yoast SEO plugin. -->","yoast_head_json":{"title":"Universit\u00e9 de Tunis - El Manar : L\u2019injustice inflig\u00e9e \u00e0 Oum Kalthoum Ben Hassine - Kapitalis","robots":{"index":"index","follow":"follow","max-snippet":"max-snippet:-1","max-image-preview":"max-image-preview:large","max-video-preview":"max-video-preview:-1"},"canonical":"https:\/\/kapitalis.com\/tunisie\/2020\/06\/17\/universite-de-tunis-el-manar-linjustice-infligee-a-oum-kalthoum-ben-hassine\/","og_locale":"fr_FR","og_type":"article","og_title":"Universit\u00e9 de Tunis - El Manar : L\u2019injustice inflig\u00e9e \u00e0 Oum Kalthoum Ben Hassine - Kapitalis","og_description":"Oum Kalthoum Ben Hassine, universitaire \u00e0 la retraite, ancienne professeure en sciences biologiques \u00e0 la Facult\u00e9 des sciences de Tunis (FST), Universit\u00e9 Tunis &#8211; El Manar, est victime d\u2019une injustice que lui ont inflig\u00e9e\u2026 ses anciens coll\u00e8gues. Par Imed Bahri","og_url":"https:\/\/kapitalis.com\/tunisie\/2020\/06\/17\/universite-de-tunis-el-manar-linjustice-infligee-a-oum-kalthoum-ben-hassine\/","og_site_name":"Kapitalis","article_publisher":"https:\/\/www.facebook.com\/KapitalisInfo\/","article_published_time":"2020-06-17T16:12:33+00:00","article_modified_time":"2020-06-18T18:00:10+00:00","og_image":[{"width":1200,"height":630,"url":"https:\/\/kapitalis.com\/tunisie\/wp-content\/uploads\/2022\/05\/kapitalis-logo-fb.png","type":"image\/png"}],"author":"webmaster kapitalis","twitter_card":"summary_large_image","twitter_creator":"@KapitalisInfo","twitter_site":"@KapitalisInfo","twitter_misc":{"\u00c9crit par":"webmaster kapitalis","Dur\u00e9e de lecture estim\u00e9e":"3 minutes"},"schema":{"@context":"https:\/\/schema.org","@graph":[{"@type":"Article","@id":"https:\/\/kapitalis.com\/tunisie\/2020\/06\/17\/universite-de-tunis-el-manar-linjustice-infligee-a-oum-kalthoum-ben-hassine\/#article","isPartOf":{"@id":"https:\/\/kapitalis.com\/tunisie\/2020\/06\/17\/universite-de-tunis-el-manar-linjustice-infligee-a-oum-kalthoum-ben-hassine\/"},"author":{"name":"webmaster kapitalis","@id":"https:\/\/kapitalis.com\/tunisie\/#\/schema\/person\/d71f33a9ca44f7bad4698210b480c8e9"},"headline":"Universit\u00e9 de Tunis &#8211; El Manar : L\u2019injustice inflig\u00e9e \u00e0 Oum Kalthoum Ben Hassine","datePublished":"2020-06-17T16:12:33+00:00","dateModified":"2020-06-18T18:00:10+00:00","mainEntityOfPage":{"@id":"https:\/\/kapitalis.com\/tunisie\/2020\/06\/17\/universite-de-tunis-el-manar-linjustice-infligee-a-oum-kalthoum-ben-hassine\/"},"wordCount":583,"commentCount":6,"publisher":{"@id":"https:\/\/kapitalis.com\/tunisie\/#organization"},"image":{"@id":"https:\/\/kapitalis.com\/tunisie\/2020\/06\/17\/universite-de-tunis-el-manar-linjustice-infligee-a-oum-kalthoum-ben-hassine\/#primaryimage"},"thumbnailUrl":"","keywords":["Facult\u00e9 des sciences de Tunis","Hatem Ben Salem","Oum Kalthoum Ben Hassine","Slim Khalbous","Tribunal administratif de Tunis","Universit\u00e9 Tunis El-Manar"],"articleSection":["A LA UNE","SOCIETE","Tunisie"],"inLanguage":"fr-FR","potentialAction":[{"@type":"CommentAction","name":"Comment","target":["https:\/\/kapitalis.com\/tunisie\/2020\/06\/17\/universite-de-tunis-el-manar-linjustice-infligee-a-oum-kalthoum-ben-hassine\/#respond"]}]},{"@type":"WebPage","@id":"https:\/\/kapitalis.com\/tunisie\/2020\/06\/17\/universite-de-tunis-el-manar-linjustice-infligee-a-oum-kalthoum-ben-hassine\/","url":"https:\/\/kapitalis.com\/tunisie\/2020\/06\/17\/universite-de-tunis-el-manar-linjustice-infligee-a-oum-kalthoum-ben-hassine\/","name":"Universit\u00e9 de Tunis - El Manar : L\u2019injustice inflig\u00e9e \u00e0 Oum Kalthoum Ben Hassine - Kapitalis","isPartOf":{"@id":"https:\/\/kapitalis.com\/tunisie\/#website"},"primaryImageOfPage":{"@id":"https:\/\/kapitalis.com\/tunisie\/2020\/06\/17\/universite-de-tunis-el-manar-linjustice-infligee-a-oum-kalthoum-ben-hassine\/#primaryimage"},"image":{"@id":"https:\/\/kapitalis.com\/tunisie\/2020\/06\/17\/universite-de-tunis-el-manar-linjustice-infligee-a-oum-kalthoum-ben-hassine\/#primaryimage"},"thumbnailUrl":"","datePublished":"2020-06-17T16:12:33+00:00","dateModified":"2020-06-18T18:00:10+00:00","breadcrumb":{"@id":"https:\/\/kapitalis.com\/tunisie\/2020\/06\/17\/universite-de-tunis-el-manar-linjustice-infligee-a-oum-kalthoum-ben-hassine\/#breadcrumb"},"inLanguage":"fr-FR","potentialAction":[{"@type":"ReadAction","target":["https:\/\/kapitalis.com\/tunisie\/2020\/06\/17\/universite-de-tunis-el-manar-linjustice-infligee-a-oum-kalthoum-ben-hassine\/"]}]},{"@type":"ImageObject","inLanguage":"fr-FR","@id":"https:\/\/kapitalis.com\/tunisie\/2020\/06\/17\/universite-de-tunis-el-manar-linjustice-infligee-a-oum-kalthoum-ben-hassine\/#primaryimage","url":"","contentUrl":""},{"@type":"BreadcrumbList","@id":"https:\/\/kapitalis.com\/tunisie\/2020\/06\/17\/universite-de-tunis-el-manar-linjustice-infligee-a-oum-kalthoum-ben-hassine\/#breadcrumb","itemListElement":[{"@type":"ListItem","position":1,"name":"Accueil","item":"https:\/\/kapitalis.com\/tunisie\/"},{"@type":"ListItem","position":2,"name":"Universit\u00e9 de Tunis &#8211; El Manar : L\u2019injustice inflig\u00e9e \u00e0 Oum Kalthoum Ben Hassine"}]},{"@type":"WebSite","@id":"https:\/\/kapitalis.com\/tunisie\/#website","url":"https:\/\/kapitalis.com\/tunisie\/","name":"Kapitalis","description":"L&#039;actualit\u00e9 en Tunisie et dans le monde","publisher":{"@id":"https:\/\/kapitalis.com\/tunisie\/#organization"},"potentialAction":[{"@type":"SearchAction","target":{"@type":"EntryPoint","urlTemplate":"https:\/\/kapitalis.com\/tunisie\/?s={search_term_string}"},"query-input":{"@type":"PropertyValueSpecification","valueRequired":true,"valueName":"search_term_string"}}],"inLanguage":"fr-FR"},{"@type":"Organization","@id":"https:\/\/kapitalis.com\/tunisie\/#organization","name":"Kapitalis","url":"https:\/\/kapitalis.com\/tunisie\/","logo":{"@type":"ImageObject","inLanguage":"fr-FR","@id":"https:\/\/kapitalis.com\/tunisie\/#\/schema\/logo\/image\/","url":"https:\/\/kapitalis.com\/tunisie\/wp-content\/uploads\/2022\/05\/Kapitalis-big-size.png","contentUrl":"https:\/\/kapitalis.com\/tunisie\/wp-content\/uploads\/2022\/05\/Kapitalis-big-size.png","width":5000,"height":1500,"caption":"Kapitalis"},"image":{"@id":"https:\/\/kapitalis.com\/tunisie\/#\/schema\/logo\/image\/"},"sameAs":["https:\/\/www.facebook.com\/KapitalisInfo\/","https:\/\/x.com\/KapitalisInfo","https:\/\/www.youtube.com\/channel\/UC-yDYrHyfFBWWZaOw3FPg9Q"]},{"@type":"Person","@id":"https:\/\/kapitalis.com\/tunisie\/#\/schema\/person\/d71f33a9ca44f7bad4698210b480c8e9","name":"webmaster kapitalis","url":"https:\/\/kapitalis.com\/tunisie\/author\/webmaster-kapitalis\/"}]}},"_links":{"self":[{"href":"https:\/\/kapitalis.com\/tunisie\/wp-json\/wp\/v2\/posts\/303976","targetHints":{"allow":["GET"]}}],"collection":[{"href":"https:\/\/kapitalis.com\/tunisie\/wp-json\/wp\/v2\/posts"}],"about":[{"href":"https:\/\/kapitalis.com\/tunisie\/wp-json\/wp\/v2\/types\/post"}],"author":[{"embeddable":true,"href":"https:\/\/kapitalis.com\/tunisie\/wp-json\/wp\/v2\/users\/8"}],"replies":[{"embeddable":true,"href":"https:\/\/kapitalis.com\/tunisie\/wp-json\/wp\/v2\/comments?post=303976"}],"version-history":[{"count":0,"href":"https:\/\/kapitalis.com\/tunisie\/wp-json\/wp\/v2\/posts\/303976\/revisions"}],"wp:featuredmedia":[{"embeddable":true,"href":"https:\/\/kapitalis.com\/tunisie\/wp-json\/wp\/v2\/media\/303977"}],"wp:attachment":[{"href":"https:\/\/kapitalis.com\/tunisie\/wp-json\/wp\/v2\/media?parent=303976"}],"wp:term":[{"taxonomy":"category","embeddable":true,"href":"https:\/\/kapitalis.com\/tunisie\/wp-json\/wp\/v2\/categories?post=303976"},{"taxonomy":"post_tag","embeddable":true,"href":"https:\/\/kapitalis.com\/tunisie\/wp-json\/wp\/v2\/tags?post=303976"}],"curies":[{"name":"wp","href":"https:\/\/api.w.org\/{rel}","templated":true}]}}