{"id":303995,"date":"2020-06-17T19:43:10","date_gmt":"2020-06-17T18:43:10","guid":{"rendered":"http:\/\/kapitalis.com\/tunisie\/?p=303995"},"modified":"2020-06-18T06:55:02","modified_gmt":"2020-06-18T05:55:02","slug":"tunisie-mesures-exceptionnelles-dans-les-aeroports-a-partir-de-demain-jeudi-18-juin-video","status":"publish","type":"post","link":"https:\/\/kapitalis.com\/tunisie\/2020\/06\/17\/tunisie-mesures-exceptionnelles-dans-les-aeroports-a-partir-de-demain-jeudi-18-juin-video\/","title":{"rendered":"Tunisie : Mesures exceptionnelles dans les a\u00e9roports \u00e0 partir de demain, jeudi 18 juin (Vid\u00e9o)"},"content":{"rendered":"\n<figure class=\"wp-block-image size-large\"><img decoding=\"async\" src=\"http:\/\/kapitalis.com\/tunisie\/wp-content\/uploads\/2020\/06\/Tunisie-a\u00e9roport-coronavirus.jpg\" alt=\"\" class=\"wp-image-303999\"\/><\/figure>\n\n\n\n<p><em><strong>L\u2019Office de l\u2019aviation civile et des a\u00e9roports (OACA) a annonc\u00e9, aujourd&rsquo;hui, que des mesures exceptionnelles seront adopt\u00e9es d\u00e8s demain, jeudi 18 juin 2020, dans tous les a\u00e9roports tunisiens, dans le but de pr\u00e9server la s\u00e9curit\u00e9 sanitaire des voyageurs et la qualit\u00e9 des prestations, dans le cadre de la lutte contre le coronavirus.<\/strong><\/em><\/p>\n\n\n\n<!--more-->\n\n\n\n<p>L&rsquo;OACA indique que chaque passager sera autoris\u00e9 \u00e0 \u00eatre accompagn\u00e9 par une seule personne pour tous les vols (d\u00e9part et arriv\u00e9e), et sera soumis \u00e0 une prise de temp\u00e9rature \u00e0 l\u2019entr\u00e9e : <em>\u00abLes personnes dont la temp\u00e9rature est sup\u00e9rieure \u00e0 38\u00b0 ne seront pas autoris\u00e9es \u00e0 acc\u00e9der \u00e0 l\u2019a\u00e9roport<\/em>\u00bb, pr\u00e9cise l&rsquo;Office, dans son communiqu\u00e9.<\/p>\n\n\n\n<figure class=\"wp-block-embed-facebook wp-block-embed is-type-video is-provider-facebook\"><div class=\"wp-block-embed__wrapper\">\nhttps:\/\/www.facebook.com\/146188975443724\/videos\/3114395068639897\/?tn=%2Cd%2CP-R&#038;eid=ARDw0jL_WvQBWhpRnTdRXhpQZRTLvUvJd9hdHyh3pYNTQ2lGRhtCbzuspvE8pvr1rVwVrne2oKrmcPwp\n<\/div><\/figure>\n\n\n\n<p>Le port du masque, et le respect des mesures de distanciation physique d&rsquo;au moins 1 m\u00e8tre sont obligatoires tout au long de la pr\u00e9sence \u00e0 l\u2019a\u00e9roport et pendant l\u2019accomplissement des formalit\u00e9s d\u2019embarquement, o\u00f9 des moyens de st\u00e9rilisation ont \u00e9t\u00e9 mis \u00e0 disposition des voyageurs.<\/p>\n\n\n\n<p>L&rsquo;OACA rappelle aussi que les passagers doivent se pr\u00e9senter \u00e0 l\u2019a\u00e9roport, quatre heures avant le d\u00e9collage de l&rsquo;avion, et ce, pour \u00e9viter tout encombrement au niveau des bureaux d\u2019enregistrement et de la zone frontali\u00e8re et afin de pouvoir assurer les mesures sanitaires.<\/p>\n\n\n\n<p class=\"has-text-align-right\"><strong>Y. N.<\/strong><\/p>\n\n\n\n<figure class=\"wp-block-embed-wordpress wp-block-embed is-type-wp-embed is-provider-kapitalis\"><div class=\"wp-block-embed__wrapper\">\n<blockquote class=\"wp-embedded-content\" data-secret=\"QPPeoEjuOY\"><a href=\"https:\/\/kapitalis.com\/tunisie\/2020\/06\/04\/tunisair-les-passagers-doivent-se-presenter-a-laeroport-4-heures-avant-le-depart-du-vol\/\">Tunisair : Les passagers doivent se pr\u00e9senter \u00e0 l\u2019a\u00e9roport, 4 heures avant le d\u00e9part du vol<\/a><\/blockquote><iframe loading=\"lazy\" class=\"wp-embedded-content\" sandbox=\"allow-scripts\" security=\"restricted\" style=\"position: absolute; clip: rect(1px, 1px, 1px, 1px);\" title=\"\u00ab\u00a0Tunisair : Les passagers doivent se pr\u00e9senter \u00e0 l\u2019a\u00e9roport, 4 heures avant le d\u00e9part du vol\u00a0\u00bb &#8212; Kapitalis\" src=\"https:\/\/kapitalis.com\/tunisie\/2020\/06\/04\/tunisair-les-passagers-doivent-se-presenter-a-laeroport-4-heures-avant-le-depart-du-vol\/embed\/#?secret=8CaAk2ELDZ#?secret=QPPeoEjuOY\" data-secret=\"QPPeoEjuOY\" width=\"600\" height=\"338\" frameborder=\"0\" marginwidth=\"0\" marginheight=\"0\" scrolling=\"no\"><\/iframe>\n<\/div><\/figure>\n","protected":false},"excerpt":{"rendered":"<p>L\u2019Office de l\u2019aviation civile et des a\u00e9roports (OACA) a annonc\u00e9, aujourd&rsquo;hui, que des mesures exceptionnelles seront adopt\u00e9es d\u00e8s demain, jeudi 18 juin 2020, dans tous les a\u00e9roports tunisiens, dans le but de pr\u00e9server la s\u00e9curit\u00e9 sanitaire des voyageurs et la qualit\u00e9 des prestations, dans le cadre de la lutte contre le coronavirus.<\/p>\n","protected":false},"author":6,"featured_media":303999,"comment_status":"open","ping_status":"open","sticky":false,"template":"","format":"standard","meta":{"footnotes":""},"categories":[998,2433,4806],"tags":[79930,73060,2571,79929,810,79931,4587,3292],"class_list":["post-303995","post","type-post","status-publish","format-standard","has-post-thumbnail","hentry","category-societe","category-tunisie","category-videos","tag-aeroports-tunisiens","tag-coronavirus","tag-oaca","tag-office-de-laviation","tag-sante","tag-securite-sanitaires","tag-vols","tag-voyageurs"],"yoast_head":"<!-- This site is optimized with the Yoast SEO plugin v26.6 - https:\/\/yoast.com\/wordpress\/plugins\/seo\/ -->\n<title>Tunisie : Mesures exceptionnelles dans les a\u00e9roports \u00e0 partir de demain, jeudi 18 juin (Vid\u00e9o) - Kapitalis<\/title>\n<meta name=\"robots\" content=\"index, follow, max-snippet:-1, max-image-preview:large, max-video-preview:-1\" \/>\n<link rel=\"canonical\" href=\"https:\/\/kapitalis.com\/tunisie\/2020\/06\/17\/tunisie-mesures-exceptionnelles-dans-les-aeroports-a-partir-de-demain-jeudi-18-juin-video\/\" \/>\n<meta property=\"og:locale\" content=\"fr_FR\" \/>\n<meta property=\"og:type\" content=\"article\" \/>\n<meta property=\"og:title\" content=\"Tunisie : Mesures exceptionnelles dans les a\u00e9roports \u00e0 partir de demain, jeudi 18 juin (Vid\u00e9o) - Kapitalis\" \/>\n<meta property=\"og:description\" content=\"L\u2019Office de l\u2019aviation civile et des a\u00e9roports (OACA) a annonc\u00e9, aujourd&rsquo;hui, que des mesures exceptionnelles seront adopt\u00e9es d\u00e8s demain, jeudi 18 juin 2020, dans tous les a\u00e9roports tunisiens, dans le but de pr\u00e9server la s\u00e9curit\u00e9 sanitaire des voyageurs et la qualit\u00e9 des prestations, dans le cadre de la lutte contre le coronavirus.\" \/>\n<meta property=\"og:url\" content=\"https:\/\/kapitalis.com\/tunisie\/2020\/06\/17\/tunisie-mesures-exceptionnelles-dans-les-aeroports-a-partir-de-demain-jeudi-18-juin-video\/\" \/>\n<meta property=\"og:site_name\" content=\"Kapitalis\" \/>\n<meta property=\"article:publisher\" content=\"https:\/\/www.facebook.com\/KapitalisInfo\/\" \/>\n<meta property=\"article:published_time\" content=\"2020-06-17T18:43:10+00:00\" \/>\n<meta property=\"article:modified_time\" content=\"2020-06-18T05:55:02+00:00\" \/>\n<meta property=\"og:image\" content=\"https:\/\/kapitalis.com\/tunisie\/wp-content\/uploads\/2022\/05\/kapitalis-logo-fb.png\" \/>\n\t<meta property=\"og:image:width\" content=\"1200\" \/>\n\t<meta property=\"og:image:height\" content=\"630\" \/>\n\t<meta property=\"og:image:type\" content=\"image\/png\" \/>\n<meta name=\"author\" content=\"Yusra NY\" \/>\n<meta name=\"twitter:card\" content=\"summary_large_image\" \/>\n<meta name=\"twitter:creator\" content=\"@KapitalisInfo\" \/>\n<meta name=\"twitter:site\" content=\"@KapitalisInfo\" \/>\n<meta name=\"twitter:label1\" content=\"\u00c9crit par\" \/>\n\t<meta name=\"twitter:data1\" content=\"Yusra NY\" \/>\n\t<meta name=\"twitter:label2\" content=\"Dur\u00e9e de lecture estim\u00e9e\" \/>\n\t<meta name=\"twitter:data2\" content=\"1 minute\" \/>\n<script type=\"application\/ld+json\" class=\"yoast-schema-graph\">{\"@context\":\"https:\/\/schema.org\",\"@graph\":[{\"@type\":\"Article\",\"@id\":\"https:\/\/kapitalis.com\/tunisie\/2020\/06\/17\/tunisie-mesures-exceptionnelles-dans-les-aeroports-a-partir-de-demain-jeudi-18-juin-video\/#article\",\"isPartOf\":{\"@id\":\"https:\/\/kapitalis.com\/tunisie\/2020\/06\/17\/tunisie-mesures-exceptionnelles-dans-les-aeroports-a-partir-de-demain-jeudi-18-juin-video\/\"},\"author\":{\"name\":\"Yusra NY\",\"@id\":\"https:\/\/kapitalis.com\/tunisie\/#\/schema\/person\/74bbde0154d49d790a92aaeac5bc01d5\"},\"headline\":\"Tunisie : Mesures exceptionnelles dans les a\u00e9roports \u00e0 partir de demain, jeudi 18 juin (Vid\u00e9o)\",\"datePublished\":\"2020-06-17T18:43:10+00:00\",\"dateModified\":\"2020-06-18T05:55:02+00:00\",\"mainEntityOfPage\":{\"@id\":\"https:\/\/kapitalis.com\/tunisie\/2020\/06\/17\/tunisie-mesures-exceptionnelles-dans-les-aeroports-a-partir-de-demain-jeudi-18-juin-video\/\"},\"wordCount\":253,\"commentCount\":1,\"publisher\":{\"@id\":\"https:\/\/kapitalis.com\/tunisie\/#organization\"},\"image\":{\"@id\":\"https:\/\/kapitalis.com\/tunisie\/2020\/06\/17\/tunisie-mesures-exceptionnelles-dans-les-aeroports-a-partir-de-demain-jeudi-18-juin-video\/#primaryimage\"},\"thumbnailUrl\":\"\",\"keywords\":[\"a\u00e9roports tunisiens\",\"Coronavirus\",\"Oaca\",\"Office de l\u2019aviation\",\"Sant\u00e9\",\"s\u00e9curit\u00e9 sanitaires\",\"vols\",\"voyageurs\"],\"articleSection\":[\"SOCIETE\",\"Tunisie\",\"VIDEOS\"],\"inLanguage\":\"fr-FR\",\"potentialAction\":[{\"@type\":\"CommentAction\",\"name\":\"Comment\",\"target\":[\"https:\/\/kapitalis.com\/tunisie\/2020\/06\/17\/tunisie-mesures-exceptionnelles-dans-les-aeroports-a-partir-de-demain-jeudi-18-juin-video\/#respond\"]}]},{\"@type\":\"WebPage\",\"@id\":\"https:\/\/kapitalis.com\/tunisie\/2020\/06\/17\/tunisie-mesures-exceptionnelles-dans-les-aeroports-a-partir-de-demain-jeudi-18-juin-video\/\",\"url\":\"https:\/\/kapitalis.com\/tunisie\/2020\/06\/17\/tunisie-mesures-exceptionnelles-dans-les-aeroports-a-partir-de-demain-jeudi-18-juin-video\/\",\"name\":\"Tunisie : Mesures exceptionnelles dans les a\u00e9roports \u00e0 partir de demain, jeudi 18 juin (Vid\u00e9o) - Kapitalis\",\"isPartOf\":{\"@id\":\"https:\/\/kapitalis.com\/tunisie\/#website\"},\"primaryImageOfPage\":{\"@id\":\"https:\/\/kapitalis.com\/tunisie\/2020\/06\/17\/tunisie-mesures-exceptionnelles-dans-les-aeroports-a-partir-de-demain-jeudi-18-juin-video\/#primaryimage\"},\"image\":{\"@id\":\"https:\/\/kapitalis.com\/tunisie\/2020\/06\/17\/tunisie-mesures-exceptionnelles-dans-les-aeroports-a-partir-de-demain-jeudi-18-juin-video\/#primaryimage\"},\"thumbnailUrl\":\"\",\"datePublished\":\"2020-06-17T18:43:10+00:00\",\"dateModified\":\"2020-06-18T05:55:02+00:00\",\"breadcrumb\":{\"@id\":\"https:\/\/kapitalis.com\/tunisie\/2020\/06\/17\/tunisie-mesures-exceptionnelles-dans-les-aeroports-a-partir-de-demain-jeudi-18-juin-video\/#breadcrumb\"},\"inLanguage\":\"fr-FR\",\"potentialAction\":[{\"@type\":\"ReadAction\",\"target\":[\"https:\/\/kapitalis.com\/tunisie\/2020\/06\/17\/tunisie-mesures-exceptionnelles-dans-les-aeroports-a-partir-de-demain-jeudi-18-juin-video\/\"]}]},{\"@type\":\"ImageObject\",\"inLanguage\":\"fr-FR\",\"@id\":\"https:\/\/kapitalis.com\/tunisie\/2020\/06\/17\/tunisie-mesures-exceptionnelles-dans-les-aeroports-a-partir-de-demain-jeudi-18-juin-video\/#primaryimage\",\"url\":\"\",\"contentUrl\":\"\"},{\"@type\":\"BreadcrumbList\",\"@id\":\"https:\/\/kapitalis.com\/tunisie\/2020\/06\/17\/tunisie-mesures-exceptionnelles-dans-les-aeroports-a-partir-de-demain-jeudi-18-juin-video\/#breadcrumb\",\"itemListElement\":[{\"@type\":\"ListItem\",\"position\":1,\"name\":\"Accueil\",\"item\":\"https:\/\/kapitalis.com\/tunisie\/\"},{\"@type\":\"ListItem\",\"position\":2,\"name\":\"Tunisie : Mesures exceptionnelles dans les a\u00e9roports \u00e0 partir de demain, jeudi 18 juin (Vid\u00e9o)\"}]},{\"@type\":\"WebSite\",\"@id\":\"https:\/\/kapitalis.com\/tunisie\/#website\",\"url\":\"https:\/\/kapitalis.com\/tunisie\/\",\"name\":\"Kapitalis\",\"description\":\"L&#039;actualit\u00e9 en Tunisie et dans le monde\",\"publisher\":{\"@id\":\"https:\/\/kapitalis.com\/tunisie\/#organization\"},\"potentialAction\":[{\"@type\":\"SearchAction\",\"target\":{\"@type\":\"EntryPoint\",\"urlTemplate\":\"https:\/\/kapitalis.com\/tunisie\/?s={search_term_string}\"},\"query-input\":{\"@type\":\"PropertyValueSpecification\",\"valueRequired\":true,\"valueName\":\"search_term_string\"}}],\"inLanguage\":\"fr-FR\"},{\"@type\":\"Organization\",\"@id\":\"https:\/\/kapitalis.com\/tunisie\/#organization\",\"name\":\"Kapitalis\",\"url\":\"https:\/\/kapitalis.com\/tunisie\/\",\"logo\":{\"@type\":\"ImageObject\",\"inLanguage\":\"fr-FR\",\"@id\":\"https:\/\/kapitalis.com\/tunisie\/#\/schema\/logo\/image\/\",\"url\":\"https:\/\/kapitalis.com\/tunisie\/wp-content\/uploads\/2022\/05\/Kapitalis-big-size.png\",\"contentUrl\":\"https:\/\/kapitalis.com\/tunisie\/wp-content\/uploads\/2022\/05\/Kapitalis-big-size.png\",\"width\":5000,\"height\":1500,\"caption\":\"Kapitalis\"},\"image\":{\"@id\":\"https:\/\/kapitalis.com\/tunisie\/#\/schema\/logo\/image\/\"},\"sameAs\":[\"https:\/\/www.facebook.com\/KapitalisInfo\/\",\"https:\/\/x.com\/KapitalisInfo\",\"https:\/\/www.youtube.com\/channel\/UC-yDYrHyfFBWWZaOw3FPg9Q\"]},{\"@type\":\"Person\",\"@id\":\"https:\/\/kapitalis.com\/tunisie\/#\/schema\/person\/74bbde0154d49d790a92aaeac5bc01d5\",\"name\":\"Yusra NY\",\"url\":\"https:\/\/kapitalis.com\/tunisie\/author\/yuza_adam\/\"}]}<\/script>\n<!-- \/ Yoast SEO plugin. -->","yoast_head_json":{"title":"Tunisie : Mesures exceptionnelles dans les a\u00e9roports \u00e0 partir de demain, jeudi 18 juin (Vid\u00e9o) - Kapitalis","robots":{"index":"index","follow":"follow","max-snippet":"max-snippet:-1","max-image-preview":"max-image-preview:large","max-video-preview":"max-video-preview:-1"},"canonical":"https:\/\/kapitalis.com\/tunisie\/2020\/06\/17\/tunisie-mesures-exceptionnelles-dans-les-aeroports-a-partir-de-demain-jeudi-18-juin-video\/","og_locale":"fr_FR","og_type":"article","og_title":"Tunisie : Mesures exceptionnelles dans les a\u00e9roports \u00e0 partir de demain, jeudi 18 juin (Vid\u00e9o) - Kapitalis","og_description":"L\u2019Office de l\u2019aviation civile et des a\u00e9roports (OACA) a annonc\u00e9, aujourd&rsquo;hui, que des mesures exceptionnelles seront adopt\u00e9es d\u00e8s demain, jeudi 18 juin 2020, dans tous les a\u00e9roports tunisiens, dans le but de pr\u00e9server la s\u00e9curit\u00e9 sanitaire des voyageurs et la qualit\u00e9 des prestations, dans le cadre de la lutte contre le coronavirus.","og_url":"https:\/\/kapitalis.com\/tunisie\/2020\/06\/17\/tunisie-mesures-exceptionnelles-dans-les-aeroports-a-partir-de-demain-jeudi-18-juin-video\/","og_site_name":"Kapitalis","article_publisher":"https:\/\/www.facebook.com\/KapitalisInfo\/","article_published_time":"2020-06-17T18:43:10+00:00","article_modified_time":"2020-06-18T05:55:02+00:00","og_image":[{"width":1200,"height":630,"url":"https:\/\/kapitalis.com\/tunisie\/wp-content\/uploads\/2022\/05\/kapitalis-logo-fb.png","type":"image\/png"}],"author":"Yusra NY","twitter_card":"summary_large_image","twitter_creator":"@KapitalisInfo","twitter_site":"@KapitalisInfo","twitter_misc":{"\u00c9crit par":"Yusra NY","Dur\u00e9e de lecture estim\u00e9e":"1 minute"},"schema":{"@context":"https:\/\/schema.org","@graph":[{"@type":"Article","@id":"https:\/\/kapitalis.com\/tunisie\/2020\/06\/17\/tunisie-mesures-exceptionnelles-dans-les-aeroports-a-partir-de-demain-jeudi-18-juin-video\/#article","isPartOf":{"@id":"https:\/\/kapitalis.com\/tunisie\/2020\/06\/17\/tunisie-mesures-exceptionnelles-dans-les-aeroports-a-partir-de-demain-jeudi-18-juin-video\/"},"author":{"name":"Yusra NY","@id":"https:\/\/kapitalis.com\/tunisie\/#\/schema\/person\/74bbde0154d49d790a92aaeac5bc01d5"},"headline":"Tunisie : Mesures exceptionnelles dans les a\u00e9roports \u00e0 partir de demain, jeudi 18 juin (Vid\u00e9o)","datePublished":"2020-06-17T18:43:10+00:00","dateModified":"2020-06-18T05:55:02+00:00","mainEntityOfPage":{"@id":"https:\/\/kapitalis.com\/tunisie\/2020\/06\/17\/tunisie-mesures-exceptionnelles-dans-les-aeroports-a-partir-de-demain-jeudi-18-juin-video\/"},"wordCount":253,"commentCount":1,"publisher":{"@id":"https:\/\/kapitalis.com\/tunisie\/#organization"},"image":{"@id":"https:\/\/kapitalis.com\/tunisie\/2020\/06\/17\/tunisie-mesures-exceptionnelles-dans-les-aeroports-a-partir-de-demain-jeudi-18-juin-video\/#primaryimage"},"thumbnailUrl":"","keywords":["a\u00e9roports tunisiens","Coronavirus","Oaca","Office de l\u2019aviation","Sant\u00e9","s\u00e9curit\u00e9 sanitaires","vols","voyageurs"],"articleSection":["SOCIETE","Tunisie","VIDEOS"],"inLanguage":"fr-FR","potentialAction":[{"@type":"CommentAction","name":"Comment","target":["https:\/\/kapitalis.com\/tunisie\/2020\/06\/17\/tunisie-mesures-exceptionnelles-dans-les-aeroports-a-partir-de-demain-jeudi-18-juin-video\/#respond"]}]},{"@type":"WebPage","@id":"https:\/\/kapitalis.com\/tunisie\/2020\/06\/17\/tunisie-mesures-exceptionnelles-dans-les-aeroports-a-partir-de-demain-jeudi-18-juin-video\/","url":"https:\/\/kapitalis.com\/tunisie\/2020\/06\/17\/tunisie-mesures-exceptionnelles-dans-les-aeroports-a-partir-de-demain-jeudi-18-juin-video\/","name":"Tunisie : Mesures exceptionnelles dans les a\u00e9roports \u00e0 partir de demain, jeudi 18 juin (Vid\u00e9o) - Kapitalis","isPartOf":{"@id":"https:\/\/kapitalis.com\/tunisie\/#website"},"primaryImageOfPage":{"@id":"https:\/\/kapitalis.com\/tunisie\/2020\/06\/17\/tunisie-mesures-exceptionnelles-dans-les-aeroports-a-partir-de-demain-jeudi-18-juin-video\/#primaryimage"},"image":{"@id":"https:\/\/kapitalis.com\/tunisie\/2020\/06\/17\/tunisie-mesures-exceptionnelles-dans-les-aeroports-a-partir-de-demain-jeudi-18-juin-video\/#primaryimage"},"thumbnailUrl":"","datePublished":"2020-06-17T18:43:10+00:00","dateModified":"2020-06-18T05:55:02+00:00","breadcrumb":{"@id":"https:\/\/kapitalis.com\/tunisie\/2020\/06\/17\/tunisie-mesures-exceptionnelles-dans-les-aeroports-a-partir-de-demain-jeudi-18-juin-video\/#breadcrumb"},"inLanguage":"fr-FR","potentialAction":[{"@type":"ReadAction","target":["https:\/\/kapitalis.com\/tunisie\/2020\/06\/17\/tunisie-mesures-exceptionnelles-dans-les-aeroports-a-partir-de-demain-jeudi-18-juin-video\/"]}]},{"@type":"ImageObject","inLanguage":"fr-FR","@id":"https:\/\/kapitalis.com\/tunisie\/2020\/06\/17\/tunisie-mesures-exceptionnelles-dans-les-aeroports-a-partir-de-demain-jeudi-18-juin-video\/#primaryimage","url":"","contentUrl":""},{"@type":"BreadcrumbList","@id":"https:\/\/kapitalis.com\/tunisie\/2020\/06\/17\/tunisie-mesures-exceptionnelles-dans-les-aeroports-a-partir-de-demain-jeudi-18-juin-video\/#breadcrumb","itemListElement":[{"@type":"ListItem","position":1,"name":"Accueil","item":"https:\/\/kapitalis.com\/tunisie\/"},{"@type":"ListItem","position":2,"name":"Tunisie : Mesures exceptionnelles dans les a\u00e9roports \u00e0 partir de demain, jeudi 18 juin (Vid\u00e9o)"}]},{"@type":"WebSite","@id":"https:\/\/kapitalis.com\/tunisie\/#website","url":"https:\/\/kapitalis.com\/tunisie\/","name":"Kapitalis","description":"L&#039;actualit\u00e9 en Tunisie et dans le monde","publisher":{"@id":"https:\/\/kapitalis.com\/tunisie\/#organization"},"potentialAction":[{"@type":"SearchAction","target":{"@type":"EntryPoint","urlTemplate":"https:\/\/kapitalis.com\/tunisie\/?s={search_term_string}"},"query-input":{"@type":"PropertyValueSpecification","valueRequired":true,"valueName":"search_term_string"}}],"inLanguage":"fr-FR"},{"@type":"Organization","@id":"https:\/\/kapitalis.com\/tunisie\/#organization","name":"Kapitalis","url":"https:\/\/kapitalis.com\/tunisie\/","logo":{"@type":"ImageObject","inLanguage":"fr-FR","@id":"https:\/\/kapitalis.com\/tunisie\/#\/schema\/logo\/image\/","url":"https:\/\/kapitalis.com\/tunisie\/wp-content\/uploads\/2022\/05\/Kapitalis-big-size.png","contentUrl":"https:\/\/kapitalis.com\/tunisie\/wp-content\/uploads\/2022\/05\/Kapitalis-big-size.png","width":5000,"height":1500,"caption":"Kapitalis"},"image":{"@id":"https:\/\/kapitalis.com\/tunisie\/#\/schema\/logo\/image\/"},"sameAs":["https:\/\/www.facebook.com\/KapitalisInfo\/","https:\/\/x.com\/KapitalisInfo","https:\/\/www.youtube.com\/channel\/UC-yDYrHyfFBWWZaOw3FPg9Q"]},{"@type":"Person","@id":"https:\/\/kapitalis.com\/tunisie\/#\/schema\/person\/74bbde0154d49d790a92aaeac5bc01d5","name":"Yusra NY","url":"https:\/\/kapitalis.com\/tunisie\/author\/yuza_adam\/"}]}},"_links":{"self":[{"href":"https:\/\/kapitalis.com\/tunisie\/wp-json\/wp\/v2\/posts\/303995","targetHints":{"allow":["GET"]}}],"collection":[{"href":"https:\/\/kapitalis.com\/tunisie\/wp-json\/wp\/v2\/posts"}],"about":[{"href":"https:\/\/kapitalis.com\/tunisie\/wp-json\/wp\/v2\/types\/post"}],"author":[{"embeddable":true,"href":"https:\/\/kapitalis.com\/tunisie\/wp-json\/wp\/v2\/users\/6"}],"replies":[{"embeddable":true,"href":"https:\/\/kapitalis.com\/tunisie\/wp-json\/wp\/v2\/comments?post=303995"}],"version-history":[{"count":0,"href":"https:\/\/kapitalis.com\/tunisie\/wp-json\/wp\/v2\/posts\/303995\/revisions"}],"wp:featuredmedia":[{"embeddable":true,"href":"https:\/\/kapitalis.com\/tunisie\/wp-json\/wp\/v2\/media\/303999"}],"wp:attachment":[{"href":"https:\/\/kapitalis.com\/tunisie\/wp-json\/wp\/v2\/media?parent=303995"}],"wp:term":[{"taxonomy":"category","embeddable":true,"href":"https:\/\/kapitalis.com\/tunisie\/wp-json\/wp\/v2\/categories?post=303995"},{"taxonomy":"post_tag","embeddable":true,"href":"https:\/\/kapitalis.com\/tunisie\/wp-json\/wp\/v2\/tags?post=303995"}],"curies":[{"name":"wp","href":"https:\/\/api.w.org\/{rel}","templated":true}]}}