{"id":304092,"date":"2020-06-18T11:37:27","date_gmt":"2020-06-18T10:37:27","guid":{"rendered":"http:\/\/kapitalis.com\/tunisie\/?p=304092"},"modified":"2020-06-18T11:48:46","modified_gmt":"2020-06-18T10:48:46","slug":"luniversitaire-et-militant-abbes-abdelkefi-tire-sa-reference","status":"publish","type":"post","link":"https:\/\/kapitalis.com\/tunisie\/2020\/06\/18\/luniversitaire-et-militant-abbes-abdelkefi-tire-sa-reference\/","title":{"rendered":"L\u2019universitaire et militant Abbes Abdelkefi tire sa r\u00e9v\u00e9rence"},"content":{"rendered":"\n<figure class=\"wp-block-image size-large is-resized\"><img loading=\"lazy\" decoding=\"async\" src=\"http:\/\/kapitalis.com\/tunisie\/wp-content\/uploads\/2020\/06\/Abbes-et-Rabaa-Abdelkefi.jpg\" alt=\"\" class=\"wp-image-304095\" width=\"580\" height=\"352\"\/><figcaption><em>Abbes et Rab\u00e2a Ben Achour Abdelkefi.<\/em><\/figcaption><\/figure>\n\n\n\n<p><strong><em>L\u2019enseignant universitaire et militant pour la d\u00e9mocratie et les droits, Abbes Abdelkefi vient de nous quitter apr\u00e8s un long et courageux combat avec la maladie<\/em><\/strong>.<\/p>\n\n\n\n<!--more-->\n\n\n\n<p>En ce moment douloureux, nos pens\u00e9es les plus affectueuses et les plus tendres vont pour son \u00e9pouse, l\u2019universitaire et \u00e9crivaine Rab\u00e2a Ben Achour Abdelkefi et \u00e0 leurs enfants Cherifa et Hedi, ainsi qu\u2019aux familles Abdelkefi et Ben Achour, et \u00e0 tous les amis et coll\u00e8gues du d\u00e9funt. <\/p>\n\n\n\n<p><em>\u00abC\u2019\u00e9tait un homme entier, honn\u00eate et engag\u00e9 pour les causes justes et pour la d\u00e9fense des libert\u00e9s\u00bb,<\/em> t\u00e9moigne l\u2019un de ses coll\u00e8gues.<\/p>\n","protected":false},"excerpt":{"rendered":"<p>L\u2019enseignant universitaire et militant pour la d\u00e9mocratie et les droits, Abbes Abdelkefi vient de nous quitter apr\u00e8s un long et courageux combat avec la maladie.<\/p>\n","protected":false},"author":8,"featured_media":304095,"comment_status":"open","ping_status":"open","sticky":false,"template":"","format":"standard","meta":{"footnotes":""},"categories":[994,999,2433],"tags":[79952,79954],"class_list":["post-304092","post","type-post","status-publish","format-standard","has-post-thumbnail","hentry","category-culture","category-sport","category-tunisie","tag-abbes-abdelkefi","tag-rabaa-ben-achour-abdelkefi"],"yoast_head":"<!-- This site is optimized with the Yoast SEO plugin v26.6 - https:\/\/yoast.com\/wordpress\/plugins\/seo\/ -->\n<title>L\u2019universitaire et militant Abbes Abdelkefi tire sa r\u00e9v\u00e9rence - Kapitalis<\/title>\n<meta name=\"robots\" content=\"index, follow, max-snippet:-1, max-image-preview:large, max-video-preview:-1\" \/>\n<link rel=\"canonical\" href=\"https:\/\/kapitalis.com\/tunisie\/2020\/06\/18\/luniversitaire-et-militant-abbes-abdelkefi-tire-sa-reference\/\" \/>\n<meta property=\"og:locale\" content=\"fr_FR\" \/>\n<meta property=\"og:type\" content=\"article\" \/>\n<meta property=\"og:title\" content=\"L\u2019universitaire et militant Abbes Abdelkefi tire sa r\u00e9v\u00e9rence - Kapitalis\" \/>\n<meta property=\"og:description\" content=\"L\u2019enseignant universitaire et militant pour la d\u00e9mocratie et les droits, Abbes Abdelkefi vient de nous quitter apr\u00e8s un long et courageux combat avec la maladie.\" \/>\n<meta property=\"og:url\" content=\"https:\/\/kapitalis.com\/tunisie\/2020\/06\/18\/luniversitaire-et-militant-abbes-abdelkefi-tire-sa-reference\/\" \/>\n<meta property=\"og:site_name\" content=\"Kapitalis\" \/>\n<meta property=\"article:publisher\" content=\"https:\/\/www.facebook.com\/KapitalisInfo\/\" \/>\n<meta property=\"article:published_time\" content=\"2020-06-18T10:37:27+00:00\" \/>\n<meta property=\"article:modified_time\" content=\"2020-06-18T10:48:46+00:00\" \/>\n<meta property=\"og:image\" content=\"https:\/\/kapitalis.com\/tunisie\/wp-content\/uploads\/2022\/05\/kapitalis-logo-fb.png\" \/>\n\t<meta property=\"og:image:width\" content=\"1200\" \/>\n\t<meta property=\"og:image:height\" content=\"630\" \/>\n\t<meta property=\"og:image:type\" content=\"image\/png\" \/>\n<meta name=\"author\" content=\"webmaster kapitalis\" \/>\n<meta name=\"twitter:card\" content=\"summary_large_image\" \/>\n<meta name=\"twitter:creator\" content=\"@KapitalisInfo\" \/>\n<meta name=\"twitter:site\" content=\"@KapitalisInfo\" \/>\n<meta name=\"twitter:label1\" content=\"\u00c9crit par\" \/>\n\t<meta name=\"twitter:data1\" content=\"webmaster kapitalis\" \/>\n\t<meta name=\"twitter:label2\" content=\"Dur\u00e9e de lecture estim\u00e9e\" \/>\n\t<meta name=\"twitter:data2\" content=\"1 minute\" \/>\n<script type=\"application\/ld+json\" class=\"yoast-schema-graph\">{\"@context\":\"https:\/\/schema.org\",\"@graph\":[{\"@type\":\"Article\",\"@id\":\"https:\/\/kapitalis.com\/tunisie\/2020\/06\/18\/luniversitaire-et-militant-abbes-abdelkefi-tire-sa-reference\/#article\",\"isPartOf\":{\"@id\":\"https:\/\/kapitalis.com\/tunisie\/2020\/06\/18\/luniversitaire-et-militant-abbes-abdelkefi-tire-sa-reference\/\"},\"author\":{\"name\":\"webmaster kapitalis\",\"@id\":\"https:\/\/kapitalis.com\/tunisie\/#\/schema\/person\/d71f33a9ca44f7bad4698210b480c8e9\"},\"headline\":\"L\u2019universitaire et militant Abbes Abdelkefi tire sa r\u00e9v\u00e9rence\",\"datePublished\":\"2020-06-18T10:37:27+00:00\",\"dateModified\":\"2020-06-18T10:48:46+00:00\",\"mainEntityOfPage\":{\"@id\":\"https:\/\/kapitalis.com\/tunisie\/2020\/06\/18\/luniversitaire-et-militant-abbes-abdelkefi-tire-sa-reference\/\"},\"wordCount\":126,\"commentCount\":3,\"publisher\":{\"@id\":\"https:\/\/kapitalis.com\/tunisie\/#organization\"},\"image\":{\"@id\":\"https:\/\/kapitalis.com\/tunisie\/2020\/06\/18\/luniversitaire-et-militant-abbes-abdelkefi-tire-sa-reference\/#primaryimage\"},\"thumbnailUrl\":\"\",\"keywords\":[\"Abbes Abdelkefi\",\"Rab\u00e2a Ben Achour Abdelkefi\"],\"articleSection\":[\"CULTURE\",\"SPORT\",\"Tunisie\"],\"inLanguage\":\"fr-FR\",\"potentialAction\":[{\"@type\":\"CommentAction\",\"name\":\"Comment\",\"target\":[\"https:\/\/kapitalis.com\/tunisie\/2020\/06\/18\/luniversitaire-et-militant-abbes-abdelkefi-tire-sa-reference\/#respond\"]}]},{\"@type\":\"WebPage\",\"@id\":\"https:\/\/kapitalis.com\/tunisie\/2020\/06\/18\/luniversitaire-et-militant-abbes-abdelkefi-tire-sa-reference\/\",\"url\":\"https:\/\/kapitalis.com\/tunisie\/2020\/06\/18\/luniversitaire-et-militant-abbes-abdelkefi-tire-sa-reference\/\",\"name\":\"L\u2019universitaire et militant Abbes Abdelkefi tire sa r\u00e9v\u00e9rence - Kapitalis\",\"isPartOf\":{\"@id\":\"https:\/\/kapitalis.com\/tunisie\/#website\"},\"primaryImageOfPage\":{\"@id\":\"https:\/\/kapitalis.com\/tunisie\/2020\/06\/18\/luniversitaire-et-militant-abbes-abdelkefi-tire-sa-reference\/#primaryimage\"},\"image\":{\"@id\":\"https:\/\/kapitalis.com\/tunisie\/2020\/06\/18\/luniversitaire-et-militant-abbes-abdelkefi-tire-sa-reference\/#primaryimage\"},\"thumbnailUrl\":\"\",\"datePublished\":\"2020-06-18T10:37:27+00:00\",\"dateModified\":\"2020-06-18T10:48:46+00:00\",\"breadcrumb\":{\"@id\":\"https:\/\/kapitalis.com\/tunisie\/2020\/06\/18\/luniversitaire-et-militant-abbes-abdelkefi-tire-sa-reference\/#breadcrumb\"},\"inLanguage\":\"fr-FR\",\"potentialAction\":[{\"@type\":\"ReadAction\",\"target\":[\"https:\/\/kapitalis.com\/tunisie\/2020\/06\/18\/luniversitaire-et-militant-abbes-abdelkefi-tire-sa-reference\/\"]}]},{\"@type\":\"ImageObject\",\"inLanguage\":\"fr-FR\",\"@id\":\"https:\/\/kapitalis.com\/tunisie\/2020\/06\/18\/luniversitaire-et-militant-abbes-abdelkefi-tire-sa-reference\/#primaryimage\",\"url\":\"\",\"contentUrl\":\"\"},{\"@type\":\"BreadcrumbList\",\"@id\":\"https:\/\/kapitalis.com\/tunisie\/2020\/06\/18\/luniversitaire-et-militant-abbes-abdelkefi-tire-sa-reference\/#breadcrumb\",\"itemListElement\":[{\"@type\":\"ListItem\",\"position\":1,\"name\":\"Accueil\",\"item\":\"https:\/\/kapitalis.com\/tunisie\/\"},{\"@type\":\"ListItem\",\"position\":2,\"name\":\"L\u2019universitaire et militant Abbes Abdelkefi tire sa r\u00e9v\u00e9rence\"}]},{\"@type\":\"WebSite\",\"@id\":\"https:\/\/kapitalis.com\/tunisie\/#website\",\"url\":\"https:\/\/kapitalis.com\/tunisie\/\",\"name\":\"Kapitalis\",\"description\":\"L&#039;actualit\u00e9 en Tunisie et dans le monde\",\"publisher\":{\"@id\":\"https:\/\/kapitalis.com\/tunisie\/#organization\"},\"potentialAction\":[{\"@type\":\"SearchAction\",\"target\":{\"@type\":\"EntryPoint\",\"urlTemplate\":\"https:\/\/kapitalis.com\/tunisie\/?s={search_term_string}\"},\"query-input\":{\"@type\":\"PropertyValueSpecification\",\"valueRequired\":true,\"valueName\":\"search_term_string\"}}],\"inLanguage\":\"fr-FR\"},{\"@type\":\"Organization\",\"@id\":\"https:\/\/kapitalis.com\/tunisie\/#organization\",\"name\":\"Kapitalis\",\"url\":\"https:\/\/kapitalis.com\/tunisie\/\",\"logo\":{\"@type\":\"ImageObject\",\"inLanguage\":\"fr-FR\",\"@id\":\"https:\/\/kapitalis.com\/tunisie\/#\/schema\/logo\/image\/\",\"url\":\"https:\/\/kapitalis.com\/tunisie\/wp-content\/uploads\/2022\/05\/Kapitalis-big-size.png\",\"contentUrl\":\"https:\/\/kapitalis.com\/tunisie\/wp-content\/uploads\/2022\/05\/Kapitalis-big-size.png\",\"width\":5000,\"height\":1500,\"caption\":\"Kapitalis\"},\"image\":{\"@id\":\"https:\/\/kapitalis.com\/tunisie\/#\/schema\/logo\/image\/\"},\"sameAs\":[\"https:\/\/www.facebook.com\/KapitalisInfo\/\",\"https:\/\/x.com\/KapitalisInfo\",\"https:\/\/www.youtube.com\/channel\/UC-yDYrHyfFBWWZaOw3FPg9Q\"]},{\"@type\":\"Person\",\"@id\":\"https:\/\/kapitalis.com\/tunisie\/#\/schema\/person\/d71f33a9ca44f7bad4698210b480c8e9\",\"name\":\"webmaster kapitalis\",\"url\":\"https:\/\/kapitalis.com\/tunisie\/author\/webmaster-kapitalis\/\"}]}<\/script>\n<!-- \/ Yoast SEO plugin. -->","yoast_head_json":{"title":"L\u2019universitaire et militant Abbes Abdelkefi tire sa r\u00e9v\u00e9rence - Kapitalis","robots":{"index":"index","follow":"follow","max-snippet":"max-snippet:-1","max-image-preview":"max-image-preview:large","max-video-preview":"max-video-preview:-1"},"canonical":"https:\/\/kapitalis.com\/tunisie\/2020\/06\/18\/luniversitaire-et-militant-abbes-abdelkefi-tire-sa-reference\/","og_locale":"fr_FR","og_type":"article","og_title":"L\u2019universitaire et militant Abbes Abdelkefi tire sa r\u00e9v\u00e9rence - Kapitalis","og_description":"L\u2019enseignant universitaire et militant pour la d\u00e9mocratie et les droits, Abbes Abdelkefi vient de nous quitter apr\u00e8s un long et courageux combat avec la maladie.","og_url":"https:\/\/kapitalis.com\/tunisie\/2020\/06\/18\/luniversitaire-et-militant-abbes-abdelkefi-tire-sa-reference\/","og_site_name":"Kapitalis","article_publisher":"https:\/\/www.facebook.com\/KapitalisInfo\/","article_published_time":"2020-06-18T10:37:27+00:00","article_modified_time":"2020-06-18T10:48:46+00:00","og_image":[{"width":1200,"height":630,"url":"https:\/\/kapitalis.com\/tunisie\/wp-content\/uploads\/2022\/05\/kapitalis-logo-fb.png","type":"image\/png"}],"author":"webmaster kapitalis","twitter_card":"summary_large_image","twitter_creator":"@KapitalisInfo","twitter_site":"@KapitalisInfo","twitter_misc":{"\u00c9crit par":"webmaster kapitalis","Dur\u00e9e de lecture estim\u00e9e":"1 minute"},"schema":{"@context":"https:\/\/schema.org","@graph":[{"@type":"Article","@id":"https:\/\/kapitalis.com\/tunisie\/2020\/06\/18\/luniversitaire-et-militant-abbes-abdelkefi-tire-sa-reference\/#article","isPartOf":{"@id":"https:\/\/kapitalis.com\/tunisie\/2020\/06\/18\/luniversitaire-et-militant-abbes-abdelkefi-tire-sa-reference\/"},"author":{"name":"webmaster kapitalis","@id":"https:\/\/kapitalis.com\/tunisie\/#\/schema\/person\/d71f33a9ca44f7bad4698210b480c8e9"},"headline":"L\u2019universitaire et militant Abbes Abdelkefi tire sa r\u00e9v\u00e9rence","datePublished":"2020-06-18T10:37:27+00:00","dateModified":"2020-06-18T10:48:46+00:00","mainEntityOfPage":{"@id":"https:\/\/kapitalis.com\/tunisie\/2020\/06\/18\/luniversitaire-et-militant-abbes-abdelkefi-tire-sa-reference\/"},"wordCount":126,"commentCount":3,"publisher":{"@id":"https:\/\/kapitalis.com\/tunisie\/#organization"},"image":{"@id":"https:\/\/kapitalis.com\/tunisie\/2020\/06\/18\/luniversitaire-et-militant-abbes-abdelkefi-tire-sa-reference\/#primaryimage"},"thumbnailUrl":"","keywords":["Abbes Abdelkefi","Rab\u00e2a Ben Achour Abdelkefi"],"articleSection":["CULTURE","SPORT","Tunisie"],"inLanguage":"fr-FR","potentialAction":[{"@type":"CommentAction","name":"Comment","target":["https:\/\/kapitalis.com\/tunisie\/2020\/06\/18\/luniversitaire-et-militant-abbes-abdelkefi-tire-sa-reference\/#respond"]}]},{"@type":"WebPage","@id":"https:\/\/kapitalis.com\/tunisie\/2020\/06\/18\/luniversitaire-et-militant-abbes-abdelkefi-tire-sa-reference\/","url":"https:\/\/kapitalis.com\/tunisie\/2020\/06\/18\/luniversitaire-et-militant-abbes-abdelkefi-tire-sa-reference\/","name":"L\u2019universitaire et militant Abbes Abdelkefi tire sa r\u00e9v\u00e9rence - Kapitalis","isPartOf":{"@id":"https:\/\/kapitalis.com\/tunisie\/#website"},"primaryImageOfPage":{"@id":"https:\/\/kapitalis.com\/tunisie\/2020\/06\/18\/luniversitaire-et-militant-abbes-abdelkefi-tire-sa-reference\/#primaryimage"},"image":{"@id":"https:\/\/kapitalis.com\/tunisie\/2020\/06\/18\/luniversitaire-et-militant-abbes-abdelkefi-tire-sa-reference\/#primaryimage"},"thumbnailUrl":"","datePublished":"2020-06-18T10:37:27+00:00","dateModified":"2020-06-18T10:48:46+00:00","breadcrumb":{"@id":"https:\/\/kapitalis.com\/tunisie\/2020\/06\/18\/luniversitaire-et-militant-abbes-abdelkefi-tire-sa-reference\/#breadcrumb"},"inLanguage":"fr-FR","potentialAction":[{"@type":"ReadAction","target":["https:\/\/kapitalis.com\/tunisie\/2020\/06\/18\/luniversitaire-et-militant-abbes-abdelkefi-tire-sa-reference\/"]}]},{"@type":"ImageObject","inLanguage":"fr-FR","@id":"https:\/\/kapitalis.com\/tunisie\/2020\/06\/18\/luniversitaire-et-militant-abbes-abdelkefi-tire-sa-reference\/#primaryimage","url":"","contentUrl":""},{"@type":"BreadcrumbList","@id":"https:\/\/kapitalis.com\/tunisie\/2020\/06\/18\/luniversitaire-et-militant-abbes-abdelkefi-tire-sa-reference\/#breadcrumb","itemListElement":[{"@type":"ListItem","position":1,"name":"Accueil","item":"https:\/\/kapitalis.com\/tunisie\/"},{"@type":"ListItem","position":2,"name":"L\u2019universitaire et militant Abbes Abdelkefi tire sa r\u00e9v\u00e9rence"}]},{"@type":"WebSite","@id":"https:\/\/kapitalis.com\/tunisie\/#website","url":"https:\/\/kapitalis.com\/tunisie\/","name":"Kapitalis","description":"L&#039;actualit\u00e9 en Tunisie et dans le monde","publisher":{"@id":"https:\/\/kapitalis.com\/tunisie\/#organization"},"potentialAction":[{"@type":"SearchAction","target":{"@type":"EntryPoint","urlTemplate":"https:\/\/kapitalis.com\/tunisie\/?s={search_term_string}"},"query-input":{"@type":"PropertyValueSpecification","valueRequired":true,"valueName":"search_term_string"}}],"inLanguage":"fr-FR"},{"@type":"Organization","@id":"https:\/\/kapitalis.com\/tunisie\/#organization","name":"Kapitalis","url":"https:\/\/kapitalis.com\/tunisie\/","logo":{"@type":"ImageObject","inLanguage":"fr-FR","@id":"https:\/\/kapitalis.com\/tunisie\/#\/schema\/logo\/image\/","url":"https:\/\/kapitalis.com\/tunisie\/wp-content\/uploads\/2022\/05\/Kapitalis-big-size.png","contentUrl":"https:\/\/kapitalis.com\/tunisie\/wp-content\/uploads\/2022\/05\/Kapitalis-big-size.png","width":5000,"height":1500,"caption":"Kapitalis"},"image":{"@id":"https:\/\/kapitalis.com\/tunisie\/#\/schema\/logo\/image\/"},"sameAs":["https:\/\/www.facebook.com\/KapitalisInfo\/","https:\/\/x.com\/KapitalisInfo","https:\/\/www.youtube.com\/channel\/UC-yDYrHyfFBWWZaOw3FPg9Q"]},{"@type":"Person","@id":"https:\/\/kapitalis.com\/tunisie\/#\/schema\/person\/d71f33a9ca44f7bad4698210b480c8e9","name":"webmaster kapitalis","url":"https:\/\/kapitalis.com\/tunisie\/author\/webmaster-kapitalis\/"}]}},"_links":{"self":[{"href":"https:\/\/kapitalis.com\/tunisie\/wp-json\/wp\/v2\/posts\/304092","targetHints":{"allow":["GET"]}}],"collection":[{"href":"https:\/\/kapitalis.com\/tunisie\/wp-json\/wp\/v2\/posts"}],"about":[{"href":"https:\/\/kapitalis.com\/tunisie\/wp-json\/wp\/v2\/types\/post"}],"author":[{"embeddable":true,"href":"https:\/\/kapitalis.com\/tunisie\/wp-json\/wp\/v2\/users\/8"}],"replies":[{"embeddable":true,"href":"https:\/\/kapitalis.com\/tunisie\/wp-json\/wp\/v2\/comments?post=304092"}],"version-history":[{"count":0,"href":"https:\/\/kapitalis.com\/tunisie\/wp-json\/wp\/v2\/posts\/304092\/revisions"}],"wp:featuredmedia":[{"embeddable":true,"href":"https:\/\/kapitalis.com\/tunisie\/wp-json\/wp\/v2\/media\/304095"}],"wp:attachment":[{"href":"https:\/\/kapitalis.com\/tunisie\/wp-json\/wp\/v2\/media?parent=304092"}],"wp:term":[{"taxonomy":"category","embeddable":true,"href":"https:\/\/kapitalis.com\/tunisie\/wp-json\/wp\/v2\/categories?post=304092"},{"taxonomy":"post_tag","embeddable":true,"href":"https:\/\/kapitalis.com\/tunisie\/wp-json\/wp\/v2\/tags?post=304092"}],"curies":[{"name":"wp","href":"https:\/\/api.w.org\/{rel}","templated":true}]}}