{"id":304166,"date":"2020-06-19T08:38:42","date_gmt":"2020-06-19T07:38:42","guid":{"rendered":"http:\/\/kapitalis.com\/tunisie\/?p=304166"},"modified":"2020-06-19T08:38:43","modified_gmt":"2020-06-19T07:38:43","slug":"paris-exposition-matieres-en-exil-a-la-galerie-terrain-vagh","status":"publish","type":"post","link":"https:\/\/kapitalis.com\/tunisie\/2020\/06\/19\/paris-exposition-matieres-en-exil-a-la-galerie-terrain-vagh\/","title":{"rendered":"Paris : Exposition \u00ab\u00a0Mati\u00e8res en exil\u00a0\u00bb \u00e0 la galerie Terrain Vagh"},"content":{"rendered":"\n<figure class=\"wp-block-image size-large\"><img decoding=\"async\" src=\"http:\/\/kapitalis.com\/tunisie\/wp-content\/uploads\/2020\/06\/Untitled-1-7.jpg\" alt=\"\" class=\"wp-image-304167\"\/><\/figure>\n\n\n\n<p><strong><em>La galerie d\u2019art Terrain Vagh \u00e0 Paris g\u00e9r\u00e9e par la galeriste franco-tunisienne Moufida Atig accueille \u00e0 partir de ce samedi 20 juin 2020 l\u2019exposition \u00abMati\u00e8res en exil\u00bb de l\u2019artiste syrienne Oroubah Dieb.<\/em><\/strong><\/p>\n\n\n\n<!--more-->\n\n\n\n<p>Situ\u00e9e au c\u0153ur du quartier latin \u00e0 Paris, la galerie Terrain Vagh (fond\u00e9e par Alain Vagh Weinmann) est actuellement g\u00e9r\u00e9e par la galeriste et architecte d\u2019int\u00e9rieur franco-tunisienne Moufida Atig qui en a fait un espace d\u2019\u00e9change et de dialogue interculturel en accueillant \u00e0 chaque fois des artistes de divers univers et divers pays.<\/p>\n\n\n\n<p>L\u2019espace accueille \u00e0 partir de ce samedi et jusqu\u2019au 30 juin la nouvelle exposition personnelle<em> \u00abMati\u00e8res en exil\u00bb<\/em> de l\u2019artiste plasticienne syrienne Oroubah Dieb, s\u2019inscrivant dans le cadre de la c\u00e9l\u00e9bration de la Journ\u00e9e mondiale des r\u00e9fugi\u00e9s (le 20 juin de chaque ann\u00e9e).<\/p>\n\n\n\n<p>L\u2019exposition permet de d\u00e9couvrir l\u2019univers atypique et tr\u00e8s personnel de l\u2019artiste syrienne install\u00e9e depuis quelques ann\u00e9es en France apr\u00e8s avoir fui la guerre. Ses \u0153uvres font \u00e9cho \u00e0 son histoire et \u00e0 celle de son pays avec des r\u00e9f\u00e9rences omnipr\u00e9sentes sur l\u2019exil, la m\u00e9moire et l\u2019amour.<\/p>\n\n\n\n<p>\u00ab<em>Quelques jours avant le d\u00e9part de notre famille, j\u2019errais dans les rues de Damas, avec le sentiment que je ne la reverrais plus jamais. J\u2019abandonnais le lieu de mes souvenirs. La guerre n\u2019\u00e9pargne personne. Quelques jours avant notre d\u00e9part, nous avons ferm\u00e9, mon mari et moi, notre atelier sans avoir id\u00e9e ce que serait la suite<\/em>\u00bb, confie l\u2019artiste.<\/p>\n\n\n\n<p class=\"has-text-align-right\"><strong>Fawz Ben Ali<\/strong><\/p>\n","protected":false},"excerpt":{"rendered":"<p>La galerie d\u2019art Terrain Vagh \u00e0 Paris g\u00e9r\u00e9e par la galeriste franco-tunisienne Moufida Atig accueille \u00e0 partir de ce samedi 20 juin 2020 l\u2019exposition \u00abMati\u00e8res en exil\u00bb de l\u2019artiste syrienne Oroubah Dieb.<\/p>\n","protected":false},"author":26,"featured_media":304167,"comment_status":"open","ping_status":"open","sticky":false,"template":"","format":"standard","meta":{"footnotes":""},"categories":[994,2433],"tags":[22033,79974,79972,79973,1364],"class_list":["post-304166","post","type-post","status-publish","format-standard","has-post-thumbnail","hentry","category-culture","category-tunisie","tag-arts-plastiques","tag-journee-mondiale-des-refugies","tag-moufida-atig","tag-orouba-dieb","tag-paris"],"yoast_head":"<!-- This site is optimized with the Yoast SEO plugin v26.6 - https:\/\/yoast.com\/wordpress\/plugins\/seo\/ -->\n<title>Paris : Exposition &quot;Mati\u00e8res en exil&quot; \u00e0 la galerie Terrain Vagh - Kapitalis<\/title>\n<meta name=\"robots\" content=\"index, follow, max-snippet:-1, max-image-preview:large, max-video-preview:-1\" \/>\n<link rel=\"canonical\" href=\"https:\/\/kapitalis.com\/tunisie\/2020\/06\/19\/paris-exposition-matieres-en-exil-a-la-galerie-terrain-vagh\/\" \/>\n<meta property=\"og:locale\" content=\"fr_FR\" \/>\n<meta property=\"og:type\" content=\"article\" \/>\n<meta property=\"og:title\" content=\"Paris : Exposition &quot;Mati\u00e8res en exil&quot; \u00e0 la galerie Terrain Vagh - Kapitalis\" \/>\n<meta property=\"og:description\" content=\"La galerie d\u2019art Terrain Vagh \u00e0 Paris g\u00e9r\u00e9e par la galeriste franco-tunisienne Moufida Atig accueille \u00e0 partir de ce samedi 20 juin 2020 l\u2019exposition \u00abMati\u00e8res en exil\u00bb de l\u2019artiste syrienne Oroubah Dieb.\" \/>\n<meta property=\"og:url\" content=\"https:\/\/kapitalis.com\/tunisie\/2020\/06\/19\/paris-exposition-matieres-en-exil-a-la-galerie-terrain-vagh\/\" \/>\n<meta property=\"og:site_name\" content=\"Kapitalis\" \/>\n<meta property=\"article:publisher\" content=\"https:\/\/www.facebook.com\/KapitalisInfo\/\" \/>\n<meta property=\"article:published_time\" content=\"2020-06-19T07:38:42+00:00\" \/>\n<meta property=\"article:modified_time\" content=\"2020-06-19T07:38:43+00:00\" \/>\n<meta property=\"og:image\" content=\"https:\/\/kapitalis.com\/tunisie\/wp-content\/uploads\/2022\/05\/kapitalis-logo-fb.png\" \/>\n\t<meta property=\"og:image:width\" content=\"1200\" \/>\n\t<meta property=\"og:image:height\" content=\"630\" \/>\n\t<meta property=\"og:image:type\" content=\"image\/png\" \/>\n<meta name=\"author\" content=\"Fawz BenAli\" \/>\n<meta name=\"twitter:card\" content=\"summary_large_image\" \/>\n<meta name=\"twitter:creator\" content=\"@KapitalisInfo\" \/>\n<meta name=\"twitter:site\" content=\"@KapitalisInfo\" \/>\n<meta name=\"twitter:label1\" content=\"\u00c9crit par\" \/>\n\t<meta name=\"twitter:data1\" content=\"Fawz BenAli\" \/>\n\t<meta name=\"twitter:label2\" content=\"Dur\u00e9e de lecture estim\u00e9e\" \/>\n\t<meta name=\"twitter:data2\" content=\"1 minute\" \/>\n<script type=\"application\/ld+json\" class=\"yoast-schema-graph\">{\"@context\":\"https:\/\/schema.org\",\"@graph\":[{\"@type\":\"Article\",\"@id\":\"https:\/\/kapitalis.com\/tunisie\/2020\/06\/19\/paris-exposition-matieres-en-exil-a-la-galerie-terrain-vagh\/#article\",\"isPartOf\":{\"@id\":\"https:\/\/kapitalis.com\/tunisie\/2020\/06\/19\/paris-exposition-matieres-en-exil-a-la-galerie-terrain-vagh\/\"},\"author\":{\"name\":\"Fawz BenAli\",\"@id\":\"https:\/\/kapitalis.com\/tunisie\/#\/schema\/person\/73a5ecc1f6ae540c6ed91342eadca948\"},\"headline\":\"Paris : Exposition \u00ab\u00a0Mati\u00e8res en exil\u00a0\u00bb \u00e0 la galerie Terrain Vagh\",\"datePublished\":\"2020-06-19T07:38:42+00:00\",\"dateModified\":\"2020-06-19T07:38:43+00:00\",\"mainEntityOfPage\":{\"@id\":\"https:\/\/kapitalis.com\/tunisie\/2020\/06\/19\/paris-exposition-matieres-en-exil-a-la-galerie-terrain-vagh\/\"},\"wordCount\":280,\"commentCount\":1,\"publisher\":{\"@id\":\"https:\/\/kapitalis.com\/tunisie\/#organization\"},\"image\":{\"@id\":\"https:\/\/kapitalis.com\/tunisie\/2020\/06\/19\/paris-exposition-matieres-en-exil-a-la-galerie-terrain-vagh\/#primaryimage\"},\"thumbnailUrl\":\"\",\"keywords\":[\"arts plastiques\",\"Journ\u00e9e mondiale des r\u00e9fugi\u00e9s\",\"Moufida Atig\",\"Orouba Dieb\",\"Paris\"],\"articleSection\":[\"CULTURE\",\"Tunisie\"],\"inLanguage\":\"fr-FR\",\"potentialAction\":[{\"@type\":\"CommentAction\",\"name\":\"Comment\",\"target\":[\"https:\/\/kapitalis.com\/tunisie\/2020\/06\/19\/paris-exposition-matieres-en-exil-a-la-galerie-terrain-vagh\/#respond\"]}]},{\"@type\":\"WebPage\",\"@id\":\"https:\/\/kapitalis.com\/tunisie\/2020\/06\/19\/paris-exposition-matieres-en-exil-a-la-galerie-terrain-vagh\/\",\"url\":\"https:\/\/kapitalis.com\/tunisie\/2020\/06\/19\/paris-exposition-matieres-en-exil-a-la-galerie-terrain-vagh\/\",\"name\":\"Paris : Exposition \\\"Mati\u00e8res en exil\\\" \u00e0 la galerie Terrain Vagh - Kapitalis\",\"isPartOf\":{\"@id\":\"https:\/\/kapitalis.com\/tunisie\/#website\"},\"primaryImageOfPage\":{\"@id\":\"https:\/\/kapitalis.com\/tunisie\/2020\/06\/19\/paris-exposition-matieres-en-exil-a-la-galerie-terrain-vagh\/#primaryimage\"},\"image\":{\"@id\":\"https:\/\/kapitalis.com\/tunisie\/2020\/06\/19\/paris-exposition-matieres-en-exil-a-la-galerie-terrain-vagh\/#primaryimage\"},\"thumbnailUrl\":\"\",\"datePublished\":\"2020-06-19T07:38:42+00:00\",\"dateModified\":\"2020-06-19T07:38:43+00:00\",\"breadcrumb\":{\"@id\":\"https:\/\/kapitalis.com\/tunisie\/2020\/06\/19\/paris-exposition-matieres-en-exil-a-la-galerie-terrain-vagh\/#breadcrumb\"},\"inLanguage\":\"fr-FR\",\"potentialAction\":[{\"@type\":\"ReadAction\",\"target\":[\"https:\/\/kapitalis.com\/tunisie\/2020\/06\/19\/paris-exposition-matieres-en-exil-a-la-galerie-terrain-vagh\/\"]}]},{\"@type\":\"ImageObject\",\"inLanguage\":\"fr-FR\",\"@id\":\"https:\/\/kapitalis.com\/tunisie\/2020\/06\/19\/paris-exposition-matieres-en-exil-a-la-galerie-terrain-vagh\/#primaryimage\",\"url\":\"\",\"contentUrl\":\"\"},{\"@type\":\"BreadcrumbList\",\"@id\":\"https:\/\/kapitalis.com\/tunisie\/2020\/06\/19\/paris-exposition-matieres-en-exil-a-la-galerie-terrain-vagh\/#breadcrumb\",\"itemListElement\":[{\"@type\":\"ListItem\",\"position\":1,\"name\":\"Accueil\",\"item\":\"https:\/\/kapitalis.com\/tunisie\/\"},{\"@type\":\"ListItem\",\"position\":2,\"name\":\"Paris : Exposition \u00ab\u00a0Mati\u00e8res en exil\u00a0\u00bb \u00e0 la galerie Terrain Vagh\"}]},{\"@type\":\"WebSite\",\"@id\":\"https:\/\/kapitalis.com\/tunisie\/#website\",\"url\":\"https:\/\/kapitalis.com\/tunisie\/\",\"name\":\"Kapitalis\",\"description\":\"L&#039;actualit\u00e9 en Tunisie et dans le monde\",\"publisher\":{\"@id\":\"https:\/\/kapitalis.com\/tunisie\/#organization\"},\"potentialAction\":[{\"@type\":\"SearchAction\",\"target\":{\"@type\":\"EntryPoint\",\"urlTemplate\":\"https:\/\/kapitalis.com\/tunisie\/?s={search_term_string}\"},\"query-input\":{\"@type\":\"PropertyValueSpecification\",\"valueRequired\":true,\"valueName\":\"search_term_string\"}}],\"inLanguage\":\"fr-FR\"},{\"@type\":\"Organization\",\"@id\":\"https:\/\/kapitalis.com\/tunisie\/#organization\",\"name\":\"Kapitalis\",\"url\":\"https:\/\/kapitalis.com\/tunisie\/\",\"logo\":{\"@type\":\"ImageObject\",\"inLanguage\":\"fr-FR\",\"@id\":\"https:\/\/kapitalis.com\/tunisie\/#\/schema\/logo\/image\/\",\"url\":\"https:\/\/kapitalis.com\/tunisie\/wp-content\/uploads\/2022\/05\/Kapitalis-big-size.png\",\"contentUrl\":\"https:\/\/kapitalis.com\/tunisie\/wp-content\/uploads\/2022\/05\/Kapitalis-big-size.png\",\"width\":5000,\"height\":1500,\"caption\":\"Kapitalis\"},\"image\":{\"@id\":\"https:\/\/kapitalis.com\/tunisie\/#\/schema\/logo\/image\/\"},\"sameAs\":[\"https:\/\/www.facebook.com\/KapitalisInfo\/\",\"https:\/\/x.com\/KapitalisInfo\",\"https:\/\/www.youtube.com\/channel\/UC-yDYrHyfFBWWZaOw3FPg9Q\"]},{\"@type\":\"Person\",\"@id\":\"https:\/\/kapitalis.com\/tunisie\/#\/schema\/person\/73a5ecc1f6ae540c6ed91342eadca948\",\"name\":\"Fawz BenAli\",\"url\":\"https:\/\/kapitalis.com\/tunisie\/author\/fawz\/\"}]}<\/script>\n<!-- \/ Yoast SEO plugin. -->","yoast_head_json":{"title":"Paris : Exposition \"Mati\u00e8res en exil\" \u00e0 la galerie Terrain Vagh - Kapitalis","robots":{"index":"index","follow":"follow","max-snippet":"max-snippet:-1","max-image-preview":"max-image-preview:large","max-video-preview":"max-video-preview:-1"},"canonical":"https:\/\/kapitalis.com\/tunisie\/2020\/06\/19\/paris-exposition-matieres-en-exil-a-la-galerie-terrain-vagh\/","og_locale":"fr_FR","og_type":"article","og_title":"Paris : Exposition \"Mati\u00e8res en exil\" \u00e0 la galerie Terrain Vagh - Kapitalis","og_description":"La galerie d\u2019art Terrain Vagh \u00e0 Paris g\u00e9r\u00e9e par la galeriste franco-tunisienne Moufida Atig accueille \u00e0 partir de ce samedi 20 juin 2020 l\u2019exposition \u00abMati\u00e8res en exil\u00bb de l\u2019artiste syrienne Oroubah Dieb.","og_url":"https:\/\/kapitalis.com\/tunisie\/2020\/06\/19\/paris-exposition-matieres-en-exil-a-la-galerie-terrain-vagh\/","og_site_name":"Kapitalis","article_publisher":"https:\/\/www.facebook.com\/KapitalisInfo\/","article_published_time":"2020-06-19T07:38:42+00:00","article_modified_time":"2020-06-19T07:38:43+00:00","og_image":[{"width":1200,"height":630,"url":"https:\/\/kapitalis.com\/tunisie\/wp-content\/uploads\/2022\/05\/kapitalis-logo-fb.png","type":"image\/png"}],"author":"Fawz BenAli","twitter_card":"summary_large_image","twitter_creator":"@KapitalisInfo","twitter_site":"@KapitalisInfo","twitter_misc":{"\u00c9crit par":"Fawz BenAli","Dur\u00e9e de lecture estim\u00e9e":"1 minute"},"schema":{"@context":"https:\/\/schema.org","@graph":[{"@type":"Article","@id":"https:\/\/kapitalis.com\/tunisie\/2020\/06\/19\/paris-exposition-matieres-en-exil-a-la-galerie-terrain-vagh\/#article","isPartOf":{"@id":"https:\/\/kapitalis.com\/tunisie\/2020\/06\/19\/paris-exposition-matieres-en-exil-a-la-galerie-terrain-vagh\/"},"author":{"name":"Fawz BenAli","@id":"https:\/\/kapitalis.com\/tunisie\/#\/schema\/person\/73a5ecc1f6ae540c6ed91342eadca948"},"headline":"Paris : Exposition \u00ab\u00a0Mati\u00e8res en exil\u00a0\u00bb \u00e0 la galerie Terrain Vagh","datePublished":"2020-06-19T07:38:42+00:00","dateModified":"2020-06-19T07:38:43+00:00","mainEntityOfPage":{"@id":"https:\/\/kapitalis.com\/tunisie\/2020\/06\/19\/paris-exposition-matieres-en-exil-a-la-galerie-terrain-vagh\/"},"wordCount":280,"commentCount":1,"publisher":{"@id":"https:\/\/kapitalis.com\/tunisie\/#organization"},"image":{"@id":"https:\/\/kapitalis.com\/tunisie\/2020\/06\/19\/paris-exposition-matieres-en-exil-a-la-galerie-terrain-vagh\/#primaryimage"},"thumbnailUrl":"","keywords":["arts plastiques","Journ\u00e9e mondiale des r\u00e9fugi\u00e9s","Moufida Atig","Orouba Dieb","Paris"],"articleSection":["CULTURE","Tunisie"],"inLanguage":"fr-FR","potentialAction":[{"@type":"CommentAction","name":"Comment","target":["https:\/\/kapitalis.com\/tunisie\/2020\/06\/19\/paris-exposition-matieres-en-exil-a-la-galerie-terrain-vagh\/#respond"]}]},{"@type":"WebPage","@id":"https:\/\/kapitalis.com\/tunisie\/2020\/06\/19\/paris-exposition-matieres-en-exil-a-la-galerie-terrain-vagh\/","url":"https:\/\/kapitalis.com\/tunisie\/2020\/06\/19\/paris-exposition-matieres-en-exil-a-la-galerie-terrain-vagh\/","name":"Paris : Exposition \"Mati\u00e8res en exil\" \u00e0 la galerie Terrain Vagh - Kapitalis","isPartOf":{"@id":"https:\/\/kapitalis.com\/tunisie\/#website"},"primaryImageOfPage":{"@id":"https:\/\/kapitalis.com\/tunisie\/2020\/06\/19\/paris-exposition-matieres-en-exil-a-la-galerie-terrain-vagh\/#primaryimage"},"image":{"@id":"https:\/\/kapitalis.com\/tunisie\/2020\/06\/19\/paris-exposition-matieres-en-exil-a-la-galerie-terrain-vagh\/#primaryimage"},"thumbnailUrl":"","datePublished":"2020-06-19T07:38:42+00:00","dateModified":"2020-06-19T07:38:43+00:00","breadcrumb":{"@id":"https:\/\/kapitalis.com\/tunisie\/2020\/06\/19\/paris-exposition-matieres-en-exil-a-la-galerie-terrain-vagh\/#breadcrumb"},"inLanguage":"fr-FR","potentialAction":[{"@type":"ReadAction","target":["https:\/\/kapitalis.com\/tunisie\/2020\/06\/19\/paris-exposition-matieres-en-exil-a-la-galerie-terrain-vagh\/"]}]},{"@type":"ImageObject","inLanguage":"fr-FR","@id":"https:\/\/kapitalis.com\/tunisie\/2020\/06\/19\/paris-exposition-matieres-en-exil-a-la-galerie-terrain-vagh\/#primaryimage","url":"","contentUrl":""},{"@type":"BreadcrumbList","@id":"https:\/\/kapitalis.com\/tunisie\/2020\/06\/19\/paris-exposition-matieres-en-exil-a-la-galerie-terrain-vagh\/#breadcrumb","itemListElement":[{"@type":"ListItem","position":1,"name":"Accueil","item":"https:\/\/kapitalis.com\/tunisie\/"},{"@type":"ListItem","position":2,"name":"Paris : Exposition \u00ab\u00a0Mati\u00e8res en exil\u00a0\u00bb \u00e0 la galerie Terrain Vagh"}]},{"@type":"WebSite","@id":"https:\/\/kapitalis.com\/tunisie\/#website","url":"https:\/\/kapitalis.com\/tunisie\/","name":"Kapitalis","description":"L&#039;actualit\u00e9 en Tunisie et dans le monde","publisher":{"@id":"https:\/\/kapitalis.com\/tunisie\/#organization"},"potentialAction":[{"@type":"SearchAction","target":{"@type":"EntryPoint","urlTemplate":"https:\/\/kapitalis.com\/tunisie\/?s={search_term_string}"},"query-input":{"@type":"PropertyValueSpecification","valueRequired":true,"valueName":"search_term_string"}}],"inLanguage":"fr-FR"},{"@type":"Organization","@id":"https:\/\/kapitalis.com\/tunisie\/#organization","name":"Kapitalis","url":"https:\/\/kapitalis.com\/tunisie\/","logo":{"@type":"ImageObject","inLanguage":"fr-FR","@id":"https:\/\/kapitalis.com\/tunisie\/#\/schema\/logo\/image\/","url":"https:\/\/kapitalis.com\/tunisie\/wp-content\/uploads\/2022\/05\/Kapitalis-big-size.png","contentUrl":"https:\/\/kapitalis.com\/tunisie\/wp-content\/uploads\/2022\/05\/Kapitalis-big-size.png","width":5000,"height":1500,"caption":"Kapitalis"},"image":{"@id":"https:\/\/kapitalis.com\/tunisie\/#\/schema\/logo\/image\/"},"sameAs":["https:\/\/www.facebook.com\/KapitalisInfo\/","https:\/\/x.com\/KapitalisInfo","https:\/\/www.youtube.com\/channel\/UC-yDYrHyfFBWWZaOw3FPg9Q"]},{"@type":"Person","@id":"https:\/\/kapitalis.com\/tunisie\/#\/schema\/person\/73a5ecc1f6ae540c6ed91342eadca948","name":"Fawz BenAli","url":"https:\/\/kapitalis.com\/tunisie\/author\/fawz\/"}]}},"_links":{"self":[{"href":"https:\/\/kapitalis.com\/tunisie\/wp-json\/wp\/v2\/posts\/304166","targetHints":{"allow":["GET"]}}],"collection":[{"href":"https:\/\/kapitalis.com\/tunisie\/wp-json\/wp\/v2\/posts"}],"about":[{"href":"https:\/\/kapitalis.com\/tunisie\/wp-json\/wp\/v2\/types\/post"}],"author":[{"embeddable":true,"href":"https:\/\/kapitalis.com\/tunisie\/wp-json\/wp\/v2\/users\/26"}],"replies":[{"embeddable":true,"href":"https:\/\/kapitalis.com\/tunisie\/wp-json\/wp\/v2\/comments?post=304166"}],"version-history":[{"count":0,"href":"https:\/\/kapitalis.com\/tunisie\/wp-json\/wp\/v2\/posts\/304166\/revisions"}],"wp:featuredmedia":[{"embeddable":true,"href":"https:\/\/kapitalis.com\/tunisie\/wp-json\/wp\/v2\/media\/304167"}],"wp:attachment":[{"href":"https:\/\/kapitalis.com\/tunisie\/wp-json\/wp\/v2\/media?parent=304166"}],"wp:term":[{"taxonomy":"category","embeddable":true,"href":"https:\/\/kapitalis.com\/tunisie\/wp-json\/wp\/v2\/categories?post=304166"},{"taxonomy":"post_tag","embeddable":true,"href":"https:\/\/kapitalis.com\/tunisie\/wp-json\/wp\/v2\/tags?post=304166"}],"curies":[{"name":"wp","href":"https:\/\/api.w.org\/{rel}","templated":true}]}}