{"id":304367,"date":"2020-06-20T10:40:53","date_gmt":"2020-06-20T09:40:53","guid":{"rendered":"http:\/\/kapitalis.com\/tunisie\/?p=304367"},"modified":"2020-06-20T11:38:52","modified_gmt":"2020-06-20T10:38:52","slug":"libye-bras-de-fer-franco-turc-en-mediterranee","status":"publish","type":"post","link":"https:\/\/kapitalis.com\/tunisie\/2020\/06\/20\/libye-bras-de-fer-franco-turc-en-mediterranee\/","title":{"rendered":"Libye : bras de fer franco-turc en M\u00e9diterran\u00e9e"},"content":{"rendered":"\n<figure class=\"wp-block-image size-large\"><img decoding=\"async\" src=\"http:\/\/kapitalis.com\/tunisie\/wp-content\/uploads\/2020\/06\/Patrouilleur-turc-en-Mediterranee.jpg\" alt=\"\" class=\"wp-image-304368\"\/><figcaption><em>Patrouilleur turc en M\u00e9diterran\u00e9e.<\/em><\/figcaption><\/figure>\n\n\n\n<p><strong><em>Il s\u2019en est fallu de peu tr\u00e8s pour que le canon tonne en M\u00e9diterran\u00e9e, \u00e0 quelques miles des c\u00f4tes tunisiennes. L\u2019incident a \u00e9t\u00e9 rapidement circonscrit. Il n\u2019a pas fait beaucoup de bruit. Mais les marines fran\u00e7aise et turque ont failli en venir aux mains en M\u00e9diterran\u00e9e autour d\u2019une cargaison d\u2019armes que les Turcs \u00e9taient en train de livrer \u00e0 Tripoli, en violation de l\u2019embargo sur les armes.<\/em><\/strong><\/p>\n\n\n\n<p>Par <strong>Hassen Zenati<\/strong><\/p>\n\n\n\n<!--more-->\n\n\n\n<div class=\"wp-block-image\"><figure class=\"alignleft size-large\"><img decoding=\"async\" src=\"http:\/\/kapitalis.com\/tunisie\/wp-content\/uploads\/2019\/11\/Hassen-Zenati-2.jpg\" alt=\"\" class=\"wp-image-253792\"\/><\/figure><\/div>\n\n\n\n<p>L\u2019incident in\u00e9dit, r\u00e9v\u00e9l\u00e9 par le magazine fran\u00e7ais <em><a href=\"https:\/\/www.valeursactuelles.com\/clubvaleurs\/monde\/info-va-en-violation-de-lembargo-sur-la-livraison-darmes-en-libye-la-turquie-deux-doigts-douvrir-le-feu-sur-une-fregate-francaise-120560\" target=\"_blank\" rel=\"noreferrer noopener\">\u2018\u2018Valeurs Actuelles\u2019\u2019<\/a>,<\/em> a mis aux prises entre le 19 et le 24 mai 2020, les marines de guerre fran\u00e7aise et turque. Il tournait autour de la livraison par la Turquie d\u2019une cargaison d\u2019armes \u00e0 ses alli\u00e9s du Gouvernement d\u2019entente nationale (GEN) de Libye, en violation de l\u2019embargo international sur les armes institu\u00e9 en 2011 apr\u00e8s la chute du colonel Mouammar Kadhafi.<\/p>\n\n\n\n<p>Les armes \u00e9taient charg\u00e9es sur un cargo battant pavillon tanzanien affirmant se rendre \u00e0 Gab\u00e8s, en Tunisie, apr\u00e8s une escale en Turquie. Au cours du trajet, il \u00e9t\u00e9 traqu\u00e9 par un b\u00e2timent de la marine de guerre fran\u00e7aise, en patrouille dans la r\u00e9gion, qui venait de constater qu\u2019il avait d\u00e9sactiv\u00e9 son syst\u00e8me satellite anti-collisions (AIS) et maquill\u00e9 ses identifiants pour ne pas \u00eatre reconnu.<\/p>\n\n\n\n<h3 class=\"wp-block-heading\">Des armes am\u00e9ricaines et des mercenaires de Syrie<\/h3>\n\n\n\n<p>\u00c0 peine s\u2019en est-il approch\u00e9 pour un compl\u00e9ment d\u2019information, qu\u2019il \u00e9tait rejoint par deux fr\u00e9gates turques qui ont refus\u00e9 que le cargo tanzanien soit inspect\u00e9. Le b\u00e2timent fran\u00e7ais n\u2019insiste pas, mais poursuit sa traque. Le 28 mai, le cargo tanzanien accoste sans encombre \u00e0 Misrata (Libye), o\u00f9 il d\u00e9barque des v\u00e9hicules semi-remorques, du mat\u00e9riel camoufl\u00e9 sous b\u00e2ches, des v\u00e9hicules blind\u00e9s et des armements lourds : chars M-60 et missiles Hawk anti-a\u00e9riens de fabrication am\u00e9ricaine, en m\u00eame temps qu\u2019un contingent de mercenaires islamistes recrut\u00e9s sur le front syrien, selon <em><a href=\"https:\/\/www.valeursactuelles.com\/clubvaleurs\/monde\/info-va-en-violation-de-lembargo-sur-la-livraison-darmes-en-libye-la-turquie-deux-doigts-douvrir-le-feu-sur-une-fregate-francaise-120560\" target=\"_blank\" rel=\"noreferrer noopener\">\u2018\u2018Valeurs Actuelles\u2019\u2019<\/a><\/em>.<\/p>\n\n\n\n<p>Quelques jours plus tard, <em>bis repetita<\/em> : le m\u00eame cargo tanzanien effectue le m\u00eame trajet entre la Turquie et la Libye, mais il est cette fois escort\u00e9 par deux fr\u00e9gates de la marine de guerre turque et survol\u00e9 par un avion de chasse. Lorsque la fr\u00e9gate de la marine fran\u00e7aise Colbert entame une approche pour, semble-t-il, arraisonner le cargo tanzanien, elle est vite prise en chasse par une fr\u00e9gate turque, qui proc\u00e8de \u00e0 une illumination radar de l\u2019unit\u00e9 fran\u00e7aise, signifiant, en langage militaire, qu\u2019elle est pr\u00eate \u00e0 faire feu. <em>\u00abDans les arm\u00e9es fran\u00e7aises, l\u2019illumination radar est consid\u00e9r\u00e9e comme un acte de guerre, car c\u2019est la derni\u00e8re action avant l\u2019ouverture du feu. En th\u00e9orie, cela provoque le d\u00e9clenchement imm\u00e9diat du feu de celui qui est illumin\u00e9\u00bb<\/em>, explique un militaire fran\u00e7ais cit\u00e9 par<em> \u2018\u2018Valeurs Actuelles\u2019\u2019<\/em>.<\/p>\n\n\n\n<p>On serait ainsi pass\u00e9 \u00e0 un cheveu d\u2019une canonnade en pleine M\u00e9diterran\u00e9e, avec les cons\u00e9quences d\u00e9sastreuses qui auraient pu en d\u00e9couler pour la paix pr\u00e9caire dans la r\u00e9gion, d\u2019autant plus que les deux protagonistes sont membres de l\u2019Otan, et en principe alli\u00e9s.<\/p>\n\n\n\n<h3 class=\"wp-block-heading\">D\u00e9monstration de force de la marine turque<\/h3>\n\n\n\n<p>L\u2019incident est survenu quelques jours apr\u00e8s une \u00abd\u00e9monstration de force\u00bb de la marine de guerre turque en M\u00e9diterran\u00e9e orientale, engageant 8 fr\u00e9gates et corvettes, 17 avions F16 et un nombre important d\u2019h\u00e9licopt\u00e8res. Pour Paris, nul doute qu\u2019il s\u2019agit d\u2019<em>\u00abun acte extr\u00eamement agressif qui ne peut pas \u00eatre l\u2019acte d\u2019un alli\u00e9 vis-\u00e0-vis d\u2019un navire de l\u2019Otan\u00bb<\/em>. Le minist\u00e8re fran\u00e7ais des Arm\u00e9es a affirm\u00e9 qu\u2019il ne pouvait <em>\u00abaccepter qu\u2019un alli\u00e9 se comporte comme cela contre un navire de l\u2019Otan, sous commandement Otan, menant une mission Otan\u00bb<\/em>. La ministre fran\u00e7aise des Arm\u00e9es, Florence Parly, a promis de <em>\u00abmettre les points sur le i sur l\u2019attitude turque dans le conflit libyen\u00bb<\/em>, lors d\u2019une r\u00e9union mercredi des ministres de la D\u00e9fense de l\u2019Otan.<\/p>\n\n\n\n<p>La situation en M\u00e9diterran\u00e9e figurera en t\u00eate du menu des discussions entre le pr\u00e9sident fran\u00e7ais Emmanuel Macron et le pr\u00e9sident Ka\u00efs Sa\u00efed, attendu lundi prochain, 22 juin, \u00e0 Paris, pour sa premi\u00e8re visite officielle dans un pays europ\u00e9en.<\/p>\n\n\n\n<p>Pour Ankara, qui les a rejet\u00e9es, les critiques de la France illustrent <em>\u00abl\u2019obscure et inexplicable\u00bb<\/em> politique fran\u00e7aise en Libye, qui, \u00e0 ses yeux, a <em>\u00abexacerb\u00e9 la crise\u00bb<\/em> dans ce pays.<\/p>\n\n\n\n<p><em>\u00abLe soutien que la France a fourni au putschiste et voyou Haftar (Khalifa Haftar, chef de l\u2019Arm\u00e9e nationale libyenne, ANL), qui cherche \u00e0 imposer un r\u00e9gime autoritaire en renversant le gouvernement l\u00e9gitime, et qui a ouvertement annonc\u00e9 qu\u2019il ne voulait pas d\u2019une solution politique, a exacerb\u00e9 la crise en Libye. L\u2019approche de la France a encourag\u00e9 Khalifa Haftar dans la recherche d\u2019une solution militaire, accroissant la souffrance et la d\u00e9tresse du peuple libyen\u00bb<\/em>, a-t-il attaqu\u00e9. Il a estim\u00e9 que <em>\u00able plus grand obstacle \u00e0 l\u2019instauration de la paix et de la stabilit\u00e9 en Libye est le soutien apport\u00e9 par la France et certains pays aux structures ill\u00e9gitimes (libyennes), en violation des d\u00e9cisions du Conseil de s\u00e9curit\u00e9 de l\u2019Onu. Alors que les activit\u00e9s de la Turquie en Libye sont l\u00e9gitimes, la France poursuit des actions sombres, comme en Syrie, en jouant les sous-traitants pour le compte de certains pays de la r\u00e9gion. Se comporter de cette fa\u00e7on avec un alli\u00e9 de l\u2019Otan est inacceptable\u00bb<\/em>. Ankara a r\u00e9it\u00e9r\u00e9 sa volont\u00e9 de poursuivre son soutien au GEN, afin de <em>\u00abr\u00e9tablir durablement la paix et la stabilit\u00e9\u00bb <\/em>en Libye.<\/p>\n\n\n\n<h3 class=\"wp-block-heading\">Erdogan se sent en position de force<\/h3>\n\n\n\n<p>Cette tension franco-turque en M\u00e9diterran\u00e9e est all\u00e9e crescendo. Elle se d\u00e9roule sur fond de guerre interminable en Libye, entre deux camps rivaux, patronn\u00e9 l\u2019un par la Turquie et le Qatar et l\u2019autre par l\u2019Egypte, les Emirats arabes et l\u2019Arabie Saoudite, avec en sous-main la France et la Russie. Chacun de ces parrains poursuit des int\u00e9r\u00eats propres : g\u00e9opolitiques pour les uns, en raison de la place strat\u00e9gique de la Libye au sud de la M\u00e9diterran\u00e9e et au carrefour des bassins oriental et occidental de celle-ci (Russie et France), \u00e9conomique eu \u00e9gard aux richesses p\u00e9troli\u00e8res et gazi\u00e8res du pays (Turquie, France), ou id\u00e9ologiques contre les \u00abFr\u00e8res musulmans\u00bb pour les Emirats et l\u2019Arabie saoudite, et en opposition aux salafistes islamistes s\u2019agissant de Qatar.<\/p>\n\n\n\n<p>Depuis qu\u2019il a puissamment aid\u00e9 militairement le GEN a mettre en d\u00e9route le mar\u00e9chal Haftar aux portes de Tripoli, qu\u2019il voulait prendre d\u2019assaut pour y installer son pouvoir, le pr\u00e9sident turc Recep Tayyep Erdogan se pr\u00e9sente en position de force face aux adversaires du GEN. D\u2019autant qu\u2019il semble b\u00e9n\u00e9ficier de l\u2019appui discret de Washington, qui vient, apr\u00e8s Ankara et le GEN, de rejeter le \u00abplan de paix\u00bb concoct\u00e9 au Caire, sous l\u2019\u00e9gide du mar\u00e9chal Abdelfattah Sissi, apr\u00e8s la mise hors jeu de Haftar, et \u00e0 qui il ne d\u00e9plairait pas de tirer les marrons du feu lorsque les canons se sont tus. Le pr\u00e9sident Erdogan s\u2019est m\u00eame senti confort\u00e9 dans un entretien t\u00e9l\u00e9phonique qu\u2019il a eu depuis avec le pr\u00e9sident des Etats-Unis, Donald Trump, dans lequel ce dernier lui proposait d\u2019<em>\u00abouvrir un nouveau chapitre dans les relations entre les deux pays en poursuivant leur coop\u00e9ration \u00e9troite en Libye\u00bb.<\/em><\/p>\n\n\n\n<p>Avec, vraisemblablement, le feu vert des Am\u00e9ricains, Ankara est en train de n\u00e9gocier avec le GEN l\u2019installation de son corps exp\u00e9ditionnaire, renforc\u00e9 de mercenaires islamistes venus de Syrie, dans deux bases libyennes : Misrata et Watiya, \u00e0 une trentaine des fronti\u00e8res tunisiennes, reprise au mar\u00e9chal rebelle.<\/p>\n\n\n\n<p>Erdogan et le GEN estiment, d\u00e9sormais, que Haftar n\u2019est plus habilit\u00e9 \u00e0 s\u2019asseoir autour d\u2019une table de n\u00e9gociation pour discuter de paix. Pour le ministre de l\u2019Int\u00e9rieur du GEN, Fathi Bachagha : <em>\u00abIl n&rsquo;y a plus de place pour le chaos et les ench\u00e8res au nom de la r\u00e9volution en raison d&rsquo;int\u00e9r\u00eats sectaires \u00e9troits, ni de place pour les criminels de guerre d\u00e9sireux de prendre le pouvoir par la force des armes\u00bb<\/em>. Le mar\u00e9chal Haftar est accus\u00e9 de <em>\u00abcrimes de guerre<\/em>\u00bb, notamment \u00e0 Tarhouna, reprise il y a quelques jours par les troupes du GEN.<\/p>\n\n\n\n<h3 class=\"wp-block-heading\">La paix n\u2019est pas au bout du tunnel<\/h3>\n\n\n\n<p>Dans un rapport publi\u00e9 sur son site, l&rsquo;ONG Human Rights Watch (HRW) r\u00e9clame une enqu\u00eate urgente, en affirmant d\u00e9tenir des <em>\u00abpreuves apparentes\u00bb<\/em> que des troupes de Khalifa Haftar ont <em>\u00abtortur\u00e9 et ex\u00e9cut\u00e9 sommairement\u00bb<\/em> des Libyens et des combattants du GEN. L\u2019ONG ajoute que des vid\u00e9os, <em>\u00abenregistr\u00e9es et partag\u00e9es sur les r\u00e9seaux sociaux en mai 2020\u00bb<\/em>, montrent des combattants, qu\u2019elle affirme avoir identifi\u00e9s comme \u00e9tant li\u00e9s au g\u00e9n\u00e9ral Haftar, se livrant \u00e0 de tels actes. <em>\u00abLa torture des d\u00e9tenus et l&rsquo;ex\u00e9cution sommaire des combattants captur\u00e9s ou qui se sont rendus sont des crimes de guerre\u00bb<\/em>, rappelle-t-elle.<\/p>\n\n\n\n<p>Le GEN, dirig\u00e9 par Fayez Sarraj, reconnu par la communaut\u00e9 internationale, a pour sa part saisi le Conseil de s\u00e9curit\u00e9 de l\u2019Onu pour r\u00e9clamer une enqu\u00eate sur au moins 11 charniers d\u00e9couverts dans la ville de Tarhouna (80 km de la capitale), reprise le 5 juin par les forces qui lui sont loyales. Plusieurs ONG ainsi que la mission de l\u2019Onu en Libye, se d\u00e9clarant <em>\u00abhorrifi\u00e9es\u00bb<\/em> par l\u2019ampleur des crimes commis, ont \u00e9galement demand\u00e9 une enqu\u00eate sur ces charniers o\u00f9 auraient \u00e9t\u00e9 entass\u00e9s femmes et enfants supplici\u00e9s. Certains ont \u00e9t\u00e9 <em>\u00abenterr\u00e9s vivants\u00bb<\/em>, selon le ministre des Affaires \u00e9trang\u00e8res du GEN, Mohammed Seyyale, qui a demand\u00e9 le renvoi des responsables de ces crimes devant la Cour p\u00e9nale internationale (CPI).<\/p>\n\n\n\n<p>Malgr\u00e9 la reprise timide \u00e0 Gen\u00e8ve des discussions inter-libyennes au sein Comit\u00e9 militaire 5+5, issue de la Conf\u00e9rence de Berlin (19 janvier 2020), la paix n\u2019est pas au bout du tunnel. Les efforts diplomatiques se heurtent d\u00e9j\u00e0 aux obstructions des vainqueurs du jour qui cherchent \u00e0 consolider leurs positions sur le terrain avant de se pr\u00e9senter en force \u00e0 la table de n\u00e9gociations.<\/p>\n\n\n\n<figure class=\"wp-block-embed-wordpress wp-block-embed is-type-wp-embed is-provider-kapitalis\"><div class=\"wp-block-embed__wrapper\">\n<blockquote class=\"wp-embedded-content\" data-secret=\"zsWAdlqn1E\"><a href=\"https:\/\/kapitalis.com\/tunisie\/2020\/06\/18\/erdogan-serre-sa-machoire-sur-la-libye\/\">Erdogan serre sa m\u00e2choire sur la Libye<\/a><\/blockquote><iframe loading=\"lazy\" class=\"wp-embedded-content\" sandbox=\"allow-scripts\" security=\"restricted\" style=\"position: absolute; clip: rect(1px, 1px, 1px, 1px);\" title=\"\u00ab\u00a0Erdogan serre sa m\u00e2choire sur la Libye\u00a0\u00bb &#8212; Kapitalis\" src=\"https:\/\/kapitalis.com\/tunisie\/2020\/06\/18\/erdogan-serre-sa-machoire-sur-la-libye\/embed\/#?secret=QkX3vsdroa#?secret=zsWAdlqn1E\" data-secret=\"zsWAdlqn1E\" width=\"600\" height=\"338\" frameborder=\"0\" marginwidth=\"0\" marginheight=\"0\" scrolling=\"no\"><\/iframe>\n<\/div><\/figure>\n","protected":false},"excerpt":{"rendered":"<p>Il s\u2019en est fallu de peu tr\u00e8s pour que le canon tonne en M\u00e9diterran\u00e9e, \u00e0 quelques miles des c\u00f4tes tunisiennes. L\u2019incident a \u00e9t\u00e9 rapidement circonscrit. Il n\u2019a pas fait beaucoup de bruit. Mais les marines fran\u00e7aise et turque ont failli en venir aux mains en M\u00e9diterran\u00e9e autour d\u2019une cargaison d\u2019armes que les Turcs \u00e9taient en&#8230;<\/p>\n","protected":false},"author":8,"featured_media":304368,"comment_status":"open","ping_status":"open","sticky":false,"template":"","format":"standard","meta":{"footnotes":""},"categories":[992,997,2433],"tags":[1857,71626,76012,544,28058,80029,80030,595,71588,1855],"class_list":["post-304367","post","type-post","status-publish","format-standard","has-post-thumbnail","hentry","category-a-la-une","category-politique","category-tunisie","tag-erdogan","tag-haftar","tag-kais-saied-2","tag-libye","tag-macron","tag-marine-francaise","tag-marine-turque","tag-mediterranee","tag-sarraj","tag-turquie"],"yoast_head":"<!-- This site is optimized with the Yoast SEO plugin v26.6 - https:\/\/yoast.com\/wordpress\/plugins\/seo\/ -->\n<title>Libye : bras de fer franco-turc en M\u00e9diterran\u00e9e - Kapitalis<\/title>\n<meta name=\"robots\" content=\"index, follow, max-snippet:-1, max-image-preview:large, max-video-preview:-1\" \/>\n<link rel=\"canonical\" href=\"https:\/\/kapitalis.com\/tunisie\/2020\/06\/20\/libye-bras-de-fer-franco-turc-en-mediterranee\/\" \/>\n<meta property=\"og:locale\" content=\"fr_FR\" \/>\n<meta property=\"og:type\" content=\"article\" \/>\n<meta property=\"og:title\" content=\"Libye : bras de fer franco-turc en M\u00e9diterran\u00e9e - Kapitalis\" \/>\n<meta property=\"og:description\" content=\"Il s\u2019en est fallu de peu tr\u00e8s pour que le canon tonne en M\u00e9diterran\u00e9e, \u00e0 quelques miles des c\u00f4tes tunisiennes. L\u2019incident a \u00e9t\u00e9 rapidement circonscrit. Il n\u2019a pas fait beaucoup de bruit. Mais les marines fran\u00e7aise et turque ont failli en venir aux mains en M\u00e9diterran\u00e9e autour d\u2019une cargaison d\u2019armes que les Turcs \u00e9taient en...\" \/>\n<meta property=\"og:url\" content=\"https:\/\/kapitalis.com\/tunisie\/2020\/06\/20\/libye-bras-de-fer-franco-turc-en-mediterranee\/\" \/>\n<meta property=\"og:site_name\" content=\"Kapitalis\" \/>\n<meta property=\"article:publisher\" content=\"https:\/\/www.facebook.com\/KapitalisInfo\/\" \/>\n<meta property=\"article:published_time\" content=\"2020-06-20T09:40:53+00:00\" \/>\n<meta property=\"article:modified_time\" content=\"2020-06-20T10:38:52+00:00\" \/>\n<meta property=\"og:image\" content=\"https:\/\/kapitalis.com\/tunisie\/wp-content\/uploads\/2022\/05\/kapitalis-logo-fb.png\" \/>\n\t<meta property=\"og:image:width\" content=\"1200\" \/>\n\t<meta property=\"og:image:height\" content=\"630\" \/>\n\t<meta property=\"og:image:type\" content=\"image\/png\" \/>\n<meta name=\"author\" content=\"webmaster kapitalis\" \/>\n<meta name=\"twitter:card\" content=\"summary_large_image\" \/>\n<meta name=\"twitter:creator\" content=\"@KapitalisInfo\" \/>\n<meta name=\"twitter:site\" content=\"@KapitalisInfo\" \/>\n<meta name=\"twitter:label1\" content=\"\u00c9crit par\" \/>\n\t<meta name=\"twitter:data1\" content=\"webmaster kapitalis\" \/>\n\t<meta name=\"twitter:label2\" content=\"Dur\u00e9e de lecture estim\u00e9e\" \/>\n\t<meta name=\"twitter:data2\" content=\"9 minutes\" \/>\n<script type=\"application\/ld+json\" class=\"yoast-schema-graph\">{\"@context\":\"https:\/\/schema.org\",\"@graph\":[{\"@type\":\"Article\",\"@id\":\"https:\/\/kapitalis.com\/tunisie\/2020\/06\/20\/libye-bras-de-fer-franco-turc-en-mediterranee\/#article\",\"isPartOf\":{\"@id\":\"https:\/\/kapitalis.com\/tunisie\/2020\/06\/20\/libye-bras-de-fer-franco-turc-en-mediterranee\/\"},\"author\":{\"name\":\"webmaster kapitalis\",\"@id\":\"https:\/\/kapitalis.com\/tunisie\/#\/schema\/person\/d71f33a9ca44f7bad4698210b480c8e9\"},\"headline\":\"Libye : bras de fer franco-turc en M\u00e9diterran\u00e9e\",\"datePublished\":\"2020-06-20T09:40:53+00:00\",\"dateModified\":\"2020-06-20T10:38:52+00:00\",\"mainEntityOfPage\":{\"@id\":\"https:\/\/kapitalis.com\/tunisie\/2020\/06\/20\/libye-bras-de-fer-franco-turc-en-mediterranee\/\"},\"wordCount\":1793,\"commentCount\":19,\"publisher\":{\"@id\":\"https:\/\/kapitalis.com\/tunisie\/#organization\"},\"image\":{\"@id\":\"https:\/\/kapitalis.com\/tunisie\/2020\/06\/20\/libye-bras-de-fer-franco-turc-en-mediterranee\/#primaryimage\"},\"thumbnailUrl\":\"\",\"keywords\":[\"Erdogan\",\"Haftar\",\"Ka\u00efs Sa\u00efed\",\"Libye\",\"Macron\",\"marine fran\u00e7aise\",\"marine turque\",\"M\u00e9diterran\u00e9e\",\"Sarraj\",\"Turquie\"],\"articleSection\":[\"A LA UNE\",\"POLITIQUE\",\"Tunisie\"],\"inLanguage\":\"fr-FR\",\"potentialAction\":[{\"@type\":\"CommentAction\",\"name\":\"Comment\",\"target\":[\"https:\/\/kapitalis.com\/tunisie\/2020\/06\/20\/libye-bras-de-fer-franco-turc-en-mediterranee\/#respond\"]}]},{\"@type\":\"WebPage\",\"@id\":\"https:\/\/kapitalis.com\/tunisie\/2020\/06\/20\/libye-bras-de-fer-franco-turc-en-mediterranee\/\",\"url\":\"https:\/\/kapitalis.com\/tunisie\/2020\/06\/20\/libye-bras-de-fer-franco-turc-en-mediterranee\/\",\"name\":\"Libye : bras de fer franco-turc en M\u00e9diterran\u00e9e - Kapitalis\",\"isPartOf\":{\"@id\":\"https:\/\/kapitalis.com\/tunisie\/#website\"},\"primaryImageOfPage\":{\"@id\":\"https:\/\/kapitalis.com\/tunisie\/2020\/06\/20\/libye-bras-de-fer-franco-turc-en-mediterranee\/#primaryimage\"},\"image\":{\"@id\":\"https:\/\/kapitalis.com\/tunisie\/2020\/06\/20\/libye-bras-de-fer-franco-turc-en-mediterranee\/#primaryimage\"},\"thumbnailUrl\":\"\",\"datePublished\":\"2020-06-20T09:40:53+00:00\",\"dateModified\":\"2020-06-20T10:38:52+00:00\",\"breadcrumb\":{\"@id\":\"https:\/\/kapitalis.com\/tunisie\/2020\/06\/20\/libye-bras-de-fer-franco-turc-en-mediterranee\/#breadcrumb\"},\"inLanguage\":\"fr-FR\",\"potentialAction\":[{\"@type\":\"ReadAction\",\"target\":[\"https:\/\/kapitalis.com\/tunisie\/2020\/06\/20\/libye-bras-de-fer-franco-turc-en-mediterranee\/\"]}]},{\"@type\":\"ImageObject\",\"inLanguage\":\"fr-FR\",\"@id\":\"https:\/\/kapitalis.com\/tunisie\/2020\/06\/20\/libye-bras-de-fer-franco-turc-en-mediterranee\/#primaryimage\",\"url\":\"\",\"contentUrl\":\"\"},{\"@type\":\"BreadcrumbList\",\"@id\":\"https:\/\/kapitalis.com\/tunisie\/2020\/06\/20\/libye-bras-de-fer-franco-turc-en-mediterranee\/#breadcrumb\",\"itemListElement\":[{\"@type\":\"ListItem\",\"position\":1,\"name\":\"Accueil\",\"item\":\"https:\/\/kapitalis.com\/tunisie\/\"},{\"@type\":\"ListItem\",\"position\":2,\"name\":\"Libye : bras de fer franco-turc en M\u00e9diterran\u00e9e\"}]},{\"@type\":\"WebSite\",\"@id\":\"https:\/\/kapitalis.com\/tunisie\/#website\",\"url\":\"https:\/\/kapitalis.com\/tunisie\/\",\"name\":\"Kapitalis\",\"description\":\"L&#039;actualit\u00e9 en Tunisie et dans le monde\",\"publisher\":{\"@id\":\"https:\/\/kapitalis.com\/tunisie\/#organization\"},\"potentialAction\":[{\"@type\":\"SearchAction\",\"target\":{\"@type\":\"EntryPoint\",\"urlTemplate\":\"https:\/\/kapitalis.com\/tunisie\/?s={search_term_string}\"},\"query-input\":{\"@type\":\"PropertyValueSpecification\",\"valueRequired\":true,\"valueName\":\"search_term_string\"}}],\"inLanguage\":\"fr-FR\"},{\"@type\":\"Organization\",\"@id\":\"https:\/\/kapitalis.com\/tunisie\/#organization\",\"name\":\"Kapitalis\",\"url\":\"https:\/\/kapitalis.com\/tunisie\/\",\"logo\":{\"@type\":\"ImageObject\",\"inLanguage\":\"fr-FR\",\"@id\":\"https:\/\/kapitalis.com\/tunisie\/#\/schema\/logo\/image\/\",\"url\":\"https:\/\/kapitalis.com\/tunisie\/wp-content\/uploads\/2022\/05\/Kapitalis-big-size.png\",\"contentUrl\":\"https:\/\/kapitalis.com\/tunisie\/wp-content\/uploads\/2022\/05\/Kapitalis-big-size.png\",\"width\":5000,\"height\":1500,\"caption\":\"Kapitalis\"},\"image\":{\"@id\":\"https:\/\/kapitalis.com\/tunisie\/#\/schema\/logo\/image\/\"},\"sameAs\":[\"https:\/\/www.facebook.com\/KapitalisInfo\/\",\"https:\/\/x.com\/KapitalisInfo\",\"https:\/\/www.youtube.com\/channel\/UC-yDYrHyfFBWWZaOw3FPg9Q\"]},{\"@type\":\"Person\",\"@id\":\"https:\/\/kapitalis.com\/tunisie\/#\/schema\/person\/d71f33a9ca44f7bad4698210b480c8e9\",\"name\":\"webmaster kapitalis\",\"url\":\"https:\/\/kapitalis.com\/tunisie\/author\/webmaster-kapitalis\/\"}]}<\/script>\n<!-- \/ Yoast SEO plugin. -->","yoast_head_json":{"title":"Libye : bras de fer franco-turc en M\u00e9diterran\u00e9e - Kapitalis","robots":{"index":"index","follow":"follow","max-snippet":"max-snippet:-1","max-image-preview":"max-image-preview:large","max-video-preview":"max-video-preview:-1"},"canonical":"https:\/\/kapitalis.com\/tunisie\/2020\/06\/20\/libye-bras-de-fer-franco-turc-en-mediterranee\/","og_locale":"fr_FR","og_type":"article","og_title":"Libye : bras de fer franco-turc en M\u00e9diterran\u00e9e - Kapitalis","og_description":"Il s\u2019en est fallu de peu tr\u00e8s pour que le canon tonne en M\u00e9diterran\u00e9e, \u00e0 quelques miles des c\u00f4tes tunisiennes. L\u2019incident a \u00e9t\u00e9 rapidement circonscrit. Il n\u2019a pas fait beaucoup de bruit. Mais les marines fran\u00e7aise et turque ont failli en venir aux mains en M\u00e9diterran\u00e9e autour d\u2019une cargaison d\u2019armes que les Turcs \u00e9taient en...","og_url":"https:\/\/kapitalis.com\/tunisie\/2020\/06\/20\/libye-bras-de-fer-franco-turc-en-mediterranee\/","og_site_name":"Kapitalis","article_publisher":"https:\/\/www.facebook.com\/KapitalisInfo\/","article_published_time":"2020-06-20T09:40:53+00:00","article_modified_time":"2020-06-20T10:38:52+00:00","og_image":[{"width":1200,"height":630,"url":"https:\/\/kapitalis.com\/tunisie\/wp-content\/uploads\/2022\/05\/kapitalis-logo-fb.png","type":"image\/png"}],"author":"webmaster kapitalis","twitter_card":"summary_large_image","twitter_creator":"@KapitalisInfo","twitter_site":"@KapitalisInfo","twitter_misc":{"\u00c9crit par":"webmaster kapitalis","Dur\u00e9e de lecture estim\u00e9e":"9 minutes"},"schema":{"@context":"https:\/\/schema.org","@graph":[{"@type":"Article","@id":"https:\/\/kapitalis.com\/tunisie\/2020\/06\/20\/libye-bras-de-fer-franco-turc-en-mediterranee\/#article","isPartOf":{"@id":"https:\/\/kapitalis.com\/tunisie\/2020\/06\/20\/libye-bras-de-fer-franco-turc-en-mediterranee\/"},"author":{"name":"webmaster kapitalis","@id":"https:\/\/kapitalis.com\/tunisie\/#\/schema\/person\/d71f33a9ca44f7bad4698210b480c8e9"},"headline":"Libye : bras de fer franco-turc en M\u00e9diterran\u00e9e","datePublished":"2020-06-20T09:40:53+00:00","dateModified":"2020-06-20T10:38:52+00:00","mainEntityOfPage":{"@id":"https:\/\/kapitalis.com\/tunisie\/2020\/06\/20\/libye-bras-de-fer-franco-turc-en-mediterranee\/"},"wordCount":1793,"commentCount":19,"publisher":{"@id":"https:\/\/kapitalis.com\/tunisie\/#organization"},"image":{"@id":"https:\/\/kapitalis.com\/tunisie\/2020\/06\/20\/libye-bras-de-fer-franco-turc-en-mediterranee\/#primaryimage"},"thumbnailUrl":"","keywords":["Erdogan","Haftar","Ka\u00efs Sa\u00efed","Libye","Macron","marine fran\u00e7aise","marine turque","M\u00e9diterran\u00e9e","Sarraj","Turquie"],"articleSection":["A LA UNE","POLITIQUE","Tunisie"],"inLanguage":"fr-FR","potentialAction":[{"@type":"CommentAction","name":"Comment","target":["https:\/\/kapitalis.com\/tunisie\/2020\/06\/20\/libye-bras-de-fer-franco-turc-en-mediterranee\/#respond"]}]},{"@type":"WebPage","@id":"https:\/\/kapitalis.com\/tunisie\/2020\/06\/20\/libye-bras-de-fer-franco-turc-en-mediterranee\/","url":"https:\/\/kapitalis.com\/tunisie\/2020\/06\/20\/libye-bras-de-fer-franco-turc-en-mediterranee\/","name":"Libye : bras de fer franco-turc en M\u00e9diterran\u00e9e - Kapitalis","isPartOf":{"@id":"https:\/\/kapitalis.com\/tunisie\/#website"},"primaryImageOfPage":{"@id":"https:\/\/kapitalis.com\/tunisie\/2020\/06\/20\/libye-bras-de-fer-franco-turc-en-mediterranee\/#primaryimage"},"image":{"@id":"https:\/\/kapitalis.com\/tunisie\/2020\/06\/20\/libye-bras-de-fer-franco-turc-en-mediterranee\/#primaryimage"},"thumbnailUrl":"","datePublished":"2020-06-20T09:40:53+00:00","dateModified":"2020-06-20T10:38:52+00:00","breadcrumb":{"@id":"https:\/\/kapitalis.com\/tunisie\/2020\/06\/20\/libye-bras-de-fer-franco-turc-en-mediterranee\/#breadcrumb"},"inLanguage":"fr-FR","potentialAction":[{"@type":"ReadAction","target":["https:\/\/kapitalis.com\/tunisie\/2020\/06\/20\/libye-bras-de-fer-franco-turc-en-mediterranee\/"]}]},{"@type":"ImageObject","inLanguage":"fr-FR","@id":"https:\/\/kapitalis.com\/tunisie\/2020\/06\/20\/libye-bras-de-fer-franco-turc-en-mediterranee\/#primaryimage","url":"","contentUrl":""},{"@type":"BreadcrumbList","@id":"https:\/\/kapitalis.com\/tunisie\/2020\/06\/20\/libye-bras-de-fer-franco-turc-en-mediterranee\/#breadcrumb","itemListElement":[{"@type":"ListItem","position":1,"name":"Accueil","item":"https:\/\/kapitalis.com\/tunisie\/"},{"@type":"ListItem","position":2,"name":"Libye : bras de fer franco-turc en M\u00e9diterran\u00e9e"}]},{"@type":"WebSite","@id":"https:\/\/kapitalis.com\/tunisie\/#website","url":"https:\/\/kapitalis.com\/tunisie\/","name":"Kapitalis","description":"L&#039;actualit\u00e9 en Tunisie et dans le monde","publisher":{"@id":"https:\/\/kapitalis.com\/tunisie\/#organization"},"potentialAction":[{"@type":"SearchAction","target":{"@type":"EntryPoint","urlTemplate":"https:\/\/kapitalis.com\/tunisie\/?s={search_term_string}"},"query-input":{"@type":"PropertyValueSpecification","valueRequired":true,"valueName":"search_term_string"}}],"inLanguage":"fr-FR"},{"@type":"Organization","@id":"https:\/\/kapitalis.com\/tunisie\/#organization","name":"Kapitalis","url":"https:\/\/kapitalis.com\/tunisie\/","logo":{"@type":"ImageObject","inLanguage":"fr-FR","@id":"https:\/\/kapitalis.com\/tunisie\/#\/schema\/logo\/image\/","url":"https:\/\/kapitalis.com\/tunisie\/wp-content\/uploads\/2022\/05\/Kapitalis-big-size.png","contentUrl":"https:\/\/kapitalis.com\/tunisie\/wp-content\/uploads\/2022\/05\/Kapitalis-big-size.png","width":5000,"height":1500,"caption":"Kapitalis"},"image":{"@id":"https:\/\/kapitalis.com\/tunisie\/#\/schema\/logo\/image\/"},"sameAs":["https:\/\/www.facebook.com\/KapitalisInfo\/","https:\/\/x.com\/KapitalisInfo","https:\/\/www.youtube.com\/channel\/UC-yDYrHyfFBWWZaOw3FPg9Q"]},{"@type":"Person","@id":"https:\/\/kapitalis.com\/tunisie\/#\/schema\/person\/d71f33a9ca44f7bad4698210b480c8e9","name":"webmaster kapitalis","url":"https:\/\/kapitalis.com\/tunisie\/author\/webmaster-kapitalis\/"}]}},"_links":{"self":[{"href":"https:\/\/kapitalis.com\/tunisie\/wp-json\/wp\/v2\/posts\/304367","targetHints":{"allow":["GET"]}}],"collection":[{"href":"https:\/\/kapitalis.com\/tunisie\/wp-json\/wp\/v2\/posts"}],"about":[{"href":"https:\/\/kapitalis.com\/tunisie\/wp-json\/wp\/v2\/types\/post"}],"author":[{"embeddable":true,"href":"https:\/\/kapitalis.com\/tunisie\/wp-json\/wp\/v2\/users\/8"}],"replies":[{"embeddable":true,"href":"https:\/\/kapitalis.com\/tunisie\/wp-json\/wp\/v2\/comments?post=304367"}],"version-history":[{"count":0,"href":"https:\/\/kapitalis.com\/tunisie\/wp-json\/wp\/v2\/posts\/304367\/revisions"}],"wp:featuredmedia":[{"embeddable":true,"href":"https:\/\/kapitalis.com\/tunisie\/wp-json\/wp\/v2\/media\/304368"}],"wp:attachment":[{"href":"https:\/\/kapitalis.com\/tunisie\/wp-json\/wp\/v2\/media?parent=304367"}],"wp:term":[{"taxonomy":"category","embeddable":true,"href":"https:\/\/kapitalis.com\/tunisie\/wp-json\/wp\/v2\/categories?post=304367"},{"taxonomy":"post_tag","embeddable":true,"href":"https:\/\/kapitalis.com\/tunisie\/wp-json\/wp\/v2\/tags?post=304367"}],"curies":[{"name":"wp","href":"https:\/\/api.w.org\/{rel}","templated":true}]}}