{"id":304508,"date":"2020-06-21T10:44:58","date_gmt":"2020-06-21T09:44:58","guid":{"rendered":"http:\/\/kapitalis.com\/tunisie\/?p=304508"},"modified":"2020-06-21T10:47:10","modified_gmt":"2020-06-21T09:47:10","slug":"mekki-il-est-impossible-de-mettre-en-quarantaine-obligatoire-les-300-000-tunisiens-qui-retourneront-cet-ete-de-letranger","status":"publish","type":"post","link":"https:\/\/kapitalis.com\/tunisie\/2020\/06\/21\/mekki-il-est-impossible-de-mettre-en-quarantaine-obligatoire-les-300-000-tunisiens-qui-retourneront-cet-ete-de-letranger\/","title":{"rendered":"Mekki : \u00abIl est impossible de mettre en quarantaine obligatoire les 300.000 Tunisiens qui retourneront cet \u00e9t\u00e9 de l&rsquo;\u00e9tranger\u00bb"},"content":{"rendered":"\n<figure class=\"wp-block-image size-large\"><img decoding=\"async\" src=\"http:\/\/kapitalis.com\/tunisie\/wp-content\/uploads\/2020\/05\/Abdellatif-Mekki.jpg\" alt=\"\" class=\"wp-image-298459\"\/><\/figure>\n\n\n\n<p><em><strong>Et si on adoptait, d\u00e9sormais, une strat\u00e9gie \u00abpersonnalisable\u00bb \u00e0 l&rsquo;\u00e9gard des personnes qui arrivent de l&rsquo;\u00e9tranger, dans le cadre de la lutte nationale contre le coronavirus ? C&rsquo;est, en tout cas, l&rsquo;id\u00e9e pr\u00e9conis\u00e9e par Abdellatif Mekki, ministre de la Sant\u00e9 publique, qui propose de garder la mise en quarantaine obligatoire pour les personnes qui arrivent de pays o\u00f9 la Covid-19 est dangereusement r\u00e9pandue, et de se contenter de l&rsquo;auto-quarantaine obligatoire pour ceux qui viennent d&rsquo;endroits ayant r\u00e9ussi \u00e0 plus ou moins contr\u00f4ler la pand\u00e9mie.<\/strong><\/em><\/p>\n\n\n\n<!--more-->\n\n\n\n<p>Intervenu sur la radio nationale, hier, samedi 20 juin 2020, Mekki a assur\u00e9 que le gouvernement est en train de mener des discussions autour de la strat\u00e9gie \u00e0 employer \u00e0 l&rsquo;ouverture des fronti\u00e8res, le 27 juin, faisant entendre que les craintes d&rsquo;une 2e vague du coronavirus en Tunisie ne pr\u00e9occupe pas seulement les citoyens.<\/p>\n\n\n\n<p>Mekki a, par ailleurs, estim\u00e9 qu&rsquo;il \u00e9tait n\u00e9cessaire, pour un pays qui se veut d\u00e9mocrate, de responsabiliser ses citoyens et de faire confiance \u00e0 leur conscience, bien que la crise sanitaire actuelle ait d\u00e9j\u00e0 montr\u00e9, en Tunisie comme ailleurs, que cela pr\u00e9sentait des risques d\u00e9musu\u00e9s.<br>\u00ab<em>Vous ne pouvez pas mettre en quarantaine 300.000 personnes, et ce nombre n&rsquo;est que le minimum attendu<\/em> [des ressortissants qu reviendront de l&rsquo;\u00e9tranger cet \u00e9t\u00e9]\u00bb, a-t-il, tout de suite, encha\u00een\u00e9, montrant que ce n&rsquo;est pas vraiment le souci de faire preuve de d\u00e9mocratie qui motive la d\u00e9cision d&rsquo;annuler cette mesure ayant eu, jusque-l\u00e0, des r\u00e9sultats incontournables, mais les contraintes logistiques et les enjeux \u00e9conomiques.<\/p>\n\n\n\n<p>Pour ce qui est des touristes, le ministre a indiqu\u00e9 que le circtuit qui leur sera r\u00e9serv\u00e9 dans les h\u00f4tels a \u00e9t\u00e9 tr\u00e8s bien \u00e9tudi\u00e9, de sorte de limiter au maximum les risques de contamination. Cela semble, tout de m\u00eame, un peu trop optimiste dans la mesure o\u00f9 ces gens ne viendront pas pour s&rsquo;isoler, mais pour \u00ab<em>s&rsquo;amuser<\/em>\u00bb et qu&rsquo;ils seront, de ce fait, forc\u00e9ment en contact avec autrui (du moins avec les employ\u00e9s du secteur touristique et entre eux eux-m\u00eames).<\/p>\n\n\n\n<p class=\"has-text-align-right\"><strong>C. B. Y.<\/strong><\/p>\n","protected":false},"excerpt":{"rendered":"<p>Et si on adoptait, d\u00e9sormais, une strat\u00e9gie \u00abpersonnalisable\u00bb \u00e0 l&rsquo;\u00e9gard des personnes qui arrivent de l&rsquo;\u00e9tranger, dans le cadre de la lutte nationale contre le coronavirus ? C&rsquo;est, en tout cas, l&rsquo;id\u00e9e pr\u00e9conis\u00e9e par Abdellatif Mekki, ministre de la Sant\u00e9 publique, qui propose de garder la mise en quarantaine obligatoire pour les personnes qui arrivent&#8230;<\/p>\n","protected":false},"author":24,"featured_media":0,"comment_status":"open","ping_status":"open","sticky":false,"template":"","format":"standard","meta":{"footnotes":""},"categories":[998,2433],"tags":[17,73060,75291],"class_list":["post-304508","post","type-post","status-publish","format-standard","hentry","category-societe","category-tunisie","tag-abdellatif-mekki","tag-coronavirus","tag-covid-19"],"yoast_head":"<!-- This site is optimized with the Yoast SEO plugin v26.6 - https:\/\/yoast.com\/wordpress\/plugins\/seo\/ -->\n<title>Mekki : \u00abIl est impossible de mettre en quarantaine obligatoire les 300.000 Tunisiens qui retourneront cet \u00e9t\u00e9 de l&#039;\u00e9tranger\u00bb - Kapitalis<\/title>\n<meta name=\"robots\" content=\"index, follow, max-snippet:-1, max-image-preview:large, max-video-preview:-1\" \/>\n<link rel=\"canonical\" href=\"https:\/\/kapitalis.com\/tunisie\/2020\/06\/21\/mekki-il-est-impossible-de-mettre-en-quarantaine-obligatoire-les-300-000-tunisiens-qui-retourneront-cet-ete-de-letranger\/\" \/>\n<meta property=\"og:locale\" content=\"fr_FR\" \/>\n<meta property=\"og:type\" content=\"article\" \/>\n<meta property=\"og:title\" content=\"Mekki : \u00abIl est impossible de mettre en quarantaine obligatoire les 300.000 Tunisiens qui retourneront cet \u00e9t\u00e9 de l&#039;\u00e9tranger\u00bb - Kapitalis\" \/>\n<meta property=\"og:description\" content=\"Et si on adoptait, d\u00e9sormais, une strat\u00e9gie \u00abpersonnalisable\u00bb \u00e0 l&rsquo;\u00e9gard des personnes qui arrivent de l&rsquo;\u00e9tranger, dans le cadre de la lutte nationale contre le coronavirus ? C&rsquo;est, en tout cas, l&rsquo;id\u00e9e pr\u00e9conis\u00e9e par Abdellatif Mekki, ministre de la Sant\u00e9 publique, qui propose de garder la mise en quarantaine obligatoire pour les personnes qui arrivent...\" \/>\n<meta property=\"og:url\" content=\"https:\/\/kapitalis.com\/tunisie\/2020\/06\/21\/mekki-il-est-impossible-de-mettre-en-quarantaine-obligatoire-les-300-000-tunisiens-qui-retourneront-cet-ete-de-letranger\/\" \/>\n<meta property=\"og:site_name\" content=\"Kapitalis\" \/>\n<meta property=\"article:publisher\" content=\"https:\/\/www.facebook.com\/KapitalisInfo\/\" \/>\n<meta property=\"article:published_time\" content=\"2020-06-21T09:44:58+00:00\" \/>\n<meta property=\"article:modified_time\" content=\"2020-06-21T09:47:10+00:00\" \/>\n<meta property=\"og:image\" content=\"http:\/\/kapitalis.com\/tunisie\/wp-content\/uploads\/2020\/05\/Abdellatif-Mekki.jpg\" \/>\n<meta name=\"author\" content=\"Cherif Benyounes\" \/>\n<meta name=\"twitter:card\" content=\"summary_large_image\" \/>\n<meta name=\"twitter:creator\" content=\"@KapitalisInfo\" \/>\n<meta name=\"twitter:site\" content=\"@KapitalisInfo\" \/>\n<meta name=\"twitter:label1\" content=\"\u00c9crit par\" \/>\n\t<meta name=\"twitter:data1\" content=\"Cherif Benyounes\" \/>\n\t<meta name=\"twitter:label2\" content=\"Dur\u00e9e de lecture estim\u00e9e\" \/>\n\t<meta name=\"twitter:data2\" content=\"2 minutes\" \/>\n<script type=\"application\/ld+json\" class=\"yoast-schema-graph\">{\"@context\":\"https:\/\/schema.org\",\"@graph\":[{\"@type\":\"Article\",\"@id\":\"https:\/\/kapitalis.com\/tunisie\/2020\/06\/21\/mekki-il-est-impossible-de-mettre-en-quarantaine-obligatoire-les-300-000-tunisiens-qui-retourneront-cet-ete-de-letranger\/#article\",\"isPartOf\":{\"@id\":\"https:\/\/kapitalis.com\/tunisie\/2020\/06\/21\/mekki-il-est-impossible-de-mettre-en-quarantaine-obligatoire-les-300-000-tunisiens-qui-retourneront-cet-ete-de-letranger\/\"},\"author\":{\"name\":\"Cherif Benyounes\",\"@id\":\"https:\/\/kapitalis.com\/tunisie\/#\/schema\/person\/b35b8d631961131107263178aeb8019e\"},\"headline\":\"Mekki : \u00abIl est impossible de mettre en quarantaine obligatoire les 300.000 Tunisiens qui retourneront cet \u00e9t\u00e9 de l&rsquo;\u00e9tranger\u00bb\",\"datePublished\":\"2020-06-21T09:44:58+00:00\",\"dateModified\":\"2020-06-21T09:47:10+00:00\",\"mainEntityOfPage\":{\"@id\":\"https:\/\/kapitalis.com\/tunisie\/2020\/06\/21\/mekki-il-est-impossible-de-mettre-en-quarantaine-obligatoire-les-300-000-tunisiens-qui-retourneront-cet-ete-de-letranger\/\"},\"wordCount\":371,\"commentCount\":9,\"publisher\":{\"@id\":\"https:\/\/kapitalis.com\/tunisie\/#organization\"},\"image\":{\"@id\":\"https:\/\/kapitalis.com\/tunisie\/2020\/06\/21\/mekki-il-est-impossible-de-mettre-en-quarantaine-obligatoire-les-300-000-tunisiens-qui-retourneront-cet-ete-de-letranger\/#primaryimage\"},\"thumbnailUrl\":\"http:\/\/kapitalis.com\/tunisie\/wp-content\/uploads\/2020\/05\/Abdellatif-Mekki.jpg\",\"keywords\":[\"Abdellatif Mekki\",\"Coronavirus\",\"Covid-19\"],\"articleSection\":[\"SOCIETE\",\"Tunisie\"],\"inLanguage\":\"fr-FR\",\"potentialAction\":[{\"@type\":\"CommentAction\",\"name\":\"Comment\",\"target\":[\"https:\/\/kapitalis.com\/tunisie\/2020\/06\/21\/mekki-il-est-impossible-de-mettre-en-quarantaine-obligatoire-les-300-000-tunisiens-qui-retourneront-cet-ete-de-letranger\/#respond\"]}]},{\"@type\":\"WebPage\",\"@id\":\"https:\/\/kapitalis.com\/tunisie\/2020\/06\/21\/mekki-il-est-impossible-de-mettre-en-quarantaine-obligatoire-les-300-000-tunisiens-qui-retourneront-cet-ete-de-letranger\/\",\"url\":\"https:\/\/kapitalis.com\/tunisie\/2020\/06\/21\/mekki-il-est-impossible-de-mettre-en-quarantaine-obligatoire-les-300-000-tunisiens-qui-retourneront-cet-ete-de-letranger\/\",\"name\":\"Mekki : \u00abIl est impossible de mettre en quarantaine obligatoire les 300.000 Tunisiens qui retourneront cet \u00e9t\u00e9 de l'\u00e9tranger\u00bb - Kapitalis\",\"isPartOf\":{\"@id\":\"https:\/\/kapitalis.com\/tunisie\/#website\"},\"primaryImageOfPage\":{\"@id\":\"https:\/\/kapitalis.com\/tunisie\/2020\/06\/21\/mekki-il-est-impossible-de-mettre-en-quarantaine-obligatoire-les-300-000-tunisiens-qui-retourneront-cet-ete-de-letranger\/#primaryimage\"},\"image\":{\"@id\":\"https:\/\/kapitalis.com\/tunisie\/2020\/06\/21\/mekki-il-est-impossible-de-mettre-en-quarantaine-obligatoire-les-300-000-tunisiens-qui-retourneront-cet-ete-de-letranger\/#primaryimage\"},\"thumbnailUrl\":\"http:\/\/kapitalis.com\/tunisie\/wp-content\/uploads\/2020\/05\/Abdellatif-Mekki.jpg\",\"datePublished\":\"2020-06-21T09:44:58+00:00\",\"dateModified\":\"2020-06-21T09:47:10+00:00\",\"breadcrumb\":{\"@id\":\"https:\/\/kapitalis.com\/tunisie\/2020\/06\/21\/mekki-il-est-impossible-de-mettre-en-quarantaine-obligatoire-les-300-000-tunisiens-qui-retourneront-cet-ete-de-letranger\/#breadcrumb\"},\"inLanguage\":\"fr-FR\",\"potentialAction\":[{\"@type\":\"ReadAction\",\"target\":[\"https:\/\/kapitalis.com\/tunisie\/2020\/06\/21\/mekki-il-est-impossible-de-mettre-en-quarantaine-obligatoire-les-300-000-tunisiens-qui-retourneront-cet-ete-de-letranger\/\"]}]},{\"@type\":\"ImageObject\",\"inLanguage\":\"fr-FR\",\"@id\":\"https:\/\/kapitalis.com\/tunisie\/2020\/06\/21\/mekki-il-est-impossible-de-mettre-en-quarantaine-obligatoire-les-300-000-tunisiens-qui-retourneront-cet-ete-de-letranger\/#primaryimage\",\"url\":\"\",\"contentUrl\":\"\"},{\"@type\":\"BreadcrumbList\",\"@id\":\"https:\/\/kapitalis.com\/tunisie\/2020\/06\/21\/mekki-il-est-impossible-de-mettre-en-quarantaine-obligatoire-les-300-000-tunisiens-qui-retourneront-cet-ete-de-letranger\/#breadcrumb\",\"itemListElement\":[{\"@type\":\"ListItem\",\"position\":1,\"name\":\"Accueil\",\"item\":\"https:\/\/kapitalis.com\/tunisie\/\"},{\"@type\":\"ListItem\",\"position\":2,\"name\":\"Mekki : \u00abIl est impossible de mettre en quarantaine obligatoire les 300.000 Tunisiens qui retourneront cet \u00e9t\u00e9 de l&rsquo;\u00e9tranger\u00bb\"}]},{\"@type\":\"WebSite\",\"@id\":\"https:\/\/kapitalis.com\/tunisie\/#website\",\"url\":\"https:\/\/kapitalis.com\/tunisie\/\",\"name\":\"Kapitalis\",\"description\":\"L&#039;actualit\u00e9 en Tunisie et dans le monde\",\"publisher\":{\"@id\":\"https:\/\/kapitalis.com\/tunisie\/#organization\"},\"potentialAction\":[{\"@type\":\"SearchAction\",\"target\":{\"@type\":\"EntryPoint\",\"urlTemplate\":\"https:\/\/kapitalis.com\/tunisie\/?s={search_term_string}\"},\"query-input\":{\"@type\":\"PropertyValueSpecification\",\"valueRequired\":true,\"valueName\":\"search_term_string\"}}],\"inLanguage\":\"fr-FR\"},{\"@type\":\"Organization\",\"@id\":\"https:\/\/kapitalis.com\/tunisie\/#organization\",\"name\":\"Kapitalis\",\"url\":\"https:\/\/kapitalis.com\/tunisie\/\",\"logo\":{\"@type\":\"ImageObject\",\"inLanguage\":\"fr-FR\",\"@id\":\"https:\/\/kapitalis.com\/tunisie\/#\/schema\/logo\/image\/\",\"url\":\"https:\/\/kapitalis.com\/tunisie\/wp-content\/uploads\/2022\/05\/Kapitalis-big-size.png\",\"contentUrl\":\"https:\/\/kapitalis.com\/tunisie\/wp-content\/uploads\/2022\/05\/Kapitalis-big-size.png\",\"width\":5000,\"height\":1500,\"caption\":\"Kapitalis\"},\"image\":{\"@id\":\"https:\/\/kapitalis.com\/tunisie\/#\/schema\/logo\/image\/\"},\"sameAs\":[\"https:\/\/www.facebook.com\/KapitalisInfo\/\",\"https:\/\/x.com\/KapitalisInfo\",\"https:\/\/www.youtube.com\/channel\/UC-yDYrHyfFBWWZaOw3FPg9Q\"]},{\"@type\":\"Person\",\"@id\":\"https:\/\/kapitalis.com\/tunisie\/#\/schema\/person\/b35b8d631961131107263178aeb8019e\",\"name\":\"Cherif Benyounes\",\"url\":\"https:\/\/kapitalis.com\/tunisie\/author\/cherif\/\"}]}<\/script>\n<!-- \/ Yoast SEO plugin. -->","yoast_head_json":{"title":"Mekki : \u00abIl est impossible de mettre en quarantaine obligatoire les 300.000 Tunisiens qui retourneront cet \u00e9t\u00e9 de l'\u00e9tranger\u00bb - Kapitalis","robots":{"index":"index","follow":"follow","max-snippet":"max-snippet:-1","max-image-preview":"max-image-preview:large","max-video-preview":"max-video-preview:-1"},"canonical":"https:\/\/kapitalis.com\/tunisie\/2020\/06\/21\/mekki-il-est-impossible-de-mettre-en-quarantaine-obligatoire-les-300-000-tunisiens-qui-retourneront-cet-ete-de-letranger\/","og_locale":"fr_FR","og_type":"article","og_title":"Mekki : \u00abIl est impossible de mettre en quarantaine obligatoire les 300.000 Tunisiens qui retourneront cet \u00e9t\u00e9 de l'\u00e9tranger\u00bb - Kapitalis","og_description":"Et si on adoptait, d\u00e9sormais, une strat\u00e9gie \u00abpersonnalisable\u00bb \u00e0 l&rsquo;\u00e9gard des personnes qui arrivent de l&rsquo;\u00e9tranger, dans le cadre de la lutte nationale contre le coronavirus ? C&rsquo;est, en tout cas, l&rsquo;id\u00e9e pr\u00e9conis\u00e9e par Abdellatif Mekki, ministre de la Sant\u00e9 publique, qui propose de garder la mise en quarantaine obligatoire pour les personnes qui arrivent...","og_url":"https:\/\/kapitalis.com\/tunisie\/2020\/06\/21\/mekki-il-est-impossible-de-mettre-en-quarantaine-obligatoire-les-300-000-tunisiens-qui-retourneront-cet-ete-de-letranger\/","og_site_name":"Kapitalis","article_publisher":"https:\/\/www.facebook.com\/KapitalisInfo\/","article_published_time":"2020-06-21T09:44:58+00:00","article_modified_time":"2020-06-21T09:47:10+00:00","og_image":[{"url":"http:\/\/kapitalis.com\/tunisie\/wp-content\/uploads\/2020\/05\/Abdellatif-Mekki.jpg","type":"","width":"","height":""}],"author":"Cherif Benyounes","twitter_card":"summary_large_image","twitter_creator":"@KapitalisInfo","twitter_site":"@KapitalisInfo","twitter_misc":{"\u00c9crit par":"Cherif Benyounes","Dur\u00e9e de lecture estim\u00e9e":"2 minutes"},"schema":{"@context":"https:\/\/schema.org","@graph":[{"@type":"Article","@id":"https:\/\/kapitalis.com\/tunisie\/2020\/06\/21\/mekki-il-est-impossible-de-mettre-en-quarantaine-obligatoire-les-300-000-tunisiens-qui-retourneront-cet-ete-de-letranger\/#article","isPartOf":{"@id":"https:\/\/kapitalis.com\/tunisie\/2020\/06\/21\/mekki-il-est-impossible-de-mettre-en-quarantaine-obligatoire-les-300-000-tunisiens-qui-retourneront-cet-ete-de-letranger\/"},"author":{"name":"Cherif Benyounes","@id":"https:\/\/kapitalis.com\/tunisie\/#\/schema\/person\/b35b8d631961131107263178aeb8019e"},"headline":"Mekki : \u00abIl est impossible de mettre en quarantaine obligatoire les 300.000 Tunisiens qui retourneront cet \u00e9t\u00e9 de l&rsquo;\u00e9tranger\u00bb","datePublished":"2020-06-21T09:44:58+00:00","dateModified":"2020-06-21T09:47:10+00:00","mainEntityOfPage":{"@id":"https:\/\/kapitalis.com\/tunisie\/2020\/06\/21\/mekki-il-est-impossible-de-mettre-en-quarantaine-obligatoire-les-300-000-tunisiens-qui-retourneront-cet-ete-de-letranger\/"},"wordCount":371,"commentCount":9,"publisher":{"@id":"https:\/\/kapitalis.com\/tunisie\/#organization"},"image":{"@id":"https:\/\/kapitalis.com\/tunisie\/2020\/06\/21\/mekki-il-est-impossible-de-mettre-en-quarantaine-obligatoire-les-300-000-tunisiens-qui-retourneront-cet-ete-de-letranger\/#primaryimage"},"thumbnailUrl":"http:\/\/kapitalis.com\/tunisie\/wp-content\/uploads\/2020\/05\/Abdellatif-Mekki.jpg","keywords":["Abdellatif Mekki","Coronavirus","Covid-19"],"articleSection":["SOCIETE","Tunisie"],"inLanguage":"fr-FR","potentialAction":[{"@type":"CommentAction","name":"Comment","target":["https:\/\/kapitalis.com\/tunisie\/2020\/06\/21\/mekki-il-est-impossible-de-mettre-en-quarantaine-obligatoire-les-300-000-tunisiens-qui-retourneront-cet-ete-de-letranger\/#respond"]}]},{"@type":"WebPage","@id":"https:\/\/kapitalis.com\/tunisie\/2020\/06\/21\/mekki-il-est-impossible-de-mettre-en-quarantaine-obligatoire-les-300-000-tunisiens-qui-retourneront-cet-ete-de-letranger\/","url":"https:\/\/kapitalis.com\/tunisie\/2020\/06\/21\/mekki-il-est-impossible-de-mettre-en-quarantaine-obligatoire-les-300-000-tunisiens-qui-retourneront-cet-ete-de-letranger\/","name":"Mekki : \u00abIl est impossible de mettre en quarantaine obligatoire les 300.000 Tunisiens qui retourneront cet \u00e9t\u00e9 de l'\u00e9tranger\u00bb - Kapitalis","isPartOf":{"@id":"https:\/\/kapitalis.com\/tunisie\/#website"},"primaryImageOfPage":{"@id":"https:\/\/kapitalis.com\/tunisie\/2020\/06\/21\/mekki-il-est-impossible-de-mettre-en-quarantaine-obligatoire-les-300-000-tunisiens-qui-retourneront-cet-ete-de-letranger\/#primaryimage"},"image":{"@id":"https:\/\/kapitalis.com\/tunisie\/2020\/06\/21\/mekki-il-est-impossible-de-mettre-en-quarantaine-obligatoire-les-300-000-tunisiens-qui-retourneront-cet-ete-de-letranger\/#primaryimage"},"thumbnailUrl":"http:\/\/kapitalis.com\/tunisie\/wp-content\/uploads\/2020\/05\/Abdellatif-Mekki.jpg","datePublished":"2020-06-21T09:44:58+00:00","dateModified":"2020-06-21T09:47:10+00:00","breadcrumb":{"@id":"https:\/\/kapitalis.com\/tunisie\/2020\/06\/21\/mekki-il-est-impossible-de-mettre-en-quarantaine-obligatoire-les-300-000-tunisiens-qui-retourneront-cet-ete-de-letranger\/#breadcrumb"},"inLanguage":"fr-FR","potentialAction":[{"@type":"ReadAction","target":["https:\/\/kapitalis.com\/tunisie\/2020\/06\/21\/mekki-il-est-impossible-de-mettre-en-quarantaine-obligatoire-les-300-000-tunisiens-qui-retourneront-cet-ete-de-letranger\/"]}]},{"@type":"ImageObject","inLanguage":"fr-FR","@id":"https:\/\/kapitalis.com\/tunisie\/2020\/06\/21\/mekki-il-est-impossible-de-mettre-en-quarantaine-obligatoire-les-300-000-tunisiens-qui-retourneront-cet-ete-de-letranger\/#primaryimage","url":"","contentUrl":""},{"@type":"BreadcrumbList","@id":"https:\/\/kapitalis.com\/tunisie\/2020\/06\/21\/mekki-il-est-impossible-de-mettre-en-quarantaine-obligatoire-les-300-000-tunisiens-qui-retourneront-cet-ete-de-letranger\/#breadcrumb","itemListElement":[{"@type":"ListItem","position":1,"name":"Accueil","item":"https:\/\/kapitalis.com\/tunisie\/"},{"@type":"ListItem","position":2,"name":"Mekki : \u00abIl est impossible de mettre en quarantaine obligatoire les 300.000 Tunisiens qui retourneront cet \u00e9t\u00e9 de l&rsquo;\u00e9tranger\u00bb"}]},{"@type":"WebSite","@id":"https:\/\/kapitalis.com\/tunisie\/#website","url":"https:\/\/kapitalis.com\/tunisie\/","name":"Kapitalis","description":"L&#039;actualit\u00e9 en Tunisie et dans le monde","publisher":{"@id":"https:\/\/kapitalis.com\/tunisie\/#organization"},"potentialAction":[{"@type":"SearchAction","target":{"@type":"EntryPoint","urlTemplate":"https:\/\/kapitalis.com\/tunisie\/?s={search_term_string}"},"query-input":{"@type":"PropertyValueSpecification","valueRequired":true,"valueName":"search_term_string"}}],"inLanguage":"fr-FR"},{"@type":"Organization","@id":"https:\/\/kapitalis.com\/tunisie\/#organization","name":"Kapitalis","url":"https:\/\/kapitalis.com\/tunisie\/","logo":{"@type":"ImageObject","inLanguage":"fr-FR","@id":"https:\/\/kapitalis.com\/tunisie\/#\/schema\/logo\/image\/","url":"https:\/\/kapitalis.com\/tunisie\/wp-content\/uploads\/2022\/05\/Kapitalis-big-size.png","contentUrl":"https:\/\/kapitalis.com\/tunisie\/wp-content\/uploads\/2022\/05\/Kapitalis-big-size.png","width":5000,"height":1500,"caption":"Kapitalis"},"image":{"@id":"https:\/\/kapitalis.com\/tunisie\/#\/schema\/logo\/image\/"},"sameAs":["https:\/\/www.facebook.com\/KapitalisInfo\/","https:\/\/x.com\/KapitalisInfo","https:\/\/www.youtube.com\/channel\/UC-yDYrHyfFBWWZaOw3FPg9Q"]},{"@type":"Person","@id":"https:\/\/kapitalis.com\/tunisie\/#\/schema\/person\/b35b8d631961131107263178aeb8019e","name":"Cherif Benyounes","url":"https:\/\/kapitalis.com\/tunisie\/author\/cherif\/"}]}},"_links":{"self":[{"href":"https:\/\/kapitalis.com\/tunisie\/wp-json\/wp\/v2\/posts\/304508","targetHints":{"allow":["GET"]}}],"collection":[{"href":"https:\/\/kapitalis.com\/tunisie\/wp-json\/wp\/v2\/posts"}],"about":[{"href":"https:\/\/kapitalis.com\/tunisie\/wp-json\/wp\/v2\/types\/post"}],"author":[{"embeddable":true,"href":"https:\/\/kapitalis.com\/tunisie\/wp-json\/wp\/v2\/users\/24"}],"replies":[{"embeddable":true,"href":"https:\/\/kapitalis.com\/tunisie\/wp-json\/wp\/v2\/comments?post=304508"}],"version-history":[{"count":0,"href":"https:\/\/kapitalis.com\/tunisie\/wp-json\/wp\/v2\/posts\/304508\/revisions"}],"wp:attachment":[{"href":"https:\/\/kapitalis.com\/tunisie\/wp-json\/wp\/v2\/media?parent=304508"}],"wp:term":[{"taxonomy":"category","embeddable":true,"href":"https:\/\/kapitalis.com\/tunisie\/wp-json\/wp\/v2\/categories?post=304508"},{"taxonomy":"post_tag","embeddable":true,"href":"https:\/\/kapitalis.com\/tunisie\/wp-json\/wp\/v2\/tags?post=304508"}],"curies":[{"name":"wp","href":"https:\/\/api.w.org\/{rel}","templated":true}]}}