{"id":304760,"date":"2020-06-23T12:13:56","date_gmt":"2020-06-23T11:13:56","guid":{"rendered":"http:\/\/kapitalis.com\/tunisie\/?p=304760"},"modified":"2020-06-23T12:13:57","modified_gmt":"2020-06-23T11:13:57","slug":"les-tunisiens-residents-a-letranger-ne-doivent-pas-etre-discrimines","status":"publish","type":"post","link":"https:\/\/kapitalis.com\/tunisie\/2020\/06\/23\/les-tunisiens-residents-a-letranger-ne-doivent-pas-etre-discrimines\/","title":{"rendered":"Les Tunisiens r\u00e9sidents \u00e0 l\u2019\u00e9tranger ne doivent pas \u00eatre discrimin\u00e9s !"},"content":{"rendered":"\n<figure class=\"wp-block-image size-large\"><img decoding=\"async\" src=\"http:\/\/kapitalis.com\/tunisie\/wp-content\/uploads\/2020\/06\/Kais-Sa\u00efed-TRE.jpg\" alt=\"\" class=\"wp-image-304762\"\/><figcaption><em>Des membres de la communaut\u00e9 tunisienne en France invit\u00e9s au d\u00eeners offert par le pr\u00e9sident Macron en l&rsquo;honneur de Sa\u00efed, hier soir, \u00e0 l&rsquo;Elys\u00e9e. <\/em><\/figcaption><\/figure>\n\n\n\n<p><strong><em>Le pr\u00e9sident de la r\u00e9publique Ka\u00efs Sa\u00efed est, hier et aujourd\u2019hui, lundi 22 et mardi 23 juin 2020, \u00e0 Paris, pour une visite de travail \u00e0 l\u2019invitation de son homologue fran\u00e7ais Emmanuel Macron. Cette tribune lui est particuli\u00e8rement adress\u00e9e.<\/em><\/strong><\/p>\n\n\n\n<p>Par <strong>H\u00e9di Chenchabi<\/strong> *<\/p>\n\n\n\n<!--more-->\n\n\n\n<div class=\"wp-block-image\"><figure class=\"alignleft size-large\"><img decoding=\"async\" src=\"http:\/\/kapitalis.com\/tunisie\/wp-content\/uploads\/2018\/09\/Hedi-Chenchabi.jpg\" alt=\"\" class=\"wp-image-175856\"\/><\/figure><\/div>\n\n\n\n<p>La Tunisie avec plus de 10% de ses nationaux \u00e0 l\u2019\u00e9tranger doit \u00eatre fi\u00e8re de sa diaspora. Apr\u00e8s toutes les campagnes d\u2019hostilit\u00e9 \u00e0 leur \u00e9gard et les mesures discriminatoires qui les visent en particulier, le pr\u00e9sident de tous les Tunisiens doit \u00eatre \u00e0 l\u2019\u00e9coute de ses compatriotes qui vivent et travaillent \u00e0 l\u2019\u00e9tranger. Il doit disposer de toutes les donn\u00e9es et informations pour prendre les bonnes d\u00e9cisions que les Tunisiens r\u00e9sidents \u00e0 l\u2019\u00e9tranger (TRE) attendent depuis la r\u00e9volution et qu\u2019ils ont exprim\u00e9 \u00e0 travers des cahiers de dol\u00e9ances et des revendications sur le fonctionnement des services consulaires, sur la repr\u00e9sentation diplomatiques et les institutions g\u00e9r\u00e9es par l\u2019Office des Tunisiens \u00e0 l\u2019\u00e9tranger (OTE), sur l\u2019absence d\u2019un centre culturel en France digne de la Tunisie et de son rayonnement et sur la qualit\u00e9 de l\u2019enseignent de la langue arabe \u00e0 nos enfants.<\/p>\n\n\n\n<h3 class=\"wp-block-heading\">La Tunisie a du mal \u00e0 mobiliser sa diaspora<\/h3>\n\n\n\n<p>Malgr\u00e9 les avanc\u00e9es en termes de droits de vote et le changement de certaines pratiques de l\u2019ancien r\u00e9gime dictatorial, la Tunisie a du mal \u00e0 mobiliser les richesses et les comp\u00e9tences de cette diaspora.<br>L\u2019opinion publique et certains m\u00e9dias continuent \u00e0 v\u00e9hiculer une image et des id\u00e9es qui manifestent une m\u00e9connaissance des r\u00e9alit\u00e9s de l\u2019immigration, des TRE et de leurs droits \u00e0 vivre dans l\u2019\u00e9galit\u00e9 avec les autres nationaux.<\/p>\n\n\n\n<p>Cette situation dure depuis plusieurs d\u00e9cennies, car les autorit\u00e9s, au-del\u00e0 du discours \u00e9logieux \u00e9cul\u00e9 sur l\u2019immigration, n\u2019ont jamais voulu assumer la r\u00e9alit\u00e9 d\u2019un pays qui a besoin des apports de ses ressortissants \u00e0 l\u2019\u00e9tranger.<\/p>\n\n\n\n<p>Ce pays dilapide, de fait, son cr\u00e9dit aupr\u00e8s d\u2019une partie de la nation, des familles, des jeunes et des enfants \u00e9lev\u00e9s dans l\u2019amour du pays, de sa langue, de sa culture et de son histoire mill\u00e9naire. Ces hommes et ces femmes occupent un rang estimable dans des pays d\u2019accueil o\u00f9 ils vivent et travaillent, o\u00f9 certains assument, avec fiert\u00e9, leur double appartenance et leur bi-nationalit\u00e9 qui est d\u00e9nonc\u00e9e par certains hommes politiques r\u00e9actionnaires comme une trahison. Le nouveau pr\u00e9sident est sensible \u00e0 ce sujet et \u00e0 l\u2019apport des TRE au pays.<\/p>\n\n\n\n<div class=\"wp-block-image\"><figure class=\"aligncenter size-large is-resized\"><img decoding=\"async\" src=\"http:\/\/kapitalis.com\/tunisie\/wp-content\/uploads\/2020\/06\/Wahbi-Khazri-Macron-Saied.jpg\" alt=\"\" class=\"wp-image-304765\" width=\"500\"\/><figcaption><em>L&rsquo;international tunisien Wahbi Khazri offre son maillot de Saint-Etienne aux pr\u00e9sidents Macron et Sa\u00efed.<\/em><\/figcaption><\/figure><\/div>\n\n\n\n<p>Cette ressource inestimable que constituent les TRE n\u2019est plus \u00e0 d\u00e9montrer. Comme le soulignent tous les indicateurs \u00e9conomiques, sociaux, culturels et humains. Maltrait\u00e9s par les gouvernements successifs et sous pr\u00e9texte de Covid-19 import\u00e9 par eux, les TRE se trouvent dans des situations critiques et discrimin\u00e9s par des propos hostiles, des attitudes vexatoires et la prise de mesures inacceptables concernant les frais consulaires et les restrictions et obligations diverses pour revenir au pays aupr\u00e8s de leurs proches.<\/p>\n\n\n\n<p>Ce gouvernement, sous la pression de lobbys et guid\u00e9 par une d\u00e9marche d\u2019extorsion de devises des poches de ses ressortissants \u00e0 l\u2019\u00e9tranger, ne respecte ni la r\u00e9glementation internationale sur le change, ni les droits auxquels aspire tout Tunisien dans le pays ou \u00e0 l\u2019\u00e9tranger.<\/p>\n\n\n\n<p>Cette approche va avoir pour cons\u00e9quences de faire fuir les Tunisien(ne)s et plus particuli\u00e8rement nos enfants.<\/p>\n\n\n\n<h3 class=\"wp-block-heading\">Un rapport ambigu aux TRE consid\u00e9r\u00e9s comme une colonie<\/h3>\n\n\n\n<p>Consid\u00e9rer que les TRE n\u2019ont pas les m\u00eames droits que leurs compatriotes vivants au pays et les touristes \u00e9trangers sont une erreur et un signal hostile \u00e0 la diaspora. Tout est fait pour les taxer \u00e0 mort, pour emp\u00eacher leur retour en famille en vacances, pour que les campagnes de protestation et d\u2019indignation s\u2019amplifient.<\/p>\n\n\n\n<p>Ces options de courte vue du gouvernement et de ses ministres qui agissent sans concertation, t\u00e9moignent d\u2019un rapport ambigu aux TRE et d\u2019une conception vieille de plus de cinquante ans qui consid\u00e8re les Tunisiens vivant \u00e0 l\u2019\u00e9tranger comme une <em>\u00abcolonie\u00bb <\/em>qui n\u2019a ni droits, ni son mot \u00e0 dire sur les politiques d\u2019\u00e9migration et les institutions gangr\u00e9n\u00e9es qui les concernent en premier chef.<\/p>\n\n\n\n<p>L\u2019OTE, qui co\u00fbte cher \u00e0 l\u2019Etat et qui maintient ce rapport d\u2019\u00abencadrement\u00bb et de contr\u00f4le inefficace et co\u00fbteux, est une organisation inadapt\u00e9e \u00e0 une gestion intelligente de nos concitoyens dont les qualifications et les comp\u00e9tences ont \u00e9volu\u00e9. Cette OTE budg\u00e9tivore et qui ne sert \u00e0 rien doit \u00eatre audit\u00e9e et restructur\u00e9e et les m\u00e9thodes bureaucratiques et d\u2019un autre \u00e2ge qui rendent inefficaces nos repr\u00e9sentations diplomatiques et consulaires doivent \u00e9galement \u00eatre revues.<\/p>\n\n\n\n<p>Le pr\u00e9sident doit avoir des ministres qui d\u00e9fendent les TRE partout o\u00f9 ils se trouvent et qui sont au fait du dossier de l\u2019\u00e9migration et de son importance dans les rapports aux pays d\u2019accueil. Les TRE ne peuvent pas continuer \u00e0 financer ce syst\u00e8me h\u00e9rit\u00e9 du pass\u00e9 qui perp\u00e9tue un rapport de m\u00e9fiance vis-\u00e0-vis de la diaspora, consid\u00e9r\u00e9e comme une main d\u2019\u0153uvre ob\u00e9issante et pourvoyeuse de devises.<\/p>\n\n\n\n<div class=\"wp-block-image\"><figure class=\"aligncenter size-large is-resized\"><img decoding=\"async\" src=\"http:\/\/kapitalis.com\/tunisie\/wp-content\/uploads\/2020\/06\/Yamen-Manai-Macron-Sa\u00efed.jpg\" alt=\"\" class=\"wp-image-304766\" width=\"500\"\/><figcaption><em>Yamen Manai remet des exemplaires de son dernier roman aux pr\u00e9sidents Macron et Sa\u00efed. <\/em><\/figcaption><\/figure><\/div>\n\n\n\n<h3 class=\"wp-block-heading\">Pour un audit g\u00e9n\u00e9ral d&rsquo;un OTE devenu obsol\u00e8te<\/h3>\n\n\n\n<p>C\u2019est \u00e0 un audit g\u00e9n\u00e9ral de l\u2019OTE et des repr\u00e9sentations diplomatiques et consulaires que la Tunisie moderne et ouverte doit s\u2019atteler, c\u2019est \u00e0 la mobilisation de ses ressortissants et des comp\u00e9tences tunisiennes \u00e0 l\u2019\u00e9tranger qu\u2019elle doit prioritairement s\u2019attaquer d\u2019urgence avant qu\u2019il ne soit trop tard et qu\u2019on perde ce lien fort entre le pays et sa diaspora. C\u2019est en mettant en \u0153uvre ce chantier pour l\u2019avenir que nous pouvons trouver les solutions les plus adapt\u00e9es, et apporter plus de ressources \u00e0 notre pays. C\u2019est aux revendications des TRE que le pr\u00e9sident doit \u00eatre attentif pour qu\u2019il puisse d\u00e9finir les objectifs prioritaires d\u2019un Etat qui s\u2019appuie sur l\u2019apport des TRE comme une composante \u00e0 part enti\u00e8re de la nation.<br>Avec la venue du pr\u00e9sident \u00e0 Paris, nous esp\u00e9rons que les discriminations vis-\u00e0-vis des TRE cessent, que le syst\u00e8me h\u00e9rit\u00e9 de Bourguiba, de Ben Ali et de la Tro\u00efka qui n\u2019a plus de raison d\u2019\u00eatre puisse enfin prendre fin, dans ce contexte de l\u2019apr\u00e8s pand\u00e9mie du Covid-o\u00f9 les diasporas jouent un r\u00f4le important.<\/p>\n\n\n\n<p>Toutes ces mesures vexatoires et hostiles doivent cesser. La \u00abhogra\u00bb est une attitude \u00e0 bannir, car les TRE peuvent \u00eatre un atout pour sortir ce pays de l\u2019immobilisme et des facilit\u00e9s que le syst\u00e8me privil\u00e9gie. Les TRE et leurs enfants veulent mettre fin \u00e0 la vision mis\u00e9rabiliste de l\u2019\u00e9migration, \u00e0 ce syst\u00e8me OTE d\u00e9ficient avec ses logiques de corruption d\u2019un autre \u00e2ge qui caract\u00e9rise les institutions mises en place, les <em>\u00abDar Tounes\u00bb<\/em> h\u00e9rit\u00e9es du pass\u00e9; les activit\u00e9s et le fonctionnement des repr\u00e9sentations diplomatiques et consulaires qui reproduisent les m\u00eames m\u00e9thodes et le m\u00eame n\u00e9potisme h\u00e9rit\u00e9 de la dictature, m\u00eame si les acteurs ne sont plus les m\u00eames et car nous subissons encore le manque de transparence, l\u2019immobilisme et le manque d\u2019imagination.<\/p>\n\n\n\n<p>Il n\u2019est pas normal que chaque ambassadeur parte sans veiller \u00e0 la continuit\u00e9 de l\u2019action diplomatique, sans laisser une trace tangible de son action. Le scandale de l\u2019abandon du projet de centre culturel tunisien \u00e0 Paris du temps de la Tro\u00efka est r\u00e9v\u00e9lateur d\u2019un rapport particulier \u00e0 l\u2019Etat et \u00e0 la diaspora. Cette revendication reste lettre morte comme d\u2019autres promesses d\u2019ailleurs.<\/p>\n\n\n\n<p>Nos vies, nos amours, nos attaches \u00e0 ce pays m\u00e9ritent le respect.<\/p>\n\n\n\n<p><em>* Militant associatif.<\/em><\/p>\n","protected":false},"excerpt":{"rendered":"<p>Le pr\u00e9sident de la r\u00e9publique Ka\u00efs Sa\u00efed est, hier et aujourd\u2019hui, lundi 22 et mardi 23 juin 2020, \u00e0 Paris, pour une visite de travail \u00e0 l\u2019invitation de son homologue fran\u00e7ais Emmanuel Macron. Cette tribune lui est particuli\u00e8rement adress\u00e9e. Par H\u00e9di Chenchabi *<\/p>\n","protected":false},"author":8,"featured_media":304762,"comment_status":"open","ping_status":"open","sticky":false,"template":"","format":"standard","meta":{"footnotes":""},"categories":[992,997,1000,2433],"tags":[76012,80114,80115,3524,78691],"class_list":["post-304760","post","type-post","status-publish","format-standard","has-post-thumbnail","hentry","category-a-la-une","category-politique","category-tribune","category-tunisie","tag-kais-saied-2","tag-office-des-tunisiens-a-letranger","tag-ote","tag-tre","tag-tunisiens-residents-a-letranger-2"],"yoast_head":"<!-- This site is optimized with the Yoast SEO plugin v26.6 - https:\/\/yoast.com\/wordpress\/plugins\/seo\/ -->\n<title>Les Tunisiens r\u00e9sidents \u00e0 l\u2019\u00e9tranger ne doivent pas \u00eatre discrimin\u00e9s ! - Kapitalis<\/title>\n<meta name=\"robots\" content=\"index, follow, max-snippet:-1, max-image-preview:large, max-video-preview:-1\" \/>\n<link rel=\"canonical\" href=\"https:\/\/kapitalis.com\/tunisie\/2020\/06\/23\/les-tunisiens-residents-a-letranger-ne-doivent-pas-etre-discrimines\/\" \/>\n<meta property=\"og:locale\" content=\"fr_FR\" \/>\n<meta property=\"og:type\" content=\"article\" \/>\n<meta property=\"og:title\" content=\"Les Tunisiens r\u00e9sidents \u00e0 l\u2019\u00e9tranger ne doivent pas \u00eatre discrimin\u00e9s ! - Kapitalis\" \/>\n<meta property=\"og:description\" content=\"Le pr\u00e9sident de la r\u00e9publique Ka\u00efs Sa\u00efed est, hier et aujourd\u2019hui, lundi 22 et mardi 23 juin 2020, \u00e0 Paris, pour une visite de travail \u00e0 l\u2019invitation de son homologue fran\u00e7ais Emmanuel Macron. Cette tribune lui est particuli\u00e8rement adress\u00e9e. Par H\u00e9di Chenchabi *\" \/>\n<meta property=\"og:url\" content=\"https:\/\/kapitalis.com\/tunisie\/2020\/06\/23\/les-tunisiens-residents-a-letranger-ne-doivent-pas-etre-discrimines\/\" \/>\n<meta property=\"og:site_name\" content=\"Kapitalis\" \/>\n<meta property=\"article:publisher\" content=\"https:\/\/www.facebook.com\/KapitalisInfo\/\" \/>\n<meta property=\"article:published_time\" content=\"2020-06-23T11:13:56+00:00\" \/>\n<meta property=\"article:modified_time\" content=\"2020-06-23T11:13:57+00:00\" \/>\n<meta property=\"og:image\" content=\"https:\/\/kapitalis.com\/tunisie\/wp-content\/uploads\/2022\/05\/kapitalis-logo-fb.png\" \/>\n\t<meta property=\"og:image:width\" content=\"1200\" \/>\n\t<meta property=\"og:image:height\" content=\"630\" \/>\n\t<meta property=\"og:image:type\" content=\"image\/png\" \/>\n<meta name=\"author\" content=\"webmaster kapitalis\" \/>\n<meta name=\"twitter:card\" content=\"summary_large_image\" \/>\n<meta name=\"twitter:creator\" content=\"@KapitalisInfo\" \/>\n<meta name=\"twitter:site\" content=\"@KapitalisInfo\" \/>\n<meta name=\"twitter:label1\" content=\"\u00c9crit par\" \/>\n\t<meta name=\"twitter:data1\" content=\"webmaster kapitalis\" \/>\n\t<meta name=\"twitter:label2\" content=\"Dur\u00e9e de lecture estim\u00e9e\" \/>\n\t<meta name=\"twitter:data2\" content=\"7 minutes\" \/>\n<script type=\"application\/ld+json\" class=\"yoast-schema-graph\">{\"@context\":\"https:\/\/schema.org\",\"@graph\":[{\"@type\":\"Article\",\"@id\":\"https:\/\/kapitalis.com\/tunisie\/2020\/06\/23\/les-tunisiens-residents-a-letranger-ne-doivent-pas-etre-discrimines\/#article\",\"isPartOf\":{\"@id\":\"https:\/\/kapitalis.com\/tunisie\/2020\/06\/23\/les-tunisiens-residents-a-letranger-ne-doivent-pas-etre-discrimines\/\"},\"author\":{\"name\":\"webmaster kapitalis\",\"@id\":\"https:\/\/kapitalis.com\/tunisie\/#\/schema\/person\/d71f33a9ca44f7bad4698210b480c8e9\"},\"headline\":\"Les Tunisiens r\u00e9sidents \u00e0 l\u2019\u00e9tranger ne doivent pas \u00eatre discrimin\u00e9s !\",\"datePublished\":\"2020-06-23T11:13:56+00:00\",\"dateModified\":\"2020-06-23T11:13:57+00:00\",\"mainEntityOfPage\":{\"@id\":\"https:\/\/kapitalis.com\/tunisie\/2020\/06\/23\/les-tunisiens-residents-a-letranger-ne-doivent-pas-etre-discrimines\/\"},\"wordCount\":1383,\"commentCount\":16,\"publisher\":{\"@id\":\"https:\/\/kapitalis.com\/tunisie\/#organization\"},\"image\":{\"@id\":\"https:\/\/kapitalis.com\/tunisie\/2020\/06\/23\/les-tunisiens-residents-a-letranger-ne-doivent-pas-etre-discrimines\/#primaryimage\"},\"thumbnailUrl\":\"\",\"keywords\":[\"Ka\u00efs Sa\u00efed\",\"Office des Tunisiens \u00e0 l\u2019\u00e9tranger\",\"OTE\",\"TRE\",\"Tunisiens r\u00e9sidents \u00e0 l\u2019\u00e9tranger\"],\"articleSection\":[\"A LA UNE\",\"POLITIQUE\",\"TRIBUNE\",\"Tunisie\"],\"inLanguage\":\"fr-FR\",\"potentialAction\":[{\"@type\":\"CommentAction\",\"name\":\"Comment\",\"target\":[\"https:\/\/kapitalis.com\/tunisie\/2020\/06\/23\/les-tunisiens-residents-a-letranger-ne-doivent-pas-etre-discrimines\/#respond\"]}]},{\"@type\":\"WebPage\",\"@id\":\"https:\/\/kapitalis.com\/tunisie\/2020\/06\/23\/les-tunisiens-residents-a-letranger-ne-doivent-pas-etre-discrimines\/\",\"url\":\"https:\/\/kapitalis.com\/tunisie\/2020\/06\/23\/les-tunisiens-residents-a-letranger-ne-doivent-pas-etre-discrimines\/\",\"name\":\"Les Tunisiens r\u00e9sidents \u00e0 l\u2019\u00e9tranger ne doivent pas \u00eatre discrimin\u00e9s ! - Kapitalis\",\"isPartOf\":{\"@id\":\"https:\/\/kapitalis.com\/tunisie\/#website\"},\"primaryImageOfPage\":{\"@id\":\"https:\/\/kapitalis.com\/tunisie\/2020\/06\/23\/les-tunisiens-residents-a-letranger-ne-doivent-pas-etre-discrimines\/#primaryimage\"},\"image\":{\"@id\":\"https:\/\/kapitalis.com\/tunisie\/2020\/06\/23\/les-tunisiens-residents-a-letranger-ne-doivent-pas-etre-discrimines\/#primaryimage\"},\"thumbnailUrl\":\"\",\"datePublished\":\"2020-06-23T11:13:56+00:00\",\"dateModified\":\"2020-06-23T11:13:57+00:00\",\"breadcrumb\":{\"@id\":\"https:\/\/kapitalis.com\/tunisie\/2020\/06\/23\/les-tunisiens-residents-a-letranger-ne-doivent-pas-etre-discrimines\/#breadcrumb\"},\"inLanguage\":\"fr-FR\",\"potentialAction\":[{\"@type\":\"ReadAction\",\"target\":[\"https:\/\/kapitalis.com\/tunisie\/2020\/06\/23\/les-tunisiens-residents-a-letranger-ne-doivent-pas-etre-discrimines\/\"]}]},{\"@type\":\"ImageObject\",\"inLanguage\":\"fr-FR\",\"@id\":\"https:\/\/kapitalis.com\/tunisie\/2020\/06\/23\/les-tunisiens-residents-a-letranger-ne-doivent-pas-etre-discrimines\/#primaryimage\",\"url\":\"\",\"contentUrl\":\"\"},{\"@type\":\"BreadcrumbList\",\"@id\":\"https:\/\/kapitalis.com\/tunisie\/2020\/06\/23\/les-tunisiens-residents-a-letranger-ne-doivent-pas-etre-discrimines\/#breadcrumb\",\"itemListElement\":[{\"@type\":\"ListItem\",\"position\":1,\"name\":\"Accueil\",\"item\":\"https:\/\/kapitalis.com\/tunisie\/\"},{\"@type\":\"ListItem\",\"position\":2,\"name\":\"Les Tunisiens r\u00e9sidents \u00e0 l\u2019\u00e9tranger ne doivent pas \u00eatre discrimin\u00e9s !\"}]},{\"@type\":\"WebSite\",\"@id\":\"https:\/\/kapitalis.com\/tunisie\/#website\",\"url\":\"https:\/\/kapitalis.com\/tunisie\/\",\"name\":\"Kapitalis\",\"description\":\"L&#039;actualit\u00e9 en Tunisie et dans le monde\",\"publisher\":{\"@id\":\"https:\/\/kapitalis.com\/tunisie\/#organization\"},\"potentialAction\":[{\"@type\":\"SearchAction\",\"target\":{\"@type\":\"EntryPoint\",\"urlTemplate\":\"https:\/\/kapitalis.com\/tunisie\/?s={search_term_string}\"},\"query-input\":{\"@type\":\"PropertyValueSpecification\",\"valueRequired\":true,\"valueName\":\"search_term_string\"}}],\"inLanguage\":\"fr-FR\"},{\"@type\":\"Organization\",\"@id\":\"https:\/\/kapitalis.com\/tunisie\/#organization\",\"name\":\"Kapitalis\",\"url\":\"https:\/\/kapitalis.com\/tunisie\/\",\"logo\":{\"@type\":\"ImageObject\",\"inLanguage\":\"fr-FR\",\"@id\":\"https:\/\/kapitalis.com\/tunisie\/#\/schema\/logo\/image\/\",\"url\":\"https:\/\/kapitalis.com\/tunisie\/wp-content\/uploads\/2022\/05\/Kapitalis-big-size.png\",\"contentUrl\":\"https:\/\/kapitalis.com\/tunisie\/wp-content\/uploads\/2022\/05\/Kapitalis-big-size.png\",\"width\":5000,\"height\":1500,\"caption\":\"Kapitalis\"},\"image\":{\"@id\":\"https:\/\/kapitalis.com\/tunisie\/#\/schema\/logo\/image\/\"},\"sameAs\":[\"https:\/\/www.facebook.com\/KapitalisInfo\/\",\"https:\/\/x.com\/KapitalisInfo\",\"https:\/\/www.youtube.com\/channel\/UC-yDYrHyfFBWWZaOw3FPg9Q\"]},{\"@type\":\"Person\",\"@id\":\"https:\/\/kapitalis.com\/tunisie\/#\/schema\/person\/d71f33a9ca44f7bad4698210b480c8e9\",\"name\":\"webmaster kapitalis\",\"url\":\"https:\/\/kapitalis.com\/tunisie\/author\/webmaster-kapitalis\/\"}]}<\/script>\n<!-- \/ Yoast SEO plugin. -->","yoast_head_json":{"title":"Les Tunisiens r\u00e9sidents \u00e0 l\u2019\u00e9tranger ne doivent pas \u00eatre discrimin\u00e9s ! - Kapitalis","robots":{"index":"index","follow":"follow","max-snippet":"max-snippet:-1","max-image-preview":"max-image-preview:large","max-video-preview":"max-video-preview:-1"},"canonical":"https:\/\/kapitalis.com\/tunisie\/2020\/06\/23\/les-tunisiens-residents-a-letranger-ne-doivent-pas-etre-discrimines\/","og_locale":"fr_FR","og_type":"article","og_title":"Les Tunisiens r\u00e9sidents \u00e0 l\u2019\u00e9tranger ne doivent pas \u00eatre discrimin\u00e9s ! - Kapitalis","og_description":"Le pr\u00e9sident de la r\u00e9publique Ka\u00efs Sa\u00efed est, hier et aujourd\u2019hui, lundi 22 et mardi 23 juin 2020, \u00e0 Paris, pour une visite de travail \u00e0 l\u2019invitation de son homologue fran\u00e7ais Emmanuel Macron. Cette tribune lui est particuli\u00e8rement adress\u00e9e. Par H\u00e9di Chenchabi *","og_url":"https:\/\/kapitalis.com\/tunisie\/2020\/06\/23\/les-tunisiens-residents-a-letranger-ne-doivent-pas-etre-discrimines\/","og_site_name":"Kapitalis","article_publisher":"https:\/\/www.facebook.com\/KapitalisInfo\/","article_published_time":"2020-06-23T11:13:56+00:00","article_modified_time":"2020-06-23T11:13:57+00:00","og_image":[{"width":1200,"height":630,"url":"https:\/\/kapitalis.com\/tunisie\/wp-content\/uploads\/2022\/05\/kapitalis-logo-fb.png","type":"image\/png"}],"author":"webmaster kapitalis","twitter_card":"summary_large_image","twitter_creator":"@KapitalisInfo","twitter_site":"@KapitalisInfo","twitter_misc":{"\u00c9crit par":"webmaster kapitalis","Dur\u00e9e de lecture estim\u00e9e":"7 minutes"},"schema":{"@context":"https:\/\/schema.org","@graph":[{"@type":"Article","@id":"https:\/\/kapitalis.com\/tunisie\/2020\/06\/23\/les-tunisiens-residents-a-letranger-ne-doivent-pas-etre-discrimines\/#article","isPartOf":{"@id":"https:\/\/kapitalis.com\/tunisie\/2020\/06\/23\/les-tunisiens-residents-a-letranger-ne-doivent-pas-etre-discrimines\/"},"author":{"name":"webmaster kapitalis","@id":"https:\/\/kapitalis.com\/tunisie\/#\/schema\/person\/d71f33a9ca44f7bad4698210b480c8e9"},"headline":"Les Tunisiens r\u00e9sidents \u00e0 l\u2019\u00e9tranger ne doivent pas \u00eatre discrimin\u00e9s !","datePublished":"2020-06-23T11:13:56+00:00","dateModified":"2020-06-23T11:13:57+00:00","mainEntityOfPage":{"@id":"https:\/\/kapitalis.com\/tunisie\/2020\/06\/23\/les-tunisiens-residents-a-letranger-ne-doivent-pas-etre-discrimines\/"},"wordCount":1383,"commentCount":16,"publisher":{"@id":"https:\/\/kapitalis.com\/tunisie\/#organization"},"image":{"@id":"https:\/\/kapitalis.com\/tunisie\/2020\/06\/23\/les-tunisiens-residents-a-letranger-ne-doivent-pas-etre-discrimines\/#primaryimage"},"thumbnailUrl":"","keywords":["Ka\u00efs Sa\u00efed","Office des Tunisiens \u00e0 l\u2019\u00e9tranger","OTE","TRE","Tunisiens r\u00e9sidents \u00e0 l\u2019\u00e9tranger"],"articleSection":["A LA UNE","POLITIQUE","TRIBUNE","Tunisie"],"inLanguage":"fr-FR","potentialAction":[{"@type":"CommentAction","name":"Comment","target":["https:\/\/kapitalis.com\/tunisie\/2020\/06\/23\/les-tunisiens-residents-a-letranger-ne-doivent-pas-etre-discrimines\/#respond"]}]},{"@type":"WebPage","@id":"https:\/\/kapitalis.com\/tunisie\/2020\/06\/23\/les-tunisiens-residents-a-letranger-ne-doivent-pas-etre-discrimines\/","url":"https:\/\/kapitalis.com\/tunisie\/2020\/06\/23\/les-tunisiens-residents-a-letranger-ne-doivent-pas-etre-discrimines\/","name":"Les Tunisiens r\u00e9sidents \u00e0 l\u2019\u00e9tranger ne doivent pas \u00eatre discrimin\u00e9s ! - Kapitalis","isPartOf":{"@id":"https:\/\/kapitalis.com\/tunisie\/#website"},"primaryImageOfPage":{"@id":"https:\/\/kapitalis.com\/tunisie\/2020\/06\/23\/les-tunisiens-residents-a-letranger-ne-doivent-pas-etre-discrimines\/#primaryimage"},"image":{"@id":"https:\/\/kapitalis.com\/tunisie\/2020\/06\/23\/les-tunisiens-residents-a-letranger-ne-doivent-pas-etre-discrimines\/#primaryimage"},"thumbnailUrl":"","datePublished":"2020-06-23T11:13:56+00:00","dateModified":"2020-06-23T11:13:57+00:00","breadcrumb":{"@id":"https:\/\/kapitalis.com\/tunisie\/2020\/06\/23\/les-tunisiens-residents-a-letranger-ne-doivent-pas-etre-discrimines\/#breadcrumb"},"inLanguage":"fr-FR","potentialAction":[{"@type":"ReadAction","target":["https:\/\/kapitalis.com\/tunisie\/2020\/06\/23\/les-tunisiens-residents-a-letranger-ne-doivent-pas-etre-discrimines\/"]}]},{"@type":"ImageObject","inLanguage":"fr-FR","@id":"https:\/\/kapitalis.com\/tunisie\/2020\/06\/23\/les-tunisiens-residents-a-letranger-ne-doivent-pas-etre-discrimines\/#primaryimage","url":"","contentUrl":""},{"@type":"BreadcrumbList","@id":"https:\/\/kapitalis.com\/tunisie\/2020\/06\/23\/les-tunisiens-residents-a-letranger-ne-doivent-pas-etre-discrimines\/#breadcrumb","itemListElement":[{"@type":"ListItem","position":1,"name":"Accueil","item":"https:\/\/kapitalis.com\/tunisie\/"},{"@type":"ListItem","position":2,"name":"Les Tunisiens r\u00e9sidents \u00e0 l\u2019\u00e9tranger ne doivent pas \u00eatre discrimin\u00e9s !"}]},{"@type":"WebSite","@id":"https:\/\/kapitalis.com\/tunisie\/#website","url":"https:\/\/kapitalis.com\/tunisie\/","name":"Kapitalis","description":"L&#039;actualit\u00e9 en Tunisie et dans le monde","publisher":{"@id":"https:\/\/kapitalis.com\/tunisie\/#organization"},"potentialAction":[{"@type":"SearchAction","target":{"@type":"EntryPoint","urlTemplate":"https:\/\/kapitalis.com\/tunisie\/?s={search_term_string}"},"query-input":{"@type":"PropertyValueSpecification","valueRequired":true,"valueName":"search_term_string"}}],"inLanguage":"fr-FR"},{"@type":"Organization","@id":"https:\/\/kapitalis.com\/tunisie\/#organization","name":"Kapitalis","url":"https:\/\/kapitalis.com\/tunisie\/","logo":{"@type":"ImageObject","inLanguage":"fr-FR","@id":"https:\/\/kapitalis.com\/tunisie\/#\/schema\/logo\/image\/","url":"https:\/\/kapitalis.com\/tunisie\/wp-content\/uploads\/2022\/05\/Kapitalis-big-size.png","contentUrl":"https:\/\/kapitalis.com\/tunisie\/wp-content\/uploads\/2022\/05\/Kapitalis-big-size.png","width":5000,"height":1500,"caption":"Kapitalis"},"image":{"@id":"https:\/\/kapitalis.com\/tunisie\/#\/schema\/logo\/image\/"},"sameAs":["https:\/\/www.facebook.com\/KapitalisInfo\/","https:\/\/x.com\/KapitalisInfo","https:\/\/www.youtube.com\/channel\/UC-yDYrHyfFBWWZaOw3FPg9Q"]},{"@type":"Person","@id":"https:\/\/kapitalis.com\/tunisie\/#\/schema\/person\/d71f33a9ca44f7bad4698210b480c8e9","name":"webmaster kapitalis","url":"https:\/\/kapitalis.com\/tunisie\/author\/webmaster-kapitalis\/"}]}},"_links":{"self":[{"href":"https:\/\/kapitalis.com\/tunisie\/wp-json\/wp\/v2\/posts\/304760","targetHints":{"allow":["GET"]}}],"collection":[{"href":"https:\/\/kapitalis.com\/tunisie\/wp-json\/wp\/v2\/posts"}],"about":[{"href":"https:\/\/kapitalis.com\/tunisie\/wp-json\/wp\/v2\/types\/post"}],"author":[{"embeddable":true,"href":"https:\/\/kapitalis.com\/tunisie\/wp-json\/wp\/v2\/users\/8"}],"replies":[{"embeddable":true,"href":"https:\/\/kapitalis.com\/tunisie\/wp-json\/wp\/v2\/comments?post=304760"}],"version-history":[{"count":0,"href":"https:\/\/kapitalis.com\/tunisie\/wp-json\/wp\/v2\/posts\/304760\/revisions"}],"wp:featuredmedia":[{"embeddable":true,"href":"https:\/\/kapitalis.com\/tunisie\/wp-json\/wp\/v2\/media\/304762"}],"wp:attachment":[{"href":"https:\/\/kapitalis.com\/tunisie\/wp-json\/wp\/v2\/media?parent=304760"}],"wp:term":[{"taxonomy":"category","embeddable":true,"href":"https:\/\/kapitalis.com\/tunisie\/wp-json\/wp\/v2\/categories?post=304760"},{"taxonomy":"post_tag","embeddable":true,"href":"https:\/\/kapitalis.com\/tunisie\/wp-json\/wp\/v2\/tags?post=304760"}],"curies":[{"name":"wp","href":"https:\/\/api.w.org\/{rel}","templated":true}]}}