{"id":304942,"date":"2020-06-24T12:32:24","date_gmt":"2020-06-24T11:32:24","guid":{"rendered":"http:\/\/kapitalis.com\/tunisie\/?p=304942"},"modified":"2020-06-24T13:22:07","modified_gmt":"2020-06-24T12:22:07","slug":"affaire-slim-chiboub-arbia-hamadi-le-non-lieu-est-devenu-definitif","status":"publish","type":"post","link":"https:\/\/kapitalis.com\/tunisie\/2020\/06\/24\/affaire-slim-chiboub-arbia-hamadi-le-non-lieu-est-devenu-definitif\/","title":{"rendered":"Affaire Slim Chiboub &#8211; Arbia Hamadi : Le non-lieu est devenu d\u00e9finitif"},"content":{"rendered":"\n<figure class=\"wp-block-image size-large\"><img decoding=\"async\" src=\"http:\/\/kapitalis.com\/tunisie\/wp-content\/uploads\/2020\/05\/Slim-Chiboub-Arbia-Hamadi.jpg\" alt=\"\" class=\"wp-image-297185\"\/><\/figure>\n\n\n\n<p><strong><em>Poursuivi pour harc\u00e8lement sexuel par la journaliste Arbia Hamadi, Slim Chiboub avait b\u00e9n\u00e9fici\u00e9 d&rsquo;un non-lieu le 8 juin 2020 par la Chambre correctionnelle du tribunal de premi\u00e8re instance de Tunis. Ce mercredi, 24 juin, ce verdict est devenu irr\u00e9vocable.<\/em><\/strong><\/p>\n\n\n\n<!--more-->\n\n\n\n<p>En effet, le minist\u00e8re public pr\u00e8s le tribunal a d\u00e9cid\u00e9 de ne pas faire appel du verdict. Ce qui met d\u00e9finitivement fin \u00e0 ce feuilleton de tr\u00e8s mauvais go\u00fbt.<\/p>\n\n\n\n<p>Rappelons que l&rsquo;ancien pr\u00e9sident de l&rsquo;Esp\u00e9rance sportive de Tunis (EST) a \u00e9t\u00e9 maintenu en garde \u00e0 vue pendant 4 jours, pour les besoins de l&rsquo;enqu\u00eate, entre le 29 avril et le 2 mai. Et qu&rsquo;il a m\u00eame eu un grave malaise cardiaque pendant sa garde \u00e0 vue, a \u00e9t\u00e9 transf\u00e9r\u00e9 \u00e0 l&rsquo;h\u00f4pital o\u00f9 il a subi une intervention chirurgicale. <\/p>\n\n\n\n<p>Par ailleurs, la plaignante, qui a \u00e9t\u00e9 tr\u00e8s bavarde au moment de l&rsquo;accusation, s&rsquo;est mur\u00e9e dans le silence apr\u00e8s la proclamation du verdict. <\/p>\n\n\n\n<p class=\"has-text-align-right\"><strong>C. B. Y.<\/strong><\/p>\n\n\n\n<figure class=\"wp-block-embed-wordpress wp-block-embed is-type-wp-embed is-provider-kapitalis\"><div class=\"wp-block-embed__wrapper\">\n<blockquote class=\"wp-embedded-content\" data-secret=\"h7bR4qeSld\"><a href=\"https:\/\/kapitalis.com\/tunisie\/2020\/06\/08\/slim-chiboub-beneficie-dun-non-lieu-dans-le-cadre-de-son-affaire-avec-arbia-hamadi\/\">Slim Chiboub b\u00e9n\u00e9ficie d&rsquo;un non-lieu dans le cadre de son affaire avec Arbia Hamadi<\/a><\/blockquote><iframe loading=\"lazy\" class=\"wp-embedded-content\" sandbox=\"allow-scripts\" security=\"restricted\" style=\"position: absolute; clip: rect(1px, 1px, 1px, 1px);\" title=\"\u00ab\u00a0Slim Chiboub b\u00e9n\u00e9ficie d&rsquo;un non-lieu dans le cadre de son affaire avec Arbia Hamadi\u00a0\u00bb &#8212; Kapitalis\" src=\"https:\/\/kapitalis.com\/tunisie\/2020\/06\/08\/slim-chiboub-beneficie-dun-non-lieu-dans-le-cadre-de-son-affaire-avec-arbia-hamadi\/embed\/#?secret=TNR5j0qBVI#?secret=h7bR4qeSld\" data-secret=\"h7bR4qeSld\" width=\"600\" height=\"338\" frameborder=\"0\" marginwidth=\"0\" marginheight=\"0\" scrolling=\"no\"><\/iframe>\n<\/div><\/figure>\n","protected":false},"excerpt":{"rendered":"<p>Poursuivi pour harc\u00e8lement sexuel par la journaliste Arbia Hamadi, Slim Chiboub avait b\u00e9n\u00e9fici\u00e9 d&rsquo;un non-lieu le 8 juin 2020 par la Chambre correctionnelle du tribunal de premi\u00e8re instance de Tunis. Ce mercredi, 24 juin, ce verdict est devenu irr\u00e9vocable.<\/p>\n","protected":false},"author":24,"featured_media":0,"comment_status":"open","ping_status":"open","sticky":false,"template":"","format":"standard","meta":{"footnotes":""},"categories":[996,998,2433],"tags":[70850,342,346,6210],"class_list":["post-304942","post","type-post","status-publish","format-standard","hentry","category-media","category-societe","category-tunisie","tag-arbia-hamadi","tag-esperance","tag-est","tag-slim-chiboub"],"yoast_head":"<!-- This site is optimized with the Yoast SEO plugin v26.6 - https:\/\/yoast.com\/wordpress\/plugins\/seo\/ -->\n<title>Affaire Slim Chiboub - Arbia Hamadi : Le non-lieu est devenu d\u00e9finitif - Kapitalis<\/title>\n<meta name=\"robots\" content=\"index, follow, max-snippet:-1, max-image-preview:large, max-video-preview:-1\" \/>\n<link rel=\"canonical\" href=\"https:\/\/kapitalis.com\/tunisie\/2020\/06\/24\/affaire-slim-chiboub-arbia-hamadi-le-non-lieu-est-devenu-definitif\/\" \/>\n<meta property=\"og:locale\" content=\"fr_FR\" \/>\n<meta property=\"og:type\" content=\"article\" \/>\n<meta property=\"og:title\" content=\"Affaire Slim Chiboub - Arbia Hamadi : Le non-lieu est devenu d\u00e9finitif - Kapitalis\" \/>\n<meta property=\"og:description\" content=\"Poursuivi pour harc\u00e8lement sexuel par la journaliste Arbia Hamadi, Slim Chiboub avait b\u00e9n\u00e9fici\u00e9 d&rsquo;un non-lieu le 8 juin 2020 par la Chambre correctionnelle du tribunal de premi\u00e8re instance de Tunis. Ce mercredi, 24 juin, ce verdict est devenu irr\u00e9vocable.\" \/>\n<meta property=\"og:url\" content=\"https:\/\/kapitalis.com\/tunisie\/2020\/06\/24\/affaire-slim-chiboub-arbia-hamadi-le-non-lieu-est-devenu-definitif\/\" \/>\n<meta property=\"og:site_name\" content=\"Kapitalis\" \/>\n<meta property=\"article:publisher\" content=\"https:\/\/www.facebook.com\/KapitalisInfo\/\" \/>\n<meta property=\"article:published_time\" content=\"2020-06-24T11:32:24+00:00\" \/>\n<meta property=\"article:modified_time\" content=\"2020-06-24T12:22:07+00:00\" \/>\n<meta property=\"og:image\" content=\"http:\/\/kapitalis.com\/tunisie\/wp-content\/uploads\/2020\/05\/Slim-Chiboub-Arbia-Hamadi.jpg\" \/>\n<meta name=\"author\" content=\"Cherif Benyounes\" \/>\n<meta name=\"twitter:card\" content=\"summary_large_image\" \/>\n<meta name=\"twitter:creator\" content=\"@KapitalisInfo\" \/>\n<meta name=\"twitter:site\" content=\"@KapitalisInfo\" \/>\n<meta name=\"twitter:label1\" content=\"\u00c9crit par\" \/>\n\t<meta name=\"twitter:data1\" content=\"Cherif Benyounes\" \/>\n\t<meta name=\"twitter:label2\" content=\"Dur\u00e9e de lecture estim\u00e9e\" \/>\n\t<meta name=\"twitter:data2\" content=\"1 minute\" \/>\n<script type=\"application\/ld+json\" class=\"yoast-schema-graph\">{\"@context\":\"https:\/\/schema.org\",\"@graph\":[{\"@type\":\"Article\",\"@id\":\"https:\/\/kapitalis.com\/tunisie\/2020\/06\/24\/affaire-slim-chiboub-arbia-hamadi-le-non-lieu-est-devenu-definitif\/#article\",\"isPartOf\":{\"@id\":\"https:\/\/kapitalis.com\/tunisie\/2020\/06\/24\/affaire-slim-chiboub-arbia-hamadi-le-non-lieu-est-devenu-definitif\/\"},\"author\":{\"name\":\"Cherif Benyounes\",\"@id\":\"https:\/\/kapitalis.com\/tunisie\/#\/schema\/person\/b35b8d631961131107263178aeb8019e\"},\"headline\":\"Affaire Slim Chiboub &#8211; Arbia Hamadi : Le non-lieu est devenu d\u00e9finitif\",\"datePublished\":\"2020-06-24T11:32:24+00:00\",\"dateModified\":\"2020-06-24T12:22:07+00:00\",\"mainEntityOfPage\":{\"@id\":\"https:\/\/kapitalis.com\/tunisie\/2020\/06\/24\/affaire-slim-chiboub-arbia-hamadi-le-non-lieu-est-devenu-definitif\/\"},\"wordCount\":180,\"commentCount\":1,\"publisher\":{\"@id\":\"https:\/\/kapitalis.com\/tunisie\/#organization\"},\"image\":{\"@id\":\"https:\/\/kapitalis.com\/tunisie\/2020\/06\/24\/affaire-slim-chiboub-arbia-hamadi-le-non-lieu-est-devenu-definitif\/#primaryimage\"},\"thumbnailUrl\":\"http:\/\/kapitalis.com\/tunisie\/wp-content\/uploads\/2020\/05\/Slim-Chiboub-Arbia-Hamadi.jpg\",\"keywords\":[\"arbia hamadi\",\"Esp\u00e9rance\",\"EST\",\"Slim Chiboub\"],\"articleSection\":[\"MEDIA\",\"SOCIETE\",\"Tunisie\"],\"inLanguage\":\"fr-FR\",\"potentialAction\":[{\"@type\":\"CommentAction\",\"name\":\"Comment\",\"target\":[\"https:\/\/kapitalis.com\/tunisie\/2020\/06\/24\/affaire-slim-chiboub-arbia-hamadi-le-non-lieu-est-devenu-definitif\/#respond\"]}]},{\"@type\":\"WebPage\",\"@id\":\"https:\/\/kapitalis.com\/tunisie\/2020\/06\/24\/affaire-slim-chiboub-arbia-hamadi-le-non-lieu-est-devenu-definitif\/\",\"url\":\"https:\/\/kapitalis.com\/tunisie\/2020\/06\/24\/affaire-slim-chiboub-arbia-hamadi-le-non-lieu-est-devenu-definitif\/\",\"name\":\"Affaire Slim Chiboub - Arbia Hamadi : Le non-lieu est devenu d\u00e9finitif - Kapitalis\",\"isPartOf\":{\"@id\":\"https:\/\/kapitalis.com\/tunisie\/#website\"},\"primaryImageOfPage\":{\"@id\":\"https:\/\/kapitalis.com\/tunisie\/2020\/06\/24\/affaire-slim-chiboub-arbia-hamadi-le-non-lieu-est-devenu-definitif\/#primaryimage\"},\"image\":{\"@id\":\"https:\/\/kapitalis.com\/tunisie\/2020\/06\/24\/affaire-slim-chiboub-arbia-hamadi-le-non-lieu-est-devenu-definitif\/#primaryimage\"},\"thumbnailUrl\":\"http:\/\/kapitalis.com\/tunisie\/wp-content\/uploads\/2020\/05\/Slim-Chiboub-Arbia-Hamadi.jpg\",\"datePublished\":\"2020-06-24T11:32:24+00:00\",\"dateModified\":\"2020-06-24T12:22:07+00:00\",\"breadcrumb\":{\"@id\":\"https:\/\/kapitalis.com\/tunisie\/2020\/06\/24\/affaire-slim-chiboub-arbia-hamadi-le-non-lieu-est-devenu-definitif\/#breadcrumb\"},\"inLanguage\":\"fr-FR\",\"potentialAction\":[{\"@type\":\"ReadAction\",\"target\":[\"https:\/\/kapitalis.com\/tunisie\/2020\/06\/24\/affaire-slim-chiboub-arbia-hamadi-le-non-lieu-est-devenu-definitif\/\"]}]},{\"@type\":\"ImageObject\",\"inLanguage\":\"fr-FR\",\"@id\":\"https:\/\/kapitalis.com\/tunisie\/2020\/06\/24\/affaire-slim-chiboub-arbia-hamadi-le-non-lieu-est-devenu-definitif\/#primaryimage\",\"url\":\"\",\"contentUrl\":\"\"},{\"@type\":\"BreadcrumbList\",\"@id\":\"https:\/\/kapitalis.com\/tunisie\/2020\/06\/24\/affaire-slim-chiboub-arbia-hamadi-le-non-lieu-est-devenu-definitif\/#breadcrumb\",\"itemListElement\":[{\"@type\":\"ListItem\",\"position\":1,\"name\":\"Accueil\",\"item\":\"https:\/\/kapitalis.com\/tunisie\/\"},{\"@type\":\"ListItem\",\"position\":2,\"name\":\"Affaire Slim Chiboub &#8211; Arbia Hamadi : Le non-lieu est devenu d\u00e9finitif\"}]},{\"@type\":\"WebSite\",\"@id\":\"https:\/\/kapitalis.com\/tunisie\/#website\",\"url\":\"https:\/\/kapitalis.com\/tunisie\/\",\"name\":\"Kapitalis\",\"description\":\"L&#039;actualit\u00e9 en Tunisie et dans le monde\",\"publisher\":{\"@id\":\"https:\/\/kapitalis.com\/tunisie\/#organization\"},\"potentialAction\":[{\"@type\":\"SearchAction\",\"target\":{\"@type\":\"EntryPoint\",\"urlTemplate\":\"https:\/\/kapitalis.com\/tunisie\/?s={search_term_string}\"},\"query-input\":{\"@type\":\"PropertyValueSpecification\",\"valueRequired\":true,\"valueName\":\"search_term_string\"}}],\"inLanguage\":\"fr-FR\"},{\"@type\":\"Organization\",\"@id\":\"https:\/\/kapitalis.com\/tunisie\/#organization\",\"name\":\"Kapitalis\",\"url\":\"https:\/\/kapitalis.com\/tunisie\/\",\"logo\":{\"@type\":\"ImageObject\",\"inLanguage\":\"fr-FR\",\"@id\":\"https:\/\/kapitalis.com\/tunisie\/#\/schema\/logo\/image\/\",\"url\":\"https:\/\/kapitalis.com\/tunisie\/wp-content\/uploads\/2022\/05\/Kapitalis-big-size.png\",\"contentUrl\":\"https:\/\/kapitalis.com\/tunisie\/wp-content\/uploads\/2022\/05\/Kapitalis-big-size.png\",\"width\":5000,\"height\":1500,\"caption\":\"Kapitalis\"},\"image\":{\"@id\":\"https:\/\/kapitalis.com\/tunisie\/#\/schema\/logo\/image\/\"},\"sameAs\":[\"https:\/\/www.facebook.com\/KapitalisInfo\/\",\"https:\/\/x.com\/KapitalisInfo\",\"https:\/\/www.youtube.com\/channel\/UC-yDYrHyfFBWWZaOw3FPg9Q\"]},{\"@type\":\"Person\",\"@id\":\"https:\/\/kapitalis.com\/tunisie\/#\/schema\/person\/b35b8d631961131107263178aeb8019e\",\"name\":\"Cherif Benyounes\",\"url\":\"https:\/\/kapitalis.com\/tunisie\/author\/cherif\/\"}]}<\/script>\n<!-- \/ Yoast SEO plugin. -->","yoast_head_json":{"title":"Affaire Slim Chiboub - Arbia Hamadi : Le non-lieu est devenu d\u00e9finitif - Kapitalis","robots":{"index":"index","follow":"follow","max-snippet":"max-snippet:-1","max-image-preview":"max-image-preview:large","max-video-preview":"max-video-preview:-1"},"canonical":"https:\/\/kapitalis.com\/tunisie\/2020\/06\/24\/affaire-slim-chiboub-arbia-hamadi-le-non-lieu-est-devenu-definitif\/","og_locale":"fr_FR","og_type":"article","og_title":"Affaire Slim Chiboub - Arbia Hamadi : Le non-lieu est devenu d\u00e9finitif - Kapitalis","og_description":"Poursuivi pour harc\u00e8lement sexuel par la journaliste Arbia Hamadi, Slim Chiboub avait b\u00e9n\u00e9fici\u00e9 d&rsquo;un non-lieu le 8 juin 2020 par la Chambre correctionnelle du tribunal de premi\u00e8re instance de Tunis. Ce mercredi, 24 juin, ce verdict est devenu irr\u00e9vocable.","og_url":"https:\/\/kapitalis.com\/tunisie\/2020\/06\/24\/affaire-slim-chiboub-arbia-hamadi-le-non-lieu-est-devenu-definitif\/","og_site_name":"Kapitalis","article_publisher":"https:\/\/www.facebook.com\/KapitalisInfo\/","article_published_time":"2020-06-24T11:32:24+00:00","article_modified_time":"2020-06-24T12:22:07+00:00","og_image":[{"url":"http:\/\/kapitalis.com\/tunisie\/wp-content\/uploads\/2020\/05\/Slim-Chiboub-Arbia-Hamadi.jpg","type":"","width":"","height":""}],"author":"Cherif Benyounes","twitter_card":"summary_large_image","twitter_creator":"@KapitalisInfo","twitter_site":"@KapitalisInfo","twitter_misc":{"\u00c9crit par":"Cherif Benyounes","Dur\u00e9e de lecture estim\u00e9e":"1 minute"},"schema":{"@context":"https:\/\/schema.org","@graph":[{"@type":"Article","@id":"https:\/\/kapitalis.com\/tunisie\/2020\/06\/24\/affaire-slim-chiboub-arbia-hamadi-le-non-lieu-est-devenu-definitif\/#article","isPartOf":{"@id":"https:\/\/kapitalis.com\/tunisie\/2020\/06\/24\/affaire-slim-chiboub-arbia-hamadi-le-non-lieu-est-devenu-definitif\/"},"author":{"name":"Cherif Benyounes","@id":"https:\/\/kapitalis.com\/tunisie\/#\/schema\/person\/b35b8d631961131107263178aeb8019e"},"headline":"Affaire Slim Chiboub &#8211; Arbia Hamadi : Le non-lieu est devenu d\u00e9finitif","datePublished":"2020-06-24T11:32:24+00:00","dateModified":"2020-06-24T12:22:07+00:00","mainEntityOfPage":{"@id":"https:\/\/kapitalis.com\/tunisie\/2020\/06\/24\/affaire-slim-chiboub-arbia-hamadi-le-non-lieu-est-devenu-definitif\/"},"wordCount":180,"commentCount":1,"publisher":{"@id":"https:\/\/kapitalis.com\/tunisie\/#organization"},"image":{"@id":"https:\/\/kapitalis.com\/tunisie\/2020\/06\/24\/affaire-slim-chiboub-arbia-hamadi-le-non-lieu-est-devenu-definitif\/#primaryimage"},"thumbnailUrl":"http:\/\/kapitalis.com\/tunisie\/wp-content\/uploads\/2020\/05\/Slim-Chiboub-Arbia-Hamadi.jpg","keywords":["arbia hamadi","Esp\u00e9rance","EST","Slim Chiboub"],"articleSection":["MEDIA","SOCIETE","Tunisie"],"inLanguage":"fr-FR","potentialAction":[{"@type":"CommentAction","name":"Comment","target":["https:\/\/kapitalis.com\/tunisie\/2020\/06\/24\/affaire-slim-chiboub-arbia-hamadi-le-non-lieu-est-devenu-definitif\/#respond"]}]},{"@type":"WebPage","@id":"https:\/\/kapitalis.com\/tunisie\/2020\/06\/24\/affaire-slim-chiboub-arbia-hamadi-le-non-lieu-est-devenu-definitif\/","url":"https:\/\/kapitalis.com\/tunisie\/2020\/06\/24\/affaire-slim-chiboub-arbia-hamadi-le-non-lieu-est-devenu-definitif\/","name":"Affaire Slim Chiboub - Arbia Hamadi : Le non-lieu est devenu d\u00e9finitif - Kapitalis","isPartOf":{"@id":"https:\/\/kapitalis.com\/tunisie\/#website"},"primaryImageOfPage":{"@id":"https:\/\/kapitalis.com\/tunisie\/2020\/06\/24\/affaire-slim-chiboub-arbia-hamadi-le-non-lieu-est-devenu-definitif\/#primaryimage"},"image":{"@id":"https:\/\/kapitalis.com\/tunisie\/2020\/06\/24\/affaire-slim-chiboub-arbia-hamadi-le-non-lieu-est-devenu-definitif\/#primaryimage"},"thumbnailUrl":"http:\/\/kapitalis.com\/tunisie\/wp-content\/uploads\/2020\/05\/Slim-Chiboub-Arbia-Hamadi.jpg","datePublished":"2020-06-24T11:32:24+00:00","dateModified":"2020-06-24T12:22:07+00:00","breadcrumb":{"@id":"https:\/\/kapitalis.com\/tunisie\/2020\/06\/24\/affaire-slim-chiboub-arbia-hamadi-le-non-lieu-est-devenu-definitif\/#breadcrumb"},"inLanguage":"fr-FR","potentialAction":[{"@type":"ReadAction","target":["https:\/\/kapitalis.com\/tunisie\/2020\/06\/24\/affaire-slim-chiboub-arbia-hamadi-le-non-lieu-est-devenu-definitif\/"]}]},{"@type":"ImageObject","inLanguage":"fr-FR","@id":"https:\/\/kapitalis.com\/tunisie\/2020\/06\/24\/affaire-slim-chiboub-arbia-hamadi-le-non-lieu-est-devenu-definitif\/#primaryimage","url":"","contentUrl":""},{"@type":"BreadcrumbList","@id":"https:\/\/kapitalis.com\/tunisie\/2020\/06\/24\/affaire-slim-chiboub-arbia-hamadi-le-non-lieu-est-devenu-definitif\/#breadcrumb","itemListElement":[{"@type":"ListItem","position":1,"name":"Accueil","item":"https:\/\/kapitalis.com\/tunisie\/"},{"@type":"ListItem","position":2,"name":"Affaire Slim Chiboub &#8211; Arbia Hamadi : Le non-lieu est devenu d\u00e9finitif"}]},{"@type":"WebSite","@id":"https:\/\/kapitalis.com\/tunisie\/#website","url":"https:\/\/kapitalis.com\/tunisie\/","name":"Kapitalis","description":"L&#039;actualit\u00e9 en Tunisie et dans le monde","publisher":{"@id":"https:\/\/kapitalis.com\/tunisie\/#organization"},"potentialAction":[{"@type":"SearchAction","target":{"@type":"EntryPoint","urlTemplate":"https:\/\/kapitalis.com\/tunisie\/?s={search_term_string}"},"query-input":{"@type":"PropertyValueSpecification","valueRequired":true,"valueName":"search_term_string"}}],"inLanguage":"fr-FR"},{"@type":"Organization","@id":"https:\/\/kapitalis.com\/tunisie\/#organization","name":"Kapitalis","url":"https:\/\/kapitalis.com\/tunisie\/","logo":{"@type":"ImageObject","inLanguage":"fr-FR","@id":"https:\/\/kapitalis.com\/tunisie\/#\/schema\/logo\/image\/","url":"https:\/\/kapitalis.com\/tunisie\/wp-content\/uploads\/2022\/05\/Kapitalis-big-size.png","contentUrl":"https:\/\/kapitalis.com\/tunisie\/wp-content\/uploads\/2022\/05\/Kapitalis-big-size.png","width":5000,"height":1500,"caption":"Kapitalis"},"image":{"@id":"https:\/\/kapitalis.com\/tunisie\/#\/schema\/logo\/image\/"},"sameAs":["https:\/\/www.facebook.com\/KapitalisInfo\/","https:\/\/x.com\/KapitalisInfo","https:\/\/www.youtube.com\/channel\/UC-yDYrHyfFBWWZaOw3FPg9Q"]},{"@type":"Person","@id":"https:\/\/kapitalis.com\/tunisie\/#\/schema\/person\/b35b8d631961131107263178aeb8019e","name":"Cherif Benyounes","url":"https:\/\/kapitalis.com\/tunisie\/author\/cherif\/"}]}},"_links":{"self":[{"href":"https:\/\/kapitalis.com\/tunisie\/wp-json\/wp\/v2\/posts\/304942","targetHints":{"allow":["GET"]}}],"collection":[{"href":"https:\/\/kapitalis.com\/tunisie\/wp-json\/wp\/v2\/posts"}],"about":[{"href":"https:\/\/kapitalis.com\/tunisie\/wp-json\/wp\/v2\/types\/post"}],"author":[{"embeddable":true,"href":"https:\/\/kapitalis.com\/tunisie\/wp-json\/wp\/v2\/users\/24"}],"replies":[{"embeddable":true,"href":"https:\/\/kapitalis.com\/tunisie\/wp-json\/wp\/v2\/comments?post=304942"}],"version-history":[{"count":0,"href":"https:\/\/kapitalis.com\/tunisie\/wp-json\/wp\/v2\/posts\/304942\/revisions"}],"wp:attachment":[{"href":"https:\/\/kapitalis.com\/tunisie\/wp-json\/wp\/v2\/media?parent=304942"}],"wp:term":[{"taxonomy":"category","embeddable":true,"href":"https:\/\/kapitalis.com\/tunisie\/wp-json\/wp\/v2\/categories?post=304942"},{"taxonomy":"post_tag","embeddable":true,"href":"https:\/\/kapitalis.com\/tunisie\/wp-json\/wp\/v2\/tags?post=304942"}],"curies":[{"name":"wp","href":"https:\/\/api.w.org\/{rel}","templated":true}]}}