{"id":305114,"date":"2020-06-25T10:25:41","date_gmt":"2020-06-25T09:25:41","guid":{"rendered":"http:\/\/kapitalis.com\/tunisie\/?p=305114"},"modified":"2020-06-25T11:09:52","modified_gmt":"2020-06-25T10:09:52","slug":"accident-entre-une-voiture-et-une-charrette-a-sidi-bouzid-deces-de-2-individus","status":"publish","type":"post","link":"https:\/\/kapitalis.com\/tunisie\/2020\/06\/25\/accident-entre-une-voiture-et-une-charrette-a-sidi-bouzid-deces-de-2-individus\/","title":{"rendered":"Accident entre une voiture et une charrette \u00e0 Sidi Bouzid : D\u00e9c\u00e8s de 2 individus"},"content":{"rendered":"\n<figure class=\"wp-block-image size-large\"><img decoding=\"async\" src=\"http:\/\/kapitalis.com\/tunisie\/wp-content\/uploads\/2020\/06\/Accident-entre-une-voiture-et-une-charrette.jpg\" alt=\"\" class=\"wp-image-305117\"\/><\/figure>\n\n\n\n<p><strong><em>Une m\u00e8re et sa fille, travaillant dans le secteur de l&rsquo;agriculture, ont perdu la vie, ce matin, jeudi 25 juin 2020, apr\u00e8s qu\u2019une voiture ait percut\u00e9 leur charrette, dans la d\u00e9l\u00e9gation de Sidi Bouzid-Est, sur la route nationale n\u00b0 13, qui relie Sfax&nbsp;et Kasserine.<\/em><\/strong><\/p>\n\n\n\n<!--more-->\n\n\n\n<p>La femme est morte sur place tandis que sa fille est d\u00e9c\u00e9d\u00e9e alors qu&rsquo;elle \u00e9tait en route vers l&rsquo;h\u00f4pital r\u00e9gional de Sidi Bouzid.<\/p>\n\n\n\n<p>Les autorit\u00e9s s\u00e9curitaires se sont, par ailleurs, engag\u00e9es \u00e0 ouvrir une enqu\u00eate pour d\u00e9terminer les causes et les circonstances de l&rsquo;accident.<\/p>\n\n\n\n<p class=\"has-text-align-right\"><strong>C. B. Y.<\/strong><\/p>\n","protected":false},"excerpt":{"rendered":"<p>Une m\u00e8re et sa fille, travaillant dans le secteur de l&rsquo;agriculture, ont perdu la vie, ce matin, jeudi 25 juin 2020, apr\u00e8s qu\u2019une voiture ait percut\u00e9 leur charrette, dans la d\u00e9l\u00e9gation de Sidi Bouzid-Est, sur la route nationale n\u00b0 13, qui relie Sfax&nbsp;et Kasserine.<\/p>\n","protected":false},"author":24,"featured_media":305117,"comment_status":"open","ping_status":"open","sticky":false,"template":"","format":"standard","meta":{"footnotes":""},"categories":[998,2433],"tags":[80171,828],"class_list":["post-305114","post","type-post","status-publish","format-standard","has-post-thumbnail","hentry","category-societe","category-tunisie","tag-accident-entre-une-voiture-et-une-charrette","tag-sidi-bouzid"],"yoast_head":"<!-- This site is optimized with the Yoast SEO plugin v26.6 - https:\/\/yoast.com\/wordpress\/plugins\/seo\/ -->\n<title>Accident entre une voiture et une charrette \u00e0 Sidi Bouzid : D\u00e9c\u00e8s de 2 individus - Kapitalis<\/title>\n<meta name=\"robots\" content=\"index, follow, max-snippet:-1, max-image-preview:large, max-video-preview:-1\" \/>\n<link rel=\"canonical\" href=\"https:\/\/kapitalis.com\/tunisie\/2020\/06\/25\/accident-entre-une-voiture-et-une-charrette-a-sidi-bouzid-deces-de-2-individus\/\" \/>\n<meta property=\"og:locale\" content=\"fr_FR\" \/>\n<meta property=\"og:type\" content=\"article\" \/>\n<meta property=\"og:title\" content=\"Accident entre une voiture et une charrette \u00e0 Sidi Bouzid : D\u00e9c\u00e8s de 2 individus - Kapitalis\" \/>\n<meta property=\"og:description\" content=\"Une m\u00e8re et sa fille, travaillant dans le secteur de l&rsquo;agriculture, ont perdu la vie, ce matin, jeudi 25 juin 2020, apr\u00e8s qu\u2019une voiture ait percut\u00e9 leur charrette, dans la d\u00e9l\u00e9gation de Sidi Bouzid-Est, sur la route nationale n\u00b0 13, qui relie Sfax&nbsp;et Kasserine.\" \/>\n<meta property=\"og:url\" content=\"https:\/\/kapitalis.com\/tunisie\/2020\/06\/25\/accident-entre-une-voiture-et-une-charrette-a-sidi-bouzid-deces-de-2-individus\/\" \/>\n<meta property=\"og:site_name\" content=\"Kapitalis\" \/>\n<meta property=\"article:publisher\" content=\"https:\/\/www.facebook.com\/KapitalisInfo\/\" \/>\n<meta property=\"article:published_time\" content=\"2020-06-25T09:25:41+00:00\" \/>\n<meta property=\"article:modified_time\" content=\"2020-06-25T10:09:52+00:00\" \/>\n<meta property=\"og:image\" content=\"https:\/\/kapitalis.com\/tunisie\/wp-content\/uploads\/2022\/05\/kapitalis-logo-fb.png\" \/>\n\t<meta property=\"og:image:width\" content=\"1200\" \/>\n\t<meta property=\"og:image:height\" content=\"630\" \/>\n\t<meta property=\"og:image:type\" content=\"image\/png\" \/>\n<meta name=\"author\" content=\"Cherif Benyounes\" \/>\n<meta name=\"twitter:card\" content=\"summary_large_image\" \/>\n<meta name=\"twitter:creator\" content=\"@KapitalisInfo\" \/>\n<meta name=\"twitter:site\" content=\"@KapitalisInfo\" \/>\n<meta name=\"twitter:label1\" content=\"\u00c9crit par\" \/>\n\t<meta name=\"twitter:data1\" content=\"Cherif Benyounes\" \/>\n\t<meta name=\"twitter:label2\" content=\"Dur\u00e9e de lecture estim\u00e9e\" \/>\n\t<meta name=\"twitter:data2\" content=\"1 minute\" \/>\n<script type=\"application\/ld+json\" class=\"yoast-schema-graph\">{\"@context\":\"https:\/\/schema.org\",\"@graph\":[{\"@type\":\"Article\",\"@id\":\"https:\/\/kapitalis.com\/tunisie\/2020\/06\/25\/accident-entre-une-voiture-et-une-charrette-a-sidi-bouzid-deces-de-2-individus\/#article\",\"isPartOf\":{\"@id\":\"https:\/\/kapitalis.com\/tunisie\/2020\/06\/25\/accident-entre-une-voiture-et-une-charrette-a-sidi-bouzid-deces-de-2-individus\/\"},\"author\":{\"name\":\"Cherif Benyounes\",\"@id\":\"https:\/\/kapitalis.com\/tunisie\/#\/schema\/person\/b35b8d631961131107263178aeb8019e\"},\"headline\":\"Accident entre une voiture et une charrette \u00e0 Sidi Bouzid : D\u00e9c\u00e8s de 2 individus\",\"datePublished\":\"2020-06-25T09:25:41+00:00\",\"dateModified\":\"2020-06-25T10:09:52+00:00\",\"mainEntityOfPage\":{\"@id\":\"https:\/\/kapitalis.com\/tunisie\/2020\/06\/25\/accident-entre-une-voiture-et-une-charrette-a-sidi-bouzid-deces-de-2-individus\/\"},\"wordCount\":118,\"commentCount\":0,\"publisher\":{\"@id\":\"https:\/\/kapitalis.com\/tunisie\/#organization\"},\"image\":{\"@id\":\"https:\/\/kapitalis.com\/tunisie\/2020\/06\/25\/accident-entre-une-voiture-et-une-charrette-a-sidi-bouzid-deces-de-2-individus\/#primaryimage\"},\"thumbnailUrl\":\"\",\"keywords\":[\"Accident entre une voiture et une charrette\",\"Sidi Bouzid\"],\"articleSection\":[\"SOCIETE\",\"Tunisie\"],\"inLanguage\":\"fr-FR\",\"potentialAction\":[{\"@type\":\"CommentAction\",\"name\":\"Comment\",\"target\":[\"https:\/\/kapitalis.com\/tunisie\/2020\/06\/25\/accident-entre-une-voiture-et-une-charrette-a-sidi-bouzid-deces-de-2-individus\/#respond\"]}]},{\"@type\":\"WebPage\",\"@id\":\"https:\/\/kapitalis.com\/tunisie\/2020\/06\/25\/accident-entre-une-voiture-et-une-charrette-a-sidi-bouzid-deces-de-2-individus\/\",\"url\":\"https:\/\/kapitalis.com\/tunisie\/2020\/06\/25\/accident-entre-une-voiture-et-une-charrette-a-sidi-bouzid-deces-de-2-individus\/\",\"name\":\"Accident entre une voiture et une charrette \u00e0 Sidi Bouzid : D\u00e9c\u00e8s de 2 individus - Kapitalis\",\"isPartOf\":{\"@id\":\"https:\/\/kapitalis.com\/tunisie\/#website\"},\"primaryImageOfPage\":{\"@id\":\"https:\/\/kapitalis.com\/tunisie\/2020\/06\/25\/accident-entre-une-voiture-et-une-charrette-a-sidi-bouzid-deces-de-2-individus\/#primaryimage\"},\"image\":{\"@id\":\"https:\/\/kapitalis.com\/tunisie\/2020\/06\/25\/accident-entre-une-voiture-et-une-charrette-a-sidi-bouzid-deces-de-2-individus\/#primaryimage\"},\"thumbnailUrl\":\"\",\"datePublished\":\"2020-06-25T09:25:41+00:00\",\"dateModified\":\"2020-06-25T10:09:52+00:00\",\"breadcrumb\":{\"@id\":\"https:\/\/kapitalis.com\/tunisie\/2020\/06\/25\/accident-entre-une-voiture-et-une-charrette-a-sidi-bouzid-deces-de-2-individus\/#breadcrumb\"},\"inLanguage\":\"fr-FR\",\"potentialAction\":[{\"@type\":\"ReadAction\",\"target\":[\"https:\/\/kapitalis.com\/tunisie\/2020\/06\/25\/accident-entre-une-voiture-et-une-charrette-a-sidi-bouzid-deces-de-2-individus\/\"]}]},{\"@type\":\"ImageObject\",\"inLanguage\":\"fr-FR\",\"@id\":\"https:\/\/kapitalis.com\/tunisie\/2020\/06\/25\/accident-entre-une-voiture-et-une-charrette-a-sidi-bouzid-deces-de-2-individus\/#primaryimage\",\"url\":\"\",\"contentUrl\":\"\"},{\"@type\":\"BreadcrumbList\",\"@id\":\"https:\/\/kapitalis.com\/tunisie\/2020\/06\/25\/accident-entre-une-voiture-et-une-charrette-a-sidi-bouzid-deces-de-2-individus\/#breadcrumb\",\"itemListElement\":[{\"@type\":\"ListItem\",\"position\":1,\"name\":\"Accueil\",\"item\":\"https:\/\/kapitalis.com\/tunisie\/\"},{\"@type\":\"ListItem\",\"position\":2,\"name\":\"Accident entre une voiture et une charrette \u00e0 Sidi Bouzid : D\u00e9c\u00e8s de 2 individus\"}]},{\"@type\":\"WebSite\",\"@id\":\"https:\/\/kapitalis.com\/tunisie\/#website\",\"url\":\"https:\/\/kapitalis.com\/tunisie\/\",\"name\":\"Kapitalis\",\"description\":\"L&#039;actualit\u00e9 en Tunisie et dans le monde\",\"publisher\":{\"@id\":\"https:\/\/kapitalis.com\/tunisie\/#organization\"},\"potentialAction\":[{\"@type\":\"SearchAction\",\"target\":{\"@type\":\"EntryPoint\",\"urlTemplate\":\"https:\/\/kapitalis.com\/tunisie\/?s={search_term_string}\"},\"query-input\":{\"@type\":\"PropertyValueSpecification\",\"valueRequired\":true,\"valueName\":\"search_term_string\"}}],\"inLanguage\":\"fr-FR\"},{\"@type\":\"Organization\",\"@id\":\"https:\/\/kapitalis.com\/tunisie\/#organization\",\"name\":\"Kapitalis\",\"url\":\"https:\/\/kapitalis.com\/tunisie\/\",\"logo\":{\"@type\":\"ImageObject\",\"inLanguage\":\"fr-FR\",\"@id\":\"https:\/\/kapitalis.com\/tunisie\/#\/schema\/logo\/image\/\",\"url\":\"https:\/\/kapitalis.com\/tunisie\/wp-content\/uploads\/2022\/05\/Kapitalis-big-size.png\",\"contentUrl\":\"https:\/\/kapitalis.com\/tunisie\/wp-content\/uploads\/2022\/05\/Kapitalis-big-size.png\",\"width\":5000,\"height\":1500,\"caption\":\"Kapitalis\"},\"image\":{\"@id\":\"https:\/\/kapitalis.com\/tunisie\/#\/schema\/logo\/image\/\"},\"sameAs\":[\"https:\/\/www.facebook.com\/KapitalisInfo\/\",\"https:\/\/x.com\/KapitalisInfo\",\"https:\/\/www.youtube.com\/channel\/UC-yDYrHyfFBWWZaOw3FPg9Q\"]},{\"@type\":\"Person\",\"@id\":\"https:\/\/kapitalis.com\/tunisie\/#\/schema\/person\/b35b8d631961131107263178aeb8019e\",\"name\":\"Cherif Benyounes\",\"url\":\"https:\/\/kapitalis.com\/tunisie\/author\/cherif\/\"}]}<\/script>\n<!-- \/ Yoast SEO plugin. -->","yoast_head_json":{"title":"Accident entre une voiture et une charrette \u00e0 Sidi Bouzid : D\u00e9c\u00e8s de 2 individus - Kapitalis","robots":{"index":"index","follow":"follow","max-snippet":"max-snippet:-1","max-image-preview":"max-image-preview:large","max-video-preview":"max-video-preview:-1"},"canonical":"https:\/\/kapitalis.com\/tunisie\/2020\/06\/25\/accident-entre-une-voiture-et-une-charrette-a-sidi-bouzid-deces-de-2-individus\/","og_locale":"fr_FR","og_type":"article","og_title":"Accident entre une voiture et une charrette \u00e0 Sidi Bouzid : D\u00e9c\u00e8s de 2 individus - Kapitalis","og_description":"Une m\u00e8re et sa fille, travaillant dans le secteur de l&rsquo;agriculture, ont perdu la vie, ce matin, jeudi 25 juin 2020, apr\u00e8s qu\u2019une voiture ait percut\u00e9 leur charrette, dans la d\u00e9l\u00e9gation de Sidi Bouzid-Est, sur la route nationale n\u00b0 13, qui relie Sfax&nbsp;et Kasserine.","og_url":"https:\/\/kapitalis.com\/tunisie\/2020\/06\/25\/accident-entre-une-voiture-et-une-charrette-a-sidi-bouzid-deces-de-2-individus\/","og_site_name":"Kapitalis","article_publisher":"https:\/\/www.facebook.com\/KapitalisInfo\/","article_published_time":"2020-06-25T09:25:41+00:00","article_modified_time":"2020-06-25T10:09:52+00:00","og_image":[{"width":1200,"height":630,"url":"https:\/\/kapitalis.com\/tunisie\/wp-content\/uploads\/2022\/05\/kapitalis-logo-fb.png","type":"image\/png"}],"author":"Cherif Benyounes","twitter_card":"summary_large_image","twitter_creator":"@KapitalisInfo","twitter_site":"@KapitalisInfo","twitter_misc":{"\u00c9crit par":"Cherif Benyounes","Dur\u00e9e de lecture estim\u00e9e":"1 minute"},"schema":{"@context":"https:\/\/schema.org","@graph":[{"@type":"Article","@id":"https:\/\/kapitalis.com\/tunisie\/2020\/06\/25\/accident-entre-une-voiture-et-une-charrette-a-sidi-bouzid-deces-de-2-individus\/#article","isPartOf":{"@id":"https:\/\/kapitalis.com\/tunisie\/2020\/06\/25\/accident-entre-une-voiture-et-une-charrette-a-sidi-bouzid-deces-de-2-individus\/"},"author":{"name":"Cherif Benyounes","@id":"https:\/\/kapitalis.com\/tunisie\/#\/schema\/person\/b35b8d631961131107263178aeb8019e"},"headline":"Accident entre une voiture et une charrette \u00e0 Sidi Bouzid : D\u00e9c\u00e8s de 2 individus","datePublished":"2020-06-25T09:25:41+00:00","dateModified":"2020-06-25T10:09:52+00:00","mainEntityOfPage":{"@id":"https:\/\/kapitalis.com\/tunisie\/2020\/06\/25\/accident-entre-une-voiture-et-une-charrette-a-sidi-bouzid-deces-de-2-individus\/"},"wordCount":118,"commentCount":0,"publisher":{"@id":"https:\/\/kapitalis.com\/tunisie\/#organization"},"image":{"@id":"https:\/\/kapitalis.com\/tunisie\/2020\/06\/25\/accident-entre-une-voiture-et-une-charrette-a-sidi-bouzid-deces-de-2-individus\/#primaryimage"},"thumbnailUrl":"","keywords":["Accident entre une voiture et une charrette","Sidi Bouzid"],"articleSection":["SOCIETE","Tunisie"],"inLanguage":"fr-FR","potentialAction":[{"@type":"CommentAction","name":"Comment","target":["https:\/\/kapitalis.com\/tunisie\/2020\/06\/25\/accident-entre-une-voiture-et-une-charrette-a-sidi-bouzid-deces-de-2-individus\/#respond"]}]},{"@type":"WebPage","@id":"https:\/\/kapitalis.com\/tunisie\/2020\/06\/25\/accident-entre-une-voiture-et-une-charrette-a-sidi-bouzid-deces-de-2-individus\/","url":"https:\/\/kapitalis.com\/tunisie\/2020\/06\/25\/accident-entre-une-voiture-et-une-charrette-a-sidi-bouzid-deces-de-2-individus\/","name":"Accident entre une voiture et une charrette \u00e0 Sidi Bouzid : D\u00e9c\u00e8s de 2 individus - Kapitalis","isPartOf":{"@id":"https:\/\/kapitalis.com\/tunisie\/#website"},"primaryImageOfPage":{"@id":"https:\/\/kapitalis.com\/tunisie\/2020\/06\/25\/accident-entre-une-voiture-et-une-charrette-a-sidi-bouzid-deces-de-2-individus\/#primaryimage"},"image":{"@id":"https:\/\/kapitalis.com\/tunisie\/2020\/06\/25\/accident-entre-une-voiture-et-une-charrette-a-sidi-bouzid-deces-de-2-individus\/#primaryimage"},"thumbnailUrl":"","datePublished":"2020-06-25T09:25:41+00:00","dateModified":"2020-06-25T10:09:52+00:00","breadcrumb":{"@id":"https:\/\/kapitalis.com\/tunisie\/2020\/06\/25\/accident-entre-une-voiture-et-une-charrette-a-sidi-bouzid-deces-de-2-individus\/#breadcrumb"},"inLanguage":"fr-FR","potentialAction":[{"@type":"ReadAction","target":["https:\/\/kapitalis.com\/tunisie\/2020\/06\/25\/accident-entre-une-voiture-et-une-charrette-a-sidi-bouzid-deces-de-2-individus\/"]}]},{"@type":"ImageObject","inLanguage":"fr-FR","@id":"https:\/\/kapitalis.com\/tunisie\/2020\/06\/25\/accident-entre-une-voiture-et-une-charrette-a-sidi-bouzid-deces-de-2-individus\/#primaryimage","url":"","contentUrl":""},{"@type":"BreadcrumbList","@id":"https:\/\/kapitalis.com\/tunisie\/2020\/06\/25\/accident-entre-une-voiture-et-une-charrette-a-sidi-bouzid-deces-de-2-individus\/#breadcrumb","itemListElement":[{"@type":"ListItem","position":1,"name":"Accueil","item":"https:\/\/kapitalis.com\/tunisie\/"},{"@type":"ListItem","position":2,"name":"Accident entre une voiture et une charrette \u00e0 Sidi Bouzid : D\u00e9c\u00e8s de 2 individus"}]},{"@type":"WebSite","@id":"https:\/\/kapitalis.com\/tunisie\/#website","url":"https:\/\/kapitalis.com\/tunisie\/","name":"Kapitalis","description":"L&#039;actualit\u00e9 en Tunisie et dans le monde","publisher":{"@id":"https:\/\/kapitalis.com\/tunisie\/#organization"},"potentialAction":[{"@type":"SearchAction","target":{"@type":"EntryPoint","urlTemplate":"https:\/\/kapitalis.com\/tunisie\/?s={search_term_string}"},"query-input":{"@type":"PropertyValueSpecification","valueRequired":true,"valueName":"search_term_string"}}],"inLanguage":"fr-FR"},{"@type":"Organization","@id":"https:\/\/kapitalis.com\/tunisie\/#organization","name":"Kapitalis","url":"https:\/\/kapitalis.com\/tunisie\/","logo":{"@type":"ImageObject","inLanguage":"fr-FR","@id":"https:\/\/kapitalis.com\/tunisie\/#\/schema\/logo\/image\/","url":"https:\/\/kapitalis.com\/tunisie\/wp-content\/uploads\/2022\/05\/Kapitalis-big-size.png","contentUrl":"https:\/\/kapitalis.com\/tunisie\/wp-content\/uploads\/2022\/05\/Kapitalis-big-size.png","width":5000,"height":1500,"caption":"Kapitalis"},"image":{"@id":"https:\/\/kapitalis.com\/tunisie\/#\/schema\/logo\/image\/"},"sameAs":["https:\/\/www.facebook.com\/KapitalisInfo\/","https:\/\/x.com\/KapitalisInfo","https:\/\/www.youtube.com\/channel\/UC-yDYrHyfFBWWZaOw3FPg9Q"]},{"@type":"Person","@id":"https:\/\/kapitalis.com\/tunisie\/#\/schema\/person\/b35b8d631961131107263178aeb8019e","name":"Cherif Benyounes","url":"https:\/\/kapitalis.com\/tunisie\/author\/cherif\/"}]}},"_links":{"self":[{"href":"https:\/\/kapitalis.com\/tunisie\/wp-json\/wp\/v2\/posts\/305114","targetHints":{"allow":["GET"]}}],"collection":[{"href":"https:\/\/kapitalis.com\/tunisie\/wp-json\/wp\/v2\/posts"}],"about":[{"href":"https:\/\/kapitalis.com\/tunisie\/wp-json\/wp\/v2\/types\/post"}],"author":[{"embeddable":true,"href":"https:\/\/kapitalis.com\/tunisie\/wp-json\/wp\/v2\/users\/24"}],"replies":[{"embeddable":true,"href":"https:\/\/kapitalis.com\/tunisie\/wp-json\/wp\/v2\/comments?post=305114"}],"version-history":[{"count":0,"href":"https:\/\/kapitalis.com\/tunisie\/wp-json\/wp\/v2\/posts\/305114\/revisions"}],"wp:featuredmedia":[{"embeddable":true,"href":"https:\/\/kapitalis.com\/tunisie\/wp-json\/wp\/v2\/media\/305117"}],"wp:attachment":[{"href":"https:\/\/kapitalis.com\/tunisie\/wp-json\/wp\/v2\/media?parent=305114"}],"wp:term":[{"taxonomy":"category","embeddable":true,"href":"https:\/\/kapitalis.com\/tunisie\/wp-json\/wp\/v2\/categories?post=305114"},{"taxonomy":"post_tag","embeddable":true,"href":"https:\/\/kapitalis.com\/tunisie\/wp-json\/wp\/v2\/tags?post=305114"}],"curies":[{"name":"wp","href":"https:\/\/api.w.org\/{rel}","templated":true}]}}