{"id":305164,"date":"2020-06-25T13:08:29","date_gmt":"2020-06-25T12:08:29","guid":{"rendered":"http:\/\/kapitalis.com\/tunisie\/?p=305164"},"modified":"2020-06-25T14:05:59","modified_gmt":"2020-06-25T13:05:59","slug":"yadh-elloumi-a-elyes-fakhfakh-nous-allons-deposer-une-motion-de-censure-contre-vous","status":"publish","type":"post","link":"https:\/\/kapitalis.com\/tunisie\/2020\/06\/25\/yadh-elloumi-a-elyes-fakhfakh-nous-allons-deposer-une-motion-de-censure-contre-vous\/","title":{"rendered":"Yadh Elloumi \u00e0 Elyes Fakhfakh : Nous allons d\u00e9poser une motion de censure contre vous"},"content":{"rendered":"\n<figure class=\"wp-block-image size-large\"><img decoding=\"async\" src=\"http:\/\/kapitalis.com\/tunisie\/wp-content\/uploads\/2020\/06\/yadh-elloumi-parlement.jpg\" alt=\"\" class=\"wp-image-305166\"\/><\/figure>\n\n\n\n<p><strong><em>Le d\u00e9put\u00e9 de Qalb Tounes, Yadh Elloumi, a assur\u00e9 aujourd&rsquo;hui, jeudi 25 juin 2020, lors de son intervention dans le cadre de la pl\u00e9ni\u00e8re consacr\u00e9e \u00e0 l&rsquo;\u00e9valuation des 100 premiers jours du gouvernement, que son parti d\u00e9posera une motion de censure contre le chef du gouvernement, Elyes Fakhfakh, et qu&rsquo;il le poursuivra en justice<\/em><\/strong> <strong><em>pour corruption.<\/em><\/strong><\/p>\n\n\n\n<!--more-->\n\n\n\n<p>\u00ab<em>Vous \u00eates impliqu\u00e9 dans une affaire de corruption, parce qu&rsquo;apr\u00e8s v\u00e9rification, il s&rsquo;est av\u00e9r\u00e9 vous avez remport\u00e9 le march\u00e9 en avril, alors que vous \u00eatiez d\u00e9j\u00e0 chef de gouvernement, et pas en d\u00e9cembre<\/em>\u00bb, a dit Elloumi en s&rsquo;adressant \u00e0 Fakhfakh, concernant l&rsquo;affaire de <a href=\"http:\/\/kapitalis.com\/tunisie\/2020\/06\/23\/elyes-fakhfakh-a-t-il-attribue-un-marche-public-a-sa-propre-societe\/\">l&rsquo;attribution d&rsquo;un march\u00e9 public \u00e0 sa propre soci\u00e9t\u00e9<\/a>.<\/p>\n\n\n\n<p>Elloumi a ajout\u00e9 que l&rsquo;entreprise avec laquelle Fakhfakh a des int\u00e9r\u00eats avait pr\u00e9sent\u00e9 l&rsquo;offre la moins int\u00e9ressante pour l&rsquo;Etat, par rapport \u00e0 la concurrence, laissant entendre par l\u00e0 que c&rsquo;est son statut de chef de gouvernement qui a influenc\u00e9 le deal.<\/p>\n\n\n\n<p>Pour l&rsquo;anecdote, rappelons que M. Elloumi est le dirigeant d&rsquo;un parti dont le pr\u00e9sident, Nabil Karoui, est lui-m\u00eame impliqu\u00e9 dans des affaires de corruption financi\u00e8re.<\/p>\n\n\n\n<p>Le d\u00e9put\u00e9 a, par ailleurs, estim\u00e9 que le gouvernement actuel a \u00e9chou\u00e9 et qu&rsquo;il a induit en erreur l\u2019opinion publique concernant la situation \u00e9pid\u00e9mique en Tunisie relative \u00e0 la propagation du coronavirus, assurant que le pays est \u00ab<em>une zone infect\u00e9e<\/em>\u00bb, et reprenant ainsi, ridiculement, des critiques conspirationnistes et sans fondement scientifique, ni logique, qu&rsquo;une partie de la soci\u00e9t\u00e9 adopte.<\/p>\n\n\n\n<p class=\"has-text-align-right\"><strong>C. B. Y.<\/strong><\/p>\n","protected":false},"excerpt":{"rendered":"<p>Le d\u00e9put\u00e9 de Qalb Tounes, Yadh Elloumi, a assur\u00e9 aujourd&rsquo;hui, jeudi 25 juin 2020, lors de son intervention dans le cadre de la pl\u00e9ni\u00e8re consacr\u00e9e \u00e0 l&rsquo;\u00e9valuation des 100 premiers jours du gouvernement, que son parti d\u00e9posera une motion de censure contre le chef du gouvernement, Elyes Fakhfakh, et qu&rsquo;il le poursuivra en justice pour&#8230;<\/p>\n","protected":false},"author":24,"featured_media":305166,"comment_status":"open","ping_status":"open","sticky":false,"template":"","format":"standard","meta":{"footnotes":""},"categories":[997,2433],"tags":[73109,61989,72051],"class_list":["post-305164","post","type-post","status-publish","format-standard","has-post-thumbnail","hentry","category-politique","category-tunisie","tag-elyes-fakhfakh-2","tag-qalb-tounes","tag-yadh-elloumi"],"yoast_head":"<!-- This site is optimized with the Yoast SEO plugin v26.6 - https:\/\/yoast.com\/wordpress\/plugins\/seo\/ -->\n<title>Yadh Elloumi \u00e0 Elyes Fakhfakh : Nous allons d\u00e9poser une motion de censure contre vous - Kapitalis<\/title>\n<meta name=\"robots\" content=\"index, follow, max-snippet:-1, max-image-preview:large, max-video-preview:-1\" \/>\n<link rel=\"canonical\" href=\"https:\/\/kapitalis.com\/tunisie\/2020\/06\/25\/yadh-elloumi-a-elyes-fakhfakh-nous-allons-deposer-une-motion-de-censure-contre-vous\/\" \/>\n<meta property=\"og:locale\" content=\"fr_FR\" \/>\n<meta property=\"og:type\" content=\"article\" \/>\n<meta property=\"og:title\" content=\"Yadh Elloumi \u00e0 Elyes Fakhfakh : Nous allons d\u00e9poser une motion de censure contre vous - Kapitalis\" \/>\n<meta property=\"og:description\" content=\"Le d\u00e9put\u00e9 de Qalb Tounes, Yadh Elloumi, a assur\u00e9 aujourd&rsquo;hui, jeudi 25 juin 2020, lors de son intervention dans le cadre de la pl\u00e9ni\u00e8re consacr\u00e9e \u00e0 l&rsquo;\u00e9valuation des 100 premiers jours du gouvernement, que son parti d\u00e9posera une motion de censure contre le chef du gouvernement, Elyes Fakhfakh, et qu&rsquo;il le poursuivra en justice pour...\" \/>\n<meta property=\"og:url\" content=\"https:\/\/kapitalis.com\/tunisie\/2020\/06\/25\/yadh-elloumi-a-elyes-fakhfakh-nous-allons-deposer-une-motion-de-censure-contre-vous\/\" \/>\n<meta property=\"og:site_name\" content=\"Kapitalis\" \/>\n<meta property=\"article:publisher\" content=\"https:\/\/www.facebook.com\/KapitalisInfo\/\" \/>\n<meta property=\"article:published_time\" content=\"2020-06-25T12:08:29+00:00\" \/>\n<meta property=\"article:modified_time\" content=\"2020-06-25T13:05:59+00:00\" \/>\n<meta property=\"og:image\" content=\"https:\/\/kapitalis.com\/tunisie\/wp-content\/uploads\/2022\/05\/kapitalis-logo-fb.png\" \/>\n\t<meta property=\"og:image:width\" content=\"1200\" \/>\n\t<meta property=\"og:image:height\" content=\"630\" \/>\n\t<meta property=\"og:image:type\" content=\"image\/png\" \/>\n<meta name=\"author\" content=\"Cherif Benyounes\" \/>\n<meta name=\"twitter:card\" content=\"summary_large_image\" \/>\n<meta name=\"twitter:creator\" content=\"@KapitalisInfo\" \/>\n<meta name=\"twitter:site\" content=\"@KapitalisInfo\" \/>\n<meta name=\"twitter:label1\" content=\"\u00c9crit par\" \/>\n\t<meta name=\"twitter:data1\" content=\"Cherif Benyounes\" \/>\n\t<meta name=\"twitter:label2\" content=\"Dur\u00e9e de lecture estim\u00e9e\" \/>\n\t<meta name=\"twitter:data2\" content=\"1 minute\" \/>\n<script type=\"application\/ld+json\" class=\"yoast-schema-graph\">{\"@context\":\"https:\/\/schema.org\",\"@graph\":[{\"@type\":\"Article\",\"@id\":\"https:\/\/kapitalis.com\/tunisie\/2020\/06\/25\/yadh-elloumi-a-elyes-fakhfakh-nous-allons-deposer-une-motion-de-censure-contre-vous\/#article\",\"isPartOf\":{\"@id\":\"https:\/\/kapitalis.com\/tunisie\/2020\/06\/25\/yadh-elloumi-a-elyes-fakhfakh-nous-allons-deposer-une-motion-de-censure-contre-vous\/\"},\"author\":{\"name\":\"Cherif Benyounes\",\"@id\":\"https:\/\/kapitalis.com\/tunisie\/#\/schema\/person\/b35b8d631961131107263178aeb8019e\"},\"headline\":\"Yadh Elloumi \u00e0 Elyes Fakhfakh : Nous allons d\u00e9poser une motion de censure contre vous\",\"datePublished\":\"2020-06-25T12:08:29+00:00\",\"dateModified\":\"2020-06-25T13:05:59+00:00\",\"mainEntityOfPage\":{\"@id\":\"https:\/\/kapitalis.com\/tunisie\/2020\/06\/25\/yadh-elloumi-a-elyes-fakhfakh-nous-allons-deposer-une-motion-de-censure-contre-vous\/\"},\"wordCount\":265,\"commentCount\":1,\"publisher\":{\"@id\":\"https:\/\/kapitalis.com\/tunisie\/#organization\"},\"image\":{\"@id\":\"https:\/\/kapitalis.com\/tunisie\/2020\/06\/25\/yadh-elloumi-a-elyes-fakhfakh-nous-allons-deposer-une-motion-de-censure-contre-vous\/#primaryimage\"},\"thumbnailUrl\":\"\",\"keywords\":[\"Elyes Fakhfakh\",\"Qalb Tounes\",\"Yadh Elloumi\"],\"articleSection\":[\"POLITIQUE\",\"Tunisie\"],\"inLanguage\":\"fr-FR\",\"potentialAction\":[{\"@type\":\"CommentAction\",\"name\":\"Comment\",\"target\":[\"https:\/\/kapitalis.com\/tunisie\/2020\/06\/25\/yadh-elloumi-a-elyes-fakhfakh-nous-allons-deposer-une-motion-de-censure-contre-vous\/#respond\"]}]},{\"@type\":\"WebPage\",\"@id\":\"https:\/\/kapitalis.com\/tunisie\/2020\/06\/25\/yadh-elloumi-a-elyes-fakhfakh-nous-allons-deposer-une-motion-de-censure-contre-vous\/\",\"url\":\"https:\/\/kapitalis.com\/tunisie\/2020\/06\/25\/yadh-elloumi-a-elyes-fakhfakh-nous-allons-deposer-une-motion-de-censure-contre-vous\/\",\"name\":\"Yadh Elloumi \u00e0 Elyes Fakhfakh : Nous allons d\u00e9poser une motion de censure contre vous - Kapitalis\",\"isPartOf\":{\"@id\":\"https:\/\/kapitalis.com\/tunisie\/#website\"},\"primaryImageOfPage\":{\"@id\":\"https:\/\/kapitalis.com\/tunisie\/2020\/06\/25\/yadh-elloumi-a-elyes-fakhfakh-nous-allons-deposer-une-motion-de-censure-contre-vous\/#primaryimage\"},\"image\":{\"@id\":\"https:\/\/kapitalis.com\/tunisie\/2020\/06\/25\/yadh-elloumi-a-elyes-fakhfakh-nous-allons-deposer-une-motion-de-censure-contre-vous\/#primaryimage\"},\"thumbnailUrl\":\"\",\"datePublished\":\"2020-06-25T12:08:29+00:00\",\"dateModified\":\"2020-06-25T13:05:59+00:00\",\"breadcrumb\":{\"@id\":\"https:\/\/kapitalis.com\/tunisie\/2020\/06\/25\/yadh-elloumi-a-elyes-fakhfakh-nous-allons-deposer-une-motion-de-censure-contre-vous\/#breadcrumb\"},\"inLanguage\":\"fr-FR\",\"potentialAction\":[{\"@type\":\"ReadAction\",\"target\":[\"https:\/\/kapitalis.com\/tunisie\/2020\/06\/25\/yadh-elloumi-a-elyes-fakhfakh-nous-allons-deposer-une-motion-de-censure-contre-vous\/\"]}]},{\"@type\":\"ImageObject\",\"inLanguage\":\"fr-FR\",\"@id\":\"https:\/\/kapitalis.com\/tunisie\/2020\/06\/25\/yadh-elloumi-a-elyes-fakhfakh-nous-allons-deposer-une-motion-de-censure-contre-vous\/#primaryimage\",\"url\":\"\",\"contentUrl\":\"\"},{\"@type\":\"BreadcrumbList\",\"@id\":\"https:\/\/kapitalis.com\/tunisie\/2020\/06\/25\/yadh-elloumi-a-elyes-fakhfakh-nous-allons-deposer-une-motion-de-censure-contre-vous\/#breadcrumb\",\"itemListElement\":[{\"@type\":\"ListItem\",\"position\":1,\"name\":\"Accueil\",\"item\":\"https:\/\/kapitalis.com\/tunisie\/\"},{\"@type\":\"ListItem\",\"position\":2,\"name\":\"Yadh Elloumi \u00e0 Elyes Fakhfakh : Nous allons d\u00e9poser une motion de censure contre vous\"}]},{\"@type\":\"WebSite\",\"@id\":\"https:\/\/kapitalis.com\/tunisie\/#website\",\"url\":\"https:\/\/kapitalis.com\/tunisie\/\",\"name\":\"Kapitalis\",\"description\":\"L&#039;actualit\u00e9 en Tunisie et dans le monde\",\"publisher\":{\"@id\":\"https:\/\/kapitalis.com\/tunisie\/#organization\"},\"potentialAction\":[{\"@type\":\"SearchAction\",\"target\":{\"@type\":\"EntryPoint\",\"urlTemplate\":\"https:\/\/kapitalis.com\/tunisie\/?s={search_term_string}\"},\"query-input\":{\"@type\":\"PropertyValueSpecification\",\"valueRequired\":true,\"valueName\":\"search_term_string\"}}],\"inLanguage\":\"fr-FR\"},{\"@type\":\"Organization\",\"@id\":\"https:\/\/kapitalis.com\/tunisie\/#organization\",\"name\":\"Kapitalis\",\"url\":\"https:\/\/kapitalis.com\/tunisie\/\",\"logo\":{\"@type\":\"ImageObject\",\"inLanguage\":\"fr-FR\",\"@id\":\"https:\/\/kapitalis.com\/tunisie\/#\/schema\/logo\/image\/\",\"url\":\"https:\/\/kapitalis.com\/tunisie\/wp-content\/uploads\/2022\/05\/Kapitalis-big-size.png\",\"contentUrl\":\"https:\/\/kapitalis.com\/tunisie\/wp-content\/uploads\/2022\/05\/Kapitalis-big-size.png\",\"width\":5000,\"height\":1500,\"caption\":\"Kapitalis\"},\"image\":{\"@id\":\"https:\/\/kapitalis.com\/tunisie\/#\/schema\/logo\/image\/\"},\"sameAs\":[\"https:\/\/www.facebook.com\/KapitalisInfo\/\",\"https:\/\/x.com\/KapitalisInfo\",\"https:\/\/www.youtube.com\/channel\/UC-yDYrHyfFBWWZaOw3FPg9Q\"]},{\"@type\":\"Person\",\"@id\":\"https:\/\/kapitalis.com\/tunisie\/#\/schema\/person\/b35b8d631961131107263178aeb8019e\",\"name\":\"Cherif Benyounes\",\"url\":\"https:\/\/kapitalis.com\/tunisie\/author\/cherif\/\"}]}<\/script>\n<!-- \/ Yoast SEO plugin. -->","yoast_head_json":{"title":"Yadh Elloumi \u00e0 Elyes Fakhfakh : Nous allons d\u00e9poser une motion de censure contre vous - Kapitalis","robots":{"index":"index","follow":"follow","max-snippet":"max-snippet:-1","max-image-preview":"max-image-preview:large","max-video-preview":"max-video-preview:-1"},"canonical":"https:\/\/kapitalis.com\/tunisie\/2020\/06\/25\/yadh-elloumi-a-elyes-fakhfakh-nous-allons-deposer-une-motion-de-censure-contre-vous\/","og_locale":"fr_FR","og_type":"article","og_title":"Yadh Elloumi \u00e0 Elyes Fakhfakh : Nous allons d\u00e9poser une motion de censure contre vous - Kapitalis","og_description":"Le d\u00e9put\u00e9 de Qalb Tounes, Yadh Elloumi, a assur\u00e9 aujourd&rsquo;hui, jeudi 25 juin 2020, lors de son intervention dans le cadre de la pl\u00e9ni\u00e8re consacr\u00e9e \u00e0 l&rsquo;\u00e9valuation des 100 premiers jours du gouvernement, que son parti d\u00e9posera une motion de censure contre le chef du gouvernement, Elyes Fakhfakh, et qu&rsquo;il le poursuivra en justice pour...","og_url":"https:\/\/kapitalis.com\/tunisie\/2020\/06\/25\/yadh-elloumi-a-elyes-fakhfakh-nous-allons-deposer-une-motion-de-censure-contre-vous\/","og_site_name":"Kapitalis","article_publisher":"https:\/\/www.facebook.com\/KapitalisInfo\/","article_published_time":"2020-06-25T12:08:29+00:00","article_modified_time":"2020-06-25T13:05:59+00:00","og_image":[{"width":1200,"height":630,"url":"https:\/\/kapitalis.com\/tunisie\/wp-content\/uploads\/2022\/05\/kapitalis-logo-fb.png","type":"image\/png"}],"author":"Cherif Benyounes","twitter_card":"summary_large_image","twitter_creator":"@KapitalisInfo","twitter_site":"@KapitalisInfo","twitter_misc":{"\u00c9crit par":"Cherif Benyounes","Dur\u00e9e de lecture estim\u00e9e":"1 minute"},"schema":{"@context":"https:\/\/schema.org","@graph":[{"@type":"Article","@id":"https:\/\/kapitalis.com\/tunisie\/2020\/06\/25\/yadh-elloumi-a-elyes-fakhfakh-nous-allons-deposer-une-motion-de-censure-contre-vous\/#article","isPartOf":{"@id":"https:\/\/kapitalis.com\/tunisie\/2020\/06\/25\/yadh-elloumi-a-elyes-fakhfakh-nous-allons-deposer-une-motion-de-censure-contre-vous\/"},"author":{"name":"Cherif Benyounes","@id":"https:\/\/kapitalis.com\/tunisie\/#\/schema\/person\/b35b8d631961131107263178aeb8019e"},"headline":"Yadh Elloumi \u00e0 Elyes Fakhfakh : Nous allons d\u00e9poser une motion de censure contre vous","datePublished":"2020-06-25T12:08:29+00:00","dateModified":"2020-06-25T13:05:59+00:00","mainEntityOfPage":{"@id":"https:\/\/kapitalis.com\/tunisie\/2020\/06\/25\/yadh-elloumi-a-elyes-fakhfakh-nous-allons-deposer-une-motion-de-censure-contre-vous\/"},"wordCount":265,"commentCount":1,"publisher":{"@id":"https:\/\/kapitalis.com\/tunisie\/#organization"},"image":{"@id":"https:\/\/kapitalis.com\/tunisie\/2020\/06\/25\/yadh-elloumi-a-elyes-fakhfakh-nous-allons-deposer-une-motion-de-censure-contre-vous\/#primaryimage"},"thumbnailUrl":"","keywords":["Elyes Fakhfakh","Qalb Tounes","Yadh Elloumi"],"articleSection":["POLITIQUE","Tunisie"],"inLanguage":"fr-FR","potentialAction":[{"@type":"CommentAction","name":"Comment","target":["https:\/\/kapitalis.com\/tunisie\/2020\/06\/25\/yadh-elloumi-a-elyes-fakhfakh-nous-allons-deposer-une-motion-de-censure-contre-vous\/#respond"]}]},{"@type":"WebPage","@id":"https:\/\/kapitalis.com\/tunisie\/2020\/06\/25\/yadh-elloumi-a-elyes-fakhfakh-nous-allons-deposer-une-motion-de-censure-contre-vous\/","url":"https:\/\/kapitalis.com\/tunisie\/2020\/06\/25\/yadh-elloumi-a-elyes-fakhfakh-nous-allons-deposer-une-motion-de-censure-contre-vous\/","name":"Yadh Elloumi \u00e0 Elyes Fakhfakh : Nous allons d\u00e9poser une motion de censure contre vous - Kapitalis","isPartOf":{"@id":"https:\/\/kapitalis.com\/tunisie\/#website"},"primaryImageOfPage":{"@id":"https:\/\/kapitalis.com\/tunisie\/2020\/06\/25\/yadh-elloumi-a-elyes-fakhfakh-nous-allons-deposer-une-motion-de-censure-contre-vous\/#primaryimage"},"image":{"@id":"https:\/\/kapitalis.com\/tunisie\/2020\/06\/25\/yadh-elloumi-a-elyes-fakhfakh-nous-allons-deposer-une-motion-de-censure-contre-vous\/#primaryimage"},"thumbnailUrl":"","datePublished":"2020-06-25T12:08:29+00:00","dateModified":"2020-06-25T13:05:59+00:00","breadcrumb":{"@id":"https:\/\/kapitalis.com\/tunisie\/2020\/06\/25\/yadh-elloumi-a-elyes-fakhfakh-nous-allons-deposer-une-motion-de-censure-contre-vous\/#breadcrumb"},"inLanguage":"fr-FR","potentialAction":[{"@type":"ReadAction","target":["https:\/\/kapitalis.com\/tunisie\/2020\/06\/25\/yadh-elloumi-a-elyes-fakhfakh-nous-allons-deposer-une-motion-de-censure-contre-vous\/"]}]},{"@type":"ImageObject","inLanguage":"fr-FR","@id":"https:\/\/kapitalis.com\/tunisie\/2020\/06\/25\/yadh-elloumi-a-elyes-fakhfakh-nous-allons-deposer-une-motion-de-censure-contre-vous\/#primaryimage","url":"","contentUrl":""},{"@type":"BreadcrumbList","@id":"https:\/\/kapitalis.com\/tunisie\/2020\/06\/25\/yadh-elloumi-a-elyes-fakhfakh-nous-allons-deposer-une-motion-de-censure-contre-vous\/#breadcrumb","itemListElement":[{"@type":"ListItem","position":1,"name":"Accueil","item":"https:\/\/kapitalis.com\/tunisie\/"},{"@type":"ListItem","position":2,"name":"Yadh Elloumi \u00e0 Elyes Fakhfakh : Nous allons d\u00e9poser une motion de censure contre vous"}]},{"@type":"WebSite","@id":"https:\/\/kapitalis.com\/tunisie\/#website","url":"https:\/\/kapitalis.com\/tunisie\/","name":"Kapitalis","description":"L&#039;actualit\u00e9 en Tunisie et dans le monde","publisher":{"@id":"https:\/\/kapitalis.com\/tunisie\/#organization"},"potentialAction":[{"@type":"SearchAction","target":{"@type":"EntryPoint","urlTemplate":"https:\/\/kapitalis.com\/tunisie\/?s={search_term_string}"},"query-input":{"@type":"PropertyValueSpecification","valueRequired":true,"valueName":"search_term_string"}}],"inLanguage":"fr-FR"},{"@type":"Organization","@id":"https:\/\/kapitalis.com\/tunisie\/#organization","name":"Kapitalis","url":"https:\/\/kapitalis.com\/tunisie\/","logo":{"@type":"ImageObject","inLanguage":"fr-FR","@id":"https:\/\/kapitalis.com\/tunisie\/#\/schema\/logo\/image\/","url":"https:\/\/kapitalis.com\/tunisie\/wp-content\/uploads\/2022\/05\/Kapitalis-big-size.png","contentUrl":"https:\/\/kapitalis.com\/tunisie\/wp-content\/uploads\/2022\/05\/Kapitalis-big-size.png","width":5000,"height":1500,"caption":"Kapitalis"},"image":{"@id":"https:\/\/kapitalis.com\/tunisie\/#\/schema\/logo\/image\/"},"sameAs":["https:\/\/www.facebook.com\/KapitalisInfo\/","https:\/\/x.com\/KapitalisInfo","https:\/\/www.youtube.com\/channel\/UC-yDYrHyfFBWWZaOw3FPg9Q"]},{"@type":"Person","@id":"https:\/\/kapitalis.com\/tunisie\/#\/schema\/person\/b35b8d631961131107263178aeb8019e","name":"Cherif Benyounes","url":"https:\/\/kapitalis.com\/tunisie\/author\/cherif\/"}]}},"_links":{"self":[{"href":"https:\/\/kapitalis.com\/tunisie\/wp-json\/wp\/v2\/posts\/305164","targetHints":{"allow":["GET"]}}],"collection":[{"href":"https:\/\/kapitalis.com\/tunisie\/wp-json\/wp\/v2\/posts"}],"about":[{"href":"https:\/\/kapitalis.com\/tunisie\/wp-json\/wp\/v2\/types\/post"}],"author":[{"embeddable":true,"href":"https:\/\/kapitalis.com\/tunisie\/wp-json\/wp\/v2\/users\/24"}],"replies":[{"embeddable":true,"href":"https:\/\/kapitalis.com\/tunisie\/wp-json\/wp\/v2\/comments?post=305164"}],"version-history":[{"count":0,"href":"https:\/\/kapitalis.com\/tunisie\/wp-json\/wp\/v2\/posts\/305164\/revisions"}],"wp:featuredmedia":[{"embeddable":true,"href":"https:\/\/kapitalis.com\/tunisie\/wp-json\/wp\/v2\/media\/305166"}],"wp:attachment":[{"href":"https:\/\/kapitalis.com\/tunisie\/wp-json\/wp\/v2\/media?parent=305164"}],"wp:term":[{"taxonomy":"category","embeddable":true,"href":"https:\/\/kapitalis.com\/tunisie\/wp-json\/wp\/v2\/categories?post=305164"},{"taxonomy":"post_tag","embeddable":true,"href":"https:\/\/kapitalis.com\/tunisie\/wp-json\/wp\/v2\/tags?post=305164"}],"curies":[{"name":"wp","href":"https:\/\/api.w.org\/{rel}","templated":true}]}}