{"id":305169,"date":"2020-06-25T14:09:42","date_gmt":"2020-06-25T13:09:42","guid":{"rendered":"http:\/\/kapitalis.com\/tunisie\/?p=305169"},"modified":"2020-06-25T14:09:44","modified_gmt":"2020-06-25T13:09:44","slug":"offusques-par-makhlouf-les-journalistes-quittent-le-point-de-presse-de-qalb-tounes-et-al-karama-video","status":"publish","type":"post","link":"https:\/\/kapitalis.com\/tunisie\/2020\/06\/25\/offusques-par-makhlouf-les-journalistes-quittent-le-point-de-presse-de-qalb-tounes-et-al-karama-video\/","title":{"rendered":"Se sentant humili\u00e9s par Makhlouf, les journalistes quittent le point de presse de Qalb Tounes et Al-Karama (Vid\u00e9o)"},"content":{"rendered":"\n<figure class=\"wp-block-image size-large\"><img decoding=\"async\" src=\"http:\/\/kapitalis.com\/tunisie\/wp-content\/uploads\/2020\/06\/makhlouf-pt-presse-Assembl\u00e9e.jpg\" alt=\"\" class=\"wp-image-305176\"\/><\/figure>\n\n\n\n<p><strong><em>Les journalistes ont quitt\u00e9 le point de presse organis\u00e9, aujourd&rsquo;hui, jeudi 25 juin 2020, \u00e0 l&rsquo;Assembl\u00e9e par Qalb Tounes et Al-Karama, estimant que Seifeddine Makhlouf a manqu\u00e9 de respect \u00e0 leurs coll\u00e8gues, notamment ceux de Sky News, Al-Hadath et Al-Arabiya.<\/em><\/strong><\/p>\n\n\n\n<!--more-->\n\n\n\n<p>Le d\u00e9put\u00e9 et pr\u00e9sident du bloc Al-Karama, Seifeddine Makhlouf, venait de prendre la parole lors de ce point de presse organis\u00e9 suite \u00e0 l&rsquo;audition du chef du gouvernement Elyes Falhfakh et \u00e0 lanc\u00e9 ironiquement : <em>\u00abMes amiti\u00e9s \u00e0 tous les m\u00e9dias, essentiellement ceux de Sky News, Al-Hadath et Al-Arabiya, qui ne sont pas l\u00e0 mais me suivent toujours. Ils peuvent aller comme d&rsquo;habitude sur ma page pour y puiser des informations<\/em>\u00bb.<\/p>\n\n\n\n<p>Seifeddine Makhlouf a cit\u00e9 ces m\u00e9dias sur le ton de la moquerie, sachant qu&rsquo;il les a souvent accus\u00e9s de travailler pour des parties \u00e9trang\u00e8res afin de d\u00e9stabiliser le processus d\u00e9mocratique en Tunisie.<\/p>\n\n\n\n<figure class=\"wp-block-embed-facebook wp-block-embed is-type-video is-provider-facebook\"><div class=\"wp-block-embed__wrapper\">\nhttps:\/\/www.facebook.com\/makseif.page\/videos\/272130754037033\/?v=220757418889942\n<\/div><\/figure>\n\n\n\n<p>Sa mauvaise plaisanterie n&rsquo;a pas \u00e9t\u00e9 du go\u00fbt des journalistes qui \u00e9taient pr\u00e9sents au point de presse : \u00ab<em>Il se moque de vos coll\u00e8gues et les d\u00e9nigre et \u00e7a ne fait pas rire du tout\u00bb<\/em>, a lanc\u00e9 l&rsquo;un d&rsquo;eux, appelant \u00e0 boycotter la d\u00e9claration de Seifeddine Makhlouf, avant de quitter la salle.<\/p>\n\n\n\n<p>\u00ab<em>Les journalistes dont vous vous moquez sont nos coll\u00e8gues. Ce n&rsquo;est pas dr\u00f4le !  Ils sont Tunisiens et travaillent avec nous, ceux qui leur portent atteinte, nous portent atteinte \u00e0 nous aussi\u00bb<\/em>, a lanc\u00e9 sa coll\u00e8gue.<\/p>\n\n\n\n<p>Les journalistes se sont lev\u00e9s l&rsquo;un apr\u00e8s l&rsquo;autre, ont retir\u00e9 leurs micros et ont quitt\u00e9 la salle, laissant Makhlouf parler seul\u2026 face \u00e0 un seul micro et \u00e0 sa vid\u00e9o live Facebook, l&rsquo;obligeant \u00e0 \u00e9courter son intervention.<\/p>\n\n\n\n<p>Rappelons que le d\u00e9put\u00e9 islamiste, qui s&rsquo;est sp\u00e9cialis\u00e9 dans la provocation, n&rsquo;en est pas \u00e0 sa premi\u00e8re bourde avec les journalistes, il avait notamment qualifi\u00e9 Haithem Mekki (chroniqueur Mosa\u00efque FM) de \u00ab<em>chien<\/em>\u00bb, et accuse tous ceux qui le critiquent de mercenaires et d&rsquo;ennemis de la r\u00e9volution (sic!)<\/p>\n\n\n\n<p class=\"has-text-align-right\"><strong>Y. N.<\/strong><\/p>\n","protected":false},"excerpt":{"rendered":"<p>Les journalistes ont quitt\u00e9 le point de presse organis\u00e9, aujourd&rsquo;hui, jeudi 25 juin 2020, \u00e0 l&rsquo;Assembl\u00e9e par Qalb Tounes et Al-Karama, estimant que Seifeddine Makhlouf a manqu\u00e9 de respect \u00e0 leurs coll\u00e8gues, notamment ceux de Sky News, Al-Hadath et Al-Arabiya.<\/p>\n","protected":false},"author":6,"featured_media":305176,"comment_status":"open","ping_status":"open","sticky":false,"template":"","format":"standard","meta":{"footnotes":""},"categories":[997,2433,4806],"tags":[],"class_list":["post-305169","post","type-post","status-publish","format-standard","has-post-thumbnail","hentry","category-politique","category-tunisie","category-videos"],"yoast_head":"<!-- This site is optimized with the Yoast SEO plugin v26.6 - https:\/\/yoast.com\/wordpress\/plugins\/seo\/ -->\n<title>Se sentant humili\u00e9s par Makhlouf, les journalistes quittent le point de presse de Qalb Tounes et Al-Karama (Vid\u00e9o) - Kapitalis<\/title>\n<meta name=\"robots\" content=\"index, follow, max-snippet:-1, max-image-preview:large, max-video-preview:-1\" \/>\n<link rel=\"canonical\" href=\"https:\/\/kapitalis.com\/tunisie\/2020\/06\/25\/offusques-par-makhlouf-les-journalistes-quittent-le-point-de-presse-de-qalb-tounes-et-al-karama-video\/\" \/>\n<meta property=\"og:locale\" content=\"fr_FR\" \/>\n<meta property=\"og:type\" content=\"article\" \/>\n<meta property=\"og:title\" content=\"Se sentant humili\u00e9s par Makhlouf, les journalistes quittent le point de presse de Qalb Tounes et Al-Karama (Vid\u00e9o) - Kapitalis\" \/>\n<meta property=\"og:description\" content=\"Les journalistes ont quitt\u00e9 le point de presse organis\u00e9, aujourd&rsquo;hui, jeudi 25 juin 2020, \u00e0 l&rsquo;Assembl\u00e9e par Qalb Tounes et Al-Karama, estimant que Seifeddine Makhlouf a manqu\u00e9 de respect \u00e0 leurs coll\u00e8gues, notamment ceux de Sky News, Al-Hadath et Al-Arabiya.\" \/>\n<meta property=\"og:url\" content=\"https:\/\/kapitalis.com\/tunisie\/2020\/06\/25\/offusques-par-makhlouf-les-journalistes-quittent-le-point-de-presse-de-qalb-tounes-et-al-karama-video\/\" \/>\n<meta property=\"og:site_name\" content=\"Kapitalis\" \/>\n<meta property=\"article:publisher\" content=\"https:\/\/www.facebook.com\/KapitalisInfo\/\" \/>\n<meta property=\"article:published_time\" content=\"2020-06-25T13:09:42+00:00\" \/>\n<meta property=\"article:modified_time\" content=\"2020-06-25T13:09:44+00:00\" \/>\n<meta property=\"og:image\" content=\"https:\/\/kapitalis.com\/tunisie\/wp-content\/uploads\/2022\/05\/kapitalis-logo-fb.png\" \/>\n\t<meta property=\"og:image:width\" content=\"1200\" \/>\n\t<meta property=\"og:image:height\" content=\"630\" \/>\n\t<meta property=\"og:image:type\" content=\"image\/png\" \/>\n<meta name=\"author\" content=\"Yusra NY\" \/>\n<meta name=\"twitter:card\" content=\"summary_large_image\" \/>\n<meta name=\"twitter:creator\" content=\"@KapitalisInfo\" \/>\n<meta name=\"twitter:site\" content=\"@KapitalisInfo\" \/>\n<meta name=\"twitter:label1\" content=\"\u00c9crit par\" \/>\n\t<meta name=\"twitter:data1\" content=\"Yusra NY\" \/>\n\t<meta name=\"twitter:label2\" content=\"Dur\u00e9e de lecture estim\u00e9e\" \/>\n\t<meta name=\"twitter:data2\" content=\"2 minutes\" \/>\n<script type=\"application\/ld+json\" class=\"yoast-schema-graph\">{\"@context\":\"https:\/\/schema.org\",\"@graph\":[{\"@type\":\"Article\",\"@id\":\"https:\/\/kapitalis.com\/tunisie\/2020\/06\/25\/offusques-par-makhlouf-les-journalistes-quittent-le-point-de-presse-de-qalb-tounes-et-al-karama-video\/#article\",\"isPartOf\":{\"@id\":\"https:\/\/kapitalis.com\/tunisie\/2020\/06\/25\/offusques-par-makhlouf-les-journalistes-quittent-le-point-de-presse-de-qalb-tounes-et-al-karama-video\/\"},\"author\":{\"name\":\"Yusra NY\",\"@id\":\"https:\/\/kapitalis.com\/tunisie\/#\/schema\/person\/74bbde0154d49d790a92aaeac5bc01d5\"},\"headline\":\"Se sentant humili\u00e9s par Makhlouf, les journalistes quittent le point de presse de Qalb Tounes et Al-Karama (Vid\u00e9o)\",\"datePublished\":\"2020-06-25T13:09:42+00:00\",\"dateModified\":\"2020-06-25T13:09:44+00:00\",\"mainEntityOfPage\":{\"@id\":\"https:\/\/kapitalis.com\/tunisie\/2020\/06\/25\/offusques-par-makhlouf-les-journalistes-quittent-le-point-de-presse-de-qalb-tounes-et-al-karama-video\/\"},\"wordCount\":356,\"commentCount\":4,\"publisher\":{\"@id\":\"https:\/\/kapitalis.com\/tunisie\/#organization\"},\"image\":{\"@id\":\"https:\/\/kapitalis.com\/tunisie\/2020\/06\/25\/offusques-par-makhlouf-les-journalistes-quittent-le-point-de-presse-de-qalb-tounes-et-al-karama-video\/#primaryimage\"},\"thumbnailUrl\":\"\",\"articleSection\":[\"POLITIQUE\",\"Tunisie\",\"VIDEOS\"],\"inLanguage\":\"fr-FR\",\"potentialAction\":[{\"@type\":\"CommentAction\",\"name\":\"Comment\",\"target\":[\"https:\/\/kapitalis.com\/tunisie\/2020\/06\/25\/offusques-par-makhlouf-les-journalistes-quittent-le-point-de-presse-de-qalb-tounes-et-al-karama-video\/#respond\"]}]},{\"@type\":\"WebPage\",\"@id\":\"https:\/\/kapitalis.com\/tunisie\/2020\/06\/25\/offusques-par-makhlouf-les-journalistes-quittent-le-point-de-presse-de-qalb-tounes-et-al-karama-video\/\",\"url\":\"https:\/\/kapitalis.com\/tunisie\/2020\/06\/25\/offusques-par-makhlouf-les-journalistes-quittent-le-point-de-presse-de-qalb-tounes-et-al-karama-video\/\",\"name\":\"Se sentant humili\u00e9s par Makhlouf, les journalistes quittent le point de presse de Qalb Tounes et Al-Karama (Vid\u00e9o) - Kapitalis\",\"isPartOf\":{\"@id\":\"https:\/\/kapitalis.com\/tunisie\/#website\"},\"primaryImageOfPage\":{\"@id\":\"https:\/\/kapitalis.com\/tunisie\/2020\/06\/25\/offusques-par-makhlouf-les-journalistes-quittent-le-point-de-presse-de-qalb-tounes-et-al-karama-video\/#primaryimage\"},\"image\":{\"@id\":\"https:\/\/kapitalis.com\/tunisie\/2020\/06\/25\/offusques-par-makhlouf-les-journalistes-quittent-le-point-de-presse-de-qalb-tounes-et-al-karama-video\/#primaryimage\"},\"thumbnailUrl\":\"\",\"datePublished\":\"2020-06-25T13:09:42+00:00\",\"dateModified\":\"2020-06-25T13:09:44+00:00\",\"breadcrumb\":{\"@id\":\"https:\/\/kapitalis.com\/tunisie\/2020\/06\/25\/offusques-par-makhlouf-les-journalistes-quittent-le-point-de-presse-de-qalb-tounes-et-al-karama-video\/#breadcrumb\"},\"inLanguage\":\"fr-FR\",\"potentialAction\":[{\"@type\":\"ReadAction\",\"target\":[\"https:\/\/kapitalis.com\/tunisie\/2020\/06\/25\/offusques-par-makhlouf-les-journalistes-quittent-le-point-de-presse-de-qalb-tounes-et-al-karama-video\/\"]}]},{\"@type\":\"ImageObject\",\"inLanguage\":\"fr-FR\",\"@id\":\"https:\/\/kapitalis.com\/tunisie\/2020\/06\/25\/offusques-par-makhlouf-les-journalistes-quittent-le-point-de-presse-de-qalb-tounes-et-al-karama-video\/#primaryimage\",\"url\":\"\",\"contentUrl\":\"\"},{\"@type\":\"BreadcrumbList\",\"@id\":\"https:\/\/kapitalis.com\/tunisie\/2020\/06\/25\/offusques-par-makhlouf-les-journalistes-quittent-le-point-de-presse-de-qalb-tounes-et-al-karama-video\/#breadcrumb\",\"itemListElement\":[{\"@type\":\"ListItem\",\"position\":1,\"name\":\"Accueil\",\"item\":\"https:\/\/kapitalis.com\/tunisie\/\"},{\"@type\":\"ListItem\",\"position\":2,\"name\":\"Se sentant humili\u00e9s par Makhlouf, les journalistes quittent le point de presse de Qalb Tounes et Al-Karama (Vid\u00e9o)\"}]},{\"@type\":\"WebSite\",\"@id\":\"https:\/\/kapitalis.com\/tunisie\/#website\",\"url\":\"https:\/\/kapitalis.com\/tunisie\/\",\"name\":\"Kapitalis\",\"description\":\"L&#039;actualit\u00e9 en Tunisie et dans le monde\",\"publisher\":{\"@id\":\"https:\/\/kapitalis.com\/tunisie\/#organization\"},\"potentialAction\":[{\"@type\":\"SearchAction\",\"target\":{\"@type\":\"EntryPoint\",\"urlTemplate\":\"https:\/\/kapitalis.com\/tunisie\/?s={search_term_string}\"},\"query-input\":{\"@type\":\"PropertyValueSpecification\",\"valueRequired\":true,\"valueName\":\"search_term_string\"}}],\"inLanguage\":\"fr-FR\"},{\"@type\":\"Organization\",\"@id\":\"https:\/\/kapitalis.com\/tunisie\/#organization\",\"name\":\"Kapitalis\",\"url\":\"https:\/\/kapitalis.com\/tunisie\/\",\"logo\":{\"@type\":\"ImageObject\",\"inLanguage\":\"fr-FR\",\"@id\":\"https:\/\/kapitalis.com\/tunisie\/#\/schema\/logo\/image\/\",\"url\":\"https:\/\/kapitalis.com\/tunisie\/wp-content\/uploads\/2022\/05\/Kapitalis-big-size.png\",\"contentUrl\":\"https:\/\/kapitalis.com\/tunisie\/wp-content\/uploads\/2022\/05\/Kapitalis-big-size.png\",\"width\":5000,\"height\":1500,\"caption\":\"Kapitalis\"},\"image\":{\"@id\":\"https:\/\/kapitalis.com\/tunisie\/#\/schema\/logo\/image\/\"},\"sameAs\":[\"https:\/\/www.facebook.com\/KapitalisInfo\/\",\"https:\/\/x.com\/KapitalisInfo\",\"https:\/\/www.youtube.com\/channel\/UC-yDYrHyfFBWWZaOw3FPg9Q\"]},{\"@type\":\"Person\",\"@id\":\"https:\/\/kapitalis.com\/tunisie\/#\/schema\/person\/74bbde0154d49d790a92aaeac5bc01d5\",\"name\":\"Yusra NY\",\"url\":\"https:\/\/kapitalis.com\/tunisie\/author\/yuza_adam\/\"}]}<\/script>\n<!-- \/ Yoast SEO plugin. -->","yoast_head_json":{"title":"Se sentant humili\u00e9s par Makhlouf, les journalistes quittent le point de presse de Qalb Tounes et Al-Karama (Vid\u00e9o) - Kapitalis","robots":{"index":"index","follow":"follow","max-snippet":"max-snippet:-1","max-image-preview":"max-image-preview:large","max-video-preview":"max-video-preview:-1"},"canonical":"https:\/\/kapitalis.com\/tunisie\/2020\/06\/25\/offusques-par-makhlouf-les-journalistes-quittent-le-point-de-presse-de-qalb-tounes-et-al-karama-video\/","og_locale":"fr_FR","og_type":"article","og_title":"Se sentant humili\u00e9s par Makhlouf, les journalistes quittent le point de presse de Qalb Tounes et Al-Karama (Vid\u00e9o) - Kapitalis","og_description":"Les journalistes ont quitt\u00e9 le point de presse organis\u00e9, aujourd&rsquo;hui, jeudi 25 juin 2020, \u00e0 l&rsquo;Assembl\u00e9e par Qalb Tounes et Al-Karama, estimant que Seifeddine Makhlouf a manqu\u00e9 de respect \u00e0 leurs coll\u00e8gues, notamment ceux de Sky News, Al-Hadath et Al-Arabiya.","og_url":"https:\/\/kapitalis.com\/tunisie\/2020\/06\/25\/offusques-par-makhlouf-les-journalistes-quittent-le-point-de-presse-de-qalb-tounes-et-al-karama-video\/","og_site_name":"Kapitalis","article_publisher":"https:\/\/www.facebook.com\/KapitalisInfo\/","article_published_time":"2020-06-25T13:09:42+00:00","article_modified_time":"2020-06-25T13:09:44+00:00","og_image":[{"width":1200,"height":630,"url":"https:\/\/kapitalis.com\/tunisie\/wp-content\/uploads\/2022\/05\/kapitalis-logo-fb.png","type":"image\/png"}],"author":"Yusra NY","twitter_card":"summary_large_image","twitter_creator":"@KapitalisInfo","twitter_site":"@KapitalisInfo","twitter_misc":{"\u00c9crit par":"Yusra NY","Dur\u00e9e de lecture estim\u00e9e":"2 minutes"},"schema":{"@context":"https:\/\/schema.org","@graph":[{"@type":"Article","@id":"https:\/\/kapitalis.com\/tunisie\/2020\/06\/25\/offusques-par-makhlouf-les-journalistes-quittent-le-point-de-presse-de-qalb-tounes-et-al-karama-video\/#article","isPartOf":{"@id":"https:\/\/kapitalis.com\/tunisie\/2020\/06\/25\/offusques-par-makhlouf-les-journalistes-quittent-le-point-de-presse-de-qalb-tounes-et-al-karama-video\/"},"author":{"name":"Yusra NY","@id":"https:\/\/kapitalis.com\/tunisie\/#\/schema\/person\/74bbde0154d49d790a92aaeac5bc01d5"},"headline":"Se sentant humili\u00e9s par Makhlouf, les journalistes quittent le point de presse de Qalb Tounes et Al-Karama (Vid\u00e9o)","datePublished":"2020-06-25T13:09:42+00:00","dateModified":"2020-06-25T13:09:44+00:00","mainEntityOfPage":{"@id":"https:\/\/kapitalis.com\/tunisie\/2020\/06\/25\/offusques-par-makhlouf-les-journalistes-quittent-le-point-de-presse-de-qalb-tounes-et-al-karama-video\/"},"wordCount":356,"commentCount":4,"publisher":{"@id":"https:\/\/kapitalis.com\/tunisie\/#organization"},"image":{"@id":"https:\/\/kapitalis.com\/tunisie\/2020\/06\/25\/offusques-par-makhlouf-les-journalistes-quittent-le-point-de-presse-de-qalb-tounes-et-al-karama-video\/#primaryimage"},"thumbnailUrl":"","articleSection":["POLITIQUE","Tunisie","VIDEOS"],"inLanguage":"fr-FR","potentialAction":[{"@type":"CommentAction","name":"Comment","target":["https:\/\/kapitalis.com\/tunisie\/2020\/06\/25\/offusques-par-makhlouf-les-journalistes-quittent-le-point-de-presse-de-qalb-tounes-et-al-karama-video\/#respond"]}]},{"@type":"WebPage","@id":"https:\/\/kapitalis.com\/tunisie\/2020\/06\/25\/offusques-par-makhlouf-les-journalistes-quittent-le-point-de-presse-de-qalb-tounes-et-al-karama-video\/","url":"https:\/\/kapitalis.com\/tunisie\/2020\/06\/25\/offusques-par-makhlouf-les-journalistes-quittent-le-point-de-presse-de-qalb-tounes-et-al-karama-video\/","name":"Se sentant humili\u00e9s par Makhlouf, les journalistes quittent le point de presse de Qalb Tounes et Al-Karama (Vid\u00e9o) - Kapitalis","isPartOf":{"@id":"https:\/\/kapitalis.com\/tunisie\/#website"},"primaryImageOfPage":{"@id":"https:\/\/kapitalis.com\/tunisie\/2020\/06\/25\/offusques-par-makhlouf-les-journalistes-quittent-le-point-de-presse-de-qalb-tounes-et-al-karama-video\/#primaryimage"},"image":{"@id":"https:\/\/kapitalis.com\/tunisie\/2020\/06\/25\/offusques-par-makhlouf-les-journalistes-quittent-le-point-de-presse-de-qalb-tounes-et-al-karama-video\/#primaryimage"},"thumbnailUrl":"","datePublished":"2020-06-25T13:09:42+00:00","dateModified":"2020-06-25T13:09:44+00:00","breadcrumb":{"@id":"https:\/\/kapitalis.com\/tunisie\/2020\/06\/25\/offusques-par-makhlouf-les-journalistes-quittent-le-point-de-presse-de-qalb-tounes-et-al-karama-video\/#breadcrumb"},"inLanguage":"fr-FR","potentialAction":[{"@type":"ReadAction","target":["https:\/\/kapitalis.com\/tunisie\/2020\/06\/25\/offusques-par-makhlouf-les-journalistes-quittent-le-point-de-presse-de-qalb-tounes-et-al-karama-video\/"]}]},{"@type":"ImageObject","inLanguage":"fr-FR","@id":"https:\/\/kapitalis.com\/tunisie\/2020\/06\/25\/offusques-par-makhlouf-les-journalistes-quittent-le-point-de-presse-de-qalb-tounes-et-al-karama-video\/#primaryimage","url":"","contentUrl":""},{"@type":"BreadcrumbList","@id":"https:\/\/kapitalis.com\/tunisie\/2020\/06\/25\/offusques-par-makhlouf-les-journalistes-quittent-le-point-de-presse-de-qalb-tounes-et-al-karama-video\/#breadcrumb","itemListElement":[{"@type":"ListItem","position":1,"name":"Accueil","item":"https:\/\/kapitalis.com\/tunisie\/"},{"@type":"ListItem","position":2,"name":"Se sentant humili\u00e9s par Makhlouf, les journalistes quittent le point de presse de Qalb Tounes et Al-Karama (Vid\u00e9o)"}]},{"@type":"WebSite","@id":"https:\/\/kapitalis.com\/tunisie\/#website","url":"https:\/\/kapitalis.com\/tunisie\/","name":"Kapitalis","description":"L&#039;actualit\u00e9 en Tunisie et dans le monde","publisher":{"@id":"https:\/\/kapitalis.com\/tunisie\/#organization"},"potentialAction":[{"@type":"SearchAction","target":{"@type":"EntryPoint","urlTemplate":"https:\/\/kapitalis.com\/tunisie\/?s={search_term_string}"},"query-input":{"@type":"PropertyValueSpecification","valueRequired":true,"valueName":"search_term_string"}}],"inLanguage":"fr-FR"},{"@type":"Organization","@id":"https:\/\/kapitalis.com\/tunisie\/#organization","name":"Kapitalis","url":"https:\/\/kapitalis.com\/tunisie\/","logo":{"@type":"ImageObject","inLanguage":"fr-FR","@id":"https:\/\/kapitalis.com\/tunisie\/#\/schema\/logo\/image\/","url":"https:\/\/kapitalis.com\/tunisie\/wp-content\/uploads\/2022\/05\/Kapitalis-big-size.png","contentUrl":"https:\/\/kapitalis.com\/tunisie\/wp-content\/uploads\/2022\/05\/Kapitalis-big-size.png","width":5000,"height":1500,"caption":"Kapitalis"},"image":{"@id":"https:\/\/kapitalis.com\/tunisie\/#\/schema\/logo\/image\/"},"sameAs":["https:\/\/www.facebook.com\/KapitalisInfo\/","https:\/\/x.com\/KapitalisInfo","https:\/\/www.youtube.com\/channel\/UC-yDYrHyfFBWWZaOw3FPg9Q"]},{"@type":"Person","@id":"https:\/\/kapitalis.com\/tunisie\/#\/schema\/person\/74bbde0154d49d790a92aaeac5bc01d5","name":"Yusra NY","url":"https:\/\/kapitalis.com\/tunisie\/author\/yuza_adam\/"}]}},"_links":{"self":[{"href":"https:\/\/kapitalis.com\/tunisie\/wp-json\/wp\/v2\/posts\/305169","targetHints":{"allow":["GET"]}}],"collection":[{"href":"https:\/\/kapitalis.com\/tunisie\/wp-json\/wp\/v2\/posts"}],"about":[{"href":"https:\/\/kapitalis.com\/tunisie\/wp-json\/wp\/v2\/types\/post"}],"author":[{"embeddable":true,"href":"https:\/\/kapitalis.com\/tunisie\/wp-json\/wp\/v2\/users\/6"}],"replies":[{"embeddable":true,"href":"https:\/\/kapitalis.com\/tunisie\/wp-json\/wp\/v2\/comments?post=305169"}],"version-history":[{"count":0,"href":"https:\/\/kapitalis.com\/tunisie\/wp-json\/wp\/v2\/posts\/305169\/revisions"}],"wp:featuredmedia":[{"embeddable":true,"href":"https:\/\/kapitalis.com\/tunisie\/wp-json\/wp\/v2\/media\/305176"}],"wp:attachment":[{"href":"https:\/\/kapitalis.com\/tunisie\/wp-json\/wp\/v2\/media?parent=305169"}],"wp:term":[{"taxonomy":"category","embeddable":true,"href":"https:\/\/kapitalis.com\/tunisie\/wp-json\/wp\/v2\/categories?post=305169"},{"taxonomy":"post_tag","embeddable":true,"href":"https:\/\/kapitalis.com\/tunisie\/wp-json\/wp\/v2\/tags?post=305169"}],"curies":[{"name":"wp","href":"https:\/\/api.w.org\/{rel}","templated":true}]}}