{"id":305323,"date":"2020-06-26T16:55:46","date_gmt":"2020-06-26T15:55:46","guid":{"rendered":"http:\/\/kapitalis.com\/tunisie\/?p=305323"},"modified":"2020-06-26T18:31:47","modified_gmt":"2020-06-26T17:31:47","slug":"lazhar-akremi-elyes-fakhfakh-nest-plus-audible-video","status":"publish","type":"post","link":"https:\/\/kapitalis.com\/tunisie\/2020\/06\/26\/lazhar-akremi-elyes-fakhfakh-nest-plus-audible-video\/","title":{"rendered":"Lazhar Akremi: \u00abElyes Fakhfakh n\u2019est plus audible\u00bb (Vid\u00e9o)"},"content":{"rendered":"\n<figure class=\"wp-block-image size-large\"><img decoding=\"async\" src=\"http:\/\/kapitalis.com\/tunisie\/wp-content\/uploads\/2020\/06\/Elyes-Fakhfakh-Lazhar-Akremi.jpg\" alt=\"\" class=\"wp-image-305325\"\/><\/figure>\n\n\n\n<p><strong><em>Pour l\u2019avocat et homme politique Lazhar Akremi, le Fakhfakh Gate, qui secoue le chef du gouvernent, fait que ce dernier n\u2019est plus audible, il estime que le locataire du Palais de la Kasbah conserve certes le pouvoir mais plus l\u2019autorit\u00e9.<\/em><\/strong><\/p>\n\n\n\n<!--more-->\n\n\n\n<p>S\u2019exprimant sur les ondes de Diwan FM, hier, jeudi 26 juin 2020, M. Akremi est revenu sur le Fakhfakh Gate ou l\u2019affaire de d\u00e9lit d\u2019initi\u00e9 et de conflit d\u2019int\u00e9r\u00eats impliquant Ely\u00e8s Fakhfakh et qui est au centre de l\u2019actualit\u00e9 politique tunisienne. Sans culpabiliser ou innocenter M. Fakhfakh, il a estim\u00e9 que politiquement ce dernier est devenu inaudible.<\/p>\n\n\n\n<p>Tant qu\u2019il est chef de gouvernement, il conservera le pouvoir mais il a perdu l\u2019autorit\u00e9 cens\u00e9e \u00eatre li\u00e9e au pouvoir ex\u00e9cutif qu\u2019il incarne.<\/p>\n\n\n\n<p>Sur un autre plan, M. Akremi a parl\u00e9 de l\u2019avenir politique de M. Fakhfakh. Il a rappel\u00e9 que deux cheminements parall\u00e8les ont vu le jour, le cheminement politique via la commission parlementaire mise en place pour enqu\u00eater sur les soup\u00e7ons de conflits d\u2019int\u00e9r\u00eat au c\u0153ur du Fakhfakh Gate et le cheminement judiciaire suite aux plaintes d\u00e9pos\u00e9 contre M. Fakhfakh par le d\u00e9put\u00e9 Yassine Ayari, celui-l\u00e0 m\u00eame qui avait r\u00e9v\u00e9l\u00e9 l\u2019affaire.<\/p>\n\n\n\n<p>M. Akremi pense que Ka\u00efs Sa\u00efed a d\u00e9j\u00e0 d\u00e9cid\u00e9 de se s\u00e9parer de M. Fakhfakh car son maintien compromettrait sa cr\u00e9dibilit\u00e9 bas\u00e9e sur l\u2019int\u00e9grit\u00e9 et p\u00e9naliserait son projet de r\u00e9publique irr\u00e9prochable. M. Akremi croit savoir que M. Sa\u00efed \u00e0 d\u00e9j\u00e0 choisi le rempla\u00e7ant et c\u2019est une rempla\u00e7ante\u2026<\/p>\n\n\n\n<p>Sinc\u00e8rement, nul ne peut pr\u00e9tendre p\u00e9n\u00e9trer les pens\u00e9es du tr\u00e8s taiseux M. Sa\u00efed; en plus, ce que M. Akremi semble omettre c\u2019est que pour le moment Ennahdha et le tes strat\u00e8ge Rached Ghannouchi, le profil affaibli et sans autorit\u00e9 de M. Fakhfakh leur convient tr\u00e8s bien.<\/p>\n\n\n\n<div class=\"embed\">\n<div class=\"video\">\n<iframe loading=\"lazy\" width=\"560\" height=\"315\" src=\"https:\/\/www.youtube.com\/embed\/51JNtL_cQh8\" frameborder=\"0\" allow=\"accelerometer; autoplay; encrypted-media; gyroscope; picture-in-picture\" allowfullscreen=\"\"><\/iframe>\n<\/div>\n<\/div>\n&nbsp;\n\n\n\n<p class=\"has-text-align-right\"><strong>Imed Bahri<\/strong><\/p>\n","protected":false},"excerpt":{"rendered":"<p>Pour l\u2019avocat et homme politique Lazhar Akremi, le Fakhfakh Gate, qui secoue le chef du gouvernent, fait que ce dernier n\u2019est plus audible, il estime que le locataire du Palais de la Kasbah conserve certes le pouvoir mais plus l\u2019autorit\u00e9.<\/p>\n","protected":false},"author":8,"featured_media":305325,"comment_status":"open","ping_status":"open","sticky":false,"template":"","format":"standard","meta":{"footnotes":""},"categories":[997,2433,4806],"tags":[73109,49543,80152,76012,536,758],"class_list":["post-305323","post","type-post","status-publish","format-standard","has-post-thumbnail","hentry","category-politique","category-tunisie","category-videos","tag-elyes-fakhfakh-2","tag-ennahdha","tag-fakhfakh-gate","tag-kais-saied-2","tag-lazhar-akremi","tag-rached-ghannouchi"],"yoast_head":"<!-- This site is optimized with the Yoast SEO plugin v26.6 - https:\/\/yoast.com\/wordpress\/plugins\/seo\/ -->\n<title>Lazhar Akremi: \u00abElyes Fakhfakh n\u2019est plus audible\u00bb (Vid\u00e9o) - Kapitalis<\/title>\n<meta name=\"robots\" content=\"index, follow, max-snippet:-1, max-image-preview:large, max-video-preview:-1\" \/>\n<link rel=\"canonical\" href=\"https:\/\/kapitalis.com\/tunisie\/2020\/06\/26\/lazhar-akremi-elyes-fakhfakh-nest-plus-audible-video\/\" \/>\n<meta property=\"og:locale\" content=\"fr_FR\" \/>\n<meta property=\"og:type\" content=\"article\" \/>\n<meta property=\"og:title\" content=\"Lazhar Akremi: \u00abElyes Fakhfakh n\u2019est plus audible\u00bb (Vid\u00e9o) - Kapitalis\" \/>\n<meta property=\"og:description\" content=\"Pour l\u2019avocat et homme politique Lazhar Akremi, le Fakhfakh Gate, qui secoue le chef du gouvernent, fait que ce dernier n\u2019est plus audible, il estime que le locataire du Palais de la Kasbah conserve certes le pouvoir mais plus l\u2019autorit\u00e9.\" \/>\n<meta property=\"og:url\" content=\"https:\/\/kapitalis.com\/tunisie\/2020\/06\/26\/lazhar-akremi-elyes-fakhfakh-nest-plus-audible-video\/\" \/>\n<meta property=\"og:site_name\" content=\"Kapitalis\" \/>\n<meta property=\"article:publisher\" content=\"https:\/\/www.facebook.com\/KapitalisInfo\/\" \/>\n<meta property=\"article:published_time\" content=\"2020-06-26T15:55:46+00:00\" \/>\n<meta property=\"article:modified_time\" content=\"2020-06-26T17:31:47+00:00\" \/>\n<meta property=\"og:image\" content=\"https:\/\/kapitalis.com\/tunisie\/wp-content\/uploads\/2022\/05\/kapitalis-logo-fb.png\" \/>\n\t<meta property=\"og:image:width\" content=\"1200\" \/>\n\t<meta property=\"og:image:height\" content=\"630\" \/>\n\t<meta property=\"og:image:type\" content=\"image\/png\" \/>\n<meta name=\"author\" content=\"webmaster kapitalis\" \/>\n<meta name=\"twitter:card\" content=\"summary_large_image\" \/>\n<meta name=\"twitter:creator\" content=\"@KapitalisInfo\" \/>\n<meta name=\"twitter:site\" content=\"@KapitalisInfo\" \/>\n<meta name=\"twitter:label1\" content=\"\u00c9crit par\" \/>\n\t<meta name=\"twitter:data1\" content=\"webmaster kapitalis\" \/>\n\t<meta name=\"twitter:label2\" content=\"Dur\u00e9e de lecture estim\u00e9e\" \/>\n\t<meta name=\"twitter:data2\" content=\"2 minutes\" \/>\n<script type=\"application\/ld+json\" class=\"yoast-schema-graph\">{\"@context\":\"https:\/\/schema.org\",\"@graph\":[{\"@type\":\"Article\",\"@id\":\"https:\/\/kapitalis.com\/tunisie\/2020\/06\/26\/lazhar-akremi-elyes-fakhfakh-nest-plus-audible-video\/#article\",\"isPartOf\":{\"@id\":\"https:\/\/kapitalis.com\/tunisie\/2020\/06\/26\/lazhar-akremi-elyes-fakhfakh-nest-plus-audible-video\/\"},\"author\":{\"name\":\"webmaster kapitalis\",\"@id\":\"https:\/\/kapitalis.com\/tunisie\/#\/schema\/person\/d71f33a9ca44f7bad4698210b480c8e9\"},\"headline\":\"Lazhar Akremi: \u00abElyes Fakhfakh n\u2019est plus audible\u00bb (Vid\u00e9o)\",\"datePublished\":\"2020-06-26T15:55:46+00:00\",\"dateModified\":\"2020-06-26T17:31:47+00:00\",\"mainEntityOfPage\":{\"@id\":\"https:\/\/kapitalis.com\/tunisie\/2020\/06\/26\/lazhar-akremi-elyes-fakhfakh-nest-plus-audible-video\/\"},\"wordCount\":352,\"commentCount\":1,\"publisher\":{\"@id\":\"https:\/\/kapitalis.com\/tunisie\/#organization\"},\"image\":{\"@id\":\"https:\/\/kapitalis.com\/tunisie\/2020\/06\/26\/lazhar-akremi-elyes-fakhfakh-nest-plus-audible-video\/#primaryimage\"},\"thumbnailUrl\":\"\",\"keywords\":[\"Elyes Fakhfakh\",\"Ennahdha\",\"Fakhfakh Gate\",\"Ka\u00efs Sa\u00efed\",\"Lazhar Akremi\",\"Rached Ghannouchi\"],\"articleSection\":[\"POLITIQUE\",\"Tunisie\",\"VIDEOS\"],\"inLanguage\":\"fr-FR\",\"potentialAction\":[{\"@type\":\"CommentAction\",\"name\":\"Comment\",\"target\":[\"https:\/\/kapitalis.com\/tunisie\/2020\/06\/26\/lazhar-akremi-elyes-fakhfakh-nest-plus-audible-video\/#respond\"]}]},{\"@type\":\"WebPage\",\"@id\":\"https:\/\/kapitalis.com\/tunisie\/2020\/06\/26\/lazhar-akremi-elyes-fakhfakh-nest-plus-audible-video\/\",\"url\":\"https:\/\/kapitalis.com\/tunisie\/2020\/06\/26\/lazhar-akremi-elyes-fakhfakh-nest-plus-audible-video\/\",\"name\":\"Lazhar Akremi: \u00abElyes Fakhfakh n\u2019est plus audible\u00bb (Vid\u00e9o) - Kapitalis\",\"isPartOf\":{\"@id\":\"https:\/\/kapitalis.com\/tunisie\/#website\"},\"primaryImageOfPage\":{\"@id\":\"https:\/\/kapitalis.com\/tunisie\/2020\/06\/26\/lazhar-akremi-elyes-fakhfakh-nest-plus-audible-video\/#primaryimage\"},\"image\":{\"@id\":\"https:\/\/kapitalis.com\/tunisie\/2020\/06\/26\/lazhar-akremi-elyes-fakhfakh-nest-plus-audible-video\/#primaryimage\"},\"thumbnailUrl\":\"\",\"datePublished\":\"2020-06-26T15:55:46+00:00\",\"dateModified\":\"2020-06-26T17:31:47+00:00\",\"breadcrumb\":{\"@id\":\"https:\/\/kapitalis.com\/tunisie\/2020\/06\/26\/lazhar-akremi-elyes-fakhfakh-nest-plus-audible-video\/#breadcrumb\"},\"inLanguage\":\"fr-FR\",\"potentialAction\":[{\"@type\":\"ReadAction\",\"target\":[\"https:\/\/kapitalis.com\/tunisie\/2020\/06\/26\/lazhar-akremi-elyes-fakhfakh-nest-plus-audible-video\/\"]}]},{\"@type\":\"ImageObject\",\"inLanguage\":\"fr-FR\",\"@id\":\"https:\/\/kapitalis.com\/tunisie\/2020\/06\/26\/lazhar-akremi-elyes-fakhfakh-nest-plus-audible-video\/#primaryimage\",\"url\":\"\",\"contentUrl\":\"\"},{\"@type\":\"BreadcrumbList\",\"@id\":\"https:\/\/kapitalis.com\/tunisie\/2020\/06\/26\/lazhar-akremi-elyes-fakhfakh-nest-plus-audible-video\/#breadcrumb\",\"itemListElement\":[{\"@type\":\"ListItem\",\"position\":1,\"name\":\"Accueil\",\"item\":\"https:\/\/kapitalis.com\/tunisie\/\"},{\"@type\":\"ListItem\",\"position\":2,\"name\":\"Lazhar Akremi: \u00abElyes Fakhfakh n\u2019est plus audible\u00bb (Vid\u00e9o)\"}]},{\"@type\":\"WebSite\",\"@id\":\"https:\/\/kapitalis.com\/tunisie\/#website\",\"url\":\"https:\/\/kapitalis.com\/tunisie\/\",\"name\":\"Kapitalis\",\"description\":\"L&#039;actualit\u00e9 en Tunisie et dans le monde\",\"publisher\":{\"@id\":\"https:\/\/kapitalis.com\/tunisie\/#organization\"},\"potentialAction\":[{\"@type\":\"SearchAction\",\"target\":{\"@type\":\"EntryPoint\",\"urlTemplate\":\"https:\/\/kapitalis.com\/tunisie\/?s={search_term_string}\"},\"query-input\":{\"@type\":\"PropertyValueSpecification\",\"valueRequired\":true,\"valueName\":\"search_term_string\"}}],\"inLanguage\":\"fr-FR\"},{\"@type\":\"Organization\",\"@id\":\"https:\/\/kapitalis.com\/tunisie\/#organization\",\"name\":\"Kapitalis\",\"url\":\"https:\/\/kapitalis.com\/tunisie\/\",\"logo\":{\"@type\":\"ImageObject\",\"inLanguage\":\"fr-FR\",\"@id\":\"https:\/\/kapitalis.com\/tunisie\/#\/schema\/logo\/image\/\",\"url\":\"https:\/\/kapitalis.com\/tunisie\/wp-content\/uploads\/2022\/05\/Kapitalis-big-size.png\",\"contentUrl\":\"https:\/\/kapitalis.com\/tunisie\/wp-content\/uploads\/2022\/05\/Kapitalis-big-size.png\",\"width\":5000,\"height\":1500,\"caption\":\"Kapitalis\"},\"image\":{\"@id\":\"https:\/\/kapitalis.com\/tunisie\/#\/schema\/logo\/image\/\"},\"sameAs\":[\"https:\/\/www.facebook.com\/KapitalisInfo\/\",\"https:\/\/x.com\/KapitalisInfo\",\"https:\/\/www.youtube.com\/channel\/UC-yDYrHyfFBWWZaOw3FPg9Q\"]},{\"@type\":\"Person\",\"@id\":\"https:\/\/kapitalis.com\/tunisie\/#\/schema\/person\/d71f33a9ca44f7bad4698210b480c8e9\",\"name\":\"webmaster kapitalis\",\"url\":\"https:\/\/kapitalis.com\/tunisie\/author\/webmaster-kapitalis\/\"}]}<\/script>\n<!-- \/ Yoast SEO plugin. -->","yoast_head_json":{"title":"Lazhar Akremi: \u00abElyes Fakhfakh n\u2019est plus audible\u00bb (Vid\u00e9o) - Kapitalis","robots":{"index":"index","follow":"follow","max-snippet":"max-snippet:-1","max-image-preview":"max-image-preview:large","max-video-preview":"max-video-preview:-1"},"canonical":"https:\/\/kapitalis.com\/tunisie\/2020\/06\/26\/lazhar-akremi-elyes-fakhfakh-nest-plus-audible-video\/","og_locale":"fr_FR","og_type":"article","og_title":"Lazhar Akremi: \u00abElyes Fakhfakh n\u2019est plus audible\u00bb (Vid\u00e9o) - Kapitalis","og_description":"Pour l\u2019avocat et homme politique Lazhar Akremi, le Fakhfakh Gate, qui secoue le chef du gouvernent, fait que ce dernier n\u2019est plus audible, il estime que le locataire du Palais de la Kasbah conserve certes le pouvoir mais plus l\u2019autorit\u00e9.","og_url":"https:\/\/kapitalis.com\/tunisie\/2020\/06\/26\/lazhar-akremi-elyes-fakhfakh-nest-plus-audible-video\/","og_site_name":"Kapitalis","article_publisher":"https:\/\/www.facebook.com\/KapitalisInfo\/","article_published_time":"2020-06-26T15:55:46+00:00","article_modified_time":"2020-06-26T17:31:47+00:00","og_image":[{"width":1200,"height":630,"url":"https:\/\/kapitalis.com\/tunisie\/wp-content\/uploads\/2022\/05\/kapitalis-logo-fb.png","type":"image\/png"}],"author":"webmaster kapitalis","twitter_card":"summary_large_image","twitter_creator":"@KapitalisInfo","twitter_site":"@KapitalisInfo","twitter_misc":{"\u00c9crit par":"webmaster kapitalis","Dur\u00e9e de lecture estim\u00e9e":"2 minutes"},"schema":{"@context":"https:\/\/schema.org","@graph":[{"@type":"Article","@id":"https:\/\/kapitalis.com\/tunisie\/2020\/06\/26\/lazhar-akremi-elyes-fakhfakh-nest-plus-audible-video\/#article","isPartOf":{"@id":"https:\/\/kapitalis.com\/tunisie\/2020\/06\/26\/lazhar-akremi-elyes-fakhfakh-nest-plus-audible-video\/"},"author":{"name":"webmaster kapitalis","@id":"https:\/\/kapitalis.com\/tunisie\/#\/schema\/person\/d71f33a9ca44f7bad4698210b480c8e9"},"headline":"Lazhar Akremi: \u00abElyes Fakhfakh n\u2019est plus audible\u00bb (Vid\u00e9o)","datePublished":"2020-06-26T15:55:46+00:00","dateModified":"2020-06-26T17:31:47+00:00","mainEntityOfPage":{"@id":"https:\/\/kapitalis.com\/tunisie\/2020\/06\/26\/lazhar-akremi-elyes-fakhfakh-nest-plus-audible-video\/"},"wordCount":352,"commentCount":1,"publisher":{"@id":"https:\/\/kapitalis.com\/tunisie\/#organization"},"image":{"@id":"https:\/\/kapitalis.com\/tunisie\/2020\/06\/26\/lazhar-akremi-elyes-fakhfakh-nest-plus-audible-video\/#primaryimage"},"thumbnailUrl":"","keywords":["Elyes Fakhfakh","Ennahdha","Fakhfakh Gate","Ka\u00efs Sa\u00efed","Lazhar Akremi","Rached Ghannouchi"],"articleSection":["POLITIQUE","Tunisie","VIDEOS"],"inLanguage":"fr-FR","potentialAction":[{"@type":"CommentAction","name":"Comment","target":["https:\/\/kapitalis.com\/tunisie\/2020\/06\/26\/lazhar-akremi-elyes-fakhfakh-nest-plus-audible-video\/#respond"]}]},{"@type":"WebPage","@id":"https:\/\/kapitalis.com\/tunisie\/2020\/06\/26\/lazhar-akremi-elyes-fakhfakh-nest-plus-audible-video\/","url":"https:\/\/kapitalis.com\/tunisie\/2020\/06\/26\/lazhar-akremi-elyes-fakhfakh-nest-plus-audible-video\/","name":"Lazhar Akremi: \u00abElyes Fakhfakh n\u2019est plus audible\u00bb (Vid\u00e9o) - Kapitalis","isPartOf":{"@id":"https:\/\/kapitalis.com\/tunisie\/#website"},"primaryImageOfPage":{"@id":"https:\/\/kapitalis.com\/tunisie\/2020\/06\/26\/lazhar-akremi-elyes-fakhfakh-nest-plus-audible-video\/#primaryimage"},"image":{"@id":"https:\/\/kapitalis.com\/tunisie\/2020\/06\/26\/lazhar-akremi-elyes-fakhfakh-nest-plus-audible-video\/#primaryimage"},"thumbnailUrl":"","datePublished":"2020-06-26T15:55:46+00:00","dateModified":"2020-06-26T17:31:47+00:00","breadcrumb":{"@id":"https:\/\/kapitalis.com\/tunisie\/2020\/06\/26\/lazhar-akremi-elyes-fakhfakh-nest-plus-audible-video\/#breadcrumb"},"inLanguage":"fr-FR","potentialAction":[{"@type":"ReadAction","target":["https:\/\/kapitalis.com\/tunisie\/2020\/06\/26\/lazhar-akremi-elyes-fakhfakh-nest-plus-audible-video\/"]}]},{"@type":"ImageObject","inLanguage":"fr-FR","@id":"https:\/\/kapitalis.com\/tunisie\/2020\/06\/26\/lazhar-akremi-elyes-fakhfakh-nest-plus-audible-video\/#primaryimage","url":"","contentUrl":""},{"@type":"BreadcrumbList","@id":"https:\/\/kapitalis.com\/tunisie\/2020\/06\/26\/lazhar-akremi-elyes-fakhfakh-nest-plus-audible-video\/#breadcrumb","itemListElement":[{"@type":"ListItem","position":1,"name":"Accueil","item":"https:\/\/kapitalis.com\/tunisie\/"},{"@type":"ListItem","position":2,"name":"Lazhar Akremi: \u00abElyes Fakhfakh n\u2019est plus audible\u00bb (Vid\u00e9o)"}]},{"@type":"WebSite","@id":"https:\/\/kapitalis.com\/tunisie\/#website","url":"https:\/\/kapitalis.com\/tunisie\/","name":"Kapitalis","description":"L&#039;actualit\u00e9 en Tunisie et dans le monde","publisher":{"@id":"https:\/\/kapitalis.com\/tunisie\/#organization"},"potentialAction":[{"@type":"SearchAction","target":{"@type":"EntryPoint","urlTemplate":"https:\/\/kapitalis.com\/tunisie\/?s={search_term_string}"},"query-input":{"@type":"PropertyValueSpecification","valueRequired":true,"valueName":"search_term_string"}}],"inLanguage":"fr-FR"},{"@type":"Organization","@id":"https:\/\/kapitalis.com\/tunisie\/#organization","name":"Kapitalis","url":"https:\/\/kapitalis.com\/tunisie\/","logo":{"@type":"ImageObject","inLanguage":"fr-FR","@id":"https:\/\/kapitalis.com\/tunisie\/#\/schema\/logo\/image\/","url":"https:\/\/kapitalis.com\/tunisie\/wp-content\/uploads\/2022\/05\/Kapitalis-big-size.png","contentUrl":"https:\/\/kapitalis.com\/tunisie\/wp-content\/uploads\/2022\/05\/Kapitalis-big-size.png","width":5000,"height":1500,"caption":"Kapitalis"},"image":{"@id":"https:\/\/kapitalis.com\/tunisie\/#\/schema\/logo\/image\/"},"sameAs":["https:\/\/www.facebook.com\/KapitalisInfo\/","https:\/\/x.com\/KapitalisInfo","https:\/\/www.youtube.com\/channel\/UC-yDYrHyfFBWWZaOw3FPg9Q"]},{"@type":"Person","@id":"https:\/\/kapitalis.com\/tunisie\/#\/schema\/person\/d71f33a9ca44f7bad4698210b480c8e9","name":"webmaster kapitalis","url":"https:\/\/kapitalis.com\/tunisie\/author\/webmaster-kapitalis\/"}]}},"_links":{"self":[{"href":"https:\/\/kapitalis.com\/tunisie\/wp-json\/wp\/v2\/posts\/305323","targetHints":{"allow":["GET"]}}],"collection":[{"href":"https:\/\/kapitalis.com\/tunisie\/wp-json\/wp\/v2\/posts"}],"about":[{"href":"https:\/\/kapitalis.com\/tunisie\/wp-json\/wp\/v2\/types\/post"}],"author":[{"embeddable":true,"href":"https:\/\/kapitalis.com\/tunisie\/wp-json\/wp\/v2\/users\/8"}],"replies":[{"embeddable":true,"href":"https:\/\/kapitalis.com\/tunisie\/wp-json\/wp\/v2\/comments?post=305323"}],"version-history":[{"count":0,"href":"https:\/\/kapitalis.com\/tunisie\/wp-json\/wp\/v2\/posts\/305323\/revisions"}],"wp:featuredmedia":[{"embeddable":true,"href":"https:\/\/kapitalis.com\/tunisie\/wp-json\/wp\/v2\/media\/305325"}],"wp:attachment":[{"href":"https:\/\/kapitalis.com\/tunisie\/wp-json\/wp\/v2\/media?parent=305323"}],"wp:term":[{"taxonomy":"category","embeddable":true,"href":"https:\/\/kapitalis.com\/tunisie\/wp-json\/wp\/v2\/categories?post=305323"},{"taxonomy":"post_tag","embeddable":true,"href":"https:\/\/kapitalis.com\/tunisie\/wp-json\/wp\/v2\/tags?post=305323"}],"curies":[{"name":"wp","href":"https:\/\/api.w.org\/{rel}","templated":true}]}}