{"id":305348,"date":"2020-06-26T17:39:26","date_gmt":"2020-06-26T16:39:26","guid":{"rendered":"http:\/\/kapitalis.com\/tunisie\/?p=305348"},"modified":"2020-06-26T17:39:28","modified_gmt":"2020-06-26T16:39:28","slug":"latnu-lancement-le-prix-lina-ben-mhenni-des-droits-de-lhomme","status":"publish","type":"post","link":"https:\/\/kapitalis.com\/tunisie\/2020\/06\/26\/latnu-lancement-le-prix-lina-ben-mhenni-des-droits-de-lhomme\/","title":{"rendered":"L\u2019ATNU lancement le Prix Lina Ben Mhenni des droits de l\u2019homme"},"content":{"rendered":"\n<figure class=\"wp-block-image size-large\"><img decoding=\"async\" src=\"http:\/\/kapitalis.com\/tunisie\/wp-content\/uploads\/2020\/06\/ATNU-Lina-Ben-Mhenni.jpg\" alt=\"\" class=\"wp-image-305350\"\/><\/figure>\n\n\n\n<p><strong><em>L\u2019Association tunisienne pour les Nations Unies (ATNU) annonce aujourd\u2019hui, vendredi 26 juin 2020, dans un communiqu\u00e9, qu\u2019elle a d\u00e9cid\u00e9 de lancer, avec le soutien du bureau du Haut-commissariat des droits de l\u2019homme \u00e0 Tunis, le Prix Lina Ben Mhenni des droits de l\u2019homme.<\/em><\/strong><\/p>\n\n\n\n<!--more-->\n\n\n\n<p>Ce prix, annuel, distinguera des actions et des projets ayant un impact sur la jeunesse du point de vue de la promotion et de la protection des droits de l\u2019homme dans leur universalit\u00e9, leur interd\u00e9pendance et leur indivisibilit\u00e9.<br>Une attention particuli\u00e8re sera donn\u00e9e aux droits \u00e9conomiques, sociaux et culturels, dans les r\u00e9gions ou en faveur des populations d\u00e9favoris\u00e9es ou des groupes vuln\u00e9rables.<\/p>\n\n\n\n<p>Cr\u00e9\u00e9e en 1963 par feu Mongi Slim, pour d\u00e9fendre et promouvoir, surtout aupr\u00e8s des jeunes, les valeurs et principes de la Charte des Nations Unies, l\u2019ATNU s\u2019efforce, dans ses actions, \u00e0 promouvoir les principes de paix, des droits de l\u2019homme et de d\u00e9veloppement durable.<\/p>\n\n\n\n<p>Le Prix Lina Ben Mhenni des droits de lhomme, qui sera d\u00e9cern\u00e9 le 27 janvier de chaque ann\u00e9e, honorera la m\u00e9moire de la c\u00e9l\u00e8bre blogueuse, d\u00e9c\u00e9d\u00e9e le m\u00eame jour, en cette ann\u00e9e 2020, \u00e0 la fleur de l\u2019\u00e2ge. Il est institu\u00e9 en reconnaissance \u00e0 son engagement ind\u00e9fectible en faveur de l\u2019\u00e9galit\u00e9, de la libert\u00e9, de la non-discrimination et de la justice sociale, et en respect \u00e0 son courage dans la d\u00e9fense des droits de l\u2019homme.<\/p>\n\n\n\n<p>Le r\u00e8glement int\u00e9rieur et les conditions de participation seront publi\u00e9s sur le <a href=\"http:\/\/m.facebook.com\/AssociationTunisiennePourLesNationsUnies\/\" target=\"_blank\" rel=\"noreferrer noopener\">compte facebook de l\u2019ATNU<\/a>. <\/p>\n","protected":false},"excerpt":{"rendered":"<p>L\u2019Association tunisienne pour les Nations Unies (ATNU) annonce aujourd\u2019hui, vendredi 26 juin 2020, dans un communiqu\u00e9, qu\u2019elle a d\u00e9cid\u00e9 de lancer, avec le soutien du bureau du Haut-commissariat des droits de l\u2019homme \u00e0 Tunis, le Prix Lina Ben Mhenni des droits de l\u2019homme.<\/p>\n","protected":false},"author":8,"featured_media":305350,"comment_status":"open","ping_status":"open","sticky":false,"template":"","format":"standard","meta":{"footnotes":""},"categories":[996,998,2433],"tags":[80204,80205,80207,80206],"class_list":["post-305348","post","type-post","status-publish","format-standard","has-post-thumbnail","hentry","category-media","category-societe","category-tunisie","tag-association-tunisienne-pour-les-nations-unies","tag-atnu","tag-haut-commissariat-des-droits-de-lhomme","tag-prix-lina-ben-mhenni"],"yoast_head":"<!-- This site is optimized with the Yoast SEO plugin v26.6 - https:\/\/yoast.com\/wordpress\/plugins\/seo\/ -->\n<title>L\u2019ATNU lancement le Prix Lina Ben Mhenni des droits de l\u2019homme - Kapitalis<\/title>\n<meta name=\"robots\" content=\"index, follow, max-snippet:-1, max-image-preview:large, max-video-preview:-1\" \/>\n<link rel=\"canonical\" href=\"https:\/\/kapitalis.com\/tunisie\/2020\/06\/26\/latnu-lancement-le-prix-lina-ben-mhenni-des-droits-de-lhomme\/\" \/>\n<meta property=\"og:locale\" content=\"fr_FR\" \/>\n<meta property=\"og:type\" content=\"article\" \/>\n<meta property=\"og:title\" content=\"L\u2019ATNU lancement le Prix Lina Ben Mhenni des droits de l\u2019homme - Kapitalis\" \/>\n<meta property=\"og:description\" content=\"L\u2019Association tunisienne pour les Nations Unies (ATNU) annonce aujourd\u2019hui, vendredi 26 juin 2020, dans un communiqu\u00e9, qu\u2019elle a d\u00e9cid\u00e9 de lancer, avec le soutien du bureau du Haut-commissariat des droits de l\u2019homme \u00e0 Tunis, le Prix Lina Ben Mhenni des droits de l\u2019homme.\" \/>\n<meta property=\"og:url\" content=\"https:\/\/kapitalis.com\/tunisie\/2020\/06\/26\/latnu-lancement-le-prix-lina-ben-mhenni-des-droits-de-lhomme\/\" \/>\n<meta property=\"og:site_name\" content=\"Kapitalis\" \/>\n<meta property=\"article:publisher\" content=\"https:\/\/www.facebook.com\/KapitalisInfo\/\" \/>\n<meta property=\"article:published_time\" content=\"2020-06-26T16:39:26+00:00\" \/>\n<meta property=\"article:modified_time\" content=\"2020-06-26T16:39:28+00:00\" \/>\n<meta property=\"og:image\" content=\"https:\/\/kapitalis.com\/tunisie\/wp-content\/uploads\/2022\/05\/kapitalis-logo-fb.png\" \/>\n\t<meta property=\"og:image:width\" content=\"1200\" \/>\n\t<meta property=\"og:image:height\" content=\"630\" \/>\n\t<meta property=\"og:image:type\" content=\"image\/png\" \/>\n<meta name=\"author\" content=\"webmaster kapitalis\" \/>\n<meta name=\"twitter:card\" content=\"summary_large_image\" \/>\n<meta name=\"twitter:creator\" content=\"@KapitalisInfo\" \/>\n<meta name=\"twitter:site\" content=\"@KapitalisInfo\" \/>\n<meta name=\"twitter:label1\" content=\"\u00c9crit par\" \/>\n\t<meta name=\"twitter:data1\" content=\"webmaster kapitalis\" \/>\n\t<meta name=\"twitter:label2\" content=\"Dur\u00e9e de lecture estim\u00e9e\" \/>\n\t<meta name=\"twitter:data2\" content=\"1 minute\" \/>\n<script type=\"application\/ld+json\" class=\"yoast-schema-graph\">{\"@context\":\"https:\/\/schema.org\",\"@graph\":[{\"@type\":\"Article\",\"@id\":\"https:\/\/kapitalis.com\/tunisie\/2020\/06\/26\/latnu-lancement-le-prix-lina-ben-mhenni-des-droits-de-lhomme\/#article\",\"isPartOf\":{\"@id\":\"https:\/\/kapitalis.com\/tunisie\/2020\/06\/26\/latnu-lancement-le-prix-lina-ben-mhenni-des-droits-de-lhomme\/\"},\"author\":{\"name\":\"webmaster kapitalis\",\"@id\":\"https:\/\/kapitalis.com\/tunisie\/#\/schema\/person\/d71f33a9ca44f7bad4698210b480c8e9\"},\"headline\":\"L\u2019ATNU lancement le Prix Lina Ben Mhenni des droits de l\u2019homme\",\"datePublished\":\"2020-06-26T16:39:26+00:00\",\"dateModified\":\"2020-06-26T16:39:28+00:00\",\"mainEntityOfPage\":{\"@id\":\"https:\/\/kapitalis.com\/tunisie\/2020\/06\/26\/latnu-lancement-le-prix-lina-ben-mhenni-des-droits-de-lhomme\/\"},\"wordCount\":283,\"commentCount\":1,\"publisher\":{\"@id\":\"https:\/\/kapitalis.com\/tunisie\/#organization\"},\"image\":{\"@id\":\"https:\/\/kapitalis.com\/tunisie\/2020\/06\/26\/latnu-lancement-le-prix-lina-ben-mhenni-des-droits-de-lhomme\/#primaryimage\"},\"thumbnailUrl\":\"\",\"keywords\":[\"Association tunisienne pour les Nations Unies\",\"ATNU\",\"Haut-commissariat des droits de l\u2019homme\",\"Prix Lina Ben Mhenni\"],\"articleSection\":[\"MEDIA\",\"SOCIETE\",\"Tunisie\"],\"inLanguage\":\"fr-FR\",\"potentialAction\":[{\"@type\":\"CommentAction\",\"name\":\"Comment\",\"target\":[\"https:\/\/kapitalis.com\/tunisie\/2020\/06\/26\/latnu-lancement-le-prix-lina-ben-mhenni-des-droits-de-lhomme\/#respond\"]}]},{\"@type\":\"WebPage\",\"@id\":\"https:\/\/kapitalis.com\/tunisie\/2020\/06\/26\/latnu-lancement-le-prix-lina-ben-mhenni-des-droits-de-lhomme\/\",\"url\":\"https:\/\/kapitalis.com\/tunisie\/2020\/06\/26\/latnu-lancement-le-prix-lina-ben-mhenni-des-droits-de-lhomme\/\",\"name\":\"L\u2019ATNU lancement le Prix Lina Ben Mhenni des droits de l\u2019homme - Kapitalis\",\"isPartOf\":{\"@id\":\"https:\/\/kapitalis.com\/tunisie\/#website\"},\"primaryImageOfPage\":{\"@id\":\"https:\/\/kapitalis.com\/tunisie\/2020\/06\/26\/latnu-lancement-le-prix-lina-ben-mhenni-des-droits-de-lhomme\/#primaryimage\"},\"image\":{\"@id\":\"https:\/\/kapitalis.com\/tunisie\/2020\/06\/26\/latnu-lancement-le-prix-lina-ben-mhenni-des-droits-de-lhomme\/#primaryimage\"},\"thumbnailUrl\":\"\",\"datePublished\":\"2020-06-26T16:39:26+00:00\",\"dateModified\":\"2020-06-26T16:39:28+00:00\",\"breadcrumb\":{\"@id\":\"https:\/\/kapitalis.com\/tunisie\/2020\/06\/26\/latnu-lancement-le-prix-lina-ben-mhenni-des-droits-de-lhomme\/#breadcrumb\"},\"inLanguage\":\"fr-FR\",\"potentialAction\":[{\"@type\":\"ReadAction\",\"target\":[\"https:\/\/kapitalis.com\/tunisie\/2020\/06\/26\/latnu-lancement-le-prix-lina-ben-mhenni-des-droits-de-lhomme\/\"]}]},{\"@type\":\"ImageObject\",\"inLanguage\":\"fr-FR\",\"@id\":\"https:\/\/kapitalis.com\/tunisie\/2020\/06\/26\/latnu-lancement-le-prix-lina-ben-mhenni-des-droits-de-lhomme\/#primaryimage\",\"url\":\"\",\"contentUrl\":\"\"},{\"@type\":\"BreadcrumbList\",\"@id\":\"https:\/\/kapitalis.com\/tunisie\/2020\/06\/26\/latnu-lancement-le-prix-lina-ben-mhenni-des-droits-de-lhomme\/#breadcrumb\",\"itemListElement\":[{\"@type\":\"ListItem\",\"position\":1,\"name\":\"Accueil\",\"item\":\"https:\/\/kapitalis.com\/tunisie\/\"},{\"@type\":\"ListItem\",\"position\":2,\"name\":\"L\u2019ATNU lancement le Prix Lina Ben Mhenni des droits de l\u2019homme\"}]},{\"@type\":\"WebSite\",\"@id\":\"https:\/\/kapitalis.com\/tunisie\/#website\",\"url\":\"https:\/\/kapitalis.com\/tunisie\/\",\"name\":\"Kapitalis\",\"description\":\"L&#039;actualit\u00e9 en Tunisie et dans le monde\",\"publisher\":{\"@id\":\"https:\/\/kapitalis.com\/tunisie\/#organization\"},\"potentialAction\":[{\"@type\":\"SearchAction\",\"target\":{\"@type\":\"EntryPoint\",\"urlTemplate\":\"https:\/\/kapitalis.com\/tunisie\/?s={search_term_string}\"},\"query-input\":{\"@type\":\"PropertyValueSpecification\",\"valueRequired\":true,\"valueName\":\"search_term_string\"}}],\"inLanguage\":\"fr-FR\"},{\"@type\":\"Organization\",\"@id\":\"https:\/\/kapitalis.com\/tunisie\/#organization\",\"name\":\"Kapitalis\",\"url\":\"https:\/\/kapitalis.com\/tunisie\/\",\"logo\":{\"@type\":\"ImageObject\",\"inLanguage\":\"fr-FR\",\"@id\":\"https:\/\/kapitalis.com\/tunisie\/#\/schema\/logo\/image\/\",\"url\":\"https:\/\/kapitalis.com\/tunisie\/wp-content\/uploads\/2022\/05\/Kapitalis-big-size.png\",\"contentUrl\":\"https:\/\/kapitalis.com\/tunisie\/wp-content\/uploads\/2022\/05\/Kapitalis-big-size.png\",\"width\":5000,\"height\":1500,\"caption\":\"Kapitalis\"},\"image\":{\"@id\":\"https:\/\/kapitalis.com\/tunisie\/#\/schema\/logo\/image\/\"},\"sameAs\":[\"https:\/\/www.facebook.com\/KapitalisInfo\/\",\"https:\/\/x.com\/KapitalisInfo\",\"https:\/\/www.youtube.com\/channel\/UC-yDYrHyfFBWWZaOw3FPg9Q\"]},{\"@type\":\"Person\",\"@id\":\"https:\/\/kapitalis.com\/tunisie\/#\/schema\/person\/d71f33a9ca44f7bad4698210b480c8e9\",\"name\":\"webmaster kapitalis\",\"url\":\"https:\/\/kapitalis.com\/tunisie\/author\/webmaster-kapitalis\/\"}]}<\/script>\n<!-- \/ Yoast SEO plugin. -->","yoast_head_json":{"title":"L\u2019ATNU lancement le Prix Lina Ben Mhenni des droits de l\u2019homme - Kapitalis","robots":{"index":"index","follow":"follow","max-snippet":"max-snippet:-1","max-image-preview":"max-image-preview:large","max-video-preview":"max-video-preview:-1"},"canonical":"https:\/\/kapitalis.com\/tunisie\/2020\/06\/26\/latnu-lancement-le-prix-lina-ben-mhenni-des-droits-de-lhomme\/","og_locale":"fr_FR","og_type":"article","og_title":"L\u2019ATNU lancement le Prix Lina Ben Mhenni des droits de l\u2019homme - Kapitalis","og_description":"L\u2019Association tunisienne pour les Nations Unies (ATNU) annonce aujourd\u2019hui, vendredi 26 juin 2020, dans un communiqu\u00e9, qu\u2019elle a d\u00e9cid\u00e9 de lancer, avec le soutien du bureau du Haut-commissariat des droits de l\u2019homme \u00e0 Tunis, le Prix Lina Ben Mhenni des droits de l\u2019homme.","og_url":"https:\/\/kapitalis.com\/tunisie\/2020\/06\/26\/latnu-lancement-le-prix-lina-ben-mhenni-des-droits-de-lhomme\/","og_site_name":"Kapitalis","article_publisher":"https:\/\/www.facebook.com\/KapitalisInfo\/","article_published_time":"2020-06-26T16:39:26+00:00","article_modified_time":"2020-06-26T16:39:28+00:00","og_image":[{"width":1200,"height":630,"url":"https:\/\/kapitalis.com\/tunisie\/wp-content\/uploads\/2022\/05\/kapitalis-logo-fb.png","type":"image\/png"}],"author":"webmaster kapitalis","twitter_card":"summary_large_image","twitter_creator":"@KapitalisInfo","twitter_site":"@KapitalisInfo","twitter_misc":{"\u00c9crit par":"webmaster kapitalis","Dur\u00e9e de lecture estim\u00e9e":"1 minute"},"schema":{"@context":"https:\/\/schema.org","@graph":[{"@type":"Article","@id":"https:\/\/kapitalis.com\/tunisie\/2020\/06\/26\/latnu-lancement-le-prix-lina-ben-mhenni-des-droits-de-lhomme\/#article","isPartOf":{"@id":"https:\/\/kapitalis.com\/tunisie\/2020\/06\/26\/latnu-lancement-le-prix-lina-ben-mhenni-des-droits-de-lhomme\/"},"author":{"name":"webmaster kapitalis","@id":"https:\/\/kapitalis.com\/tunisie\/#\/schema\/person\/d71f33a9ca44f7bad4698210b480c8e9"},"headline":"L\u2019ATNU lancement le Prix Lina Ben Mhenni des droits de l\u2019homme","datePublished":"2020-06-26T16:39:26+00:00","dateModified":"2020-06-26T16:39:28+00:00","mainEntityOfPage":{"@id":"https:\/\/kapitalis.com\/tunisie\/2020\/06\/26\/latnu-lancement-le-prix-lina-ben-mhenni-des-droits-de-lhomme\/"},"wordCount":283,"commentCount":1,"publisher":{"@id":"https:\/\/kapitalis.com\/tunisie\/#organization"},"image":{"@id":"https:\/\/kapitalis.com\/tunisie\/2020\/06\/26\/latnu-lancement-le-prix-lina-ben-mhenni-des-droits-de-lhomme\/#primaryimage"},"thumbnailUrl":"","keywords":["Association tunisienne pour les Nations Unies","ATNU","Haut-commissariat des droits de l\u2019homme","Prix Lina Ben Mhenni"],"articleSection":["MEDIA","SOCIETE","Tunisie"],"inLanguage":"fr-FR","potentialAction":[{"@type":"CommentAction","name":"Comment","target":["https:\/\/kapitalis.com\/tunisie\/2020\/06\/26\/latnu-lancement-le-prix-lina-ben-mhenni-des-droits-de-lhomme\/#respond"]}]},{"@type":"WebPage","@id":"https:\/\/kapitalis.com\/tunisie\/2020\/06\/26\/latnu-lancement-le-prix-lina-ben-mhenni-des-droits-de-lhomme\/","url":"https:\/\/kapitalis.com\/tunisie\/2020\/06\/26\/latnu-lancement-le-prix-lina-ben-mhenni-des-droits-de-lhomme\/","name":"L\u2019ATNU lancement le Prix Lina Ben Mhenni des droits de l\u2019homme - Kapitalis","isPartOf":{"@id":"https:\/\/kapitalis.com\/tunisie\/#website"},"primaryImageOfPage":{"@id":"https:\/\/kapitalis.com\/tunisie\/2020\/06\/26\/latnu-lancement-le-prix-lina-ben-mhenni-des-droits-de-lhomme\/#primaryimage"},"image":{"@id":"https:\/\/kapitalis.com\/tunisie\/2020\/06\/26\/latnu-lancement-le-prix-lina-ben-mhenni-des-droits-de-lhomme\/#primaryimage"},"thumbnailUrl":"","datePublished":"2020-06-26T16:39:26+00:00","dateModified":"2020-06-26T16:39:28+00:00","breadcrumb":{"@id":"https:\/\/kapitalis.com\/tunisie\/2020\/06\/26\/latnu-lancement-le-prix-lina-ben-mhenni-des-droits-de-lhomme\/#breadcrumb"},"inLanguage":"fr-FR","potentialAction":[{"@type":"ReadAction","target":["https:\/\/kapitalis.com\/tunisie\/2020\/06\/26\/latnu-lancement-le-prix-lina-ben-mhenni-des-droits-de-lhomme\/"]}]},{"@type":"ImageObject","inLanguage":"fr-FR","@id":"https:\/\/kapitalis.com\/tunisie\/2020\/06\/26\/latnu-lancement-le-prix-lina-ben-mhenni-des-droits-de-lhomme\/#primaryimage","url":"","contentUrl":""},{"@type":"BreadcrumbList","@id":"https:\/\/kapitalis.com\/tunisie\/2020\/06\/26\/latnu-lancement-le-prix-lina-ben-mhenni-des-droits-de-lhomme\/#breadcrumb","itemListElement":[{"@type":"ListItem","position":1,"name":"Accueil","item":"https:\/\/kapitalis.com\/tunisie\/"},{"@type":"ListItem","position":2,"name":"L\u2019ATNU lancement le Prix Lina Ben Mhenni des droits de l\u2019homme"}]},{"@type":"WebSite","@id":"https:\/\/kapitalis.com\/tunisie\/#website","url":"https:\/\/kapitalis.com\/tunisie\/","name":"Kapitalis","description":"L&#039;actualit\u00e9 en Tunisie et dans le monde","publisher":{"@id":"https:\/\/kapitalis.com\/tunisie\/#organization"},"potentialAction":[{"@type":"SearchAction","target":{"@type":"EntryPoint","urlTemplate":"https:\/\/kapitalis.com\/tunisie\/?s={search_term_string}"},"query-input":{"@type":"PropertyValueSpecification","valueRequired":true,"valueName":"search_term_string"}}],"inLanguage":"fr-FR"},{"@type":"Organization","@id":"https:\/\/kapitalis.com\/tunisie\/#organization","name":"Kapitalis","url":"https:\/\/kapitalis.com\/tunisie\/","logo":{"@type":"ImageObject","inLanguage":"fr-FR","@id":"https:\/\/kapitalis.com\/tunisie\/#\/schema\/logo\/image\/","url":"https:\/\/kapitalis.com\/tunisie\/wp-content\/uploads\/2022\/05\/Kapitalis-big-size.png","contentUrl":"https:\/\/kapitalis.com\/tunisie\/wp-content\/uploads\/2022\/05\/Kapitalis-big-size.png","width":5000,"height":1500,"caption":"Kapitalis"},"image":{"@id":"https:\/\/kapitalis.com\/tunisie\/#\/schema\/logo\/image\/"},"sameAs":["https:\/\/www.facebook.com\/KapitalisInfo\/","https:\/\/x.com\/KapitalisInfo","https:\/\/www.youtube.com\/channel\/UC-yDYrHyfFBWWZaOw3FPg9Q"]},{"@type":"Person","@id":"https:\/\/kapitalis.com\/tunisie\/#\/schema\/person\/d71f33a9ca44f7bad4698210b480c8e9","name":"webmaster kapitalis","url":"https:\/\/kapitalis.com\/tunisie\/author\/webmaster-kapitalis\/"}]}},"_links":{"self":[{"href":"https:\/\/kapitalis.com\/tunisie\/wp-json\/wp\/v2\/posts\/305348","targetHints":{"allow":["GET"]}}],"collection":[{"href":"https:\/\/kapitalis.com\/tunisie\/wp-json\/wp\/v2\/posts"}],"about":[{"href":"https:\/\/kapitalis.com\/tunisie\/wp-json\/wp\/v2\/types\/post"}],"author":[{"embeddable":true,"href":"https:\/\/kapitalis.com\/tunisie\/wp-json\/wp\/v2\/users\/8"}],"replies":[{"embeddable":true,"href":"https:\/\/kapitalis.com\/tunisie\/wp-json\/wp\/v2\/comments?post=305348"}],"version-history":[{"count":0,"href":"https:\/\/kapitalis.com\/tunisie\/wp-json\/wp\/v2\/posts\/305348\/revisions"}],"wp:featuredmedia":[{"embeddable":true,"href":"https:\/\/kapitalis.com\/tunisie\/wp-json\/wp\/v2\/media\/305350"}],"wp:attachment":[{"href":"https:\/\/kapitalis.com\/tunisie\/wp-json\/wp\/v2\/media?parent=305348"}],"wp:term":[{"taxonomy":"category","embeddable":true,"href":"https:\/\/kapitalis.com\/tunisie\/wp-json\/wp\/v2\/categories?post=305348"},{"taxonomy":"post_tag","embeddable":true,"href":"https:\/\/kapitalis.com\/tunisie\/wp-json\/wp\/v2\/tags?post=305348"}],"curies":[{"name":"wp","href":"https:\/\/api.w.org\/{rel}","templated":true}]}}