{"id":305442,"date":"2020-06-27T14:51:58","date_gmt":"2020-06-27T13:51:58","guid":{"rendered":"http:\/\/kapitalis.com\/tunisie\/?p=305442"},"modified":"2020-06-27T14:52:00","modified_gmt":"2020-06-27T13:52:00","slug":"tunisie-quelle-suite-donnera-le-pole-financier-a-laffaire-fakhfakh-gate","status":"publish","type":"post","link":"https:\/\/kapitalis.com\/tunisie\/2020\/06\/27\/tunisie-quelle-suite-donnera-le-pole-financier-a-laffaire-fakhfakh-gate\/","title":{"rendered":"Tunisie : Quelle suite donnera le p\u00f4le financier \u00e0 l\u2019affaire Fakhfakh Gate ?"},"content":{"rendered":"\n<figure class=\"wp-block-image size-large\"><img decoding=\"async\" src=\"http:\/\/kapitalis.com\/tunisie\/wp-content\/uploads\/2020\/06\/Elyes-Fakhfakh-Pole-judiciaire-financier.jpg\" alt=\"\" class=\"wp-image-305443\"\/><\/figure>\n\n\n\n<p><strong><em>La justice tunisienne s\u2019est saisie de l\u2019affaire dite de Fakhfakh Gate, ayant d\u00e9fray\u00e9 la chronique cette semaine, mais il reste \u00e0 esp\u00e9rer que le dossier ne finira pas dans un tiroir, lorsqu\u2019il perdra tout int\u00e9r\u00eat aux yeux de toutes les parties prenantes politique\u2026<\/em><\/strong><\/p>\n\n\n\n<p>Par<strong> Imed Bahri<\/strong><\/p>\n\n\n\n<!--more-->\n\n\n\n<p>Le substitut du procureur de la R\u00e9publique Mohsen Dali a annonc\u00e9, dans une d\u00e9claration au quotidien arabophone <em>\u2018\u2018Le Maghreb\u2019\u2019 <\/em>dans son \u00e9dition de ce matin, samedi 27 juin 2020, que le p\u00f4le judiciaire financier s\u2019est saisi du dossier de conflit d\u2019int\u00e9r\u00eats qui concerne le chef du gouvernement Elyes Fakhfakh.<\/p>\n\n\n\n<p>L\u2019affaire politico-financi\u00e8re est entre les mains de la justice et pr\u00e9cis\u00e9ment le p\u00f4le judiciaire financier qui s\u2019en est saisi suite \u00e0 la plainte d\u00e9pos\u00e9e par le d\u00e9put\u00e9 Yassine Ayari contre le chef du gouvernement Elyes Fakhfakh en se basant sur l\u2019information relay\u00e9e par le site officiel de l\u2019octroi des march\u00e9s publics.<\/p>\n\n\n\n<h3 class=\"wp-block-heading\">Ce genre d\u2019affaires requi\u00e8re du temps, dit le procureur<\/h3>\n\n\n\n<p>C\u2019est ce qu\u2019a indiqu\u00e9 M. Dali, substitut du procureur de la R\u00e9publique, qui a ajout\u00e9 que la d\u00e9position de M. Ayari a \u00e9t\u00e9 entendue les deux derniers jours par le p\u00f4le judiciaire financier. Il a toutefois pr\u00e9cis\u00e9 que ce genre d\u2019affaires requi\u00e8re du temps.<\/p>\n\n\n\n<p>Sur un autre plan, il est revenu sur l\u2019affaire concernant l\u2019octroi par le ministre de l\u2019Industrie Salah Ben Youssef du march\u00e9 de confection de 2 millions de masques \u00e0 l\u2019usine du d\u00e9put\u00e9 Al-Badil Jalel Zayati sans appel d\u2019offres, dite <em>\u00abaffaire des bavettes\u00bb<\/em>, indiquant que le p\u00f4le judiciaire financier s\u2019en est \u00e9galement charg\u00e9.<\/p>\n\n\n\n<p>Rappelons que l&rsquo;Instance nationale de lutte contre la corruption (Inlucc), alert\u00e9e par des industriels et des artisans du textile, a enqu\u00eat\u00e9 sur des suspicions de corruption et de conflits d\u2019int\u00e9r\u00eats, dans cette affaire pour la transf\u00e9rer ensuite au procureur de la R\u00e9publique aupr\u00e8s du Tribunal de premi\u00e8re instance de Tunis. Le ministre et le d\u00e9put\u00e9 se sont excus\u00e9s apr\u00e8s coup mais la Justice doit suivre son cours.<\/p>\n\n\n\n<h3 class=\"wp-block-heading\">Des affaires \u00e9gar\u00e9es dans les m\u00e9andres de la justice<\/h3>\n\n\n\n<p>Esp\u00e9rons aussi bien pour cette affaire, celle du Fakhfakh Gate ainsi que toutes les affaires politico-financi\u00e8res, qu\u2019elles aboutissent sans s\u2019\u00e9terniser et sans \u00eatre enterr\u00e9es par on ne sait quel miracle.<\/p>\n\n\n\n<p>Car jusque-l\u00e0, dans ce genre d\u2019affaires, la justice tunisienne n\u2019a pas montr\u00e9 une grande c\u00e9l\u00e9rit\u00e9, si elle n\u2019a pas, d\u2019une mani\u00e8re ou d\u2019une autre, contribu\u00e9 \u00e0 l\u2019omerta qui, g\u00e9n\u00e9ralement, les entoure notamment lorsqu\u2019il s\u2019agit d\u2019acteurs politiques.<\/p>\n\n\n\n<p>Les exemples des affaires \u00e9gar\u00e9es dans les m\u00e9andres de la justice et dont on ne sait plus si elles sont en cours ou d\u00e9j\u00e0 enterr\u00e9es d\u00e9finitivement ne manquent pas. La liste est tr\u00e8s longue mais on en citera celles dites du Sheraton Gate et du don chinois, impliquant Rafik Abdessalem Bouchlaka, gendre de Rached Ghannouchi, le pr\u00e9sident d\u2019Ennahdha et de l\u2019Assembl\u00e9e des repr\u00e9sentants du peuple (ARP), de Nabil Karoui, magnat de la t\u00e9l\u00e9vision et de la publicit\u00e9 et pr\u00e9sident du parti Qalb Tounes, et son fr\u00e8re et associ\u00e9 Ghazi Karoui, poursuivis pour \u00e9vasion fiscale, corruption financi\u00e8re et blanchiment d\u2019argent, ou encore de Slim Riahi, l\u2019ancien pr\u00e9sident de l\u2019Union patriotique libre (UPL) et du Club africain, en fuite \u00e0 l\u2019\u00e9tranger depuis janvier 2019.<\/p>\n\n\n\n<p>Rappelons, par ailleurs, que Fakhfakh Gate fait l&rsquo;objet de trois enqu\u00eates. Outre celle cens\u00e9e \u00eatre ouverte par le P\u00f4le judiciaire financier, il y a aussi une enqu\u00eate parlementaire et une autre administrative. Trois <em>\u00abenterrements\u00bb<\/em> en perspective, diraient les mauvaises langues&#8230;    <\/p>\n\n\n\n<figure class=\"wp-block-embed-wordpress wp-block-embed is-type-wp-embed is-provider-kapitalis\"><div class=\"wp-block-embed__wrapper\">\n<blockquote class=\"wp-embedded-content\" data-secret=\"HMnJQ7PCD6\"><a href=\"https:\/\/kapitalis.com\/tunisie\/2020\/06\/26\/fakhfakh-gate-le-yabta-chwaya-ajoute-de-larrogance-a-laffaire-politico-financiere\/\">Fakhfakh Gate: Le \u00abyabta chwaya\u00bb ajoute de l&rsquo;arrogance \u00e0 l&rsquo;affaire politico-financi\u00e8re<\/a><\/blockquote><iframe loading=\"lazy\" class=\"wp-embedded-content\" sandbox=\"allow-scripts\" security=\"restricted\" style=\"position: absolute; clip: rect(1px, 1px, 1px, 1px);\" title=\"\u00ab\u00a0Fakhfakh Gate: Le \u00abyabta chwaya\u00bb ajoute de l&rsquo;arrogance \u00e0 l&rsquo;affaire politico-financi\u00e8re\u00a0\u00bb &#8212; Kapitalis\" src=\"https:\/\/kapitalis.com\/tunisie\/2020\/06\/26\/fakhfakh-gate-le-yabta-chwaya-ajoute-de-larrogance-a-laffaire-politico-financiere\/embed\/#?secret=oYRHfjNvlF#?secret=HMnJQ7PCD6\" data-secret=\"HMnJQ7PCD6\" width=\"600\" height=\"338\" frameborder=\"0\" marginwidth=\"0\" marginheight=\"0\" scrolling=\"no\"><\/iframe>\n<\/div><\/figure>\n\n\n\n<figure class=\"wp-block-embed-wordpress wp-block-embed is-type-wp-embed is-provider-kapitalis\"><div class=\"wp-block-embed__wrapper\">\n<blockquote class=\"wp-embedded-content\" data-secret=\"TtS4KFirPK\"><a href=\"https:\/\/kapitalis.com\/tunisie\/2020\/06\/25\/covid-19-en-tunisie-fakhfakh-tombe-les-masques-de-son-gouvernement\/\">Covid-19 en Tunisie : Fakhfakh tombe les masques de son gouvernement<\/a><\/blockquote><iframe loading=\"lazy\" class=\"wp-embedded-content\" sandbox=\"allow-scripts\" security=\"restricted\" style=\"position: absolute; clip: rect(1px, 1px, 1px, 1px);\" title=\"\u00ab\u00a0Covid-19 en Tunisie : Fakhfakh tombe les masques de son gouvernement\u00a0\u00bb &#8212; Kapitalis\" src=\"https:\/\/kapitalis.com\/tunisie\/2020\/06\/25\/covid-19-en-tunisie-fakhfakh-tombe-les-masques-de-son-gouvernement\/embed\/#?secret=0BN05gej2V#?secret=TtS4KFirPK\" data-secret=\"TtS4KFirPK\" width=\"600\" height=\"338\" frameborder=\"0\" marginwidth=\"0\" marginheight=\"0\" scrolling=\"no\"><\/iframe>\n<\/div><\/figure>\n","protected":false},"excerpt":{"rendered":"<p>La justice tunisienne s\u2019est saisie de l\u2019affaire dite de Fakhfakh Gate, ayant d\u00e9fray\u00e9 la chronique cette semaine, mais il reste \u00e0 esp\u00e9rer que le dossier ne finira pas dans un tiroir, lorsqu\u2019il perdra tout int\u00e9r\u00eat aux yeux de toutes les parties prenantes politique\u2026 Par Imed Bahri<\/p>\n","protected":false},"author":8,"featured_media":305443,"comment_status":"open","ping_status":"open","sticky":false,"template":"","format":"standard","meta":{"footnotes":""},"categories":[992,997,2433],"tags":[73109,80152,72934,80240,651,17298,1642],"class_list":["post-305442","post","type-post","status-publish","format-standard","has-post-thumbnail","hentry","category-a-la-une","category-politique","category-tunisie","tag-elyes-fakhfakh-2","tag-fakhfakh-gate","tag-justice-tunisienne","tag-mohsen-dali","tag-nabil-karoui","tag-pole-judiciaire-financier","tag-slim-riahi"],"yoast_head":"<!-- This site is optimized with the Yoast SEO plugin v26.6 - https:\/\/yoast.com\/wordpress\/plugins\/seo\/ -->\n<title>Tunisie : Quelle suite donnera le p\u00f4le financier \u00e0 l\u2019affaire Fakhfakh Gate ? - Kapitalis<\/title>\n<meta name=\"robots\" content=\"index, follow, max-snippet:-1, max-image-preview:large, max-video-preview:-1\" \/>\n<link rel=\"canonical\" href=\"https:\/\/kapitalis.com\/tunisie\/2020\/06\/27\/tunisie-quelle-suite-donnera-le-pole-financier-a-laffaire-fakhfakh-gate\/\" \/>\n<meta property=\"og:locale\" content=\"fr_FR\" \/>\n<meta property=\"og:type\" content=\"article\" \/>\n<meta property=\"og:title\" content=\"Tunisie : Quelle suite donnera le p\u00f4le financier \u00e0 l\u2019affaire Fakhfakh Gate ? - Kapitalis\" \/>\n<meta property=\"og:description\" content=\"La justice tunisienne s\u2019est saisie de l\u2019affaire dite de Fakhfakh Gate, ayant d\u00e9fray\u00e9 la chronique cette semaine, mais il reste \u00e0 esp\u00e9rer que le dossier ne finira pas dans un tiroir, lorsqu\u2019il perdra tout int\u00e9r\u00eat aux yeux de toutes les parties prenantes politique\u2026 Par Imed Bahri\" \/>\n<meta property=\"og:url\" content=\"https:\/\/kapitalis.com\/tunisie\/2020\/06\/27\/tunisie-quelle-suite-donnera-le-pole-financier-a-laffaire-fakhfakh-gate\/\" \/>\n<meta property=\"og:site_name\" content=\"Kapitalis\" \/>\n<meta property=\"article:publisher\" content=\"https:\/\/www.facebook.com\/KapitalisInfo\/\" \/>\n<meta property=\"article:published_time\" content=\"2020-06-27T13:51:58+00:00\" \/>\n<meta property=\"article:modified_time\" content=\"2020-06-27T13:52:00+00:00\" \/>\n<meta property=\"og:image\" content=\"https:\/\/kapitalis.com\/tunisie\/wp-content\/uploads\/2022\/05\/kapitalis-logo-fb.png\" \/>\n\t<meta property=\"og:image:width\" content=\"1200\" \/>\n\t<meta property=\"og:image:height\" content=\"630\" \/>\n\t<meta property=\"og:image:type\" content=\"image\/png\" \/>\n<meta name=\"author\" content=\"webmaster kapitalis\" \/>\n<meta name=\"twitter:card\" content=\"summary_large_image\" \/>\n<meta name=\"twitter:creator\" content=\"@KapitalisInfo\" \/>\n<meta name=\"twitter:site\" content=\"@KapitalisInfo\" \/>\n<meta name=\"twitter:label1\" content=\"\u00c9crit par\" \/>\n\t<meta name=\"twitter:data1\" content=\"webmaster kapitalis\" \/>\n\t<meta name=\"twitter:label2\" content=\"Dur\u00e9e de lecture estim\u00e9e\" \/>\n\t<meta name=\"twitter:data2\" content=\"3 minutes\" \/>\n<script type=\"application\/ld+json\" class=\"yoast-schema-graph\">{\"@context\":\"https:\/\/schema.org\",\"@graph\":[{\"@type\":\"Article\",\"@id\":\"https:\/\/kapitalis.com\/tunisie\/2020\/06\/27\/tunisie-quelle-suite-donnera-le-pole-financier-a-laffaire-fakhfakh-gate\/#article\",\"isPartOf\":{\"@id\":\"https:\/\/kapitalis.com\/tunisie\/2020\/06\/27\/tunisie-quelle-suite-donnera-le-pole-financier-a-laffaire-fakhfakh-gate\/\"},\"author\":{\"name\":\"webmaster kapitalis\",\"@id\":\"https:\/\/kapitalis.com\/tunisie\/#\/schema\/person\/d71f33a9ca44f7bad4698210b480c8e9\"},\"headline\":\"Tunisie : Quelle suite donnera le p\u00f4le financier \u00e0 l\u2019affaire Fakhfakh Gate ?\",\"datePublished\":\"2020-06-27T13:51:58+00:00\",\"dateModified\":\"2020-06-27T13:52:00+00:00\",\"mainEntityOfPage\":{\"@id\":\"https:\/\/kapitalis.com\/tunisie\/2020\/06\/27\/tunisie-quelle-suite-donnera-le-pole-financier-a-laffaire-fakhfakh-gate\/\"},\"wordCount\":672,\"commentCount\":3,\"publisher\":{\"@id\":\"https:\/\/kapitalis.com\/tunisie\/#organization\"},\"image\":{\"@id\":\"https:\/\/kapitalis.com\/tunisie\/2020\/06\/27\/tunisie-quelle-suite-donnera-le-pole-financier-a-laffaire-fakhfakh-gate\/#primaryimage\"},\"thumbnailUrl\":\"\",\"keywords\":[\"Elyes Fakhfakh\",\"Fakhfakh Gate\",\"justice tunisienne\",\"Mohsen Dali\",\"Nabil Karoui\",\"P\u00f4le judiciaire financier\",\"Slim Riahi\"],\"articleSection\":[\"A LA UNE\",\"POLITIQUE\",\"Tunisie\"],\"inLanguage\":\"fr-FR\",\"potentialAction\":[{\"@type\":\"CommentAction\",\"name\":\"Comment\",\"target\":[\"https:\/\/kapitalis.com\/tunisie\/2020\/06\/27\/tunisie-quelle-suite-donnera-le-pole-financier-a-laffaire-fakhfakh-gate\/#respond\"]}]},{\"@type\":\"WebPage\",\"@id\":\"https:\/\/kapitalis.com\/tunisie\/2020\/06\/27\/tunisie-quelle-suite-donnera-le-pole-financier-a-laffaire-fakhfakh-gate\/\",\"url\":\"https:\/\/kapitalis.com\/tunisie\/2020\/06\/27\/tunisie-quelle-suite-donnera-le-pole-financier-a-laffaire-fakhfakh-gate\/\",\"name\":\"Tunisie : Quelle suite donnera le p\u00f4le financier \u00e0 l\u2019affaire Fakhfakh Gate ? - Kapitalis\",\"isPartOf\":{\"@id\":\"https:\/\/kapitalis.com\/tunisie\/#website\"},\"primaryImageOfPage\":{\"@id\":\"https:\/\/kapitalis.com\/tunisie\/2020\/06\/27\/tunisie-quelle-suite-donnera-le-pole-financier-a-laffaire-fakhfakh-gate\/#primaryimage\"},\"image\":{\"@id\":\"https:\/\/kapitalis.com\/tunisie\/2020\/06\/27\/tunisie-quelle-suite-donnera-le-pole-financier-a-laffaire-fakhfakh-gate\/#primaryimage\"},\"thumbnailUrl\":\"\",\"datePublished\":\"2020-06-27T13:51:58+00:00\",\"dateModified\":\"2020-06-27T13:52:00+00:00\",\"breadcrumb\":{\"@id\":\"https:\/\/kapitalis.com\/tunisie\/2020\/06\/27\/tunisie-quelle-suite-donnera-le-pole-financier-a-laffaire-fakhfakh-gate\/#breadcrumb\"},\"inLanguage\":\"fr-FR\",\"potentialAction\":[{\"@type\":\"ReadAction\",\"target\":[\"https:\/\/kapitalis.com\/tunisie\/2020\/06\/27\/tunisie-quelle-suite-donnera-le-pole-financier-a-laffaire-fakhfakh-gate\/\"]}]},{\"@type\":\"ImageObject\",\"inLanguage\":\"fr-FR\",\"@id\":\"https:\/\/kapitalis.com\/tunisie\/2020\/06\/27\/tunisie-quelle-suite-donnera-le-pole-financier-a-laffaire-fakhfakh-gate\/#primaryimage\",\"url\":\"\",\"contentUrl\":\"\"},{\"@type\":\"BreadcrumbList\",\"@id\":\"https:\/\/kapitalis.com\/tunisie\/2020\/06\/27\/tunisie-quelle-suite-donnera-le-pole-financier-a-laffaire-fakhfakh-gate\/#breadcrumb\",\"itemListElement\":[{\"@type\":\"ListItem\",\"position\":1,\"name\":\"Accueil\",\"item\":\"https:\/\/kapitalis.com\/tunisie\/\"},{\"@type\":\"ListItem\",\"position\":2,\"name\":\"Tunisie : Quelle suite donnera le p\u00f4le financier \u00e0 l\u2019affaire Fakhfakh Gate ?\"}]},{\"@type\":\"WebSite\",\"@id\":\"https:\/\/kapitalis.com\/tunisie\/#website\",\"url\":\"https:\/\/kapitalis.com\/tunisie\/\",\"name\":\"Kapitalis\",\"description\":\"L&#039;actualit\u00e9 en Tunisie et dans le monde\",\"publisher\":{\"@id\":\"https:\/\/kapitalis.com\/tunisie\/#organization\"},\"potentialAction\":[{\"@type\":\"SearchAction\",\"target\":{\"@type\":\"EntryPoint\",\"urlTemplate\":\"https:\/\/kapitalis.com\/tunisie\/?s={search_term_string}\"},\"query-input\":{\"@type\":\"PropertyValueSpecification\",\"valueRequired\":true,\"valueName\":\"search_term_string\"}}],\"inLanguage\":\"fr-FR\"},{\"@type\":\"Organization\",\"@id\":\"https:\/\/kapitalis.com\/tunisie\/#organization\",\"name\":\"Kapitalis\",\"url\":\"https:\/\/kapitalis.com\/tunisie\/\",\"logo\":{\"@type\":\"ImageObject\",\"inLanguage\":\"fr-FR\",\"@id\":\"https:\/\/kapitalis.com\/tunisie\/#\/schema\/logo\/image\/\",\"url\":\"https:\/\/kapitalis.com\/tunisie\/wp-content\/uploads\/2022\/05\/Kapitalis-big-size.png\",\"contentUrl\":\"https:\/\/kapitalis.com\/tunisie\/wp-content\/uploads\/2022\/05\/Kapitalis-big-size.png\",\"width\":5000,\"height\":1500,\"caption\":\"Kapitalis\"},\"image\":{\"@id\":\"https:\/\/kapitalis.com\/tunisie\/#\/schema\/logo\/image\/\"},\"sameAs\":[\"https:\/\/www.facebook.com\/KapitalisInfo\/\",\"https:\/\/x.com\/KapitalisInfo\",\"https:\/\/www.youtube.com\/channel\/UC-yDYrHyfFBWWZaOw3FPg9Q\"]},{\"@type\":\"Person\",\"@id\":\"https:\/\/kapitalis.com\/tunisie\/#\/schema\/person\/d71f33a9ca44f7bad4698210b480c8e9\",\"name\":\"webmaster kapitalis\",\"url\":\"https:\/\/kapitalis.com\/tunisie\/author\/webmaster-kapitalis\/\"}]}<\/script>\n<!-- \/ Yoast SEO plugin. -->","yoast_head_json":{"title":"Tunisie : Quelle suite donnera le p\u00f4le financier \u00e0 l\u2019affaire Fakhfakh Gate ? - Kapitalis","robots":{"index":"index","follow":"follow","max-snippet":"max-snippet:-1","max-image-preview":"max-image-preview:large","max-video-preview":"max-video-preview:-1"},"canonical":"https:\/\/kapitalis.com\/tunisie\/2020\/06\/27\/tunisie-quelle-suite-donnera-le-pole-financier-a-laffaire-fakhfakh-gate\/","og_locale":"fr_FR","og_type":"article","og_title":"Tunisie : Quelle suite donnera le p\u00f4le financier \u00e0 l\u2019affaire Fakhfakh Gate ? - Kapitalis","og_description":"La justice tunisienne s\u2019est saisie de l\u2019affaire dite de Fakhfakh Gate, ayant d\u00e9fray\u00e9 la chronique cette semaine, mais il reste \u00e0 esp\u00e9rer que le dossier ne finira pas dans un tiroir, lorsqu\u2019il perdra tout int\u00e9r\u00eat aux yeux de toutes les parties prenantes politique\u2026 Par Imed Bahri","og_url":"https:\/\/kapitalis.com\/tunisie\/2020\/06\/27\/tunisie-quelle-suite-donnera-le-pole-financier-a-laffaire-fakhfakh-gate\/","og_site_name":"Kapitalis","article_publisher":"https:\/\/www.facebook.com\/KapitalisInfo\/","article_published_time":"2020-06-27T13:51:58+00:00","article_modified_time":"2020-06-27T13:52:00+00:00","og_image":[{"width":1200,"height":630,"url":"https:\/\/kapitalis.com\/tunisie\/wp-content\/uploads\/2022\/05\/kapitalis-logo-fb.png","type":"image\/png"}],"author":"webmaster kapitalis","twitter_card":"summary_large_image","twitter_creator":"@KapitalisInfo","twitter_site":"@KapitalisInfo","twitter_misc":{"\u00c9crit par":"webmaster kapitalis","Dur\u00e9e de lecture estim\u00e9e":"3 minutes"},"schema":{"@context":"https:\/\/schema.org","@graph":[{"@type":"Article","@id":"https:\/\/kapitalis.com\/tunisie\/2020\/06\/27\/tunisie-quelle-suite-donnera-le-pole-financier-a-laffaire-fakhfakh-gate\/#article","isPartOf":{"@id":"https:\/\/kapitalis.com\/tunisie\/2020\/06\/27\/tunisie-quelle-suite-donnera-le-pole-financier-a-laffaire-fakhfakh-gate\/"},"author":{"name":"webmaster kapitalis","@id":"https:\/\/kapitalis.com\/tunisie\/#\/schema\/person\/d71f33a9ca44f7bad4698210b480c8e9"},"headline":"Tunisie : Quelle suite donnera le p\u00f4le financier \u00e0 l\u2019affaire Fakhfakh Gate ?","datePublished":"2020-06-27T13:51:58+00:00","dateModified":"2020-06-27T13:52:00+00:00","mainEntityOfPage":{"@id":"https:\/\/kapitalis.com\/tunisie\/2020\/06\/27\/tunisie-quelle-suite-donnera-le-pole-financier-a-laffaire-fakhfakh-gate\/"},"wordCount":672,"commentCount":3,"publisher":{"@id":"https:\/\/kapitalis.com\/tunisie\/#organization"},"image":{"@id":"https:\/\/kapitalis.com\/tunisie\/2020\/06\/27\/tunisie-quelle-suite-donnera-le-pole-financier-a-laffaire-fakhfakh-gate\/#primaryimage"},"thumbnailUrl":"","keywords":["Elyes Fakhfakh","Fakhfakh Gate","justice tunisienne","Mohsen Dali","Nabil Karoui","P\u00f4le judiciaire financier","Slim Riahi"],"articleSection":["A LA UNE","POLITIQUE","Tunisie"],"inLanguage":"fr-FR","potentialAction":[{"@type":"CommentAction","name":"Comment","target":["https:\/\/kapitalis.com\/tunisie\/2020\/06\/27\/tunisie-quelle-suite-donnera-le-pole-financier-a-laffaire-fakhfakh-gate\/#respond"]}]},{"@type":"WebPage","@id":"https:\/\/kapitalis.com\/tunisie\/2020\/06\/27\/tunisie-quelle-suite-donnera-le-pole-financier-a-laffaire-fakhfakh-gate\/","url":"https:\/\/kapitalis.com\/tunisie\/2020\/06\/27\/tunisie-quelle-suite-donnera-le-pole-financier-a-laffaire-fakhfakh-gate\/","name":"Tunisie : Quelle suite donnera le p\u00f4le financier \u00e0 l\u2019affaire Fakhfakh Gate ? - Kapitalis","isPartOf":{"@id":"https:\/\/kapitalis.com\/tunisie\/#website"},"primaryImageOfPage":{"@id":"https:\/\/kapitalis.com\/tunisie\/2020\/06\/27\/tunisie-quelle-suite-donnera-le-pole-financier-a-laffaire-fakhfakh-gate\/#primaryimage"},"image":{"@id":"https:\/\/kapitalis.com\/tunisie\/2020\/06\/27\/tunisie-quelle-suite-donnera-le-pole-financier-a-laffaire-fakhfakh-gate\/#primaryimage"},"thumbnailUrl":"","datePublished":"2020-06-27T13:51:58+00:00","dateModified":"2020-06-27T13:52:00+00:00","breadcrumb":{"@id":"https:\/\/kapitalis.com\/tunisie\/2020\/06\/27\/tunisie-quelle-suite-donnera-le-pole-financier-a-laffaire-fakhfakh-gate\/#breadcrumb"},"inLanguage":"fr-FR","potentialAction":[{"@type":"ReadAction","target":["https:\/\/kapitalis.com\/tunisie\/2020\/06\/27\/tunisie-quelle-suite-donnera-le-pole-financier-a-laffaire-fakhfakh-gate\/"]}]},{"@type":"ImageObject","inLanguage":"fr-FR","@id":"https:\/\/kapitalis.com\/tunisie\/2020\/06\/27\/tunisie-quelle-suite-donnera-le-pole-financier-a-laffaire-fakhfakh-gate\/#primaryimage","url":"","contentUrl":""},{"@type":"BreadcrumbList","@id":"https:\/\/kapitalis.com\/tunisie\/2020\/06\/27\/tunisie-quelle-suite-donnera-le-pole-financier-a-laffaire-fakhfakh-gate\/#breadcrumb","itemListElement":[{"@type":"ListItem","position":1,"name":"Accueil","item":"https:\/\/kapitalis.com\/tunisie\/"},{"@type":"ListItem","position":2,"name":"Tunisie : Quelle suite donnera le p\u00f4le financier \u00e0 l\u2019affaire Fakhfakh Gate ?"}]},{"@type":"WebSite","@id":"https:\/\/kapitalis.com\/tunisie\/#website","url":"https:\/\/kapitalis.com\/tunisie\/","name":"Kapitalis","description":"L&#039;actualit\u00e9 en Tunisie et dans le monde","publisher":{"@id":"https:\/\/kapitalis.com\/tunisie\/#organization"},"potentialAction":[{"@type":"SearchAction","target":{"@type":"EntryPoint","urlTemplate":"https:\/\/kapitalis.com\/tunisie\/?s={search_term_string}"},"query-input":{"@type":"PropertyValueSpecification","valueRequired":true,"valueName":"search_term_string"}}],"inLanguage":"fr-FR"},{"@type":"Organization","@id":"https:\/\/kapitalis.com\/tunisie\/#organization","name":"Kapitalis","url":"https:\/\/kapitalis.com\/tunisie\/","logo":{"@type":"ImageObject","inLanguage":"fr-FR","@id":"https:\/\/kapitalis.com\/tunisie\/#\/schema\/logo\/image\/","url":"https:\/\/kapitalis.com\/tunisie\/wp-content\/uploads\/2022\/05\/Kapitalis-big-size.png","contentUrl":"https:\/\/kapitalis.com\/tunisie\/wp-content\/uploads\/2022\/05\/Kapitalis-big-size.png","width":5000,"height":1500,"caption":"Kapitalis"},"image":{"@id":"https:\/\/kapitalis.com\/tunisie\/#\/schema\/logo\/image\/"},"sameAs":["https:\/\/www.facebook.com\/KapitalisInfo\/","https:\/\/x.com\/KapitalisInfo","https:\/\/www.youtube.com\/channel\/UC-yDYrHyfFBWWZaOw3FPg9Q"]},{"@type":"Person","@id":"https:\/\/kapitalis.com\/tunisie\/#\/schema\/person\/d71f33a9ca44f7bad4698210b480c8e9","name":"webmaster kapitalis","url":"https:\/\/kapitalis.com\/tunisie\/author\/webmaster-kapitalis\/"}]}},"_links":{"self":[{"href":"https:\/\/kapitalis.com\/tunisie\/wp-json\/wp\/v2\/posts\/305442","targetHints":{"allow":["GET"]}}],"collection":[{"href":"https:\/\/kapitalis.com\/tunisie\/wp-json\/wp\/v2\/posts"}],"about":[{"href":"https:\/\/kapitalis.com\/tunisie\/wp-json\/wp\/v2\/types\/post"}],"author":[{"embeddable":true,"href":"https:\/\/kapitalis.com\/tunisie\/wp-json\/wp\/v2\/users\/8"}],"replies":[{"embeddable":true,"href":"https:\/\/kapitalis.com\/tunisie\/wp-json\/wp\/v2\/comments?post=305442"}],"version-history":[{"count":0,"href":"https:\/\/kapitalis.com\/tunisie\/wp-json\/wp\/v2\/posts\/305442\/revisions"}],"wp:featuredmedia":[{"embeddable":true,"href":"https:\/\/kapitalis.com\/tunisie\/wp-json\/wp\/v2\/media\/305443"}],"wp:attachment":[{"href":"https:\/\/kapitalis.com\/tunisie\/wp-json\/wp\/v2\/media?parent=305442"}],"wp:term":[{"taxonomy":"category","embeddable":true,"href":"https:\/\/kapitalis.com\/tunisie\/wp-json\/wp\/v2\/categories?post=305442"},{"taxonomy":"post_tag","embeddable":true,"href":"https:\/\/kapitalis.com\/tunisie\/wp-json\/wp\/v2\/tags?post=305442"}],"curies":[{"name":"wp","href":"https:\/\/api.w.org\/{rel}","templated":true}]}}