{"id":305472,"date":"2020-06-27T20:25:04","date_gmt":"2020-06-27T19:25:04","guid":{"rendered":"http:\/\/kapitalis.com\/tunisie\/?p=305472"},"modified":"2020-06-28T07:47:36","modified_gmt":"2020-06-28T06:47:36","slug":"leurope-devrait-rouvrir-ses-frontieres-a-14-pays-dont-la-tunisie","status":"publish","type":"post","link":"https:\/\/kapitalis.com\/tunisie\/2020\/06\/27\/leurope-devrait-rouvrir-ses-frontieres-a-14-pays-dont-la-tunisie\/","title":{"rendered":"L\u2019Europe devrait rouvrir ses fronti\u00e8res \u00e0 14 pays, dont la Tunisie"},"content":{"rendered":"\n<figure class=\"wp-block-image size-large\"><img decoding=\"async\" src=\"http:\/\/kapitalis.com\/tunisie\/wp-content\/uploads\/2020\/06\/fronti\u00e8res-a\u00e9roport.jpg\" alt=\"\" class=\"wp-image-305475\"\/><\/figure>\n\n\n\n<p><em><strong>A partir du 1er juillet 2020, l&rsquo;Europe devrait rouvrir ses fronti\u00e8res \u00e0 14 pays, dont la Tunisie, annonce le journal \u00ab<a rel=\"noreferrer noopener\" href=\"https:\/\/www.lemonde.fr\/international\/article\/2020\/06\/27\/coronavirus-l-europe-se-rouvre-a-quatorze-pays-mais-pas-aux-americains-aux-russes-et-aux-turcs_6044361_3210.html\" target=\"_blank\">Le Monde<\/a><em><strong>\u00bb<\/strong><\/em>, en ajoutant que les pays europ\u00e9ens doivent se prononcer sur les modalit\u00e9s et confirmer la liste de ces pays \u00e9tablie hier, lors d\u2019une r\u00e9union des ambassadeurs de l&rsquo;Union europ\u00e9enne (UE).<\/strong><\/em><\/p>\n\n\n\n<!--more-->\n\n\n\n<p>La Tunisie fait partie de cette liste, qui comprend notamment le Maroc et l&rsquo;Alg\u00e9rie, ainsi que l\u2019Australie, le Canada, la Cor\u00e9e du Sud, le Japon, la Nouvelle-Z\u00e9lande, le Rwanda, la Tha\u00eflande, l\u2019Uruguay et la Serbie.<\/p>\n\n\n\n<p>La m\u00eame source affirme que les pays de l\u2019Europe ont privil\u00e9gi\u00e9 les visiteurs, venant de pays dont la situation \u00e9pid\u00e9miologique est semblable o\u00f9 meilleure que la leur, avec plusieurs crit\u00e8res sanitaires, notamment un taux de nouveaux cas de coronavirus, proche ou en-dessous de 16 pour 100.000 habitants, durant les 14 derniers jours, ainsi que les mesures mises en place dans la lutte contre la pand\u00e9mie.<\/p>\n\n\n\n<p>Rappelons que la Tunisie a obtenu, hier, la certification Safe Travels du Conseil mondial du voyage et du tourisme et que l&rsquo;Organisation mondiale du tourisme (OMT) a aussi recommand\u00e9 la destination Tunisie, comme l&rsquo;un des pays le plus s\u00fbrs sur le plan sanitaire.<\/p>\n\n\n\n<p class=\"has-text-align-right\"><strong>Y. N.<\/strong><\/p>\n\n\n\n<figure class=\"wp-block-embed-wordpress wp-block-embed is-type-wp-embed is-provider-kapitalis\"><div class=\"wp-block-embed__wrapper\">\n<blockquote class=\"wp-embedded-content\" data-secret=\"YEhy6xar6p\"><a href=\"https:\/\/kapitalis.com\/tunisie\/2020\/06\/26\/la-tunisie-obtient-la-certification-safe-travels-du-conseil-mondial-du-voyage-et-du-tourisme\/\">La Tunisie obtient la certification Safe Travels, du Conseil mondial du voyage et du tourisme<\/a><\/blockquote><iframe loading=\"lazy\" class=\"wp-embedded-content\" sandbox=\"allow-scripts\" security=\"restricted\" style=\"position: absolute; clip: rect(1px, 1px, 1px, 1px);\" title=\"\u00ab\u00a0La Tunisie obtient la certification Safe Travels, du Conseil mondial du voyage et du tourisme\u00a0\u00bb &#8212; Kapitalis\" src=\"https:\/\/kapitalis.com\/tunisie\/2020\/06\/26\/la-tunisie-obtient-la-certification-safe-travels-du-conseil-mondial-du-voyage-et-du-tourisme\/embed\/#?secret=Vo2f5VKJPX#?secret=YEhy6xar6p\" data-secret=\"YEhy6xar6p\" width=\"600\" height=\"338\" frameborder=\"0\" marginwidth=\"0\" marginheight=\"0\" scrolling=\"no\"><\/iframe>\n<\/div><\/figure>\n\n\n\n<figure class=\"wp-block-embed-wordpress wp-block-embed is-type-wp-embed is-provider-kapitalis\"><div class=\"wp-block-embed__wrapper\">\n<blockquote class=\"wp-embedded-content\" data-secret=\"MAyNwV3cCh\"><a href=\"https:\/\/kapitalis.com\/tunisie\/2020\/06\/03\/securite-sanitaire-lorganisation-mondiale-du-tourisme-recommande-la-tunisie\/\">S\u00e9curit\u00e9 sanitaire : L&rsquo;Organisation mondiale du tourisme recommande la Tunisie<\/a><\/blockquote><iframe loading=\"lazy\" class=\"wp-embedded-content\" sandbox=\"allow-scripts\" security=\"restricted\" style=\"position: absolute; clip: rect(1px, 1px, 1px, 1px);\" title=\"\u00ab\u00a0S\u00e9curit\u00e9 sanitaire : L&rsquo;Organisation mondiale du tourisme recommande la Tunisie\u00a0\u00bb &#8212; Kapitalis\" src=\"https:\/\/kapitalis.com\/tunisie\/2020\/06\/03\/securite-sanitaire-lorganisation-mondiale-du-tourisme-recommande-la-tunisie\/embed\/#?secret=z869XactWU#?secret=MAyNwV3cCh\" data-secret=\"MAyNwV3cCh\" width=\"600\" height=\"338\" frameborder=\"0\" marginwidth=\"0\" marginheight=\"0\" scrolling=\"no\"><\/iframe>\n<\/div><\/figure>\n","protected":false},"excerpt":{"rendered":"<p>A partir du 1er juillet 2020, l&rsquo;Europe devrait rouvrir ses fronti\u00e8res \u00e0 14 pays, dont la Tunisie, annonce le journal \u00abLe Monde\u00bb, en ajoutant que les pays europ\u00e9ens doivent se prononcer sur les modalit\u00e9s et confirmer la liste de ces pays \u00e9tablie hier, lors d\u2019une r\u00e9union des ambassadeurs de l&rsquo;Union europ\u00e9enne (UE).<\/p>\n","protected":false},"author":6,"featured_media":305475,"comment_status":"open","ping_status":"open","sticky":false,"template":"","format":"standard","meta":{"footnotes":""},"categories":[995,998,2433],"tags":[73060,2682,3373,62643,935,937],"class_list":["post-305472","post","type-post","status-publish","format-standard","has-post-thumbnail","hentry","category-economie","category-societe","category-tunisie","tag-coronavirus","tag-frontieres","tag-pays-europeens","tag-tunisie","tag-ue","tag-union-europeenne"],"yoast_head":"<!-- This site is optimized with the Yoast SEO plugin v26.6 - https:\/\/yoast.com\/wordpress\/plugins\/seo\/ -->\n<title>L\u2019Europe devrait rouvrir ses fronti\u00e8res \u00e0 14 pays, dont la Tunisie - Kapitalis<\/title>\n<meta name=\"robots\" content=\"index, follow, max-snippet:-1, max-image-preview:large, max-video-preview:-1\" \/>\n<link rel=\"canonical\" href=\"https:\/\/kapitalis.com\/tunisie\/2020\/06\/27\/leurope-devrait-rouvrir-ses-frontieres-a-14-pays-dont-la-tunisie\/\" \/>\n<meta property=\"og:locale\" content=\"fr_FR\" \/>\n<meta property=\"og:type\" content=\"article\" \/>\n<meta property=\"og:title\" content=\"L\u2019Europe devrait rouvrir ses fronti\u00e8res \u00e0 14 pays, dont la Tunisie - Kapitalis\" \/>\n<meta property=\"og:description\" content=\"A partir du 1er juillet 2020, l&rsquo;Europe devrait rouvrir ses fronti\u00e8res \u00e0 14 pays, dont la Tunisie, annonce le journal \u00abLe Monde\u00bb, en ajoutant que les pays europ\u00e9ens doivent se prononcer sur les modalit\u00e9s et confirmer la liste de ces pays \u00e9tablie hier, lors d\u2019une r\u00e9union des ambassadeurs de l&rsquo;Union europ\u00e9enne (UE).\" \/>\n<meta property=\"og:url\" content=\"https:\/\/kapitalis.com\/tunisie\/2020\/06\/27\/leurope-devrait-rouvrir-ses-frontieres-a-14-pays-dont-la-tunisie\/\" \/>\n<meta property=\"og:site_name\" content=\"Kapitalis\" \/>\n<meta property=\"article:publisher\" content=\"https:\/\/www.facebook.com\/KapitalisInfo\/\" \/>\n<meta property=\"article:published_time\" content=\"2020-06-27T19:25:04+00:00\" \/>\n<meta property=\"article:modified_time\" content=\"2020-06-28T06:47:36+00:00\" \/>\n<meta property=\"og:image\" content=\"https:\/\/kapitalis.com\/tunisie\/wp-content\/uploads\/2022\/05\/kapitalis-logo-fb.png\" \/>\n\t<meta property=\"og:image:width\" content=\"1200\" \/>\n\t<meta property=\"og:image:height\" content=\"630\" \/>\n\t<meta property=\"og:image:type\" content=\"image\/png\" \/>\n<meta name=\"author\" content=\"Yusra NY\" \/>\n<meta name=\"twitter:card\" content=\"summary_large_image\" \/>\n<meta name=\"twitter:creator\" content=\"@KapitalisInfo\" \/>\n<meta name=\"twitter:site\" content=\"@KapitalisInfo\" \/>\n<meta name=\"twitter:label1\" content=\"\u00c9crit par\" \/>\n\t<meta name=\"twitter:data1\" content=\"Yusra NY\" \/>\n\t<meta name=\"twitter:label2\" content=\"Dur\u00e9e de lecture estim\u00e9e\" \/>\n\t<meta name=\"twitter:data2\" content=\"1 minute\" \/>\n<script type=\"application\/ld+json\" class=\"yoast-schema-graph\">{\"@context\":\"https:\/\/schema.org\",\"@graph\":[{\"@type\":\"Article\",\"@id\":\"https:\/\/kapitalis.com\/tunisie\/2020\/06\/27\/leurope-devrait-rouvrir-ses-frontieres-a-14-pays-dont-la-tunisie\/#article\",\"isPartOf\":{\"@id\":\"https:\/\/kapitalis.com\/tunisie\/2020\/06\/27\/leurope-devrait-rouvrir-ses-frontieres-a-14-pays-dont-la-tunisie\/\"},\"author\":{\"name\":\"Yusra NY\",\"@id\":\"https:\/\/kapitalis.com\/tunisie\/#\/schema\/person\/74bbde0154d49d790a92aaeac5bc01d5\"},\"headline\":\"L\u2019Europe devrait rouvrir ses fronti\u00e8res \u00e0 14 pays, dont la Tunisie\",\"datePublished\":\"2020-06-27T19:25:04+00:00\",\"dateModified\":\"2020-06-28T06:47:36+00:00\",\"mainEntityOfPage\":{\"@id\":\"https:\/\/kapitalis.com\/tunisie\/2020\/06\/27\/leurope-devrait-rouvrir-ses-frontieres-a-14-pays-dont-la-tunisie\/\"},\"wordCount\":231,\"commentCount\":6,\"publisher\":{\"@id\":\"https:\/\/kapitalis.com\/tunisie\/#organization\"},\"image\":{\"@id\":\"https:\/\/kapitalis.com\/tunisie\/2020\/06\/27\/leurope-devrait-rouvrir-ses-frontieres-a-14-pays-dont-la-tunisie\/#primaryimage\"},\"thumbnailUrl\":\"\",\"keywords\":[\"Coronavirus\",\"fronti\u00e8res\",\"pays europ\u00e9ens\",\"Tunisie\",\"UE\",\"Union europ\u00e9enne\"],\"articleSection\":[\"ECONOMIE\",\"SOCIETE\",\"Tunisie\"],\"inLanguage\":\"fr-FR\",\"potentialAction\":[{\"@type\":\"CommentAction\",\"name\":\"Comment\",\"target\":[\"https:\/\/kapitalis.com\/tunisie\/2020\/06\/27\/leurope-devrait-rouvrir-ses-frontieres-a-14-pays-dont-la-tunisie\/#respond\"]}]},{\"@type\":\"WebPage\",\"@id\":\"https:\/\/kapitalis.com\/tunisie\/2020\/06\/27\/leurope-devrait-rouvrir-ses-frontieres-a-14-pays-dont-la-tunisie\/\",\"url\":\"https:\/\/kapitalis.com\/tunisie\/2020\/06\/27\/leurope-devrait-rouvrir-ses-frontieres-a-14-pays-dont-la-tunisie\/\",\"name\":\"L\u2019Europe devrait rouvrir ses fronti\u00e8res \u00e0 14 pays, dont la Tunisie - Kapitalis\",\"isPartOf\":{\"@id\":\"https:\/\/kapitalis.com\/tunisie\/#website\"},\"primaryImageOfPage\":{\"@id\":\"https:\/\/kapitalis.com\/tunisie\/2020\/06\/27\/leurope-devrait-rouvrir-ses-frontieres-a-14-pays-dont-la-tunisie\/#primaryimage\"},\"image\":{\"@id\":\"https:\/\/kapitalis.com\/tunisie\/2020\/06\/27\/leurope-devrait-rouvrir-ses-frontieres-a-14-pays-dont-la-tunisie\/#primaryimage\"},\"thumbnailUrl\":\"\",\"datePublished\":\"2020-06-27T19:25:04+00:00\",\"dateModified\":\"2020-06-28T06:47:36+00:00\",\"breadcrumb\":{\"@id\":\"https:\/\/kapitalis.com\/tunisie\/2020\/06\/27\/leurope-devrait-rouvrir-ses-frontieres-a-14-pays-dont-la-tunisie\/#breadcrumb\"},\"inLanguage\":\"fr-FR\",\"potentialAction\":[{\"@type\":\"ReadAction\",\"target\":[\"https:\/\/kapitalis.com\/tunisie\/2020\/06\/27\/leurope-devrait-rouvrir-ses-frontieres-a-14-pays-dont-la-tunisie\/\"]}]},{\"@type\":\"ImageObject\",\"inLanguage\":\"fr-FR\",\"@id\":\"https:\/\/kapitalis.com\/tunisie\/2020\/06\/27\/leurope-devrait-rouvrir-ses-frontieres-a-14-pays-dont-la-tunisie\/#primaryimage\",\"url\":\"\",\"contentUrl\":\"\"},{\"@type\":\"BreadcrumbList\",\"@id\":\"https:\/\/kapitalis.com\/tunisie\/2020\/06\/27\/leurope-devrait-rouvrir-ses-frontieres-a-14-pays-dont-la-tunisie\/#breadcrumb\",\"itemListElement\":[{\"@type\":\"ListItem\",\"position\":1,\"name\":\"Accueil\",\"item\":\"https:\/\/kapitalis.com\/tunisie\/\"},{\"@type\":\"ListItem\",\"position\":2,\"name\":\"L\u2019Europe devrait rouvrir ses fronti\u00e8res \u00e0 14 pays, dont la Tunisie\"}]},{\"@type\":\"WebSite\",\"@id\":\"https:\/\/kapitalis.com\/tunisie\/#website\",\"url\":\"https:\/\/kapitalis.com\/tunisie\/\",\"name\":\"Kapitalis\",\"description\":\"L&#039;actualit\u00e9 en Tunisie et dans le monde\",\"publisher\":{\"@id\":\"https:\/\/kapitalis.com\/tunisie\/#organization\"},\"potentialAction\":[{\"@type\":\"SearchAction\",\"target\":{\"@type\":\"EntryPoint\",\"urlTemplate\":\"https:\/\/kapitalis.com\/tunisie\/?s={search_term_string}\"},\"query-input\":{\"@type\":\"PropertyValueSpecification\",\"valueRequired\":true,\"valueName\":\"search_term_string\"}}],\"inLanguage\":\"fr-FR\"},{\"@type\":\"Organization\",\"@id\":\"https:\/\/kapitalis.com\/tunisie\/#organization\",\"name\":\"Kapitalis\",\"url\":\"https:\/\/kapitalis.com\/tunisie\/\",\"logo\":{\"@type\":\"ImageObject\",\"inLanguage\":\"fr-FR\",\"@id\":\"https:\/\/kapitalis.com\/tunisie\/#\/schema\/logo\/image\/\",\"url\":\"https:\/\/kapitalis.com\/tunisie\/wp-content\/uploads\/2022\/05\/Kapitalis-big-size.png\",\"contentUrl\":\"https:\/\/kapitalis.com\/tunisie\/wp-content\/uploads\/2022\/05\/Kapitalis-big-size.png\",\"width\":5000,\"height\":1500,\"caption\":\"Kapitalis\"},\"image\":{\"@id\":\"https:\/\/kapitalis.com\/tunisie\/#\/schema\/logo\/image\/\"},\"sameAs\":[\"https:\/\/www.facebook.com\/KapitalisInfo\/\",\"https:\/\/x.com\/KapitalisInfo\",\"https:\/\/www.youtube.com\/channel\/UC-yDYrHyfFBWWZaOw3FPg9Q\"]},{\"@type\":\"Person\",\"@id\":\"https:\/\/kapitalis.com\/tunisie\/#\/schema\/person\/74bbde0154d49d790a92aaeac5bc01d5\",\"name\":\"Yusra NY\",\"url\":\"https:\/\/kapitalis.com\/tunisie\/author\/yuza_adam\/\"}]}<\/script>\n<!-- \/ Yoast SEO plugin. -->","yoast_head_json":{"title":"L\u2019Europe devrait rouvrir ses fronti\u00e8res \u00e0 14 pays, dont la Tunisie - Kapitalis","robots":{"index":"index","follow":"follow","max-snippet":"max-snippet:-1","max-image-preview":"max-image-preview:large","max-video-preview":"max-video-preview:-1"},"canonical":"https:\/\/kapitalis.com\/tunisie\/2020\/06\/27\/leurope-devrait-rouvrir-ses-frontieres-a-14-pays-dont-la-tunisie\/","og_locale":"fr_FR","og_type":"article","og_title":"L\u2019Europe devrait rouvrir ses fronti\u00e8res \u00e0 14 pays, dont la Tunisie - Kapitalis","og_description":"A partir du 1er juillet 2020, l&rsquo;Europe devrait rouvrir ses fronti\u00e8res \u00e0 14 pays, dont la Tunisie, annonce le journal \u00abLe Monde\u00bb, en ajoutant que les pays europ\u00e9ens doivent se prononcer sur les modalit\u00e9s et confirmer la liste de ces pays \u00e9tablie hier, lors d\u2019une r\u00e9union des ambassadeurs de l&rsquo;Union europ\u00e9enne (UE).","og_url":"https:\/\/kapitalis.com\/tunisie\/2020\/06\/27\/leurope-devrait-rouvrir-ses-frontieres-a-14-pays-dont-la-tunisie\/","og_site_name":"Kapitalis","article_publisher":"https:\/\/www.facebook.com\/KapitalisInfo\/","article_published_time":"2020-06-27T19:25:04+00:00","article_modified_time":"2020-06-28T06:47:36+00:00","og_image":[{"width":1200,"height":630,"url":"https:\/\/kapitalis.com\/tunisie\/wp-content\/uploads\/2022\/05\/kapitalis-logo-fb.png","type":"image\/png"}],"author":"Yusra NY","twitter_card":"summary_large_image","twitter_creator":"@KapitalisInfo","twitter_site":"@KapitalisInfo","twitter_misc":{"\u00c9crit par":"Yusra NY","Dur\u00e9e de lecture estim\u00e9e":"1 minute"},"schema":{"@context":"https:\/\/schema.org","@graph":[{"@type":"Article","@id":"https:\/\/kapitalis.com\/tunisie\/2020\/06\/27\/leurope-devrait-rouvrir-ses-frontieres-a-14-pays-dont-la-tunisie\/#article","isPartOf":{"@id":"https:\/\/kapitalis.com\/tunisie\/2020\/06\/27\/leurope-devrait-rouvrir-ses-frontieres-a-14-pays-dont-la-tunisie\/"},"author":{"name":"Yusra NY","@id":"https:\/\/kapitalis.com\/tunisie\/#\/schema\/person\/74bbde0154d49d790a92aaeac5bc01d5"},"headline":"L\u2019Europe devrait rouvrir ses fronti\u00e8res \u00e0 14 pays, dont la Tunisie","datePublished":"2020-06-27T19:25:04+00:00","dateModified":"2020-06-28T06:47:36+00:00","mainEntityOfPage":{"@id":"https:\/\/kapitalis.com\/tunisie\/2020\/06\/27\/leurope-devrait-rouvrir-ses-frontieres-a-14-pays-dont-la-tunisie\/"},"wordCount":231,"commentCount":6,"publisher":{"@id":"https:\/\/kapitalis.com\/tunisie\/#organization"},"image":{"@id":"https:\/\/kapitalis.com\/tunisie\/2020\/06\/27\/leurope-devrait-rouvrir-ses-frontieres-a-14-pays-dont-la-tunisie\/#primaryimage"},"thumbnailUrl":"","keywords":["Coronavirus","fronti\u00e8res","pays europ\u00e9ens","Tunisie","UE","Union europ\u00e9enne"],"articleSection":["ECONOMIE","SOCIETE","Tunisie"],"inLanguage":"fr-FR","potentialAction":[{"@type":"CommentAction","name":"Comment","target":["https:\/\/kapitalis.com\/tunisie\/2020\/06\/27\/leurope-devrait-rouvrir-ses-frontieres-a-14-pays-dont-la-tunisie\/#respond"]}]},{"@type":"WebPage","@id":"https:\/\/kapitalis.com\/tunisie\/2020\/06\/27\/leurope-devrait-rouvrir-ses-frontieres-a-14-pays-dont-la-tunisie\/","url":"https:\/\/kapitalis.com\/tunisie\/2020\/06\/27\/leurope-devrait-rouvrir-ses-frontieres-a-14-pays-dont-la-tunisie\/","name":"L\u2019Europe devrait rouvrir ses fronti\u00e8res \u00e0 14 pays, dont la Tunisie - Kapitalis","isPartOf":{"@id":"https:\/\/kapitalis.com\/tunisie\/#website"},"primaryImageOfPage":{"@id":"https:\/\/kapitalis.com\/tunisie\/2020\/06\/27\/leurope-devrait-rouvrir-ses-frontieres-a-14-pays-dont-la-tunisie\/#primaryimage"},"image":{"@id":"https:\/\/kapitalis.com\/tunisie\/2020\/06\/27\/leurope-devrait-rouvrir-ses-frontieres-a-14-pays-dont-la-tunisie\/#primaryimage"},"thumbnailUrl":"","datePublished":"2020-06-27T19:25:04+00:00","dateModified":"2020-06-28T06:47:36+00:00","breadcrumb":{"@id":"https:\/\/kapitalis.com\/tunisie\/2020\/06\/27\/leurope-devrait-rouvrir-ses-frontieres-a-14-pays-dont-la-tunisie\/#breadcrumb"},"inLanguage":"fr-FR","potentialAction":[{"@type":"ReadAction","target":["https:\/\/kapitalis.com\/tunisie\/2020\/06\/27\/leurope-devrait-rouvrir-ses-frontieres-a-14-pays-dont-la-tunisie\/"]}]},{"@type":"ImageObject","inLanguage":"fr-FR","@id":"https:\/\/kapitalis.com\/tunisie\/2020\/06\/27\/leurope-devrait-rouvrir-ses-frontieres-a-14-pays-dont-la-tunisie\/#primaryimage","url":"","contentUrl":""},{"@type":"BreadcrumbList","@id":"https:\/\/kapitalis.com\/tunisie\/2020\/06\/27\/leurope-devrait-rouvrir-ses-frontieres-a-14-pays-dont-la-tunisie\/#breadcrumb","itemListElement":[{"@type":"ListItem","position":1,"name":"Accueil","item":"https:\/\/kapitalis.com\/tunisie\/"},{"@type":"ListItem","position":2,"name":"L\u2019Europe devrait rouvrir ses fronti\u00e8res \u00e0 14 pays, dont la Tunisie"}]},{"@type":"WebSite","@id":"https:\/\/kapitalis.com\/tunisie\/#website","url":"https:\/\/kapitalis.com\/tunisie\/","name":"Kapitalis","description":"L&#039;actualit\u00e9 en Tunisie et dans le monde","publisher":{"@id":"https:\/\/kapitalis.com\/tunisie\/#organization"},"potentialAction":[{"@type":"SearchAction","target":{"@type":"EntryPoint","urlTemplate":"https:\/\/kapitalis.com\/tunisie\/?s={search_term_string}"},"query-input":{"@type":"PropertyValueSpecification","valueRequired":true,"valueName":"search_term_string"}}],"inLanguage":"fr-FR"},{"@type":"Organization","@id":"https:\/\/kapitalis.com\/tunisie\/#organization","name":"Kapitalis","url":"https:\/\/kapitalis.com\/tunisie\/","logo":{"@type":"ImageObject","inLanguage":"fr-FR","@id":"https:\/\/kapitalis.com\/tunisie\/#\/schema\/logo\/image\/","url":"https:\/\/kapitalis.com\/tunisie\/wp-content\/uploads\/2022\/05\/Kapitalis-big-size.png","contentUrl":"https:\/\/kapitalis.com\/tunisie\/wp-content\/uploads\/2022\/05\/Kapitalis-big-size.png","width":5000,"height":1500,"caption":"Kapitalis"},"image":{"@id":"https:\/\/kapitalis.com\/tunisie\/#\/schema\/logo\/image\/"},"sameAs":["https:\/\/www.facebook.com\/KapitalisInfo\/","https:\/\/x.com\/KapitalisInfo","https:\/\/www.youtube.com\/channel\/UC-yDYrHyfFBWWZaOw3FPg9Q"]},{"@type":"Person","@id":"https:\/\/kapitalis.com\/tunisie\/#\/schema\/person\/74bbde0154d49d790a92aaeac5bc01d5","name":"Yusra NY","url":"https:\/\/kapitalis.com\/tunisie\/author\/yuza_adam\/"}]}},"_links":{"self":[{"href":"https:\/\/kapitalis.com\/tunisie\/wp-json\/wp\/v2\/posts\/305472","targetHints":{"allow":["GET"]}}],"collection":[{"href":"https:\/\/kapitalis.com\/tunisie\/wp-json\/wp\/v2\/posts"}],"about":[{"href":"https:\/\/kapitalis.com\/tunisie\/wp-json\/wp\/v2\/types\/post"}],"author":[{"embeddable":true,"href":"https:\/\/kapitalis.com\/tunisie\/wp-json\/wp\/v2\/users\/6"}],"replies":[{"embeddable":true,"href":"https:\/\/kapitalis.com\/tunisie\/wp-json\/wp\/v2\/comments?post=305472"}],"version-history":[{"count":0,"href":"https:\/\/kapitalis.com\/tunisie\/wp-json\/wp\/v2\/posts\/305472\/revisions"}],"wp:featuredmedia":[{"embeddable":true,"href":"https:\/\/kapitalis.com\/tunisie\/wp-json\/wp\/v2\/media\/305475"}],"wp:attachment":[{"href":"https:\/\/kapitalis.com\/tunisie\/wp-json\/wp\/v2\/media?parent=305472"}],"wp:term":[{"taxonomy":"category","embeddable":true,"href":"https:\/\/kapitalis.com\/tunisie\/wp-json\/wp\/v2\/categories?post=305472"},{"taxonomy":"post_tag","embeddable":true,"href":"https:\/\/kapitalis.com\/tunisie\/wp-json\/wp\/v2\/tags?post=305472"}],"curies":[{"name":"wp","href":"https:\/\/api.w.org\/{rel}","templated":true}]}}