{"id":305582,"date":"2020-06-29T09:26:50","date_gmt":"2020-06-29T08:26:50","guid":{"rendered":"http:\/\/kapitalis.com\/tunisie\/?p=305582"},"modified":"2020-06-29T10:53:25","modified_gmt":"2020-06-29T09:53:25","slug":"tunisie-sit-in-ouvert-des-familles-des-martyrs-et-blesses-de-la-revolution","status":"publish","type":"post","link":"https:\/\/kapitalis.com\/tunisie\/2020\/06\/29\/tunisie-sit-in-ouvert-des-familles-des-martyrs-et-blesses-de-la-revolution\/","title":{"rendered":"Tunisie : Sit-in ouvert des familles des martyrs et bless\u00e9s de la R\u00e9volution"},"content":{"rendered":"\n<figure class=\"wp-block-image size-large\"><img decoding=\"async\" src=\"http:\/\/kapitalis.com\/tunisie\/wp-content\/uploads\/2018\/04\/martyrs-de-la-r\u00e9volution.jpg\" alt=\"\" class=\"wp-image-147760\"\/><figcaption><em>Archives.<\/em><\/figcaption><\/figure>\n\n\n\n<p><strong><em>Les familles des martyrs et bless\u00e9s de la R\u00e9volution tunisienne ont annonc\u00e9 qu&rsquo;ils observeront un sit-in, \u00e0 partir d&rsquo;aujourd&rsquo;hui, lundi 29 juin 2020, \u00e0 la Kasbah (Tunis) pour protester contre la non-publication de la liste officielle de leurs proches dans le Journal officiel de la r\u00e9publique tunisienne (Jort).<\/em><\/strong><\/p>\n\n\n\n<!--more-->\n\n\n\n<p>Dans un communiqu\u00e9 publi\u00e9 hier soir, elles ont rappel\u00e9 que la liste en question, qui comprend 129 martyrs et 634 bless\u00e9s, a \u00e9t\u00e9 publi\u00e9e, en octobre 2019, sur le site web du Comit\u00e9 sup\u00e9rieur des droits de l\u2019homme et des libert\u00e9s fondamentales (CSDHLF).<\/p>\n\n\n\n<p>Elles ont, par ailleurs assur\u00e9 que le sit-in ne sera lev\u00e9 que lorsque leur revendication sera r\u00e9alis\u00e9e.<\/p>\n\n\n\n<p>Commun\u00e9ment appel\u00e9e \u00ab<em>R\u00e9volution de la libert\u00e9 et de la dignit\u00e9<\/em>\u00bb ou encore celle \u00ab<em>de jasmin<\/em>\u00bb, la R\u00e9volution tunisienne consistait en une suite de manifestations et de\u00a0sit-in essentiellement non-violents, ayant eu lieu entre le 17 d\u00e9cembre 2010 et le 14 janvier 2011, et ayant abouti \u00e0 la chute du r\u00e9gime de Zine El Abdine Ben Ali (au pouvoir depuis 1987). <\/p>\n\n\n\n<p class=\"has-text-align-right\"><strong>C. B. Y.<\/strong><\/p>\n","protected":false},"excerpt":{"rendered":"<p>Les familles des martyrs et bless\u00e9s de la R\u00e9volution tunisienne ont annonc\u00e9 qu&rsquo;ils observeront un sit-in, \u00e0 partir d&rsquo;aujourd&rsquo;hui, lundi 29 juin 2020, \u00e0 la Kasbah (Tunis) pour protester contre la non-publication de la liste officielle de leurs proches dans le Journal officiel de la r\u00e9publique tunisienne (Jort).<\/p>\n","protected":false},"author":24,"featured_media":0,"comment_status":"open","ping_status":"open","sticky":false,"template":"","format":"standard","meta":{"footnotes":""},"categories":[998,2433],"tags":[9361,80285,7336],"class_list":["post-305582","post","type-post","status-publish","format-standard","hentry","category-societe","category-tunisie","tag-jort","tag-martyrs-de-la-revolution","tag-revolution-tunisienne"],"yoast_head":"<!-- This site is optimized with the Yoast SEO plugin v26.6 - https:\/\/yoast.com\/wordpress\/plugins\/seo\/ -->\n<title>Tunisie : Sit-in ouvert des familles des martyrs et bless\u00e9s de la R\u00e9volution - Kapitalis<\/title>\n<meta name=\"robots\" content=\"index, follow, max-snippet:-1, max-image-preview:large, max-video-preview:-1\" \/>\n<link rel=\"canonical\" href=\"https:\/\/kapitalis.com\/tunisie\/2020\/06\/29\/tunisie-sit-in-ouvert-des-familles-des-martyrs-et-blesses-de-la-revolution\/\" \/>\n<meta property=\"og:locale\" content=\"fr_FR\" \/>\n<meta property=\"og:type\" content=\"article\" \/>\n<meta property=\"og:title\" content=\"Tunisie : Sit-in ouvert des familles des martyrs et bless\u00e9s de la R\u00e9volution - Kapitalis\" \/>\n<meta property=\"og:description\" content=\"Les familles des martyrs et bless\u00e9s de la R\u00e9volution tunisienne ont annonc\u00e9 qu&rsquo;ils observeront un sit-in, \u00e0 partir d&rsquo;aujourd&rsquo;hui, lundi 29 juin 2020, \u00e0 la Kasbah (Tunis) pour protester contre la non-publication de la liste officielle de leurs proches dans le Journal officiel de la r\u00e9publique tunisienne (Jort).\" \/>\n<meta property=\"og:url\" content=\"https:\/\/kapitalis.com\/tunisie\/2020\/06\/29\/tunisie-sit-in-ouvert-des-familles-des-martyrs-et-blesses-de-la-revolution\/\" \/>\n<meta property=\"og:site_name\" content=\"Kapitalis\" \/>\n<meta property=\"article:publisher\" content=\"https:\/\/www.facebook.com\/KapitalisInfo\/\" \/>\n<meta property=\"article:published_time\" content=\"2020-06-29T08:26:50+00:00\" \/>\n<meta property=\"article:modified_time\" content=\"2020-06-29T09:53:25+00:00\" \/>\n<meta property=\"og:image\" content=\"https:\/\/kapitalis.com\/tunisie\/wp-content\/uploads\/2022\/05\/kapitalis-logo-fb.png\" \/>\n\t<meta property=\"og:image:width\" content=\"1200\" \/>\n\t<meta property=\"og:image:height\" content=\"630\" \/>\n\t<meta property=\"og:image:type\" content=\"image\/png\" \/>\n<meta name=\"author\" content=\"Cherif Benyounes\" \/>\n<meta name=\"twitter:card\" content=\"summary_large_image\" \/>\n<meta name=\"twitter:creator\" content=\"@KapitalisInfo\" \/>\n<meta name=\"twitter:site\" content=\"@KapitalisInfo\" \/>\n<meta name=\"twitter:label1\" content=\"\u00c9crit par\" \/>\n\t<meta name=\"twitter:data1\" content=\"Cherif Benyounes\" \/>\n\t<meta name=\"twitter:label2\" content=\"Dur\u00e9e de lecture estim\u00e9e\" \/>\n\t<meta name=\"twitter:data2\" content=\"1 minute\" \/>\n<script type=\"application\/ld+json\" class=\"yoast-schema-graph\">{\"@context\":\"https:\/\/schema.org\",\"@graph\":[{\"@type\":\"Article\",\"@id\":\"https:\/\/kapitalis.com\/tunisie\/2020\/06\/29\/tunisie-sit-in-ouvert-des-familles-des-martyrs-et-blesses-de-la-revolution\/#article\",\"isPartOf\":{\"@id\":\"https:\/\/kapitalis.com\/tunisie\/2020\/06\/29\/tunisie-sit-in-ouvert-des-familles-des-martyrs-et-blesses-de-la-revolution\/\"},\"author\":{\"name\":\"Cherif Benyounes\",\"@id\":\"https:\/\/kapitalis.com\/tunisie\/#\/schema\/person\/b35b8d631961131107263178aeb8019e\"},\"headline\":\"Tunisie : Sit-in ouvert des familles des martyrs et bless\u00e9s de la R\u00e9volution\",\"datePublished\":\"2020-06-29T08:26:50+00:00\",\"dateModified\":\"2020-06-29T09:53:25+00:00\",\"mainEntityOfPage\":{\"@id\":\"https:\/\/kapitalis.com\/tunisie\/2020\/06\/29\/tunisie-sit-in-ouvert-des-familles-des-martyrs-et-blesses-de-la-revolution\/\"},\"wordCount\":189,\"commentCount\":1,\"publisher\":{\"@id\":\"https:\/\/kapitalis.com\/tunisie\/#organization\"},\"keywords\":[\"Jort\",\"martyrs de la r\u00e9volution\",\"R\u00e9volution tunisienne\"],\"articleSection\":[\"SOCIETE\",\"Tunisie\"],\"inLanguage\":\"fr-FR\",\"potentialAction\":[{\"@type\":\"CommentAction\",\"name\":\"Comment\",\"target\":[\"https:\/\/kapitalis.com\/tunisie\/2020\/06\/29\/tunisie-sit-in-ouvert-des-familles-des-martyrs-et-blesses-de-la-revolution\/#respond\"]}]},{\"@type\":\"WebPage\",\"@id\":\"https:\/\/kapitalis.com\/tunisie\/2020\/06\/29\/tunisie-sit-in-ouvert-des-familles-des-martyrs-et-blesses-de-la-revolution\/\",\"url\":\"https:\/\/kapitalis.com\/tunisie\/2020\/06\/29\/tunisie-sit-in-ouvert-des-familles-des-martyrs-et-blesses-de-la-revolution\/\",\"name\":\"Tunisie : Sit-in ouvert des familles des martyrs et bless\u00e9s de la R\u00e9volution - Kapitalis\",\"isPartOf\":{\"@id\":\"https:\/\/kapitalis.com\/tunisie\/#website\"},\"datePublished\":\"2020-06-29T08:26:50+00:00\",\"dateModified\":\"2020-06-29T09:53:25+00:00\",\"breadcrumb\":{\"@id\":\"https:\/\/kapitalis.com\/tunisie\/2020\/06\/29\/tunisie-sit-in-ouvert-des-familles-des-martyrs-et-blesses-de-la-revolution\/#breadcrumb\"},\"inLanguage\":\"fr-FR\",\"potentialAction\":[{\"@type\":\"ReadAction\",\"target\":[\"https:\/\/kapitalis.com\/tunisie\/2020\/06\/29\/tunisie-sit-in-ouvert-des-familles-des-martyrs-et-blesses-de-la-revolution\/\"]}]},{\"@type\":\"BreadcrumbList\",\"@id\":\"https:\/\/kapitalis.com\/tunisie\/2020\/06\/29\/tunisie-sit-in-ouvert-des-familles-des-martyrs-et-blesses-de-la-revolution\/#breadcrumb\",\"itemListElement\":[{\"@type\":\"ListItem\",\"position\":1,\"name\":\"Accueil\",\"item\":\"https:\/\/kapitalis.com\/tunisie\/\"},{\"@type\":\"ListItem\",\"position\":2,\"name\":\"Tunisie : Sit-in ouvert des familles des martyrs et bless\u00e9s de la R\u00e9volution\"}]},{\"@type\":\"WebSite\",\"@id\":\"https:\/\/kapitalis.com\/tunisie\/#website\",\"url\":\"https:\/\/kapitalis.com\/tunisie\/\",\"name\":\"Kapitalis\",\"description\":\"L&#039;actualit\u00e9 en Tunisie et dans le monde\",\"publisher\":{\"@id\":\"https:\/\/kapitalis.com\/tunisie\/#organization\"},\"potentialAction\":[{\"@type\":\"SearchAction\",\"target\":{\"@type\":\"EntryPoint\",\"urlTemplate\":\"https:\/\/kapitalis.com\/tunisie\/?s={search_term_string}\"},\"query-input\":{\"@type\":\"PropertyValueSpecification\",\"valueRequired\":true,\"valueName\":\"search_term_string\"}}],\"inLanguage\":\"fr-FR\"},{\"@type\":\"Organization\",\"@id\":\"https:\/\/kapitalis.com\/tunisie\/#organization\",\"name\":\"Kapitalis\",\"url\":\"https:\/\/kapitalis.com\/tunisie\/\",\"logo\":{\"@type\":\"ImageObject\",\"inLanguage\":\"fr-FR\",\"@id\":\"https:\/\/kapitalis.com\/tunisie\/#\/schema\/logo\/image\/\",\"url\":\"https:\/\/kapitalis.com\/tunisie\/wp-content\/uploads\/2022\/05\/Kapitalis-big-size.png\",\"contentUrl\":\"https:\/\/kapitalis.com\/tunisie\/wp-content\/uploads\/2022\/05\/Kapitalis-big-size.png\",\"width\":5000,\"height\":1500,\"caption\":\"Kapitalis\"},\"image\":{\"@id\":\"https:\/\/kapitalis.com\/tunisie\/#\/schema\/logo\/image\/\"},\"sameAs\":[\"https:\/\/www.facebook.com\/KapitalisInfo\/\",\"https:\/\/x.com\/KapitalisInfo\",\"https:\/\/www.youtube.com\/channel\/UC-yDYrHyfFBWWZaOw3FPg9Q\"]},{\"@type\":\"Person\",\"@id\":\"https:\/\/kapitalis.com\/tunisie\/#\/schema\/person\/b35b8d631961131107263178aeb8019e\",\"name\":\"Cherif Benyounes\",\"url\":\"https:\/\/kapitalis.com\/tunisie\/author\/cherif\/\"}]}<\/script>\n<!-- \/ Yoast SEO plugin. -->","yoast_head_json":{"title":"Tunisie : Sit-in ouvert des familles des martyrs et bless\u00e9s de la R\u00e9volution - Kapitalis","robots":{"index":"index","follow":"follow","max-snippet":"max-snippet:-1","max-image-preview":"max-image-preview:large","max-video-preview":"max-video-preview:-1"},"canonical":"https:\/\/kapitalis.com\/tunisie\/2020\/06\/29\/tunisie-sit-in-ouvert-des-familles-des-martyrs-et-blesses-de-la-revolution\/","og_locale":"fr_FR","og_type":"article","og_title":"Tunisie : Sit-in ouvert des familles des martyrs et bless\u00e9s de la R\u00e9volution - Kapitalis","og_description":"Les familles des martyrs et bless\u00e9s de la R\u00e9volution tunisienne ont annonc\u00e9 qu&rsquo;ils observeront un sit-in, \u00e0 partir d&rsquo;aujourd&rsquo;hui, lundi 29 juin 2020, \u00e0 la Kasbah (Tunis) pour protester contre la non-publication de la liste officielle de leurs proches dans le Journal officiel de la r\u00e9publique tunisienne (Jort).","og_url":"https:\/\/kapitalis.com\/tunisie\/2020\/06\/29\/tunisie-sit-in-ouvert-des-familles-des-martyrs-et-blesses-de-la-revolution\/","og_site_name":"Kapitalis","article_publisher":"https:\/\/www.facebook.com\/KapitalisInfo\/","article_published_time":"2020-06-29T08:26:50+00:00","article_modified_time":"2020-06-29T09:53:25+00:00","og_image":[{"width":1200,"height":630,"url":"https:\/\/kapitalis.com\/tunisie\/wp-content\/uploads\/2022\/05\/kapitalis-logo-fb.png","type":"image\/png"}],"author":"Cherif Benyounes","twitter_card":"summary_large_image","twitter_creator":"@KapitalisInfo","twitter_site":"@KapitalisInfo","twitter_misc":{"\u00c9crit par":"Cherif Benyounes","Dur\u00e9e de lecture estim\u00e9e":"1 minute"},"schema":{"@context":"https:\/\/schema.org","@graph":[{"@type":"Article","@id":"https:\/\/kapitalis.com\/tunisie\/2020\/06\/29\/tunisie-sit-in-ouvert-des-familles-des-martyrs-et-blesses-de-la-revolution\/#article","isPartOf":{"@id":"https:\/\/kapitalis.com\/tunisie\/2020\/06\/29\/tunisie-sit-in-ouvert-des-familles-des-martyrs-et-blesses-de-la-revolution\/"},"author":{"name":"Cherif Benyounes","@id":"https:\/\/kapitalis.com\/tunisie\/#\/schema\/person\/b35b8d631961131107263178aeb8019e"},"headline":"Tunisie : Sit-in ouvert des familles des martyrs et bless\u00e9s de la R\u00e9volution","datePublished":"2020-06-29T08:26:50+00:00","dateModified":"2020-06-29T09:53:25+00:00","mainEntityOfPage":{"@id":"https:\/\/kapitalis.com\/tunisie\/2020\/06\/29\/tunisie-sit-in-ouvert-des-familles-des-martyrs-et-blesses-de-la-revolution\/"},"wordCount":189,"commentCount":1,"publisher":{"@id":"https:\/\/kapitalis.com\/tunisie\/#organization"},"keywords":["Jort","martyrs de la r\u00e9volution","R\u00e9volution tunisienne"],"articleSection":["SOCIETE","Tunisie"],"inLanguage":"fr-FR","potentialAction":[{"@type":"CommentAction","name":"Comment","target":["https:\/\/kapitalis.com\/tunisie\/2020\/06\/29\/tunisie-sit-in-ouvert-des-familles-des-martyrs-et-blesses-de-la-revolution\/#respond"]}]},{"@type":"WebPage","@id":"https:\/\/kapitalis.com\/tunisie\/2020\/06\/29\/tunisie-sit-in-ouvert-des-familles-des-martyrs-et-blesses-de-la-revolution\/","url":"https:\/\/kapitalis.com\/tunisie\/2020\/06\/29\/tunisie-sit-in-ouvert-des-familles-des-martyrs-et-blesses-de-la-revolution\/","name":"Tunisie : Sit-in ouvert des familles des martyrs et bless\u00e9s de la R\u00e9volution - Kapitalis","isPartOf":{"@id":"https:\/\/kapitalis.com\/tunisie\/#website"},"datePublished":"2020-06-29T08:26:50+00:00","dateModified":"2020-06-29T09:53:25+00:00","breadcrumb":{"@id":"https:\/\/kapitalis.com\/tunisie\/2020\/06\/29\/tunisie-sit-in-ouvert-des-familles-des-martyrs-et-blesses-de-la-revolution\/#breadcrumb"},"inLanguage":"fr-FR","potentialAction":[{"@type":"ReadAction","target":["https:\/\/kapitalis.com\/tunisie\/2020\/06\/29\/tunisie-sit-in-ouvert-des-familles-des-martyrs-et-blesses-de-la-revolution\/"]}]},{"@type":"BreadcrumbList","@id":"https:\/\/kapitalis.com\/tunisie\/2020\/06\/29\/tunisie-sit-in-ouvert-des-familles-des-martyrs-et-blesses-de-la-revolution\/#breadcrumb","itemListElement":[{"@type":"ListItem","position":1,"name":"Accueil","item":"https:\/\/kapitalis.com\/tunisie\/"},{"@type":"ListItem","position":2,"name":"Tunisie : Sit-in ouvert des familles des martyrs et bless\u00e9s de la R\u00e9volution"}]},{"@type":"WebSite","@id":"https:\/\/kapitalis.com\/tunisie\/#website","url":"https:\/\/kapitalis.com\/tunisie\/","name":"Kapitalis","description":"L&#039;actualit\u00e9 en Tunisie et dans le monde","publisher":{"@id":"https:\/\/kapitalis.com\/tunisie\/#organization"},"potentialAction":[{"@type":"SearchAction","target":{"@type":"EntryPoint","urlTemplate":"https:\/\/kapitalis.com\/tunisie\/?s={search_term_string}"},"query-input":{"@type":"PropertyValueSpecification","valueRequired":true,"valueName":"search_term_string"}}],"inLanguage":"fr-FR"},{"@type":"Organization","@id":"https:\/\/kapitalis.com\/tunisie\/#organization","name":"Kapitalis","url":"https:\/\/kapitalis.com\/tunisie\/","logo":{"@type":"ImageObject","inLanguage":"fr-FR","@id":"https:\/\/kapitalis.com\/tunisie\/#\/schema\/logo\/image\/","url":"https:\/\/kapitalis.com\/tunisie\/wp-content\/uploads\/2022\/05\/Kapitalis-big-size.png","contentUrl":"https:\/\/kapitalis.com\/tunisie\/wp-content\/uploads\/2022\/05\/Kapitalis-big-size.png","width":5000,"height":1500,"caption":"Kapitalis"},"image":{"@id":"https:\/\/kapitalis.com\/tunisie\/#\/schema\/logo\/image\/"},"sameAs":["https:\/\/www.facebook.com\/KapitalisInfo\/","https:\/\/x.com\/KapitalisInfo","https:\/\/www.youtube.com\/channel\/UC-yDYrHyfFBWWZaOw3FPg9Q"]},{"@type":"Person","@id":"https:\/\/kapitalis.com\/tunisie\/#\/schema\/person\/b35b8d631961131107263178aeb8019e","name":"Cherif Benyounes","url":"https:\/\/kapitalis.com\/tunisie\/author\/cherif\/"}]}},"_links":{"self":[{"href":"https:\/\/kapitalis.com\/tunisie\/wp-json\/wp\/v2\/posts\/305582","targetHints":{"allow":["GET"]}}],"collection":[{"href":"https:\/\/kapitalis.com\/tunisie\/wp-json\/wp\/v2\/posts"}],"about":[{"href":"https:\/\/kapitalis.com\/tunisie\/wp-json\/wp\/v2\/types\/post"}],"author":[{"embeddable":true,"href":"https:\/\/kapitalis.com\/tunisie\/wp-json\/wp\/v2\/users\/24"}],"replies":[{"embeddable":true,"href":"https:\/\/kapitalis.com\/tunisie\/wp-json\/wp\/v2\/comments?post=305582"}],"version-history":[{"count":0,"href":"https:\/\/kapitalis.com\/tunisie\/wp-json\/wp\/v2\/posts\/305582\/revisions"}],"wp:attachment":[{"href":"https:\/\/kapitalis.com\/tunisie\/wp-json\/wp\/v2\/media?parent=305582"}],"wp:term":[{"taxonomy":"category","embeddable":true,"href":"https:\/\/kapitalis.com\/tunisie\/wp-json\/wp\/v2\/categories?post=305582"},{"taxonomy":"post_tag","embeddable":true,"href":"https:\/\/kapitalis.com\/tunisie\/wp-json\/wp\/v2\/tags?post=305582"}],"curies":[{"name":"wp","href":"https:\/\/api.w.org\/{rel}","templated":true}]}}