{"id":305596,"date":"2020-06-29T10:39:09","date_gmt":"2020-06-29T09:39:09","guid":{"rendered":"http:\/\/kapitalis.com\/tunisie\/?p=305596"},"modified":"2020-06-29T10:39:11","modified_gmt":"2020-06-29T09:39:11","slug":"letat-sous-traite-la-formation-de-800-imams-par-le-csid-du-nahdhaoui-radwan-masmoudi","status":"publish","type":"post","link":"https:\/\/kapitalis.com\/tunisie\/2020\/06\/29\/letat-sous-traite-la-formation-de-800-imams-par-le-csid-du-nahdhaoui-radwan-masmoudi\/","title":{"rendered":"L\u2019Etat sous-traite la formation de 800 imams par le CSID du Nahdhaoui Radwan Masmoudi"},"content":{"rendered":"\n<figure class=\"wp-block-image size-large\"><img decoding=\"async\" src=\"http:\/\/kapitalis.com\/tunisie\/wp-content\/uploads\/2015\/08\/Radwan-Masmoudi1.jpg\" alt=\"\" class=\"wp-image-11547\"\/><figcaption><em>Le Nahdhaoui financ\u00e9 par les Am\u00e9ricains va assurer la formation des imams tunisiens. <\/em><\/figcaption><\/figure>\n\n\n\n<p><strong><em>Le Center for the Study of Islam &amp; Democracy (CSID) de l\u2019activiste islamiste tuniso-am\u00e9ricain, membre d\u2019Ennahdha, Radwan Masmoudi, lance dans les prochains jours un projet de formation de 800 imams dans 10 gouvernorats tunisiens. Innocente initiative ?!!<\/em><\/strong><\/p>\n\n\n\n<!--more-->\n\n\n\n<p>Le plus grave dans cette op\u00e9ration, c\u2019est qu\u2019elle sera lanc\u00e9e en partenariat avec le minist\u00e8re des Affaires religieuses. C\u2019est en tout cas ce qu\u2019annonce<strong><a href=\"http:\/\/ar.csidtunisia.org\/%D9%85%D8%B1%D9%83%D8%B2-%D8%AF%D8%B1%D8%A7%D8%B3%D8%A9-%D8%A7%D9%84%D8%A5%D8%B3%D9%84%D8%A7%D9%85-%D9%88%D8%A7%D9%84%D8%AF%D9%8A%D9%85%D9%82%D8%B1%D8%A7%D8%B7%D9%8A%D8%A9-%D9%8A%D8%B7%D9%84%D9%82-%D9%85%D8%B4%D8%B1%D9%88%D8%B9%D8%A7-%D9%84%D8%AA%D9%83%D9%88%D9%8A%D9%86-800-%D8%A5%D9%85%D8%A7%D9%85-%D9%88-%D9%81%D8%A7%D8%B9%D9%84-%D8%AF%D9%8A%D9%86%D9%8A-%D9%81%D9%8A-10-%D9%88%D9%84%D8%A7%D9%8A%D8%A7%D8%AA?fbclid=IwAR2233Hw5ybWJDQLbCeaL7ohfv1w_75X9w2CwunvdN5GqFj-FhsCH4xcIYo\" target=\"_blank\" rel=\"noreferrer noopener\"> le CSID sur son site web<\/a><\/strong>. Et on peut se demander pourquoi l\u2019Etat tunisiens avec ses moyens (des centaines d\u2019imams, milliers de mosqu\u00e9es et des centaines d\u2019enseignants universitaires en sciences religieuses) laisse-t-il le soin de former ses imams \u00e0 une association qui pr\u00e9sente deux inconv\u00e9nients : son pr\u00e9sident est membre d\u2019un parti, Ennahdha, et son association est financ\u00e9e, entre autres, par l\u2019Etat am\u00e9ricain.<\/p>\n\n\n\n<p>Difficile dans ce cas d\u2019\u00e9viter la politisation de l\u2019op\u00e9ration. Il y a donc danger\u2026 Et le chef du gouvernement doit y mettre fin imm\u00e9diatement et exiger des explications de son ministre des Affaires religieuses.<\/p>\n\n\n\n<p class=\"has-text-align-right\"><strong>Imed Bahri<\/strong><\/p>\n","protected":false},"excerpt":{"rendered":"<p>Le Center for the Study of Islam &amp; Democracy (CSID) de l\u2019activiste islamiste tuniso-am\u00e9ricain, membre d\u2019Ennahdha, Radwan Masmoudi, lance dans les prochains jours un projet de formation de 800 imams dans 10 gouvernorats tunisiens. Innocente initiative ?!!<\/p>\n","protected":false},"author":8,"featured_media":0,"comment_status":"open","ping_status":"open","sticky":false,"template":"","format":"standard","meta":{"footnotes":""},"categories":[997,998,2433],"tags":[80286,78606,49543,80287,4796],"class_list":["post-305596","post","type-post","status-publish","format-standard","hentry","category-politique","category-societe","category-tunisie","tag-center-for-the-study-of-islam-democracy","tag-csid","tag-ennahdha","tag-formation-des-imams","tag-radwan-masmoudi"],"yoast_head":"<!-- This site is optimized with the Yoast SEO plugin v26.6 - https:\/\/yoast.com\/wordpress\/plugins\/seo\/ -->\n<title>L\u2019Etat sous-traite la formation de 800 imams par le CSID du Nahdhaoui Radwan Masmoudi - Kapitalis<\/title>\n<meta name=\"robots\" content=\"index, follow, max-snippet:-1, max-image-preview:large, max-video-preview:-1\" \/>\n<link rel=\"canonical\" href=\"https:\/\/kapitalis.com\/tunisie\/2020\/06\/29\/letat-sous-traite-la-formation-de-800-imams-par-le-csid-du-nahdhaoui-radwan-masmoudi\/\" \/>\n<meta property=\"og:locale\" content=\"fr_FR\" \/>\n<meta property=\"og:type\" content=\"article\" \/>\n<meta property=\"og:title\" content=\"L\u2019Etat sous-traite la formation de 800 imams par le CSID du Nahdhaoui Radwan Masmoudi - Kapitalis\" \/>\n<meta property=\"og:description\" content=\"Le Center for the Study of Islam &amp; Democracy (CSID) de l\u2019activiste islamiste tuniso-am\u00e9ricain, membre d\u2019Ennahdha, Radwan Masmoudi, lance dans les prochains jours un projet de formation de 800 imams dans 10 gouvernorats tunisiens. Innocente initiative ?!!\" \/>\n<meta property=\"og:url\" content=\"https:\/\/kapitalis.com\/tunisie\/2020\/06\/29\/letat-sous-traite-la-formation-de-800-imams-par-le-csid-du-nahdhaoui-radwan-masmoudi\/\" \/>\n<meta property=\"og:site_name\" content=\"Kapitalis\" \/>\n<meta property=\"article:publisher\" content=\"https:\/\/www.facebook.com\/KapitalisInfo\/\" \/>\n<meta property=\"article:published_time\" content=\"2020-06-29T09:39:09+00:00\" \/>\n<meta property=\"article:modified_time\" content=\"2020-06-29T09:39:11+00:00\" \/>\n<meta property=\"og:image\" content=\"http:\/\/kapitalis.com\/tunisie\/wp-content\/uploads\/2015\/08\/Radwan-Masmoudi1.jpg\" \/>\n<meta name=\"author\" content=\"webmaster kapitalis\" \/>\n<meta name=\"twitter:card\" content=\"summary_large_image\" \/>\n<meta name=\"twitter:creator\" content=\"@KapitalisInfo\" \/>\n<meta name=\"twitter:site\" content=\"@KapitalisInfo\" \/>\n<meta name=\"twitter:label1\" content=\"\u00c9crit par\" \/>\n\t<meta name=\"twitter:data1\" content=\"webmaster kapitalis\" \/>\n\t<meta name=\"twitter:label2\" content=\"Dur\u00e9e de lecture estim\u00e9e\" \/>\n\t<meta name=\"twitter:data2\" content=\"1 minute\" \/>\n<script type=\"application\/ld+json\" class=\"yoast-schema-graph\">{\"@context\":\"https:\/\/schema.org\",\"@graph\":[{\"@type\":\"Article\",\"@id\":\"https:\/\/kapitalis.com\/tunisie\/2020\/06\/29\/letat-sous-traite-la-formation-de-800-imams-par-le-csid-du-nahdhaoui-radwan-masmoudi\/#article\",\"isPartOf\":{\"@id\":\"https:\/\/kapitalis.com\/tunisie\/2020\/06\/29\/letat-sous-traite-la-formation-de-800-imams-par-le-csid-du-nahdhaoui-radwan-masmoudi\/\"},\"author\":{\"name\":\"webmaster kapitalis\",\"@id\":\"https:\/\/kapitalis.com\/tunisie\/#\/schema\/person\/d71f33a9ca44f7bad4698210b480c8e9\"},\"headline\":\"L\u2019Etat sous-traite la formation de 800 imams par le CSID du Nahdhaoui Radwan Masmoudi\",\"datePublished\":\"2020-06-29T09:39:09+00:00\",\"dateModified\":\"2020-06-29T09:39:11+00:00\",\"mainEntityOfPage\":{\"@id\":\"https:\/\/kapitalis.com\/tunisie\/2020\/06\/29\/letat-sous-traite-la-formation-de-800-imams-par-le-csid-du-nahdhaoui-radwan-masmoudi\/\"},\"wordCount\":208,\"commentCount\":0,\"publisher\":{\"@id\":\"https:\/\/kapitalis.com\/tunisie\/#organization\"},\"image\":{\"@id\":\"https:\/\/kapitalis.com\/tunisie\/2020\/06\/29\/letat-sous-traite-la-formation-de-800-imams-par-le-csid-du-nahdhaoui-radwan-masmoudi\/#primaryimage\"},\"thumbnailUrl\":\"http:\/\/kapitalis.com\/tunisie\/wp-content\/uploads\/2015\/08\/Radwan-Masmoudi1.jpg\",\"keywords\":[\"Center for the Study of Islam &amp; Democracy\",\"CSID\",\"Ennahdha\",\"formation des imams\",\"Radwan Masmoudi\"],\"articleSection\":[\"POLITIQUE\",\"SOCIETE\",\"Tunisie\"],\"inLanguage\":\"fr-FR\",\"potentialAction\":[{\"@type\":\"CommentAction\",\"name\":\"Comment\",\"target\":[\"https:\/\/kapitalis.com\/tunisie\/2020\/06\/29\/letat-sous-traite-la-formation-de-800-imams-par-le-csid-du-nahdhaoui-radwan-masmoudi\/#respond\"]}]},{\"@type\":\"WebPage\",\"@id\":\"https:\/\/kapitalis.com\/tunisie\/2020\/06\/29\/letat-sous-traite-la-formation-de-800-imams-par-le-csid-du-nahdhaoui-radwan-masmoudi\/\",\"url\":\"https:\/\/kapitalis.com\/tunisie\/2020\/06\/29\/letat-sous-traite-la-formation-de-800-imams-par-le-csid-du-nahdhaoui-radwan-masmoudi\/\",\"name\":\"L\u2019Etat sous-traite la formation de 800 imams par le CSID du Nahdhaoui Radwan Masmoudi - Kapitalis\",\"isPartOf\":{\"@id\":\"https:\/\/kapitalis.com\/tunisie\/#website\"},\"primaryImageOfPage\":{\"@id\":\"https:\/\/kapitalis.com\/tunisie\/2020\/06\/29\/letat-sous-traite-la-formation-de-800-imams-par-le-csid-du-nahdhaoui-radwan-masmoudi\/#primaryimage\"},\"image\":{\"@id\":\"https:\/\/kapitalis.com\/tunisie\/2020\/06\/29\/letat-sous-traite-la-formation-de-800-imams-par-le-csid-du-nahdhaoui-radwan-masmoudi\/#primaryimage\"},\"thumbnailUrl\":\"http:\/\/kapitalis.com\/tunisie\/wp-content\/uploads\/2015\/08\/Radwan-Masmoudi1.jpg\",\"datePublished\":\"2020-06-29T09:39:09+00:00\",\"dateModified\":\"2020-06-29T09:39:11+00:00\",\"breadcrumb\":{\"@id\":\"https:\/\/kapitalis.com\/tunisie\/2020\/06\/29\/letat-sous-traite-la-formation-de-800-imams-par-le-csid-du-nahdhaoui-radwan-masmoudi\/#breadcrumb\"},\"inLanguage\":\"fr-FR\",\"potentialAction\":[{\"@type\":\"ReadAction\",\"target\":[\"https:\/\/kapitalis.com\/tunisie\/2020\/06\/29\/letat-sous-traite-la-formation-de-800-imams-par-le-csid-du-nahdhaoui-radwan-masmoudi\/\"]}]},{\"@type\":\"ImageObject\",\"inLanguage\":\"fr-FR\",\"@id\":\"https:\/\/kapitalis.com\/tunisie\/2020\/06\/29\/letat-sous-traite-la-formation-de-800-imams-par-le-csid-du-nahdhaoui-radwan-masmoudi\/#primaryimage\",\"url\":\"http:\/\/kapitalis.com\/tunisie\/wp-content\/uploads\/2015\/08\/Radwan-Masmoudi1.jpg\",\"contentUrl\":\"http:\/\/kapitalis.com\/tunisie\/wp-content\/uploads\/2015\/08\/Radwan-Masmoudi1.jpg\"},{\"@type\":\"BreadcrumbList\",\"@id\":\"https:\/\/kapitalis.com\/tunisie\/2020\/06\/29\/letat-sous-traite-la-formation-de-800-imams-par-le-csid-du-nahdhaoui-radwan-masmoudi\/#breadcrumb\",\"itemListElement\":[{\"@type\":\"ListItem\",\"position\":1,\"name\":\"Accueil\",\"item\":\"https:\/\/kapitalis.com\/tunisie\/\"},{\"@type\":\"ListItem\",\"position\":2,\"name\":\"L\u2019Etat sous-traite la formation de 800 imams par le CSID du Nahdhaoui Radwan Masmoudi\"}]},{\"@type\":\"WebSite\",\"@id\":\"https:\/\/kapitalis.com\/tunisie\/#website\",\"url\":\"https:\/\/kapitalis.com\/tunisie\/\",\"name\":\"Kapitalis\",\"description\":\"L&#039;actualit\u00e9 en Tunisie et dans le monde\",\"publisher\":{\"@id\":\"https:\/\/kapitalis.com\/tunisie\/#organization\"},\"potentialAction\":[{\"@type\":\"SearchAction\",\"target\":{\"@type\":\"EntryPoint\",\"urlTemplate\":\"https:\/\/kapitalis.com\/tunisie\/?s={search_term_string}\"},\"query-input\":{\"@type\":\"PropertyValueSpecification\",\"valueRequired\":true,\"valueName\":\"search_term_string\"}}],\"inLanguage\":\"fr-FR\"},{\"@type\":\"Organization\",\"@id\":\"https:\/\/kapitalis.com\/tunisie\/#organization\",\"name\":\"Kapitalis\",\"url\":\"https:\/\/kapitalis.com\/tunisie\/\",\"logo\":{\"@type\":\"ImageObject\",\"inLanguage\":\"fr-FR\",\"@id\":\"https:\/\/kapitalis.com\/tunisie\/#\/schema\/logo\/image\/\",\"url\":\"https:\/\/kapitalis.com\/tunisie\/wp-content\/uploads\/2022\/05\/Kapitalis-big-size.png\",\"contentUrl\":\"https:\/\/kapitalis.com\/tunisie\/wp-content\/uploads\/2022\/05\/Kapitalis-big-size.png\",\"width\":5000,\"height\":1500,\"caption\":\"Kapitalis\"},\"image\":{\"@id\":\"https:\/\/kapitalis.com\/tunisie\/#\/schema\/logo\/image\/\"},\"sameAs\":[\"https:\/\/www.facebook.com\/KapitalisInfo\/\",\"https:\/\/x.com\/KapitalisInfo\",\"https:\/\/www.youtube.com\/channel\/UC-yDYrHyfFBWWZaOw3FPg9Q\"]},{\"@type\":\"Person\",\"@id\":\"https:\/\/kapitalis.com\/tunisie\/#\/schema\/person\/d71f33a9ca44f7bad4698210b480c8e9\",\"name\":\"webmaster kapitalis\",\"url\":\"https:\/\/kapitalis.com\/tunisie\/author\/webmaster-kapitalis\/\"}]}<\/script>\n<!-- \/ Yoast SEO plugin. -->","yoast_head_json":{"title":"L\u2019Etat sous-traite la formation de 800 imams par le CSID du Nahdhaoui Radwan Masmoudi - Kapitalis","robots":{"index":"index","follow":"follow","max-snippet":"max-snippet:-1","max-image-preview":"max-image-preview:large","max-video-preview":"max-video-preview:-1"},"canonical":"https:\/\/kapitalis.com\/tunisie\/2020\/06\/29\/letat-sous-traite-la-formation-de-800-imams-par-le-csid-du-nahdhaoui-radwan-masmoudi\/","og_locale":"fr_FR","og_type":"article","og_title":"L\u2019Etat sous-traite la formation de 800 imams par le CSID du Nahdhaoui Radwan Masmoudi - Kapitalis","og_description":"Le Center for the Study of Islam &amp; Democracy (CSID) de l\u2019activiste islamiste tuniso-am\u00e9ricain, membre d\u2019Ennahdha, Radwan Masmoudi, lance dans les prochains jours un projet de formation de 800 imams dans 10 gouvernorats tunisiens. Innocente initiative ?!!","og_url":"https:\/\/kapitalis.com\/tunisie\/2020\/06\/29\/letat-sous-traite-la-formation-de-800-imams-par-le-csid-du-nahdhaoui-radwan-masmoudi\/","og_site_name":"Kapitalis","article_publisher":"https:\/\/www.facebook.com\/KapitalisInfo\/","article_published_time":"2020-06-29T09:39:09+00:00","article_modified_time":"2020-06-29T09:39:11+00:00","og_image":[{"url":"http:\/\/kapitalis.com\/tunisie\/wp-content\/uploads\/2015\/08\/Radwan-Masmoudi1.jpg","type":"","width":"","height":""}],"author":"webmaster kapitalis","twitter_card":"summary_large_image","twitter_creator":"@KapitalisInfo","twitter_site":"@KapitalisInfo","twitter_misc":{"\u00c9crit par":"webmaster kapitalis","Dur\u00e9e de lecture estim\u00e9e":"1 minute"},"schema":{"@context":"https:\/\/schema.org","@graph":[{"@type":"Article","@id":"https:\/\/kapitalis.com\/tunisie\/2020\/06\/29\/letat-sous-traite-la-formation-de-800-imams-par-le-csid-du-nahdhaoui-radwan-masmoudi\/#article","isPartOf":{"@id":"https:\/\/kapitalis.com\/tunisie\/2020\/06\/29\/letat-sous-traite-la-formation-de-800-imams-par-le-csid-du-nahdhaoui-radwan-masmoudi\/"},"author":{"name":"webmaster kapitalis","@id":"https:\/\/kapitalis.com\/tunisie\/#\/schema\/person\/d71f33a9ca44f7bad4698210b480c8e9"},"headline":"L\u2019Etat sous-traite la formation de 800 imams par le CSID du Nahdhaoui Radwan Masmoudi","datePublished":"2020-06-29T09:39:09+00:00","dateModified":"2020-06-29T09:39:11+00:00","mainEntityOfPage":{"@id":"https:\/\/kapitalis.com\/tunisie\/2020\/06\/29\/letat-sous-traite-la-formation-de-800-imams-par-le-csid-du-nahdhaoui-radwan-masmoudi\/"},"wordCount":208,"commentCount":0,"publisher":{"@id":"https:\/\/kapitalis.com\/tunisie\/#organization"},"image":{"@id":"https:\/\/kapitalis.com\/tunisie\/2020\/06\/29\/letat-sous-traite-la-formation-de-800-imams-par-le-csid-du-nahdhaoui-radwan-masmoudi\/#primaryimage"},"thumbnailUrl":"http:\/\/kapitalis.com\/tunisie\/wp-content\/uploads\/2015\/08\/Radwan-Masmoudi1.jpg","keywords":["Center for the Study of Islam &amp; Democracy","CSID","Ennahdha","formation des imams","Radwan Masmoudi"],"articleSection":["POLITIQUE","SOCIETE","Tunisie"],"inLanguage":"fr-FR","potentialAction":[{"@type":"CommentAction","name":"Comment","target":["https:\/\/kapitalis.com\/tunisie\/2020\/06\/29\/letat-sous-traite-la-formation-de-800-imams-par-le-csid-du-nahdhaoui-radwan-masmoudi\/#respond"]}]},{"@type":"WebPage","@id":"https:\/\/kapitalis.com\/tunisie\/2020\/06\/29\/letat-sous-traite-la-formation-de-800-imams-par-le-csid-du-nahdhaoui-radwan-masmoudi\/","url":"https:\/\/kapitalis.com\/tunisie\/2020\/06\/29\/letat-sous-traite-la-formation-de-800-imams-par-le-csid-du-nahdhaoui-radwan-masmoudi\/","name":"L\u2019Etat sous-traite la formation de 800 imams par le CSID du Nahdhaoui Radwan Masmoudi - Kapitalis","isPartOf":{"@id":"https:\/\/kapitalis.com\/tunisie\/#website"},"primaryImageOfPage":{"@id":"https:\/\/kapitalis.com\/tunisie\/2020\/06\/29\/letat-sous-traite-la-formation-de-800-imams-par-le-csid-du-nahdhaoui-radwan-masmoudi\/#primaryimage"},"image":{"@id":"https:\/\/kapitalis.com\/tunisie\/2020\/06\/29\/letat-sous-traite-la-formation-de-800-imams-par-le-csid-du-nahdhaoui-radwan-masmoudi\/#primaryimage"},"thumbnailUrl":"http:\/\/kapitalis.com\/tunisie\/wp-content\/uploads\/2015\/08\/Radwan-Masmoudi1.jpg","datePublished":"2020-06-29T09:39:09+00:00","dateModified":"2020-06-29T09:39:11+00:00","breadcrumb":{"@id":"https:\/\/kapitalis.com\/tunisie\/2020\/06\/29\/letat-sous-traite-la-formation-de-800-imams-par-le-csid-du-nahdhaoui-radwan-masmoudi\/#breadcrumb"},"inLanguage":"fr-FR","potentialAction":[{"@type":"ReadAction","target":["https:\/\/kapitalis.com\/tunisie\/2020\/06\/29\/letat-sous-traite-la-formation-de-800-imams-par-le-csid-du-nahdhaoui-radwan-masmoudi\/"]}]},{"@type":"ImageObject","inLanguage":"fr-FR","@id":"https:\/\/kapitalis.com\/tunisie\/2020\/06\/29\/letat-sous-traite-la-formation-de-800-imams-par-le-csid-du-nahdhaoui-radwan-masmoudi\/#primaryimage","url":"http:\/\/kapitalis.com\/tunisie\/wp-content\/uploads\/2015\/08\/Radwan-Masmoudi1.jpg","contentUrl":"http:\/\/kapitalis.com\/tunisie\/wp-content\/uploads\/2015\/08\/Radwan-Masmoudi1.jpg"},{"@type":"BreadcrumbList","@id":"https:\/\/kapitalis.com\/tunisie\/2020\/06\/29\/letat-sous-traite-la-formation-de-800-imams-par-le-csid-du-nahdhaoui-radwan-masmoudi\/#breadcrumb","itemListElement":[{"@type":"ListItem","position":1,"name":"Accueil","item":"https:\/\/kapitalis.com\/tunisie\/"},{"@type":"ListItem","position":2,"name":"L\u2019Etat sous-traite la formation de 800 imams par le CSID du Nahdhaoui Radwan Masmoudi"}]},{"@type":"WebSite","@id":"https:\/\/kapitalis.com\/tunisie\/#website","url":"https:\/\/kapitalis.com\/tunisie\/","name":"Kapitalis","description":"L&#039;actualit\u00e9 en Tunisie et dans le monde","publisher":{"@id":"https:\/\/kapitalis.com\/tunisie\/#organization"},"potentialAction":[{"@type":"SearchAction","target":{"@type":"EntryPoint","urlTemplate":"https:\/\/kapitalis.com\/tunisie\/?s={search_term_string}"},"query-input":{"@type":"PropertyValueSpecification","valueRequired":true,"valueName":"search_term_string"}}],"inLanguage":"fr-FR"},{"@type":"Organization","@id":"https:\/\/kapitalis.com\/tunisie\/#organization","name":"Kapitalis","url":"https:\/\/kapitalis.com\/tunisie\/","logo":{"@type":"ImageObject","inLanguage":"fr-FR","@id":"https:\/\/kapitalis.com\/tunisie\/#\/schema\/logo\/image\/","url":"https:\/\/kapitalis.com\/tunisie\/wp-content\/uploads\/2022\/05\/Kapitalis-big-size.png","contentUrl":"https:\/\/kapitalis.com\/tunisie\/wp-content\/uploads\/2022\/05\/Kapitalis-big-size.png","width":5000,"height":1500,"caption":"Kapitalis"},"image":{"@id":"https:\/\/kapitalis.com\/tunisie\/#\/schema\/logo\/image\/"},"sameAs":["https:\/\/www.facebook.com\/KapitalisInfo\/","https:\/\/x.com\/KapitalisInfo","https:\/\/www.youtube.com\/channel\/UC-yDYrHyfFBWWZaOw3FPg9Q"]},{"@type":"Person","@id":"https:\/\/kapitalis.com\/tunisie\/#\/schema\/person\/d71f33a9ca44f7bad4698210b480c8e9","name":"webmaster kapitalis","url":"https:\/\/kapitalis.com\/tunisie\/author\/webmaster-kapitalis\/"}]}},"_links":{"self":[{"href":"https:\/\/kapitalis.com\/tunisie\/wp-json\/wp\/v2\/posts\/305596","targetHints":{"allow":["GET"]}}],"collection":[{"href":"https:\/\/kapitalis.com\/tunisie\/wp-json\/wp\/v2\/posts"}],"about":[{"href":"https:\/\/kapitalis.com\/tunisie\/wp-json\/wp\/v2\/types\/post"}],"author":[{"embeddable":true,"href":"https:\/\/kapitalis.com\/tunisie\/wp-json\/wp\/v2\/users\/8"}],"replies":[{"embeddable":true,"href":"https:\/\/kapitalis.com\/tunisie\/wp-json\/wp\/v2\/comments?post=305596"}],"version-history":[{"count":0,"href":"https:\/\/kapitalis.com\/tunisie\/wp-json\/wp\/v2\/posts\/305596\/revisions"}],"wp:attachment":[{"href":"https:\/\/kapitalis.com\/tunisie\/wp-json\/wp\/v2\/media?parent=305596"}],"wp:term":[{"taxonomy":"category","embeddable":true,"href":"https:\/\/kapitalis.com\/tunisie\/wp-json\/wp\/v2\/categories?post=305596"},{"taxonomy":"post_tag","embeddable":true,"href":"https:\/\/kapitalis.com\/tunisie\/wp-json\/wp\/v2\/tags?post=305596"}],"curies":[{"name":"wp","href":"https:\/\/api.w.org\/{rel}","templated":true}]}}