{"id":305853,"date":"2020-06-30T15:03:03","date_gmt":"2020-06-30T14:03:03","guid":{"rendered":"http:\/\/kapitalis.com\/tunisie\/?p=305853"},"modified":"2020-06-30T15:03:04","modified_gmt":"2020-06-30T14:03:04","slug":"espace-yasmina-a-hammamet-que-despoirs-decus","status":"publish","type":"post","link":"https:\/\/kapitalis.com\/tunisie\/2020\/06\/30\/espace-yasmina-a-hammamet-que-despoirs-decus\/","title":{"rendered":"Espace Yasmina \u00e0 Hammamet : Que d\u2019espoirs d\u00e9\u00e7us !"},"content":{"rendered":"\n<figure class=\"wp-block-image size-large\"><img decoding=\"async\" src=\"http:\/\/kapitalis.com\/tunisie\/wp-content\/uploads\/2020\/06\/Espace-Yasmina-Hammamet.jpg\" alt=\"\" class=\"wp-image-305854\"\/><\/figure>\n\n\n\n<p><strong><em>Le r\u00e9seau associatif local de Hammamet, d\u00e9\u00e7u par l\u2019immobilisme du conseil municipal et le peu de cas r\u00e9serv\u00e9 aux dol\u00e9ances des habitants concernant le dossier de l&rsquo;espace Yasmina, au centre-ville, a d\u00e9cid\u00e9 de relancer la campagne #Sayeb_Yasmina initi\u00e9e en 2016.<\/em><\/strong><\/p>\n\n\n\n<!--more-->\n\n\n\n<p>L\u2019arriv\u00e9e \u00e0 la t\u00eate de la ville de Hammamet d\u2019un conseil municipal \u00e9lu a fait na\u00eetre l\u2019espoir de voir enfin la question de l\u2019espace Yasmina r\u00e9solue \u00e9tant donn\u00e9 que ce sujet occupait une place de choix dans tous les programmes \u00e9lectoraux. Deux ann\u00e9es apr\u00e8s l\u2019intronisation du nouveau conseil, cet espoir est d\u00e9\u00e7u et la nouvelle \u00e9quipe n\u2019a rien entrepris pour r\u00e9pondre aux exigences des citoyens.<\/p>\n\n\n\n<p>Ces exigences consistent \u00e0 :<\/p>\n\n\n\n<ul class=\"wp-block-list\"><li>pr\u00e9server l\u2019unit\u00e9 de l\u2019espace Yasmina en tant que parc urbain et espace socioculturel, r\u00e9cr\u00e9atif et \u00e9cologique repr\u00e9sentant l\u2019unique poumon vert au centre ville de Hammamet;<\/li><li>demander l\u2019acquisition par la municipalit\u00e9 des parcelles de l\u2019Agence fonci\u00e8re touristique (AFT) c\u00e9d\u00e9es de mani\u00e8re suspecte et l\u2019annulation du changement de vocation de la zone sur le plan d\u2019am\u00e9nagement urbain (PAU) en cours de r\u00e9vision;<\/li><li>reconduire le gel de toutes les demandes de lotissements ou d\u2019autorisations de b\u00e2tir sur ce terrain.<\/li><\/ul>\n\n\n\n<p>Mais le site est \u00e0 l\u2019abandon. Pire encore, il a \u00e9t\u00e9 transform\u00e9 en d\u00e9potoir et l\u2019enveloppe budg\u00e9taire (150.000 dinars) allou\u00e9e en 2019 pour l\u2019entretien des jardins s\u2019est comme par enchantement \u00e9vapor\u00e9e. Ceci ne fera qu\u2019attiser les convoitises des promoteurs priv\u00e9s pour l\u2019espace.<\/p>\n\n\n\n<p>La vigilance citoyenne est plus que n\u00e9cessaire. C\u2019est le sens de la demande d\u2019entrevue adress\u00e9e par le r\u00e9seau associatif local de Hammamet au pr\u00e9sident de la commune.<\/p>\n","protected":false},"excerpt":{"rendered":"<p>Le r\u00e9seau associatif local de Hammamet, d\u00e9\u00e7u par l\u2019immobilisme du conseil municipal et le peu de cas r\u00e9serv\u00e9 aux dol\u00e9ances des habitants concernant le dossier de l&rsquo;espace Yasmina, au centre-ville, a d\u00e9cid\u00e9 de relancer la campagne #Sayeb_Yasmina initi\u00e9e en 2016.<\/p>\n","protected":false},"author":8,"featured_media":305854,"comment_status":"open","ping_status":"open","sticky":false,"template":"","format":"standard","meta":{"footnotes":""},"categories":[998,2433],"tags":[80345,439],"class_list":["post-305853","post","type-post","status-publish","format-standard","has-post-thumbnail","hentry","category-societe","category-tunisie","tag-espace-yasmina","tag-hammamet"],"yoast_head":"<!-- This site is optimized with the Yoast SEO plugin v26.6 - https:\/\/yoast.com\/wordpress\/plugins\/seo\/ -->\n<title>Espace Yasmina \u00e0 Hammamet : Que d\u2019espoirs d\u00e9\u00e7us ! - Kapitalis<\/title>\n<meta name=\"robots\" content=\"index, follow, max-snippet:-1, max-image-preview:large, max-video-preview:-1\" \/>\n<link rel=\"canonical\" href=\"https:\/\/kapitalis.com\/tunisie\/2020\/06\/30\/espace-yasmina-a-hammamet-que-despoirs-decus\/\" \/>\n<meta property=\"og:locale\" content=\"fr_FR\" \/>\n<meta property=\"og:type\" content=\"article\" \/>\n<meta property=\"og:title\" content=\"Espace Yasmina \u00e0 Hammamet : Que d\u2019espoirs d\u00e9\u00e7us ! - Kapitalis\" \/>\n<meta property=\"og:description\" content=\"Le r\u00e9seau associatif local de Hammamet, d\u00e9\u00e7u par l\u2019immobilisme du conseil municipal et le peu de cas r\u00e9serv\u00e9 aux dol\u00e9ances des habitants concernant le dossier de l&rsquo;espace Yasmina, au centre-ville, a d\u00e9cid\u00e9 de relancer la campagne #Sayeb_Yasmina initi\u00e9e en 2016.\" \/>\n<meta property=\"og:url\" content=\"https:\/\/kapitalis.com\/tunisie\/2020\/06\/30\/espace-yasmina-a-hammamet-que-despoirs-decus\/\" \/>\n<meta property=\"og:site_name\" content=\"Kapitalis\" \/>\n<meta property=\"article:publisher\" content=\"https:\/\/www.facebook.com\/KapitalisInfo\/\" \/>\n<meta property=\"article:published_time\" content=\"2020-06-30T14:03:03+00:00\" \/>\n<meta property=\"article:modified_time\" content=\"2020-06-30T14:03:04+00:00\" \/>\n<meta property=\"og:image\" content=\"https:\/\/kapitalis.com\/tunisie\/wp-content\/uploads\/2022\/05\/kapitalis-logo-fb.png\" \/>\n\t<meta property=\"og:image:width\" content=\"1200\" \/>\n\t<meta property=\"og:image:height\" content=\"630\" \/>\n\t<meta property=\"og:image:type\" content=\"image\/png\" \/>\n<meta name=\"author\" content=\"webmaster kapitalis\" \/>\n<meta name=\"twitter:card\" content=\"summary_large_image\" \/>\n<meta name=\"twitter:creator\" content=\"@KapitalisInfo\" \/>\n<meta name=\"twitter:site\" content=\"@KapitalisInfo\" \/>\n<meta name=\"twitter:label1\" content=\"\u00c9crit par\" \/>\n\t<meta name=\"twitter:data1\" content=\"webmaster kapitalis\" \/>\n\t<meta name=\"twitter:label2\" content=\"Dur\u00e9e de lecture estim\u00e9e\" \/>\n\t<meta name=\"twitter:data2\" content=\"2 minutes\" \/>\n<script type=\"application\/ld+json\" class=\"yoast-schema-graph\">{\"@context\":\"https:\/\/schema.org\",\"@graph\":[{\"@type\":\"Article\",\"@id\":\"https:\/\/kapitalis.com\/tunisie\/2020\/06\/30\/espace-yasmina-a-hammamet-que-despoirs-decus\/#article\",\"isPartOf\":{\"@id\":\"https:\/\/kapitalis.com\/tunisie\/2020\/06\/30\/espace-yasmina-a-hammamet-que-despoirs-decus\/\"},\"author\":{\"name\":\"webmaster kapitalis\",\"@id\":\"https:\/\/kapitalis.com\/tunisie\/#\/schema\/person\/d71f33a9ca44f7bad4698210b480c8e9\"},\"headline\":\"Espace Yasmina \u00e0 Hammamet : Que d\u2019espoirs d\u00e9\u00e7us !\",\"datePublished\":\"2020-06-30T14:03:03+00:00\",\"dateModified\":\"2020-06-30T14:03:04+00:00\",\"mainEntityOfPage\":{\"@id\":\"https:\/\/kapitalis.com\/tunisie\/2020\/06\/30\/espace-yasmina-a-hammamet-que-despoirs-decus\/\"},\"wordCount\":314,\"commentCount\":0,\"publisher\":{\"@id\":\"https:\/\/kapitalis.com\/tunisie\/#organization\"},\"image\":{\"@id\":\"https:\/\/kapitalis.com\/tunisie\/2020\/06\/30\/espace-yasmina-a-hammamet-que-despoirs-decus\/#primaryimage\"},\"thumbnailUrl\":\"\",\"keywords\":[\"Espace Yasmina\",\"Hammamet\"],\"articleSection\":[\"SOCIETE\",\"Tunisie\"],\"inLanguage\":\"fr-FR\",\"potentialAction\":[{\"@type\":\"CommentAction\",\"name\":\"Comment\",\"target\":[\"https:\/\/kapitalis.com\/tunisie\/2020\/06\/30\/espace-yasmina-a-hammamet-que-despoirs-decus\/#respond\"]}]},{\"@type\":\"WebPage\",\"@id\":\"https:\/\/kapitalis.com\/tunisie\/2020\/06\/30\/espace-yasmina-a-hammamet-que-despoirs-decus\/\",\"url\":\"https:\/\/kapitalis.com\/tunisie\/2020\/06\/30\/espace-yasmina-a-hammamet-que-despoirs-decus\/\",\"name\":\"Espace Yasmina \u00e0 Hammamet : Que d\u2019espoirs d\u00e9\u00e7us ! - Kapitalis\",\"isPartOf\":{\"@id\":\"https:\/\/kapitalis.com\/tunisie\/#website\"},\"primaryImageOfPage\":{\"@id\":\"https:\/\/kapitalis.com\/tunisie\/2020\/06\/30\/espace-yasmina-a-hammamet-que-despoirs-decus\/#primaryimage\"},\"image\":{\"@id\":\"https:\/\/kapitalis.com\/tunisie\/2020\/06\/30\/espace-yasmina-a-hammamet-que-despoirs-decus\/#primaryimage\"},\"thumbnailUrl\":\"\",\"datePublished\":\"2020-06-30T14:03:03+00:00\",\"dateModified\":\"2020-06-30T14:03:04+00:00\",\"breadcrumb\":{\"@id\":\"https:\/\/kapitalis.com\/tunisie\/2020\/06\/30\/espace-yasmina-a-hammamet-que-despoirs-decus\/#breadcrumb\"},\"inLanguage\":\"fr-FR\",\"potentialAction\":[{\"@type\":\"ReadAction\",\"target\":[\"https:\/\/kapitalis.com\/tunisie\/2020\/06\/30\/espace-yasmina-a-hammamet-que-despoirs-decus\/\"]}]},{\"@type\":\"ImageObject\",\"inLanguage\":\"fr-FR\",\"@id\":\"https:\/\/kapitalis.com\/tunisie\/2020\/06\/30\/espace-yasmina-a-hammamet-que-despoirs-decus\/#primaryimage\",\"url\":\"\",\"contentUrl\":\"\"},{\"@type\":\"BreadcrumbList\",\"@id\":\"https:\/\/kapitalis.com\/tunisie\/2020\/06\/30\/espace-yasmina-a-hammamet-que-despoirs-decus\/#breadcrumb\",\"itemListElement\":[{\"@type\":\"ListItem\",\"position\":1,\"name\":\"Accueil\",\"item\":\"https:\/\/kapitalis.com\/tunisie\/\"},{\"@type\":\"ListItem\",\"position\":2,\"name\":\"Espace Yasmina \u00e0 Hammamet : Que d\u2019espoirs d\u00e9\u00e7us !\"}]},{\"@type\":\"WebSite\",\"@id\":\"https:\/\/kapitalis.com\/tunisie\/#website\",\"url\":\"https:\/\/kapitalis.com\/tunisie\/\",\"name\":\"Kapitalis\",\"description\":\"L&#039;actualit\u00e9 en Tunisie et dans le monde\",\"publisher\":{\"@id\":\"https:\/\/kapitalis.com\/tunisie\/#organization\"},\"potentialAction\":[{\"@type\":\"SearchAction\",\"target\":{\"@type\":\"EntryPoint\",\"urlTemplate\":\"https:\/\/kapitalis.com\/tunisie\/?s={search_term_string}\"},\"query-input\":{\"@type\":\"PropertyValueSpecification\",\"valueRequired\":true,\"valueName\":\"search_term_string\"}}],\"inLanguage\":\"fr-FR\"},{\"@type\":\"Organization\",\"@id\":\"https:\/\/kapitalis.com\/tunisie\/#organization\",\"name\":\"Kapitalis\",\"url\":\"https:\/\/kapitalis.com\/tunisie\/\",\"logo\":{\"@type\":\"ImageObject\",\"inLanguage\":\"fr-FR\",\"@id\":\"https:\/\/kapitalis.com\/tunisie\/#\/schema\/logo\/image\/\",\"url\":\"https:\/\/kapitalis.com\/tunisie\/wp-content\/uploads\/2022\/05\/Kapitalis-big-size.png\",\"contentUrl\":\"https:\/\/kapitalis.com\/tunisie\/wp-content\/uploads\/2022\/05\/Kapitalis-big-size.png\",\"width\":5000,\"height\":1500,\"caption\":\"Kapitalis\"},\"image\":{\"@id\":\"https:\/\/kapitalis.com\/tunisie\/#\/schema\/logo\/image\/\"},\"sameAs\":[\"https:\/\/www.facebook.com\/KapitalisInfo\/\",\"https:\/\/x.com\/KapitalisInfo\",\"https:\/\/www.youtube.com\/channel\/UC-yDYrHyfFBWWZaOw3FPg9Q\"]},{\"@type\":\"Person\",\"@id\":\"https:\/\/kapitalis.com\/tunisie\/#\/schema\/person\/d71f33a9ca44f7bad4698210b480c8e9\",\"name\":\"webmaster kapitalis\",\"url\":\"https:\/\/kapitalis.com\/tunisie\/author\/webmaster-kapitalis\/\"}]}<\/script>\n<!-- \/ Yoast SEO plugin. -->","yoast_head_json":{"title":"Espace Yasmina \u00e0 Hammamet : Que d\u2019espoirs d\u00e9\u00e7us ! - Kapitalis","robots":{"index":"index","follow":"follow","max-snippet":"max-snippet:-1","max-image-preview":"max-image-preview:large","max-video-preview":"max-video-preview:-1"},"canonical":"https:\/\/kapitalis.com\/tunisie\/2020\/06\/30\/espace-yasmina-a-hammamet-que-despoirs-decus\/","og_locale":"fr_FR","og_type":"article","og_title":"Espace Yasmina \u00e0 Hammamet : Que d\u2019espoirs d\u00e9\u00e7us ! - Kapitalis","og_description":"Le r\u00e9seau associatif local de Hammamet, d\u00e9\u00e7u par l\u2019immobilisme du conseil municipal et le peu de cas r\u00e9serv\u00e9 aux dol\u00e9ances des habitants concernant le dossier de l&rsquo;espace Yasmina, au centre-ville, a d\u00e9cid\u00e9 de relancer la campagne #Sayeb_Yasmina initi\u00e9e en 2016.","og_url":"https:\/\/kapitalis.com\/tunisie\/2020\/06\/30\/espace-yasmina-a-hammamet-que-despoirs-decus\/","og_site_name":"Kapitalis","article_publisher":"https:\/\/www.facebook.com\/KapitalisInfo\/","article_published_time":"2020-06-30T14:03:03+00:00","article_modified_time":"2020-06-30T14:03:04+00:00","og_image":[{"width":1200,"height":630,"url":"https:\/\/kapitalis.com\/tunisie\/wp-content\/uploads\/2022\/05\/kapitalis-logo-fb.png","type":"image\/png"}],"author":"webmaster kapitalis","twitter_card":"summary_large_image","twitter_creator":"@KapitalisInfo","twitter_site":"@KapitalisInfo","twitter_misc":{"\u00c9crit par":"webmaster kapitalis","Dur\u00e9e de lecture estim\u00e9e":"2 minutes"},"schema":{"@context":"https:\/\/schema.org","@graph":[{"@type":"Article","@id":"https:\/\/kapitalis.com\/tunisie\/2020\/06\/30\/espace-yasmina-a-hammamet-que-despoirs-decus\/#article","isPartOf":{"@id":"https:\/\/kapitalis.com\/tunisie\/2020\/06\/30\/espace-yasmina-a-hammamet-que-despoirs-decus\/"},"author":{"name":"webmaster kapitalis","@id":"https:\/\/kapitalis.com\/tunisie\/#\/schema\/person\/d71f33a9ca44f7bad4698210b480c8e9"},"headline":"Espace Yasmina \u00e0 Hammamet : Que d\u2019espoirs d\u00e9\u00e7us !","datePublished":"2020-06-30T14:03:03+00:00","dateModified":"2020-06-30T14:03:04+00:00","mainEntityOfPage":{"@id":"https:\/\/kapitalis.com\/tunisie\/2020\/06\/30\/espace-yasmina-a-hammamet-que-despoirs-decus\/"},"wordCount":314,"commentCount":0,"publisher":{"@id":"https:\/\/kapitalis.com\/tunisie\/#organization"},"image":{"@id":"https:\/\/kapitalis.com\/tunisie\/2020\/06\/30\/espace-yasmina-a-hammamet-que-despoirs-decus\/#primaryimage"},"thumbnailUrl":"","keywords":["Espace Yasmina","Hammamet"],"articleSection":["SOCIETE","Tunisie"],"inLanguage":"fr-FR","potentialAction":[{"@type":"CommentAction","name":"Comment","target":["https:\/\/kapitalis.com\/tunisie\/2020\/06\/30\/espace-yasmina-a-hammamet-que-despoirs-decus\/#respond"]}]},{"@type":"WebPage","@id":"https:\/\/kapitalis.com\/tunisie\/2020\/06\/30\/espace-yasmina-a-hammamet-que-despoirs-decus\/","url":"https:\/\/kapitalis.com\/tunisie\/2020\/06\/30\/espace-yasmina-a-hammamet-que-despoirs-decus\/","name":"Espace Yasmina \u00e0 Hammamet : Que d\u2019espoirs d\u00e9\u00e7us ! - Kapitalis","isPartOf":{"@id":"https:\/\/kapitalis.com\/tunisie\/#website"},"primaryImageOfPage":{"@id":"https:\/\/kapitalis.com\/tunisie\/2020\/06\/30\/espace-yasmina-a-hammamet-que-despoirs-decus\/#primaryimage"},"image":{"@id":"https:\/\/kapitalis.com\/tunisie\/2020\/06\/30\/espace-yasmina-a-hammamet-que-despoirs-decus\/#primaryimage"},"thumbnailUrl":"","datePublished":"2020-06-30T14:03:03+00:00","dateModified":"2020-06-30T14:03:04+00:00","breadcrumb":{"@id":"https:\/\/kapitalis.com\/tunisie\/2020\/06\/30\/espace-yasmina-a-hammamet-que-despoirs-decus\/#breadcrumb"},"inLanguage":"fr-FR","potentialAction":[{"@type":"ReadAction","target":["https:\/\/kapitalis.com\/tunisie\/2020\/06\/30\/espace-yasmina-a-hammamet-que-despoirs-decus\/"]}]},{"@type":"ImageObject","inLanguage":"fr-FR","@id":"https:\/\/kapitalis.com\/tunisie\/2020\/06\/30\/espace-yasmina-a-hammamet-que-despoirs-decus\/#primaryimage","url":"","contentUrl":""},{"@type":"BreadcrumbList","@id":"https:\/\/kapitalis.com\/tunisie\/2020\/06\/30\/espace-yasmina-a-hammamet-que-despoirs-decus\/#breadcrumb","itemListElement":[{"@type":"ListItem","position":1,"name":"Accueil","item":"https:\/\/kapitalis.com\/tunisie\/"},{"@type":"ListItem","position":2,"name":"Espace Yasmina \u00e0 Hammamet : Que d\u2019espoirs d\u00e9\u00e7us !"}]},{"@type":"WebSite","@id":"https:\/\/kapitalis.com\/tunisie\/#website","url":"https:\/\/kapitalis.com\/tunisie\/","name":"Kapitalis","description":"L&#039;actualit\u00e9 en Tunisie et dans le monde","publisher":{"@id":"https:\/\/kapitalis.com\/tunisie\/#organization"},"potentialAction":[{"@type":"SearchAction","target":{"@type":"EntryPoint","urlTemplate":"https:\/\/kapitalis.com\/tunisie\/?s={search_term_string}"},"query-input":{"@type":"PropertyValueSpecification","valueRequired":true,"valueName":"search_term_string"}}],"inLanguage":"fr-FR"},{"@type":"Organization","@id":"https:\/\/kapitalis.com\/tunisie\/#organization","name":"Kapitalis","url":"https:\/\/kapitalis.com\/tunisie\/","logo":{"@type":"ImageObject","inLanguage":"fr-FR","@id":"https:\/\/kapitalis.com\/tunisie\/#\/schema\/logo\/image\/","url":"https:\/\/kapitalis.com\/tunisie\/wp-content\/uploads\/2022\/05\/Kapitalis-big-size.png","contentUrl":"https:\/\/kapitalis.com\/tunisie\/wp-content\/uploads\/2022\/05\/Kapitalis-big-size.png","width":5000,"height":1500,"caption":"Kapitalis"},"image":{"@id":"https:\/\/kapitalis.com\/tunisie\/#\/schema\/logo\/image\/"},"sameAs":["https:\/\/www.facebook.com\/KapitalisInfo\/","https:\/\/x.com\/KapitalisInfo","https:\/\/www.youtube.com\/channel\/UC-yDYrHyfFBWWZaOw3FPg9Q"]},{"@type":"Person","@id":"https:\/\/kapitalis.com\/tunisie\/#\/schema\/person\/d71f33a9ca44f7bad4698210b480c8e9","name":"webmaster kapitalis","url":"https:\/\/kapitalis.com\/tunisie\/author\/webmaster-kapitalis\/"}]}},"_links":{"self":[{"href":"https:\/\/kapitalis.com\/tunisie\/wp-json\/wp\/v2\/posts\/305853","targetHints":{"allow":["GET"]}}],"collection":[{"href":"https:\/\/kapitalis.com\/tunisie\/wp-json\/wp\/v2\/posts"}],"about":[{"href":"https:\/\/kapitalis.com\/tunisie\/wp-json\/wp\/v2\/types\/post"}],"author":[{"embeddable":true,"href":"https:\/\/kapitalis.com\/tunisie\/wp-json\/wp\/v2\/users\/8"}],"replies":[{"embeddable":true,"href":"https:\/\/kapitalis.com\/tunisie\/wp-json\/wp\/v2\/comments?post=305853"}],"version-history":[{"count":0,"href":"https:\/\/kapitalis.com\/tunisie\/wp-json\/wp\/v2\/posts\/305853\/revisions"}],"wp:featuredmedia":[{"embeddable":true,"href":"https:\/\/kapitalis.com\/tunisie\/wp-json\/wp\/v2\/media\/305854"}],"wp:attachment":[{"href":"https:\/\/kapitalis.com\/tunisie\/wp-json\/wp\/v2\/media?parent=305853"}],"wp:term":[{"taxonomy":"category","embeddable":true,"href":"https:\/\/kapitalis.com\/tunisie\/wp-json\/wp\/v2\/categories?post=305853"},{"taxonomy":"post_tag","embeddable":true,"href":"https:\/\/kapitalis.com\/tunisie\/wp-json\/wp\/v2\/tags?post=305853"}],"curies":[{"name":"wp","href":"https:\/\/api.w.org\/{rel}","templated":true}]}}