{"id":306185,"date":"2020-07-02T09:11:00","date_gmt":"2020-07-02T08:11:00","guid":{"rendered":"http:\/\/kapitalis.com\/tunisie\/?p=306185"},"modified":"2020-07-02T09:14:26","modified_gmt":"2020-07-02T08:14:26","slug":"algerie-nouvelle-charrette-de-loperation-mains-propres","status":"publish","type":"post","link":"https:\/\/kapitalis.com\/tunisie\/2020\/07\/02\/algerie-nouvelle-charrette-de-loperation-mains-propres\/","title":{"rendered":"Alg\u00e9rie : nouvelle charrette de l\u2019op\u00e9ration \u00abmains propres\u00bb"},"content":{"rendered":"\n<figure class=\"wp-block-image size-large\"><img decoding=\"async\" src=\"http:\/\/kapitalis.com\/tunisie\/wp-content\/uploads\/2020\/07\/Ali-Haddad.jpg\" alt=\"\" class=\"wp-image-306186\"\/><figcaption><em>Ali Haddad, une sorte de Belhassen Trabelsi alg\u00e9rien. <\/em><\/figcaption><\/figure>\n\n\n\n<p><strong><em>Deux anciens Premiers ministres, huit ministres, une fratrie d\u2019hommes d\u2019affaires, plusieurs hauts cadres font partie de la nouvelle charrette du tribunal d\u2019Alger.<\/em><\/strong><\/p>\n\n\n\n<p>Par<strong> Hassen Zenati<\/strong><\/p>\n\n\n\n<!--more-->\n\n\n\n<div class=\"wp-block-image\"><figure class=\"alignleft size-large\"><img decoding=\"async\" src=\"http:\/\/kapitalis.com\/tunisie\/wp-content\/uploads\/2019\/11\/Hassen-Zenati-2.jpg\" alt=\"\" class=\"wp-image-253792\"\/><\/figure><\/div>\n\n\n\n<p>Le tribunal de Sidi M\u2019Hammed (Alger) a de nouveau eu la main lourde en condamnant mercredi 1er juillet 2020 plusieurs anciens responsables de haut niveau \u00e0 de s\u00e9v\u00e8res peines de prison dans l\u2019op\u00e9ration \u00abmains propres\u00bb d\u00e9clench\u00e9e apr\u00e8s la chute de l\u2019ancien pr\u00e9sident Abdelaziz Bouteflika, et qui en est encore \u00e0 ses d\u00e9buts.<\/p>\n\n\n\n<p>La charrette est bien fournie. Elle compte deux anciens Premiers ministres \u2013 d\u00e9j\u00e0 condamn\u00e9s lourdement dans d\u2019autres volets de ce proc\u00e8s marathon, et qui doivent encore compara\u00eetre dans des affaires \u00e0 venir \u2013 huit ministres, une fratrie d\u2019hommes d\u2019affaires et plusieurs hauts fonctionnaires de l\u2019Etat.<\/p>\n\n\n\n<h3 class=\"wp-block-heading\">Blanchiment d\u2019argent, abus de pouvoir et corruption<\/h3>\n\n\n\n<p>Les mis en cause \u00e9taient poursuivis pour blanchiment d\u2019argent, abus de pouvoir et pression sur des fonctionnaires afin d\u2019obtenir d\u2019indus avantages, corruption de fonctionnaires et financement occulte de campagne \u00e9lectorale. Il s\u2019agit en l\u2019occurrence des collectes de fonds pour financer la campagne \u00e9lectorale du cinqui\u00e8me mandat du pr\u00e9sident d\u00e9chu, avort\u00e9 sous la pression de la rue.<\/p>\n\n\n\n<p>Les chefs d\u2019accusation concernent plusieurs grands projets d\u2019infrastructures publiques, dont l\u2019autoroute Boudouaou-Z\u00e9ralda, la p\u00e9n\u00e9trante de l\u2019a\u00e9roport international d\u2019Alger et l\u2019autoroute Est-Ouest. Courant de la fronti\u00e8re tunisienne \u00e0 la fronti\u00e8re marocaine, parall\u00e8lement au littoral, sur une longueur de plus de 1.200 km, l\u2019ouvrage a d\u00e9pass\u00e9 son budget initial de plus de 60%, passant de 11 \u00e0 17 milliards de dollars, selon des estimations encore provisoires. Sa r\u00e9alisation, confi\u00e9e \u00e0 des groupes chinois et japonais, aux c\u00f4t\u00e9s d\u2019entreprises alg\u00e9riennes, a en outre pris beaucoup de retard et connu diverses d\u00e9boires s\u2019agissait de la qualit\u00e9 du travail accompli.<\/p>\n\n\n\n<p>Pr\u00e9vu pour entrer en service en 2010, l\u2019autoroute, qui dessert 24 pr\u00e9fectures, a \u00e9t\u00e9 ouverte partiellement \u00e0 la circulation en 2015, sans que les ouvrages d\u2019art, les stations de p\u00e9age et les aires de service et de repos pr\u00e9vues n\u2019aient \u00e9t\u00e9 achev\u00e9s en totalit\u00e9.<\/p>\n\n\n\n<p>Principaux condamn\u00e9s dans ce dossier exhalant depuis ses d\u00e9buts des odeurs de corruption : Ali Haddad, patron de la plus importante soci\u00e9t\u00e9 priv\u00e9e de travaux publics du pays, l\u2019ETRHB, et ses fr\u00e8res Mohammed, Sofiane, Ammar et M\u00e9ziane.<\/p>\n\n\n\n<h3 class=\"wp-block-heading\">Sale temps pour les anciens proches de Bouteflika<\/h3>\n\n\n\n<p>Accus\u00e9 principal, Ali Haddad, \u00e0 la t\u00eate de la fratrie, \u00e9cope de 18 ans de prison et d\u2019une amende de 8 millions de dinars, tandis que ses fr\u00e8res en prennent pour 4 ans de prison chacun et 8 millions de dinars d\u2019amende. Le tribunal a ordonn\u00e9 la saisie de la totalit\u00e9 des biens de la fratrie.<\/p>\n\n\n\n<p>Selon l\u2019\u00e9valuation du parquet, Ali Haddad \u00e9tait \u00e0 la t\u00eate d\u2019un groupe de 55 soci\u00e9t\u00e9s, qui avait b\u00e9n\u00e9fici\u00e9 de 2000 \u00e0 2019 de 275 march\u00e9s publics, le plus souvent de gr\u00e9 \u00e0 gr\u00e9, de 452 cr\u00e9dits bancaires, dont 80% aupr\u00e8s de banques publiques, et obtenu la cession de 57 biens fonciers dans 19 d\u00e9partements. \u00abIl pleuvait des milliards sur le tribunal\u00bb, \u00e9crit un chroniqueur judiciaire.<br>Proche du fr\u00e8re et conseiller de l\u2019ancien pr\u00e9sident, Said Bouteflika, Ali Haddad \u00e9tait pr\u00e9sident du Forum des chefs d\u2019entreprises (FCE), une puissante organisation patronale, redout\u00e9e, qui faisait la pluie et le beau temps dans les minist\u00e8res \u00e9conomiques et \u00e0 la pr\u00e9sidence, selon la presse alg\u00e9rienne. Il se m\u00ealait m\u00eame de la formation des gouvernements depuis que le pr\u00e9sident d\u00e9chu, \u00e9prouv\u00e9 par la maladie, avait rel\u00e2ch\u00e9 les r\u00eanes. Avant sa descente aux enfers, il a \u00e9t\u00e9 annonc\u00e9 comme premier ministrable.<br>Les deux anciens Premiers ministres Ahmed Ouyahia et Abdelmalek Sellal, d\u00e9j\u00e0 lourdement condamn\u00e9s, \u00e9copent dans ce dossier de douze ans de prison ferme, assortis d\u2019une amende d\u2019un million de dinars, chacun. <em>\u00abNous \u00e9tions des coordinateurs du gouvernement. Nous avons agi en fonction d\u2019un plan de d\u00e9veloppement valid\u00e9 en Conseil des ministres, puis par les deux Chambres du Parlement\u00bb, <\/em>ont-ils tent\u00e9 de se d\u00e9fendre, en rejetant la responsabilit\u00e9 sur l\u2019ancien pr\u00e9sident, sans convaincre le tribunal apparemment.<\/p>\n\n\n\n<p>Parmi les huit ministres condamn\u00e9s figure l\u2019islamiste Ammar Ghoul, pr\u00e9sident d\u2019un micro-parti, qui faisait l\u2019appoint au sein de <em>\u00abl\u2019Alliance pr\u00e9sidentielle\u00bb <\/em>soutenant Abdelaziz Bouteflika. Il en prend pour 10 ans de prison ferme.<\/p>\n\n\n\n<p>Un autre ministre proche des Bouteflika, Amara Ben Younes, a \u00e9t\u00e9 condamn\u00e9 \u00e0 3 ans de prison et 500.000 dinars d\u2019amende. Il est l\u2019auteur d\u2019une phrase c\u00e9l\u00e8bre destin\u00e9e \u00e0 justifier le maintien \u00e0 son poste de l\u2019ancien chef d\u2019Etat malade se d\u00e9pla\u00e7ant en chaise roulante : un pr\u00e9sident gouverne avec sa t\u00eate pas avec ses pieds.<\/p>\n\n\n\n<p>Plusieurs des ministres ayant occup\u00e9 le portefeuille de l\u2019Equipement, qui avait en charge la r\u00e9alisation des infrastructures routi\u00e8res, ont \u00e9t\u00e9 condamn\u00e9s dans le m\u00eame dossier.<\/p>\n\n\n\n<h3 class=\"wp-block-heading\">Articles du m\u00eame auteur sur le m\u00eame sujet : <\/h3>\n\n\n\n<figure class=\"wp-block-embed-wordpress wp-block-embed is-type-wp-embed is-provider-kapitalis\"><div class=\"wp-block-embed__wrapper\">\n<blockquote class=\"wp-embedded-content\" data-secret=\"IdwmGxA8g0\"><a href=\"https:\/\/kapitalis.com\/tunisie\/2020\/06\/25\/algerie-ouyahia-des-lambris-de-la-republique-aux-cellules-humides-del-harrach\/\">Alg\u00e9rie: Ouyahia, des lambris de la R\u00e9publique aux cellules humides d\u2019El Harrach<\/a><\/blockquote><iframe loading=\"lazy\" class=\"wp-embedded-content\" sandbox=\"allow-scripts\" security=\"restricted\" style=\"position: absolute; clip: rect(1px, 1px, 1px, 1px);\" title=\"\u00ab\u00a0Alg\u00e9rie: Ouyahia, des lambris de la R\u00e9publique aux cellules humides d\u2019El Harrach\u00a0\u00bb &#8212; Kapitalis\" src=\"https:\/\/kapitalis.com\/tunisie\/2020\/06\/25\/algerie-ouyahia-des-lambris-de-la-republique-aux-cellules-humides-del-harrach\/embed\/#?secret=9Gd5UAR046#?secret=IdwmGxA8g0\" data-secret=\"IdwmGxA8g0\" width=\"600\" height=\"338\" frameborder=\"0\" marginwidth=\"0\" marginheight=\"0\" scrolling=\"no\"><\/iframe>\n<\/div><\/figure>\n\n\n\n<figure class=\"wp-block-embed-wordpress wp-block-embed is-type-wp-embed is-provider-kapitalis\"><div class=\"wp-block-embed__wrapper\">\n<blockquote class=\"wp-embedded-content\" data-secret=\"A5nDBANnBC\"><a href=\"https:\/\/kapitalis.com\/tunisie\/2020\/06\/06\/algerie-lourdes-peines-pour-un-proche-des-cercles-de-lancien-pouvoir\/\">Alg\u00e9rie : Lourdes peines pour un proche des cercles de l\u2019ancien pouvoir<\/a><\/blockquote><iframe loading=\"lazy\" class=\"wp-embedded-content\" sandbox=\"allow-scripts\" security=\"restricted\" style=\"position: absolute; clip: rect(1px, 1px, 1px, 1px);\" title=\"\u00ab\u00a0Alg\u00e9rie : Lourdes peines pour un proche des cercles de l\u2019ancien pouvoir\u00a0\u00bb &#8212; Kapitalis\" src=\"https:\/\/kapitalis.com\/tunisie\/2020\/06\/06\/algerie-lourdes-peines-pour-un-proche-des-cercles-de-lancien-pouvoir\/embed\/#?secret=WkpfDK2Gf9#?secret=A5nDBANnBC\" data-secret=\"A5nDBANnBC\" width=\"600\" height=\"338\" frameborder=\"0\" marginwidth=\"0\" marginheight=\"0\" scrolling=\"no\"><\/iframe>\n<\/div><\/figure>\n\n\n\n<figure class=\"wp-block-embed-wordpress wp-block-embed is-type-wp-embed is-provider-kapitalis\"><div class=\"wp-block-embed__wrapper\">\n<blockquote class=\"wp-embedded-content\" data-secret=\"sNLTraUNAb\"><a href=\"https:\/\/kapitalis.com\/tunisie\/2020\/06\/04\/algerie-le-general-major-a-la-retraite-khaled-nezzar-dans-le-viseur-de-la-justice\/\">Alg\u00e9rie : Le g\u00e9n\u00e9ral-major \u00e0 la retraite Khaled Nezzar dans le viseur de la justice<\/a><\/blockquote><iframe loading=\"lazy\" class=\"wp-embedded-content\" sandbox=\"allow-scripts\" security=\"restricted\" style=\"position: absolute; clip: rect(1px, 1px, 1px, 1px);\" title=\"\u00ab\u00a0Alg\u00e9rie : Le g\u00e9n\u00e9ral-major \u00e0 la retraite Khaled Nezzar dans le viseur de la justice\u00a0\u00bb &#8212; Kapitalis\" src=\"https:\/\/kapitalis.com\/tunisie\/2020\/06\/04\/algerie-le-general-major-a-la-retraite-khaled-nezzar-dans-le-viseur-de-la-justice\/embed\/#?secret=PzAB0dQpuZ#?secret=sNLTraUNAb\" data-secret=\"sNLTraUNAb\" width=\"600\" height=\"338\" frameborder=\"0\" marginwidth=\"0\" marginheight=\"0\" scrolling=\"no\"><\/iframe>\n<\/div><\/figure>\n","protected":false},"excerpt":{"rendered":"<p>Deux anciens Premiers ministres, huit ministres, une fratrie d\u2019hommes d\u2019affaires, plusieurs hauts cadres font partie de la nouvelle charrette du tribunal d\u2019Alger. Par Hassen Zenati<\/p>\n","protected":false},"author":8,"featured_media":306186,"comment_status":"open","ping_status":"open","sticky":false,"template":"","format":"standard","meta":{"footnotes":""},"categories":[992,997],"tags":[9137,3507,28115,64,80420,80423,80422,80421],"class_list":["post-306185","post","type-post","status-publish","format-standard","has-post-thumbnail","hentry","category-a-la-une","category-politique","tag-abdelaziz-bouteflika","tag-abdelmalek-sellal","tag-ahmed-ouyahia","tag-algerie","tag-ali-haddad","tag-amara-ben-younes","tag-ammar-ghoul","tag-said-bouteflika-2"],"yoast_head":"<!-- This site is optimized with the Yoast SEO plugin v26.6 - https:\/\/yoast.com\/wordpress\/plugins\/seo\/ -->\n<title>Alg\u00e9rie : nouvelle charrette de l\u2019op\u00e9ration \u00abmains propres\u00bb - Kapitalis<\/title>\n<meta name=\"robots\" content=\"index, follow, max-snippet:-1, max-image-preview:large, max-video-preview:-1\" \/>\n<link rel=\"canonical\" href=\"https:\/\/kapitalis.com\/tunisie\/2020\/07\/02\/algerie-nouvelle-charrette-de-loperation-mains-propres\/\" \/>\n<meta property=\"og:locale\" content=\"fr_FR\" \/>\n<meta property=\"og:type\" content=\"article\" \/>\n<meta property=\"og:title\" content=\"Alg\u00e9rie : nouvelle charrette de l\u2019op\u00e9ration \u00abmains propres\u00bb - Kapitalis\" \/>\n<meta property=\"og:description\" content=\"Deux anciens Premiers ministres, huit ministres, une fratrie d\u2019hommes d\u2019affaires, plusieurs hauts cadres font partie de la nouvelle charrette du tribunal d\u2019Alger. Par Hassen Zenati\" \/>\n<meta property=\"og:url\" content=\"https:\/\/kapitalis.com\/tunisie\/2020\/07\/02\/algerie-nouvelle-charrette-de-loperation-mains-propres\/\" \/>\n<meta property=\"og:site_name\" content=\"Kapitalis\" \/>\n<meta property=\"article:publisher\" content=\"https:\/\/www.facebook.com\/KapitalisInfo\/\" \/>\n<meta property=\"article:published_time\" content=\"2020-07-02T08:11:00+00:00\" \/>\n<meta property=\"article:modified_time\" content=\"2020-07-02T08:14:26+00:00\" \/>\n<meta property=\"og:image\" content=\"https:\/\/kapitalis.com\/tunisie\/wp-content\/uploads\/2022\/05\/kapitalis-logo-fb.png\" \/>\n\t<meta property=\"og:image:width\" content=\"1200\" \/>\n\t<meta property=\"og:image:height\" content=\"630\" \/>\n\t<meta property=\"og:image:type\" content=\"image\/png\" \/>\n<meta name=\"author\" content=\"webmaster kapitalis\" \/>\n<meta name=\"twitter:card\" content=\"summary_large_image\" \/>\n<meta name=\"twitter:creator\" content=\"@KapitalisInfo\" \/>\n<meta name=\"twitter:site\" content=\"@KapitalisInfo\" \/>\n<meta name=\"twitter:label1\" content=\"\u00c9crit par\" \/>\n\t<meta name=\"twitter:data1\" content=\"webmaster kapitalis\" \/>\n\t<meta name=\"twitter:label2\" content=\"Dur\u00e9e de lecture estim\u00e9e\" \/>\n\t<meta name=\"twitter:data2\" content=\"4 minutes\" \/>\n<script type=\"application\/ld+json\" class=\"yoast-schema-graph\">{\"@context\":\"https:\/\/schema.org\",\"@graph\":[{\"@type\":\"Article\",\"@id\":\"https:\/\/kapitalis.com\/tunisie\/2020\/07\/02\/algerie-nouvelle-charrette-de-loperation-mains-propres\/#article\",\"isPartOf\":{\"@id\":\"https:\/\/kapitalis.com\/tunisie\/2020\/07\/02\/algerie-nouvelle-charrette-de-loperation-mains-propres\/\"},\"author\":{\"name\":\"webmaster kapitalis\",\"@id\":\"https:\/\/kapitalis.com\/tunisie\/#\/schema\/person\/d71f33a9ca44f7bad4698210b480c8e9\"},\"headline\":\"Alg\u00e9rie : nouvelle charrette de l\u2019op\u00e9ration \u00abmains propres\u00bb\",\"datePublished\":\"2020-07-02T08:11:00+00:00\",\"dateModified\":\"2020-07-02T08:14:26+00:00\",\"mainEntityOfPage\":{\"@id\":\"https:\/\/kapitalis.com\/tunisie\/2020\/07\/02\/algerie-nouvelle-charrette-de-loperation-mains-propres\/\"},\"wordCount\":891,\"commentCount\":2,\"publisher\":{\"@id\":\"https:\/\/kapitalis.com\/tunisie\/#organization\"},\"image\":{\"@id\":\"https:\/\/kapitalis.com\/tunisie\/2020\/07\/02\/algerie-nouvelle-charrette-de-loperation-mains-propres\/#primaryimage\"},\"thumbnailUrl\":\"\",\"keywords\":[\"Abdelaziz Bouteflika\",\"Abdelmalek Sellal\",\"Ahmed Ouyahia\",\"Alg\u00e9rie\",\"Ali Haddad\",\"Amara Ben Younes\",\"Ammar Ghoul\",\"Said Bouteflika\"],\"articleSection\":[\"A LA UNE\",\"POLITIQUE\"],\"inLanguage\":\"fr-FR\",\"potentialAction\":[{\"@type\":\"CommentAction\",\"name\":\"Comment\",\"target\":[\"https:\/\/kapitalis.com\/tunisie\/2020\/07\/02\/algerie-nouvelle-charrette-de-loperation-mains-propres\/#respond\"]}]},{\"@type\":\"WebPage\",\"@id\":\"https:\/\/kapitalis.com\/tunisie\/2020\/07\/02\/algerie-nouvelle-charrette-de-loperation-mains-propres\/\",\"url\":\"https:\/\/kapitalis.com\/tunisie\/2020\/07\/02\/algerie-nouvelle-charrette-de-loperation-mains-propres\/\",\"name\":\"Alg\u00e9rie : nouvelle charrette de l\u2019op\u00e9ration \u00abmains propres\u00bb - Kapitalis\",\"isPartOf\":{\"@id\":\"https:\/\/kapitalis.com\/tunisie\/#website\"},\"primaryImageOfPage\":{\"@id\":\"https:\/\/kapitalis.com\/tunisie\/2020\/07\/02\/algerie-nouvelle-charrette-de-loperation-mains-propres\/#primaryimage\"},\"image\":{\"@id\":\"https:\/\/kapitalis.com\/tunisie\/2020\/07\/02\/algerie-nouvelle-charrette-de-loperation-mains-propres\/#primaryimage\"},\"thumbnailUrl\":\"\",\"datePublished\":\"2020-07-02T08:11:00+00:00\",\"dateModified\":\"2020-07-02T08:14:26+00:00\",\"breadcrumb\":{\"@id\":\"https:\/\/kapitalis.com\/tunisie\/2020\/07\/02\/algerie-nouvelle-charrette-de-loperation-mains-propres\/#breadcrumb\"},\"inLanguage\":\"fr-FR\",\"potentialAction\":[{\"@type\":\"ReadAction\",\"target\":[\"https:\/\/kapitalis.com\/tunisie\/2020\/07\/02\/algerie-nouvelle-charrette-de-loperation-mains-propres\/\"]}]},{\"@type\":\"ImageObject\",\"inLanguage\":\"fr-FR\",\"@id\":\"https:\/\/kapitalis.com\/tunisie\/2020\/07\/02\/algerie-nouvelle-charrette-de-loperation-mains-propres\/#primaryimage\",\"url\":\"\",\"contentUrl\":\"\"},{\"@type\":\"BreadcrumbList\",\"@id\":\"https:\/\/kapitalis.com\/tunisie\/2020\/07\/02\/algerie-nouvelle-charrette-de-loperation-mains-propres\/#breadcrumb\",\"itemListElement\":[{\"@type\":\"ListItem\",\"position\":1,\"name\":\"Accueil\",\"item\":\"https:\/\/kapitalis.com\/tunisie\/\"},{\"@type\":\"ListItem\",\"position\":2,\"name\":\"Alg\u00e9rie : nouvelle charrette de l\u2019op\u00e9ration \u00abmains propres\u00bb\"}]},{\"@type\":\"WebSite\",\"@id\":\"https:\/\/kapitalis.com\/tunisie\/#website\",\"url\":\"https:\/\/kapitalis.com\/tunisie\/\",\"name\":\"Kapitalis\",\"description\":\"L&#039;actualit\u00e9 en Tunisie et dans le monde\",\"publisher\":{\"@id\":\"https:\/\/kapitalis.com\/tunisie\/#organization\"},\"potentialAction\":[{\"@type\":\"SearchAction\",\"target\":{\"@type\":\"EntryPoint\",\"urlTemplate\":\"https:\/\/kapitalis.com\/tunisie\/?s={search_term_string}\"},\"query-input\":{\"@type\":\"PropertyValueSpecification\",\"valueRequired\":true,\"valueName\":\"search_term_string\"}}],\"inLanguage\":\"fr-FR\"},{\"@type\":\"Organization\",\"@id\":\"https:\/\/kapitalis.com\/tunisie\/#organization\",\"name\":\"Kapitalis\",\"url\":\"https:\/\/kapitalis.com\/tunisie\/\",\"logo\":{\"@type\":\"ImageObject\",\"inLanguage\":\"fr-FR\",\"@id\":\"https:\/\/kapitalis.com\/tunisie\/#\/schema\/logo\/image\/\",\"url\":\"https:\/\/kapitalis.com\/tunisie\/wp-content\/uploads\/2022\/05\/Kapitalis-big-size.png\",\"contentUrl\":\"https:\/\/kapitalis.com\/tunisie\/wp-content\/uploads\/2022\/05\/Kapitalis-big-size.png\",\"width\":5000,\"height\":1500,\"caption\":\"Kapitalis\"},\"image\":{\"@id\":\"https:\/\/kapitalis.com\/tunisie\/#\/schema\/logo\/image\/\"},\"sameAs\":[\"https:\/\/www.facebook.com\/KapitalisInfo\/\",\"https:\/\/x.com\/KapitalisInfo\",\"https:\/\/www.youtube.com\/channel\/UC-yDYrHyfFBWWZaOw3FPg9Q\"]},{\"@type\":\"Person\",\"@id\":\"https:\/\/kapitalis.com\/tunisie\/#\/schema\/person\/d71f33a9ca44f7bad4698210b480c8e9\",\"name\":\"webmaster kapitalis\",\"url\":\"https:\/\/kapitalis.com\/tunisie\/author\/webmaster-kapitalis\/\"}]}<\/script>\n<!-- \/ Yoast SEO plugin. -->","yoast_head_json":{"title":"Alg\u00e9rie : nouvelle charrette de l\u2019op\u00e9ration \u00abmains propres\u00bb - Kapitalis","robots":{"index":"index","follow":"follow","max-snippet":"max-snippet:-1","max-image-preview":"max-image-preview:large","max-video-preview":"max-video-preview:-1"},"canonical":"https:\/\/kapitalis.com\/tunisie\/2020\/07\/02\/algerie-nouvelle-charrette-de-loperation-mains-propres\/","og_locale":"fr_FR","og_type":"article","og_title":"Alg\u00e9rie : nouvelle charrette de l\u2019op\u00e9ration \u00abmains propres\u00bb - Kapitalis","og_description":"Deux anciens Premiers ministres, huit ministres, une fratrie d\u2019hommes d\u2019affaires, plusieurs hauts cadres font partie de la nouvelle charrette du tribunal d\u2019Alger. Par Hassen Zenati","og_url":"https:\/\/kapitalis.com\/tunisie\/2020\/07\/02\/algerie-nouvelle-charrette-de-loperation-mains-propres\/","og_site_name":"Kapitalis","article_publisher":"https:\/\/www.facebook.com\/KapitalisInfo\/","article_published_time":"2020-07-02T08:11:00+00:00","article_modified_time":"2020-07-02T08:14:26+00:00","og_image":[{"width":1200,"height":630,"url":"https:\/\/kapitalis.com\/tunisie\/wp-content\/uploads\/2022\/05\/kapitalis-logo-fb.png","type":"image\/png"}],"author":"webmaster kapitalis","twitter_card":"summary_large_image","twitter_creator":"@KapitalisInfo","twitter_site":"@KapitalisInfo","twitter_misc":{"\u00c9crit par":"webmaster kapitalis","Dur\u00e9e de lecture estim\u00e9e":"4 minutes"},"schema":{"@context":"https:\/\/schema.org","@graph":[{"@type":"Article","@id":"https:\/\/kapitalis.com\/tunisie\/2020\/07\/02\/algerie-nouvelle-charrette-de-loperation-mains-propres\/#article","isPartOf":{"@id":"https:\/\/kapitalis.com\/tunisie\/2020\/07\/02\/algerie-nouvelle-charrette-de-loperation-mains-propres\/"},"author":{"name":"webmaster kapitalis","@id":"https:\/\/kapitalis.com\/tunisie\/#\/schema\/person\/d71f33a9ca44f7bad4698210b480c8e9"},"headline":"Alg\u00e9rie : nouvelle charrette de l\u2019op\u00e9ration \u00abmains propres\u00bb","datePublished":"2020-07-02T08:11:00+00:00","dateModified":"2020-07-02T08:14:26+00:00","mainEntityOfPage":{"@id":"https:\/\/kapitalis.com\/tunisie\/2020\/07\/02\/algerie-nouvelle-charrette-de-loperation-mains-propres\/"},"wordCount":891,"commentCount":2,"publisher":{"@id":"https:\/\/kapitalis.com\/tunisie\/#organization"},"image":{"@id":"https:\/\/kapitalis.com\/tunisie\/2020\/07\/02\/algerie-nouvelle-charrette-de-loperation-mains-propres\/#primaryimage"},"thumbnailUrl":"","keywords":["Abdelaziz Bouteflika","Abdelmalek Sellal","Ahmed Ouyahia","Alg\u00e9rie","Ali Haddad","Amara Ben Younes","Ammar Ghoul","Said Bouteflika"],"articleSection":["A LA UNE","POLITIQUE"],"inLanguage":"fr-FR","potentialAction":[{"@type":"CommentAction","name":"Comment","target":["https:\/\/kapitalis.com\/tunisie\/2020\/07\/02\/algerie-nouvelle-charrette-de-loperation-mains-propres\/#respond"]}]},{"@type":"WebPage","@id":"https:\/\/kapitalis.com\/tunisie\/2020\/07\/02\/algerie-nouvelle-charrette-de-loperation-mains-propres\/","url":"https:\/\/kapitalis.com\/tunisie\/2020\/07\/02\/algerie-nouvelle-charrette-de-loperation-mains-propres\/","name":"Alg\u00e9rie : nouvelle charrette de l\u2019op\u00e9ration \u00abmains propres\u00bb - Kapitalis","isPartOf":{"@id":"https:\/\/kapitalis.com\/tunisie\/#website"},"primaryImageOfPage":{"@id":"https:\/\/kapitalis.com\/tunisie\/2020\/07\/02\/algerie-nouvelle-charrette-de-loperation-mains-propres\/#primaryimage"},"image":{"@id":"https:\/\/kapitalis.com\/tunisie\/2020\/07\/02\/algerie-nouvelle-charrette-de-loperation-mains-propres\/#primaryimage"},"thumbnailUrl":"","datePublished":"2020-07-02T08:11:00+00:00","dateModified":"2020-07-02T08:14:26+00:00","breadcrumb":{"@id":"https:\/\/kapitalis.com\/tunisie\/2020\/07\/02\/algerie-nouvelle-charrette-de-loperation-mains-propres\/#breadcrumb"},"inLanguage":"fr-FR","potentialAction":[{"@type":"ReadAction","target":["https:\/\/kapitalis.com\/tunisie\/2020\/07\/02\/algerie-nouvelle-charrette-de-loperation-mains-propres\/"]}]},{"@type":"ImageObject","inLanguage":"fr-FR","@id":"https:\/\/kapitalis.com\/tunisie\/2020\/07\/02\/algerie-nouvelle-charrette-de-loperation-mains-propres\/#primaryimage","url":"","contentUrl":""},{"@type":"BreadcrumbList","@id":"https:\/\/kapitalis.com\/tunisie\/2020\/07\/02\/algerie-nouvelle-charrette-de-loperation-mains-propres\/#breadcrumb","itemListElement":[{"@type":"ListItem","position":1,"name":"Accueil","item":"https:\/\/kapitalis.com\/tunisie\/"},{"@type":"ListItem","position":2,"name":"Alg\u00e9rie : nouvelle charrette de l\u2019op\u00e9ration \u00abmains propres\u00bb"}]},{"@type":"WebSite","@id":"https:\/\/kapitalis.com\/tunisie\/#website","url":"https:\/\/kapitalis.com\/tunisie\/","name":"Kapitalis","description":"L&#039;actualit\u00e9 en Tunisie et dans le monde","publisher":{"@id":"https:\/\/kapitalis.com\/tunisie\/#organization"},"potentialAction":[{"@type":"SearchAction","target":{"@type":"EntryPoint","urlTemplate":"https:\/\/kapitalis.com\/tunisie\/?s={search_term_string}"},"query-input":{"@type":"PropertyValueSpecification","valueRequired":true,"valueName":"search_term_string"}}],"inLanguage":"fr-FR"},{"@type":"Organization","@id":"https:\/\/kapitalis.com\/tunisie\/#organization","name":"Kapitalis","url":"https:\/\/kapitalis.com\/tunisie\/","logo":{"@type":"ImageObject","inLanguage":"fr-FR","@id":"https:\/\/kapitalis.com\/tunisie\/#\/schema\/logo\/image\/","url":"https:\/\/kapitalis.com\/tunisie\/wp-content\/uploads\/2022\/05\/Kapitalis-big-size.png","contentUrl":"https:\/\/kapitalis.com\/tunisie\/wp-content\/uploads\/2022\/05\/Kapitalis-big-size.png","width":5000,"height":1500,"caption":"Kapitalis"},"image":{"@id":"https:\/\/kapitalis.com\/tunisie\/#\/schema\/logo\/image\/"},"sameAs":["https:\/\/www.facebook.com\/KapitalisInfo\/","https:\/\/x.com\/KapitalisInfo","https:\/\/www.youtube.com\/channel\/UC-yDYrHyfFBWWZaOw3FPg9Q"]},{"@type":"Person","@id":"https:\/\/kapitalis.com\/tunisie\/#\/schema\/person\/d71f33a9ca44f7bad4698210b480c8e9","name":"webmaster kapitalis","url":"https:\/\/kapitalis.com\/tunisie\/author\/webmaster-kapitalis\/"}]}},"_links":{"self":[{"href":"https:\/\/kapitalis.com\/tunisie\/wp-json\/wp\/v2\/posts\/306185","targetHints":{"allow":["GET"]}}],"collection":[{"href":"https:\/\/kapitalis.com\/tunisie\/wp-json\/wp\/v2\/posts"}],"about":[{"href":"https:\/\/kapitalis.com\/tunisie\/wp-json\/wp\/v2\/types\/post"}],"author":[{"embeddable":true,"href":"https:\/\/kapitalis.com\/tunisie\/wp-json\/wp\/v2\/users\/8"}],"replies":[{"embeddable":true,"href":"https:\/\/kapitalis.com\/tunisie\/wp-json\/wp\/v2\/comments?post=306185"}],"version-history":[{"count":0,"href":"https:\/\/kapitalis.com\/tunisie\/wp-json\/wp\/v2\/posts\/306185\/revisions"}],"wp:featuredmedia":[{"embeddable":true,"href":"https:\/\/kapitalis.com\/tunisie\/wp-json\/wp\/v2\/media\/306186"}],"wp:attachment":[{"href":"https:\/\/kapitalis.com\/tunisie\/wp-json\/wp\/v2\/media?parent=306185"}],"wp:term":[{"taxonomy":"category","embeddable":true,"href":"https:\/\/kapitalis.com\/tunisie\/wp-json\/wp\/v2\/categories?post=306185"},{"taxonomy":"post_tag","embeddable":true,"href":"https:\/\/kapitalis.com\/tunisie\/wp-json\/wp\/v2\/tags?post=306185"}],"curies":[{"name":"wp","href":"https:\/\/api.w.org\/{rel}","templated":true}]}}