{"id":3063011,"date":"2022-08-14T08:30:00","date_gmt":"2022-08-14T07:30:00","guid":{"rendered":"https:\/\/kapitalis.com\/tunisie\/?p=3063011"},"modified":"2022-08-15T06:38:02","modified_gmt":"2022-08-15T05:38:02","slug":"dou-viennent-les-tunisiens-la-reponse-de-la-genetique","status":"publish","type":"post","link":"https:\/\/kapitalis.com\/tunisie\/2022\/08\/14\/dou-viennent-les-tunisiens-la-reponse-de-la-genetique\/","title":{"rendered":"D&rsquo;o\u00f9 viennent les Tunisiens\u00a0? La r\u00e9ponse de la g\u00e9n\u00e9tique"},"content":{"rendered":"\n<p><strong><em>Un r\u00e9cent ouvrage collectif analysant la g\u00e9n\u00e9tique des populations tunisiennes r\u00e9v\u00e8le que celles-ci se pr\u00e9sentent comme \u00abune mosa\u00efque, sans effet ethnique ou g\u00e9ographique net\u00bb. Ce qui, d\u2019une certaine fa\u00e7on, tranche le d\u00e9bat, plus id\u00e9ologique que scientifique, opposant les dimensions berb\u00e8re et arabe moyen-orientale dans la constitution de la personnalit\u00e9 tunisienne. La g\u00e9n\u00e9tique montre que les brassages, dont certains remontent aux temps pr\u00e9historiques, rendent al\u00e9atoire la recherche d\u2019une origine unique. &nbsp;Et c\u2019est tant mieux ainsi.<\/em><\/strong> <em>(Pr Amel Benammar Elgaa\u00efed)<\/em><\/p>\n\n\n\n<!--more-->\n\n\n\n<p>On a l\u2019habitude de dire que les Tunisiens h\u00e9sitent de nombreuses civilisations qui se sont succ\u00e9d\u00e9 en trois mille sur cette terre situ\u00e9e en Afrique du nord au c\u0153ur de la M\u00e9diterran\u00e9e, carrefour d\u2019\u00e9changes commerciaux et de brassages humains. La diversit\u00e9, l\u2019une des caract\u00e9ristiques de ce peuple d\u2019agriculteurs, de marins, de commer\u00e7ants et de guerriers,, est aussi source de richesse sur le plan de la culture et de la civilisation. On l\u2019a toujours dit. Mais qu\u2019en est-il sur le plan de la g\u00e9n\u00e9tique&nbsp;?<\/p>\n\n\n\n<p>C\u2019est pour r\u00e9pondre \u00e0 cette question que Pr Amel Benammar Elgaa\u00efed, sp\u00e9cialiste en immunog\u00e9n\u00e9tique, a dirig\u00e9 et publi\u00e9 un ouvrage collectif au titre r\u00e9v\u00e9lateur <em>\u2018\u2018Les Tunisiens qui sont-ils&nbsp;? D\u2019O\u00f9 viennent-ils&nbsp;? Les r\u00e9v\u00e9lations, de la g\u00e9n\u00e9tique\u2019\u2019<\/em>.<\/p>\n\n\n\n<p>Il s\u2019agit d\u2019une \u00e9tude sur le peuplement ancien et r\u00e9cent de la Tunisie, sous \u00e9clairage g\u00e9n\u00e9tique, qui est le fruit de travaux, effectu\u00e9s sur plus de 20 ans, par des membres du Laboratoire de g\u00e9n\u00e9tique, immunologie et pathologies humaines de la Facult\u00e9 des sciences de Tunis (LGIPH).<\/p>\n\n\n\n<p>Partant de la diversit\u00e9 g\u00e9n\u00e9tique des populations tunisiennes actuelles, l\u2019\u00e9quipe du LGIPH a \u00e9valu\u00e9 et dat\u00e9 les apports d\u2019origine subsaharienne, nord-africaine, moyen-orientale et europ\u00e9enne.<\/p>\n\n\n\n<p>Les r\u00e9sultats de plusieurs recherches synth\u00e9tis\u00e9s dans cet ouvrage apportent plusieurs \u00e9clairages.<\/p>\n\n\n\n<h2 class=\"wp-block-heading\">Ev\u00e9nements migratoires et apports g\u00e9n\u00e9tiques<\/h2>\n\n\n\n<p>D\u2019abord, au Nord de l\u2019Afrique, les m\u00e9tissages se sont effectu\u00e9s depuis les temps pr\u00e9historiques et ont d\u00e9termin\u00e9 la structure g\u00e9n\u00e9tique des populations actuelles, les \u00e9v\u00e9nements migratoires qui ont par la suite jalonn\u00e9 l\u2019Histoire n\u2019ayant fait qu\u2019accentuer un socle g\u00e9n\u00e9tique d\u00e9j\u00e0 diversifi\u00e9.<\/p>\n\n\n\n<p>Ensuite, les datations t\u00e9moignent d\u2019anciens flux de g\u00e8nes sub-sahariens vers le Nord de l\u2019Afrique au cours du Pal\u00e9olithique. Sur ce socle sub-saharien, des formes sp\u00e9cifiquement nord-africaines ont vu le jour particuli\u00e8rement le chromosome Y berb\u00e8re.<\/p>\n\n\n\n<p>Il y a aussi une composante ib\u00e9rique datant de plus de 10&nbsp;000 ans, qui est venue se greffer sur ce socle africain\/nord-africain. Cependant, cet apport europ\u00e9en ancien semble avoir \u00e9t\u00e9 exclusivement f\u00e9minin. Le m\u00e9tissage ib\u00e9romaurusien est un deuxi\u00e8me processus \u00e0 la base de l\u2019identit\u00e9 g\u00e9n\u00e9tique nord-africaine.<\/p>\n\n\n\n<p>Quant \u00e0 l\u2019apport moyen-oriental, il se serait surtout \u00e9tabli au cours des temps pr\u00e9historiques selon diff\u00e9rentes vagues de migration qui ne seraient pas r\u00e9alis\u00e9es de fa\u00e7on uniforme au Nord de l\u2019Afrique, ni en Tunisie.<\/p>\n\n\n\n<h2 class=\"wp-block-heading\">Le Berb\u00e8re est une culture plut\u00f4t qu\u2019une ethnie<\/h2>\n\n\n\n<p>Les Berb\u00e8res, issus de ces multiples m\u00e9tissages pr\u00e9historiques in\u00e9galement r\u00e9partis, sont g\u00e9n\u00e9tiquement h\u00e9t\u00e9rog\u00e8nes, malgr\u00e9 l\u2019omnipr\u00e9sence du chromosome Y qui les caract\u00e9rise. Ce qui am\u00e8nerait \u00e0 sugg\u00e9rer que le Berb\u00e8re est une culture plut\u00f4t qu\u2019une ethnie au sens g\u00e9n\u00e9tique du terme.<\/p>\n\n\n\n<p>Au cours de l\u2019Histoire, les mouvements de populations en M\u00e9diterran\u00e9e se sont prolong\u00e9s gr\u00e2ce \u00e0 la culture maritime commerciale des Ph\u00e9niciens. Ainsi, on retrouve \u00e0 Sousse (Hadrum\u00e8te) les traces de la dispersion du chromosome Y ph\u00e9nicien en M\u00e9diterran\u00e9e.<\/p>\n\n\n\n<p>Plus r\u00e9cemment, l&rsquo;expansion islamique, en particulier avec l\u2019invasion des Hilaliens au XIe a enrichi la composante g\u00e9n\u00e9tique moyen-orientale \u00e9valu\u00e9e globalement \u00e0 25%. Les r\u00e9sultats g\u00e9n\u00e9tiques obtenus sur des populations consid\u00e9r\u00e9es d\u2019origine arabe en Tunisie apportent des arguments de l\u2019existence d\u2019un m\u00e9tissage entre les populations berb\u00e8res et les populations en provenance du Moyen-Orient, indiquant que l\u2019orientalisation du Nord de l\u2019Afrique et de la Tunisie est un processus ancien qui n\u2019est ni un impact principalement culturel ni un remplacement d\u00e9mographique de la population berb\u00e8re locale par une population arabe.<\/p>\n\n\n\n<h2 class=\"wp-block-heading\">Une mosa\u00efque, sans effet ethnique net<\/h2>\n\n\n\n<p>Le dernier important mouvement de populations de l\u2019Andalousie vers le Nord de l\u2019Afrique a aussi \u00e9t\u00e9 \u00e9tudi\u00e9. Les r\u00e9sultats indiquent que les Andalous install\u00e9s en Tunisie sont les descendants des Nord-Africains qui ont occup\u00e9 l\u2019Andalousie et qui l\u2019ont quitt\u00e9e dix si\u00e8cles plus tard. En effet, Tariq Ibn Ziyad qui a men\u00e9 la conqu\u00eate de la P\u00e9ninsule Ib\u00e9rique \u00e9tait d\u2019origine berb\u00e8re, et il aurait recrut\u00e9 la majorit\u00e9 de ses troupes au Nord de l\u2019Afrique.<\/p>\n\n\n\n<p>Ainsi, le peuplement complexe, fond\u00e9 sur de multiples m\u00e9tissages anciens, accompagn\u00e9 d\u2019une tradition d\u2019endogamie fortement ancr\u00e9e, a sculpt\u00e9 la base de la structure g\u00e9n\u00e9tique des populations tunisiennes actuelles qui se pr\u00e9sentent comme une mosa\u00efque, sans effet ethnique ou g\u00e9ographique net. Les principaux points communs entre ces populations sont&nbsp; l\u2019anciennet\u00e9 des m\u00e9tissages qui a \u00e9t\u00e9 un processus fondateur de l\u2019identit\u00e9 tunisienne et Nord-africaine en g\u00e9n\u00e9ral; la pr\u00e9dominance en Tunisie de la principale lign\u00e9e paternelle berb\u00e8re conjugu\u00e9e \u00e0 des lign\u00e9es maternelles plus diversifi\u00e9es dont la composante majoritaire est europ\u00e9enne&nbsp;: en moyenne 72% des lign\u00e9es paternelles sont nord-africaines alors que 45% des lign\u00e9es maternelles sont europ\u00e9ennes. Cette observation signifierait que les anc\u00eatres masculins et f\u00e9minins des populations tunisiennes viennent, en grande partie, d\u2019origines diff\u00e9rentes.<\/p>\n\n\n\n<p>Les \u00e9tudes r\u00e9alis\u00e9es sur la g\u00e9n\u00e9tique des populations nous permettent aujourd\u2019hui d\u2019envisager d\u2019une part, des applications m\u00e9dico-l\u00e9gales et d\u2019autre part, d\u2019expliquer le profil \u00e9pid\u00e9miologique des maladies g\u00e9n\u00e9tiques en Tunisie, conclut Pr Benammar Elgaa\u00efed et son \u00e9quipe.<\/p>\n\n\n\n<p>Docteur d\u2019Etat en Immunog\u00e9n\u00e9tique \u00e0 l\u2019Universit\u00e9 Pierre et Marie Curie, chercheure \u00e0 l\u2019Institut Pasteur de Paris puis professeure \u00e0 la Facult\u00e9 des sciences de Tunis et directrice du LGIPH, Pr Benammar Elgaa\u00efed est actuellement directrice du d\u00e9partement des sciences \u00e0 l\u2019Acad\u00e9mie des sciences, des lettres et de des arts (Beit Al Hikma), pr\u00e9sidente de la Soci\u00e9t\u00e9 tunisienne d\u2019immunologie et membre du conseil scientifique de l\u2019Institut Pasteur de Tunis et du conseil scientifique de l\u2019Institut de recherche pour le d\u00e9veloppement (IRD Tunisie).<\/p>\n\n\n\n<p>Pour pr\u00e9senter l\u2019ouvrage, co-\u00e9dit\u00e9 par C\u00e9r\u00e8s&nbsp;Edition et Beit Al Hikma, une conf\u00e9rence est pr\u00e9vue le 19 ao\u00fbt 2022 \u00e0 l\u2019espace In&rsquo;Art&nbsp;\u00e0 Sidi Abdallah, \u00e0 la vieille m\u00e9dina de Hammamet.<\/p>\n","protected":false},"excerpt":{"rendered":"<p>Les \u00e9tudes g\u00e9n\u00e9tiques montrent que les brassages, dont certains remontent aux temps pr\u00e9historiques, rendent al\u00e9atoire la recherche d\u2019une origine unique des Tunisiens. \u00a0Et c\u2019est tant mieux ainsi.<\/p>\n","protected":false},"author":8,"featured_media":3063125,"comment_status":"open","ping_status":"open","sticky":false,"template":"","format":"standard","meta":{"footnotes":""},"categories":[992,994,2433],"tags":[11308,102040,79925,102037,102041,102039,102038,1117],"class_list":["post-3063011","post","type-post","status-publish","format-standard","has-post-thumbnail","hentry","category-a-la-une","category-culture","category-tunisie","tag-beit-al-hikma","tag-ceres-edition","tag-faculte-des-sciences-de-tunis","tag-genetique","tag-immunogenetique","tag-lgiph","tag-pr-amel-benammar-elgaaied","tag-tunisiens"],"yoast_head":"<!-- This site is optimized with the Yoast SEO plugin v26.6 - https:\/\/yoast.com\/wordpress\/plugins\/seo\/ -->\n<title>D&#039;o\u00f9 viennent les Tunisiens\u00a0? La r\u00e9ponse de la g\u00e9n\u00e9tique - Kapitalis<\/title>\n<meta name=\"robots\" content=\"index, follow, max-snippet:-1, max-image-preview:large, max-video-preview:-1\" \/>\n<link rel=\"canonical\" href=\"https:\/\/kapitalis.com\/tunisie\/2022\/08\/14\/dou-viennent-les-tunisiens-la-reponse-de-la-genetique\/\" \/>\n<meta property=\"og:locale\" content=\"fr_FR\" \/>\n<meta property=\"og:type\" content=\"article\" \/>\n<meta property=\"og:title\" content=\"D&#039;o\u00f9 viennent les Tunisiens\u00a0? La r\u00e9ponse de la g\u00e9n\u00e9tique - Kapitalis\" \/>\n<meta property=\"og:description\" content=\"Les \u00e9tudes g\u00e9n\u00e9tiques montrent que les brassages, dont certains remontent aux temps pr\u00e9historiques, rendent al\u00e9atoire la recherche d\u2019une origine unique des Tunisiens. \u00a0Et c\u2019est tant mieux ainsi.\" \/>\n<meta property=\"og:url\" content=\"https:\/\/kapitalis.com\/tunisie\/2022\/08\/14\/dou-viennent-les-tunisiens-la-reponse-de-la-genetique\/\" \/>\n<meta property=\"og:site_name\" content=\"Kapitalis\" \/>\n<meta property=\"article:publisher\" content=\"https:\/\/www.facebook.com\/KapitalisInfo\/\" \/>\n<meta property=\"article:published_time\" content=\"2022-08-14T07:30:00+00:00\" \/>\n<meta property=\"article:modified_time\" content=\"2022-08-15T05:38:02+00:00\" \/>\n<meta property=\"og:image\" content=\"https:\/\/kapitalis.com\/tunisie\/wp-content\/uploads\/2022\/08\/Amel-Benammar-Elgaaied.jpg\" \/>\n\t<meta property=\"og:image:width\" content=\"1200\" \/>\n\t<meta property=\"og:image:height\" content=\"630\" \/>\n\t<meta property=\"og:image:type\" content=\"image\/jpeg\" \/>\n<meta name=\"author\" content=\"webmaster kapitalis\" \/>\n<meta name=\"twitter:card\" content=\"summary_large_image\" \/>\n<meta name=\"twitter:creator\" content=\"@KapitalisInfo\" \/>\n<meta name=\"twitter:site\" content=\"@KapitalisInfo\" \/>\n<meta name=\"twitter:label1\" content=\"\u00c9crit par\" \/>\n\t<meta name=\"twitter:data1\" content=\"webmaster kapitalis\" \/>\n\t<meta name=\"twitter:label2\" content=\"Dur\u00e9e de lecture estim\u00e9e\" \/>\n\t<meta name=\"twitter:data2\" content=\"5 minutes\" \/>\n<script type=\"application\/ld+json\" class=\"yoast-schema-graph\">{\"@context\":\"https:\/\/schema.org\",\"@graph\":[{\"@type\":\"Article\",\"@id\":\"https:\/\/kapitalis.com\/tunisie\/2022\/08\/14\/dou-viennent-les-tunisiens-la-reponse-de-la-genetique\/#article\",\"isPartOf\":{\"@id\":\"https:\/\/kapitalis.com\/tunisie\/2022\/08\/14\/dou-viennent-les-tunisiens-la-reponse-de-la-genetique\/\"},\"author\":{\"name\":\"webmaster kapitalis\",\"@id\":\"https:\/\/kapitalis.com\/tunisie\/#\/schema\/person\/d71f33a9ca44f7bad4698210b480c8e9\"},\"headline\":\"D&rsquo;o\u00f9 viennent les Tunisiens\u00a0? La r\u00e9ponse de la g\u00e9n\u00e9tique\",\"datePublished\":\"2022-08-14T07:30:00+00:00\",\"dateModified\":\"2022-08-15T05:38:02+00:00\",\"mainEntityOfPage\":{\"@id\":\"https:\/\/kapitalis.com\/tunisie\/2022\/08\/14\/dou-viennent-les-tunisiens-la-reponse-de-la-genetique\/\"},\"wordCount\":1204,\"commentCount\":28,\"publisher\":{\"@id\":\"https:\/\/kapitalis.com\/tunisie\/#organization\"},\"image\":{\"@id\":\"https:\/\/kapitalis.com\/tunisie\/2022\/08\/14\/dou-viennent-les-tunisiens-la-reponse-de-la-genetique\/#primaryimage\"},\"thumbnailUrl\":\"https:\/\/kapitalis.com\/tunisie\/wp-content\/uploads\/2022\/08\/Amel-Benammar-Elgaaied.jpg\",\"keywords\":[\"Be\u00eft Al-Hikma\",\"C\u00e9r\u00e8s\u00a0Edition\",\"Facult\u00e9 des sciences de Tunis\",\"g\u00e9n\u00e9tique\",\"immunog\u00e9n\u00e9tique\",\"LGIPH\",\"Pr Amel Benammar Elgaa\u00efed\",\"tunisiens\"],\"articleSection\":[\"A LA UNE\",\"CULTURE\",\"Tunisie\"],\"inLanguage\":\"fr-FR\",\"potentialAction\":[{\"@type\":\"CommentAction\",\"name\":\"Comment\",\"target\":[\"https:\/\/kapitalis.com\/tunisie\/2022\/08\/14\/dou-viennent-les-tunisiens-la-reponse-de-la-genetique\/#respond\"]}]},{\"@type\":\"WebPage\",\"@id\":\"https:\/\/kapitalis.com\/tunisie\/2022\/08\/14\/dou-viennent-les-tunisiens-la-reponse-de-la-genetique\/\",\"url\":\"https:\/\/kapitalis.com\/tunisie\/2022\/08\/14\/dou-viennent-les-tunisiens-la-reponse-de-la-genetique\/\",\"name\":\"D'o\u00f9 viennent les Tunisiens\u00a0? La r\u00e9ponse de la g\u00e9n\u00e9tique - Kapitalis\",\"isPartOf\":{\"@id\":\"https:\/\/kapitalis.com\/tunisie\/#website\"},\"primaryImageOfPage\":{\"@id\":\"https:\/\/kapitalis.com\/tunisie\/2022\/08\/14\/dou-viennent-les-tunisiens-la-reponse-de-la-genetique\/#primaryimage\"},\"image\":{\"@id\":\"https:\/\/kapitalis.com\/tunisie\/2022\/08\/14\/dou-viennent-les-tunisiens-la-reponse-de-la-genetique\/#primaryimage\"},\"thumbnailUrl\":\"https:\/\/kapitalis.com\/tunisie\/wp-content\/uploads\/2022\/08\/Amel-Benammar-Elgaaied.jpg\",\"datePublished\":\"2022-08-14T07:30:00+00:00\",\"dateModified\":\"2022-08-15T05:38:02+00:00\",\"breadcrumb\":{\"@id\":\"https:\/\/kapitalis.com\/tunisie\/2022\/08\/14\/dou-viennent-les-tunisiens-la-reponse-de-la-genetique\/#breadcrumb\"},\"inLanguage\":\"fr-FR\",\"potentialAction\":[{\"@type\":\"ReadAction\",\"target\":[\"https:\/\/kapitalis.com\/tunisie\/2022\/08\/14\/dou-viennent-les-tunisiens-la-reponse-de-la-genetique\/\"]}]},{\"@type\":\"ImageObject\",\"inLanguage\":\"fr-FR\",\"@id\":\"https:\/\/kapitalis.com\/tunisie\/2022\/08\/14\/dou-viennent-les-tunisiens-la-reponse-de-la-genetique\/#primaryimage\",\"url\":\"https:\/\/kapitalis.com\/tunisie\/wp-content\/uploads\/2022\/08\/Amel-Benammar-Elgaaied.jpg\",\"contentUrl\":\"https:\/\/kapitalis.com\/tunisie\/wp-content\/uploads\/2022\/08\/Amel-Benammar-Elgaaied.jpg\",\"width\":1200,\"height\":630},{\"@type\":\"BreadcrumbList\",\"@id\":\"https:\/\/kapitalis.com\/tunisie\/2022\/08\/14\/dou-viennent-les-tunisiens-la-reponse-de-la-genetique\/#breadcrumb\",\"itemListElement\":[{\"@type\":\"ListItem\",\"position\":1,\"name\":\"Accueil\",\"item\":\"https:\/\/kapitalis.com\/tunisie\/\"},{\"@type\":\"ListItem\",\"position\":2,\"name\":\"D&rsquo;o\u00f9 viennent les Tunisiens\u00a0? La r\u00e9ponse de la g\u00e9n\u00e9tique\"}]},{\"@type\":\"WebSite\",\"@id\":\"https:\/\/kapitalis.com\/tunisie\/#website\",\"url\":\"https:\/\/kapitalis.com\/tunisie\/\",\"name\":\"Kapitalis\",\"description\":\"L&#039;actualit\u00e9 en Tunisie et dans le monde\",\"publisher\":{\"@id\":\"https:\/\/kapitalis.com\/tunisie\/#organization\"},\"potentialAction\":[{\"@type\":\"SearchAction\",\"target\":{\"@type\":\"EntryPoint\",\"urlTemplate\":\"https:\/\/kapitalis.com\/tunisie\/?s={search_term_string}\"},\"query-input\":{\"@type\":\"PropertyValueSpecification\",\"valueRequired\":true,\"valueName\":\"search_term_string\"}}],\"inLanguage\":\"fr-FR\"},{\"@type\":\"Organization\",\"@id\":\"https:\/\/kapitalis.com\/tunisie\/#organization\",\"name\":\"Kapitalis\",\"url\":\"https:\/\/kapitalis.com\/tunisie\/\",\"logo\":{\"@type\":\"ImageObject\",\"inLanguage\":\"fr-FR\",\"@id\":\"https:\/\/kapitalis.com\/tunisie\/#\/schema\/logo\/image\/\",\"url\":\"https:\/\/kapitalis.com\/tunisie\/wp-content\/uploads\/2022\/05\/Kapitalis-big-size.png\",\"contentUrl\":\"https:\/\/kapitalis.com\/tunisie\/wp-content\/uploads\/2022\/05\/Kapitalis-big-size.png\",\"width\":5000,\"height\":1500,\"caption\":\"Kapitalis\"},\"image\":{\"@id\":\"https:\/\/kapitalis.com\/tunisie\/#\/schema\/logo\/image\/\"},\"sameAs\":[\"https:\/\/www.facebook.com\/KapitalisInfo\/\",\"https:\/\/x.com\/KapitalisInfo\",\"https:\/\/www.youtube.com\/channel\/UC-yDYrHyfFBWWZaOw3FPg9Q\"]},{\"@type\":\"Person\",\"@id\":\"https:\/\/kapitalis.com\/tunisie\/#\/schema\/person\/d71f33a9ca44f7bad4698210b480c8e9\",\"name\":\"webmaster kapitalis\",\"url\":\"https:\/\/kapitalis.com\/tunisie\/author\/webmaster-kapitalis\/\"}]}<\/script>\n<!-- \/ Yoast SEO plugin. -->","yoast_head_json":{"title":"D'o\u00f9 viennent les Tunisiens\u00a0? La r\u00e9ponse de la g\u00e9n\u00e9tique - Kapitalis","robots":{"index":"index","follow":"follow","max-snippet":"max-snippet:-1","max-image-preview":"max-image-preview:large","max-video-preview":"max-video-preview:-1"},"canonical":"https:\/\/kapitalis.com\/tunisie\/2022\/08\/14\/dou-viennent-les-tunisiens-la-reponse-de-la-genetique\/","og_locale":"fr_FR","og_type":"article","og_title":"D'o\u00f9 viennent les Tunisiens\u00a0? La r\u00e9ponse de la g\u00e9n\u00e9tique - Kapitalis","og_description":"Les \u00e9tudes g\u00e9n\u00e9tiques montrent que les brassages, dont certains remontent aux temps pr\u00e9historiques, rendent al\u00e9atoire la recherche d\u2019une origine unique des Tunisiens. \u00a0Et c\u2019est tant mieux ainsi.","og_url":"https:\/\/kapitalis.com\/tunisie\/2022\/08\/14\/dou-viennent-les-tunisiens-la-reponse-de-la-genetique\/","og_site_name":"Kapitalis","article_publisher":"https:\/\/www.facebook.com\/KapitalisInfo\/","article_published_time":"2022-08-14T07:30:00+00:00","article_modified_time":"2022-08-15T05:38:02+00:00","og_image":[{"width":1200,"height":630,"url":"https:\/\/kapitalis.com\/tunisie\/wp-content\/uploads\/2022\/08\/Amel-Benammar-Elgaaied.jpg","type":"image\/jpeg"}],"author":"webmaster kapitalis","twitter_card":"summary_large_image","twitter_creator":"@KapitalisInfo","twitter_site":"@KapitalisInfo","twitter_misc":{"\u00c9crit par":"webmaster kapitalis","Dur\u00e9e de lecture estim\u00e9e":"5 minutes"},"schema":{"@context":"https:\/\/schema.org","@graph":[{"@type":"Article","@id":"https:\/\/kapitalis.com\/tunisie\/2022\/08\/14\/dou-viennent-les-tunisiens-la-reponse-de-la-genetique\/#article","isPartOf":{"@id":"https:\/\/kapitalis.com\/tunisie\/2022\/08\/14\/dou-viennent-les-tunisiens-la-reponse-de-la-genetique\/"},"author":{"name":"webmaster kapitalis","@id":"https:\/\/kapitalis.com\/tunisie\/#\/schema\/person\/d71f33a9ca44f7bad4698210b480c8e9"},"headline":"D&rsquo;o\u00f9 viennent les Tunisiens\u00a0? La r\u00e9ponse de la g\u00e9n\u00e9tique","datePublished":"2022-08-14T07:30:00+00:00","dateModified":"2022-08-15T05:38:02+00:00","mainEntityOfPage":{"@id":"https:\/\/kapitalis.com\/tunisie\/2022\/08\/14\/dou-viennent-les-tunisiens-la-reponse-de-la-genetique\/"},"wordCount":1204,"commentCount":28,"publisher":{"@id":"https:\/\/kapitalis.com\/tunisie\/#organization"},"image":{"@id":"https:\/\/kapitalis.com\/tunisie\/2022\/08\/14\/dou-viennent-les-tunisiens-la-reponse-de-la-genetique\/#primaryimage"},"thumbnailUrl":"https:\/\/kapitalis.com\/tunisie\/wp-content\/uploads\/2022\/08\/Amel-Benammar-Elgaaied.jpg","keywords":["Be\u00eft Al-Hikma","C\u00e9r\u00e8s\u00a0Edition","Facult\u00e9 des sciences de Tunis","g\u00e9n\u00e9tique","immunog\u00e9n\u00e9tique","LGIPH","Pr Amel Benammar Elgaa\u00efed","tunisiens"],"articleSection":["A LA UNE","CULTURE","Tunisie"],"inLanguage":"fr-FR","potentialAction":[{"@type":"CommentAction","name":"Comment","target":["https:\/\/kapitalis.com\/tunisie\/2022\/08\/14\/dou-viennent-les-tunisiens-la-reponse-de-la-genetique\/#respond"]}]},{"@type":"WebPage","@id":"https:\/\/kapitalis.com\/tunisie\/2022\/08\/14\/dou-viennent-les-tunisiens-la-reponse-de-la-genetique\/","url":"https:\/\/kapitalis.com\/tunisie\/2022\/08\/14\/dou-viennent-les-tunisiens-la-reponse-de-la-genetique\/","name":"D'o\u00f9 viennent les Tunisiens\u00a0? La r\u00e9ponse de la g\u00e9n\u00e9tique - Kapitalis","isPartOf":{"@id":"https:\/\/kapitalis.com\/tunisie\/#website"},"primaryImageOfPage":{"@id":"https:\/\/kapitalis.com\/tunisie\/2022\/08\/14\/dou-viennent-les-tunisiens-la-reponse-de-la-genetique\/#primaryimage"},"image":{"@id":"https:\/\/kapitalis.com\/tunisie\/2022\/08\/14\/dou-viennent-les-tunisiens-la-reponse-de-la-genetique\/#primaryimage"},"thumbnailUrl":"https:\/\/kapitalis.com\/tunisie\/wp-content\/uploads\/2022\/08\/Amel-Benammar-Elgaaied.jpg","datePublished":"2022-08-14T07:30:00+00:00","dateModified":"2022-08-15T05:38:02+00:00","breadcrumb":{"@id":"https:\/\/kapitalis.com\/tunisie\/2022\/08\/14\/dou-viennent-les-tunisiens-la-reponse-de-la-genetique\/#breadcrumb"},"inLanguage":"fr-FR","potentialAction":[{"@type":"ReadAction","target":["https:\/\/kapitalis.com\/tunisie\/2022\/08\/14\/dou-viennent-les-tunisiens-la-reponse-de-la-genetique\/"]}]},{"@type":"ImageObject","inLanguage":"fr-FR","@id":"https:\/\/kapitalis.com\/tunisie\/2022\/08\/14\/dou-viennent-les-tunisiens-la-reponse-de-la-genetique\/#primaryimage","url":"https:\/\/kapitalis.com\/tunisie\/wp-content\/uploads\/2022\/08\/Amel-Benammar-Elgaaied.jpg","contentUrl":"https:\/\/kapitalis.com\/tunisie\/wp-content\/uploads\/2022\/08\/Amel-Benammar-Elgaaied.jpg","width":1200,"height":630},{"@type":"BreadcrumbList","@id":"https:\/\/kapitalis.com\/tunisie\/2022\/08\/14\/dou-viennent-les-tunisiens-la-reponse-de-la-genetique\/#breadcrumb","itemListElement":[{"@type":"ListItem","position":1,"name":"Accueil","item":"https:\/\/kapitalis.com\/tunisie\/"},{"@type":"ListItem","position":2,"name":"D&rsquo;o\u00f9 viennent les Tunisiens\u00a0? La r\u00e9ponse de la g\u00e9n\u00e9tique"}]},{"@type":"WebSite","@id":"https:\/\/kapitalis.com\/tunisie\/#website","url":"https:\/\/kapitalis.com\/tunisie\/","name":"Kapitalis","description":"L&#039;actualit\u00e9 en Tunisie et dans le monde","publisher":{"@id":"https:\/\/kapitalis.com\/tunisie\/#organization"},"potentialAction":[{"@type":"SearchAction","target":{"@type":"EntryPoint","urlTemplate":"https:\/\/kapitalis.com\/tunisie\/?s={search_term_string}"},"query-input":{"@type":"PropertyValueSpecification","valueRequired":true,"valueName":"search_term_string"}}],"inLanguage":"fr-FR"},{"@type":"Organization","@id":"https:\/\/kapitalis.com\/tunisie\/#organization","name":"Kapitalis","url":"https:\/\/kapitalis.com\/tunisie\/","logo":{"@type":"ImageObject","inLanguage":"fr-FR","@id":"https:\/\/kapitalis.com\/tunisie\/#\/schema\/logo\/image\/","url":"https:\/\/kapitalis.com\/tunisie\/wp-content\/uploads\/2022\/05\/Kapitalis-big-size.png","contentUrl":"https:\/\/kapitalis.com\/tunisie\/wp-content\/uploads\/2022\/05\/Kapitalis-big-size.png","width":5000,"height":1500,"caption":"Kapitalis"},"image":{"@id":"https:\/\/kapitalis.com\/tunisie\/#\/schema\/logo\/image\/"},"sameAs":["https:\/\/www.facebook.com\/KapitalisInfo\/","https:\/\/x.com\/KapitalisInfo","https:\/\/www.youtube.com\/channel\/UC-yDYrHyfFBWWZaOw3FPg9Q"]},{"@type":"Person","@id":"https:\/\/kapitalis.com\/tunisie\/#\/schema\/person\/d71f33a9ca44f7bad4698210b480c8e9","name":"webmaster kapitalis","url":"https:\/\/kapitalis.com\/tunisie\/author\/webmaster-kapitalis\/"}]}},"_links":{"self":[{"href":"https:\/\/kapitalis.com\/tunisie\/wp-json\/wp\/v2\/posts\/3063011","targetHints":{"allow":["GET"]}}],"collection":[{"href":"https:\/\/kapitalis.com\/tunisie\/wp-json\/wp\/v2\/posts"}],"about":[{"href":"https:\/\/kapitalis.com\/tunisie\/wp-json\/wp\/v2\/types\/post"}],"author":[{"embeddable":true,"href":"https:\/\/kapitalis.com\/tunisie\/wp-json\/wp\/v2\/users\/8"}],"replies":[{"embeddable":true,"href":"https:\/\/kapitalis.com\/tunisie\/wp-json\/wp\/v2\/comments?post=3063011"}],"version-history":[{"count":0,"href":"https:\/\/kapitalis.com\/tunisie\/wp-json\/wp\/v2\/posts\/3063011\/revisions"}],"wp:featuredmedia":[{"embeddable":true,"href":"https:\/\/kapitalis.com\/tunisie\/wp-json\/wp\/v2\/media\/3063125"}],"wp:attachment":[{"href":"https:\/\/kapitalis.com\/tunisie\/wp-json\/wp\/v2\/media?parent=3063011"}],"wp:term":[{"taxonomy":"category","embeddable":true,"href":"https:\/\/kapitalis.com\/tunisie\/wp-json\/wp\/v2\/categories?post=3063011"},{"taxonomy":"post_tag","embeddable":true,"href":"https:\/\/kapitalis.com\/tunisie\/wp-json\/wp\/v2\/tags?post=3063011"}],"curies":[{"name":"wp","href":"https:\/\/api.w.org\/{rel}","templated":true}]}}