{"id":306321,"date":"2020-07-02T21:24:36","date_gmt":"2020-07-02T20:24:36","guid":{"rendered":"http:\/\/kapitalis.com\/tunisie\/?p=306321"},"modified":"2020-07-03T07:54:25","modified_gmt":"2020-07-03T06:54:25","slug":"tunisie-les-conseils-du-ministere-de-la-sante-pour-se-proteger-de-la-chaleur","status":"publish","type":"post","link":"https:\/\/kapitalis.com\/tunisie\/2020\/07\/02\/tunisie-les-conseils-du-ministere-de-la-sante-pour-se-proteger-de-la-chaleur\/","title":{"rendered":"Tunisie : Les conseils du minist\u00e8re de la Sant\u00e9 pour se prot\u00e9ger de la chaleur"},"content":{"rendered":"\n<figure class=\"wp-block-image size-large\"><img decoding=\"async\" src=\"http:\/\/kapitalis.com\/tunisie\/wp-content\/uploads\/2020\/07\/chahleur-husse-temp\u00e9ratures.jpg\" alt=\"\" class=\"wp-image-306325\"\/><\/figure>\n\n\n\n<p><strong><em>Le minist\u00e8re de la sant\u00e9 pr\u00e9vient contre les fortes chaleurs et appelle les citoyens \u00e0 la vigilance et \u00e0 ne pas s\u2019exposer au soleil, tout en  publiant une s\u00e9rie de recommandations pour faire face \u00e0 la hausse des temp\u00e9ratures<\/em><\/strong>, <em><strong>qui se poursuivra au moins, jusqu\u2019\u00e0 la fin de la semaine<\/strong><\/em>.<\/p>\n\n\n\n<!--more-->\n\n\n\n<p>Dans un communiqu\u00e9, publi\u00e9 aujourd\u2019hui, jeudi 2 juillet 2020<strong><em>,<\/em><\/strong> le minist\u00e8re a rappel\u00e9 la n\u00e9cessit\u00e9 de respecter les mesures pr\u00e9ventives afin d\u2019\u00e9viter les complications sanitaires, tout en indiquant que par de pareilles chaleurs, il convient de veiller \u00e0 rester dans les pi\u00e8ces les plus fra\u00eeches, baisser les rideaux pendant la journ\u00e9e et ouvrir les fen\u00eatres pendant la nuit.<\/p>\n\n\n\n<p>Le minist\u00e8re rappelle qu&rsquo;il faut \u00e9viter de se rendre \u00e0 la plage entre 11 h et 16 h et de ne sortir qu&rsquo;en cas de n\u00e9cessit\u00e9 : il faut marcher \u00e0 l\u2019ombre, mettre des chapeaux larges et porter des v\u00eatements amples en coton et aux couleurs clairs.<\/p>\n\n\n\n<p><em>\u00abIl est essentiel de prendre des repas \u00e9quilibr\u00e9s, contenant des l\u00e9gumes frais et cuits, des prot\u00e9ines v\u00e9g\u00e9tales et des fruits de saison et de se doucher \u00e0 l\u2019eau ti\u00e8de ou froide et de boire de l\u2019eau en quantit\u00e9 suffisante, en particulier pour les personnes \u00e2g\u00e9es, les enfants et les femmes enceintes\u00bb<\/em>, pr\u00e9vient encore le minist\u00e8re.<\/p>\n\n\n\n<p>Rappelons que les temp\u00e9ratures ont vari\u00e9 entre 38 et 42\u00b0, jeudi et ont d\u00e9pass\u00e9 46\u00b0 au sud du pays, notamment \u00e0 Tozeur et \u00e0 K\u00e9bili.<\/p>\n\n\n\n<p class=\"has-text-align-right\"><strong>Y. N.<\/strong><\/p>\n","protected":false},"excerpt":{"rendered":"<p>Le minist\u00e8re de la sant\u00e9 pr\u00e9vient contre les fortes chaleurs et appelle les citoyens \u00e0 la vigilance et \u00e0 ne pas s\u2019exposer au soleil, tout en publiant une s\u00e9rie de recommandations pour faire face \u00e0 la hausse des temp\u00e9ratures, qui se poursuivra au moins, jusqu\u2019\u00e0 la fin de la semaine.<\/p>\n","protected":false},"author":6,"featured_media":306325,"comment_status":"open","ping_status":"open","sticky":false,"template":"","format":"standard","meta":{"footnotes":""},"categories":[998,2433],"tags":[80455,294,18631,810,1666,62643,3441],"class_list":["post-306321","post","type-post","status-publish","format-standard","has-post-thumbnail","hentry","category-societe","category-tunisie","tag-chaleurs","tag-eau","tag-hausse-temperatures","tag-sante","tag-soleil","tag-tunisie","tag-vigilance"],"yoast_head":"<!-- This site is optimized with the Yoast SEO plugin v26.6 - https:\/\/yoast.com\/wordpress\/plugins\/seo\/ -->\n<title>Tunisie : Les conseils du minist\u00e8re de la Sant\u00e9 pour se prot\u00e9ger de la chaleur - Kapitalis<\/title>\n<meta name=\"robots\" content=\"index, follow, max-snippet:-1, max-image-preview:large, max-video-preview:-1\" \/>\n<link rel=\"canonical\" href=\"https:\/\/kapitalis.com\/tunisie\/2020\/07\/02\/tunisie-les-conseils-du-ministere-de-la-sante-pour-se-proteger-de-la-chaleur\/\" \/>\n<meta property=\"og:locale\" content=\"fr_FR\" \/>\n<meta property=\"og:type\" content=\"article\" \/>\n<meta property=\"og:title\" content=\"Tunisie : Les conseils du minist\u00e8re de la Sant\u00e9 pour se prot\u00e9ger de la chaleur - Kapitalis\" \/>\n<meta property=\"og:description\" content=\"Le minist\u00e8re de la sant\u00e9 pr\u00e9vient contre les fortes chaleurs et appelle les citoyens \u00e0 la vigilance et \u00e0 ne pas s\u2019exposer au soleil, tout en publiant une s\u00e9rie de recommandations pour faire face \u00e0 la hausse des temp\u00e9ratures, qui se poursuivra au moins, jusqu\u2019\u00e0 la fin de la semaine.\" \/>\n<meta property=\"og:url\" content=\"https:\/\/kapitalis.com\/tunisie\/2020\/07\/02\/tunisie-les-conseils-du-ministere-de-la-sante-pour-se-proteger-de-la-chaleur\/\" \/>\n<meta property=\"og:site_name\" content=\"Kapitalis\" \/>\n<meta property=\"article:publisher\" content=\"https:\/\/www.facebook.com\/KapitalisInfo\/\" \/>\n<meta property=\"article:published_time\" content=\"2020-07-02T20:24:36+00:00\" \/>\n<meta property=\"article:modified_time\" content=\"2020-07-03T06:54:25+00:00\" \/>\n<meta property=\"og:image\" content=\"https:\/\/kapitalis.com\/tunisie\/wp-content\/uploads\/2022\/05\/kapitalis-logo-fb.png\" \/>\n\t<meta property=\"og:image:width\" content=\"1200\" \/>\n\t<meta property=\"og:image:height\" content=\"630\" \/>\n\t<meta property=\"og:image:type\" content=\"image\/png\" \/>\n<meta name=\"author\" content=\"Yusra NY\" \/>\n<meta name=\"twitter:card\" content=\"summary_large_image\" \/>\n<meta name=\"twitter:creator\" content=\"@KapitalisInfo\" \/>\n<meta name=\"twitter:site\" content=\"@KapitalisInfo\" \/>\n<meta name=\"twitter:label1\" content=\"\u00c9crit par\" \/>\n\t<meta name=\"twitter:data1\" content=\"Yusra NY\" \/>\n\t<meta name=\"twitter:label2\" content=\"Dur\u00e9e de lecture estim\u00e9e\" \/>\n\t<meta name=\"twitter:data2\" content=\"1 minute\" \/>\n<script type=\"application\/ld+json\" class=\"yoast-schema-graph\">{\"@context\":\"https:\/\/schema.org\",\"@graph\":[{\"@type\":\"Article\",\"@id\":\"https:\/\/kapitalis.com\/tunisie\/2020\/07\/02\/tunisie-les-conseils-du-ministere-de-la-sante-pour-se-proteger-de-la-chaleur\/#article\",\"isPartOf\":{\"@id\":\"https:\/\/kapitalis.com\/tunisie\/2020\/07\/02\/tunisie-les-conseils-du-ministere-de-la-sante-pour-se-proteger-de-la-chaleur\/\"},\"author\":{\"name\":\"Yusra NY\",\"@id\":\"https:\/\/kapitalis.com\/tunisie\/#\/schema\/person\/74bbde0154d49d790a92aaeac5bc01d5\"},\"headline\":\"Tunisie : Les conseils du minist\u00e8re de la Sant\u00e9 pour se prot\u00e9ger de la chaleur\",\"datePublished\":\"2020-07-02T20:24:36+00:00\",\"dateModified\":\"2020-07-03T06:54:25+00:00\",\"mainEntityOfPage\":{\"@id\":\"https:\/\/kapitalis.com\/tunisie\/2020\/07\/02\/tunisie-les-conseils-du-ministere-de-la-sante-pour-se-proteger-de-la-chaleur\/\"},\"wordCount\":268,\"commentCount\":0,\"publisher\":{\"@id\":\"https:\/\/kapitalis.com\/tunisie\/#organization\"},\"image\":{\"@id\":\"https:\/\/kapitalis.com\/tunisie\/2020\/07\/02\/tunisie-les-conseils-du-ministere-de-la-sante-pour-se-proteger-de-la-chaleur\/#primaryimage\"},\"thumbnailUrl\":\"\",\"keywords\":[\"chaleurs\",\"eau\",\"hausse temp\u00e9ratures\",\"Sant\u00e9\",\"soleil\",\"Tunisie\",\"vigilance\"],\"articleSection\":[\"SOCIETE\",\"Tunisie\"],\"inLanguage\":\"fr-FR\",\"potentialAction\":[{\"@type\":\"CommentAction\",\"name\":\"Comment\",\"target\":[\"https:\/\/kapitalis.com\/tunisie\/2020\/07\/02\/tunisie-les-conseils-du-ministere-de-la-sante-pour-se-proteger-de-la-chaleur\/#respond\"]}]},{\"@type\":\"WebPage\",\"@id\":\"https:\/\/kapitalis.com\/tunisie\/2020\/07\/02\/tunisie-les-conseils-du-ministere-de-la-sante-pour-se-proteger-de-la-chaleur\/\",\"url\":\"https:\/\/kapitalis.com\/tunisie\/2020\/07\/02\/tunisie-les-conseils-du-ministere-de-la-sante-pour-se-proteger-de-la-chaleur\/\",\"name\":\"Tunisie : Les conseils du minist\u00e8re de la Sant\u00e9 pour se prot\u00e9ger de la chaleur - Kapitalis\",\"isPartOf\":{\"@id\":\"https:\/\/kapitalis.com\/tunisie\/#website\"},\"primaryImageOfPage\":{\"@id\":\"https:\/\/kapitalis.com\/tunisie\/2020\/07\/02\/tunisie-les-conseils-du-ministere-de-la-sante-pour-se-proteger-de-la-chaleur\/#primaryimage\"},\"image\":{\"@id\":\"https:\/\/kapitalis.com\/tunisie\/2020\/07\/02\/tunisie-les-conseils-du-ministere-de-la-sante-pour-se-proteger-de-la-chaleur\/#primaryimage\"},\"thumbnailUrl\":\"\",\"datePublished\":\"2020-07-02T20:24:36+00:00\",\"dateModified\":\"2020-07-03T06:54:25+00:00\",\"breadcrumb\":{\"@id\":\"https:\/\/kapitalis.com\/tunisie\/2020\/07\/02\/tunisie-les-conseils-du-ministere-de-la-sante-pour-se-proteger-de-la-chaleur\/#breadcrumb\"},\"inLanguage\":\"fr-FR\",\"potentialAction\":[{\"@type\":\"ReadAction\",\"target\":[\"https:\/\/kapitalis.com\/tunisie\/2020\/07\/02\/tunisie-les-conseils-du-ministere-de-la-sante-pour-se-proteger-de-la-chaleur\/\"]}]},{\"@type\":\"ImageObject\",\"inLanguage\":\"fr-FR\",\"@id\":\"https:\/\/kapitalis.com\/tunisie\/2020\/07\/02\/tunisie-les-conseils-du-ministere-de-la-sante-pour-se-proteger-de-la-chaleur\/#primaryimage\",\"url\":\"\",\"contentUrl\":\"\"},{\"@type\":\"BreadcrumbList\",\"@id\":\"https:\/\/kapitalis.com\/tunisie\/2020\/07\/02\/tunisie-les-conseils-du-ministere-de-la-sante-pour-se-proteger-de-la-chaleur\/#breadcrumb\",\"itemListElement\":[{\"@type\":\"ListItem\",\"position\":1,\"name\":\"Accueil\",\"item\":\"https:\/\/kapitalis.com\/tunisie\/\"},{\"@type\":\"ListItem\",\"position\":2,\"name\":\"Tunisie : Les conseils du minist\u00e8re de la Sant\u00e9 pour se prot\u00e9ger de la chaleur\"}]},{\"@type\":\"WebSite\",\"@id\":\"https:\/\/kapitalis.com\/tunisie\/#website\",\"url\":\"https:\/\/kapitalis.com\/tunisie\/\",\"name\":\"Kapitalis\",\"description\":\"L&#039;actualit\u00e9 en Tunisie et dans le monde\",\"publisher\":{\"@id\":\"https:\/\/kapitalis.com\/tunisie\/#organization\"},\"potentialAction\":[{\"@type\":\"SearchAction\",\"target\":{\"@type\":\"EntryPoint\",\"urlTemplate\":\"https:\/\/kapitalis.com\/tunisie\/?s={search_term_string}\"},\"query-input\":{\"@type\":\"PropertyValueSpecification\",\"valueRequired\":true,\"valueName\":\"search_term_string\"}}],\"inLanguage\":\"fr-FR\"},{\"@type\":\"Organization\",\"@id\":\"https:\/\/kapitalis.com\/tunisie\/#organization\",\"name\":\"Kapitalis\",\"url\":\"https:\/\/kapitalis.com\/tunisie\/\",\"logo\":{\"@type\":\"ImageObject\",\"inLanguage\":\"fr-FR\",\"@id\":\"https:\/\/kapitalis.com\/tunisie\/#\/schema\/logo\/image\/\",\"url\":\"https:\/\/kapitalis.com\/tunisie\/wp-content\/uploads\/2022\/05\/Kapitalis-big-size.png\",\"contentUrl\":\"https:\/\/kapitalis.com\/tunisie\/wp-content\/uploads\/2022\/05\/Kapitalis-big-size.png\",\"width\":5000,\"height\":1500,\"caption\":\"Kapitalis\"},\"image\":{\"@id\":\"https:\/\/kapitalis.com\/tunisie\/#\/schema\/logo\/image\/\"},\"sameAs\":[\"https:\/\/www.facebook.com\/KapitalisInfo\/\",\"https:\/\/x.com\/KapitalisInfo\",\"https:\/\/www.youtube.com\/channel\/UC-yDYrHyfFBWWZaOw3FPg9Q\"]},{\"@type\":\"Person\",\"@id\":\"https:\/\/kapitalis.com\/tunisie\/#\/schema\/person\/74bbde0154d49d790a92aaeac5bc01d5\",\"name\":\"Yusra NY\",\"url\":\"https:\/\/kapitalis.com\/tunisie\/author\/yuza_adam\/\"}]}<\/script>\n<!-- \/ Yoast SEO plugin. -->","yoast_head_json":{"title":"Tunisie : Les conseils du minist\u00e8re de la Sant\u00e9 pour se prot\u00e9ger de la chaleur - Kapitalis","robots":{"index":"index","follow":"follow","max-snippet":"max-snippet:-1","max-image-preview":"max-image-preview:large","max-video-preview":"max-video-preview:-1"},"canonical":"https:\/\/kapitalis.com\/tunisie\/2020\/07\/02\/tunisie-les-conseils-du-ministere-de-la-sante-pour-se-proteger-de-la-chaleur\/","og_locale":"fr_FR","og_type":"article","og_title":"Tunisie : Les conseils du minist\u00e8re de la Sant\u00e9 pour se prot\u00e9ger de la chaleur - Kapitalis","og_description":"Le minist\u00e8re de la sant\u00e9 pr\u00e9vient contre les fortes chaleurs et appelle les citoyens \u00e0 la vigilance et \u00e0 ne pas s\u2019exposer au soleil, tout en publiant une s\u00e9rie de recommandations pour faire face \u00e0 la hausse des temp\u00e9ratures, qui se poursuivra au moins, jusqu\u2019\u00e0 la fin de la semaine.","og_url":"https:\/\/kapitalis.com\/tunisie\/2020\/07\/02\/tunisie-les-conseils-du-ministere-de-la-sante-pour-se-proteger-de-la-chaleur\/","og_site_name":"Kapitalis","article_publisher":"https:\/\/www.facebook.com\/KapitalisInfo\/","article_published_time":"2020-07-02T20:24:36+00:00","article_modified_time":"2020-07-03T06:54:25+00:00","og_image":[{"width":1200,"height":630,"url":"https:\/\/kapitalis.com\/tunisie\/wp-content\/uploads\/2022\/05\/kapitalis-logo-fb.png","type":"image\/png"}],"author":"Yusra NY","twitter_card":"summary_large_image","twitter_creator":"@KapitalisInfo","twitter_site":"@KapitalisInfo","twitter_misc":{"\u00c9crit par":"Yusra NY","Dur\u00e9e de lecture estim\u00e9e":"1 minute"},"schema":{"@context":"https:\/\/schema.org","@graph":[{"@type":"Article","@id":"https:\/\/kapitalis.com\/tunisie\/2020\/07\/02\/tunisie-les-conseils-du-ministere-de-la-sante-pour-se-proteger-de-la-chaleur\/#article","isPartOf":{"@id":"https:\/\/kapitalis.com\/tunisie\/2020\/07\/02\/tunisie-les-conseils-du-ministere-de-la-sante-pour-se-proteger-de-la-chaleur\/"},"author":{"name":"Yusra NY","@id":"https:\/\/kapitalis.com\/tunisie\/#\/schema\/person\/74bbde0154d49d790a92aaeac5bc01d5"},"headline":"Tunisie : Les conseils du minist\u00e8re de la Sant\u00e9 pour se prot\u00e9ger de la chaleur","datePublished":"2020-07-02T20:24:36+00:00","dateModified":"2020-07-03T06:54:25+00:00","mainEntityOfPage":{"@id":"https:\/\/kapitalis.com\/tunisie\/2020\/07\/02\/tunisie-les-conseils-du-ministere-de-la-sante-pour-se-proteger-de-la-chaleur\/"},"wordCount":268,"commentCount":0,"publisher":{"@id":"https:\/\/kapitalis.com\/tunisie\/#organization"},"image":{"@id":"https:\/\/kapitalis.com\/tunisie\/2020\/07\/02\/tunisie-les-conseils-du-ministere-de-la-sante-pour-se-proteger-de-la-chaleur\/#primaryimage"},"thumbnailUrl":"","keywords":["chaleurs","eau","hausse temp\u00e9ratures","Sant\u00e9","soleil","Tunisie","vigilance"],"articleSection":["SOCIETE","Tunisie"],"inLanguage":"fr-FR","potentialAction":[{"@type":"CommentAction","name":"Comment","target":["https:\/\/kapitalis.com\/tunisie\/2020\/07\/02\/tunisie-les-conseils-du-ministere-de-la-sante-pour-se-proteger-de-la-chaleur\/#respond"]}]},{"@type":"WebPage","@id":"https:\/\/kapitalis.com\/tunisie\/2020\/07\/02\/tunisie-les-conseils-du-ministere-de-la-sante-pour-se-proteger-de-la-chaleur\/","url":"https:\/\/kapitalis.com\/tunisie\/2020\/07\/02\/tunisie-les-conseils-du-ministere-de-la-sante-pour-se-proteger-de-la-chaleur\/","name":"Tunisie : Les conseils du minist\u00e8re de la Sant\u00e9 pour se prot\u00e9ger de la chaleur - Kapitalis","isPartOf":{"@id":"https:\/\/kapitalis.com\/tunisie\/#website"},"primaryImageOfPage":{"@id":"https:\/\/kapitalis.com\/tunisie\/2020\/07\/02\/tunisie-les-conseils-du-ministere-de-la-sante-pour-se-proteger-de-la-chaleur\/#primaryimage"},"image":{"@id":"https:\/\/kapitalis.com\/tunisie\/2020\/07\/02\/tunisie-les-conseils-du-ministere-de-la-sante-pour-se-proteger-de-la-chaleur\/#primaryimage"},"thumbnailUrl":"","datePublished":"2020-07-02T20:24:36+00:00","dateModified":"2020-07-03T06:54:25+00:00","breadcrumb":{"@id":"https:\/\/kapitalis.com\/tunisie\/2020\/07\/02\/tunisie-les-conseils-du-ministere-de-la-sante-pour-se-proteger-de-la-chaleur\/#breadcrumb"},"inLanguage":"fr-FR","potentialAction":[{"@type":"ReadAction","target":["https:\/\/kapitalis.com\/tunisie\/2020\/07\/02\/tunisie-les-conseils-du-ministere-de-la-sante-pour-se-proteger-de-la-chaleur\/"]}]},{"@type":"ImageObject","inLanguage":"fr-FR","@id":"https:\/\/kapitalis.com\/tunisie\/2020\/07\/02\/tunisie-les-conseils-du-ministere-de-la-sante-pour-se-proteger-de-la-chaleur\/#primaryimage","url":"","contentUrl":""},{"@type":"BreadcrumbList","@id":"https:\/\/kapitalis.com\/tunisie\/2020\/07\/02\/tunisie-les-conseils-du-ministere-de-la-sante-pour-se-proteger-de-la-chaleur\/#breadcrumb","itemListElement":[{"@type":"ListItem","position":1,"name":"Accueil","item":"https:\/\/kapitalis.com\/tunisie\/"},{"@type":"ListItem","position":2,"name":"Tunisie : Les conseils du minist\u00e8re de la Sant\u00e9 pour se prot\u00e9ger de la chaleur"}]},{"@type":"WebSite","@id":"https:\/\/kapitalis.com\/tunisie\/#website","url":"https:\/\/kapitalis.com\/tunisie\/","name":"Kapitalis","description":"L&#039;actualit\u00e9 en Tunisie et dans le monde","publisher":{"@id":"https:\/\/kapitalis.com\/tunisie\/#organization"},"potentialAction":[{"@type":"SearchAction","target":{"@type":"EntryPoint","urlTemplate":"https:\/\/kapitalis.com\/tunisie\/?s={search_term_string}"},"query-input":{"@type":"PropertyValueSpecification","valueRequired":true,"valueName":"search_term_string"}}],"inLanguage":"fr-FR"},{"@type":"Organization","@id":"https:\/\/kapitalis.com\/tunisie\/#organization","name":"Kapitalis","url":"https:\/\/kapitalis.com\/tunisie\/","logo":{"@type":"ImageObject","inLanguage":"fr-FR","@id":"https:\/\/kapitalis.com\/tunisie\/#\/schema\/logo\/image\/","url":"https:\/\/kapitalis.com\/tunisie\/wp-content\/uploads\/2022\/05\/Kapitalis-big-size.png","contentUrl":"https:\/\/kapitalis.com\/tunisie\/wp-content\/uploads\/2022\/05\/Kapitalis-big-size.png","width":5000,"height":1500,"caption":"Kapitalis"},"image":{"@id":"https:\/\/kapitalis.com\/tunisie\/#\/schema\/logo\/image\/"},"sameAs":["https:\/\/www.facebook.com\/KapitalisInfo\/","https:\/\/x.com\/KapitalisInfo","https:\/\/www.youtube.com\/channel\/UC-yDYrHyfFBWWZaOw3FPg9Q"]},{"@type":"Person","@id":"https:\/\/kapitalis.com\/tunisie\/#\/schema\/person\/74bbde0154d49d790a92aaeac5bc01d5","name":"Yusra NY","url":"https:\/\/kapitalis.com\/tunisie\/author\/yuza_adam\/"}]}},"_links":{"self":[{"href":"https:\/\/kapitalis.com\/tunisie\/wp-json\/wp\/v2\/posts\/306321","targetHints":{"allow":["GET"]}}],"collection":[{"href":"https:\/\/kapitalis.com\/tunisie\/wp-json\/wp\/v2\/posts"}],"about":[{"href":"https:\/\/kapitalis.com\/tunisie\/wp-json\/wp\/v2\/types\/post"}],"author":[{"embeddable":true,"href":"https:\/\/kapitalis.com\/tunisie\/wp-json\/wp\/v2\/users\/6"}],"replies":[{"embeddable":true,"href":"https:\/\/kapitalis.com\/tunisie\/wp-json\/wp\/v2\/comments?post=306321"}],"version-history":[{"count":0,"href":"https:\/\/kapitalis.com\/tunisie\/wp-json\/wp\/v2\/posts\/306321\/revisions"}],"wp:featuredmedia":[{"embeddable":true,"href":"https:\/\/kapitalis.com\/tunisie\/wp-json\/wp\/v2\/media\/306325"}],"wp:attachment":[{"href":"https:\/\/kapitalis.com\/tunisie\/wp-json\/wp\/v2\/media?parent=306321"}],"wp:term":[{"taxonomy":"category","embeddable":true,"href":"https:\/\/kapitalis.com\/tunisie\/wp-json\/wp\/v2\/categories?post=306321"},{"taxonomy":"post_tag","embeddable":true,"href":"https:\/\/kapitalis.com\/tunisie\/wp-json\/wp\/v2\/tags?post=306321"}],"curies":[{"name":"wp","href":"https:\/\/api.w.org\/{rel}","templated":true}]}}