{"id":306327,"date":"2020-07-02T23:00:57","date_gmt":"2020-07-02T22:00:57","guid":{"rendered":"http:\/\/kapitalis.com\/tunisie\/?p=306327"},"modified":"2020-07-03T08:04:21","modified_gmt":"2020-07-03T07:04:21","slug":"tataouine-greve-generale-et-arret-de-la-production-dans-les-champs-petroliers","status":"publish","type":"post","link":"https:\/\/kapitalis.com\/tunisie\/2020\/07\/02\/tataouine-greve-generale-et-arret-de-la-production-dans-les-champs-petroliers\/","title":{"rendered":"Tataouine : Gr\u00e8ve g\u00e9n\u00e9rale et arr\u00eat de la production dans les champs p\u00e9troliers"},"content":{"rendered":"\n<figure class=\"wp-block-image size-large\"><img decoding=\"async\" src=\"http:\/\/kapitalis.com\/tunisie\/wp-content\/uploads\/2020\/07\/el-kamour.jpg\" alt=\"\" class=\"wp-image-306329\"\/><\/figure>\n\n\n\n<p><strong><em>L\u2019Union r\u00e9gionale du travail de Tataouine, relevant de la centrale syndicale, et la coordination du mouvement El-Kamour ont annonc\u00e9, aujourd&rsquo;hui, jeudi 2 juillet 2020, une gr\u00e8ve g\u00e9n\u00e9rale ouverte \u00e0 partir de demain, vendredi 2 juillet, ainsi que l\u2019arr\u00eat de la production dans les diff\u00e9rents champs p\u00e9troliers, d\u00e8s samedi prochain.<\/em><\/strong><\/p>\n\n\n\n<!--more-->\n\n\n\n<p>Suite \u00e0 leur r\u00e9union, les 2 parties ont r\u00e9affirm\u00e9 leur rejet des mesures d\u00e9cid\u00e9es par le gouvernement, estimant que celles-ci sont \u00ab<em>insatisfaisantes et insuffisantes\u00bb<\/em> et ne vont pas dans le sens de l&rsquo;accord d&rsquo;El-Kamour, sign\u00e9 en 2017.<\/p>\n\n\n\n<p>L&rsquo;URTT et le mouvement El-Kamour ont pr\u00e9cis\u00e9 que la gr\u00e8ve g\u00e9n\u00e9rale concernera les \u00e9tablissements publics de la r\u00e9gion, sauf les h\u00f4pitaux et les institutions o\u00f9 se d\u00e9roulent les examens nationaux.<\/p>\n\n\n\n<p>D&rsquo;autre part, les membres du mouvement ont annonc\u00e9 qu&rsquo;ils vont barrer la route aux v\u00e9hicules des soci\u00e9t\u00e9s p\u00e9troli\u00e8res, jusqu\u2019\u00e0 satisfaction de leurs r\u00e9clamations.<\/p>\n\n\n\n<p>Face \u00e0 un gouvernement faible et sans marge de man\u0153uvre financi\u00e8re pour satisfaire toutes les revendications qui vont continuer \u00e0 s&rsquo;exprimer d&rsquo;une mani\u00e8re aussi forte, on peut s&rsquo;attendre \u00e0 des jours encore plus difficiles que ceux connus jusque-l\u00e0. <\/p>\n\n\n\n<p>Pour ce qui est des entreprises p\u00e9troli\u00e8re op\u00e9rant dans les r\u00e9gions de Tataouine et K\u00e9bili, et qui font face \u00e0 de grosses difficult\u00e9s du fait du sureffectif qui alourdit les co\u00fbts de production et la baisse brutale des cours du p\u00e9trole, on peut s\u00e9rieusement craindre qu&rsquo;elle mettront bient\u00f4t la cl\u00e9 sous le paillasson. Merci El-Kamour !   <\/p>\n\n\n\n<p class=\"has-text-align-right\"><strong>Y. N.<\/strong><\/p>\n","protected":false},"excerpt":{"rendered":"<p>L\u2019Union r\u00e9gionale du travail de Tataouine, relevant de la centrale syndicale, et la coordination du mouvement El-Kamour ont annonc\u00e9, aujourd&rsquo;hui, jeudi 2 juillet 2020, une gr\u00e8ve g\u00e9n\u00e9rale ouverte \u00e0 partir de demain, vendredi 2 juillet, ainsi que l\u2019arr\u00eat de la production dans les diff\u00e9rents champs p\u00e9troliers, d\u00e8s samedi prochain.<\/p>\n","protected":false},"author":6,"featured_media":306329,"comment_status":"open","ping_status":"open","sticky":false,"template":"","format":"standard","meta":{"footnotes":""},"categories":[998,2433],"tags":[80456,6251,80457,30512,6947,1126,80417],"class_list":["post-306327","post","type-post","status-publish","format-standard","has-post-thumbnail","hentry","category-societe","category-tunisie","tag-arret-production","tag-centrale-syndicale","tag-champs-petroliers","tag-el-kamour","tag-greve-generale","tag-tataouine","tag-union-regionale-du-travail"],"yoast_head":"<!-- This site is optimized with the Yoast SEO plugin v26.6 - https:\/\/yoast.com\/wordpress\/plugins\/seo\/ -->\n<title>Tataouine : Gr\u00e8ve g\u00e9n\u00e9rale et arr\u00eat de la production dans les champs p\u00e9troliers - Kapitalis<\/title>\n<meta name=\"robots\" content=\"index, follow, max-snippet:-1, max-image-preview:large, max-video-preview:-1\" \/>\n<link rel=\"canonical\" href=\"https:\/\/kapitalis.com\/tunisie\/2020\/07\/02\/tataouine-greve-generale-et-arret-de-la-production-dans-les-champs-petroliers\/\" \/>\n<meta property=\"og:locale\" content=\"fr_FR\" \/>\n<meta property=\"og:type\" content=\"article\" \/>\n<meta property=\"og:title\" content=\"Tataouine : Gr\u00e8ve g\u00e9n\u00e9rale et arr\u00eat de la production dans les champs p\u00e9troliers - Kapitalis\" \/>\n<meta property=\"og:description\" content=\"L\u2019Union r\u00e9gionale du travail de Tataouine, relevant de la centrale syndicale, et la coordination du mouvement El-Kamour ont annonc\u00e9, aujourd&rsquo;hui, jeudi 2 juillet 2020, une gr\u00e8ve g\u00e9n\u00e9rale ouverte \u00e0 partir de demain, vendredi 2 juillet, ainsi que l\u2019arr\u00eat de la production dans les diff\u00e9rents champs p\u00e9troliers, d\u00e8s samedi prochain.\" \/>\n<meta property=\"og:url\" content=\"https:\/\/kapitalis.com\/tunisie\/2020\/07\/02\/tataouine-greve-generale-et-arret-de-la-production-dans-les-champs-petroliers\/\" \/>\n<meta property=\"og:site_name\" content=\"Kapitalis\" \/>\n<meta property=\"article:publisher\" content=\"https:\/\/www.facebook.com\/KapitalisInfo\/\" \/>\n<meta property=\"article:published_time\" content=\"2020-07-02T22:00:57+00:00\" \/>\n<meta property=\"article:modified_time\" content=\"2020-07-03T07:04:21+00:00\" \/>\n<meta property=\"og:image\" content=\"https:\/\/kapitalis.com\/tunisie\/wp-content\/uploads\/2022\/05\/kapitalis-logo-fb.png\" \/>\n\t<meta property=\"og:image:width\" content=\"1200\" \/>\n\t<meta property=\"og:image:height\" content=\"630\" \/>\n\t<meta property=\"og:image:type\" content=\"image\/png\" \/>\n<meta name=\"author\" content=\"Yusra NY\" \/>\n<meta name=\"twitter:card\" content=\"summary_large_image\" \/>\n<meta name=\"twitter:creator\" content=\"@KapitalisInfo\" \/>\n<meta name=\"twitter:site\" content=\"@KapitalisInfo\" \/>\n<meta name=\"twitter:label1\" content=\"\u00c9crit par\" \/>\n\t<meta name=\"twitter:data1\" content=\"Yusra NY\" \/>\n\t<meta name=\"twitter:label2\" content=\"Dur\u00e9e de lecture estim\u00e9e\" \/>\n\t<meta name=\"twitter:data2\" content=\"1 minute\" \/>\n<script type=\"application\/ld+json\" class=\"yoast-schema-graph\">{\"@context\":\"https:\/\/schema.org\",\"@graph\":[{\"@type\":\"Article\",\"@id\":\"https:\/\/kapitalis.com\/tunisie\/2020\/07\/02\/tataouine-greve-generale-et-arret-de-la-production-dans-les-champs-petroliers\/#article\",\"isPartOf\":{\"@id\":\"https:\/\/kapitalis.com\/tunisie\/2020\/07\/02\/tataouine-greve-generale-et-arret-de-la-production-dans-les-champs-petroliers\/\"},\"author\":{\"name\":\"Yusra NY\",\"@id\":\"https:\/\/kapitalis.com\/tunisie\/#\/schema\/person\/74bbde0154d49d790a92aaeac5bc01d5\"},\"headline\":\"Tataouine : Gr\u00e8ve g\u00e9n\u00e9rale et arr\u00eat de la production dans les champs p\u00e9troliers\",\"datePublished\":\"2020-07-02T22:00:57+00:00\",\"dateModified\":\"2020-07-03T07:04:21+00:00\",\"mainEntityOfPage\":{\"@id\":\"https:\/\/kapitalis.com\/tunisie\/2020\/07\/02\/tataouine-greve-generale-et-arret-de-la-production-dans-les-champs-petroliers\/\"},\"wordCount\":280,\"commentCount\":1,\"publisher\":{\"@id\":\"https:\/\/kapitalis.com\/tunisie\/#organization\"},\"image\":{\"@id\":\"https:\/\/kapitalis.com\/tunisie\/2020\/07\/02\/tataouine-greve-generale-et-arret-de-la-production-dans-les-champs-petroliers\/#primaryimage\"},\"thumbnailUrl\":\"\",\"keywords\":[\"arr\u00eat production\",\"centrale syndicale\",\"champs p\u00e9troliers\",\"El-Kamour\",\"gr\u00e8ve g\u00e9n\u00e9rale\",\"Tataouine\",\"Union r\u00e9gionale du travail\"],\"articleSection\":[\"SOCIETE\",\"Tunisie\"],\"inLanguage\":\"fr-FR\",\"potentialAction\":[{\"@type\":\"CommentAction\",\"name\":\"Comment\",\"target\":[\"https:\/\/kapitalis.com\/tunisie\/2020\/07\/02\/tataouine-greve-generale-et-arret-de-la-production-dans-les-champs-petroliers\/#respond\"]}]},{\"@type\":\"WebPage\",\"@id\":\"https:\/\/kapitalis.com\/tunisie\/2020\/07\/02\/tataouine-greve-generale-et-arret-de-la-production-dans-les-champs-petroliers\/\",\"url\":\"https:\/\/kapitalis.com\/tunisie\/2020\/07\/02\/tataouine-greve-generale-et-arret-de-la-production-dans-les-champs-petroliers\/\",\"name\":\"Tataouine : Gr\u00e8ve g\u00e9n\u00e9rale et arr\u00eat de la production dans les champs p\u00e9troliers - Kapitalis\",\"isPartOf\":{\"@id\":\"https:\/\/kapitalis.com\/tunisie\/#website\"},\"primaryImageOfPage\":{\"@id\":\"https:\/\/kapitalis.com\/tunisie\/2020\/07\/02\/tataouine-greve-generale-et-arret-de-la-production-dans-les-champs-petroliers\/#primaryimage\"},\"image\":{\"@id\":\"https:\/\/kapitalis.com\/tunisie\/2020\/07\/02\/tataouine-greve-generale-et-arret-de-la-production-dans-les-champs-petroliers\/#primaryimage\"},\"thumbnailUrl\":\"\",\"datePublished\":\"2020-07-02T22:00:57+00:00\",\"dateModified\":\"2020-07-03T07:04:21+00:00\",\"breadcrumb\":{\"@id\":\"https:\/\/kapitalis.com\/tunisie\/2020\/07\/02\/tataouine-greve-generale-et-arret-de-la-production-dans-les-champs-petroliers\/#breadcrumb\"},\"inLanguage\":\"fr-FR\",\"potentialAction\":[{\"@type\":\"ReadAction\",\"target\":[\"https:\/\/kapitalis.com\/tunisie\/2020\/07\/02\/tataouine-greve-generale-et-arret-de-la-production-dans-les-champs-petroliers\/\"]}]},{\"@type\":\"ImageObject\",\"inLanguage\":\"fr-FR\",\"@id\":\"https:\/\/kapitalis.com\/tunisie\/2020\/07\/02\/tataouine-greve-generale-et-arret-de-la-production-dans-les-champs-petroliers\/#primaryimage\",\"url\":\"\",\"contentUrl\":\"\"},{\"@type\":\"BreadcrumbList\",\"@id\":\"https:\/\/kapitalis.com\/tunisie\/2020\/07\/02\/tataouine-greve-generale-et-arret-de-la-production-dans-les-champs-petroliers\/#breadcrumb\",\"itemListElement\":[{\"@type\":\"ListItem\",\"position\":1,\"name\":\"Accueil\",\"item\":\"https:\/\/kapitalis.com\/tunisie\/\"},{\"@type\":\"ListItem\",\"position\":2,\"name\":\"Tataouine : Gr\u00e8ve g\u00e9n\u00e9rale et arr\u00eat de la production dans les champs p\u00e9troliers\"}]},{\"@type\":\"WebSite\",\"@id\":\"https:\/\/kapitalis.com\/tunisie\/#website\",\"url\":\"https:\/\/kapitalis.com\/tunisie\/\",\"name\":\"Kapitalis\",\"description\":\"L&#039;actualit\u00e9 en Tunisie et dans le monde\",\"publisher\":{\"@id\":\"https:\/\/kapitalis.com\/tunisie\/#organization\"},\"potentialAction\":[{\"@type\":\"SearchAction\",\"target\":{\"@type\":\"EntryPoint\",\"urlTemplate\":\"https:\/\/kapitalis.com\/tunisie\/?s={search_term_string}\"},\"query-input\":{\"@type\":\"PropertyValueSpecification\",\"valueRequired\":true,\"valueName\":\"search_term_string\"}}],\"inLanguage\":\"fr-FR\"},{\"@type\":\"Organization\",\"@id\":\"https:\/\/kapitalis.com\/tunisie\/#organization\",\"name\":\"Kapitalis\",\"url\":\"https:\/\/kapitalis.com\/tunisie\/\",\"logo\":{\"@type\":\"ImageObject\",\"inLanguage\":\"fr-FR\",\"@id\":\"https:\/\/kapitalis.com\/tunisie\/#\/schema\/logo\/image\/\",\"url\":\"https:\/\/kapitalis.com\/tunisie\/wp-content\/uploads\/2022\/05\/Kapitalis-big-size.png\",\"contentUrl\":\"https:\/\/kapitalis.com\/tunisie\/wp-content\/uploads\/2022\/05\/Kapitalis-big-size.png\",\"width\":5000,\"height\":1500,\"caption\":\"Kapitalis\"},\"image\":{\"@id\":\"https:\/\/kapitalis.com\/tunisie\/#\/schema\/logo\/image\/\"},\"sameAs\":[\"https:\/\/www.facebook.com\/KapitalisInfo\/\",\"https:\/\/x.com\/KapitalisInfo\",\"https:\/\/www.youtube.com\/channel\/UC-yDYrHyfFBWWZaOw3FPg9Q\"]},{\"@type\":\"Person\",\"@id\":\"https:\/\/kapitalis.com\/tunisie\/#\/schema\/person\/74bbde0154d49d790a92aaeac5bc01d5\",\"name\":\"Yusra NY\",\"url\":\"https:\/\/kapitalis.com\/tunisie\/author\/yuza_adam\/\"}]}<\/script>\n<!-- \/ Yoast SEO plugin. -->","yoast_head_json":{"title":"Tataouine : Gr\u00e8ve g\u00e9n\u00e9rale et arr\u00eat de la production dans les champs p\u00e9troliers - Kapitalis","robots":{"index":"index","follow":"follow","max-snippet":"max-snippet:-1","max-image-preview":"max-image-preview:large","max-video-preview":"max-video-preview:-1"},"canonical":"https:\/\/kapitalis.com\/tunisie\/2020\/07\/02\/tataouine-greve-generale-et-arret-de-la-production-dans-les-champs-petroliers\/","og_locale":"fr_FR","og_type":"article","og_title":"Tataouine : Gr\u00e8ve g\u00e9n\u00e9rale et arr\u00eat de la production dans les champs p\u00e9troliers - Kapitalis","og_description":"L\u2019Union r\u00e9gionale du travail de Tataouine, relevant de la centrale syndicale, et la coordination du mouvement El-Kamour ont annonc\u00e9, aujourd&rsquo;hui, jeudi 2 juillet 2020, une gr\u00e8ve g\u00e9n\u00e9rale ouverte \u00e0 partir de demain, vendredi 2 juillet, ainsi que l\u2019arr\u00eat de la production dans les diff\u00e9rents champs p\u00e9troliers, d\u00e8s samedi prochain.","og_url":"https:\/\/kapitalis.com\/tunisie\/2020\/07\/02\/tataouine-greve-generale-et-arret-de-la-production-dans-les-champs-petroliers\/","og_site_name":"Kapitalis","article_publisher":"https:\/\/www.facebook.com\/KapitalisInfo\/","article_published_time":"2020-07-02T22:00:57+00:00","article_modified_time":"2020-07-03T07:04:21+00:00","og_image":[{"width":1200,"height":630,"url":"https:\/\/kapitalis.com\/tunisie\/wp-content\/uploads\/2022\/05\/kapitalis-logo-fb.png","type":"image\/png"}],"author":"Yusra NY","twitter_card":"summary_large_image","twitter_creator":"@KapitalisInfo","twitter_site":"@KapitalisInfo","twitter_misc":{"\u00c9crit par":"Yusra NY","Dur\u00e9e de lecture estim\u00e9e":"1 minute"},"schema":{"@context":"https:\/\/schema.org","@graph":[{"@type":"Article","@id":"https:\/\/kapitalis.com\/tunisie\/2020\/07\/02\/tataouine-greve-generale-et-arret-de-la-production-dans-les-champs-petroliers\/#article","isPartOf":{"@id":"https:\/\/kapitalis.com\/tunisie\/2020\/07\/02\/tataouine-greve-generale-et-arret-de-la-production-dans-les-champs-petroliers\/"},"author":{"name":"Yusra NY","@id":"https:\/\/kapitalis.com\/tunisie\/#\/schema\/person\/74bbde0154d49d790a92aaeac5bc01d5"},"headline":"Tataouine : Gr\u00e8ve g\u00e9n\u00e9rale et arr\u00eat de la production dans les champs p\u00e9troliers","datePublished":"2020-07-02T22:00:57+00:00","dateModified":"2020-07-03T07:04:21+00:00","mainEntityOfPage":{"@id":"https:\/\/kapitalis.com\/tunisie\/2020\/07\/02\/tataouine-greve-generale-et-arret-de-la-production-dans-les-champs-petroliers\/"},"wordCount":280,"commentCount":1,"publisher":{"@id":"https:\/\/kapitalis.com\/tunisie\/#organization"},"image":{"@id":"https:\/\/kapitalis.com\/tunisie\/2020\/07\/02\/tataouine-greve-generale-et-arret-de-la-production-dans-les-champs-petroliers\/#primaryimage"},"thumbnailUrl":"","keywords":["arr\u00eat production","centrale syndicale","champs p\u00e9troliers","El-Kamour","gr\u00e8ve g\u00e9n\u00e9rale","Tataouine","Union r\u00e9gionale du travail"],"articleSection":["SOCIETE","Tunisie"],"inLanguage":"fr-FR","potentialAction":[{"@type":"CommentAction","name":"Comment","target":["https:\/\/kapitalis.com\/tunisie\/2020\/07\/02\/tataouine-greve-generale-et-arret-de-la-production-dans-les-champs-petroliers\/#respond"]}]},{"@type":"WebPage","@id":"https:\/\/kapitalis.com\/tunisie\/2020\/07\/02\/tataouine-greve-generale-et-arret-de-la-production-dans-les-champs-petroliers\/","url":"https:\/\/kapitalis.com\/tunisie\/2020\/07\/02\/tataouine-greve-generale-et-arret-de-la-production-dans-les-champs-petroliers\/","name":"Tataouine : Gr\u00e8ve g\u00e9n\u00e9rale et arr\u00eat de la production dans les champs p\u00e9troliers - Kapitalis","isPartOf":{"@id":"https:\/\/kapitalis.com\/tunisie\/#website"},"primaryImageOfPage":{"@id":"https:\/\/kapitalis.com\/tunisie\/2020\/07\/02\/tataouine-greve-generale-et-arret-de-la-production-dans-les-champs-petroliers\/#primaryimage"},"image":{"@id":"https:\/\/kapitalis.com\/tunisie\/2020\/07\/02\/tataouine-greve-generale-et-arret-de-la-production-dans-les-champs-petroliers\/#primaryimage"},"thumbnailUrl":"","datePublished":"2020-07-02T22:00:57+00:00","dateModified":"2020-07-03T07:04:21+00:00","breadcrumb":{"@id":"https:\/\/kapitalis.com\/tunisie\/2020\/07\/02\/tataouine-greve-generale-et-arret-de-la-production-dans-les-champs-petroliers\/#breadcrumb"},"inLanguage":"fr-FR","potentialAction":[{"@type":"ReadAction","target":["https:\/\/kapitalis.com\/tunisie\/2020\/07\/02\/tataouine-greve-generale-et-arret-de-la-production-dans-les-champs-petroliers\/"]}]},{"@type":"ImageObject","inLanguage":"fr-FR","@id":"https:\/\/kapitalis.com\/tunisie\/2020\/07\/02\/tataouine-greve-generale-et-arret-de-la-production-dans-les-champs-petroliers\/#primaryimage","url":"","contentUrl":""},{"@type":"BreadcrumbList","@id":"https:\/\/kapitalis.com\/tunisie\/2020\/07\/02\/tataouine-greve-generale-et-arret-de-la-production-dans-les-champs-petroliers\/#breadcrumb","itemListElement":[{"@type":"ListItem","position":1,"name":"Accueil","item":"https:\/\/kapitalis.com\/tunisie\/"},{"@type":"ListItem","position":2,"name":"Tataouine : Gr\u00e8ve g\u00e9n\u00e9rale et arr\u00eat de la production dans les champs p\u00e9troliers"}]},{"@type":"WebSite","@id":"https:\/\/kapitalis.com\/tunisie\/#website","url":"https:\/\/kapitalis.com\/tunisie\/","name":"Kapitalis","description":"L&#039;actualit\u00e9 en Tunisie et dans le monde","publisher":{"@id":"https:\/\/kapitalis.com\/tunisie\/#organization"},"potentialAction":[{"@type":"SearchAction","target":{"@type":"EntryPoint","urlTemplate":"https:\/\/kapitalis.com\/tunisie\/?s={search_term_string}"},"query-input":{"@type":"PropertyValueSpecification","valueRequired":true,"valueName":"search_term_string"}}],"inLanguage":"fr-FR"},{"@type":"Organization","@id":"https:\/\/kapitalis.com\/tunisie\/#organization","name":"Kapitalis","url":"https:\/\/kapitalis.com\/tunisie\/","logo":{"@type":"ImageObject","inLanguage":"fr-FR","@id":"https:\/\/kapitalis.com\/tunisie\/#\/schema\/logo\/image\/","url":"https:\/\/kapitalis.com\/tunisie\/wp-content\/uploads\/2022\/05\/Kapitalis-big-size.png","contentUrl":"https:\/\/kapitalis.com\/tunisie\/wp-content\/uploads\/2022\/05\/Kapitalis-big-size.png","width":5000,"height":1500,"caption":"Kapitalis"},"image":{"@id":"https:\/\/kapitalis.com\/tunisie\/#\/schema\/logo\/image\/"},"sameAs":["https:\/\/www.facebook.com\/KapitalisInfo\/","https:\/\/x.com\/KapitalisInfo","https:\/\/www.youtube.com\/channel\/UC-yDYrHyfFBWWZaOw3FPg9Q"]},{"@type":"Person","@id":"https:\/\/kapitalis.com\/tunisie\/#\/schema\/person\/74bbde0154d49d790a92aaeac5bc01d5","name":"Yusra NY","url":"https:\/\/kapitalis.com\/tunisie\/author\/yuza_adam\/"}]}},"_links":{"self":[{"href":"https:\/\/kapitalis.com\/tunisie\/wp-json\/wp\/v2\/posts\/306327","targetHints":{"allow":["GET"]}}],"collection":[{"href":"https:\/\/kapitalis.com\/tunisie\/wp-json\/wp\/v2\/posts"}],"about":[{"href":"https:\/\/kapitalis.com\/tunisie\/wp-json\/wp\/v2\/types\/post"}],"author":[{"embeddable":true,"href":"https:\/\/kapitalis.com\/tunisie\/wp-json\/wp\/v2\/users\/6"}],"replies":[{"embeddable":true,"href":"https:\/\/kapitalis.com\/tunisie\/wp-json\/wp\/v2\/comments?post=306327"}],"version-history":[{"count":0,"href":"https:\/\/kapitalis.com\/tunisie\/wp-json\/wp\/v2\/posts\/306327\/revisions"}],"wp:featuredmedia":[{"embeddable":true,"href":"https:\/\/kapitalis.com\/tunisie\/wp-json\/wp\/v2\/media\/306329"}],"wp:attachment":[{"href":"https:\/\/kapitalis.com\/tunisie\/wp-json\/wp\/v2\/media?parent=306327"}],"wp:term":[{"taxonomy":"category","embeddable":true,"href":"https:\/\/kapitalis.com\/tunisie\/wp-json\/wp\/v2\/categories?post=306327"},{"taxonomy":"post_tag","embeddable":true,"href":"https:\/\/kapitalis.com\/tunisie\/wp-json\/wp\/v2\/tags?post=306327"}],"curies":[{"name":"wp","href":"https:\/\/api.w.org\/{rel}","templated":true}]}}