{"id":307064,"date":"2020-07-08T16:36:03","date_gmt":"2020-07-08T15:36:03","guid":{"rendered":"http:\/\/kapitalis.com\/tunisie\/?p=307064"},"modified":"2020-07-08T16:36:10","modified_gmt":"2020-07-08T15:36:10","slug":"sousse-la-3e-edition-du-projet-artistique-utopies-visuelles-se-tiendra-du-10-au-26-juillet-2020","status":"publish","type":"post","link":"https:\/\/kapitalis.com\/tunisie\/2020\/07\/08\/sousse-la-3e-edition-du-projet-artistique-utopies-visuelles-se-tiendra-du-10-au-26-juillet-2020\/","title":{"rendered":"Sousse : La 3e \u00e9dition du projet artistique \u00abUtopies Visuelles\u00bb se tiendra du 10 au 26 juillet 2020"},"content":{"rendered":"\n<div class=\"wp-block-image\"><figure class=\"aligncenter size-large\"><img decoding=\"async\" src=\"http:\/\/kapitalis.com\/tunisie\/wp-content\/uploads\/2020\/07\/Untitled-2-2.jpg\" alt=\"\" class=\"wp-image-307066\"\/><\/figure><\/div>\n\n\n\n<p><strong><em>La 3<sup>e<\/sup> \u00e9dition du projet artistique Utopies Visuelles (UV3) se tiendra du 10 au 26 juillet 2020 \u00e0 la ville de Sousse avec la participation d\u2019une vingtaine d\u2019artistes.<\/em><\/strong><\/p>\n\n\n\n<!--more-->\n\n\n\n<p>Organis\u00e9 par la galerie d\u2019art ElBirou et soutenu entre-autres par le minist\u00e8re des Affaires culturelles et l\u2019Institut fran\u00e7ais de Tunisie (IFT), et toujours sous la direction artistique de Wissem El Abed, le projet pluridisciplinaire \u00ab\u00a0Utopies Visuelles\u00a0\u00bb revient avec une nouvelle \u00e9dition tout aussi prometteuse que ses pr\u00e9c\u00e9dentes, malgr\u00e9 le contexte difficile de la pand\u00e9mie du Covid-19 qui continue d\u2019emp\u00eacher plusieurs \u00e9v\u00e9nements culturels d\u2019avoir lieu. \u00ab<em>La situation actuelle pr\u00e9sente un d\u00e9fi pour les cr\u00e9ateurs, pour les organisateurs et les acteurs culturels. Mais, il s\u2019av\u00e8re que l\u2019art a toujours prouv\u00e9 sa capacit\u00e9 \u00e0 franchir les fronti\u00e8res et \u00e0 d\u00e9fier les obstacles (\u2026)\u00a0<\/em>\u00bb, indiquent les organisateurs de UV3.<\/p>\n\n\n\n<p>La 3<sup>e<\/sup> \u00e9dition sera ainsi en partie digitale, mais pr\u00e9servera aussi son aspect urbain. Plusieurs espaces comme le lyc\u00e9e Bab Jedid, Dar Kmar, le Quai des arts ou encore la galerie ElBirou abriteront des expositions et des installations r\u00e9alis\u00e9es par une vingtaine d\u2019artistes.<\/p>\n\n\n\n<p>Des visites guid\u00e9es et des d\u00e9bats autour de la cr\u00e9ation artistique seront organis\u00e9s tout au long de la manifestation pour d\u00e9couvrir les \u0153uvres programm\u00e9es mais aussi le patrimoine architectural de la ville, et ce dans un parcours allant de la plage de Boujaafar au quartier de Bab Jedid, tout en passant par la M\u00e9dina et le centre-ville de Sousse.<\/p>\n\n\n\n<p class=\"has-text-align-right\"><strong>Fawz Ben Ali<\/strong><strong><\/strong><\/p>\n","protected":false},"excerpt":{"rendered":"<p>La 3e \u00e9dition du projet artistique Utopies Visuelles (UV3) se tiendra du 10 au 26 juillet 2020 \u00e0 la ville de Sousse avec la participation d\u2019une vingtaine d\u2019artistes.<\/p>\n","protected":false},"author":26,"featured_media":307066,"comment_status":"open","ping_status":"open","sticky":false,"template":"","format":"standard","meta":{"footnotes":""},"categories":[994,2433],"tags":[22033,78928,80613,854,80612,80614],"class_list":["post-307064","post","type-post","status-publish","format-standard","has-post-thumbnail","hentry","category-culture","category-tunisie","tag-arts-plastiques","tag-el-birou","tag-expositions-a-sousse","tag-sousse","tag-utopies-visuelles","tag-wassim-el-abed"],"yoast_head":"<!-- This site is optimized with the Yoast SEO plugin v26.6 - https:\/\/yoast.com\/wordpress\/plugins\/seo\/ -->\n<title>Sousse : La 3e \u00e9dition du projet artistique \u00abUtopies Visuelles\u00bb se tiendra du 10 au 26 juillet 2020 - Kapitalis<\/title>\n<meta name=\"robots\" content=\"index, follow, max-snippet:-1, max-image-preview:large, max-video-preview:-1\" \/>\n<link rel=\"canonical\" href=\"https:\/\/kapitalis.com\/tunisie\/2020\/07\/08\/sousse-la-3e-edition-du-projet-artistique-utopies-visuelles-se-tiendra-du-10-au-26-juillet-2020\/\" \/>\n<meta property=\"og:locale\" content=\"fr_FR\" \/>\n<meta property=\"og:type\" content=\"article\" \/>\n<meta property=\"og:title\" content=\"Sousse : La 3e \u00e9dition du projet artistique \u00abUtopies Visuelles\u00bb se tiendra du 10 au 26 juillet 2020 - Kapitalis\" \/>\n<meta property=\"og:description\" content=\"La 3e \u00e9dition du projet artistique Utopies Visuelles (UV3) se tiendra du 10 au 26 juillet 2020 \u00e0 la ville de Sousse avec la participation d\u2019une vingtaine d\u2019artistes.\" \/>\n<meta property=\"og:url\" content=\"https:\/\/kapitalis.com\/tunisie\/2020\/07\/08\/sousse-la-3e-edition-du-projet-artistique-utopies-visuelles-se-tiendra-du-10-au-26-juillet-2020\/\" \/>\n<meta property=\"og:site_name\" content=\"Kapitalis\" \/>\n<meta property=\"article:publisher\" content=\"https:\/\/www.facebook.com\/KapitalisInfo\/\" \/>\n<meta property=\"article:published_time\" content=\"2020-07-08T15:36:03+00:00\" \/>\n<meta property=\"article:modified_time\" content=\"2020-07-08T15:36:10+00:00\" \/>\n<meta property=\"og:image\" content=\"https:\/\/kapitalis.com\/tunisie\/wp-content\/uploads\/2022\/05\/kapitalis-logo-fb.png\" \/>\n\t<meta property=\"og:image:width\" content=\"1200\" \/>\n\t<meta property=\"og:image:height\" content=\"630\" \/>\n\t<meta property=\"og:image:type\" content=\"image\/png\" \/>\n<meta name=\"author\" content=\"Fawz BenAli\" \/>\n<meta name=\"twitter:card\" content=\"summary_large_image\" \/>\n<meta name=\"twitter:creator\" content=\"@KapitalisInfo\" \/>\n<meta name=\"twitter:site\" content=\"@KapitalisInfo\" \/>\n<meta name=\"twitter:label1\" content=\"\u00c9crit par\" \/>\n\t<meta name=\"twitter:data1\" content=\"Fawz BenAli\" \/>\n\t<meta name=\"twitter:label2\" content=\"Dur\u00e9e de lecture estim\u00e9e\" \/>\n\t<meta name=\"twitter:data2\" content=\"1 minute\" \/>\n<script type=\"application\/ld+json\" class=\"yoast-schema-graph\">{\"@context\":\"https:\/\/schema.org\",\"@graph\":[{\"@type\":\"Article\",\"@id\":\"https:\/\/kapitalis.com\/tunisie\/2020\/07\/08\/sousse-la-3e-edition-du-projet-artistique-utopies-visuelles-se-tiendra-du-10-au-26-juillet-2020\/#article\",\"isPartOf\":{\"@id\":\"https:\/\/kapitalis.com\/tunisie\/2020\/07\/08\/sousse-la-3e-edition-du-projet-artistique-utopies-visuelles-se-tiendra-du-10-au-26-juillet-2020\/\"},\"author\":{\"name\":\"Fawz BenAli\",\"@id\":\"https:\/\/kapitalis.com\/tunisie\/#\/schema\/person\/73a5ecc1f6ae540c6ed91342eadca948\"},\"headline\":\"Sousse : La 3e \u00e9dition du projet artistique \u00abUtopies Visuelles\u00bb se tiendra du 10 au 26 juillet 2020\",\"datePublished\":\"2020-07-08T15:36:03+00:00\",\"dateModified\":\"2020-07-08T15:36:10+00:00\",\"mainEntityOfPage\":{\"@id\":\"https:\/\/kapitalis.com\/tunisie\/2020\/07\/08\/sousse-la-3e-edition-du-projet-artistique-utopies-visuelles-se-tiendra-du-10-au-26-juillet-2020\/\"},\"wordCount\":278,\"commentCount\":0,\"publisher\":{\"@id\":\"https:\/\/kapitalis.com\/tunisie\/#organization\"},\"image\":{\"@id\":\"https:\/\/kapitalis.com\/tunisie\/2020\/07\/08\/sousse-la-3e-edition-du-projet-artistique-utopies-visuelles-se-tiendra-du-10-au-26-juillet-2020\/#primaryimage\"},\"thumbnailUrl\":\"\",\"keywords\":[\"arts plastiques\",\"El Birou\",\"expositions \u00e0 Sousse\",\"Sousse\",\"Utopies Visuelles\",\"Wassim El Abed\"],\"articleSection\":[\"CULTURE\",\"Tunisie\"],\"inLanguage\":\"fr-FR\",\"potentialAction\":[{\"@type\":\"CommentAction\",\"name\":\"Comment\",\"target\":[\"https:\/\/kapitalis.com\/tunisie\/2020\/07\/08\/sousse-la-3e-edition-du-projet-artistique-utopies-visuelles-se-tiendra-du-10-au-26-juillet-2020\/#respond\"]}]},{\"@type\":\"WebPage\",\"@id\":\"https:\/\/kapitalis.com\/tunisie\/2020\/07\/08\/sousse-la-3e-edition-du-projet-artistique-utopies-visuelles-se-tiendra-du-10-au-26-juillet-2020\/\",\"url\":\"https:\/\/kapitalis.com\/tunisie\/2020\/07\/08\/sousse-la-3e-edition-du-projet-artistique-utopies-visuelles-se-tiendra-du-10-au-26-juillet-2020\/\",\"name\":\"Sousse : La 3e \u00e9dition du projet artistique \u00abUtopies Visuelles\u00bb se tiendra du 10 au 26 juillet 2020 - Kapitalis\",\"isPartOf\":{\"@id\":\"https:\/\/kapitalis.com\/tunisie\/#website\"},\"primaryImageOfPage\":{\"@id\":\"https:\/\/kapitalis.com\/tunisie\/2020\/07\/08\/sousse-la-3e-edition-du-projet-artistique-utopies-visuelles-se-tiendra-du-10-au-26-juillet-2020\/#primaryimage\"},\"image\":{\"@id\":\"https:\/\/kapitalis.com\/tunisie\/2020\/07\/08\/sousse-la-3e-edition-du-projet-artistique-utopies-visuelles-se-tiendra-du-10-au-26-juillet-2020\/#primaryimage\"},\"thumbnailUrl\":\"\",\"datePublished\":\"2020-07-08T15:36:03+00:00\",\"dateModified\":\"2020-07-08T15:36:10+00:00\",\"breadcrumb\":{\"@id\":\"https:\/\/kapitalis.com\/tunisie\/2020\/07\/08\/sousse-la-3e-edition-du-projet-artistique-utopies-visuelles-se-tiendra-du-10-au-26-juillet-2020\/#breadcrumb\"},\"inLanguage\":\"fr-FR\",\"potentialAction\":[{\"@type\":\"ReadAction\",\"target\":[\"https:\/\/kapitalis.com\/tunisie\/2020\/07\/08\/sousse-la-3e-edition-du-projet-artistique-utopies-visuelles-se-tiendra-du-10-au-26-juillet-2020\/\"]}]},{\"@type\":\"ImageObject\",\"inLanguage\":\"fr-FR\",\"@id\":\"https:\/\/kapitalis.com\/tunisie\/2020\/07\/08\/sousse-la-3e-edition-du-projet-artistique-utopies-visuelles-se-tiendra-du-10-au-26-juillet-2020\/#primaryimage\",\"url\":\"\",\"contentUrl\":\"\"},{\"@type\":\"BreadcrumbList\",\"@id\":\"https:\/\/kapitalis.com\/tunisie\/2020\/07\/08\/sousse-la-3e-edition-du-projet-artistique-utopies-visuelles-se-tiendra-du-10-au-26-juillet-2020\/#breadcrumb\",\"itemListElement\":[{\"@type\":\"ListItem\",\"position\":1,\"name\":\"Accueil\",\"item\":\"https:\/\/kapitalis.com\/tunisie\/\"},{\"@type\":\"ListItem\",\"position\":2,\"name\":\"Sousse : La 3e \u00e9dition du projet artistique \u00abUtopies Visuelles\u00bb se tiendra du 10 au 26 juillet 2020\"}]},{\"@type\":\"WebSite\",\"@id\":\"https:\/\/kapitalis.com\/tunisie\/#website\",\"url\":\"https:\/\/kapitalis.com\/tunisie\/\",\"name\":\"Kapitalis\",\"description\":\"L&#039;actualit\u00e9 en Tunisie et dans le monde\",\"publisher\":{\"@id\":\"https:\/\/kapitalis.com\/tunisie\/#organization\"},\"potentialAction\":[{\"@type\":\"SearchAction\",\"target\":{\"@type\":\"EntryPoint\",\"urlTemplate\":\"https:\/\/kapitalis.com\/tunisie\/?s={search_term_string}\"},\"query-input\":{\"@type\":\"PropertyValueSpecification\",\"valueRequired\":true,\"valueName\":\"search_term_string\"}}],\"inLanguage\":\"fr-FR\"},{\"@type\":\"Organization\",\"@id\":\"https:\/\/kapitalis.com\/tunisie\/#organization\",\"name\":\"Kapitalis\",\"url\":\"https:\/\/kapitalis.com\/tunisie\/\",\"logo\":{\"@type\":\"ImageObject\",\"inLanguage\":\"fr-FR\",\"@id\":\"https:\/\/kapitalis.com\/tunisie\/#\/schema\/logo\/image\/\",\"url\":\"https:\/\/kapitalis.com\/tunisie\/wp-content\/uploads\/2022\/05\/Kapitalis-big-size.png\",\"contentUrl\":\"https:\/\/kapitalis.com\/tunisie\/wp-content\/uploads\/2022\/05\/Kapitalis-big-size.png\",\"width\":5000,\"height\":1500,\"caption\":\"Kapitalis\"},\"image\":{\"@id\":\"https:\/\/kapitalis.com\/tunisie\/#\/schema\/logo\/image\/\"},\"sameAs\":[\"https:\/\/www.facebook.com\/KapitalisInfo\/\",\"https:\/\/x.com\/KapitalisInfo\",\"https:\/\/www.youtube.com\/channel\/UC-yDYrHyfFBWWZaOw3FPg9Q\"]},{\"@type\":\"Person\",\"@id\":\"https:\/\/kapitalis.com\/tunisie\/#\/schema\/person\/73a5ecc1f6ae540c6ed91342eadca948\",\"name\":\"Fawz BenAli\",\"url\":\"https:\/\/kapitalis.com\/tunisie\/author\/fawz\/\"}]}<\/script>\n<!-- \/ Yoast SEO plugin. -->","yoast_head_json":{"title":"Sousse : La 3e \u00e9dition du projet artistique \u00abUtopies Visuelles\u00bb se tiendra du 10 au 26 juillet 2020 - Kapitalis","robots":{"index":"index","follow":"follow","max-snippet":"max-snippet:-1","max-image-preview":"max-image-preview:large","max-video-preview":"max-video-preview:-1"},"canonical":"https:\/\/kapitalis.com\/tunisie\/2020\/07\/08\/sousse-la-3e-edition-du-projet-artistique-utopies-visuelles-se-tiendra-du-10-au-26-juillet-2020\/","og_locale":"fr_FR","og_type":"article","og_title":"Sousse : La 3e \u00e9dition du projet artistique \u00abUtopies Visuelles\u00bb se tiendra du 10 au 26 juillet 2020 - Kapitalis","og_description":"La 3e \u00e9dition du projet artistique Utopies Visuelles (UV3) se tiendra du 10 au 26 juillet 2020 \u00e0 la ville de Sousse avec la participation d\u2019une vingtaine d\u2019artistes.","og_url":"https:\/\/kapitalis.com\/tunisie\/2020\/07\/08\/sousse-la-3e-edition-du-projet-artistique-utopies-visuelles-se-tiendra-du-10-au-26-juillet-2020\/","og_site_name":"Kapitalis","article_publisher":"https:\/\/www.facebook.com\/KapitalisInfo\/","article_published_time":"2020-07-08T15:36:03+00:00","article_modified_time":"2020-07-08T15:36:10+00:00","og_image":[{"width":1200,"height":630,"url":"https:\/\/kapitalis.com\/tunisie\/wp-content\/uploads\/2022\/05\/kapitalis-logo-fb.png","type":"image\/png"}],"author":"Fawz BenAli","twitter_card":"summary_large_image","twitter_creator":"@KapitalisInfo","twitter_site":"@KapitalisInfo","twitter_misc":{"\u00c9crit par":"Fawz BenAli","Dur\u00e9e de lecture estim\u00e9e":"1 minute"},"schema":{"@context":"https:\/\/schema.org","@graph":[{"@type":"Article","@id":"https:\/\/kapitalis.com\/tunisie\/2020\/07\/08\/sousse-la-3e-edition-du-projet-artistique-utopies-visuelles-se-tiendra-du-10-au-26-juillet-2020\/#article","isPartOf":{"@id":"https:\/\/kapitalis.com\/tunisie\/2020\/07\/08\/sousse-la-3e-edition-du-projet-artistique-utopies-visuelles-se-tiendra-du-10-au-26-juillet-2020\/"},"author":{"name":"Fawz BenAli","@id":"https:\/\/kapitalis.com\/tunisie\/#\/schema\/person\/73a5ecc1f6ae540c6ed91342eadca948"},"headline":"Sousse : La 3e \u00e9dition du projet artistique \u00abUtopies Visuelles\u00bb se tiendra du 10 au 26 juillet 2020","datePublished":"2020-07-08T15:36:03+00:00","dateModified":"2020-07-08T15:36:10+00:00","mainEntityOfPage":{"@id":"https:\/\/kapitalis.com\/tunisie\/2020\/07\/08\/sousse-la-3e-edition-du-projet-artistique-utopies-visuelles-se-tiendra-du-10-au-26-juillet-2020\/"},"wordCount":278,"commentCount":0,"publisher":{"@id":"https:\/\/kapitalis.com\/tunisie\/#organization"},"image":{"@id":"https:\/\/kapitalis.com\/tunisie\/2020\/07\/08\/sousse-la-3e-edition-du-projet-artistique-utopies-visuelles-se-tiendra-du-10-au-26-juillet-2020\/#primaryimage"},"thumbnailUrl":"","keywords":["arts plastiques","El Birou","expositions \u00e0 Sousse","Sousse","Utopies Visuelles","Wassim El Abed"],"articleSection":["CULTURE","Tunisie"],"inLanguage":"fr-FR","potentialAction":[{"@type":"CommentAction","name":"Comment","target":["https:\/\/kapitalis.com\/tunisie\/2020\/07\/08\/sousse-la-3e-edition-du-projet-artistique-utopies-visuelles-se-tiendra-du-10-au-26-juillet-2020\/#respond"]}]},{"@type":"WebPage","@id":"https:\/\/kapitalis.com\/tunisie\/2020\/07\/08\/sousse-la-3e-edition-du-projet-artistique-utopies-visuelles-se-tiendra-du-10-au-26-juillet-2020\/","url":"https:\/\/kapitalis.com\/tunisie\/2020\/07\/08\/sousse-la-3e-edition-du-projet-artistique-utopies-visuelles-se-tiendra-du-10-au-26-juillet-2020\/","name":"Sousse : La 3e \u00e9dition du projet artistique \u00abUtopies Visuelles\u00bb se tiendra du 10 au 26 juillet 2020 - Kapitalis","isPartOf":{"@id":"https:\/\/kapitalis.com\/tunisie\/#website"},"primaryImageOfPage":{"@id":"https:\/\/kapitalis.com\/tunisie\/2020\/07\/08\/sousse-la-3e-edition-du-projet-artistique-utopies-visuelles-se-tiendra-du-10-au-26-juillet-2020\/#primaryimage"},"image":{"@id":"https:\/\/kapitalis.com\/tunisie\/2020\/07\/08\/sousse-la-3e-edition-du-projet-artistique-utopies-visuelles-se-tiendra-du-10-au-26-juillet-2020\/#primaryimage"},"thumbnailUrl":"","datePublished":"2020-07-08T15:36:03+00:00","dateModified":"2020-07-08T15:36:10+00:00","breadcrumb":{"@id":"https:\/\/kapitalis.com\/tunisie\/2020\/07\/08\/sousse-la-3e-edition-du-projet-artistique-utopies-visuelles-se-tiendra-du-10-au-26-juillet-2020\/#breadcrumb"},"inLanguage":"fr-FR","potentialAction":[{"@type":"ReadAction","target":["https:\/\/kapitalis.com\/tunisie\/2020\/07\/08\/sousse-la-3e-edition-du-projet-artistique-utopies-visuelles-se-tiendra-du-10-au-26-juillet-2020\/"]}]},{"@type":"ImageObject","inLanguage":"fr-FR","@id":"https:\/\/kapitalis.com\/tunisie\/2020\/07\/08\/sousse-la-3e-edition-du-projet-artistique-utopies-visuelles-se-tiendra-du-10-au-26-juillet-2020\/#primaryimage","url":"","contentUrl":""},{"@type":"BreadcrumbList","@id":"https:\/\/kapitalis.com\/tunisie\/2020\/07\/08\/sousse-la-3e-edition-du-projet-artistique-utopies-visuelles-se-tiendra-du-10-au-26-juillet-2020\/#breadcrumb","itemListElement":[{"@type":"ListItem","position":1,"name":"Accueil","item":"https:\/\/kapitalis.com\/tunisie\/"},{"@type":"ListItem","position":2,"name":"Sousse : La 3e \u00e9dition du projet artistique \u00abUtopies Visuelles\u00bb se tiendra du 10 au 26 juillet 2020"}]},{"@type":"WebSite","@id":"https:\/\/kapitalis.com\/tunisie\/#website","url":"https:\/\/kapitalis.com\/tunisie\/","name":"Kapitalis","description":"L&#039;actualit\u00e9 en Tunisie et dans le monde","publisher":{"@id":"https:\/\/kapitalis.com\/tunisie\/#organization"},"potentialAction":[{"@type":"SearchAction","target":{"@type":"EntryPoint","urlTemplate":"https:\/\/kapitalis.com\/tunisie\/?s={search_term_string}"},"query-input":{"@type":"PropertyValueSpecification","valueRequired":true,"valueName":"search_term_string"}}],"inLanguage":"fr-FR"},{"@type":"Organization","@id":"https:\/\/kapitalis.com\/tunisie\/#organization","name":"Kapitalis","url":"https:\/\/kapitalis.com\/tunisie\/","logo":{"@type":"ImageObject","inLanguage":"fr-FR","@id":"https:\/\/kapitalis.com\/tunisie\/#\/schema\/logo\/image\/","url":"https:\/\/kapitalis.com\/tunisie\/wp-content\/uploads\/2022\/05\/Kapitalis-big-size.png","contentUrl":"https:\/\/kapitalis.com\/tunisie\/wp-content\/uploads\/2022\/05\/Kapitalis-big-size.png","width":5000,"height":1500,"caption":"Kapitalis"},"image":{"@id":"https:\/\/kapitalis.com\/tunisie\/#\/schema\/logo\/image\/"},"sameAs":["https:\/\/www.facebook.com\/KapitalisInfo\/","https:\/\/x.com\/KapitalisInfo","https:\/\/www.youtube.com\/channel\/UC-yDYrHyfFBWWZaOw3FPg9Q"]},{"@type":"Person","@id":"https:\/\/kapitalis.com\/tunisie\/#\/schema\/person\/73a5ecc1f6ae540c6ed91342eadca948","name":"Fawz BenAli","url":"https:\/\/kapitalis.com\/tunisie\/author\/fawz\/"}]}},"_links":{"self":[{"href":"https:\/\/kapitalis.com\/tunisie\/wp-json\/wp\/v2\/posts\/307064","targetHints":{"allow":["GET"]}}],"collection":[{"href":"https:\/\/kapitalis.com\/tunisie\/wp-json\/wp\/v2\/posts"}],"about":[{"href":"https:\/\/kapitalis.com\/tunisie\/wp-json\/wp\/v2\/types\/post"}],"author":[{"embeddable":true,"href":"https:\/\/kapitalis.com\/tunisie\/wp-json\/wp\/v2\/users\/26"}],"replies":[{"embeddable":true,"href":"https:\/\/kapitalis.com\/tunisie\/wp-json\/wp\/v2\/comments?post=307064"}],"version-history":[{"count":0,"href":"https:\/\/kapitalis.com\/tunisie\/wp-json\/wp\/v2\/posts\/307064\/revisions"}],"wp:featuredmedia":[{"embeddable":true,"href":"https:\/\/kapitalis.com\/tunisie\/wp-json\/wp\/v2\/media\/307066"}],"wp:attachment":[{"href":"https:\/\/kapitalis.com\/tunisie\/wp-json\/wp\/v2\/media?parent=307064"}],"wp:term":[{"taxonomy":"category","embeddable":true,"href":"https:\/\/kapitalis.com\/tunisie\/wp-json\/wp\/v2\/categories?post=307064"},{"taxonomy":"post_tag","embeddable":true,"href":"https:\/\/kapitalis.com\/tunisie\/wp-json\/wp\/v2\/tags?post=307064"}],"curies":[{"name":"wp","href":"https:\/\/api.w.org\/{rel}","templated":true}]}}