{"id":307065,"date":"2020-07-08T13:10:18","date_gmt":"2020-07-08T12:10:18","guid":{"rendered":"http:\/\/kapitalis.com\/tunisie\/?p=307065"},"modified":"2020-07-08T16:24:14","modified_gmt":"2020-07-08T15:24:14","slug":"mohamed-hamdi-lexamen-de-philosophie-a-ete-fuite-apres-le-demarrage-de-lepreuve","status":"publish","type":"post","link":"https:\/\/kapitalis.com\/tunisie\/2020\/07\/08\/mohamed-hamdi-lexamen-de-philosophie-a-ete-fuite-apres-le-demarrage-de-lepreuve\/","title":{"rendered":"Mohamed Hamdi : L&rsquo;examen de philosophie a \u00e9t\u00e9 \u00ab\u00a0fuit\u00e9\u00a0\u00bb apr\u00e8s le d\u00e9marrage de l&rsquo;\u00e9preuve"},"content":{"rendered":"\n<figure class=\"wp-block-image size-large\"><img decoding=\"async\" src=\"http:\/\/kapitalis.com\/tunisie\/wp-content\/uploads\/2020\/05\/mohamed-hamdi.jpg\" alt=\"\" class=\"wp-image-301047\"\/><\/figure>\n\n\n\n<p><strong><em>Commentant l&rsquo;information circulant sur les r\u00e9seaux sociaux selon laquelle l&rsquo;examen de philosophie du premier jour de la session principale des \u00e9preuves du baccalaur\u00e9at a \u00e9t\u00e9 fuit\u00e9, ce matin 8 juillet 2020, le ministre de l&rsquo;Education, Mohamed Hamdi a confirm\u00e9 l&rsquo;information, estimant, cependant, qu&rsquo;il ne s&rsquo;agissait pas d&rsquo;une vraie fuite car la copie de l&rsquo;examen a \u00e9t\u00e9 publi\u00e9e sur Facebook apr\u00e8s le d\u00e9but de celui-ci.<\/em><\/strong><\/p>\n\n\n\n<!--more-->\n\n\n\n<p>Le ministre a ajout\u00e9 qu&rsquo;une enqu\u00eate sera n\u00e9anmoins ouverte, afin de d\u00e9couvrir l&rsquo;auteur de la publication de la copie en question et de le traduire en justice.<\/p>\n\n\n\n<p>Rappelons que le secr\u00e9taire g\u00e9n\u00e9ral de la F\u00e9d\u00e9ration de l\u2019enseignement secondaire, Lassaad Yakoubi, avait d\u00e9nonc\u00e9, plus t\u00f4t dans la journ\u00e9e, ce qui s\u2019\u00e9tait pass\u00e9, appelant \u00e0 ce que le d\u00e9lit de fuite d\u2019examens quelques minutes apr\u00e8s la distribution des copies soit sanctionn\u00e9 avec beaucoup de fermet\u00e9.<\/p>\n\n\n\n<p class=\"has-text-align-right\"><strong>C. B. Y.<\/strong><\/p>\n","protected":false},"excerpt":{"rendered":"<p>Commentant l&rsquo;information circulant sur les r\u00e9seaux sociaux selon laquelle l&rsquo;examen de philosophie du premier jour de la session principale des \u00e9preuves du baccalaur\u00e9at a \u00e9t\u00e9 fuit\u00e9, ce matin 8 juillet 2020, le ministre de l&rsquo;Education, Mohamed Hamdi a confirm\u00e9 l&rsquo;information, estimant, cependant, qu&rsquo;il ne s&rsquo;agissait pas d&rsquo;une vraie fuite car la copie de l&rsquo;examen a&#8230;<\/p>\n","protected":false},"author":24,"featured_media":0,"comment_status":"open","ping_status":"open","sticky":false,"template":"","format":"standard","meta":{"footnotes":""},"categories":[998,2433],"tags":[1213,80615,10712],"class_list":["post-307065","post","type-post","status-publish","format-standard","hentry","category-societe","category-tunisie","tag-baccalaureat","tag-lassad-yakoubi","tag-mohamed-hamdi"],"yoast_head":"<!-- This site is optimized with the Yoast SEO plugin v26.6 - https:\/\/yoast.com\/wordpress\/plugins\/seo\/ -->\n<title>Mohamed Hamdi : L&#039;examen de philosophie a \u00e9t\u00e9 &quot;fuit\u00e9&quot; apr\u00e8s le d\u00e9marrage de l&#039;\u00e9preuve - Kapitalis<\/title>\n<meta name=\"robots\" content=\"index, follow, max-snippet:-1, max-image-preview:large, max-video-preview:-1\" \/>\n<link rel=\"canonical\" href=\"https:\/\/kapitalis.com\/tunisie\/2020\/07\/08\/mohamed-hamdi-lexamen-de-philosophie-a-ete-fuite-apres-le-demarrage-de-lepreuve\/\" \/>\n<meta property=\"og:locale\" content=\"fr_FR\" \/>\n<meta property=\"og:type\" content=\"article\" \/>\n<meta property=\"og:title\" content=\"Mohamed Hamdi : L&#039;examen de philosophie a \u00e9t\u00e9 &quot;fuit\u00e9&quot; apr\u00e8s le d\u00e9marrage de l&#039;\u00e9preuve - Kapitalis\" \/>\n<meta property=\"og:description\" content=\"Commentant l&rsquo;information circulant sur les r\u00e9seaux sociaux selon laquelle l&rsquo;examen de philosophie du premier jour de la session principale des \u00e9preuves du baccalaur\u00e9at a \u00e9t\u00e9 fuit\u00e9, ce matin 8 juillet 2020, le ministre de l&rsquo;Education, Mohamed Hamdi a confirm\u00e9 l&rsquo;information, estimant, cependant, qu&rsquo;il ne s&rsquo;agissait pas d&rsquo;une vraie fuite car la copie de l&rsquo;examen a...\" \/>\n<meta property=\"og:url\" content=\"https:\/\/kapitalis.com\/tunisie\/2020\/07\/08\/mohamed-hamdi-lexamen-de-philosophie-a-ete-fuite-apres-le-demarrage-de-lepreuve\/\" \/>\n<meta property=\"og:site_name\" content=\"Kapitalis\" \/>\n<meta property=\"article:publisher\" content=\"https:\/\/www.facebook.com\/KapitalisInfo\/\" \/>\n<meta property=\"article:published_time\" content=\"2020-07-08T12:10:18+00:00\" \/>\n<meta property=\"article:modified_time\" content=\"2020-07-08T15:24:14+00:00\" \/>\n<meta property=\"og:image\" content=\"http:\/\/kapitalis.com\/tunisie\/wp-content\/uploads\/2020\/05\/mohamed-hamdi.jpg\" \/>\n<meta name=\"author\" content=\"Cherif Benyounes\" \/>\n<meta name=\"twitter:card\" content=\"summary_large_image\" \/>\n<meta name=\"twitter:creator\" content=\"@KapitalisInfo\" \/>\n<meta name=\"twitter:site\" content=\"@KapitalisInfo\" \/>\n<meta name=\"twitter:label1\" content=\"\u00c9crit par\" \/>\n\t<meta name=\"twitter:data1\" content=\"Cherif Benyounes\" \/>\n\t<meta name=\"twitter:label2\" content=\"Dur\u00e9e de lecture estim\u00e9e\" \/>\n\t<meta name=\"twitter:data2\" content=\"1 minute\" \/>\n<script type=\"application\/ld+json\" class=\"yoast-schema-graph\">{\"@context\":\"https:\/\/schema.org\",\"@graph\":[{\"@type\":\"Article\",\"@id\":\"https:\/\/kapitalis.com\/tunisie\/2020\/07\/08\/mohamed-hamdi-lexamen-de-philosophie-a-ete-fuite-apres-le-demarrage-de-lepreuve\/#article\",\"isPartOf\":{\"@id\":\"https:\/\/kapitalis.com\/tunisie\/2020\/07\/08\/mohamed-hamdi-lexamen-de-philosophie-a-ete-fuite-apres-le-demarrage-de-lepreuve\/\"},\"author\":{\"name\":\"Cherif Benyounes\",\"@id\":\"https:\/\/kapitalis.com\/tunisie\/#\/schema\/person\/b35b8d631961131107263178aeb8019e\"},\"headline\":\"Mohamed Hamdi : L&rsquo;examen de philosophie a \u00e9t\u00e9 \u00ab\u00a0fuit\u00e9\u00a0\u00bb apr\u00e8s le d\u00e9marrage de l&rsquo;\u00e9preuve\",\"datePublished\":\"2020-07-08T12:10:18+00:00\",\"dateModified\":\"2020-07-08T15:24:14+00:00\",\"mainEntityOfPage\":{\"@id\":\"https:\/\/kapitalis.com\/tunisie\/2020\/07\/08\/mohamed-hamdi-lexamen-de-philosophie-a-ete-fuite-apres-le-demarrage-de-lepreuve\/\"},\"wordCount\":174,\"commentCount\":1,\"publisher\":{\"@id\":\"https:\/\/kapitalis.com\/tunisie\/#organization\"},\"image\":{\"@id\":\"https:\/\/kapitalis.com\/tunisie\/2020\/07\/08\/mohamed-hamdi-lexamen-de-philosophie-a-ete-fuite-apres-le-demarrage-de-lepreuve\/#primaryimage\"},\"thumbnailUrl\":\"http:\/\/kapitalis.com\/tunisie\/wp-content\/uploads\/2020\/05\/mohamed-hamdi.jpg\",\"keywords\":[\"Baccalaur\u00e9at\",\"lassad yakoubi\",\"Mohamed Hamdi\"],\"articleSection\":[\"SOCIETE\",\"Tunisie\"],\"inLanguage\":\"fr-FR\",\"potentialAction\":[{\"@type\":\"CommentAction\",\"name\":\"Comment\",\"target\":[\"https:\/\/kapitalis.com\/tunisie\/2020\/07\/08\/mohamed-hamdi-lexamen-de-philosophie-a-ete-fuite-apres-le-demarrage-de-lepreuve\/#respond\"]}]},{\"@type\":\"WebPage\",\"@id\":\"https:\/\/kapitalis.com\/tunisie\/2020\/07\/08\/mohamed-hamdi-lexamen-de-philosophie-a-ete-fuite-apres-le-demarrage-de-lepreuve\/\",\"url\":\"https:\/\/kapitalis.com\/tunisie\/2020\/07\/08\/mohamed-hamdi-lexamen-de-philosophie-a-ete-fuite-apres-le-demarrage-de-lepreuve\/\",\"name\":\"Mohamed Hamdi : L'examen de philosophie a \u00e9t\u00e9 \\\"fuit\u00e9\\\" apr\u00e8s le d\u00e9marrage de l'\u00e9preuve - Kapitalis\",\"isPartOf\":{\"@id\":\"https:\/\/kapitalis.com\/tunisie\/#website\"},\"primaryImageOfPage\":{\"@id\":\"https:\/\/kapitalis.com\/tunisie\/2020\/07\/08\/mohamed-hamdi-lexamen-de-philosophie-a-ete-fuite-apres-le-demarrage-de-lepreuve\/#primaryimage\"},\"image\":{\"@id\":\"https:\/\/kapitalis.com\/tunisie\/2020\/07\/08\/mohamed-hamdi-lexamen-de-philosophie-a-ete-fuite-apres-le-demarrage-de-lepreuve\/#primaryimage\"},\"thumbnailUrl\":\"http:\/\/kapitalis.com\/tunisie\/wp-content\/uploads\/2020\/05\/mohamed-hamdi.jpg\",\"datePublished\":\"2020-07-08T12:10:18+00:00\",\"dateModified\":\"2020-07-08T15:24:14+00:00\",\"breadcrumb\":{\"@id\":\"https:\/\/kapitalis.com\/tunisie\/2020\/07\/08\/mohamed-hamdi-lexamen-de-philosophie-a-ete-fuite-apres-le-demarrage-de-lepreuve\/#breadcrumb\"},\"inLanguage\":\"fr-FR\",\"potentialAction\":[{\"@type\":\"ReadAction\",\"target\":[\"https:\/\/kapitalis.com\/tunisie\/2020\/07\/08\/mohamed-hamdi-lexamen-de-philosophie-a-ete-fuite-apres-le-demarrage-de-lepreuve\/\"]}]},{\"@type\":\"ImageObject\",\"inLanguage\":\"fr-FR\",\"@id\":\"https:\/\/kapitalis.com\/tunisie\/2020\/07\/08\/mohamed-hamdi-lexamen-de-philosophie-a-ete-fuite-apres-le-demarrage-de-lepreuve\/#primaryimage\",\"url\":\"\",\"contentUrl\":\"\"},{\"@type\":\"BreadcrumbList\",\"@id\":\"https:\/\/kapitalis.com\/tunisie\/2020\/07\/08\/mohamed-hamdi-lexamen-de-philosophie-a-ete-fuite-apres-le-demarrage-de-lepreuve\/#breadcrumb\",\"itemListElement\":[{\"@type\":\"ListItem\",\"position\":1,\"name\":\"Accueil\",\"item\":\"https:\/\/kapitalis.com\/tunisie\/\"},{\"@type\":\"ListItem\",\"position\":2,\"name\":\"Mohamed Hamdi : L&rsquo;examen de philosophie a \u00e9t\u00e9 \u00ab\u00a0fuit\u00e9\u00a0\u00bb apr\u00e8s le d\u00e9marrage de l&rsquo;\u00e9preuve\"}]},{\"@type\":\"WebSite\",\"@id\":\"https:\/\/kapitalis.com\/tunisie\/#website\",\"url\":\"https:\/\/kapitalis.com\/tunisie\/\",\"name\":\"Kapitalis\",\"description\":\"L&#039;actualit\u00e9 en Tunisie et dans le monde\",\"publisher\":{\"@id\":\"https:\/\/kapitalis.com\/tunisie\/#organization\"},\"potentialAction\":[{\"@type\":\"SearchAction\",\"target\":{\"@type\":\"EntryPoint\",\"urlTemplate\":\"https:\/\/kapitalis.com\/tunisie\/?s={search_term_string}\"},\"query-input\":{\"@type\":\"PropertyValueSpecification\",\"valueRequired\":true,\"valueName\":\"search_term_string\"}}],\"inLanguage\":\"fr-FR\"},{\"@type\":\"Organization\",\"@id\":\"https:\/\/kapitalis.com\/tunisie\/#organization\",\"name\":\"Kapitalis\",\"url\":\"https:\/\/kapitalis.com\/tunisie\/\",\"logo\":{\"@type\":\"ImageObject\",\"inLanguage\":\"fr-FR\",\"@id\":\"https:\/\/kapitalis.com\/tunisie\/#\/schema\/logo\/image\/\",\"url\":\"https:\/\/kapitalis.com\/tunisie\/wp-content\/uploads\/2022\/05\/Kapitalis-big-size.png\",\"contentUrl\":\"https:\/\/kapitalis.com\/tunisie\/wp-content\/uploads\/2022\/05\/Kapitalis-big-size.png\",\"width\":5000,\"height\":1500,\"caption\":\"Kapitalis\"},\"image\":{\"@id\":\"https:\/\/kapitalis.com\/tunisie\/#\/schema\/logo\/image\/\"},\"sameAs\":[\"https:\/\/www.facebook.com\/KapitalisInfo\/\",\"https:\/\/x.com\/KapitalisInfo\",\"https:\/\/www.youtube.com\/channel\/UC-yDYrHyfFBWWZaOw3FPg9Q\"]},{\"@type\":\"Person\",\"@id\":\"https:\/\/kapitalis.com\/tunisie\/#\/schema\/person\/b35b8d631961131107263178aeb8019e\",\"name\":\"Cherif Benyounes\",\"url\":\"https:\/\/kapitalis.com\/tunisie\/author\/cherif\/\"}]}<\/script>\n<!-- \/ Yoast SEO plugin. -->","yoast_head_json":{"title":"Mohamed Hamdi : L'examen de philosophie a \u00e9t\u00e9 \"fuit\u00e9\" apr\u00e8s le d\u00e9marrage de l'\u00e9preuve - Kapitalis","robots":{"index":"index","follow":"follow","max-snippet":"max-snippet:-1","max-image-preview":"max-image-preview:large","max-video-preview":"max-video-preview:-1"},"canonical":"https:\/\/kapitalis.com\/tunisie\/2020\/07\/08\/mohamed-hamdi-lexamen-de-philosophie-a-ete-fuite-apres-le-demarrage-de-lepreuve\/","og_locale":"fr_FR","og_type":"article","og_title":"Mohamed Hamdi : L'examen de philosophie a \u00e9t\u00e9 \"fuit\u00e9\" apr\u00e8s le d\u00e9marrage de l'\u00e9preuve - Kapitalis","og_description":"Commentant l&rsquo;information circulant sur les r\u00e9seaux sociaux selon laquelle l&rsquo;examen de philosophie du premier jour de la session principale des \u00e9preuves du baccalaur\u00e9at a \u00e9t\u00e9 fuit\u00e9, ce matin 8 juillet 2020, le ministre de l&rsquo;Education, Mohamed Hamdi a confirm\u00e9 l&rsquo;information, estimant, cependant, qu&rsquo;il ne s&rsquo;agissait pas d&rsquo;une vraie fuite car la copie de l&rsquo;examen a...","og_url":"https:\/\/kapitalis.com\/tunisie\/2020\/07\/08\/mohamed-hamdi-lexamen-de-philosophie-a-ete-fuite-apres-le-demarrage-de-lepreuve\/","og_site_name":"Kapitalis","article_publisher":"https:\/\/www.facebook.com\/KapitalisInfo\/","article_published_time":"2020-07-08T12:10:18+00:00","article_modified_time":"2020-07-08T15:24:14+00:00","og_image":[{"url":"http:\/\/kapitalis.com\/tunisie\/wp-content\/uploads\/2020\/05\/mohamed-hamdi.jpg","type":"","width":"","height":""}],"author":"Cherif Benyounes","twitter_card":"summary_large_image","twitter_creator":"@KapitalisInfo","twitter_site":"@KapitalisInfo","twitter_misc":{"\u00c9crit par":"Cherif Benyounes","Dur\u00e9e de lecture estim\u00e9e":"1 minute"},"schema":{"@context":"https:\/\/schema.org","@graph":[{"@type":"Article","@id":"https:\/\/kapitalis.com\/tunisie\/2020\/07\/08\/mohamed-hamdi-lexamen-de-philosophie-a-ete-fuite-apres-le-demarrage-de-lepreuve\/#article","isPartOf":{"@id":"https:\/\/kapitalis.com\/tunisie\/2020\/07\/08\/mohamed-hamdi-lexamen-de-philosophie-a-ete-fuite-apres-le-demarrage-de-lepreuve\/"},"author":{"name":"Cherif Benyounes","@id":"https:\/\/kapitalis.com\/tunisie\/#\/schema\/person\/b35b8d631961131107263178aeb8019e"},"headline":"Mohamed Hamdi : L&rsquo;examen de philosophie a \u00e9t\u00e9 \u00ab\u00a0fuit\u00e9\u00a0\u00bb apr\u00e8s le d\u00e9marrage de l&rsquo;\u00e9preuve","datePublished":"2020-07-08T12:10:18+00:00","dateModified":"2020-07-08T15:24:14+00:00","mainEntityOfPage":{"@id":"https:\/\/kapitalis.com\/tunisie\/2020\/07\/08\/mohamed-hamdi-lexamen-de-philosophie-a-ete-fuite-apres-le-demarrage-de-lepreuve\/"},"wordCount":174,"commentCount":1,"publisher":{"@id":"https:\/\/kapitalis.com\/tunisie\/#organization"},"image":{"@id":"https:\/\/kapitalis.com\/tunisie\/2020\/07\/08\/mohamed-hamdi-lexamen-de-philosophie-a-ete-fuite-apres-le-demarrage-de-lepreuve\/#primaryimage"},"thumbnailUrl":"http:\/\/kapitalis.com\/tunisie\/wp-content\/uploads\/2020\/05\/mohamed-hamdi.jpg","keywords":["Baccalaur\u00e9at","lassad yakoubi","Mohamed Hamdi"],"articleSection":["SOCIETE","Tunisie"],"inLanguage":"fr-FR","potentialAction":[{"@type":"CommentAction","name":"Comment","target":["https:\/\/kapitalis.com\/tunisie\/2020\/07\/08\/mohamed-hamdi-lexamen-de-philosophie-a-ete-fuite-apres-le-demarrage-de-lepreuve\/#respond"]}]},{"@type":"WebPage","@id":"https:\/\/kapitalis.com\/tunisie\/2020\/07\/08\/mohamed-hamdi-lexamen-de-philosophie-a-ete-fuite-apres-le-demarrage-de-lepreuve\/","url":"https:\/\/kapitalis.com\/tunisie\/2020\/07\/08\/mohamed-hamdi-lexamen-de-philosophie-a-ete-fuite-apres-le-demarrage-de-lepreuve\/","name":"Mohamed Hamdi : L'examen de philosophie a \u00e9t\u00e9 \"fuit\u00e9\" apr\u00e8s le d\u00e9marrage de l'\u00e9preuve - Kapitalis","isPartOf":{"@id":"https:\/\/kapitalis.com\/tunisie\/#website"},"primaryImageOfPage":{"@id":"https:\/\/kapitalis.com\/tunisie\/2020\/07\/08\/mohamed-hamdi-lexamen-de-philosophie-a-ete-fuite-apres-le-demarrage-de-lepreuve\/#primaryimage"},"image":{"@id":"https:\/\/kapitalis.com\/tunisie\/2020\/07\/08\/mohamed-hamdi-lexamen-de-philosophie-a-ete-fuite-apres-le-demarrage-de-lepreuve\/#primaryimage"},"thumbnailUrl":"http:\/\/kapitalis.com\/tunisie\/wp-content\/uploads\/2020\/05\/mohamed-hamdi.jpg","datePublished":"2020-07-08T12:10:18+00:00","dateModified":"2020-07-08T15:24:14+00:00","breadcrumb":{"@id":"https:\/\/kapitalis.com\/tunisie\/2020\/07\/08\/mohamed-hamdi-lexamen-de-philosophie-a-ete-fuite-apres-le-demarrage-de-lepreuve\/#breadcrumb"},"inLanguage":"fr-FR","potentialAction":[{"@type":"ReadAction","target":["https:\/\/kapitalis.com\/tunisie\/2020\/07\/08\/mohamed-hamdi-lexamen-de-philosophie-a-ete-fuite-apres-le-demarrage-de-lepreuve\/"]}]},{"@type":"ImageObject","inLanguage":"fr-FR","@id":"https:\/\/kapitalis.com\/tunisie\/2020\/07\/08\/mohamed-hamdi-lexamen-de-philosophie-a-ete-fuite-apres-le-demarrage-de-lepreuve\/#primaryimage","url":"","contentUrl":""},{"@type":"BreadcrumbList","@id":"https:\/\/kapitalis.com\/tunisie\/2020\/07\/08\/mohamed-hamdi-lexamen-de-philosophie-a-ete-fuite-apres-le-demarrage-de-lepreuve\/#breadcrumb","itemListElement":[{"@type":"ListItem","position":1,"name":"Accueil","item":"https:\/\/kapitalis.com\/tunisie\/"},{"@type":"ListItem","position":2,"name":"Mohamed Hamdi : L&rsquo;examen de philosophie a \u00e9t\u00e9 \u00ab\u00a0fuit\u00e9\u00a0\u00bb apr\u00e8s le d\u00e9marrage de l&rsquo;\u00e9preuve"}]},{"@type":"WebSite","@id":"https:\/\/kapitalis.com\/tunisie\/#website","url":"https:\/\/kapitalis.com\/tunisie\/","name":"Kapitalis","description":"L&#039;actualit\u00e9 en Tunisie et dans le monde","publisher":{"@id":"https:\/\/kapitalis.com\/tunisie\/#organization"},"potentialAction":[{"@type":"SearchAction","target":{"@type":"EntryPoint","urlTemplate":"https:\/\/kapitalis.com\/tunisie\/?s={search_term_string}"},"query-input":{"@type":"PropertyValueSpecification","valueRequired":true,"valueName":"search_term_string"}}],"inLanguage":"fr-FR"},{"@type":"Organization","@id":"https:\/\/kapitalis.com\/tunisie\/#organization","name":"Kapitalis","url":"https:\/\/kapitalis.com\/tunisie\/","logo":{"@type":"ImageObject","inLanguage":"fr-FR","@id":"https:\/\/kapitalis.com\/tunisie\/#\/schema\/logo\/image\/","url":"https:\/\/kapitalis.com\/tunisie\/wp-content\/uploads\/2022\/05\/Kapitalis-big-size.png","contentUrl":"https:\/\/kapitalis.com\/tunisie\/wp-content\/uploads\/2022\/05\/Kapitalis-big-size.png","width":5000,"height":1500,"caption":"Kapitalis"},"image":{"@id":"https:\/\/kapitalis.com\/tunisie\/#\/schema\/logo\/image\/"},"sameAs":["https:\/\/www.facebook.com\/KapitalisInfo\/","https:\/\/x.com\/KapitalisInfo","https:\/\/www.youtube.com\/channel\/UC-yDYrHyfFBWWZaOw3FPg9Q"]},{"@type":"Person","@id":"https:\/\/kapitalis.com\/tunisie\/#\/schema\/person\/b35b8d631961131107263178aeb8019e","name":"Cherif Benyounes","url":"https:\/\/kapitalis.com\/tunisie\/author\/cherif\/"}]}},"_links":{"self":[{"href":"https:\/\/kapitalis.com\/tunisie\/wp-json\/wp\/v2\/posts\/307065","targetHints":{"allow":["GET"]}}],"collection":[{"href":"https:\/\/kapitalis.com\/tunisie\/wp-json\/wp\/v2\/posts"}],"about":[{"href":"https:\/\/kapitalis.com\/tunisie\/wp-json\/wp\/v2\/types\/post"}],"author":[{"embeddable":true,"href":"https:\/\/kapitalis.com\/tunisie\/wp-json\/wp\/v2\/users\/24"}],"replies":[{"embeddable":true,"href":"https:\/\/kapitalis.com\/tunisie\/wp-json\/wp\/v2\/comments?post=307065"}],"version-history":[{"count":0,"href":"https:\/\/kapitalis.com\/tunisie\/wp-json\/wp\/v2\/posts\/307065\/revisions"}],"wp:attachment":[{"href":"https:\/\/kapitalis.com\/tunisie\/wp-json\/wp\/v2\/media?parent=307065"}],"wp:term":[{"taxonomy":"category","embeddable":true,"href":"https:\/\/kapitalis.com\/tunisie\/wp-json\/wp\/v2\/categories?post=307065"},{"taxonomy":"post_tag","embeddable":true,"href":"https:\/\/kapitalis.com\/tunisie\/wp-json\/wp\/v2\/tags?post=307065"}],"curies":[{"name":"wp","href":"https:\/\/api.w.org\/{rel}","templated":true}]}}