{"id":307121,"date":"2020-07-08T17:35:33","date_gmt":"2020-07-08T16:35:33","guid":{"rendered":"http:\/\/kapitalis.com\/tunisie\/?p=307121"},"modified":"2020-07-09T06:43:40","modified_gmt":"2020-07-09T05:43:40","slug":"tunisie-ennahdha-du-chaos-createur-au-saut-dans-le-vide","status":"publish","type":"post","link":"https:\/\/kapitalis.com\/tunisie\/2020\/07\/08\/tunisie-ennahdha-du-chaos-createur-au-saut-dans-le-vide\/","title":{"rendered":"Tunisie : Ennahdha du \u00abchaos cr\u00e9ateur\u00bb au saut dans le vide"},"content":{"rendered":"\n<figure class=\"wp-block-image size-large\"><img decoding=\"async\" src=\"http:\/\/kapitalis.com\/tunisie\/wp-content\/uploads\/2020\/06\/rached-ghannouchi-ARP.jpg\" alt=\"\" class=\"wp-image-302087\"\/><\/figure>\n\n\n\n<p><strong><em>Face aux assauts r\u00e9p\u00e9t\u00e9s d\u2019Ennahdha, man\u0153uvrant pour imposer son implacable domination sur la sc\u00e8ne politique en Tunisie, c\u2019est au pr\u00e9sident de la r\u00e9publique, Ka\u00efs Sa\u00efed, \u00e9lu par 73% des Tunisiens, d\u2019annoncer les arbitrages n\u00e9cessaires avant qu\u2019il ne soit trop tard et d\u2019\u00e9viter \u00e0 la Tunisie de sombrer dans le d\u00e9sordre et la violence, les deux principales marques de l\u2019islam politique partout o\u00f9 il a gouvern\u00e9.<\/em><\/strong><\/p>\n\n\n\n<p>Par <strong>Ridha Ben Slama<\/strong> *<\/p>\n\n\n\n<!--more-->\n\n\n\n<div class=\"wp-block-image\"><figure class=\"alignleft size-large\"><img decoding=\"async\" src=\"http:\/\/kapitalis.com\/tunisie\/wp-content\/uploads\/2020\/07\/Ridha-Ben-Slama-2.jpg\" alt=\"\" class=\"wp-image-307122\"\/><\/figure><\/div>\n\n\n\n<p>Apr\u00e8s la reptation, pratiqu\u00e9e durant des ann\u00e9es, c\u2019est le saut qui d\u00e9finit la prochaine \u00e9tape. Ennahdha a trouv\u00e9 son leitmotiv pour son prochain congr\u00e8s : le <em>\u00absaut cr\u00e9ateur\u00bb<\/em>. Il y aurait comme une profonde similitude entre ce<em> \u00absaut cr\u00e9ateur\u00bb<\/em> obscur et le fameux <em>\u00abchaos cr\u00e9ateur\u00bb<\/em> cher \u00e0 George W. Bush et Condoleeza Rice, dont l\u2019objectif est de d\u00e9stabiliser et de fragmenter pour mieux contr\u00f4ler. Mais, le membre du <em>\u00abconseil de la choura\u00bb <\/em>qui vient de l\u2019annoncer ne nous dit pas si c\u2019est un saut en hauteur, un saut en longueur, un triple-saut, un saut dans le vide ou un saut dans le temps\u2026 du califat.<\/p>\n\n\n\n<p>On ne saurait dire si c\u2019est un bon choix que ce slogan sautillant et tr\u00e9pidant d\u2019impatience pour s\u2019emparer de tout. En fait, qui mieux que les sauterelles dans cet exercice-l\u00e0, qui sautent probablement plus loin que tous les autres insectes ! Comme on sait parfaitement combien ces sauterelles d\u2019un genre insolite sont voraces et responsables des d\u00e9g\u00e2ts inflig\u00e9s tout au long de cette d\u00e9cennie. Ce slogan utilisant le terme \u0648\u064e\u062b\u0652\u0628\u064e\u0629 en arabe, signifie aussi<em> \u00abbond\u00bb<\/em>, \u00e0 savoir une brusque d\u00e9tente des membres inf\u00e9rieurs ou post\u00e9rieurs\u2026 d\u2019un animal pour attaquer.<\/p>\n\n\n\n<p>Connaissant la nature violente de ce mouvement, on ne peut que s\u2019attendre au pire. Tout un programme et cela promet !<\/p>\n\n\n\n<h3 class=\"wp-block-heading\">La torpeur des milieux politiques tunisiens<\/h3>\n\n\n\n<p>Pour \u00eatre plus explicite, que faut-il faire pour mettre au ban cette ramification d\u2019une organisation transnationale violente, sectaire et extr\u00e9miste, celle des Fr\u00e8res musulmans, rejet\u00e9e par quasiment tous les pays \u00e0 cause de ses accointances avec le terrorisme et le mercenariat?<\/p>\n\n\n\n<p>On oublie que nous disposons de l\u2019article 7 de la Loi organique n\u00b0 2015-26 du 7 ao\u00fbt 2015, relative \u00e0 la lutte contre le terrorisme et la r\u00e9pression du blanchiment d\u2019argent qui pr\u00e9cise : <em>\u00abLe tribunal prononce \u00e9galement l\u2019interdiction \u00e0 la personne morale d\u2019exercer son activit\u00e9 pour une p\u00e9riode maximale de cinq ans ou prononce sa dissolution. Sans pr\u00e9judice de la poursuite des personnes morales, les peines pr\u00e9vues par la pr\u00e9sente loi sont applicables \u00e0 ses repr\u00e9sentants, ses dirigeants, ses associ\u00e9s ou ses agents, si leur responsabilit\u00e9 personnelle ait \u00e9t\u00e9 \u00e9tablie\u00bb.<\/em><\/p>\n\n\n\n<p>Par ailleurs, que faut-il faire pour bousculer la torpeur des milieux politiques tunisiens, de les placer devant leurs responsabilit\u00e9s, de les sommer de renoncer \u00e0 cette indulgence apeur\u00e9e chez les uns, insouciante chez les autres, mais trop souvent attentiste et l\u00e2che, pour refouler les agissements n\u00e9fastes d\u2019une n\u00e9buleuse, agissant au service d\u2019entit\u00e9s \u00e9trang\u00e8res ?<\/p>\n\n\n\n<p>Inutile de remonter jusqu\u2019au si\u00e8cle dernier pour recenser les crimes et d\u00e9lits commis par les adeptes de cette confr\u00e9rie et sa branche s\u00e9curitaire occulte, confirm\u00e9s par des t\u00e9moignages provenant des propres rangs d\u2019Ennahdha (attentats dans deux h\u00f4tels \u00e0 Sousse et Monastir les 2 et 3 ao\u00fbt 1987, l\u2019attentat perp\u00e9tr\u00e9, le 17 f\u00e9vrier 1991, dans une permanence du RCD, ex-parti au pouvoir, dans le quartier de Bab-Souika o\u00f9 deux gardiens avaient \u00e9t\u00e9 asperg\u00e9s d\u2019essence et br\u00fbl\u00e9s, l\u2019un d\u2019eux est mort et le second a \u00e9chapp\u00e9 \u00e0 la mort, mais il a \u00e9t\u00e9 gravement br\u00fbl\u00e9, actes de vitriolage contre l\u2019imam de la mosqu\u00e9e du Kram et contre un gardien de la paix de la r\u00e9gion de Jendouba\u2026)\u2026<\/p>\n\n\n\n<h3 class=\"wp-block-heading\">Un parti \u00abprot\u00e9g\u00e9\u00bb par une justice aux ordres<\/h3>\n\n\n\n<p>Restons plut\u00f4t attentifs aux \u00e9l\u00e9ments \u00e0 charge auxquels Ennahdha fait face depuis 2012 et qui sont incalculables. Pour condenser, il y a les assassinats de Chokri Bela\u00efd (le 6 f\u00e9vrier 2013) et de Mohamed Brahmi (le 25 juillet 2013). Sept ans apr\u00e8s, les juges n\u2019ont pas remont\u00e9 les fili\u00e8res pour \u00e9tablir d\u00e9finitivement qui \u00e9taient les commanditaires et les motifs de ces homicides.<\/p>\n\n\n\n<p>Une autre affaire qui tra\u00eene dans les m\u00e9andres de la Justice, celle d\u2019une officine secr\u00e8te en lien avec Ennahdha dirig\u00e9e par Mustapha Kheder, un personnage interlope emprisonn\u00e9 depuis 2014, et ce malgr\u00e9 les diff\u00e9rentes charges et les documents accablants retrouv\u00e9s chez ce dernier.<\/p>\n\n\n\n<p>Mohamed Jmour, membre du Collectif de d\u00e9fense de Belaid et Brahmi, avait accus\u00e9, dans une d\u00e9claration \u00e0 TAP, <em>\u00abcertaines parties, dont en premier lieu le procureur de la r\u00e9publique<\/em> (B\u00e9chir Akremi, Ndlr),<em> de couvrir les crimes du mouvement Ennahdha\u00bb<\/em>. Le Collectif laisse par ailleurs entendre que certains juges seraient sous la coupe des islamistes depuis 2012. En outre, il y a les fortes pr\u00e9somptions concernant les responsables des relais actifs dans le recrutement des Tunisiens en partance pour la Syrie\u2026<\/p>\n\n\n\n<p>Actuellement, on constate des agissements hautement alarmants qui sont d\u00e9clench\u00e9s, \u00e0 un rythme acc\u00e9l\u00e9r\u00e9 par Ennahdha. <em>\u00abNeutraliser\u00bb<\/em> les opposants au parti islamiste par des proc\u00e9d\u00e9s abjects, qui n\u2019ont rien \u00e0 envier aux m\u00e9thodes employ\u00e9es par le r\u00e9gime d\u00e9chu. La machine \u00e0 broyer est en marche \u00e0 travers la fabrication de dossiers, de grossiers montages, salissant les plus indociles, entachant leur honneur avec des proc\u00e8s bidons dans une parodie de justice. Des tentatives r\u00e9p\u00e9t\u00e9es sont op\u00e9r\u00e9es pour assujettir les m\u00e9dias. Nous sommes vraiment \u00e0 un tournant capital.<\/p>\n\n\n\n<p>Le secr\u00e9taire g\u00e9n\u00e9ral de l\u2019Union g\u00e9n\u00e9rale tunisienne du travail (UGTT) vient de d\u00e9noncer, dans un discours prononc\u00e9 lors d\u2019un r\u00e9cent rassemblement \u00e0 Sfax, la politique men\u00e9e par un certain nombre de juges d\u2019instruction dans plusieurs affaires, en particulier celles li\u00e9es aux syndicalistes. <em>\u00abNous vivons<\/em>, dit-il, <em>dans un \u00c9tat sous l\u2019emprise du pouvoir judiciaire\u00bb<\/em>.<\/p>\n\n\n\n<h3 class=\"wp-block-heading\">Man\u0153uvres dilatoires et contre-feu pour faire diversion<\/h3>\n\n\n\n<p>D\u2019un autre c\u00f4t\u00e9, des man\u0153uvres tortueuses sont ourdies pour faire tomber la Cour Constitutionnelle (en gestation depuis 2015) dans leur escarcelle, afin de s\u2019en servir pour peser sur la l\u00e9gislation dans un sens r\u00e9trograde voulu et comme dispositif de chantage et d\u2019intimidation de plusieurs instances et personnalit\u00e9s politiques, dont le pr\u00e9sident de la R\u00e9publique\u2026<\/p>\n\n\n\n<p>Ces man\u0153uvres sont accompagn\u00e9es de contre-feu pour faire diversion et gagner du terrain. Ils cr\u00e9ent des simulacres de sujets et des points de fixation <em>\u00abpolitiques\u00bb<\/em> et tentent, vainement, de r\u00e9duire l\u2019ampleur de la pression populaire qui p\u00e8se sur eux et sur leurs instigateurs, dont une offensive sans pr\u00e9c\u00e9dent contre un chef du gouvernement qui, pr\u00e9tentieusement, a pr\u00eat\u00e9 le flanc. Ils ont sorti de leurs placards un personnage cotonneux et ramolli du temps de la Tro\u00efka pour persuader le chef du gouvernement de desserrer la ceinture politique de son cabinet. Ils veulent faire vite pour s\u2019emparer \u00e0 tout prix de toutes les commandes, pouvoir dissimuler leur responsabilit\u00e9 dans la faillite du pays afin de maintenir en place le m\u00eame syst\u00e8me boiteux qui leur assure protection et privil\u00e8ges.<\/p>\n\n\n\n<p>Toutes ces gesticulations, dans un climat d\u00e9l\u00e9t\u00e8re, sont des messages subliminaux qui tentent d\u2019intimider tous les emp\u00eacheurs de tourner en rond et exercer des formes de chantage contre des cibles politiques.<\/p>\n\n\n\n<p>Leurs vis\u00e9es sont multiples, escamoter les r\u00e9v\u00e9lations concernant les indemnisations ind\u00fbment accord\u00e9es, les financements \u00e9trangers de leur parti et l\u2019opacit\u00e9 du fonctionnement des associations caritatives, l\u2019enrichissement du pr\u00e9sident de l\u2019ARP, le pr\u00e9sident de leur parti, Rached Ghannouchi, ainsi que sa famille qui, selon Zubair Al-Shahoudi, un ancien secr\u00e9taire g\u00e9n\u00e9ral de la confr\u00e9rie en Tunisie, poss\u00e9deraient une impressionnante fortune accumul\u00e9e au cours de la derni\u00e8re d\u00e9cennie, les liens suspects avec la Turquie et le Qatar et l\u2019immixtion \u00e0 r\u00e9p\u00e9tition du pr\u00e9sident de l\u2019Assembl\u00e9e dans la politique \u00e9trang\u00e8re tunisienne, en totale contradiction avec la ligne officielle\u2026<\/p>\n\n\n\n<p>Finalement, la balle est dans le camp du pr\u00e9sident de la r\u00e9publique, Ka\u00efs Sa\u00efed. Le temps lui est compt\u00e9 pour annoncer les arbitrages n\u00e9cessaires avant qu\u2019il ne soit trop tard, en donnant les r\u00e9ponses \u00e0 la hauteur des aspirations des Tunisiens. Qu\u2019il consulte les organisations nationales comme l\u2019UGTT et l\u2019UTICA, les quelques personnalit\u00e9s encore respect\u00e9es. N\u2019a-t-il pas ass\u00e9n\u00e9 : <em>\u00abQue chacun se souvienne que l\u2019\u00c9tat tunisien est un et indivisible, et qu\u2019il n\u2019y a qu\u2019un seul et m\u00eame pr\u00e9sident \u00e0 l\u2019int\u00e9rieur et \u00e0 l\u2019\u00e9tranger\u00bb.<\/em><\/p>\n\n\n\n<p><em>* Universitaire, \u00e9crivain et analyste politique.<\/em><\/p>\n\n\n\n<h3 class=\"wp-block-heading\">Article du m\u00eame auteur dans Kapitalis : <\/h3>\n\n\n\n<figure class=\"wp-block-embed-wordpress wp-block-embed is-type-wp-embed is-provider-kapitalis\"><div class=\"wp-block-embed__wrapper\">\n<blockquote class=\"wp-embedded-content\" data-secret=\"dk2olre9Zu\"><a href=\"https:\/\/kapitalis.com\/tunisie\/2019\/04\/02\/la-mesaventure-dun-groupe-de-voyageurs-tunisiens-a-dubai\/\">La m\u00e9saventure d\u2019un groupe de voyageurs tunisiens \u00e0 Duba\u00ef<\/a><\/blockquote><iframe loading=\"lazy\" class=\"wp-embedded-content\" sandbox=\"allow-scripts\" security=\"restricted\" style=\"position: absolute; clip: rect(1px, 1px, 1px, 1px);\" title=\"\u00ab\u00a0La m\u00e9saventure d\u2019un groupe de voyageurs tunisiens \u00e0 Duba\u00ef\u00a0\u00bb &#8212; Kapitalis\" src=\"https:\/\/kapitalis.com\/tunisie\/2019\/04\/02\/la-mesaventure-dun-groupe-de-voyageurs-tunisiens-a-dubai\/embed\/#?secret=yH71GQzs7K#?secret=dk2olre9Zu\" data-secret=\"dk2olre9Zu\" width=\"600\" height=\"338\" frameborder=\"0\" marginwidth=\"0\" marginheight=\"0\" scrolling=\"no\"><\/iframe>\n<\/div><\/figure>\n","protected":false},"excerpt":{"rendered":"<p>Face aux assauts r\u00e9p\u00e9t\u00e9s d\u2019Ennahdha, man\u0153uvrant pour imposer son implacable domination sur la sc\u00e8ne politique en Tunisie, c\u2019est au pr\u00e9sident de la r\u00e9publique, Ka\u00efs Sa\u00efed, \u00e9lu par 73% des Tunisiens, d\u2019annoncer les arbitrages n\u00e9cessaires avant qu\u2019il ne soit trop tard et d\u2019\u00e9viter \u00e0 la Tunisie de sombrer dans le d\u00e9sordre et la violence, les deux&#8230;<\/p>\n","protected":false},"author":8,"featured_media":307122,"comment_status":"open","ping_status":"open","sticky":false,"template":"","format":"standard","meta":{"footnotes":""},"categories":[992,997,1000,2433],"tags":[12622,80628,49543,79627,80627,80629,758,936,940,80626],"class_list":["post-307121","post","type-post","status-publish","format-standard","has-post-thumbnail","hentry","category-a-la-une","category-politique","category-tribune","category-tunisie","tag-bechir-akremi","tag-collectif-de-defense-de-belaid-et-brahmi","tag-ennahdha","tag-kais-saied","tag-mohamed-jmour","tag-mustapha-kheder","tag-rached-ghannouchi","tag-ugtt","tag-utica","tag-zubair-al-shahoudi"],"yoast_head":"<!-- This site is optimized with the Yoast SEO plugin v26.6 - https:\/\/yoast.com\/wordpress\/plugins\/seo\/ -->\n<title>Tunisie : Ennahdha du \u00abchaos cr\u00e9ateur\u00bb au saut dans le vide - Kapitalis<\/title>\n<meta name=\"robots\" content=\"index, follow, max-snippet:-1, max-image-preview:large, max-video-preview:-1\" \/>\n<link rel=\"canonical\" href=\"https:\/\/kapitalis.com\/tunisie\/2020\/07\/08\/tunisie-ennahdha-du-chaos-createur-au-saut-dans-le-vide\/\" \/>\n<meta property=\"og:locale\" content=\"fr_FR\" \/>\n<meta property=\"og:type\" content=\"article\" \/>\n<meta property=\"og:title\" content=\"Tunisie : Ennahdha du \u00abchaos cr\u00e9ateur\u00bb au saut dans le vide - Kapitalis\" \/>\n<meta property=\"og:description\" content=\"Face aux assauts r\u00e9p\u00e9t\u00e9s d\u2019Ennahdha, man\u0153uvrant pour imposer son implacable domination sur la sc\u00e8ne politique en Tunisie, c\u2019est au pr\u00e9sident de la r\u00e9publique, Ka\u00efs Sa\u00efed, \u00e9lu par 73% des Tunisiens, d\u2019annoncer les arbitrages n\u00e9cessaires avant qu\u2019il ne soit trop tard et d\u2019\u00e9viter \u00e0 la Tunisie de sombrer dans le d\u00e9sordre et la violence, les deux...\" \/>\n<meta property=\"og:url\" content=\"https:\/\/kapitalis.com\/tunisie\/2020\/07\/08\/tunisie-ennahdha-du-chaos-createur-au-saut-dans-le-vide\/\" \/>\n<meta property=\"og:site_name\" content=\"Kapitalis\" \/>\n<meta property=\"article:publisher\" content=\"https:\/\/www.facebook.com\/KapitalisInfo\/\" \/>\n<meta property=\"article:published_time\" content=\"2020-07-08T16:35:33+00:00\" \/>\n<meta property=\"article:modified_time\" content=\"2020-07-09T05:43:40+00:00\" \/>\n<meta property=\"og:image\" content=\"https:\/\/kapitalis.com\/tunisie\/wp-content\/uploads\/2022\/05\/kapitalis-logo-fb.png\" \/>\n\t<meta property=\"og:image:width\" content=\"1200\" \/>\n\t<meta property=\"og:image:height\" content=\"630\" \/>\n\t<meta property=\"og:image:type\" content=\"image\/png\" \/>\n<meta name=\"author\" content=\"webmaster kapitalis\" \/>\n<meta name=\"twitter:card\" content=\"summary_large_image\" \/>\n<meta name=\"twitter:creator\" content=\"@KapitalisInfo\" \/>\n<meta name=\"twitter:site\" content=\"@KapitalisInfo\" \/>\n<meta name=\"twitter:label1\" content=\"\u00c9crit par\" \/>\n\t<meta name=\"twitter:data1\" content=\"webmaster kapitalis\" \/>\n\t<meta name=\"twitter:label2\" content=\"Dur\u00e9e de lecture estim\u00e9e\" \/>\n\t<meta name=\"twitter:data2\" content=\"8 minutes\" \/>\n<script type=\"application\/ld+json\" class=\"yoast-schema-graph\">{\"@context\":\"https:\/\/schema.org\",\"@graph\":[{\"@type\":\"Article\",\"@id\":\"https:\/\/kapitalis.com\/tunisie\/2020\/07\/08\/tunisie-ennahdha-du-chaos-createur-au-saut-dans-le-vide\/#article\",\"isPartOf\":{\"@id\":\"https:\/\/kapitalis.com\/tunisie\/2020\/07\/08\/tunisie-ennahdha-du-chaos-createur-au-saut-dans-le-vide\/\"},\"author\":{\"name\":\"webmaster kapitalis\",\"@id\":\"https:\/\/kapitalis.com\/tunisie\/#\/schema\/person\/d71f33a9ca44f7bad4698210b480c8e9\"},\"headline\":\"Tunisie : Ennahdha du \u00abchaos cr\u00e9ateur\u00bb au saut dans le vide\",\"datePublished\":\"2020-07-08T16:35:33+00:00\",\"dateModified\":\"2020-07-09T05:43:40+00:00\",\"mainEntityOfPage\":{\"@id\":\"https:\/\/kapitalis.com\/tunisie\/2020\/07\/08\/tunisie-ennahdha-du-chaos-createur-au-saut-dans-le-vide\/\"},\"wordCount\":1525,\"commentCount\":4,\"publisher\":{\"@id\":\"https:\/\/kapitalis.com\/tunisie\/#organization\"},\"image\":{\"@id\":\"https:\/\/kapitalis.com\/tunisie\/2020\/07\/08\/tunisie-ennahdha-du-chaos-createur-au-saut-dans-le-vide\/#primaryimage\"},\"thumbnailUrl\":\"\",\"keywords\":[\"B\u00e9chir Akremi\",\"Collectif de d\u00e9fense de Belaid et Brahmi\",\"Ennahdha\",\"\u064fKa\u00efs Sa\u00efed\",\"Mohamed Jmour\",\"Mustapha Kheder\",\"Rached Ghannouchi\",\"UGTT\",\"Utica\",\"Zubair Al-Shahoudi\"],\"articleSection\":[\"A LA UNE\",\"POLITIQUE\",\"TRIBUNE\",\"Tunisie\"],\"inLanguage\":\"fr-FR\",\"potentialAction\":[{\"@type\":\"CommentAction\",\"name\":\"Comment\",\"target\":[\"https:\/\/kapitalis.com\/tunisie\/2020\/07\/08\/tunisie-ennahdha-du-chaos-createur-au-saut-dans-le-vide\/#respond\"]}]},{\"@type\":\"WebPage\",\"@id\":\"https:\/\/kapitalis.com\/tunisie\/2020\/07\/08\/tunisie-ennahdha-du-chaos-createur-au-saut-dans-le-vide\/\",\"url\":\"https:\/\/kapitalis.com\/tunisie\/2020\/07\/08\/tunisie-ennahdha-du-chaos-createur-au-saut-dans-le-vide\/\",\"name\":\"Tunisie : Ennahdha du \u00abchaos cr\u00e9ateur\u00bb au saut dans le vide - Kapitalis\",\"isPartOf\":{\"@id\":\"https:\/\/kapitalis.com\/tunisie\/#website\"},\"primaryImageOfPage\":{\"@id\":\"https:\/\/kapitalis.com\/tunisie\/2020\/07\/08\/tunisie-ennahdha-du-chaos-createur-au-saut-dans-le-vide\/#primaryimage\"},\"image\":{\"@id\":\"https:\/\/kapitalis.com\/tunisie\/2020\/07\/08\/tunisie-ennahdha-du-chaos-createur-au-saut-dans-le-vide\/#primaryimage\"},\"thumbnailUrl\":\"\",\"datePublished\":\"2020-07-08T16:35:33+00:00\",\"dateModified\":\"2020-07-09T05:43:40+00:00\",\"breadcrumb\":{\"@id\":\"https:\/\/kapitalis.com\/tunisie\/2020\/07\/08\/tunisie-ennahdha-du-chaos-createur-au-saut-dans-le-vide\/#breadcrumb\"},\"inLanguage\":\"fr-FR\",\"potentialAction\":[{\"@type\":\"ReadAction\",\"target\":[\"https:\/\/kapitalis.com\/tunisie\/2020\/07\/08\/tunisie-ennahdha-du-chaos-createur-au-saut-dans-le-vide\/\"]}]},{\"@type\":\"ImageObject\",\"inLanguage\":\"fr-FR\",\"@id\":\"https:\/\/kapitalis.com\/tunisie\/2020\/07\/08\/tunisie-ennahdha-du-chaos-createur-au-saut-dans-le-vide\/#primaryimage\",\"url\":\"\",\"contentUrl\":\"\"},{\"@type\":\"BreadcrumbList\",\"@id\":\"https:\/\/kapitalis.com\/tunisie\/2020\/07\/08\/tunisie-ennahdha-du-chaos-createur-au-saut-dans-le-vide\/#breadcrumb\",\"itemListElement\":[{\"@type\":\"ListItem\",\"position\":1,\"name\":\"Accueil\",\"item\":\"https:\/\/kapitalis.com\/tunisie\/\"},{\"@type\":\"ListItem\",\"position\":2,\"name\":\"Tunisie : Ennahdha du \u00abchaos cr\u00e9ateur\u00bb au saut dans le vide\"}]},{\"@type\":\"WebSite\",\"@id\":\"https:\/\/kapitalis.com\/tunisie\/#website\",\"url\":\"https:\/\/kapitalis.com\/tunisie\/\",\"name\":\"Kapitalis\",\"description\":\"L&#039;actualit\u00e9 en Tunisie et dans le monde\",\"publisher\":{\"@id\":\"https:\/\/kapitalis.com\/tunisie\/#organization\"},\"potentialAction\":[{\"@type\":\"SearchAction\",\"target\":{\"@type\":\"EntryPoint\",\"urlTemplate\":\"https:\/\/kapitalis.com\/tunisie\/?s={search_term_string}\"},\"query-input\":{\"@type\":\"PropertyValueSpecification\",\"valueRequired\":true,\"valueName\":\"search_term_string\"}}],\"inLanguage\":\"fr-FR\"},{\"@type\":\"Organization\",\"@id\":\"https:\/\/kapitalis.com\/tunisie\/#organization\",\"name\":\"Kapitalis\",\"url\":\"https:\/\/kapitalis.com\/tunisie\/\",\"logo\":{\"@type\":\"ImageObject\",\"inLanguage\":\"fr-FR\",\"@id\":\"https:\/\/kapitalis.com\/tunisie\/#\/schema\/logo\/image\/\",\"url\":\"https:\/\/kapitalis.com\/tunisie\/wp-content\/uploads\/2022\/05\/Kapitalis-big-size.png\",\"contentUrl\":\"https:\/\/kapitalis.com\/tunisie\/wp-content\/uploads\/2022\/05\/Kapitalis-big-size.png\",\"width\":5000,\"height\":1500,\"caption\":\"Kapitalis\"},\"image\":{\"@id\":\"https:\/\/kapitalis.com\/tunisie\/#\/schema\/logo\/image\/\"},\"sameAs\":[\"https:\/\/www.facebook.com\/KapitalisInfo\/\",\"https:\/\/x.com\/KapitalisInfo\",\"https:\/\/www.youtube.com\/channel\/UC-yDYrHyfFBWWZaOw3FPg9Q\"]},{\"@type\":\"Person\",\"@id\":\"https:\/\/kapitalis.com\/tunisie\/#\/schema\/person\/d71f33a9ca44f7bad4698210b480c8e9\",\"name\":\"webmaster kapitalis\",\"url\":\"https:\/\/kapitalis.com\/tunisie\/author\/webmaster-kapitalis\/\"}]}<\/script>\n<!-- \/ Yoast SEO plugin. -->","yoast_head_json":{"title":"Tunisie : Ennahdha du \u00abchaos cr\u00e9ateur\u00bb au saut dans le vide - Kapitalis","robots":{"index":"index","follow":"follow","max-snippet":"max-snippet:-1","max-image-preview":"max-image-preview:large","max-video-preview":"max-video-preview:-1"},"canonical":"https:\/\/kapitalis.com\/tunisie\/2020\/07\/08\/tunisie-ennahdha-du-chaos-createur-au-saut-dans-le-vide\/","og_locale":"fr_FR","og_type":"article","og_title":"Tunisie : Ennahdha du \u00abchaos cr\u00e9ateur\u00bb au saut dans le vide - Kapitalis","og_description":"Face aux assauts r\u00e9p\u00e9t\u00e9s d\u2019Ennahdha, man\u0153uvrant pour imposer son implacable domination sur la sc\u00e8ne politique en Tunisie, c\u2019est au pr\u00e9sident de la r\u00e9publique, Ka\u00efs Sa\u00efed, \u00e9lu par 73% des Tunisiens, d\u2019annoncer les arbitrages n\u00e9cessaires avant qu\u2019il ne soit trop tard et d\u2019\u00e9viter \u00e0 la Tunisie de sombrer dans le d\u00e9sordre et la violence, les deux...","og_url":"https:\/\/kapitalis.com\/tunisie\/2020\/07\/08\/tunisie-ennahdha-du-chaos-createur-au-saut-dans-le-vide\/","og_site_name":"Kapitalis","article_publisher":"https:\/\/www.facebook.com\/KapitalisInfo\/","article_published_time":"2020-07-08T16:35:33+00:00","article_modified_time":"2020-07-09T05:43:40+00:00","og_image":[{"width":1200,"height":630,"url":"https:\/\/kapitalis.com\/tunisie\/wp-content\/uploads\/2022\/05\/kapitalis-logo-fb.png","type":"image\/png"}],"author":"webmaster kapitalis","twitter_card":"summary_large_image","twitter_creator":"@KapitalisInfo","twitter_site":"@KapitalisInfo","twitter_misc":{"\u00c9crit par":"webmaster kapitalis","Dur\u00e9e de lecture estim\u00e9e":"8 minutes"},"schema":{"@context":"https:\/\/schema.org","@graph":[{"@type":"Article","@id":"https:\/\/kapitalis.com\/tunisie\/2020\/07\/08\/tunisie-ennahdha-du-chaos-createur-au-saut-dans-le-vide\/#article","isPartOf":{"@id":"https:\/\/kapitalis.com\/tunisie\/2020\/07\/08\/tunisie-ennahdha-du-chaos-createur-au-saut-dans-le-vide\/"},"author":{"name":"webmaster kapitalis","@id":"https:\/\/kapitalis.com\/tunisie\/#\/schema\/person\/d71f33a9ca44f7bad4698210b480c8e9"},"headline":"Tunisie : Ennahdha du \u00abchaos cr\u00e9ateur\u00bb au saut dans le vide","datePublished":"2020-07-08T16:35:33+00:00","dateModified":"2020-07-09T05:43:40+00:00","mainEntityOfPage":{"@id":"https:\/\/kapitalis.com\/tunisie\/2020\/07\/08\/tunisie-ennahdha-du-chaos-createur-au-saut-dans-le-vide\/"},"wordCount":1525,"commentCount":4,"publisher":{"@id":"https:\/\/kapitalis.com\/tunisie\/#organization"},"image":{"@id":"https:\/\/kapitalis.com\/tunisie\/2020\/07\/08\/tunisie-ennahdha-du-chaos-createur-au-saut-dans-le-vide\/#primaryimage"},"thumbnailUrl":"","keywords":["B\u00e9chir Akremi","Collectif de d\u00e9fense de Belaid et Brahmi","Ennahdha","\u064fKa\u00efs Sa\u00efed","Mohamed Jmour","Mustapha Kheder","Rached Ghannouchi","UGTT","Utica","Zubair Al-Shahoudi"],"articleSection":["A LA UNE","POLITIQUE","TRIBUNE","Tunisie"],"inLanguage":"fr-FR","potentialAction":[{"@type":"CommentAction","name":"Comment","target":["https:\/\/kapitalis.com\/tunisie\/2020\/07\/08\/tunisie-ennahdha-du-chaos-createur-au-saut-dans-le-vide\/#respond"]}]},{"@type":"WebPage","@id":"https:\/\/kapitalis.com\/tunisie\/2020\/07\/08\/tunisie-ennahdha-du-chaos-createur-au-saut-dans-le-vide\/","url":"https:\/\/kapitalis.com\/tunisie\/2020\/07\/08\/tunisie-ennahdha-du-chaos-createur-au-saut-dans-le-vide\/","name":"Tunisie : Ennahdha du \u00abchaos cr\u00e9ateur\u00bb au saut dans le vide - Kapitalis","isPartOf":{"@id":"https:\/\/kapitalis.com\/tunisie\/#website"},"primaryImageOfPage":{"@id":"https:\/\/kapitalis.com\/tunisie\/2020\/07\/08\/tunisie-ennahdha-du-chaos-createur-au-saut-dans-le-vide\/#primaryimage"},"image":{"@id":"https:\/\/kapitalis.com\/tunisie\/2020\/07\/08\/tunisie-ennahdha-du-chaos-createur-au-saut-dans-le-vide\/#primaryimage"},"thumbnailUrl":"","datePublished":"2020-07-08T16:35:33+00:00","dateModified":"2020-07-09T05:43:40+00:00","breadcrumb":{"@id":"https:\/\/kapitalis.com\/tunisie\/2020\/07\/08\/tunisie-ennahdha-du-chaos-createur-au-saut-dans-le-vide\/#breadcrumb"},"inLanguage":"fr-FR","potentialAction":[{"@type":"ReadAction","target":["https:\/\/kapitalis.com\/tunisie\/2020\/07\/08\/tunisie-ennahdha-du-chaos-createur-au-saut-dans-le-vide\/"]}]},{"@type":"ImageObject","inLanguage":"fr-FR","@id":"https:\/\/kapitalis.com\/tunisie\/2020\/07\/08\/tunisie-ennahdha-du-chaos-createur-au-saut-dans-le-vide\/#primaryimage","url":"","contentUrl":""},{"@type":"BreadcrumbList","@id":"https:\/\/kapitalis.com\/tunisie\/2020\/07\/08\/tunisie-ennahdha-du-chaos-createur-au-saut-dans-le-vide\/#breadcrumb","itemListElement":[{"@type":"ListItem","position":1,"name":"Accueil","item":"https:\/\/kapitalis.com\/tunisie\/"},{"@type":"ListItem","position":2,"name":"Tunisie : Ennahdha du \u00abchaos cr\u00e9ateur\u00bb au saut dans le vide"}]},{"@type":"WebSite","@id":"https:\/\/kapitalis.com\/tunisie\/#website","url":"https:\/\/kapitalis.com\/tunisie\/","name":"Kapitalis","description":"L&#039;actualit\u00e9 en Tunisie et dans le monde","publisher":{"@id":"https:\/\/kapitalis.com\/tunisie\/#organization"},"potentialAction":[{"@type":"SearchAction","target":{"@type":"EntryPoint","urlTemplate":"https:\/\/kapitalis.com\/tunisie\/?s={search_term_string}"},"query-input":{"@type":"PropertyValueSpecification","valueRequired":true,"valueName":"search_term_string"}}],"inLanguage":"fr-FR"},{"@type":"Organization","@id":"https:\/\/kapitalis.com\/tunisie\/#organization","name":"Kapitalis","url":"https:\/\/kapitalis.com\/tunisie\/","logo":{"@type":"ImageObject","inLanguage":"fr-FR","@id":"https:\/\/kapitalis.com\/tunisie\/#\/schema\/logo\/image\/","url":"https:\/\/kapitalis.com\/tunisie\/wp-content\/uploads\/2022\/05\/Kapitalis-big-size.png","contentUrl":"https:\/\/kapitalis.com\/tunisie\/wp-content\/uploads\/2022\/05\/Kapitalis-big-size.png","width":5000,"height":1500,"caption":"Kapitalis"},"image":{"@id":"https:\/\/kapitalis.com\/tunisie\/#\/schema\/logo\/image\/"},"sameAs":["https:\/\/www.facebook.com\/KapitalisInfo\/","https:\/\/x.com\/KapitalisInfo","https:\/\/www.youtube.com\/channel\/UC-yDYrHyfFBWWZaOw3FPg9Q"]},{"@type":"Person","@id":"https:\/\/kapitalis.com\/tunisie\/#\/schema\/person\/d71f33a9ca44f7bad4698210b480c8e9","name":"webmaster kapitalis","url":"https:\/\/kapitalis.com\/tunisie\/author\/webmaster-kapitalis\/"}]}},"_links":{"self":[{"href":"https:\/\/kapitalis.com\/tunisie\/wp-json\/wp\/v2\/posts\/307121","targetHints":{"allow":["GET"]}}],"collection":[{"href":"https:\/\/kapitalis.com\/tunisie\/wp-json\/wp\/v2\/posts"}],"about":[{"href":"https:\/\/kapitalis.com\/tunisie\/wp-json\/wp\/v2\/types\/post"}],"author":[{"embeddable":true,"href":"https:\/\/kapitalis.com\/tunisie\/wp-json\/wp\/v2\/users\/8"}],"replies":[{"embeddable":true,"href":"https:\/\/kapitalis.com\/tunisie\/wp-json\/wp\/v2\/comments?post=307121"}],"version-history":[{"count":0,"href":"https:\/\/kapitalis.com\/tunisie\/wp-json\/wp\/v2\/posts\/307121\/revisions"}],"wp:featuredmedia":[{"embeddable":true,"href":"https:\/\/kapitalis.com\/tunisie\/wp-json\/wp\/v2\/media\/307122"}],"wp:attachment":[{"href":"https:\/\/kapitalis.com\/tunisie\/wp-json\/wp\/v2\/media?parent=307121"}],"wp:term":[{"taxonomy":"category","embeddable":true,"href":"https:\/\/kapitalis.com\/tunisie\/wp-json\/wp\/v2\/categories?post=307121"},{"taxonomy":"post_tag","embeddable":true,"href":"https:\/\/kapitalis.com\/tunisie\/wp-json\/wp\/v2\/tags?post=307121"}],"curies":[{"name":"wp","href":"https:\/\/api.w.org\/{rel}","templated":true}]}}