{"id":307596,"date":"2020-07-12T09:10:47","date_gmt":"2020-07-12T08:10:47","guid":{"rendered":"http:\/\/kapitalis.com\/tunisie\/?p=307596"},"modified":"2020-07-12T09:10:48","modified_gmt":"2020-07-12T08:10:48","slug":"le-poeme-du-dimanche-le-navire-mystique-dantonin-artaud","status":"publish","type":"post","link":"https:\/\/kapitalis.com\/tunisie\/2020\/07\/12\/le-poeme-du-dimanche-le-navire-mystique-dantonin-artaud\/","title":{"rendered":"Le po\u00e8me du dimanche : \u2018\u2018Le navire mystique\u2019\u2019 d\u2019Antonin Artaud"},"content":{"rendered":"\n<figure class=\"wp-block-image size-large\"><img decoding=\"async\" src=\"http:\/\/kapitalis.com\/tunisie\/wp-content\/uploads\/2020\/07\/Antonin-Arthaud.jpg\" alt=\"\" class=\"wp-image-307597\"\/><\/figure>\n\n\n\n<p><strong><em>Antonin Artaud, n\u00e9 \u00e0 Marseille, le 4 septembre 1896 et mort \u00e0 Ivry-sur-Seine le 4 mars 1948, est un th\u00e9oricien du th\u00e9\u00e2tre, un acteur, \u00e9crivain, essayiste, dessinateur et po\u00e8te\u2026 maudit.<\/em><\/strong><\/p>\n\n\n\n<!--more-->\n\n\n\n<p>Inventeur du concept de <em>\u00abth\u00e9\u00e2tre de la cruaut\u00e9\u00bb <\/em>dans <em>\u2018\u2018Le Th\u00e9\u00e2tre et son double\u2019\u2019<\/em>, Artaud aura tent\u00e9 de transformer de fond en comble la litt\u00e9rature, le th\u00e9\u00e2tre et le cin\u00e9ma.<em> \u00abSans un \u00e9l\u00e9ment de cruaut\u00e9 \u00e0 la base de tout spectacle, le th\u00e9\u00e2tre n\u2019est pas possible. Dans l\u2019\u00e9tat de d\u00e9g\u00e9n\u00e9rescence o\u00f9 nous sommes c\u2019est par la peau qu\u2019on fera rentrer la m\u00e9taphysique dans les esprits\u00bb<\/em>, \u00e9crira-t-il.<\/p>\n\n\n\n<p>Par la po\u00e9sie, la mise en sc\u00e8ne, la drogue, les p\u00e8lerinages, le dessin et la radio, chacune de ces activit\u00e9s a \u00e9t\u00e9 un outil entre ses mains, un moyen pour atteindre un peu de la r\u00e9alit\u00e9 qui le fuit. Il combattra par de constantes injections de m\u00e9dications les maux de t\u00eate chroniques qui le taraudent depuis son adolescence. Cette omnipr\u00e9sence de la douleur influera sur ses relations comme sur sa cr\u00e9ation. Il sera intern\u00e9 en asile pendant pr\u00e8s de neuf ans, subissant de fr\u00e9quentes s\u00e9ries d\u2019\u00e9lectrochocs, et il passe les derni\u00e8res ann\u00e9es de sa vie dans des h\u00f4pitaux psychiatriques. Si ses d\u00e9s\u00e9quilibres mentaux ont rendu ses relations humaines difficiles, ils ont aussi contribu\u00e9 \u00e0 alimenter sa cr\u00e9ation.<\/p>\n\n\n\n<p>Il t\u00e9moignera de sa souffrance dans une lettre au docteur Latr\u00e9moli\u00e8re le 6 janvier 1945 : <em>\u00abL\u2019\u00e9lectrochoc, M. Latr\u00e9moli\u00e8re, me d\u00e9sesp\u00e8re, il m\u2019enl\u00e8ve la m\u00e9moire, il engourdit ma pens\u00e9e et mon c\u0153ur, il fait de moi un absent qui se conna\u00eet absent et se voit pendant des semaines \u00e0 la poursuite de son \u00eatre, comme un mort \u00e0 c\u00f4t\u00e9 d&rsquo;un vivant qui n\u2019est plus lui, qui exige sa venue et chez qui il ne peut entrer.\u00bb<\/em><\/p>\n\n\n\n<p><em>Il se sera perdu le navire archa\u00efque<br>Aux mers o\u00f9 baigneront mes r\u00eaves \u00e9perdus,<br>Et ses immenses m\u00e2ts se seront confondus<br>Dans les brouillards d&rsquo;un ciel de<br>Bible et de<br>Cantiques.<br>Et ce ne sera pas la grecque bucolique<br>Qui doucement jouera parmi les arbres nus ;<br>Et le<br>Navire<br>Saint n&rsquo;aura jamais vendu<br>La tr\u00e8s rare denr\u00e9e aux pays exotiques.<br>Il ne sait pas les feux des havres de la terre,<br>Il ne conna\u00eet que<br>Dieu, et sans fin, solitaire,<br>Il s\u00e9pare les flots glorieux de l&rsquo;Infini.<br>Le bout de son beaupr\u00e9 plonge dans le<br>Myst\u00e8re ;<br>Aux pointes de ses m\u00e2ts tremble toutes les nuits<br>L&rsquo;Argent mystique et pur de l&rsquo;\u00e9toile polaire.<\/em><\/p>\n\n\n\n<figure class=\"wp-block-embed-wordpress wp-block-embed is-type-wp-embed is-provider-kapitalis\"><div class=\"wp-block-embed__wrapper\">\n<blockquote class=\"wp-embedded-content\" data-secret=\"olk2aszsg4\"><a href=\"https:\/\/kapitalis.com\/tunisie\/2020\/07\/05\/le-poeme-du-dimanche-le-pont-mirabeau-de-guillaume-apollinaire\/\">Le po\u00e8me du dimanche : \u2018\u2018Le Pont Mirabeau\u2019\u2019 de Guillaume Apollinaire<\/a><\/blockquote><iframe loading=\"lazy\" class=\"wp-embedded-content\" sandbox=\"allow-scripts\" security=\"restricted\" style=\"position: absolute; clip: rect(1px, 1px, 1px, 1px);\" title=\"\u00ab\u00a0Le po\u00e8me du dimanche : \u2018\u2018Le Pont Mirabeau\u2019\u2019 de Guillaume Apollinaire\u00a0\u00bb &#8212; Kapitalis\" src=\"https:\/\/kapitalis.com\/tunisie\/2020\/07\/05\/le-poeme-du-dimanche-le-pont-mirabeau-de-guillaume-apollinaire\/embed\/#?secret=cQobW4Lbp1#?secret=olk2aszsg4\" data-secret=\"olk2aszsg4\" width=\"600\" height=\"338\" frameborder=\"0\" marginwidth=\"0\" marginheight=\"0\" scrolling=\"no\"><\/iframe>\n<\/div><\/figure>\n\n\n\n<figure class=\"wp-block-embed-wordpress wp-block-embed is-type-wp-embed is-provider-kapitalis\"><div class=\"wp-block-embed__wrapper\">\n<blockquote class=\"wp-embedded-content\" data-secret=\"pXVE7NFpdq\"><a href=\"https:\/\/kapitalis.com\/tunisie\/2018\/08\/12\/le-poeme-du-dimanche-les-poetes-de-louis-aragon\/\">Le po\u00e8me du dimanche : \u2018\u2018Les Po\u00e8tes\u2019\u2019 de Louis Aragon<\/a><\/blockquote><iframe loading=\"lazy\" class=\"wp-embedded-content\" sandbox=\"allow-scripts\" security=\"restricted\" style=\"position: absolute; clip: rect(1px, 1px, 1px, 1px);\" title=\"\u00ab\u00a0Le po\u00e8me du dimanche : \u2018\u2018Les Po\u00e8tes\u2019\u2019 de Louis Aragon\u00a0\u00bb &#8212; Kapitalis\" src=\"https:\/\/kapitalis.com\/tunisie\/2018\/08\/12\/le-poeme-du-dimanche-les-poetes-de-louis-aragon\/embed\/#?secret=PR72FrOMm6#?secret=pXVE7NFpdq\" data-secret=\"pXVE7NFpdq\" width=\"600\" height=\"338\" frameborder=\"0\" marginwidth=\"0\" marginheight=\"0\" scrolling=\"no\"><\/iframe>\n<\/div><\/figure>\n\n\n\n<figure class=\"wp-block-embed-wordpress wp-block-embed is-type-wp-embed is-provider-kapitalis\"><div class=\"wp-block-embed__wrapper\">\n<blockquote class=\"wp-embedded-content\" data-secret=\"ASDCWkyYI7\"><a href=\"https:\/\/kapitalis.com\/tunisie\/2018\/09\/16\/le-poeme-du-dimanche-liberte-de-paul-eluard\/\">Le po\u00e8me du dimanche : \u2018\u2018Libert\u00e9\u2019\u2019 de Paul Eluard<\/a><\/blockquote><iframe loading=\"lazy\" class=\"wp-embedded-content\" sandbox=\"allow-scripts\" security=\"restricted\" style=\"position: absolute; clip: rect(1px, 1px, 1px, 1px);\" title=\"\u00ab\u00a0Le po\u00e8me du dimanche : \u2018\u2018Libert\u00e9\u2019\u2019 de Paul Eluard\u00a0\u00bb &#8212; Kapitalis\" src=\"https:\/\/kapitalis.com\/tunisie\/2018\/09\/16\/le-poeme-du-dimanche-liberte-de-paul-eluard\/embed\/#?secret=EPi3Tpug0O#?secret=ASDCWkyYI7\" data-secret=\"ASDCWkyYI7\" width=\"600\" height=\"338\" frameborder=\"0\" marginwidth=\"0\" marginheight=\"0\" scrolling=\"no\"><\/iframe>\n<\/div><\/figure>\n","protected":false},"excerpt":{"rendered":"<p>Antonin Artaud, n\u00e9 \u00e0 Marseille, le 4 septembre 1896 et mort \u00e0 Ivry-sur-Seine le 4 mars 1948, est un th\u00e9oricien du th\u00e9\u00e2tre, un acteur, \u00e9crivain, essayiste, dessinateur et po\u00e8te\u2026 maudit.<\/p>\n","protected":false},"author":8,"featured_media":307597,"comment_status":"open","ping_status":"open","sticky":false,"template":"","format":"standard","meta":{"footnotes":""},"categories":[992,994],"tags":[80746,80747,80748],"class_list":["post-307596","post","type-post","status-publish","format-standard","has-post-thumbnail","hentry","category-a-la-une","category-culture","tag-antonin-artaud","tag-le-theatre-et-son-double","tag-theatre-de-la-cruaute"],"yoast_head":"<!-- This site is optimized with the Yoast SEO plugin v26.6 - https:\/\/yoast.com\/wordpress\/plugins\/seo\/ -->\n<title>Le po\u00e8me du dimanche : \u2018\u2018Le navire mystique\u2019\u2019 d\u2019Antonin Artaud - Kapitalis<\/title>\n<meta name=\"robots\" content=\"index, follow, max-snippet:-1, max-image-preview:large, max-video-preview:-1\" \/>\n<link rel=\"canonical\" href=\"https:\/\/kapitalis.com\/tunisie\/2020\/07\/12\/le-poeme-du-dimanche-le-navire-mystique-dantonin-artaud\/\" \/>\n<meta property=\"og:locale\" content=\"fr_FR\" \/>\n<meta property=\"og:type\" content=\"article\" \/>\n<meta property=\"og:title\" content=\"Le po\u00e8me du dimanche : \u2018\u2018Le navire mystique\u2019\u2019 d\u2019Antonin Artaud - Kapitalis\" \/>\n<meta property=\"og:description\" content=\"Antonin Artaud, n\u00e9 \u00e0 Marseille, le 4 septembre 1896 et mort \u00e0 Ivry-sur-Seine le 4 mars 1948, est un th\u00e9oricien du th\u00e9\u00e2tre, un acteur, \u00e9crivain, essayiste, dessinateur et po\u00e8te\u2026 maudit.\" \/>\n<meta property=\"og:url\" content=\"https:\/\/kapitalis.com\/tunisie\/2020\/07\/12\/le-poeme-du-dimanche-le-navire-mystique-dantonin-artaud\/\" \/>\n<meta property=\"og:site_name\" content=\"Kapitalis\" \/>\n<meta property=\"article:publisher\" content=\"https:\/\/www.facebook.com\/KapitalisInfo\/\" \/>\n<meta property=\"article:published_time\" content=\"2020-07-12T08:10:47+00:00\" \/>\n<meta property=\"article:modified_time\" content=\"2020-07-12T08:10:48+00:00\" \/>\n<meta property=\"og:image\" content=\"https:\/\/kapitalis.com\/tunisie\/wp-content\/uploads\/2022\/05\/kapitalis-logo-fb.png\" \/>\n\t<meta property=\"og:image:width\" content=\"1200\" \/>\n\t<meta property=\"og:image:height\" content=\"630\" \/>\n\t<meta property=\"og:image:type\" content=\"image\/png\" \/>\n<meta name=\"author\" content=\"webmaster kapitalis\" \/>\n<meta name=\"twitter:card\" content=\"summary_large_image\" \/>\n<meta name=\"twitter:creator\" content=\"@KapitalisInfo\" \/>\n<meta name=\"twitter:site\" content=\"@KapitalisInfo\" \/>\n<meta name=\"twitter:label1\" content=\"\u00c9crit par\" \/>\n\t<meta name=\"twitter:data1\" content=\"webmaster kapitalis\" \/>\n\t<meta name=\"twitter:label2\" content=\"Dur\u00e9e de lecture estim\u00e9e\" \/>\n\t<meta name=\"twitter:data2\" content=\"2 minutes\" \/>\n<script type=\"application\/ld+json\" class=\"yoast-schema-graph\">{\"@context\":\"https:\/\/schema.org\",\"@graph\":[{\"@type\":\"Article\",\"@id\":\"https:\/\/kapitalis.com\/tunisie\/2020\/07\/12\/le-poeme-du-dimanche-le-navire-mystique-dantonin-artaud\/#article\",\"isPartOf\":{\"@id\":\"https:\/\/kapitalis.com\/tunisie\/2020\/07\/12\/le-poeme-du-dimanche-le-navire-mystique-dantonin-artaud\/\"},\"author\":{\"name\":\"webmaster kapitalis\",\"@id\":\"https:\/\/kapitalis.com\/tunisie\/#\/schema\/person\/d71f33a9ca44f7bad4698210b480c8e9\"},\"headline\":\"Le po\u00e8me du dimanche : \u2018\u2018Le navire mystique\u2019\u2019 d\u2019Antonin Artaud\",\"datePublished\":\"2020-07-12T08:10:47+00:00\",\"dateModified\":\"2020-07-12T08:10:48+00:00\",\"mainEntityOfPage\":{\"@id\":\"https:\/\/kapitalis.com\/tunisie\/2020\/07\/12\/le-poeme-du-dimanche-le-navire-mystique-dantonin-artaud\/\"},\"wordCount\":466,\"commentCount\":1,\"publisher\":{\"@id\":\"https:\/\/kapitalis.com\/tunisie\/#organization\"},\"image\":{\"@id\":\"https:\/\/kapitalis.com\/tunisie\/2020\/07\/12\/le-poeme-du-dimanche-le-navire-mystique-dantonin-artaud\/#primaryimage\"},\"thumbnailUrl\":\"\",\"keywords\":[\"Antonin Artaud\",\"Le Th\u00e9\u00e2tre et son double\",\"th\u00e9\u00e2tre de la cruaut\u00e9\"],\"articleSection\":[\"A LA UNE\",\"CULTURE\"],\"inLanguage\":\"fr-FR\",\"potentialAction\":[{\"@type\":\"CommentAction\",\"name\":\"Comment\",\"target\":[\"https:\/\/kapitalis.com\/tunisie\/2020\/07\/12\/le-poeme-du-dimanche-le-navire-mystique-dantonin-artaud\/#respond\"]}]},{\"@type\":\"WebPage\",\"@id\":\"https:\/\/kapitalis.com\/tunisie\/2020\/07\/12\/le-poeme-du-dimanche-le-navire-mystique-dantonin-artaud\/\",\"url\":\"https:\/\/kapitalis.com\/tunisie\/2020\/07\/12\/le-poeme-du-dimanche-le-navire-mystique-dantonin-artaud\/\",\"name\":\"Le po\u00e8me du dimanche : \u2018\u2018Le navire mystique\u2019\u2019 d\u2019Antonin Artaud - Kapitalis\",\"isPartOf\":{\"@id\":\"https:\/\/kapitalis.com\/tunisie\/#website\"},\"primaryImageOfPage\":{\"@id\":\"https:\/\/kapitalis.com\/tunisie\/2020\/07\/12\/le-poeme-du-dimanche-le-navire-mystique-dantonin-artaud\/#primaryimage\"},\"image\":{\"@id\":\"https:\/\/kapitalis.com\/tunisie\/2020\/07\/12\/le-poeme-du-dimanche-le-navire-mystique-dantonin-artaud\/#primaryimage\"},\"thumbnailUrl\":\"\",\"datePublished\":\"2020-07-12T08:10:47+00:00\",\"dateModified\":\"2020-07-12T08:10:48+00:00\",\"breadcrumb\":{\"@id\":\"https:\/\/kapitalis.com\/tunisie\/2020\/07\/12\/le-poeme-du-dimanche-le-navire-mystique-dantonin-artaud\/#breadcrumb\"},\"inLanguage\":\"fr-FR\",\"potentialAction\":[{\"@type\":\"ReadAction\",\"target\":[\"https:\/\/kapitalis.com\/tunisie\/2020\/07\/12\/le-poeme-du-dimanche-le-navire-mystique-dantonin-artaud\/\"]}]},{\"@type\":\"ImageObject\",\"inLanguage\":\"fr-FR\",\"@id\":\"https:\/\/kapitalis.com\/tunisie\/2020\/07\/12\/le-poeme-du-dimanche-le-navire-mystique-dantonin-artaud\/#primaryimage\",\"url\":\"\",\"contentUrl\":\"\"},{\"@type\":\"BreadcrumbList\",\"@id\":\"https:\/\/kapitalis.com\/tunisie\/2020\/07\/12\/le-poeme-du-dimanche-le-navire-mystique-dantonin-artaud\/#breadcrumb\",\"itemListElement\":[{\"@type\":\"ListItem\",\"position\":1,\"name\":\"Accueil\",\"item\":\"https:\/\/kapitalis.com\/tunisie\/\"},{\"@type\":\"ListItem\",\"position\":2,\"name\":\"Le po\u00e8me du dimanche : \u2018\u2018Le navire mystique\u2019\u2019 d\u2019Antonin Artaud\"}]},{\"@type\":\"WebSite\",\"@id\":\"https:\/\/kapitalis.com\/tunisie\/#website\",\"url\":\"https:\/\/kapitalis.com\/tunisie\/\",\"name\":\"Kapitalis\",\"description\":\"L&#039;actualit\u00e9 en Tunisie et dans le monde\",\"publisher\":{\"@id\":\"https:\/\/kapitalis.com\/tunisie\/#organization\"},\"potentialAction\":[{\"@type\":\"SearchAction\",\"target\":{\"@type\":\"EntryPoint\",\"urlTemplate\":\"https:\/\/kapitalis.com\/tunisie\/?s={search_term_string}\"},\"query-input\":{\"@type\":\"PropertyValueSpecification\",\"valueRequired\":true,\"valueName\":\"search_term_string\"}}],\"inLanguage\":\"fr-FR\"},{\"@type\":\"Organization\",\"@id\":\"https:\/\/kapitalis.com\/tunisie\/#organization\",\"name\":\"Kapitalis\",\"url\":\"https:\/\/kapitalis.com\/tunisie\/\",\"logo\":{\"@type\":\"ImageObject\",\"inLanguage\":\"fr-FR\",\"@id\":\"https:\/\/kapitalis.com\/tunisie\/#\/schema\/logo\/image\/\",\"url\":\"https:\/\/kapitalis.com\/tunisie\/wp-content\/uploads\/2022\/05\/Kapitalis-big-size.png\",\"contentUrl\":\"https:\/\/kapitalis.com\/tunisie\/wp-content\/uploads\/2022\/05\/Kapitalis-big-size.png\",\"width\":5000,\"height\":1500,\"caption\":\"Kapitalis\"},\"image\":{\"@id\":\"https:\/\/kapitalis.com\/tunisie\/#\/schema\/logo\/image\/\"},\"sameAs\":[\"https:\/\/www.facebook.com\/KapitalisInfo\/\",\"https:\/\/x.com\/KapitalisInfo\",\"https:\/\/www.youtube.com\/channel\/UC-yDYrHyfFBWWZaOw3FPg9Q\"]},{\"@type\":\"Person\",\"@id\":\"https:\/\/kapitalis.com\/tunisie\/#\/schema\/person\/d71f33a9ca44f7bad4698210b480c8e9\",\"name\":\"webmaster kapitalis\",\"url\":\"https:\/\/kapitalis.com\/tunisie\/author\/webmaster-kapitalis\/\"}]}<\/script>\n<!-- \/ Yoast SEO plugin. -->","yoast_head_json":{"title":"Le po\u00e8me du dimanche : \u2018\u2018Le navire mystique\u2019\u2019 d\u2019Antonin Artaud - Kapitalis","robots":{"index":"index","follow":"follow","max-snippet":"max-snippet:-1","max-image-preview":"max-image-preview:large","max-video-preview":"max-video-preview:-1"},"canonical":"https:\/\/kapitalis.com\/tunisie\/2020\/07\/12\/le-poeme-du-dimanche-le-navire-mystique-dantonin-artaud\/","og_locale":"fr_FR","og_type":"article","og_title":"Le po\u00e8me du dimanche : \u2018\u2018Le navire mystique\u2019\u2019 d\u2019Antonin Artaud - Kapitalis","og_description":"Antonin Artaud, n\u00e9 \u00e0 Marseille, le 4 septembre 1896 et mort \u00e0 Ivry-sur-Seine le 4 mars 1948, est un th\u00e9oricien du th\u00e9\u00e2tre, un acteur, \u00e9crivain, essayiste, dessinateur et po\u00e8te\u2026 maudit.","og_url":"https:\/\/kapitalis.com\/tunisie\/2020\/07\/12\/le-poeme-du-dimanche-le-navire-mystique-dantonin-artaud\/","og_site_name":"Kapitalis","article_publisher":"https:\/\/www.facebook.com\/KapitalisInfo\/","article_published_time":"2020-07-12T08:10:47+00:00","article_modified_time":"2020-07-12T08:10:48+00:00","og_image":[{"width":1200,"height":630,"url":"https:\/\/kapitalis.com\/tunisie\/wp-content\/uploads\/2022\/05\/kapitalis-logo-fb.png","type":"image\/png"}],"author":"webmaster kapitalis","twitter_card":"summary_large_image","twitter_creator":"@KapitalisInfo","twitter_site":"@KapitalisInfo","twitter_misc":{"\u00c9crit par":"webmaster kapitalis","Dur\u00e9e de lecture estim\u00e9e":"2 minutes"},"schema":{"@context":"https:\/\/schema.org","@graph":[{"@type":"Article","@id":"https:\/\/kapitalis.com\/tunisie\/2020\/07\/12\/le-poeme-du-dimanche-le-navire-mystique-dantonin-artaud\/#article","isPartOf":{"@id":"https:\/\/kapitalis.com\/tunisie\/2020\/07\/12\/le-poeme-du-dimanche-le-navire-mystique-dantonin-artaud\/"},"author":{"name":"webmaster kapitalis","@id":"https:\/\/kapitalis.com\/tunisie\/#\/schema\/person\/d71f33a9ca44f7bad4698210b480c8e9"},"headline":"Le po\u00e8me du dimanche : \u2018\u2018Le navire mystique\u2019\u2019 d\u2019Antonin Artaud","datePublished":"2020-07-12T08:10:47+00:00","dateModified":"2020-07-12T08:10:48+00:00","mainEntityOfPage":{"@id":"https:\/\/kapitalis.com\/tunisie\/2020\/07\/12\/le-poeme-du-dimanche-le-navire-mystique-dantonin-artaud\/"},"wordCount":466,"commentCount":1,"publisher":{"@id":"https:\/\/kapitalis.com\/tunisie\/#organization"},"image":{"@id":"https:\/\/kapitalis.com\/tunisie\/2020\/07\/12\/le-poeme-du-dimanche-le-navire-mystique-dantonin-artaud\/#primaryimage"},"thumbnailUrl":"","keywords":["Antonin Artaud","Le Th\u00e9\u00e2tre et son double","th\u00e9\u00e2tre de la cruaut\u00e9"],"articleSection":["A LA UNE","CULTURE"],"inLanguage":"fr-FR","potentialAction":[{"@type":"CommentAction","name":"Comment","target":["https:\/\/kapitalis.com\/tunisie\/2020\/07\/12\/le-poeme-du-dimanche-le-navire-mystique-dantonin-artaud\/#respond"]}]},{"@type":"WebPage","@id":"https:\/\/kapitalis.com\/tunisie\/2020\/07\/12\/le-poeme-du-dimanche-le-navire-mystique-dantonin-artaud\/","url":"https:\/\/kapitalis.com\/tunisie\/2020\/07\/12\/le-poeme-du-dimanche-le-navire-mystique-dantonin-artaud\/","name":"Le po\u00e8me du dimanche : \u2018\u2018Le navire mystique\u2019\u2019 d\u2019Antonin Artaud - Kapitalis","isPartOf":{"@id":"https:\/\/kapitalis.com\/tunisie\/#website"},"primaryImageOfPage":{"@id":"https:\/\/kapitalis.com\/tunisie\/2020\/07\/12\/le-poeme-du-dimanche-le-navire-mystique-dantonin-artaud\/#primaryimage"},"image":{"@id":"https:\/\/kapitalis.com\/tunisie\/2020\/07\/12\/le-poeme-du-dimanche-le-navire-mystique-dantonin-artaud\/#primaryimage"},"thumbnailUrl":"","datePublished":"2020-07-12T08:10:47+00:00","dateModified":"2020-07-12T08:10:48+00:00","breadcrumb":{"@id":"https:\/\/kapitalis.com\/tunisie\/2020\/07\/12\/le-poeme-du-dimanche-le-navire-mystique-dantonin-artaud\/#breadcrumb"},"inLanguage":"fr-FR","potentialAction":[{"@type":"ReadAction","target":["https:\/\/kapitalis.com\/tunisie\/2020\/07\/12\/le-poeme-du-dimanche-le-navire-mystique-dantonin-artaud\/"]}]},{"@type":"ImageObject","inLanguage":"fr-FR","@id":"https:\/\/kapitalis.com\/tunisie\/2020\/07\/12\/le-poeme-du-dimanche-le-navire-mystique-dantonin-artaud\/#primaryimage","url":"","contentUrl":""},{"@type":"BreadcrumbList","@id":"https:\/\/kapitalis.com\/tunisie\/2020\/07\/12\/le-poeme-du-dimanche-le-navire-mystique-dantonin-artaud\/#breadcrumb","itemListElement":[{"@type":"ListItem","position":1,"name":"Accueil","item":"https:\/\/kapitalis.com\/tunisie\/"},{"@type":"ListItem","position":2,"name":"Le po\u00e8me du dimanche : \u2018\u2018Le navire mystique\u2019\u2019 d\u2019Antonin Artaud"}]},{"@type":"WebSite","@id":"https:\/\/kapitalis.com\/tunisie\/#website","url":"https:\/\/kapitalis.com\/tunisie\/","name":"Kapitalis","description":"L&#039;actualit\u00e9 en Tunisie et dans le monde","publisher":{"@id":"https:\/\/kapitalis.com\/tunisie\/#organization"},"potentialAction":[{"@type":"SearchAction","target":{"@type":"EntryPoint","urlTemplate":"https:\/\/kapitalis.com\/tunisie\/?s={search_term_string}"},"query-input":{"@type":"PropertyValueSpecification","valueRequired":true,"valueName":"search_term_string"}}],"inLanguage":"fr-FR"},{"@type":"Organization","@id":"https:\/\/kapitalis.com\/tunisie\/#organization","name":"Kapitalis","url":"https:\/\/kapitalis.com\/tunisie\/","logo":{"@type":"ImageObject","inLanguage":"fr-FR","@id":"https:\/\/kapitalis.com\/tunisie\/#\/schema\/logo\/image\/","url":"https:\/\/kapitalis.com\/tunisie\/wp-content\/uploads\/2022\/05\/Kapitalis-big-size.png","contentUrl":"https:\/\/kapitalis.com\/tunisie\/wp-content\/uploads\/2022\/05\/Kapitalis-big-size.png","width":5000,"height":1500,"caption":"Kapitalis"},"image":{"@id":"https:\/\/kapitalis.com\/tunisie\/#\/schema\/logo\/image\/"},"sameAs":["https:\/\/www.facebook.com\/KapitalisInfo\/","https:\/\/x.com\/KapitalisInfo","https:\/\/www.youtube.com\/channel\/UC-yDYrHyfFBWWZaOw3FPg9Q"]},{"@type":"Person","@id":"https:\/\/kapitalis.com\/tunisie\/#\/schema\/person\/d71f33a9ca44f7bad4698210b480c8e9","name":"webmaster kapitalis","url":"https:\/\/kapitalis.com\/tunisie\/author\/webmaster-kapitalis\/"}]}},"_links":{"self":[{"href":"https:\/\/kapitalis.com\/tunisie\/wp-json\/wp\/v2\/posts\/307596","targetHints":{"allow":["GET"]}}],"collection":[{"href":"https:\/\/kapitalis.com\/tunisie\/wp-json\/wp\/v2\/posts"}],"about":[{"href":"https:\/\/kapitalis.com\/tunisie\/wp-json\/wp\/v2\/types\/post"}],"author":[{"embeddable":true,"href":"https:\/\/kapitalis.com\/tunisie\/wp-json\/wp\/v2\/users\/8"}],"replies":[{"embeddable":true,"href":"https:\/\/kapitalis.com\/tunisie\/wp-json\/wp\/v2\/comments?post=307596"}],"version-history":[{"count":0,"href":"https:\/\/kapitalis.com\/tunisie\/wp-json\/wp\/v2\/posts\/307596\/revisions"}],"wp:featuredmedia":[{"embeddable":true,"href":"https:\/\/kapitalis.com\/tunisie\/wp-json\/wp\/v2\/media\/307597"}],"wp:attachment":[{"href":"https:\/\/kapitalis.com\/tunisie\/wp-json\/wp\/v2\/media?parent=307596"}],"wp:term":[{"taxonomy":"category","embeddable":true,"href":"https:\/\/kapitalis.com\/tunisie\/wp-json\/wp\/v2\/categories?post=307596"},{"taxonomy":"post_tag","embeddable":true,"href":"https:\/\/kapitalis.com\/tunisie\/wp-json\/wp\/v2\/tags?post=307596"}],"curies":[{"name":"wp","href":"https:\/\/api.w.org\/{rel}","templated":true}]}}