{"id":307630,"date":"2020-07-12T13:37:37","date_gmt":"2020-07-12T12:37:37","guid":{"rendered":"http:\/\/kapitalis.com\/tunisie\/?p=307630"},"modified":"2020-07-12T13:42:58","modified_gmt":"2020-07-12T12:42:58","slug":"307630","status":"publish","type":"post","link":"https:\/\/kapitalis.com\/tunisie\/2020\/07\/12\/307630\/","title":{"rendered":"Makhlouf : \u00abLes gens de Ben Gerdane sont les plus heureux car chez eux, il n\u2019y a pas d\u2019Etat\u00bb"},"content":{"rendered":"\n<figure class=\"wp-block-image size-large\"><img decoding=\"async\" src=\"http:\/\/kapitalis.com\/tunisie\/wp-content\/uploads\/2020\/07\/Makhlouf-Ghannouchi.jpg\" alt=\"\" class=\"wp-image-306304\"\/><figcaption><em>Seifeddine Makhlouf, le prot\u00e9g\u00e9 de Rached Ghannouchi.<\/em><\/figcaption><\/figure>\n\n\n\n<p><strong><em>La vid\u00e9o date de la campagne des \u00e9lections l\u00e9gislatives de 2019 qui ont donn\u00e9 lieu \u00e0 une Assembl\u00e9e balkanis\u00e9e. C\u2019\u00e9tait lors d\u2019un meeting de la Coalition pseudo-r\u00e9volutionnaire Al-Karama.<\/em><\/strong> <strong><em>Et Seifeddine Makhlouf y trahissait sa pens\u00e9e fortement hostile \u00e0 l&rsquo;Etat, incarnation de l&rsquo;ordre et du droit. <\/em><\/strong>  <\/p>\n\n\n\n<!--more-->\n\n\n\n<p><strong><a href=\"https:\/\/m.facebook.com\/story.php?story_fbid=3156295791068708&amp;id=205798946118422\" target=\"_blank\" aria-label=\"undefined (s\u2019ouvre dans un nouvel onglet)\" rel=\"noreferrer noopener\">Cette vid\u00e9o<\/a><\/strong> a refait surface hier soir, samedi 11 juillet 2020, suite aux \u00e9v\u00e9nements qui ont secou\u00e9 concomitamment l\u2019Assembl\u00e9e des repr\u00e9sentants du peuple (ARP), et dont Seifeddine Makhlouf, pr\u00e9sident du bloc Al-Karama, \u00e9tait le<em> \u00abh\u00e9ros\u00bb,<\/em> \u00a0et les villes de Remada et Tataouine, dans le \u00a0sud du pays, o\u00f9 des \u00e9meutes ont d\u00e9g\u00e9n\u00e9r\u00e9 en un mouvement insurrectionnel et de d\u00e9sob\u00e9issance civile.<\/p>\n\n\n\n<p>Les d\u00e9clarations de Makhlouf dans la fameuse vid\u00e9o sont \u00e9loquentes \u00e0 plus d\u2019un titre car elles r\u00e9v\u00e8lent le fond de la pens\u00e9e du d\u00e9put\u00e9 d\u00e9magogue qui ne fait pas myst\u00e8re de son hostilit\u00e9 \u00e0 l\u2019Etat et de sa d\u00e9fense de la contrebande.<em> \u00abAppelez-la contrebande, c\u2019est du commerce\u00bb<\/em>, dira-t-il. &nbsp;<\/p>\n\n\n\n<p>Ceci explique cela : Al-Karama a fait ses meilleurs scores aux l\u00e9gislatives dans ces r\u00e9gions du sud vivant, en partie, de la contrebande et des trafics de toutes sortes, et o\u00f9 la population a une forte d\u00e9testation de tout ce qui repr\u00e9sente l&rsquo;Etat, notamment les forces de police et de l&rsquo;arm\u00e9e.   <\/p>\n\n\n\n<p class=\"has-text-align-right\"><strong>I. B.<\/strong><\/p>\n\n\n\n<p><strong><em><a aria-label=\"undefined (s\u2019ouvre dans un nouvel onglet)\" href=\"https:\/\/m.facebook.com\/story.php?story_fbid=3156295791068708&amp;id=205798946118422\" target=\"_blank\" rel=\"noreferrer noopener\">Voir la vid\u00e9o.<\/a><\/em><\/strong><\/p>\n\n\n\n<figure class=\"wp-block-embed-wordpress wp-block-embed is-type-wp-embed is-provider-kapitalis\"><div class=\"wp-block-embed__wrapper\">\n<blockquote class=\"wp-embedded-content\" data-secret=\"7lXEqgNVFa\"><a href=\"https:\/\/kapitalis.com\/tunisie\/2019\/10\/09\/interroge-sur-ses-declarations-a-propos-de-ben-guerdane-makhlouf-semporte-et-quitte-le-plateau-de-diwan-fm-video\/\">Interrog\u00e9 sur ses d\u00e9clarations \u00e0 propos de Ben Guerdane, Makhlouf s&#8217;emporte et quitte le plateau de Diwan FM (vid\u00e9o)<\/a><\/blockquote><iframe loading=\"lazy\" class=\"wp-embedded-content\" sandbox=\"allow-scripts\" security=\"restricted\" style=\"position: absolute; clip: rect(1px, 1px, 1px, 1px);\" title=\"\u00ab\u00a0Interrog\u00e9 sur ses d\u00e9clarations \u00e0 propos de Ben Guerdane, Makhlouf s&#8217;emporte et quitte le plateau de Diwan FM (vid\u00e9o)\u00a0\u00bb &#8212; Kapitalis\" src=\"https:\/\/kapitalis.com\/tunisie\/2019\/10\/09\/interroge-sur-ses-declarations-a-propos-de-ben-guerdane-makhlouf-semporte-et-quitte-le-plateau-de-diwan-fm-video\/embed\/#?secret=gSzl35xIek#?secret=7lXEqgNVFa\" data-secret=\"7lXEqgNVFa\" width=\"600\" height=\"338\" frameborder=\"0\" marginwidth=\"0\" marginheight=\"0\" scrolling=\"no\"><\/iframe>\n<\/div><\/figure>\n\n\n\n<figure class=\"wp-block-embed-wordpress wp-block-embed is-type-wp-embed is-provider-kapitalis\"><div class=\"wp-block-embed__wrapper\">\n<blockquote class=\"wp-embedded-content\" data-secret=\"kcSwmrgox2\"><a href=\"https:\/\/kapitalis.com\/tunisie\/2019\/10\/04\/le-monde-ideal-pour-le-candidat-aux-legislatives-lavocat-seifeddine-makhlouf-une-vie-sans-droit-ni-loi-video\/\">Le monde id\u00e9al pour le candidat aux l\u00e9gislatives, l&rsquo;avocat Seifeddine Makhlouf : Une vie sans droit ni loi  ! (vid\u00e9o)<\/a><\/blockquote><iframe loading=\"lazy\" class=\"wp-embedded-content\" sandbox=\"allow-scripts\" security=\"restricted\" style=\"position: absolute; clip: rect(1px, 1px, 1px, 1px);\" title=\"\u00ab\u00a0Le monde id\u00e9al pour le candidat aux l\u00e9gislatives, l&rsquo;avocat Seifeddine Makhlouf : Une vie sans droit ni loi  ! (vid\u00e9o)\u00a0\u00bb &#8212; Kapitalis\" src=\"https:\/\/kapitalis.com\/tunisie\/2019\/10\/04\/le-monde-ideal-pour-le-candidat-aux-legislatives-lavocat-seifeddine-makhlouf-une-vie-sans-droit-ni-loi-video\/embed\/#?secret=c8ssEQZAsz#?secret=kcSwmrgox2\" data-secret=\"kcSwmrgox2\" width=\"600\" height=\"338\" frameborder=\"0\" marginwidth=\"0\" marginheight=\"0\" scrolling=\"no\"><\/iframe>\n<\/div><\/figure>\n","protected":false},"excerpt":{"rendered":"<p>La vid\u00e9o date de la campagne des \u00e9lections l\u00e9gislatives de 2019 qui ont donn\u00e9 lieu \u00e0 une Assembl\u00e9e balkanis\u00e9e. C\u2019\u00e9tait lors d\u2019un meeting de la Coalition pseudo-r\u00e9volutionnaire Al-Karama. Et Seifeddine Makhlouf y trahissait sa pens\u00e9e fortement hostile \u00e0 l&rsquo;Etat, incarnation de l&rsquo;ordre et du droit.<\/p>\n","protected":false},"author":8,"featured_media":307631,"comment_status":"open","ping_status":"open","sticky":false,"template":"","format":"standard","meta":{"footnotes":""},"categories":[997,2433],"tags":[76464,1818,758,3061,8752,1126],"class_list":["post-307630","post","type-post","status-publish","format-standard","has-post-thumbnail","hentry","category-politique","category-tunisie","tag-al-karama-2","tag-ben-guerdane","tag-rached-ghannouchi","tag-remada","tag-seifeddine-makhlouf","tag-tataouine"],"yoast_head":"<!-- This site is optimized with the Yoast SEO plugin v26.6 - https:\/\/yoast.com\/wordpress\/plugins\/seo\/ -->\n<title>Makhlouf : \u00abLes gens de Ben Gerdane sont les plus heureux car chez eux, il n\u2019y a pas d\u2019Etat\u00bb - Kapitalis<\/title>\n<meta name=\"robots\" content=\"index, follow, max-snippet:-1, max-image-preview:large, max-video-preview:-1\" \/>\n<link rel=\"canonical\" href=\"https:\/\/kapitalis.com\/tunisie\/2020\/07\/12\/307630\/\" \/>\n<meta property=\"og:locale\" content=\"fr_FR\" \/>\n<meta property=\"og:type\" content=\"article\" \/>\n<meta property=\"og:title\" content=\"Makhlouf : \u00abLes gens de Ben Gerdane sont les plus heureux car chez eux, il n\u2019y a pas d\u2019Etat\u00bb - Kapitalis\" \/>\n<meta property=\"og:description\" content=\"La vid\u00e9o date de la campagne des \u00e9lections l\u00e9gislatives de 2019 qui ont donn\u00e9 lieu \u00e0 une Assembl\u00e9e balkanis\u00e9e. C\u2019\u00e9tait lors d\u2019un meeting de la Coalition pseudo-r\u00e9volutionnaire Al-Karama. Et Seifeddine Makhlouf y trahissait sa pens\u00e9e fortement hostile \u00e0 l&rsquo;Etat, incarnation de l&rsquo;ordre et du droit.\" \/>\n<meta property=\"og:url\" content=\"https:\/\/kapitalis.com\/tunisie\/2020\/07\/12\/307630\/\" \/>\n<meta property=\"og:site_name\" content=\"Kapitalis\" \/>\n<meta property=\"article:publisher\" content=\"https:\/\/www.facebook.com\/KapitalisInfo\/\" \/>\n<meta property=\"article:published_time\" content=\"2020-07-12T12:37:37+00:00\" \/>\n<meta property=\"article:modified_time\" content=\"2020-07-12T12:42:58+00:00\" \/>\n<meta property=\"og:image\" content=\"https:\/\/kapitalis.com\/tunisie\/wp-content\/uploads\/2022\/05\/kapitalis-logo-fb.png\" \/>\n\t<meta property=\"og:image:width\" content=\"1200\" \/>\n\t<meta property=\"og:image:height\" content=\"630\" \/>\n\t<meta property=\"og:image:type\" content=\"image\/png\" \/>\n<meta name=\"author\" content=\"webmaster kapitalis\" \/>\n<meta name=\"twitter:card\" content=\"summary_large_image\" \/>\n<meta name=\"twitter:creator\" content=\"@KapitalisInfo\" \/>\n<meta name=\"twitter:site\" content=\"@KapitalisInfo\" \/>\n<meta name=\"twitter:label1\" content=\"\u00c9crit par\" \/>\n\t<meta name=\"twitter:data1\" content=\"webmaster kapitalis\" \/>\n\t<meta name=\"twitter:label2\" content=\"Dur\u00e9e de lecture estim\u00e9e\" \/>\n\t<meta name=\"twitter:data2\" content=\"1 minute\" \/>\n<script type=\"application\/ld+json\" class=\"yoast-schema-graph\">{\"@context\":\"https:\/\/schema.org\",\"@graph\":[{\"@type\":\"Article\",\"@id\":\"https:\/\/kapitalis.com\/tunisie\/2020\/07\/12\/307630\/#article\",\"isPartOf\":{\"@id\":\"https:\/\/kapitalis.com\/tunisie\/2020\/07\/12\/307630\/\"},\"author\":{\"name\":\"webmaster kapitalis\",\"@id\":\"https:\/\/kapitalis.com\/tunisie\/#\/schema\/person\/d71f33a9ca44f7bad4698210b480c8e9\"},\"headline\":\"Makhlouf : \u00abLes gens de Ben Gerdane sont les plus heureux car chez eux, il n\u2019y a pas d\u2019Etat\u00bb\",\"datePublished\":\"2020-07-12T12:37:37+00:00\",\"dateModified\":\"2020-07-12T12:42:58+00:00\",\"mainEntityOfPage\":{\"@id\":\"https:\/\/kapitalis.com\/tunisie\/2020\/07\/12\/307630\/\"},\"wordCount\":278,\"commentCount\":3,\"publisher\":{\"@id\":\"https:\/\/kapitalis.com\/tunisie\/#organization\"},\"image\":{\"@id\":\"https:\/\/kapitalis.com\/tunisie\/2020\/07\/12\/307630\/#primaryimage\"},\"thumbnailUrl\":\"\",\"keywords\":[\"Al-Karama\",\"Ben Guerdane\",\"Rached Ghannouchi\",\"Remada\",\"Seifeddine Makhlouf\",\"Tataouine\"],\"articleSection\":[\"POLITIQUE\",\"Tunisie\"],\"inLanguage\":\"fr-FR\",\"potentialAction\":[{\"@type\":\"CommentAction\",\"name\":\"Comment\",\"target\":[\"https:\/\/kapitalis.com\/tunisie\/2020\/07\/12\/307630\/#respond\"]}]},{\"@type\":\"WebPage\",\"@id\":\"https:\/\/kapitalis.com\/tunisie\/2020\/07\/12\/307630\/\",\"url\":\"https:\/\/kapitalis.com\/tunisie\/2020\/07\/12\/307630\/\",\"name\":\"Makhlouf : \u00abLes gens de Ben Gerdane sont les plus heureux car chez eux, il n\u2019y a pas d\u2019Etat\u00bb - Kapitalis\",\"isPartOf\":{\"@id\":\"https:\/\/kapitalis.com\/tunisie\/#website\"},\"primaryImageOfPage\":{\"@id\":\"https:\/\/kapitalis.com\/tunisie\/2020\/07\/12\/307630\/#primaryimage\"},\"image\":{\"@id\":\"https:\/\/kapitalis.com\/tunisie\/2020\/07\/12\/307630\/#primaryimage\"},\"thumbnailUrl\":\"\",\"datePublished\":\"2020-07-12T12:37:37+00:00\",\"dateModified\":\"2020-07-12T12:42:58+00:00\",\"breadcrumb\":{\"@id\":\"https:\/\/kapitalis.com\/tunisie\/2020\/07\/12\/307630\/#breadcrumb\"},\"inLanguage\":\"fr-FR\",\"potentialAction\":[{\"@type\":\"ReadAction\",\"target\":[\"https:\/\/kapitalis.com\/tunisie\/2020\/07\/12\/307630\/\"]}]},{\"@type\":\"ImageObject\",\"inLanguage\":\"fr-FR\",\"@id\":\"https:\/\/kapitalis.com\/tunisie\/2020\/07\/12\/307630\/#primaryimage\",\"url\":\"\",\"contentUrl\":\"\"},{\"@type\":\"BreadcrumbList\",\"@id\":\"https:\/\/kapitalis.com\/tunisie\/2020\/07\/12\/307630\/#breadcrumb\",\"itemListElement\":[{\"@type\":\"ListItem\",\"position\":1,\"name\":\"Accueil\",\"item\":\"https:\/\/kapitalis.com\/tunisie\/\"},{\"@type\":\"ListItem\",\"position\":2,\"name\":\"Makhlouf : \u00abLes gens de Ben Gerdane sont les plus heureux car chez eux, il n\u2019y a pas d\u2019Etat\u00bb\"}]},{\"@type\":\"WebSite\",\"@id\":\"https:\/\/kapitalis.com\/tunisie\/#website\",\"url\":\"https:\/\/kapitalis.com\/tunisie\/\",\"name\":\"Kapitalis\",\"description\":\"L&#039;actualit\u00e9 en Tunisie et dans le monde\",\"publisher\":{\"@id\":\"https:\/\/kapitalis.com\/tunisie\/#organization\"},\"potentialAction\":[{\"@type\":\"SearchAction\",\"target\":{\"@type\":\"EntryPoint\",\"urlTemplate\":\"https:\/\/kapitalis.com\/tunisie\/?s={search_term_string}\"},\"query-input\":{\"@type\":\"PropertyValueSpecification\",\"valueRequired\":true,\"valueName\":\"search_term_string\"}}],\"inLanguage\":\"fr-FR\"},{\"@type\":\"Organization\",\"@id\":\"https:\/\/kapitalis.com\/tunisie\/#organization\",\"name\":\"Kapitalis\",\"url\":\"https:\/\/kapitalis.com\/tunisie\/\",\"logo\":{\"@type\":\"ImageObject\",\"inLanguage\":\"fr-FR\",\"@id\":\"https:\/\/kapitalis.com\/tunisie\/#\/schema\/logo\/image\/\",\"url\":\"https:\/\/kapitalis.com\/tunisie\/wp-content\/uploads\/2022\/05\/Kapitalis-big-size.png\",\"contentUrl\":\"https:\/\/kapitalis.com\/tunisie\/wp-content\/uploads\/2022\/05\/Kapitalis-big-size.png\",\"width\":5000,\"height\":1500,\"caption\":\"Kapitalis\"},\"image\":{\"@id\":\"https:\/\/kapitalis.com\/tunisie\/#\/schema\/logo\/image\/\"},\"sameAs\":[\"https:\/\/www.facebook.com\/KapitalisInfo\/\",\"https:\/\/x.com\/KapitalisInfo\",\"https:\/\/www.youtube.com\/channel\/UC-yDYrHyfFBWWZaOw3FPg9Q\"]},{\"@type\":\"Person\",\"@id\":\"https:\/\/kapitalis.com\/tunisie\/#\/schema\/person\/d71f33a9ca44f7bad4698210b480c8e9\",\"name\":\"webmaster kapitalis\",\"url\":\"https:\/\/kapitalis.com\/tunisie\/author\/webmaster-kapitalis\/\"}]}<\/script>\n<!-- \/ Yoast SEO plugin. -->","yoast_head_json":{"title":"Makhlouf : \u00abLes gens de Ben Gerdane sont les plus heureux car chez eux, il n\u2019y a pas d\u2019Etat\u00bb - Kapitalis","robots":{"index":"index","follow":"follow","max-snippet":"max-snippet:-1","max-image-preview":"max-image-preview:large","max-video-preview":"max-video-preview:-1"},"canonical":"https:\/\/kapitalis.com\/tunisie\/2020\/07\/12\/307630\/","og_locale":"fr_FR","og_type":"article","og_title":"Makhlouf : \u00abLes gens de Ben Gerdane sont les plus heureux car chez eux, il n\u2019y a pas d\u2019Etat\u00bb - Kapitalis","og_description":"La vid\u00e9o date de la campagne des \u00e9lections l\u00e9gislatives de 2019 qui ont donn\u00e9 lieu \u00e0 une Assembl\u00e9e balkanis\u00e9e. C\u2019\u00e9tait lors d\u2019un meeting de la Coalition pseudo-r\u00e9volutionnaire Al-Karama. Et Seifeddine Makhlouf y trahissait sa pens\u00e9e fortement hostile \u00e0 l&rsquo;Etat, incarnation de l&rsquo;ordre et du droit.","og_url":"https:\/\/kapitalis.com\/tunisie\/2020\/07\/12\/307630\/","og_site_name":"Kapitalis","article_publisher":"https:\/\/www.facebook.com\/KapitalisInfo\/","article_published_time":"2020-07-12T12:37:37+00:00","article_modified_time":"2020-07-12T12:42:58+00:00","og_image":[{"width":1200,"height":630,"url":"https:\/\/kapitalis.com\/tunisie\/wp-content\/uploads\/2022\/05\/kapitalis-logo-fb.png","type":"image\/png"}],"author":"webmaster kapitalis","twitter_card":"summary_large_image","twitter_creator":"@KapitalisInfo","twitter_site":"@KapitalisInfo","twitter_misc":{"\u00c9crit par":"webmaster kapitalis","Dur\u00e9e de lecture estim\u00e9e":"1 minute"},"schema":{"@context":"https:\/\/schema.org","@graph":[{"@type":"Article","@id":"https:\/\/kapitalis.com\/tunisie\/2020\/07\/12\/307630\/#article","isPartOf":{"@id":"https:\/\/kapitalis.com\/tunisie\/2020\/07\/12\/307630\/"},"author":{"name":"webmaster kapitalis","@id":"https:\/\/kapitalis.com\/tunisie\/#\/schema\/person\/d71f33a9ca44f7bad4698210b480c8e9"},"headline":"Makhlouf : \u00abLes gens de Ben Gerdane sont les plus heureux car chez eux, il n\u2019y a pas d\u2019Etat\u00bb","datePublished":"2020-07-12T12:37:37+00:00","dateModified":"2020-07-12T12:42:58+00:00","mainEntityOfPage":{"@id":"https:\/\/kapitalis.com\/tunisie\/2020\/07\/12\/307630\/"},"wordCount":278,"commentCount":3,"publisher":{"@id":"https:\/\/kapitalis.com\/tunisie\/#organization"},"image":{"@id":"https:\/\/kapitalis.com\/tunisie\/2020\/07\/12\/307630\/#primaryimage"},"thumbnailUrl":"","keywords":["Al-Karama","Ben Guerdane","Rached Ghannouchi","Remada","Seifeddine Makhlouf","Tataouine"],"articleSection":["POLITIQUE","Tunisie"],"inLanguage":"fr-FR","potentialAction":[{"@type":"CommentAction","name":"Comment","target":["https:\/\/kapitalis.com\/tunisie\/2020\/07\/12\/307630\/#respond"]}]},{"@type":"WebPage","@id":"https:\/\/kapitalis.com\/tunisie\/2020\/07\/12\/307630\/","url":"https:\/\/kapitalis.com\/tunisie\/2020\/07\/12\/307630\/","name":"Makhlouf : \u00abLes gens de Ben Gerdane sont les plus heureux car chez eux, il n\u2019y a pas d\u2019Etat\u00bb - Kapitalis","isPartOf":{"@id":"https:\/\/kapitalis.com\/tunisie\/#website"},"primaryImageOfPage":{"@id":"https:\/\/kapitalis.com\/tunisie\/2020\/07\/12\/307630\/#primaryimage"},"image":{"@id":"https:\/\/kapitalis.com\/tunisie\/2020\/07\/12\/307630\/#primaryimage"},"thumbnailUrl":"","datePublished":"2020-07-12T12:37:37+00:00","dateModified":"2020-07-12T12:42:58+00:00","breadcrumb":{"@id":"https:\/\/kapitalis.com\/tunisie\/2020\/07\/12\/307630\/#breadcrumb"},"inLanguage":"fr-FR","potentialAction":[{"@type":"ReadAction","target":["https:\/\/kapitalis.com\/tunisie\/2020\/07\/12\/307630\/"]}]},{"@type":"ImageObject","inLanguage":"fr-FR","@id":"https:\/\/kapitalis.com\/tunisie\/2020\/07\/12\/307630\/#primaryimage","url":"","contentUrl":""},{"@type":"BreadcrumbList","@id":"https:\/\/kapitalis.com\/tunisie\/2020\/07\/12\/307630\/#breadcrumb","itemListElement":[{"@type":"ListItem","position":1,"name":"Accueil","item":"https:\/\/kapitalis.com\/tunisie\/"},{"@type":"ListItem","position":2,"name":"Makhlouf : \u00abLes gens de Ben Gerdane sont les plus heureux car chez eux, il n\u2019y a pas d\u2019Etat\u00bb"}]},{"@type":"WebSite","@id":"https:\/\/kapitalis.com\/tunisie\/#website","url":"https:\/\/kapitalis.com\/tunisie\/","name":"Kapitalis","description":"L&#039;actualit\u00e9 en Tunisie et dans le monde","publisher":{"@id":"https:\/\/kapitalis.com\/tunisie\/#organization"},"potentialAction":[{"@type":"SearchAction","target":{"@type":"EntryPoint","urlTemplate":"https:\/\/kapitalis.com\/tunisie\/?s={search_term_string}"},"query-input":{"@type":"PropertyValueSpecification","valueRequired":true,"valueName":"search_term_string"}}],"inLanguage":"fr-FR"},{"@type":"Organization","@id":"https:\/\/kapitalis.com\/tunisie\/#organization","name":"Kapitalis","url":"https:\/\/kapitalis.com\/tunisie\/","logo":{"@type":"ImageObject","inLanguage":"fr-FR","@id":"https:\/\/kapitalis.com\/tunisie\/#\/schema\/logo\/image\/","url":"https:\/\/kapitalis.com\/tunisie\/wp-content\/uploads\/2022\/05\/Kapitalis-big-size.png","contentUrl":"https:\/\/kapitalis.com\/tunisie\/wp-content\/uploads\/2022\/05\/Kapitalis-big-size.png","width":5000,"height":1500,"caption":"Kapitalis"},"image":{"@id":"https:\/\/kapitalis.com\/tunisie\/#\/schema\/logo\/image\/"},"sameAs":["https:\/\/www.facebook.com\/KapitalisInfo\/","https:\/\/x.com\/KapitalisInfo","https:\/\/www.youtube.com\/channel\/UC-yDYrHyfFBWWZaOw3FPg9Q"]},{"@type":"Person","@id":"https:\/\/kapitalis.com\/tunisie\/#\/schema\/person\/d71f33a9ca44f7bad4698210b480c8e9","name":"webmaster kapitalis","url":"https:\/\/kapitalis.com\/tunisie\/author\/webmaster-kapitalis\/"}]}},"_links":{"self":[{"href":"https:\/\/kapitalis.com\/tunisie\/wp-json\/wp\/v2\/posts\/307630","targetHints":{"allow":["GET"]}}],"collection":[{"href":"https:\/\/kapitalis.com\/tunisie\/wp-json\/wp\/v2\/posts"}],"about":[{"href":"https:\/\/kapitalis.com\/tunisie\/wp-json\/wp\/v2\/types\/post"}],"author":[{"embeddable":true,"href":"https:\/\/kapitalis.com\/tunisie\/wp-json\/wp\/v2\/users\/8"}],"replies":[{"embeddable":true,"href":"https:\/\/kapitalis.com\/tunisie\/wp-json\/wp\/v2\/comments?post=307630"}],"version-history":[{"count":0,"href":"https:\/\/kapitalis.com\/tunisie\/wp-json\/wp\/v2\/posts\/307630\/revisions"}],"wp:featuredmedia":[{"embeddable":true,"href":"https:\/\/kapitalis.com\/tunisie\/wp-json\/wp\/v2\/media\/307631"}],"wp:attachment":[{"href":"https:\/\/kapitalis.com\/tunisie\/wp-json\/wp\/v2\/media?parent=307630"}],"wp:term":[{"taxonomy":"category","embeddable":true,"href":"https:\/\/kapitalis.com\/tunisie\/wp-json\/wp\/v2\/categories?post=307630"},{"taxonomy":"post_tag","embeddable":true,"href":"https:\/\/kapitalis.com\/tunisie\/wp-json\/wp\/v2\/tags?post=307630"}],"curies":[{"name":"wp","href":"https:\/\/api.w.org\/{rel}","templated":true}]}}