{"id":307666,"date":"2020-07-13T09:24:12","date_gmt":"2020-07-13T08:24:12","guid":{"rendered":"http:\/\/kapitalis.com\/tunisie\/?p=307666"},"modified":"2020-07-13T09:25:27","modified_gmt":"2020-07-13T08:25:27","slug":"attayar-ne-sait-plus-sur-quel-pied-danser","status":"publish","type":"post","link":"https:\/\/kapitalis.com\/tunisie\/2020\/07\/13\/attayar-ne-sait-plus-sur-quel-pied-danser\/","title":{"rendered":"Attayar ne sait plus sur quel pied danser ?"},"content":{"rendered":"\n<figure class=\"wp-block-image size-large\"><img decoding=\"async\" src=\"http:\/\/kapitalis.com\/tunisie\/wp-content\/uploads\/2020\/02\/ghannouchi-abbou.jpg\" alt=\"\" class=\"wp-image-281825\"\/><figcaption><em>Rached Ghannouchi &#8211; Mohamed Abbou : il n&rsquo;y a pas d&rsquo;amour, il y a des preuves d&rsquo;amour. <\/em><\/figcaption><\/figure>\n\n\n\n<p><strong><em>Depuis qu\u2019il a int\u00e9gr\u00e9 le gouvernement, o\u00f9 il compte un ministre d\u2019Etat et trois ministres, le parti Attayar (Courant d\u00e9mocrate) semble prendre go\u00fbt au pouvoir, \u00e0 tel point que ses positions deviennent ambigu\u00ebs et illisibles, m\u00eame pour ses partisans.<\/em><\/strong><\/p>\n\n\n\n<p>Par <strong>Ridha Kefi<\/strong><\/p>\n\n\n\n<!--more-->\n\n\n\n<div class=\"wp-block-image\"><figure class=\"alignleft size-large\"><img decoding=\"async\" src=\"http:\/\/kapitalis.com\/tunisie\/wp-content\/uploads\/2019\/03\/Ridha-Kefi.jpg\" alt=\"\" class=\"wp-image-203122\"\/><\/figure><\/div>\n\n\n\n<p>Attayar est visiblement tr\u00e8s g\u00ean\u00e9 par l\u2019affaire de conflits d\u2019int\u00e9r\u00eats \u00e9claboussant le chef du gouvernement Ely\u00e8s Fakhfakh car elle interpelle l\u2019un des sujets de pr\u00e9dilection de ses dirigeants et le th\u00e8me centrale de sa derni\u00e8re campagne \u00e9lectorale&nbsp;: la r\u00e9forme de la gouvernance publique et la lutte contre la corruption.<\/p>\n\n\n\n<h3 class=\"wp-block-heading\">Noyer le poisson de l\u2019affaire Fakhfakh Gate<\/h3>\n\n\n\n<p>Mohamed Abbou et ses camarades sont si attach\u00e9s \u00e0 leurs postes qu\u2019ils semblent exclure toute possibilit\u00e9 de d\u00e9mission de M. Fakhfakh ou de retrait de la confiance \u00e0 son gouvernement. D\u2019ailleurs, ils louvoient, multiplient les d\u00e9clarations soporifiques dont le seul objectif est de noyer le poisson de l\u2019affaire Fakhfakh Gate dans les eaux troubles des enqu\u00eates, dont ils savent d\u2019avance qu\u2019elles se perdront en conjectures et n\u2019aboutiront \u00e0 aucune conclusion tranchante.<\/p>\n\n\n\n<p>Attayar semble aussi plus pr\u00e9occup\u00e9 \u00e0 guerroyer contre Abir Moussi et \u00e0 prendre ses distance vis-\u00e0-vis d&rsquo;elle, de fa\u00e7on \u00e0 plaire aux islamistes, les irr\u00e9ductibles ennemis de la pr\u00e9sidente du Parti destourien libre (PDL),\u00a0que de s\u2019impliquer dans le processus de retrait de confiance \u00e0 Rached Ghannouchi, pr\u00e9sident de l\u2019Assembl\u00e9e des repr\u00e9sentants du peuple (ARP), auteur de nombreux d\u00e9passements de ses pr\u00e9rogatives et qui se comporte toujours comme pr\u00e9sident d\u2019Ennahdha et comme d\u00e9fenseur des int\u00e9r\u00eats de l\u2019Organisation internationale des Fr\u00e8res musulmans, de la Turquie et du Qatar, que comme pr\u00e9sident du parlement tunisien.<\/p>\n\n\n\n<h3 class=\"wp-block-heading\">Cap sur les petits marchandages politiciens<\/h3>\n\n\n\n<p>Dans cette affaire, M. Abbou et ses coll\u00e8gues sont m\u00eame en train d\u2019abandonner le plan des principes, dont ils se sont toujours gargaris\u00e9s, pour celui des petits marchandages politiciens.<\/p>\n\n\n\n<p>En effet, ils sont en train de d\u00e9solidariser des autres blocs parlementaires \u0153uvrant pour le retrait de confiance \u00e0 Rached Ghannouchi pour voler au secours de ce dernier, en contrepartie d\u2019un abandon, par Ennahdha, de son projet de retrait de confiance \u00e0 Elyes Fakhfakh et de constitution d\u2019un nouveau gouvernement.<\/p>\n\n\n\n<p>Realpolitik&nbsp;? Pragmatisme&nbsp;? Int\u00e9r\u00eat bien compris&nbsp;? Cette posture d\u2019Attayar peut \u00eatre qualifi\u00e9e, plus cr\u00fbment, d\u2019opportunisme, de compromission et de trahison des principes sur lesquels il a b\u00e2ti son image et sur lesquels ses \u00e9lecteurs l\u2019attendent.<\/p>\n\n\n\n<p>Ne dit-on pas g\u00e9n\u00e9ralement que le pouvoir corrompt\u00a0?<\/p>\n","protected":false},"excerpt":{"rendered":"<p>Depuis qu\u2019il a int\u00e9gr\u00e9 le gouvernement, o\u00f9 il compte un ministre d\u2019Etat et trois ministres, le parti Attayar (Courant d\u00e9mocrate) semble prendre go\u00fbt au pouvoir, \u00e0 tel point que ses positions deviennent ambigu\u00ebs et illisibles, m\u00eame pour ses partisans. Par Ridha Kefi<\/p>\n","protected":false},"author":8,"featured_media":0,"comment_status":"open","ping_status":"open","sticky":false,"template":"","format":"standard","meta":{"footnotes":""},"categories":[992,997,2433],"tags":[15144,15519,67134,73109,49543,80152,23927,758],"class_list":["post-307666","post","type-post","status-publish","format-standard","hentry","category-a-la-une","category-politique","category-tunisie","tag-abir-moussi","tag-attayar","tag-courant-democrate","tag-elyes-fakhfakh-2","tag-ennahdha","tag-fakhfakh-gate","tag-parti-destourien-libre","tag-rached-ghannouchi"],"yoast_head":"<!-- This site is optimized with the Yoast SEO plugin v26.6 - https:\/\/yoast.com\/wordpress\/plugins\/seo\/ -->\n<title>Attayar ne sait plus sur quel pied danser ? - Kapitalis<\/title>\n<meta name=\"robots\" content=\"index, follow, max-snippet:-1, max-image-preview:large, max-video-preview:-1\" \/>\n<link rel=\"canonical\" href=\"https:\/\/kapitalis.com\/tunisie\/2020\/07\/13\/attayar-ne-sait-plus-sur-quel-pied-danser\/\" \/>\n<meta property=\"og:locale\" content=\"fr_FR\" \/>\n<meta property=\"og:type\" content=\"article\" \/>\n<meta property=\"og:title\" content=\"Attayar ne sait plus sur quel pied danser ? - Kapitalis\" \/>\n<meta property=\"og:description\" content=\"Depuis qu\u2019il a int\u00e9gr\u00e9 le gouvernement, o\u00f9 il compte un ministre d\u2019Etat et trois ministres, le parti Attayar (Courant d\u00e9mocrate) semble prendre go\u00fbt au pouvoir, \u00e0 tel point que ses positions deviennent ambigu\u00ebs et illisibles, m\u00eame pour ses partisans. Par Ridha Kefi\" \/>\n<meta property=\"og:url\" content=\"https:\/\/kapitalis.com\/tunisie\/2020\/07\/13\/attayar-ne-sait-plus-sur-quel-pied-danser\/\" \/>\n<meta property=\"og:site_name\" content=\"Kapitalis\" \/>\n<meta property=\"article:publisher\" content=\"https:\/\/www.facebook.com\/KapitalisInfo\/\" \/>\n<meta property=\"article:published_time\" content=\"2020-07-13T08:24:12+00:00\" \/>\n<meta property=\"article:modified_time\" content=\"2020-07-13T08:25:27+00:00\" \/>\n<meta property=\"og:image\" content=\"http:\/\/kapitalis.com\/tunisie\/wp-content\/uploads\/2020\/02\/ghannouchi-abbou.jpg\" \/>\n<meta name=\"author\" content=\"webmaster kapitalis\" \/>\n<meta name=\"twitter:card\" content=\"summary_large_image\" \/>\n<meta name=\"twitter:creator\" content=\"@KapitalisInfo\" \/>\n<meta name=\"twitter:site\" content=\"@KapitalisInfo\" \/>\n<meta name=\"twitter:label1\" content=\"\u00c9crit par\" \/>\n\t<meta name=\"twitter:data1\" content=\"webmaster kapitalis\" \/>\n\t<meta name=\"twitter:label2\" content=\"Dur\u00e9e de lecture estim\u00e9e\" \/>\n\t<meta name=\"twitter:data2\" content=\"2 minutes\" \/>\n<script type=\"application\/ld+json\" class=\"yoast-schema-graph\">{\"@context\":\"https:\/\/schema.org\",\"@graph\":[{\"@type\":\"Article\",\"@id\":\"https:\/\/kapitalis.com\/tunisie\/2020\/07\/13\/attayar-ne-sait-plus-sur-quel-pied-danser\/#article\",\"isPartOf\":{\"@id\":\"https:\/\/kapitalis.com\/tunisie\/2020\/07\/13\/attayar-ne-sait-plus-sur-quel-pied-danser\/\"},\"author\":{\"name\":\"webmaster kapitalis\",\"@id\":\"https:\/\/kapitalis.com\/tunisie\/#\/schema\/person\/d71f33a9ca44f7bad4698210b480c8e9\"},\"headline\":\"Attayar ne sait plus sur quel pied danser ?\",\"datePublished\":\"2020-07-13T08:24:12+00:00\",\"dateModified\":\"2020-07-13T08:25:27+00:00\",\"mainEntityOfPage\":{\"@id\":\"https:\/\/kapitalis.com\/tunisie\/2020\/07\/13\/attayar-ne-sait-plus-sur-quel-pied-danser\/\"},\"wordCount\":474,\"commentCount\":0,\"publisher\":{\"@id\":\"https:\/\/kapitalis.com\/tunisie\/#organization\"},\"image\":{\"@id\":\"https:\/\/kapitalis.com\/tunisie\/2020\/07\/13\/attayar-ne-sait-plus-sur-quel-pied-danser\/#primaryimage\"},\"thumbnailUrl\":\"http:\/\/kapitalis.com\/tunisie\/wp-content\/uploads\/2020\/02\/ghannouchi-abbou.jpg\",\"keywords\":[\"Abir Moussi\",\"Attayar\",\"Courant d\u00e9mocrate\",\"Elyes Fakhfakh\",\"Ennahdha\",\"Fakhfakh Gate\",\"Parti destourien libre\",\"Rached Ghannouchi\"],\"articleSection\":[\"A LA UNE\",\"POLITIQUE\",\"Tunisie\"],\"inLanguage\":\"fr-FR\",\"potentialAction\":[{\"@type\":\"CommentAction\",\"name\":\"Comment\",\"target\":[\"https:\/\/kapitalis.com\/tunisie\/2020\/07\/13\/attayar-ne-sait-plus-sur-quel-pied-danser\/#respond\"]}]},{\"@type\":\"WebPage\",\"@id\":\"https:\/\/kapitalis.com\/tunisie\/2020\/07\/13\/attayar-ne-sait-plus-sur-quel-pied-danser\/\",\"url\":\"https:\/\/kapitalis.com\/tunisie\/2020\/07\/13\/attayar-ne-sait-plus-sur-quel-pied-danser\/\",\"name\":\"Attayar ne sait plus sur quel pied danser ? - Kapitalis\",\"isPartOf\":{\"@id\":\"https:\/\/kapitalis.com\/tunisie\/#website\"},\"primaryImageOfPage\":{\"@id\":\"https:\/\/kapitalis.com\/tunisie\/2020\/07\/13\/attayar-ne-sait-plus-sur-quel-pied-danser\/#primaryimage\"},\"image\":{\"@id\":\"https:\/\/kapitalis.com\/tunisie\/2020\/07\/13\/attayar-ne-sait-plus-sur-quel-pied-danser\/#primaryimage\"},\"thumbnailUrl\":\"http:\/\/kapitalis.com\/tunisie\/wp-content\/uploads\/2020\/02\/ghannouchi-abbou.jpg\",\"datePublished\":\"2020-07-13T08:24:12+00:00\",\"dateModified\":\"2020-07-13T08:25:27+00:00\",\"breadcrumb\":{\"@id\":\"https:\/\/kapitalis.com\/tunisie\/2020\/07\/13\/attayar-ne-sait-plus-sur-quel-pied-danser\/#breadcrumb\"},\"inLanguage\":\"fr-FR\",\"potentialAction\":[{\"@type\":\"ReadAction\",\"target\":[\"https:\/\/kapitalis.com\/tunisie\/2020\/07\/13\/attayar-ne-sait-plus-sur-quel-pied-danser\/\"]}]},{\"@type\":\"ImageObject\",\"inLanguage\":\"fr-FR\",\"@id\":\"https:\/\/kapitalis.com\/tunisie\/2020\/07\/13\/attayar-ne-sait-plus-sur-quel-pied-danser\/#primaryimage\",\"url\":\"\",\"contentUrl\":\"\"},{\"@type\":\"BreadcrumbList\",\"@id\":\"https:\/\/kapitalis.com\/tunisie\/2020\/07\/13\/attayar-ne-sait-plus-sur-quel-pied-danser\/#breadcrumb\",\"itemListElement\":[{\"@type\":\"ListItem\",\"position\":1,\"name\":\"Accueil\",\"item\":\"https:\/\/kapitalis.com\/tunisie\/\"},{\"@type\":\"ListItem\",\"position\":2,\"name\":\"Attayar ne sait plus sur quel pied danser ?\"}]},{\"@type\":\"WebSite\",\"@id\":\"https:\/\/kapitalis.com\/tunisie\/#website\",\"url\":\"https:\/\/kapitalis.com\/tunisie\/\",\"name\":\"Kapitalis\",\"description\":\"L&#039;actualit\u00e9 en Tunisie et dans le monde\",\"publisher\":{\"@id\":\"https:\/\/kapitalis.com\/tunisie\/#organization\"},\"potentialAction\":[{\"@type\":\"SearchAction\",\"target\":{\"@type\":\"EntryPoint\",\"urlTemplate\":\"https:\/\/kapitalis.com\/tunisie\/?s={search_term_string}\"},\"query-input\":{\"@type\":\"PropertyValueSpecification\",\"valueRequired\":true,\"valueName\":\"search_term_string\"}}],\"inLanguage\":\"fr-FR\"},{\"@type\":\"Organization\",\"@id\":\"https:\/\/kapitalis.com\/tunisie\/#organization\",\"name\":\"Kapitalis\",\"url\":\"https:\/\/kapitalis.com\/tunisie\/\",\"logo\":{\"@type\":\"ImageObject\",\"inLanguage\":\"fr-FR\",\"@id\":\"https:\/\/kapitalis.com\/tunisie\/#\/schema\/logo\/image\/\",\"url\":\"https:\/\/kapitalis.com\/tunisie\/wp-content\/uploads\/2022\/05\/Kapitalis-big-size.png\",\"contentUrl\":\"https:\/\/kapitalis.com\/tunisie\/wp-content\/uploads\/2022\/05\/Kapitalis-big-size.png\",\"width\":5000,\"height\":1500,\"caption\":\"Kapitalis\"},\"image\":{\"@id\":\"https:\/\/kapitalis.com\/tunisie\/#\/schema\/logo\/image\/\"},\"sameAs\":[\"https:\/\/www.facebook.com\/KapitalisInfo\/\",\"https:\/\/x.com\/KapitalisInfo\",\"https:\/\/www.youtube.com\/channel\/UC-yDYrHyfFBWWZaOw3FPg9Q\"]},{\"@type\":\"Person\",\"@id\":\"https:\/\/kapitalis.com\/tunisie\/#\/schema\/person\/d71f33a9ca44f7bad4698210b480c8e9\",\"name\":\"webmaster kapitalis\",\"url\":\"https:\/\/kapitalis.com\/tunisie\/author\/webmaster-kapitalis\/\"}]}<\/script>\n<!-- \/ Yoast SEO plugin. -->","yoast_head_json":{"title":"Attayar ne sait plus sur quel pied danser ? - Kapitalis","robots":{"index":"index","follow":"follow","max-snippet":"max-snippet:-1","max-image-preview":"max-image-preview:large","max-video-preview":"max-video-preview:-1"},"canonical":"https:\/\/kapitalis.com\/tunisie\/2020\/07\/13\/attayar-ne-sait-plus-sur-quel-pied-danser\/","og_locale":"fr_FR","og_type":"article","og_title":"Attayar ne sait plus sur quel pied danser ? - Kapitalis","og_description":"Depuis qu\u2019il a int\u00e9gr\u00e9 le gouvernement, o\u00f9 il compte un ministre d\u2019Etat et trois ministres, le parti Attayar (Courant d\u00e9mocrate) semble prendre go\u00fbt au pouvoir, \u00e0 tel point que ses positions deviennent ambigu\u00ebs et illisibles, m\u00eame pour ses partisans. Par Ridha Kefi","og_url":"https:\/\/kapitalis.com\/tunisie\/2020\/07\/13\/attayar-ne-sait-plus-sur-quel-pied-danser\/","og_site_name":"Kapitalis","article_publisher":"https:\/\/www.facebook.com\/KapitalisInfo\/","article_published_time":"2020-07-13T08:24:12+00:00","article_modified_time":"2020-07-13T08:25:27+00:00","og_image":[{"url":"http:\/\/kapitalis.com\/tunisie\/wp-content\/uploads\/2020\/02\/ghannouchi-abbou.jpg","type":"","width":"","height":""}],"author":"webmaster kapitalis","twitter_card":"summary_large_image","twitter_creator":"@KapitalisInfo","twitter_site":"@KapitalisInfo","twitter_misc":{"\u00c9crit par":"webmaster kapitalis","Dur\u00e9e de lecture estim\u00e9e":"2 minutes"},"schema":{"@context":"https:\/\/schema.org","@graph":[{"@type":"Article","@id":"https:\/\/kapitalis.com\/tunisie\/2020\/07\/13\/attayar-ne-sait-plus-sur-quel-pied-danser\/#article","isPartOf":{"@id":"https:\/\/kapitalis.com\/tunisie\/2020\/07\/13\/attayar-ne-sait-plus-sur-quel-pied-danser\/"},"author":{"name":"webmaster kapitalis","@id":"https:\/\/kapitalis.com\/tunisie\/#\/schema\/person\/d71f33a9ca44f7bad4698210b480c8e9"},"headline":"Attayar ne sait plus sur quel pied danser ?","datePublished":"2020-07-13T08:24:12+00:00","dateModified":"2020-07-13T08:25:27+00:00","mainEntityOfPage":{"@id":"https:\/\/kapitalis.com\/tunisie\/2020\/07\/13\/attayar-ne-sait-plus-sur-quel-pied-danser\/"},"wordCount":474,"commentCount":0,"publisher":{"@id":"https:\/\/kapitalis.com\/tunisie\/#organization"},"image":{"@id":"https:\/\/kapitalis.com\/tunisie\/2020\/07\/13\/attayar-ne-sait-plus-sur-quel-pied-danser\/#primaryimage"},"thumbnailUrl":"http:\/\/kapitalis.com\/tunisie\/wp-content\/uploads\/2020\/02\/ghannouchi-abbou.jpg","keywords":["Abir Moussi","Attayar","Courant d\u00e9mocrate","Elyes Fakhfakh","Ennahdha","Fakhfakh Gate","Parti destourien libre","Rached Ghannouchi"],"articleSection":["A LA UNE","POLITIQUE","Tunisie"],"inLanguage":"fr-FR","potentialAction":[{"@type":"CommentAction","name":"Comment","target":["https:\/\/kapitalis.com\/tunisie\/2020\/07\/13\/attayar-ne-sait-plus-sur-quel-pied-danser\/#respond"]}]},{"@type":"WebPage","@id":"https:\/\/kapitalis.com\/tunisie\/2020\/07\/13\/attayar-ne-sait-plus-sur-quel-pied-danser\/","url":"https:\/\/kapitalis.com\/tunisie\/2020\/07\/13\/attayar-ne-sait-plus-sur-quel-pied-danser\/","name":"Attayar ne sait plus sur quel pied danser ? - Kapitalis","isPartOf":{"@id":"https:\/\/kapitalis.com\/tunisie\/#website"},"primaryImageOfPage":{"@id":"https:\/\/kapitalis.com\/tunisie\/2020\/07\/13\/attayar-ne-sait-plus-sur-quel-pied-danser\/#primaryimage"},"image":{"@id":"https:\/\/kapitalis.com\/tunisie\/2020\/07\/13\/attayar-ne-sait-plus-sur-quel-pied-danser\/#primaryimage"},"thumbnailUrl":"http:\/\/kapitalis.com\/tunisie\/wp-content\/uploads\/2020\/02\/ghannouchi-abbou.jpg","datePublished":"2020-07-13T08:24:12+00:00","dateModified":"2020-07-13T08:25:27+00:00","breadcrumb":{"@id":"https:\/\/kapitalis.com\/tunisie\/2020\/07\/13\/attayar-ne-sait-plus-sur-quel-pied-danser\/#breadcrumb"},"inLanguage":"fr-FR","potentialAction":[{"@type":"ReadAction","target":["https:\/\/kapitalis.com\/tunisie\/2020\/07\/13\/attayar-ne-sait-plus-sur-quel-pied-danser\/"]}]},{"@type":"ImageObject","inLanguage":"fr-FR","@id":"https:\/\/kapitalis.com\/tunisie\/2020\/07\/13\/attayar-ne-sait-plus-sur-quel-pied-danser\/#primaryimage","url":"","contentUrl":""},{"@type":"BreadcrumbList","@id":"https:\/\/kapitalis.com\/tunisie\/2020\/07\/13\/attayar-ne-sait-plus-sur-quel-pied-danser\/#breadcrumb","itemListElement":[{"@type":"ListItem","position":1,"name":"Accueil","item":"https:\/\/kapitalis.com\/tunisie\/"},{"@type":"ListItem","position":2,"name":"Attayar ne sait plus sur quel pied danser ?"}]},{"@type":"WebSite","@id":"https:\/\/kapitalis.com\/tunisie\/#website","url":"https:\/\/kapitalis.com\/tunisie\/","name":"Kapitalis","description":"L&#039;actualit\u00e9 en Tunisie et dans le monde","publisher":{"@id":"https:\/\/kapitalis.com\/tunisie\/#organization"},"potentialAction":[{"@type":"SearchAction","target":{"@type":"EntryPoint","urlTemplate":"https:\/\/kapitalis.com\/tunisie\/?s={search_term_string}"},"query-input":{"@type":"PropertyValueSpecification","valueRequired":true,"valueName":"search_term_string"}}],"inLanguage":"fr-FR"},{"@type":"Organization","@id":"https:\/\/kapitalis.com\/tunisie\/#organization","name":"Kapitalis","url":"https:\/\/kapitalis.com\/tunisie\/","logo":{"@type":"ImageObject","inLanguage":"fr-FR","@id":"https:\/\/kapitalis.com\/tunisie\/#\/schema\/logo\/image\/","url":"https:\/\/kapitalis.com\/tunisie\/wp-content\/uploads\/2022\/05\/Kapitalis-big-size.png","contentUrl":"https:\/\/kapitalis.com\/tunisie\/wp-content\/uploads\/2022\/05\/Kapitalis-big-size.png","width":5000,"height":1500,"caption":"Kapitalis"},"image":{"@id":"https:\/\/kapitalis.com\/tunisie\/#\/schema\/logo\/image\/"},"sameAs":["https:\/\/www.facebook.com\/KapitalisInfo\/","https:\/\/x.com\/KapitalisInfo","https:\/\/www.youtube.com\/channel\/UC-yDYrHyfFBWWZaOw3FPg9Q"]},{"@type":"Person","@id":"https:\/\/kapitalis.com\/tunisie\/#\/schema\/person\/d71f33a9ca44f7bad4698210b480c8e9","name":"webmaster kapitalis","url":"https:\/\/kapitalis.com\/tunisie\/author\/webmaster-kapitalis\/"}]}},"_links":{"self":[{"href":"https:\/\/kapitalis.com\/tunisie\/wp-json\/wp\/v2\/posts\/307666","targetHints":{"allow":["GET"]}}],"collection":[{"href":"https:\/\/kapitalis.com\/tunisie\/wp-json\/wp\/v2\/posts"}],"about":[{"href":"https:\/\/kapitalis.com\/tunisie\/wp-json\/wp\/v2\/types\/post"}],"author":[{"embeddable":true,"href":"https:\/\/kapitalis.com\/tunisie\/wp-json\/wp\/v2\/users\/8"}],"replies":[{"embeddable":true,"href":"https:\/\/kapitalis.com\/tunisie\/wp-json\/wp\/v2\/comments?post=307666"}],"version-history":[{"count":0,"href":"https:\/\/kapitalis.com\/tunisie\/wp-json\/wp\/v2\/posts\/307666\/revisions"}],"wp:attachment":[{"href":"https:\/\/kapitalis.com\/tunisie\/wp-json\/wp\/v2\/media?parent=307666"}],"wp:term":[{"taxonomy":"category","embeddable":true,"href":"https:\/\/kapitalis.com\/tunisie\/wp-json\/wp\/v2\/categories?post=307666"},{"taxonomy":"post_tag","embeddable":true,"href":"https:\/\/kapitalis.com\/tunisie\/wp-json\/wp\/v2\/tags?post=307666"}],"curies":[{"name":"wp","href":"https:\/\/api.w.org\/{rel}","templated":true}]}}