{"id":307748,"date":"2020-07-13T16:36:31","date_gmt":"2020-07-13T15:36:31","guid":{"rendered":"http:\/\/kapitalis.com\/tunisie\/?p=307748"},"modified":"2020-07-13T16:36:32","modified_gmt":"2020-07-13T15:36:32","slug":"fouq-essour-une-radio-en-ligne-qui-donne-la-parole-aux-jeunes","status":"publish","type":"post","link":"https:\/\/kapitalis.com\/tunisie\/2020\/07\/13\/fouq-essour-une-radio-en-ligne-qui-donne-la-parole-aux-jeunes\/","title":{"rendered":"Fouq Essour : une radio en ligne qui donne la parole aux jeunes"},"content":{"rendered":"\n<figure class=\"wp-block-image size-large\"><img decoding=\"async\" src=\"http:\/\/kapitalis.com\/tunisie\/wp-content\/uploads\/2020\/07\/Fouq-Essour.jpg\" alt=\"\" class=\"wp-image-307751\"\/><\/figure>\n\n\n\n<p><strong><em>Qu\u2019est-ce que l\u2019information et les m\u00e9dias m\u2019apportent concr\u00e8tement ? Pourquoi est-ce que je devrais m\u2019int\u00e9resser au droit d\u2019acc\u00e8s \u00e0 l\u2019information et \u00e0 la libert\u00e9 d\u2019expression, quand j\u2019ai des probl\u00e8mes d\u2019acc\u00e8s \u00e0 l\u2019emploi, \u00e0 l\u2019\u00e9ducation et \u00e0 la sant\u00e9 ? Une \u00e9mission de radio en ligne, <a href=\"https:\/\/www.facebook.com\/foukessour\/\" target=\"_blank\" aria-label=\"undefined (s\u2019ouvre dans un nouvel onglet)\" rel=\"noreferrer noopener\">Fouq Essour<\/a>, aborde ces questions \u00e0 travers les regards et les r\u00e9alit\u00e9s des diff\u00e9rentes r\u00e9gions de la Tunisie.<\/em><\/strong><\/p>\n\n\n\n<!--more-->\n\n\n\n<p>Fouq Essour donne la parole aux radios associatives, locales et aux associations qui travaillent avec les jeunes \u00e0 travers toute la Tunisie, pour \u00e9changer sur les probl\u00e8mes concrets et locaux qui concernent directement la jeunesse tunisienne, en lien avec le droit d\u2019acc\u00e8s \u00e0 l\u2019information et la libert\u00e9 d\u2019expression.<\/p>\n\n\n\n<p>Il s\u2019agit de sensibiliser le public \u00e0 l\u2019importance de ces droits, comme pr\u00e9alable \u00e0 l\u2019\u00e9tablissement d\u2019une gestion publique plus transparente, redevable et efficace, et donc \u00e0 un meilleur acc\u00e8s aux services (sant\u00e9, \u00e9ducation, aides \u00e0 l\u2019employabilit\u00e9, etc.) au niveau local.<\/p>\n\n\n\n<p>Il s\u2019agit \u00e9galement de promouvoir une consommation citoyenne et responsable de l\u2019informations en alertant les jeunes sur ses d\u00e9rives (fakes news, rumeurs, d\u00e9sinformation, complotisme, etc.) et en les faisant r\u00e9fl\u00e9chir sur leur propre rapport \u00e0 l\u2019information.<\/p>\n\n\n\n<p>Con\u00e7ue et anim\u00e9e par les deux sp\u00e9cialistes des m\u00e9dias, Kerim Bouzouita et Mehdi Ghazai, l\u2019\u00e9mission aborde ces th\u00e8mes sous un format ludique et accessible, avec le soucis de valoriser les initiatives locales et le travail de terrain men\u00e9 par les organisations de la soci\u00e9t\u00e9 civile, et notamment les radios associatives et web radios.<\/p>\n\n\n\n<p>Le nom de Fouq Essour a \u00e9t\u00e9 choisi en r\u00e9f\u00e9rence \u00e0 la g\u00e9n\u00e9ration des cr\u00e9atifs tunisiens connus sous l\u2019appellation <em>\u201cSous les remparts\u201d<\/em> (\u062c\u0645\u0627\u0639\u0629 \u062a\u062d\u062a \u0627\u0644\u0633\u0648\u0631), chansonniers, journalistes, libres penseurs et anticonformistes qui ont lib\u00e9r\u00e9 la cr\u00e9ativit\u00e9 tunisienne dans les ann\u00e9es 1930-1940.<\/p>\n\n\n\n<p>Apr\u00e8s la diffusion des trois premi\u00e8res \u00e9missions consacr\u00e9es aux gouvernorats de B\u00e9ja, Sousse, Kasserine, El Kef, Gab\u00e8s, K\u00e9bili, Gafsa et Tozeur une s\u00e9rie de 6 autres \u00e9pisodes est pr\u00e9vue, qui mettront en lumi\u00e8re deux r\u00e9gions \u00e0 chaque fois.<\/p>\n\n\n\n<div class=\"wp-block-image\"><figure class=\"aligncenter size-large is-resized\"><img decoding=\"async\" src=\"http:\/\/kapitalis.com\/tunisie\/wp-content\/uploads\/2020\/07\/Fouq-Essour-2.jpg\" alt=\"\" class=\"wp-image-307752\" width=\"500\"\/><\/figure><\/div>\n\n\n\n<p>Enti\u00e8rement en ligne et en duplexe, les producteurs de l\u2019\u00e9mission se d\u00e9placeront ensuite dans les gouvernorats pour enregistrer sur place une nouvelle s\u00e9rie d\u2019\u00e9missions : Fouq Essour<em> \u00abLe Tour\u00bb<\/em>,<\/p>\n\n\n\n<p>L\u2019\u00e9mission Fouq Essour est produite dans le cadre d\u2019un projet d\u2019appui et de promotion des libert\u00e9s d\u2019expression et droit d\u2019acc\u00e8s \u00e0 l\u2019information mis en \u0153uvre par IREX Europe, Article 19 Mena et Go Act.<\/p>\n\n\n\n<p><strong><em>Prochaines \u00e9missions pr\u00e9vues :<\/em><\/strong><br>Mercredi 8 Juillet 2020 \u00e0 20h : Monastir.<br>Mercredi 15 Juillet 2020 \u00e0 20h : M\u00e9denine.<br>Mercredi 22 Juillet 2020 \u00e0 20h : Bizerte.<br>Mercredi 29 Juillet 2020, \u00e0 20h : Monastir.<\/p>\n\n\n\n<p><strong><em>Source<\/em><\/strong> : communiqu\u00e9. <\/p>\n","protected":false},"excerpt":{"rendered":"<p>Qu\u2019est-ce que l\u2019information et les m\u00e9dias m\u2019apportent concr\u00e8tement ? Pourquoi est-ce que je devrais m\u2019int\u00e9resser au droit d\u2019acc\u00e8s \u00e0 l\u2019information et \u00e0 la libert\u00e9 d\u2019expression, quand j\u2019ai des probl\u00e8mes d\u2019acc\u00e8s \u00e0 l\u2019emploi, \u00e0 l\u2019\u00e9ducation et \u00e0 la sant\u00e9 ? Une \u00e9mission de radio en ligne, Fouq Essour, aborde ces questions \u00e0 travers les regards et&#8230;<\/p>\n","protected":false},"author":8,"featured_media":307751,"comment_status":"open","ping_status":"open","sticky":false,"template":"","format":"standard","meta":{"footnotes":""},"categories":[996,2433],"tags":[80784,67038,80788,79061,80789,80786,80787,80785],"class_list":["post-307748","post","type-post","status-publish","format-standard","has-post-thumbnail","hentry","category-media","category-tunisie","tag-fouq-essour","tag-jeunesse-tunisienne","tag-kerim-bouzouita","tag-liberte-dexpression-2","tag-mehdi-ghazai","tag-radio-en-ligne","tag-radios-associatives","tag-radios-libres"],"yoast_head":"<!-- This site is optimized with the Yoast SEO plugin v26.6 - https:\/\/yoast.com\/wordpress\/plugins\/seo\/ -->\n<title>Fouq Essour : une radio en ligne qui donne la parole aux jeunes - Kapitalis<\/title>\n<meta name=\"robots\" content=\"index, follow, max-snippet:-1, max-image-preview:large, max-video-preview:-1\" \/>\n<link rel=\"canonical\" href=\"https:\/\/kapitalis.com\/tunisie\/2020\/07\/13\/fouq-essour-une-radio-en-ligne-qui-donne-la-parole-aux-jeunes\/\" \/>\n<meta property=\"og:locale\" content=\"fr_FR\" \/>\n<meta property=\"og:type\" content=\"article\" \/>\n<meta property=\"og:title\" content=\"Fouq Essour : une radio en ligne qui donne la parole aux jeunes - Kapitalis\" \/>\n<meta property=\"og:description\" content=\"Qu\u2019est-ce que l\u2019information et les m\u00e9dias m\u2019apportent concr\u00e8tement ? Pourquoi est-ce que je devrais m\u2019int\u00e9resser au droit d\u2019acc\u00e8s \u00e0 l\u2019information et \u00e0 la libert\u00e9 d\u2019expression, quand j\u2019ai des probl\u00e8mes d\u2019acc\u00e8s \u00e0 l\u2019emploi, \u00e0 l\u2019\u00e9ducation et \u00e0 la sant\u00e9 ? Une \u00e9mission de radio en ligne, Fouq Essour, aborde ces questions \u00e0 travers les regards et...\" \/>\n<meta property=\"og:url\" content=\"https:\/\/kapitalis.com\/tunisie\/2020\/07\/13\/fouq-essour-une-radio-en-ligne-qui-donne-la-parole-aux-jeunes\/\" \/>\n<meta property=\"og:site_name\" content=\"Kapitalis\" \/>\n<meta property=\"article:publisher\" content=\"https:\/\/www.facebook.com\/KapitalisInfo\/\" \/>\n<meta property=\"article:published_time\" content=\"2020-07-13T15:36:31+00:00\" \/>\n<meta property=\"article:modified_time\" content=\"2020-07-13T15:36:32+00:00\" \/>\n<meta property=\"og:image\" content=\"https:\/\/kapitalis.com\/tunisie\/wp-content\/uploads\/2022\/05\/kapitalis-logo-fb.png\" \/>\n\t<meta property=\"og:image:width\" content=\"1200\" \/>\n\t<meta property=\"og:image:height\" content=\"630\" \/>\n\t<meta property=\"og:image:type\" content=\"image\/png\" \/>\n<meta name=\"author\" content=\"webmaster kapitalis\" \/>\n<meta name=\"twitter:card\" content=\"summary_large_image\" \/>\n<meta name=\"twitter:creator\" content=\"@KapitalisInfo\" \/>\n<meta name=\"twitter:site\" content=\"@KapitalisInfo\" \/>\n<meta name=\"twitter:label1\" content=\"\u00c9crit par\" \/>\n\t<meta name=\"twitter:data1\" content=\"webmaster kapitalis\" \/>\n\t<meta name=\"twitter:label2\" content=\"Dur\u00e9e de lecture estim\u00e9e\" \/>\n\t<meta name=\"twitter:data2\" content=\"2 minutes\" \/>\n<script type=\"application\/ld+json\" class=\"yoast-schema-graph\">{\"@context\":\"https:\/\/schema.org\",\"@graph\":[{\"@type\":\"Article\",\"@id\":\"https:\/\/kapitalis.com\/tunisie\/2020\/07\/13\/fouq-essour-une-radio-en-ligne-qui-donne-la-parole-aux-jeunes\/#article\",\"isPartOf\":{\"@id\":\"https:\/\/kapitalis.com\/tunisie\/2020\/07\/13\/fouq-essour-une-radio-en-ligne-qui-donne-la-parole-aux-jeunes\/\"},\"author\":{\"name\":\"webmaster kapitalis\",\"@id\":\"https:\/\/kapitalis.com\/tunisie\/#\/schema\/person\/d71f33a9ca44f7bad4698210b480c8e9\"},\"headline\":\"Fouq Essour : une radio en ligne qui donne la parole aux jeunes\",\"datePublished\":\"2020-07-13T15:36:31+00:00\",\"dateModified\":\"2020-07-13T15:36:32+00:00\",\"mainEntityOfPage\":{\"@id\":\"https:\/\/kapitalis.com\/tunisie\/2020\/07\/13\/fouq-essour-une-radio-en-ligne-qui-donne-la-parole-aux-jeunes\/\"},\"wordCount\":472,\"commentCount\":2,\"publisher\":{\"@id\":\"https:\/\/kapitalis.com\/tunisie\/#organization\"},\"image\":{\"@id\":\"https:\/\/kapitalis.com\/tunisie\/2020\/07\/13\/fouq-essour-une-radio-en-ligne-qui-donne-la-parole-aux-jeunes\/#primaryimage\"},\"thumbnailUrl\":\"\",\"keywords\":[\"Fouq Essour\",\"Jeunesse tunisienne\",\"Kerim Bouzouita\",\"libert\u00e9 d\u2019expression\",\"Mehdi Ghazai\",\"radio en ligne\",\"radios associatives\",\"Radios libres\"],\"articleSection\":[\"MEDIA\",\"Tunisie\"],\"inLanguage\":\"fr-FR\",\"potentialAction\":[{\"@type\":\"CommentAction\",\"name\":\"Comment\",\"target\":[\"https:\/\/kapitalis.com\/tunisie\/2020\/07\/13\/fouq-essour-une-radio-en-ligne-qui-donne-la-parole-aux-jeunes\/#respond\"]}]},{\"@type\":\"WebPage\",\"@id\":\"https:\/\/kapitalis.com\/tunisie\/2020\/07\/13\/fouq-essour-une-radio-en-ligne-qui-donne-la-parole-aux-jeunes\/\",\"url\":\"https:\/\/kapitalis.com\/tunisie\/2020\/07\/13\/fouq-essour-une-radio-en-ligne-qui-donne-la-parole-aux-jeunes\/\",\"name\":\"Fouq Essour : une radio en ligne qui donne la parole aux jeunes - Kapitalis\",\"isPartOf\":{\"@id\":\"https:\/\/kapitalis.com\/tunisie\/#website\"},\"primaryImageOfPage\":{\"@id\":\"https:\/\/kapitalis.com\/tunisie\/2020\/07\/13\/fouq-essour-une-radio-en-ligne-qui-donne-la-parole-aux-jeunes\/#primaryimage\"},\"image\":{\"@id\":\"https:\/\/kapitalis.com\/tunisie\/2020\/07\/13\/fouq-essour-une-radio-en-ligne-qui-donne-la-parole-aux-jeunes\/#primaryimage\"},\"thumbnailUrl\":\"\",\"datePublished\":\"2020-07-13T15:36:31+00:00\",\"dateModified\":\"2020-07-13T15:36:32+00:00\",\"breadcrumb\":{\"@id\":\"https:\/\/kapitalis.com\/tunisie\/2020\/07\/13\/fouq-essour-une-radio-en-ligne-qui-donne-la-parole-aux-jeunes\/#breadcrumb\"},\"inLanguage\":\"fr-FR\",\"potentialAction\":[{\"@type\":\"ReadAction\",\"target\":[\"https:\/\/kapitalis.com\/tunisie\/2020\/07\/13\/fouq-essour-une-radio-en-ligne-qui-donne-la-parole-aux-jeunes\/\"]}]},{\"@type\":\"ImageObject\",\"inLanguage\":\"fr-FR\",\"@id\":\"https:\/\/kapitalis.com\/tunisie\/2020\/07\/13\/fouq-essour-une-radio-en-ligne-qui-donne-la-parole-aux-jeunes\/#primaryimage\",\"url\":\"\",\"contentUrl\":\"\"},{\"@type\":\"BreadcrumbList\",\"@id\":\"https:\/\/kapitalis.com\/tunisie\/2020\/07\/13\/fouq-essour-une-radio-en-ligne-qui-donne-la-parole-aux-jeunes\/#breadcrumb\",\"itemListElement\":[{\"@type\":\"ListItem\",\"position\":1,\"name\":\"Accueil\",\"item\":\"https:\/\/kapitalis.com\/tunisie\/\"},{\"@type\":\"ListItem\",\"position\":2,\"name\":\"Fouq Essour : une radio en ligne qui donne la parole aux jeunes\"}]},{\"@type\":\"WebSite\",\"@id\":\"https:\/\/kapitalis.com\/tunisie\/#website\",\"url\":\"https:\/\/kapitalis.com\/tunisie\/\",\"name\":\"Kapitalis\",\"description\":\"L&#039;actualit\u00e9 en Tunisie et dans le monde\",\"publisher\":{\"@id\":\"https:\/\/kapitalis.com\/tunisie\/#organization\"},\"potentialAction\":[{\"@type\":\"SearchAction\",\"target\":{\"@type\":\"EntryPoint\",\"urlTemplate\":\"https:\/\/kapitalis.com\/tunisie\/?s={search_term_string}\"},\"query-input\":{\"@type\":\"PropertyValueSpecification\",\"valueRequired\":true,\"valueName\":\"search_term_string\"}}],\"inLanguage\":\"fr-FR\"},{\"@type\":\"Organization\",\"@id\":\"https:\/\/kapitalis.com\/tunisie\/#organization\",\"name\":\"Kapitalis\",\"url\":\"https:\/\/kapitalis.com\/tunisie\/\",\"logo\":{\"@type\":\"ImageObject\",\"inLanguage\":\"fr-FR\",\"@id\":\"https:\/\/kapitalis.com\/tunisie\/#\/schema\/logo\/image\/\",\"url\":\"https:\/\/kapitalis.com\/tunisie\/wp-content\/uploads\/2022\/05\/Kapitalis-big-size.png\",\"contentUrl\":\"https:\/\/kapitalis.com\/tunisie\/wp-content\/uploads\/2022\/05\/Kapitalis-big-size.png\",\"width\":5000,\"height\":1500,\"caption\":\"Kapitalis\"},\"image\":{\"@id\":\"https:\/\/kapitalis.com\/tunisie\/#\/schema\/logo\/image\/\"},\"sameAs\":[\"https:\/\/www.facebook.com\/KapitalisInfo\/\",\"https:\/\/x.com\/KapitalisInfo\",\"https:\/\/www.youtube.com\/channel\/UC-yDYrHyfFBWWZaOw3FPg9Q\"]},{\"@type\":\"Person\",\"@id\":\"https:\/\/kapitalis.com\/tunisie\/#\/schema\/person\/d71f33a9ca44f7bad4698210b480c8e9\",\"name\":\"webmaster kapitalis\",\"url\":\"https:\/\/kapitalis.com\/tunisie\/author\/webmaster-kapitalis\/\"}]}<\/script>\n<!-- \/ Yoast SEO plugin. -->","yoast_head_json":{"title":"Fouq Essour : une radio en ligne qui donne la parole aux jeunes - Kapitalis","robots":{"index":"index","follow":"follow","max-snippet":"max-snippet:-1","max-image-preview":"max-image-preview:large","max-video-preview":"max-video-preview:-1"},"canonical":"https:\/\/kapitalis.com\/tunisie\/2020\/07\/13\/fouq-essour-une-radio-en-ligne-qui-donne-la-parole-aux-jeunes\/","og_locale":"fr_FR","og_type":"article","og_title":"Fouq Essour : une radio en ligne qui donne la parole aux jeunes - Kapitalis","og_description":"Qu\u2019est-ce que l\u2019information et les m\u00e9dias m\u2019apportent concr\u00e8tement ? Pourquoi est-ce que je devrais m\u2019int\u00e9resser au droit d\u2019acc\u00e8s \u00e0 l\u2019information et \u00e0 la libert\u00e9 d\u2019expression, quand j\u2019ai des probl\u00e8mes d\u2019acc\u00e8s \u00e0 l\u2019emploi, \u00e0 l\u2019\u00e9ducation et \u00e0 la sant\u00e9 ? Une \u00e9mission de radio en ligne, Fouq Essour, aborde ces questions \u00e0 travers les regards et...","og_url":"https:\/\/kapitalis.com\/tunisie\/2020\/07\/13\/fouq-essour-une-radio-en-ligne-qui-donne-la-parole-aux-jeunes\/","og_site_name":"Kapitalis","article_publisher":"https:\/\/www.facebook.com\/KapitalisInfo\/","article_published_time":"2020-07-13T15:36:31+00:00","article_modified_time":"2020-07-13T15:36:32+00:00","og_image":[{"width":1200,"height":630,"url":"https:\/\/kapitalis.com\/tunisie\/wp-content\/uploads\/2022\/05\/kapitalis-logo-fb.png","type":"image\/png"}],"author":"webmaster kapitalis","twitter_card":"summary_large_image","twitter_creator":"@KapitalisInfo","twitter_site":"@KapitalisInfo","twitter_misc":{"\u00c9crit par":"webmaster kapitalis","Dur\u00e9e de lecture estim\u00e9e":"2 minutes"},"schema":{"@context":"https:\/\/schema.org","@graph":[{"@type":"Article","@id":"https:\/\/kapitalis.com\/tunisie\/2020\/07\/13\/fouq-essour-une-radio-en-ligne-qui-donne-la-parole-aux-jeunes\/#article","isPartOf":{"@id":"https:\/\/kapitalis.com\/tunisie\/2020\/07\/13\/fouq-essour-une-radio-en-ligne-qui-donne-la-parole-aux-jeunes\/"},"author":{"name":"webmaster kapitalis","@id":"https:\/\/kapitalis.com\/tunisie\/#\/schema\/person\/d71f33a9ca44f7bad4698210b480c8e9"},"headline":"Fouq Essour : une radio en ligne qui donne la parole aux jeunes","datePublished":"2020-07-13T15:36:31+00:00","dateModified":"2020-07-13T15:36:32+00:00","mainEntityOfPage":{"@id":"https:\/\/kapitalis.com\/tunisie\/2020\/07\/13\/fouq-essour-une-radio-en-ligne-qui-donne-la-parole-aux-jeunes\/"},"wordCount":472,"commentCount":2,"publisher":{"@id":"https:\/\/kapitalis.com\/tunisie\/#organization"},"image":{"@id":"https:\/\/kapitalis.com\/tunisie\/2020\/07\/13\/fouq-essour-une-radio-en-ligne-qui-donne-la-parole-aux-jeunes\/#primaryimage"},"thumbnailUrl":"","keywords":["Fouq Essour","Jeunesse tunisienne","Kerim Bouzouita","libert\u00e9 d\u2019expression","Mehdi Ghazai","radio en ligne","radios associatives","Radios libres"],"articleSection":["MEDIA","Tunisie"],"inLanguage":"fr-FR","potentialAction":[{"@type":"CommentAction","name":"Comment","target":["https:\/\/kapitalis.com\/tunisie\/2020\/07\/13\/fouq-essour-une-radio-en-ligne-qui-donne-la-parole-aux-jeunes\/#respond"]}]},{"@type":"WebPage","@id":"https:\/\/kapitalis.com\/tunisie\/2020\/07\/13\/fouq-essour-une-radio-en-ligne-qui-donne-la-parole-aux-jeunes\/","url":"https:\/\/kapitalis.com\/tunisie\/2020\/07\/13\/fouq-essour-une-radio-en-ligne-qui-donne-la-parole-aux-jeunes\/","name":"Fouq Essour : une radio en ligne qui donne la parole aux jeunes - Kapitalis","isPartOf":{"@id":"https:\/\/kapitalis.com\/tunisie\/#website"},"primaryImageOfPage":{"@id":"https:\/\/kapitalis.com\/tunisie\/2020\/07\/13\/fouq-essour-une-radio-en-ligne-qui-donne-la-parole-aux-jeunes\/#primaryimage"},"image":{"@id":"https:\/\/kapitalis.com\/tunisie\/2020\/07\/13\/fouq-essour-une-radio-en-ligne-qui-donne-la-parole-aux-jeunes\/#primaryimage"},"thumbnailUrl":"","datePublished":"2020-07-13T15:36:31+00:00","dateModified":"2020-07-13T15:36:32+00:00","breadcrumb":{"@id":"https:\/\/kapitalis.com\/tunisie\/2020\/07\/13\/fouq-essour-une-radio-en-ligne-qui-donne-la-parole-aux-jeunes\/#breadcrumb"},"inLanguage":"fr-FR","potentialAction":[{"@type":"ReadAction","target":["https:\/\/kapitalis.com\/tunisie\/2020\/07\/13\/fouq-essour-une-radio-en-ligne-qui-donne-la-parole-aux-jeunes\/"]}]},{"@type":"ImageObject","inLanguage":"fr-FR","@id":"https:\/\/kapitalis.com\/tunisie\/2020\/07\/13\/fouq-essour-une-radio-en-ligne-qui-donne-la-parole-aux-jeunes\/#primaryimage","url":"","contentUrl":""},{"@type":"BreadcrumbList","@id":"https:\/\/kapitalis.com\/tunisie\/2020\/07\/13\/fouq-essour-une-radio-en-ligne-qui-donne-la-parole-aux-jeunes\/#breadcrumb","itemListElement":[{"@type":"ListItem","position":1,"name":"Accueil","item":"https:\/\/kapitalis.com\/tunisie\/"},{"@type":"ListItem","position":2,"name":"Fouq Essour : une radio en ligne qui donne la parole aux jeunes"}]},{"@type":"WebSite","@id":"https:\/\/kapitalis.com\/tunisie\/#website","url":"https:\/\/kapitalis.com\/tunisie\/","name":"Kapitalis","description":"L&#039;actualit\u00e9 en Tunisie et dans le monde","publisher":{"@id":"https:\/\/kapitalis.com\/tunisie\/#organization"},"potentialAction":[{"@type":"SearchAction","target":{"@type":"EntryPoint","urlTemplate":"https:\/\/kapitalis.com\/tunisie\/?s={search_term_string}"},"query-input":{"@type":"PropertyValueSpecification","valueRequired":true,"valueName":"search_term_string"}}],"inLanguage":"fr-FR"},{"@type":"Organization","@id":"https:\/\/kapitalis.com\/tunisie\/#organization","name":"Kapitalis","url":"https:\/\/kapitalis.com\/tunisie\/","logo":{"@type":"ImageObject","inLanguage":"fr-FR","@id":"https:\/\/kapitalis.com\/tunisie\/#\/schema\/logo\/image\/","url":"https:\/\/kapitalis.com\/tunisie\/wp-content\/uploads\/2022\/05\/Kapitalis-big-size.png","contentUrl":"https:\/\/kapitalis.com\/tunisie\/wp-content\/uploads\/2022\/05\/Kapitalis-big-size.png","width":5000,"height":1500,"caption":"Kapitalis"},"image":{"@id":"https:\/\/kapitalis.com\/tunisie\/#\/schema\/logo\/image\/"},"sameAs":["https:\/\/www.facebook.com\/KapitalisInfo\/","https:\/\/x.com\/KapitalisInfo","https:\/\/www.youtube.com\/channel\/UC-yDYrHyfFBWWZaOw3FPg9Q"]},{"@type":"Person","@id":"https:\/\/kapitalis.com\/tunisie\/#\/schema\/person\/d71f33a9ca44f7bad4698210b480c8e9","name":"webmaster kapitalis","url":"https:\/\/kapitalis.com\/tunisie\/author\/webmaster-kapitalis\/"}]}},"_links":{"self":[{"href":"https:\/\/kapitalis.com\/tunisie\/wp-json\/wp\/v2\/posts\/307748","targetHints":{"allow":["GET"]}}],"collection":[{"href":"https:\/\/kapitalis.com\/tunisie\/wp-json\/wp\/v2\/posts"}],"about":[{"href":"https:\/\/kapitalis.com\/tunisie\/wp-json\/wp\/v2\/types\/post"}],"author":[{"embeddable":true,"href":"https:\/\/kapitalis.com\/tunisie\/wp-json\/wp\/v2\/users\/8"}],"replies":[{"embeddable":true,"href":"https:\/\/kapitalis.com\/tunisie\/wp-json\/wp\/v2\/comments?post=307748"}],"version-history":[{"count":0,"href":"https:\/\/kapitalis.com\/tunisie\/wp-json\/wp\/v2\/posts\/307748\/revisions"}],"wp:featuredmedia":[{"embeddable":true,"href":"https:\/\/kapitalis.com\/tunisie\/wp-json\/wp\/v2\/media\/307751"}],"wp:attachment":[{"href":"https:\/\/kapitalis.com\/tunisie\/wp-json\/wp\/v2\/media?parent=307748"}],"wp:term":[{"taxonomy":"category","embeddable":true,"href":"https:\/\/kapitalis.com\/tunisie\/wp-json\/wp\/v2\/categories?post=307748"},{"taxonomy":"post_tag","embeddable":true,"href":"https:\/\/kapitalis.com\/tunisie\/wp-json\/wp\/v2\/tags?post=307748"}],"curies":[{"name":"wp","href":"https:\/\/api.w.org\/{rel}","templated":true}]}}