{"id":307866,"date":"2020-07-14T09:41:11","date_gmt":"2020-07-14T08:41:11","guid":{"rendered":"http:\/\/kapitalis.com\/tunisie\/?p=307866"},"modified":"2020-07-14T09:47:41","modified_gmt":"2020-07-14T08:47:41","slug":"intentions-de-vote-le-pdl-depasse-ennahdha","status":"publish","type":"post","link":"https:\/\/kapitalis.com\/tunisie\/2020\/07\/14\/intentions-de-vote-le-pdl-depasse-ennahdha\/","title":{"rendered":"Intentions de vote : Le PDL d\u00e9passe Ennahdha"},"content":{"rendered":"\n<figure class=\"wp-block-image size-large\"><img decoding=\"async\" src=\"http:\/\/kapitalis.com\/tunisie\/wp-content\/uploads\/2020\/05\/Abir-Moussi-Rached-Ghannouchi.jpg\" alt=\"\" class=\"wp-image-298321\"\/><\/figure>\n\n\n\n<p><strong><em>Si les \u00e9lections l\u00e9gislatives venaient \u00e0 avoir lieu demain, le grand gagnant de l&rsquo;op\u00e9ration serait le Parti destourien libre (PDL), d\u00e9sormais en 1\u00e8re position dans le sondage d&rsquo;intentions de vote de Sigma conseil. Concernant la pr\u00e9sidentielle, Ka\u00efs Sa\u00efed, l&rsquo;actuel chef de l&rsquo;Etat, \u00e9lu en 2019, semble toujours satisfaire les Tunisiens, et n&rsquo;a, surtout, aucun concurrent s\u00e9rieux.<\/em><\/strong><\/p>\n\n\n\n<!--more-->\n\n\n\n<p>Le sondage publi\u00e9 ce mardi, 14 juillet 2020, par le journal \u00ab<em>Al Maghreb<\/em>\u00bb r\u00e9v\u00e8le que le PDL a 29% des intentions de vote, \u00e0 5 longueurs d&rsquo;Ennahdha (24,1%). Un duel qui s&rsquo;est dessin\u00e9 assez naturellement au cours des derniers mois, au vu notamment des positions politiques tranch\u00e9es de la cheffe du PDL, Abir Moussi, contre le mouvement de Rached Ghannouchi, ce qui correspond parfaitement aux attentes d&rsquo;une bonne partie des Tunisiens, \u00e0 la recherche, depuis 2011, d&rsquo;une force politique capable de faire face \u00e0 l&rsquo;islamisme. <\/p>\n\n\n\n<p>Qalb Tounes jouit toujours de la confiance de 11% des citoyens, selon le sondage de Sigma conseil, et occupe assez \u00e9trangement la 3e position malgr\u00e9 son rapprochement politique contre-nature (du moins d&rsquo;un point de vue id\u00e9ologique) des islamistes d&rsquo;Ennahdha et de la coalition de l&rsquo;extr\u00eame droite religieuse, Al-Karama. Une position qu&rsquo;il occupe certainement gr\u00e2ce \u00e0 son projet politique pour le moins populiste de \u00ab<em>lutte contre la pauvret\u00e9<\/em>\u00bb.<\/p>\n\n\n\n<p>Le 4e et le 5e rangs reviennent respectivement \u00e0 Attayar (7%) et Al-Karama (6,7%).<\/p>\n\n\n\n<p>Pour ce qui est de la pr\u00e9sidentielle, Ka\u00efs Sa\u00efed occupe la 1\u00e8re place avec 58,7% des intentions de vote, tr\u00e8s loin devant Abir Moussi (10%), Nabil Karoui (8,4%) et Safi Sa\u00efd (5,2%).<\/p>\n\n\n\n<p>Malgr\u00e9 tout ce qu&rsquo;on peut lui reprocher, le chef de l&rsquo;Etat s&rsquo;est d\u00e9marqu\u00e9 de toute concurrence, depuis son accession au palais de Carthage, gr\u00e2ce \u00e0 un sens de l&rsquo;\u00e9thique peu commun dans le paysage politique tunisien.<\/p>\n\n\n\n<p class=\"has-text-align-right\"><strong>C. B. Y.<\/strong><\/p>\n","protected":false},"excerpt":{"rendered":"<p>Si les \u00e9lections l\u00e9gislatives venaient \u00e0 avoir lieu demain, le grand gagnant de l&rsquo;op\u00e9ration serait le Parti destourien libre (PDL), d\u00e9sormais en 1\u00e8re position dans le sondage d&rsquo;intentions de vote de Sigma conseil. Concernant la pr\u00e9sidentielle, Ka\u00efs Sa\u00efed, l&rsquo;actuel chef de l&rsquo;Etat, \u00e9lu en 2019, semble toujours satisfaire les Tunisiens, et n&rsquo;a, surtout, aucun concurrent&#8230;<\/p>\n","protected":false},"author":24,"featured_media":0,"comment_status":"open","ping_status":"open","sticky":false,"template":"","format":"standard","meta":{"footnotes":""},"categories":[997,2433],"tags":[80814,15519,49543,76012,651,33536,61989,758,7590],"class_list":["post-307866","post","type-post","status-publish","format-standard","hentry","category-politique","category-tunisie","tag-al-larama","tag-attayar","tag-ennahdha","tag-kais-saied-2","tag-nabil-karoui","tag-pdl","tag-qalb-tounes","tag-rached-ghannouchi","tag-safi-said"],"yoast_head":"<!-- This site is optimized with the Yoast SEO plugin v26.6 - https:\/\/yoast.com\/wordpress\/plugins\/seo\/ -->\n<title>Intentions de vote : Le PDL d\u00e9passe Ennahdha - Kapitalis<\/title>\n<meta name=\"robots\" content=\"index, follow, max-snippet:-1, max-image-preview:large, max-video-preview:-1\" \/>\n<link rel=\"canonical\" href=\"https:\/\/kapitalis.com\/tunisie\/2020\/07\/14\/intentions-de-vote-le-pdl-depasse-ennahdha\/\" \/>\n<meta property=\"og:locale\" content=\"fr_FR\" \/>\n<meta property=\"og:type\" content=\"article\" \/>\n<meta property=\"og:title\" content=\"Intentions de vote : Le PDL d\u00e9passe Ennahdha - Kapitalis\" \/>\n<meta property=\"og:description\" content=\"Si les \u00e9lections l\u00e9gislatives venaient \u00e0 avoir lieu demain, le grand gagnant de l&rsquo;op\u00e9ration serait le Parti destourien libre (PDL), d\u00e9sormais en 1\u00e8re position dans le sondage d&rsquo;intentions de vote de Sigma conseil. Concernant la pr\u00e9sidentielle, Ka\u00efs Sa\u00efed, l&rsquo;actuel chef de l&rsquo;Etat, \u00e9lu en 2019, semble toujours satisfaire les Tunisiens, et n&rsquo;a, surtout, aucun concurrent...\" \/>\n<meta property=\"og:url\" content=\"https:\/\/kapitalis.com\/tunisie\/2020\/07\/14\/intentions-de-vote-le-pdl-depasse-ennahdha\/\" \/>\n<meta property=\"og:site_name\" content=\"Kapitalis\" \/>\n<meta property=\"article:publisher\" content=\"https:\/\/www.facebook.com\/KapitalisInfo\/\" \/>\n<meta property=\"article:published_time\" content=\"2020-07-14T08:41:11+00:00\" \/>\n<meta property=\"article:modified_time\" content=\"2020-07-14T08:47:41+00:00\" \/>\n<meta property=\"og:image\" content=\"http:\/\/kapitalis.com\/tunisie\/wp-content\/uploads\/2020\/05\/Abir-Moussi-Rached-Ghannouchi.jpg\" \/>\n<meta name=\"author\" content=\"Cherif Benyounes\" \/>\n<meta name=\"twitter:card\" content=\"summary_large_image\" \/>\n<meta name=\"twitter:creator\" content=\"@KapitalisInfo\" \/>\n<meta name=\"twitter:site\" content=\"@KapitalisInfo\" \/>\n<meta name=\"twitter:label1\" content=\"\u00c9crit par\" \/>\n\t<meta name=\"twitter:data1\" content=\"Cherif Benyounes\" \/>\n\t<meta name=\"twitter:label2\" content=\"Dur\u00e9e de lecture estim\u00e9e\" \/>\n\t<meta name=\"twitter:data2\" content=\"1 minute\" \/>\n<script type=\"application\/ld+json\" class=\"yoast-schema-graph\">{\"@context\":\"https:\/\/schema.org\",\"@graph\":[{\"@type\":\"Article\",\"@id\":\"https:\/\/kapitalis.com\/tunisie\/2020\/07\/14\/intentions-de-vote-le-pdl-depasse-ennahdha\/#article\",\"isPartOf\":{\"@id\":\"https:\/\/kapitalis.com\/tunisie\/2020\/07\/14\/intentions-de-vote-le-pdl-depasse-ennahdha\/\"},\"author\":{\"name\":\"Cherif Benyounes\",\"@id\":\"https:\/\/kapitalis.com\/tunisie\/#\/schema\/person\/b35b8d631961131107263178aeb8019e\"},\"headline\":\"Intentions de vote : Le PDL d\u00e9passe Ennahdha\",\"datePublished\":\"2020-07-14T08:41:11+00:00\",\"dateModified\":\"2020-07-14T08:47:41+00:00\",\"mainEntityOfPage\":{\"@id\":\"https:\/\/kapitalis.com\/tunisie\/2020\/07\/14\/intentions-de-vote-le-pdl-depasse-ennahdha\/\"},\"wordCount\":301,\"commentCount\":1,\"publisher\":{\"@id\":\"https:\/\/kapitalis.com\/tunisie\/#organization\"},\"image\":{\"@id\":\"https:\/\/kapitalis.com\/tunisie\/2020\/07\/14\/intentions-de-vote-le-pdl-depasse-ennahdha\/#primaryimage\"},\"thumbnailUrl\":\"http:\/\/kapitalis.com\/tunisie\/wp-content\/uploads\/2020\/05\/Abir-Moussi-Rached-Ghannouchi.jpg\",\"keywords\":[\"al-larama\",\"Attayar\",\"Ennahdha\",\"Ka\u00efs Sa\u00efed\",\"Nabil Karoui\",\"PDL\",\"Qalb Tounes\",\"Rached Ghannouchi\",\"safi sa\u00efd\"],\"articleSection\":[\"POLITIQUE\",\"Tunisie\"],\"inLanguage\":\"fr-FR\",\"potentialAction\":[{\"@type\":\"CommentAction\",\"name\":\"Comment\",\"target\":[\"https:\/\/kapitalis.com\/tunisie\/2020\/07\/14\/intentions-de-vote-le-pdl-depasse-ennahdha\/#respond\"]}]},{\"@type\":\"WebPage\",\"@id\":\"https:\/\/kapitalis.com\/tunisie\/2020\/07\/14\/intentions-de-vote-le-pdl-depasse-ennahdha\/\",\"url\":\"https:\/\/kapitalis.com\/tunisie\/2020\/07\/14\/intentions-de-vote-le-pdl-depasse-ennahdha\/\",\"name\":\"Intentions de vote : Le PDL d\u00e9passe Ennahdha - Kapitalis\",\"isPartOf\":{\"@id\":\"https:\/\/kapitalis.com\/tunisie\/#website\"},\"primaryImageOfPage\":{\"@id\":\"https:\/\/kapitalis.com\/tunisie\/2020\/07\/14\/intentions-de-vote-le-pdl-depasse-ennahdha\/#primaryimage\"},\"image\":{\"@id\":\"https:\/\/kapitalis.com\/tunisie\/2020\/07\/14\/intentions-de-vote-le-pdl-depasse-ennahdha\/#primaryimage\"},\"thumbnailUrl\":\"http:\/\/kapitalis.com\/tunisie\/wp-content\/uploads\/2020\/05\/Abir-Moussi-Rached-Ghannouchi.jpg\",\"datePublished\":\"2020-07-14T08:41:11+00:00\",\"dateModified\":\"2020-07-14T08:47:41+00:00\",\"breadcrumb\":{\"@id\":\"https:\/\/kapitalis.com\/tunisie\/2020\/07\/14\/intentions-de-vote-le-pdl-depasse-ennahdha\/#breadcrumb\"},\"inLanguage\":\"fr-FR\",\"potentialAction\":[{\"@type\":\"ReadAction\",\"target\":[\"https:\/\/kapitalis.com\/tunisie\/2020\/07\/14\/intentions-de-vote-le-pdl-depasse-ennahdha\/\"]}]},{\"@type\":\"ImageObject\",\"inLanguage\":\"fr-FR\",\"@id\":\"https:\/\/kapitalis.com\/tunisie\/2020\/07\/14\/intentions-de-vote-le-pdl-depasse-ennahdha\/#primaryimage\",\"url\":\"\",\"contentUrl\":\"\"},{\"@type\":\"BreadcrumbList\",\"@id\":\"https:\/\/kapitalis.com\/tunisie\/2020\/07\/14\/intentions-de-vote-le-pdl-depasse-ennahdha\/#breadcrumb\",\"itemListElement\":[{\"@type\":\"ListItem\",\"position\":1,\"name\":\"Accueil\",\"item\":\"https:\/\/kapitalis.com\/tunisie\/\"},{\"@type\":\"ListItem\",\"position\":2,\"name\":\"Intentions de vote : Le PDL d\u00e9passe Ennahdha\"}]},{\"@type\":\"WebSite\",\"@id\":\"https:\/\/kapitalis.com\/tunisie\/#website\",\"url\":\"https:\/\/kapitalis.com\/tunisie\/\",\"name\":\"Kapitalis\",\"description\":\"L&#039;actualit\u00e9 en Tunisie et dans le monde\",\"publisher\":{\"@id\":\"https:\/\/kapitalis.com\/tunisie\/#organization\"},\"potentialAction\":[{\"@type\":\"SearchAction\",\"target\":{\"@type\":\"EntryPoint\",\"urlTemplate\":\"https:\/\/kapitalis.com\/tunisie\/?s={search_term_string}\"},\"query-input\":{\"@type\":\"PropertyValueSpecification\",\"valueRequired\":true,\"valueName\":\"search_term_string\"}}],\"inLanguage\":\"fr-FR\"},{\"@type\":\"Organization\",\"@id\":\"https:\/\/kapitalis.com\/tunisie\/#organization\",\"name\":\"Kapitalis\",\"url\":\"https:\/\/kapitalis.com\/tunisie\/\",\"logo\":{\"@type\":\"ImageObject\",\"inLanguage\":\"fr-FR\",\"@id\":\"https:\/\/kapitalis.com\/tunisie\/#\/schema\/logo\/image\/\",\"url\":\"https:\/\/kapitalis.com\/tunisie\/wp-content\/uploads\/2022\/05\/Kapitalis-big-size.png\",\"contentUrl\":\"https:\/\/kapitalis.com\/tunisie\/wp-content\/uploads\/2022\/05\/Kapitalis-big-size.png\",\"width\":5000,\"height\":1500,\"caption\":\"Kapitalis\"},\"image\":{\"@id\":\"https:\/\/kapitalis.com\/tunisie\/#\/schema\/logo\/image\/\"},\"sameAs\":[\"https:\/\/www.facebook.com\/KapitalisInfo\/\",\"https:\/\/x.com\/KapitalisInfo\",\"https:\/\/www.youtube.com\/channel\/UC-yDYrHyfFBWWZaOw3FPg9Q\"]},{\"@type\":\"Person\",\"@id\":\"https:\/\/kapitalis.com\/tunisie\/#\/schema\/person\/b35b8d631961131107263178aeb8019e\",\"name\":\"Cherif Benyounes\",\"url\":\"https:\/\/kapitalis.com\/tunisie\/author\/cherif\/\"}]}<\/script>\n<!-- \/ Yoast SEO plugin. -->","yoast_head_json":{"title":"Intentions de vote : Le PDL d\u00e9passe Ennahdha - Kapitalis","robots":{"index":"index","follow":"follow","max-snippet":"max-snippet:-1","max-image-preview":"max-image-preview:large","max-video-preview":"max-video-preview:-1"},"canonical":"https:\/\/kapitalis.com\/tunisie\/2020\/07\/14\/intentions-de-vote-le-pdl-depasse-ennahdha\/","og_locale":"fr_FR","og_type":"article","og_title":"Intentions de vote : Le PDL d\u00e9passe Ennahdha - Kapitalis","og_description":"Si les \u00e9lections l\u00e9gislatives venaient \u00e0 avoir lieu demain, le grand gagnant de l&rsquo;op\u00e9ration serait le Parti destourien libre (PDL), d\u00e9sormais en 1\u00e8re position dans le sondage d&rsquo;intentions de vote de Sigma conseil. Concernant la pr\u00e9sidentielle, Ka\u00efs Sa\u00efed, l&rsquo;actuel chef de l&rsquo;Etat, \u00e9lu en 2019, semble toujours satisfaire les Tunisiens, et n&rsquo;a, surtout, aucun concurrent...","og_url":"https:\/\/kapitalis.com\/tunisie\/2020\/07\/14\/intentions-de-vote-le-pdl-depasse-ennahdha\/","og_site_name":"Kapitalis","article_publisher":"https:\/\/www.facebook.com\/KapitalisInfo\/","article_published_time":"2020-07-14T08:41:11+00:00","article_modified_time":"2020-07-14T08:47:41+00:00","og_image":[{"url":"http:\/\/kapitalis.com\/tunisie\/wp-content\/uploads\/2020\/05\/Abir-Moussi-Rached-Ghannouchi.jpg","type":"","width":"","height":""}],"author":"Cherif Benyounes","twitter_card":"summary_large_image","twitter_creator":"@KapitalisInfo","twitter_site":"@KapitalisInfo","twitter_misc":{"\u00c9crit par":"Cherif Benyounes","Dur\u00e9e de lecture estim\u00e9e":"1 minute"},"schema":{"@context":"https:\/\/schema.org","@graph":[{"@type":"Article","@id":"https:\/\/kapitalis.com\/tunisie\/2020\/07\/14\/intentions-de-vote-le-pdl-depasse-ennahdha\/#article","isPartOf":{"@id":"https:\/\/kapitalis.com\/tunisie\/2020\/07\/14\/intentions-de-vote-le-pdl-depasse-ennahdha\/"},"author":{"name":"Cherif Benyounes","@id":"https:\/\/kapitalis.com\/tunisie\/#\/schema\/person\/b35b8d631961131107263178aeb8019e"},"headline":"Intentions de vote : Le PDL d\u00e9passe Ennahdha","datePublished":"2020-07-14T08:41:11+00:00","dateModified":"2020-07-14T08:47:41+00:00","mainEntityOfPage":{"@id":"https:\/\/kapitalis.com\/tunisie\/2020\/07\/14\/intentions-de-vote-le-pdl-depasse-ennahdha\/"},"wordCount":301,"commentCount":1,"publisher":{"@id":"https:\/\/kapitalis.com\/tunisie\/#organization"},"image":{"@id":"https:\/\/kapitalis.com\/tunisie\/2020\/07\/14\/intentions-de-vote-le-pdl-depasse-ennahdha\/#primaryimage"},"thumbnailUrl":"http:\/\/kapitalis.com\/tunisie\/wp-content\/uploads\/2020\/05\/Abir-Moussi-Rached-Ghannouchi.jpg","keywords":["al-larama","Attayar","Ennahdha","Ka\u00efs Sa\u00efed","Nabil Karoui","PDL","Qalb Tounes","Rached Ghannouchi","safi sa\u00efd"],"articleSection":["POLITIQUE","Tunisie"],"inLanguage":"fr-FR","potentialAction":[{"@type":"CommentAction","name":"Comment","target":["https:\/\/kapitalis.com\/tunisie\/2020\/07\/14\/intentions-de-vote-le-pdl-depasse-ennahdha\/#respond"]}]},{"@type":"WebPage","@id":"https:\/\/kapitalis.com\/tunisie\/2020\/07\/14\/intentions-de-vote-le-pdl-depasse-ennahdha\/","url":"https:\/\/kapitalis.com\/tunisie\/2020\/07\/14\/intentions-de-vote-le-pdl-depasse-ennahdha\/","name":"Intentions de vote : Le PDL d\u00e9passe Ennahdha - Kapitalis","isPartOf":{"@id":"https:\/\/kapitalis.com\/tunisie\/#website"},"primaryImageOfPage":{"@id":"https:\/\/kapitalis.com\/tunisie\/2020\/07\/14\/intentions-de-vote-le-pdl-depasse-ennahdha\/#primaryimage"},"image":{"@id":"https:\/\/kapitalis.com\/tunisie\/2020\/07\/14\/intentions-de-vote-le-pdl-depasse-ennahdha\/#primaryimage"},"thumbnailUrl":"http:\/\/kapitalis.com\/tunisie\/wp-content\/uploads\/2020\/05\/Abir-Moussi-Rached-Ghannouchi.jpg","datePublished":"2020-07-14T08:41:11+00:00","dateModified":"2020-07-14T08:47:41+00:00","breadcrumb":{"@id":"https:\/\/kapitalis.com\/tunisie\/2020\/07\/14\/intentions-de-vote-le-pdl-depasse-ennahdha\/#breadcrumb"},"inLanguage":"fr-FR","potentialAction":[{"@type":"ReadAction","target":["https:\/\/kapitalis.com\/tunisie\/2020\/07\/14\/intentions-de-vote-le-pdl-depasse-ennahdha\/"]}]},{"@type":"ImageObject","inLanguage":"fr-FR","@id":"https:\/\/kapitalis.com\/tunisie\/2020\/07\/14\/intentions-de-vote-le-pdl-depasse-ennahdha\/#primaryimage","url":"","contentUrl":""},{"@type":"BreadcrumbList","@id":"https:\/\/kapitalis.com\/tunisie\/2020\/07\/14\/intentions-de-vote-le-pdl-depasse-ennahdha\/#breadcrumb","itemListElement":[{"@type":"ListItem","position":1,"name":"Accueil","item":"https:\/\/kapitalis.com\/tunisie\/"},{"@type":"ListItem","position":2,"name":"Intentions de vote : Le PDL d\u00e9passe Ennahdha"}]},{"@type":"WebSite","@id":"https:\/\/kapitalis.com\/tunisie\/#website","url":"https:\/\/kapitalis.com\/tunisie\/","name":"Kapitalis","description":"L&#039;actualit\u00e9 en Tunisie et dans le monde","publisher":{"@id":"https:\/\/kapitalis.com\/tunisie\/#organization"},"potentialAction":[{"@type":"SearchAction","target":{"@type":"EntryPoint","urlTemplate":"https:\/\/kapitalis.com\/tunisie\/?s={search_term_string}"},"query-input":{"@type":"PropertyValueSpecification","valueRequired":true,"valueName":"search_term_string"}}],"inLanguage":"fr-FR"},{"@type":"Organization","@id":"https:\/\/kapitalis.com\/tunisie\/#organization","name":"Kapitalis","url":"https:\/\/kapitalis.com\/tunisie\/","logo":{"@type":"ImageObject","inLanguage":"fr-FR","@id":"https:\/\/kapitalis.com\/tunisie\/#\/schema\/logo\/image\/","url":"https:\/\/kapitalis.com\/tunisie\/wp-content\/uploads\/2022\/05\/Kapitalis-big-size.png","contentUrl":"https:\/\/kapitalis.com\/tunisie\/wp-content\/uploads\/2022\/05\/Kapitalis-big-size.png","width":5000,"height":1500,"caption":"Kapitalis"},"image":{"@id":"https:\/\/kapitalis.com\/tunisie\/#\/schema\/logo\/image\/"},"sameAs":["https:\/\/www.facebook.com\/KapitalisInfo\/","https:\/\/x.com\/KapitalisInfo","https:\/\/www.youtube.com\/channel\/UC-yDYrHyfFBWWZaOw3FPg9Q"]},{"@type":"Person","@id":"https:\/\/kapitalis.com\/tunisie\/#\/schema\/person\/b35b8d631961131107263178aeb8019e","name":"Cherif Benyounes","url":"https:\/\/kapitalis.com\/tunisie\/author\/cherif\/"}]}},"_links":{"self":[{"href":"https:\/\/kapitalis.com\/tunisie\/wp-json\/wp\/v2\/posts\/307866","targetHints":{"allow":["GET"]}}],"collection":[{"href":"https:\/\/kapitalis.com\/tunisie\/wp-json\/wp\/v2\/posts"}],"about":[{"href":"https:\/\/kapitalis.com\/tunisie\/wp-json\/wp\/v2\/types\/post"}],"author":[{"embeddable":true,"href":"https:\/\/kapitalis.com\/tunisie\/wp-json\/wp\/v2\/users\/24"}],"replies":[{"embeddable":true,"href":"https:\/\/kapitalis.com\/tunisie\/wp-json\/wp\/v2\/comments?post=307866"}],"version-history":[{"count":0,"href":"https:\/\/kapitalis.com\/tunisie\/wp-json\/wp\/v2\/posts\/307866\/revisions"}],"wp:attachment":[{"href":"https:\/\/kapitalis.com\/tunisie\/wp-json\/wp\/v2\/media?parent=307866"}],"wp:term":[{"taxonomy":"category","embeddable":true,"href":"https:\/\/kapitalis.com\/tunisie\/wp-json\/wp\/v2\/categories?post=307866"},{"taxonomy":"post_tag","embeddable":true,"href":"https:\/\/kapitalis.com\/tunisie\/wp-json\/wp\/v2\/tags?post=307866"}],"curies":[{"name":"wp","href":"https:\/\/api.w.org\/{rel}","templated":true}]}}