{"id":307867,"date":"2020-07-14T09:38:02","date_gmt":"2020-07-14T08:38:02","guid":{"rendered":"http:\/\/kapitalis.com\/tunisie\/?p=307867"},"modified":"2020-07-14T09:38:04","modified_gmt":"2020-07-14T08:38:04","slug":"tunisie-le-manque-de-visibilite-politique-bloque-la-machine-economique","status":"publish","type":"post","link":"https:\/\/kapitalis.com\/tunisie\/2020\/07\/14\/tunisie-le-manque-de-visibilite-politique-bloque-la-machine-economique\/","title":{"rendered":"Tunisie : Le manque de visibilit\u00e9 politique bloque la machine \u00e9conomique"},"content":{"rendered":"\n<figure class=\"wp-block-image size-large\"><img decoding=\"async\" src=\"http:\/\/kapitalis.com\/tunisie\/wp-content\/uploads\/2020\/07\/Boulet-de-fer.jpg\" alt=\"\" class=\"wp-image-307868\"\/><figcaption><em>La Tunisie tra\u00eene sa classe politique comme un boulet de fer qui l&#8217;emp\u00eache de se redresser.<\/em><\/figcaption><\/figure>\n\n\n\n<p><strong><em>Alors que ses probl\u00e8mes \u00e9conomiques sont en train de s\u2019aggraver de plus en plus chaque jour, la Tunisie ne semble pas encore retrouver la stabilit\u00e9 politique n\u00e9cessaire \u00e0 une reprise des activit\u00e9s \u00e9conomiques. L\u2019espoir s\u2019amenuise et le d\u00e9sespoir s\u2019installe, bloquant totalement les vell\u00e9it\u00e9s de redressement national.<\/em><\/strong><\/p>\n\n\n\n<p>Par <strong>Amine Ben Gamra<\/strong> *<\/p>\n\n\n\n<!--more-->\n\n\n\n<div class=\"wp-block-image\"><figure class=\"alignleft size-large\"><img decoding=\"async\" src=\"http:\/\/kapitalis.com\/tunisie\/wp-content\/uploads\/2019\/10\/Amine-Ben-Gamra.jpg\" alt=\"\" class=\"wp-image-248975\"\/><\/figure><\/div>\n\n\n\n<p>La situation politique actuelle en Tunisie ne fait que compliquer la prise de d\u00e9cision dans un pays caract\u00e9ris\u00e9 par une structure institutionnelle dysfonctionnelle qui explique en grande partie la quasi-paralysie de la prise de d\u00e9cision en mati\u00e8re \u00e9conomique.<\/p>\n\n\n\n<p>La fonction publique a perdu une grande partie du respect dont elle jouissait de la part des Tunisiens ordinaires qui consid\u00e8rent le comportement de leurs dirigeants avec un m\u00e9lange d&rsquo;ironie et de m\u00e9pris.<\/p>\n\n\n\n<p>Le foss\u00e9 \u00e9conomique, social et \u00e9ducatif entre un littoral relativement ais\u00e9 et un arri\u00e8re-pays de plus en plus pauvre existe toujours, dix ans apr\u00e8s la r\u00e9volution dont il fut l\u2019une des principales causes. Sur le plan \u00e9conomique comme social, \u00e9ducatif et sanitaire, la Tunisie est divis\u00e9e en de cat\u00e9gories de population presque distinctes, qui ne se parlent pas beaucoup si tant est qu\u2019ils se reconnaissent : les nantis de la c\u00f4te et les bannis des r\u00e9gions int\u00e9rieures.<\/p>\n\n\n\n<h3 class=\"wp-block-heading\">Le calcul partisan prime sur le bon sens \u00e9conomique<\/h3>\n\n\n\n<p>Nos probl\u00e8mes \u00e9conomiques sont en train de s\u2019aggraver de plus en plus chaque jour. Mais jusqu\u2019\u00e0 cette date, la Tunisie ne semble pas encore retrouver la stabilit\u00e9 politique minimale pour esp\u00e9rer repartir de bon pied. <\/p>\n\n\n\n<p>Visiblement, le calcul partisan prime syst\u00e9matiquement sur le bon sens \u00e9conomique amenant les partis politiques, incapables de pr\u00e9senter un plan de redressement \u00e9conomique, \u00e0 faire valoir leurs int\u00e9r\u00eats corporatistes au d\u00e9triment de l\u2019int\u00e9r\u00eat g\u00e9n\u00e9ral. Cela, on l\u2019imagine, a \u00e9norm\u00e9ment accru le ph\u00e9nom\u00e8ne du n\u00e9potisme et de la corruption (conflit d\u2019int\u00e9r\u00eats, d\u00e9lit d\u2019initi\u00e9, \u00e9vasion fiscale, blanchiment d\u2019argent\u2026) rendant la d\u00e9cision \u00e9conomique encore plus li\u00e9e aux int\u00e9r\u00eats priv\u00e9s.<\/p>\n\n\n\n<p>La situation est d\u2019autant plus grave que le m\u00e9contentement populaire va s\u2019aggraver et les mouvements sociaux se g\u00e9n\u00e9raliser, si la croissance \u00e9conomique n\u2019est pas r\u00e9tablie rapidement, avec une reprises des investissements et des cr\u00e9ations d\u2019emplois.<\/p>\n\n\n\n<h3 class=\"wp-block-heading\">Les \u00e9l\u00e9ments d\u2019inqui\u00e9tude se multiplient et l&rsquo;espoir s&rsquo;amenuise<\/h3>\n\n\n\n<p>La crise se traduit par le lourd fardeau de la dette, le ch\u00f4mage qui s\u2019accro\u00eet, aggrav\u00e9 par les r\u00e9percussions de la pand\u00e9mie du Covid-19, et l\u2019inflation se maintenant \u00e0 des niveaux tr\u00e8s \u00e9lev\u00e9s, rognant sur le pouvoir d\u2019achat des citoyens et alimentant la grogne d\u2019une population aux attentes d\u00e9\u00e7ues, alors que, sur le plan politique, les \u00e9l\u00e9ments d\u2019inqui\u00e9tude se multiplient : un gouvernement en sursis, une Assembl\u00e9e transform\u00e9e en foire d\u2019empoigne, une forte hostilit\u00e9 opposant le pr\u00e9sident de l\u2019Assembl\u00e9e au pr\u00e9sident de la R\u00e9publique, une justice qui peine \u00e0 prouver son ind\u00e9pendance des lobbys politiques, etc.<\/p>\n\n\n\n<p>Qu\u2019ils soient riches ou pauvres, les Tunisiens n\u2019ont plus d\u2019espoir face au manque de visibilit\u00e9 quant \u00e0 leur avenir et \u00e0 celui de leurs enfants, l\u2019ambigu\u00eft\u00e9 de la situation politique bloquant totalement les vell\u00e9it\u00e9s de relance de l\u2019\u00e9conomie nationale.<\/p>\n\n\n\n<p>* <em>Expert comptable, commissaire aux comptes, membre de l&rsquo;Ordre des experts comptable de Tunisie.<\/em><\/p>\n","protected":false},"excerpt":{"rendered":"<p>Alors que ses probl\u00e8mes \u00e9conomiques sont en train de s\u2019aggraver de plus en plus chaque jour, la Tunisie ne semble pas encore retrouver la stabilit\u00e9 politique n\u00e9cessaire \u00e0 une reprise des activit\u00e9s \u00e9conomiques. L\u2019espoir s\u2019amenuise et le d\u00e9sespoir s\u2019installe, bloquant totalement les vell\u00e9it\u00e9s de redressement national. Par Amine Ben Gamra *<\/p>\n","protected":false},"author":8,"featured_media":307868,"comment_status":"open","ping_status":"open","sticky":false,"template":"","format":"standard","meta":{"footnotes":""},"categories":[992,995,1000,2433],"tags":[],"class_list":["post-307867","post","type-post","status-publish","format-standard","has-post-thumbnail","hentry","category-a-la-une","category-economie","category-tribune","category-tunisie"],"yoast_head":"<!-- This site is optimized with the Yoast SEO plugin v26.6 - https:\/\/yoast.com\/wordpress\/plugins\/seo\/ -->\n<title>Tunisie : Le manque de visibilit\u00e9 politique bloque la machine \u00e9conomique - Kapitalis<\/title>\n<meta name=\"robots\" content=\"index, follow, max-snippet:-1, max-image-preview:large, max-video-preview:-1\" \/>\n<link rel=\"canonical\" href=\"https:\/\/kapitalis.com\/tunisie\/2020\/07\/14\/tunisie-le-manque-de-visibilite-politique-bloque-la-machine-economique\/\" \/>\n<meta property=\"og:locale\" content=\"fr_FR\" \/>\n<meta property=\"og:type\" content=\"article\" \/>\n<meta property=\"og:title\" content=\"Tunisie : Le manque de visibilit\u00e9 politique bloque la machine \u00e9conomique - Kapitalis\" \/>\n<meta property=\"og:description\" content=\"Alors que ses probl\u00e8mes \u00e9conomiques sont en train de s\u2019aggraver de plus en plus chaque jour, la Tunisie ne semble pas encore retrouver la stabilit\u00e9 politique n\u00e9cessaire \u00e0 une reprise des activit\u00e9s \u00e9conomiques. L\u2019espoir s\u2019amenuise et le d\u00e9sespoir s\u2019installe, bloquant totalement les vell\u00e9it\u00e9s de redressement national. Par Amine Ben Gamra *\" \/>\n<meta property=\"og:url\" content=\"https:\/\/kapitalis.com\/tunisie\/2020\/07\/14\/tunisie-le-manque-de-visibilite-politique-bloque-la-machine-economique\/\" \/>\n<meta property=\"og:site_name\" content=\"Kapitalis\" \/>\n<meta property=\"article:publisher\" content=\"https:\/\/www.facebook.com\/KapitalisInfo\/\" \/>\n<meta property=\"article:published_time\" content=\"2020-07-14T08:38:02+00:00\" \/>\n<meta property=\"article:modified_time\" content=\"2020-07-14T08:38:04+00:00\" \/>\n<meta property=\"og:image\" content=\"https:\/\/kapitalis.com\/tunisie\/wp-content\/uploads\/2022\/05\/kapitalis-logo-fb.png\" \/>\n\t<meta property=\"og:image:width\" content=\"1200\" \/>\n\t<meta property=\"og:image:height\" content=\"630\" \/>\n\t<meta property=\"og:image:type\" content=\"image\/png\" \/>\n<meta name=\"author\" content=\"webmaster kapitalis\" \/>\n<meta name=\"twitter:card\" content=\"summary_large_image\" \/>\n<meta name=\"twitter:creator\" content=\"@KapitalisInfo\" \/>\n<meta name=\"twitter:site\" content=\"@KapitalisInfo\" \/>\n<meta name=\"twitter:label1\" content=\"\u00c9crit par\" \/>\n\t<meta name=\"twitter:data1\" content=\"webmaster kapitalis\" \/>\n\t<meta name=\"twitter:label2\" content=\"Dur\u00e9e de lecture estim\u00e9e\" \/>\n\t<meta name=\"twitter:data2\" content=\"3 minutes\" \/>\n<script type=\"application\/ld+json\" class=\"yoast-schema-graph\">{\"@context\":\"https:\/\/schema.org\",\"@graph\":[{\"@type\":\"Article\",\"@id\":\"https:\/\/kapitalis.com\/tunisie\/2020\/07\/14\/tunisie-le-manque-de-visibilite-politique-bloque-la-machine-economique\/#article\",\"isPartOf\":{\"@id\":\"https:\/\/kapitalis.com\/tunisie\/2020\/07\/14\/tunisie-le-manque-de-visibilite-politique-bloque-la-machine-economique\/\"},\"author\":{\"name\":\"webmaster kapitalis\",\"@id\":\"https:\/\/kapitalis.com\/tunisie\/#\/schema\/person\/d71f33a9ca44f7bad4698210b480c8e9\"},\"headline\":\"Tunisie : Le manque de visibilit\u00e9 politique bloque la machine \u00e9conomique\",\"datePublished\":\"2020-07-14T08:38:02+00:00\",\"dateModified\":\"2020-07-14T08:38:04+00:00\",\"mainEntityOfPage\":{\"@id\":\"https:\/\/kapitalis.com\/tunisie\/2020\/07\/14\/tunisie-le-manque-de-visibilite-politique-bloque-la-machine-economique\/\"},\"wordCount\":618,\"commentCount\":2,\"publisher\":{\"@id\":\"https:\/\/kapitalis.com\/tunisie\/#organization\"},\"image\":{\"@id\":\"https:\/\/kapitalis.com\/tunisie\/2020\/07\/14\/tunisie-le-manque-de-visibilite-politique-bloque-la-machine-economique\/#primaryimage\"},\"thumbnailUrl\":\"\",\"articleSection\":[\"A LA UNE\",\"ECONOMIE\",\"TRIBUNE\",\"Tunisie\"],\"inLanguage\":\"fr-FR\",\"potentialAction\":[{\"@type\":\"CommentAction\",\"name\":\"Comment\",\"target\":[\"https:\/\/kapitalis.com\/tunisie\/2020\/07\/14\/tunisie-le-manque-de-visibilite-politique-bloque-la-machine-economique\/#respond\"]}]},{\"@type\":\"WebPage\",\"@id\":\"https:\/\/kapitalis.com\/tunisie\/2020\/07\/14\/tunisie-le-manque-de-visibilite-politique-bloque-la-machine-economique\/\",\"url\":\"https:\/\/kapitalis.com\/tunisie\/2020\/07\/14\/tunisie-le-manque-de-visibilite-politique-bloque-la-machine-economique\/\",\"name\":\"Tunisie : Le manque de visibilit\u00e9 politique bloque la machine \u00e9conomique - Kapitalis\",\"isPartOf\":{\"@id\":\"https:\/\/kapitalis.com\/tunisie\/#website\"},\"primaryImageOfPage\":{\"@id\":\"https:\/\/kapitalis.com\/tunisie\/2020\/07\/14\/tunisie-le-manque-de-visibilite-politique-bloque-la-machine-economique\/#primaryimage\"},\"image\":{\"@id\":\"https:\/\/kapitalis.com\/tunisie\/2020\/07\/14\/tunisie-le-manque-de-visibilite-politique-bloque-la-machine-economique\/#primaryimage\"},\"thumbnailUrl\":\"\",\"datePublished\":\"2020-07-14T08:38:02+00:00\",\"dateModified\":\"2020-07-14T08:38:04+00:00\",\"breadcrumb\":{\"@id\":\"https:\/\/kapitalis.com\/tunisie\/2020\/07\/14\/tunisie-le-manque-de-visibilite-politique-bloque-la-machine-economique\/#breadcrumb\"},\"inLanguage\":\"fr-FR\",\"potentialAction\":[{\"@type\":\"ReadAction\",\"target\":[\"https:\/\/kapitalis.com\/tunisie\/2020\/07\/14\/tunisie-le-manque-de-visibilite-politique-bloque-la-machine-economique\/\"]}]},{\"@type\":\"ImageObject\",\"inLanguage\":\"fr-FR\",\"@id\":\"https:\/\/kapitalis.com\/tunisie\/2020\/07\/14\/tunisie-le-manque-de-visibilite-politique-bloque-la-machine-economique\/#primaryimage\",\"url\":\"\",\"contentUrl\":\"\"},{\"@type\":\"BreadcrumbList\",\"@id\":\"https:\/\/kapitalis.com\/tunisie\/2020\/07\/14\/tunisie-le-manque-de-visibilite-politique-bloque-la-machine-economique\/#breadcrumb\",\"itemListElement\":[{\"@type\":\"ListItem\",\"position\":1,\"name\":\"Accueil\",\"item\":\"https:\/\/kapitalis.com\/tunisie\/\"},{\"@type\":\"ListItem\",\"position\":2,\"name\":\"Tunisie : Le manque de visibilit\u00e9 politique bloque la machine \u00e9conomique\"}]},{\"@type\":\"WebSite\",\"@id\":\"https:\/\/kapitalis.com\/tunisie\/#website\",\"url\":\"https:\/\/kapitalis.com\/tunisie\/\",\"name\":\"Kapitalis\",\"description\":\"L&#039;actualit\u00e9 en Tunisie et dans le monde\",\"publisher\":{\"@id\":\"https:\/\/kapitalis.com\/tunisie\/#organization\"},\"potentialAction\":[{\"@type\":\"SearchAction\",\"target\":{\"@type\":\"EntryPoint\",\"urlTemplate\":\"https:\/\/kapitalis.com\/tunisie\/?s={search_term_string}\"},\"query-input\":{\"@type\":\"PropertyValueSpecification\",\"valueRequired\":true,\"valueName\":\"search_term_string\"}}],\"inLanguage\":\"fr-FR\"},{\"@type\":\"Organization\",\"@id\":\"https:\/\/kapitalis.com\/tunisie\/#organization\",\"name\":\"Kapitalis\",\"url\":\"https:\/\/kapitalis.com\/tunisie\/\",\"logo\":{\"@type\":\"ImageObject\",\"inLanguage\":\"fr-FR\",\"@id\":\"https:\/\/kapitalis.com\/tunisie\/#\/schema\/logo\/image\/\",\"url\":\"https:\/\/kapitalis.com\/tunisie\/wp-content\/uploads\/2022\/05\/Kapitalis-big-size.png\",\"contentUrl\":\"https:\/\/kapitalis.com\/tunisie\/wp-content\/uploads\/2022\/05\/Kapitalis-big-size.png\",\"width\":5000,\"height\":1500,\"caption\":\"Kapitalis\"},\"image\":{\"@id\":\"https:\/\/kapitalis.com\/tunisie\/#\/schema\/logo\/image\/\"},\"sameAs\":[\"https:\/\/www.facebook.com\/KapitalisInfo\/\",\"https:\/\/x.com\/KapitalisInfo\",\"https:\/\/www.youtube.com\/channel\/UC-yDYrHyfFBWWZaOw3FPg9Q\"]},{\"@type\":\"Person\",\"@id\":\"https:\/\/kapitalis.com\/tunisie\/#\/schema\/person\/d71f33a9ca44f7bad4698210b480c8e9\",\"name\":\"webmaster kapitalis\",\"url\":\"https:\/\/kapitalis.com\/tunisie\/author\/webmaster-kapitalis\/\"}]}<\/script>\n<!-- \/ Yoast SEO plugin. -->","yoast_head_json":{"title":"Tunisie : Le manque de visibilit\u00e9 politique bloque la machine \u00e9conomique - Kapitalis","robots":{"index":"index","follow":"follow","max-snippet":"max-snippet:-1","max-image-preview":"max-image-preview:large","max-video-preview":"max-video-preview:-1"},"canonical":"https:\/\/kapitalis.com\/tunisie\/2020\/07\/14\/tunisie-le-manque-de-visibilite-politique-bloque-la-machine-economique\/","og_locale":"fr_FR","og_type":"article","og_title":"Tunisie : Le manque de visibilit\u00e9 politique bloque la machine \u00e9conomique - Kapitalis","og_description":"Alors que ses probl\u00e8mes \u00e9conomiques sont en train de s\u2019aggraver de plus en plus chaque jour, la Tunisie ne semble pas encore retrouver la stabilit\u00e9 politique n\u00e9cessaire \u00e0 une reprise des activit\u00e9s \u00e9conomiques. L\u2019espoir s\u2019amenuise et le d\u00e9sespoir s\u2019installe, bloquant totalement les vell\u00e9it\u00e9s de redressement national. Par Amine Ben Gamra *","og_url":"https:\/\/kapitalis.com\/tunisie\/2020\/07\/14\/tunisie-le-manque-de-visibilite-politique-bloque-la-machine-economique\/","og_site_name":"Kapitalis","article_publisher":"https:\/\/www.facebook.com\/KapitalisInfo\/","article_published_time":"2020-07-14T08:38:02+00:00","article_modified_time":"2020-07-14T08:38:04+00:00","og_image":[{"width":1200,"height":630,"url":"https:\/\/kapitalis.com\/tunisie\/wp-content\/uploads\/2022\/05\/kapitalis-logo-fb.png","type":"image\/png"}],"author":"webmaster kapitalis","twitter_card":"summary_large_image","twitter_creator":"@KapitalisInfo","twitter_site":"@KapitalisInfo","twitter_misc":{"\u00c9crit par":"webmaster kapitalis","Dur\u00e9e de lecture estim\u00e9e":"3 minutes"},"schema":{"@context":"https:\/\/schema.org","@graph":[{"@type":"Article","@id":"https:\/\/kapitalis.com\/tunisie\/2020\/07\/14\/tunisie-le-manque-de-visibilite-politique-bloque-la-machine-economique\/#article","isPartOf":{"@id":"https:\/\/kapitalis.com\/tunisie\/2020\/07\/14\/tunisie-le-manque-de-visibilite-politique-bloque-la-machine-economique\/"},"author":{"name":"webmaster kapitalis","@id":"https:\/\/kapitalis.com\/tunisie\/#\/schema\/person\/d71f33a9ca44f7bad4698210b480c8e9"},"headline":"Tunisie : Le manque de visibilit\u00e9 politique bloque la machine \u00e9conomique","datePublished":"2020-07-14T08:38:02+00:00","dateModified":"2020-07-14T08:38:04+00:00","mainEntityOfPage":{"@id":"https:\/\/kapitalis.com\/tunisie\/2020\/07\/14\/tunisie-le-manque-de-visibilite-politique-bloque-la-machine-economique\/"},"wordCount":618,"commentCount":2,"publisher":{"@id":"https:\/\/kapitalis.com\/tunisie\/#organization"},"image":{"@id":"https:\/\/kapitalis.com\/tunisie\/2020\/07\/14\/tunisie-le-manque-de-visibilite-politique-bloque-la-machine-economique\/#primaryimage"},"thumbnailUrl":"","articleSection":["A LA UNE","ECONOMIE","TRIBUNE","Tunisie"],"inLanguage":"fr-FR","potentialAction":[{"@type":"CommentAction","name":"Comment","target":["https:\/\/kapitalis.com\/tunisie\/2020\/07\/14\/tunisie-le-manque-de-visibilite-politique-bloque-la-machine-economique\/#respond"]}]},{"@type":"WebPage","@id":"https:\/\/kapitalis.com\/tunisie\/2020\/07\/14\/tunisie-le-manque-de-visibilite-politique-bloque-la-machine-economique\/","url":"https:\/\/kapitalis.com\/tunisie\/2020\/07\/14\/tunisie-le-manque-de-visibilite-politique-bloque-la-machine-economique\/","name":"Tunisie : Le manque de visibilit\u00e9 politique bloque la machine \u00e9conomique - Kapitalis","isPartOf":{"@id":"https:\/\/kapitalis.com\/tunisie\/#website"},"primaryImageOfPage":{"@id":"https:\/\/kapitalis.com\/tunisie\/2020\/07\/14\/tunisie-le-manque-de-visibilite-politique-bloque-la-machine-economique\/#primaryimage"},"image":{"@id":"https:\/\/kapitalis.com\/tunisie\/2020\/07\/14\/tunisie-le-manque-de-visibilite-politique-bloque-la-machine-economique\/#primaryimage"},"thumbnailUrl":"","datePublished":"2020-07-14T08:38:02+00:00","dateModified":"2020-07-14T08:38:04+00:00","breadcrumb":{"@id":"https:\/\/kapitalis.com\/tunisie\/2020\/07\/14\/tunisie-le-manque-de-visibilite-politique-bloque-la-machine-economique\/#breadcrumb"},"inLanguage":"fr-FR","potentialAction":[{"@type":"ReadAction","target":["https:\/\/kapitalis.com\/tunisie\/2020\/07\/14\/tunisie-le-manque-de-visibilite-politique-bloque-la-machine-economique\/"]}]},{"@type":"ImageObject","inLanguage":"fr-FR","@id":"https:\/\/kapitalis.com\/tunisie\/2020\/07\/14\/tunisie-le-manque-de-visibilite-politique-bloque-la-machine-economique\/#primaryimage","url":"","contentUrl":""},{"@type":"BreadcrumbList","@id":"https:\/\/kapitalis.com\/tunisie\/2020\/07\/14\/tunisie-le-manque-de-visibilite-politique-bloque-la-machine-economique\/#breadcrumb","itemListElement":[{"@type":"ListItem","position":1,"name":"Accueil","item":"https:\/\/kapitalis.com\/tunisie\/"},{"@type":"ListItem","position":2,"name":"Tunisie : Le manque de visibilit\u00e9 politique bloque la machine \u00e9conomique"}]},{"@type":"WebSite","@id":"https:\/\/kapitalis.com\/tunisie\/#website","url":"https:\/\/kapitalis.com\/tunisie\/","name":"Kapitalis","description":"L&#039;actualit\u00e9 en Tunisie et dans le monde","publisher":{"@id":"https:\/\/kapitalis.com\/tunisie\/#organization"},"potentialAction":[{"@type":"SearchAction","target":{"@type":"EntryPoint","urlTemplate":"https:\/\/kapitalis.com\/tunisie\/?s={search_term_string}"},"query-input":{"@type":"PropertyValueSpecification","valueRequired":true,"valueName":"search_term_string"}}],"inLanguage":"fr-FR"},{"@type":"Organization","@id":"https:\/\/kapitalis.com\/tunisie\/#organization","name":"Kapitalis","url":"https:\/\/kapitalis.com\/tunisie\/","logo":{"@type":"ImageObject","inLanguage":"fr-FR","@id":"https:\/\/kapitalis.com\/tunisie\/#\/schema\/logo\/image\/","url":"https:\/\/kapitalis.com\/tunisie\/wp-content\/uploads\/2022\/05\/Kapitalis-big-size.png","contentUrl":"https:\/\/kapitalis.com\/tunisie\/wp-content\/uploads\/2022\/05\/Kapitalis-big-size.png","width":5000,"height":1500,"caption":"Kapitalis"},"image":{"@id":"https:\/\/kapitalis.com\/tunisie\/#\/schema\/logo\/image\/"},"sameAs":["https:\/\/www.facebook.com\/KapitalisInfo\/","https:\/\/x.com\/KapitalisInfo","https:\/\/www.youtube.com\/channel\/UC-yDYrHyfFBWWZaOw3FPg9Q"]},{"@type":"Person","@id":"https:\/\/kapitalis.com\/tunisie\/#\/schema\/person\/d71f33a9ca44f7bad4698210b480c8e9","name":"webmaster kapitalis","url":"https:\/\/kapitalis.com\/tunisie\/author\/webmaster-kapitalis\/"}]}},"_links":{"self":[{"href":"https:\/\/kapitalis.com\/tunisie\/wp-json\/wp\/v2\/posts\/307867","targetHints":{"allow":["GET"]}}],"collection":[{"href":"https:\/\/kapitalis.com\/tunisie\/wp-json\/wp\/v2\/posts"}],"about":[{"href":"https:\/\/kapitalis.com\/tunisie\/wp-json\/wp\/v2\/types\/post"}],"author":[{"embeddable":true,"href":"https:\/\/kapitalis.com\/tunisie\/wp-json\/wp\/v2\/users\/8"}],"replies":[{"embeddable":true,"href":"https:\/\/kapitalis.com\/tunisie\/wp-json\/wp\/v2\/comments?post=307867"}],"version-history":[{"count":0,"href":"https:\/\/kapitalis.com\/tunisie\/wp-json\/wp\/v2\/posts\/307867\/revisions"}],"wp:featuredmedia":[{"embeddable":true,"href":"https:\/\/kapitalis.com\/tunisie\/wp-json\/wp\/v2\/media\/307868"}],"wp:attachment":[{"href":"https:\/\/kapitalis.com\/tunisie\/wp-json\/wp\/v2\/media?parent=307867"}],"wp:term":[{"taxonomy":"category","embeddable":true,"href":"https:\/\/kapitalis.com\/tunisie\/wp-json\/wp\/v2\/categories?post=307867"},{"taxonomy":"post_tag","embeddable":true,"href":"https:\/\/kapitalis.com\/tunisie\/wp-json\/wp\/v2\/tags?post=307867"}],"curies":[{"name":"wp","href":"https:\/\/api.w.org\/{rel}","templated":true}]}}