{"id":307972,"date":"2020-07-14T21:46:19","date_gmt":"2020-07-14T20:46:19","guid":{"rendered":"http:\/\/kapitalis.com\/tunisie\/?p=307972"},"modified":"2020-07-15T07:29:20","modified_gmt":"2020-07-15T06:29:20","slug":"assemblee-les-signataires-de-la-motion-de-censure-pour-le-retrait-de-confiance-a-rached-ghannouchi","status":"publish","type":"post","link":"https:\/\/kapitalis.com\/tunisie\/2020\/07\/14\/assemblee-les-signataires-de-la-motion-de-censure-pour-le-retrait-de-confiance-a-rached-ghannouchi\/","title":{"rendered":"Assembl\u00e9e : Les signataires de la motion de censure pour le retrait de confiance \u00e0 Rached Ghannouchi"},"content":{"rendered":"\n<figure class=\"wp-block-image size-large\"><img decoding=\"async\" src=\"http:\/\/kapitalis.com\/tunisie\/wp-content\/uploads\/2019\/11\/ghannouchi-arp.jpg\" alt=\"\" class=\"wp-image-256694\"\/><\/figure>\n\n\n\n<p><em><strong>Mabrouk Korchid, Kamel Ayadi et Ayachi Zammel (d\u00e9missionnaires Tahya Tounes) ainsi que Faycel Tebbini (Voix des agriculteurs), ont rejoint les signataires de la motion de censure pour le retrait de confiance au pr\u00e9sident de l&rsquo;Assembl\u00e9e, Rached Ghannouchi.<\/strong><\/em><\/p>\n\n\n\n<!--more-->\n\n\n\n<p>C&rsquo;est ce qu&rsquo;a annonc\u00e9 Mabrouk Korchid, ancien ministre des Domaines de l\u2019Etat et des Affaires fonci\u00e8res, dans un post publi\u00e9, cet apr\u00e8s-midi, mardi 14 juillet 2020<em><strong>,<\/strong><\/em> sur son copte Facebook.<\/p>\n\n\n\n<p>Rappelons que la pr\u00e9sidente du PDL, Abir Moussi, avait annonc\u00e9, plus t\u00f4t, que son bloc a \u00e9galement sign\u00e9 cette motion, qui lui a \u00e9t\u00e9 <em>pr\u00e9sent\u00e9e<\/em> par Tahya Tounes : \u00ab<em>Nous avons tous sign\u00e9 car le plus important ce n&rsquo;est pas qui a pr\u00e9sent\u00e9 la motion, mais c&rsquo;est de r\u00e9unir 73 signatures pour pouvoir pr\u00e9senter la p\u00e9tition au bureau d\u2019ordre du Parlement, comme un premier pas avant de r\u00e9unir les 109 signatures en s\u00e9ance pl\u00e9ni\u00e8re afin de retirer la confiance \u00e0 Rached Ghannouchi. Je suis ravie de cette prise de conscience g\u00e9n\u00e9rale<\/em>\u00bb, a lanc\u00e9 Mme Moussi, lors d\u2019une conf\u00e9rence de presse tenue aujourd\u2019hui \u00e0 l&rsquo;Assembl\u00e9e, laissant entendre qu&rsquo;elle a \u00e9t\u00e9 la premi\u00e8re, au nom du bloc PDL, \u00e0 lancer cette id\u00e9e de retrait de confiance \u00e0 Ghannouchi et qu&rsquo;elle a \u00e9t\u00e9 rejointe par les autres blocs.<\/p>\n\n\n\n<p>Pour sa part Faycel Tebbini a indiqu\u00e9 que pour la stabilit\u00e9 de l&rsquo;Assembl\u00e9e Rached Ghannouchi est appel\u00e9 \u00e0 quitter la pr\u00e9sidence. \u00ab<em>Qu&rsquo;il prenne aussi avec lui son chef de cabinet Habib Khedher\u00bb<\/em>, a-t-il comment\u00e9, ce dernier se comportant comme un petit chef de commissariat de police.<\/p>\n\n\n\n<p>Rappelons aussi que le porte-parole d\u2019Attayar, Mohamed Ammar, avait de son c\u00f4t\u00e9 assur\u00e9 que 4 blocs parlementaires initiateurs de la motion ont convenu d\u2019entamer les proc\u00e9dures de retrait de confiance \u00e0 Rached Ghannouchi, citant les blocs D\u00e9mocrate (Attayar et Al Chaab), la R\u00e9forme, Tahya Tounes et National.<\/p>\n\n\n\n<p>Ce dernier a confirm\u00e9, dans un communiqu\u00e9, que tous ses d\u00e9put\u00e9s ont vot\u00e9 \u00e0 l&rsquo;unanimit\u00e9 pour le retrait de confiance \u00e0 Ghannouchi.<\/p>\n\n\n\n<p>Quant \u00e0 Qalb Tounes, le parti a annonc\u00e9, ce soir, dans un communiqu\u00e9, avoir charg\u00e9 son pr\u00e9sident, Nabil Karoui, de \u00ab<em>mener des consultations avec les diff\u00e9rents partis afin de mettre fin aux divergences pour trouver des solutions qui r\u00e9pondent aux attentes du peuple et sortir la Tunisie \u00e0 la crise<\/em>\u00bb. Traduire: M. Karoui vole au secours de son ma\u00eetre : Rached Ghannouchi, qui le tient en laisse en utilisant contre lui ses d\u00e9m\u00eal\u00e9es avec la justice.  Difficile de tomber plus bas&#8230; <\/p>\n\n\n\n<p>Rached Ghannouchi, chef du parti islamiste, avait \u00e9t\u00e9 \u00e9lu, en novembre dernier, \u00e0 la pr\u00e9sidence de l&rsquo;Assembl\u00e9e avec 123 voix, dont celles des d\u00e9put\u00e9s Qalb Tounes et Al-Karama, coalition satellite d&rsquo;Ennahdha, pr\u00e9sid\u00e9e par le tr\u00e8s sulfureux <em>\u00abavocat des terroristes\u00bb<\/em> Seifeddine Makhlouf.<\/p>\n\n\n\n<p class=\"has-text-align-right\"><strong>Y. N.<\/strong><\/p>\n","protected":false},"excerpt":{"rendered":"<p>Mabrouk Korchid, Kamel Ayadi et Ayachi Zammel (d\u00e9missionnaires Tahya Tounes) ainsi que Faycel Tebbini (Voix des agriculteurs), ont rejoint les signataires de la motion de censure pour le retrait de confiance au pr\u00e9sident de l&rsquo;Assembl\u00e9e, Rached Ghannouchi.<\/p>\n","protected":false},"author":6,"featured_media":0,"comment_status":"open","ping_status":"open","sticky":false,"template":"","format":"standard","meta":{"footnotes":""},"categories":[997,2433],"tags":[93,3668,49543,80834,5848,758,74840],"class_list":["post-307972","post","type-post","status-publish","format-standard","hentry","category-politique","category-tunisie","tag-assemblee","tag-deputes","tag-ennahdha","tag-motion-censure","tag-parlement","tag-rached-ghannouchi","tag-retrait-de-confiance"],"yoast_head":"<!-- This site is optimized with the Yoast SEO plugin v26.6 - https:\/\/yoast.com\/wordpress\/plugins\/seo\/ -->\n<title>Assembl\u00e9e : Les signataires de la motion de censure pour le retrait de confiance \u00e0 Rached Ghannouchi - Kapitalis<\/title>\n<meta name=\"robots\" content=\"index, follow, max-snippet:-1, max-image-preview:large, max-video-preview:-1\" \/>\n<link rel=\"canonical\" href=\"https:\/\/kapitalis.com\/tunisie\/2020\/07\/14\/assemblee-les-signataires-de-la-motion-de-censure-pour-le-retrait-de-confiance-a-rached-ghannouchi\/\" \/>\n<meta property=\"og:locale\" content=\"fr_FR\" \/>\n<meta property=\"og:type\" content=\"article\" \/>\n<meta property=\"og:title\" content=\"Assembl\u00e9e : Les signataires de la motion de censure pour le retrait de confiance \u00e0 Rached Ghannouchi - Kapitalis\" \/>\n<meta property=\"og:description\" content=\"Mabrouk Korchid, Kamel Ayadi et Ayachi Zammel (d\u00e9missionnaires Tahya Tounes) ainsi que Faycel Tebbini (Voix des agriculteurs), ont rejoint les signataires de la motion de censure pour le retrait de confiance au pr\u00e9sident de l&rsquo;Assembl\u00e9e, Rached Ghannouchi.\" \/>\n<meta property=\"og:url\" content=\"https:\/\/kapitalis.com\/tunisie\/2020\/07\/14\/assemblee-les-signataires-de-la-motion-de-censure-pour-le-retrait-de-confiance-a-rached-ghannouchi\/\" \/>\n<meta property=\"og:site_name\" content=\"Kapitalis\" \/>\n<meta property=\"article:publisher\" content=\"https:\/\/www.facebook.com\/KapitalisInfo\/\" \/>\n<meta property=\"article:published_time\" content=\"2020-07-14T20:46:19+00:00\" \/>\n<meta property=\"article:modified_time\" content=\"2020-07-15T06:29:20+00:00\" \/>\n<meta property=\"og:image\" content=\"http:\/\/kapitalis.com\/tunisie\/wp-content\/uploads\/2019\/11\/ghannouchi-arp.jpg\" \/>\n<meta name=\"author\" content=\"Yusra NY\" \/>\n<meta name=\"twitter:card\" content=\"summary_large_image\" \/>\n<meta name=\"twitter:creator\" content=\"@KapitalisInfo\" \/>\n<meta name=\"twitter:site\" content=\"@KapitalisInfo\" \/>\n<meta name=\"twitter:label1\" content=\"\u00c9crit par\" \/>\n\t<meta name=\"twitter:data1\" content=\"Yusra NY\" \/>\n\t<meta name=\"twitter:label2\" content=\"Dur\u00e9e de lecture estim\u00e9e\" \/>\n\t<meta name=\"twitter:data2\" content=\"2 minutes\" \/>\n<script type=\"application\/ld+json\" class=\"yoast-schema-graph\">{\"@context\":\"https:\/\/schema.org\",\"@graph\":[{\"@type\":\"Article\",\"@id\":\"https:\/\/kapitalis.com\/tunisie\/2020\/07\/14\/assemblee-les-signataires-de-la-motion-de-censure-pour-le-retrait-de-confiance-a-rached-ghannouchi\/#article\",\"isPartOf\":{\"@id\":\"https:\/\/kapitalis.com\/tunisie\/2020\/07\/14\/assemblee-les-signataires-de-la-motion-de-censure-pour-le-retrait-de-confiance-a-rached-ghannouchi\/\"},\"author\":{\"name\":\"Yusra NY\",\"@id\":\"https:\/\/kapitalis.com\/tunisie\/#\/schema\/person\/74bbde0154d49d790a92aaeac5bc01d5\"},\"headline\":\"Assembl\u00e9e : Les signataires de la motion de censure pour le retrait de confiance \u00e0 Rached Ghannouchi\",\"datePublished\":\"2020-07-14T20:46:19+00:00\",\"dateModified\":\"2020-07-15T06:29:20+00:00\",\"mainEntityOfPage\":{\"@id\":\"https:\/\/kapitalis.com\/tunisie\/2020\/07\/14\/assemblee-les-signataires-de-la-motion-de-censure-pour-le-retrait-de-confiance-a-rached-ghannouchi\/\"},\"wordCount\":489,\"commentCount\":0,\"publisher\":{\"@id\":\"https:\/\/kapitalis.com\/tunisie\/#organization\"},\"image\":{\"@id\":\"https:\/\/kapitalis.com\/tunisie\/2020\/07\/14\/assemblee-les-signataires-de-la-motion-de-censure-pour-le-retrait-de-confiance-a-rached-ghannouchi\/#primaryimage\"},\"thumbnailUrl\":\"http:\/\/kapitalis.com\/tunisie\/wp-content\/uploads\/2019\/11\/ghannouchi-arp.jpg\",\"keywords\":[\"Assembl\u00e9e\",\"d\u00e9put\u00e9s\",\"Ennahdha\",\"motion censure\",\"parlement\",\"Rached Ghannouchi\",\"retrait de confiance\"],\"articleSection\":[\"POLITIQUE\",\"Tunisie\"],\"inLanguage\":\"fr-FR\",\"potentialAction\":[{\"@type\":\"CommentAction\",\"name\":\"Comment\",\"target\":[\"https:\/\/kapitalis.com\/tunisie\/2020\/07\/14\/assemblee-les-signataires-de-la-motion-de-censure-pour-le-retrait-de-confiance-a-rached-ghannouchi\/#respond\"]}]},{\"@type\":\"WebPage\",\"@id\":\"https:\/\/kapitalis.com\/tunisie\/2020\/07\/14\/assemblee-les-signataires-de-la-motion-de-censure-pour-le-retrait-de-confiance-a-rached-ghannouchi\/\",\"url\":\"https:\/\/kapitalis.com\/tunisie\/2020\/07\/14\/assemblee-les-signataires-de-la-motion-de-censure-pour-le-retrait-de-confiance-a-rached-ghannouchi\/\",\"name\":\"Assembl\u00e9e : Les signataires de la motion de censure pour le retrait de confiance \u00e0 Rached Ghannouchi - Kapitalis\",\"isPartOf\":{\"@id\":\"https:\/\/kapitalis.com\/tunisie\/#website\"},\"primaryImageOfPage\":{\"@id\":\"https:\/\/kapitalis.com\/tunisie\/2020\/07\/14\/assemblee-les-signataires-de-la-motion-de-censure-pour-le-retrait-de-confiance-a-rached-ghannouchi\/#primaryimage\"},\"image\":{\"@id\":\"https:\/\/kapitalis.com\/tunisie\/2020\/07\/14\/assemblee-les-signataires-de-la-motion-de-censure-pour-le-retrait-de-confiance-a-rached-ghannouchi\/#primaryimage\"},\"thumbnailUrl\":\"http:\/\/kapitalis.com\/tunisie\/wp-content\/uploads\/2019\/11\/ghannouchi-arp.jpg\",\"datePublished\":\"2020-07-14T20:46:19+00:00\",\"dateModified\":\"2020-07-15T06:29:20+00:00\",\"breadcrumb\":{\"@id\":\"https:\/\/kapitalis.com\/tunisie\/2020\/07\/14\/assemblee-les-signataires-de-la-motion-de-censure-pour-le-retrait-de-confiance-a-rached-ghannouchi\/#breadcrumb\"},\"inLanguage\":\"fr-FR\",\"potentialAction\":[{\"@type\":\"ReadAction\",\"target\":[\"https:\/\/kapitalis.com\/tunisie\/2020\/07\/14\/assemblee-les-signataires-de-la-motion-de-censure-pour-le-retrait-de-confiance-a-rached-ghannouchi\/\"]}]},{\"@type\":\"ImageObject\",\"inLanguage\":\"fr-FR\",\"@id\":\"https:\/\/kapitalis.com\/tunisie\/2020\/07\/14\/assemblee-les-signataires-de-la-motion-de-censure-pour-le-retrait-de-confiance-a-rached-ghannouchi\/#primaryimage\",\"url\":\"\",\"contentUrl\":\"\"},{\"@type\":\"BreadcrumbList\",\"@id\":\"https:\/\/kapitalis.com\/tunisie\/2020\/07\/14\/assemblee-les-signataires-de-la-motion-de-censure-pour-le-retrait-de-confiance-a-rached-ghannouchi\/#breadcrumb\",\"itemListElement\":[{\"@type\":\"ListItem\",\"position\":1,\"name\":\"Accueil\",\"item\":\"https:\/\/kapitalis.com\/tunisie\/\"},{\"@type\":\"ListItem\",\"position\":2,\"name\":\"Assembl\u00e9e : Les signataires de la motion de censure pour le retrait de confiance \u00e0 Rached Ghannouchi\"}]},{\"@type\":\"WebSite\",\"@id\":\"https:\/\/kapitalis.com\/tunisie\/#website\",\"url\":\"https:\/\/kapitalis.com\/tunisie\/\",\"name\":\"Kapitalis\",\"description\":\"L&#039;actualit\u00e9 en Tunisie et dans le monde\",\"publisher\":{\"@id\":\"https:\/\/kapitalis.com\/tunisie\/#organization\"},\"potentialAction\":[{\"@type\":\"SearchAction\",\"target\":{\"@type\":\"EntryPoint\",\"urlTemplate\":\"https:\/\/kapitalis.com\/tunisie\/?s={search_term_string}\"},\"query-input\":{\"@type\":\"PropertyValueSpecification\",\"valueRequired\":true,\"valueName\":\"search_term_string\"}}],\"inLanguage\":\"fr-FR\"},{\"@type\":\"Organization\",\"@id\":\"https:\/\/kapitalis.com\/tunisie\/#organization\",\"name\":\"Kapitalis\",\"url\":\"https:\/\/kapitalis.com\/tunisie\/\",\"logo\":{\"@type\":\"ImageObject\",\"inLanguage\":\"fr-FR\",\"@id\":\"https:\/\/kapitalis.com\/tunisie\/#\/schema\/logo\/image\/\",\"url\":\"https:\/\/kapitalis.com\/tunisie\/wp-content\/uploads\/2022\/05\/Kapitalis-big-size.png\",\"contentUrl\":\"https:\/\/kapitalis.com\/tunisie\/wp-content\/uploads\/2022\/05\/Kapitalis-big-size.png\",\"width\":5000,\"height\":1500,\"caption\":\"Kapitalis\"},\"image\":{\"@id\":\"https:\/\/kapitalis.com\/tunisie\/#\/schema\/logo\/image\/\"},\"sameAs\":[\"https:\/\/www.facebook.com\/KapitalisInfo\/\",\"https:\/\/x.com\/KapitalisInfo\",\"https:\/\/www.youtube.com\/channel\/UC-yDYrHyfFBWWZaOw3FPg9Q\"]},{\"@type\":\"Person\",\"@id\":\"https:\/\/kapitalis.com\/tunisie\/#\/schema\/person\/74bbde0154d49d790a92aaeac5bc01d5\",\"name\":\"Yusra NY\",\"url\":\"https:\/\/kapitalis.com\/tunisie\/author\/yuza_adam\/\"}]}<\/script>\n<!-- \/ Yoast SEO plugin. -->","yoast_head_json":{"title":"Assembl\u00e9e : Les signataires de la motion de censure pour le retrait de confiance \u00e0 Rached Ghannouchi - Kapitalis","robots":{"index":"index","follow":"follow","max-snippet":"max-snippet:-1","max-image-preview":"max-image-preview:large","max-video-preview":"max-video-preview:-1"},"canonical":"https:\/\/kapitalis.com\/tunisie\/2020\/07\/14\/assemblee-les-signataires-de-la-motion-de-censure-pour-le-retrait-de-confiance-a-rached-ghannouchi\/","og_locale":"fr_FR","og_type":"article","og_title":"Assembl\u00e9e : Les signataires de la motion de censure pour le retrait de confiance \u00e0 Rached Ghannouchi - Kapitalis","og_description":"Mabrouk Korchid, Kamel Ayadi et Ayachi Zammel (d\u00e9missionnaires Tahya Tounes) ainsi que Faycel Tebbini (Voix des agriculteurs), ont rejoint les signataires de la motion de censure pour le retrait de confiance au pr\u00e9sident de l&rsquo;Assembl\u00e9e, Rached Ghannouchi.","og_url":"https:\/\/kapitalis.com\/tunisie\/2020\/07\/14\/assemblee-les-signataires-de-la-motion-de-censure-pour-le-retrait-de-confiance-a-rached-ghannouchi\/","og_site_name":"Kapitalis","article_publisher":"https:\/\/www.facebook.com\/KapitalisInfo\/","article_published_time":"2020-07-14T20:46:19+00:00","article_modified_time":"2020-07-15T06:29:20+00:00","og_image":[{"url":"http:\/\/kapitalis.com\/tunisie\/wp-content\/uploads\/2019\/11\/ghannouchi-arp.jpg","type":"","width":"","height":""}],"author":"Yusra NY","twitter_card":"summary_large_image","twitter_creator":"@KapitalisInfo","twitter_site":"@KapitalisInfo","twitter_misc":{"\u00c9crit par":"Yusra NY","Dur\u00e9e de lecture estim\u00e9e":"2 minutes"},"schema":{"@context":"https:\/\/schema.org","@graph":[{"@type":"Article","@id":"https:\/\/kapitalis.com\/tunisie\/2020\/07\/14\/assemblee-les-signataires-de-la-motion-de-censure-pour-le-retrait-de-confiance-a-rached-ghannouchi\/#article","isPartOf":{"@id":"https:\/\/kapitalis.com\/tunisie\/2020\/07\/14\/assemblee-les-signataires-de-la-motion-de-censure-pour-le-retrait-de-confiance-a-rached-ghannouchi\/"},"author":{"name":"Yusra NY","@id":"https:\/\/kapitalis.com\/tunisie\/#\/schema\/person\/74bbde0154d49d790a92aaeac5bc01d5"},"headline":"Assembl\u00e9e : Les signataires de la motion de censure pour le retrait de confiance \u00e0 Rached Ghannouchi","datePublished":"2020-07-14T20:46:19+00:00","dateModified":"2020-07-15T06:29:20+00:00","mainEntityOfPage":{"@id":"https:\/\/kapitalis.com\/tunisie\/2020\/07\/14\/assemblee-les-signataires-de-la-motion-de-censure-pour-le-retrait-de-confiance-a-rached-ghannouchi\/"},"wordCount":489,"commentCount":0,"publisher":{"@id":"https:\/\/kapitalis.com\/tunisie\/#organization"},"image":{"@id":"https:\/\/kapitalis.com\/tunisie\/2020\/07\/14\/assemblee-les-signataires-de-la-motion-de-censure-pour-le-retrait-de-confiance-a-rached-ghannouchi\/#primaryimage"},"thumbnailUrl":"http:\/\/kapitalis.com\/tunisie\/wp-content\/uploads\/2019\/11\/ghannouchi-arp.jpg","keywords":["Assembl\u00e9e","d\u00e9put\u00e9s","Ennahdha","motion censure","parlement","Rached Ghannouchi","retrait de confiance"],"articleSection":["POLITIQUE","Tunisie"],"inLanguage":"fr-FR","potentialAction":[{"@type":"CommentAction","name":"Comment","target":["https:\/\/kapitalis.com\/tunisie\/2020\/07\/14\/assemblee-les-signataires-de-la-motion-de-censure-pour-le-retrait-de-confiance-a-rached-ghannouchi\/#respond"]}]},{"@type":"WebPage","@id":"https:\/\/kapitalis.com\/tunisie\/2020\/07\/14\/assemblee-les-signataires-de-la-motion-de-censure-pour-le-retrait-de-confiance-a-rached-ghannouchi\/","url":"https:\/\/kapitalis.com\/tunisie\/2020\/07\/14\/assemblee-les-signataires-de-la-motion-de-censure-pour-le-retrait-de-confiance-a-rached-ghannouchi\/","name":"Assembl\u00e9e : Les signataires de la motion de censure pour le retrait de confiance \u00e0 Rached Ghannouchi - Kapitalis","isPartOf":{"@id":"https:\/\/kapitalis.com\/tunisie\/#website"},"primaryImageOfPage":{"@id":"https:\/\/kapitalis.com\/tunisie\/2020\/07\/14\/assemblee-les-signataires-de-la-motion-de-censure-pour-le-retrait-de-confiance-a-rached-ghannouchi\/#primaryimage"},"image":{"@id":"https:\/\/kapitalis.com\/tunisie\/2020\/07\/14\/assemblee-les-signataires-de-la-motion-de-censure-pour-le-retrait-de-confiance-a-rached-ghannouchi\/#primaryimage"},"thumbnailUrl":"http:\/\/kapitalis.com\/tunisie\/wp-content\/uploads\/2019\/11\/ghannouchi-arp.jpg","datePublished":"2020-07-14T20:46:19+00:00","dateModified":"2020-07-15T06:29:20+00:00","breadcrumb":{"@id":"https:\/\/kapitalis.com\/tunisie\/2020\/07\/14\/assemblee-les-signataires-de-la-motion-de-censure-pour-le-retrait-de-confiance-a-rached-ghannouchi\/#breadcrumb"},"inLanguage":"fr-FR","potentialAction":[{"@type":"ReadAction","target":["https:\/\/kapitalis.com\/tunisie\/2020\/07\/14\/assemblee-les-signataires-de-la-motion-de-censure-pour-le-retrait-de-confiance-a-rached-ghannouchi\/"]}]},{"@type":"ImageObject","inLanguage":"fr-FR","@id":"https:\/\/kapitalis.com\/tunisie\/2020\/07\/14\/assemblee-les-signataires-de-la-motion-de-censure-pour-le-retrait-de-confiance-a-rached-ghannouchi\/#primaryimage","url":"","contentUrl":""},{"@type":"BreadcrumbList","@id":"https:\/\/kapitalis.com\/tunisie\/2020\/07\/14\/assemblee-les-signataires-de-la-motion-de-censure-pour-le-retrait-de-confiance-a-rached-ghannouchi\/#breadcrumb","itemListElement":[{"@type":"ListItem","position":1,"name":"Accueil","item":"https:\/\/kapitalis.com\/tunisie\/"},{"@type":"ListItem","position":2,"name":"Assembl\u00e9e : Les signataires de la motion de censure pour le retrait de confiance \u00e0 Rached Ghannouchi"}]},{"@type":"WebSite","@id":"https:\/\/kapitalis.com\/tunisie\/#website","url":"https:\/\/kapitalis.com\/tunisie\/","name":"Kapitalis","description":"L&#039;actualit\u00e9 en Tunisie et dans le monde","publisher":{"@id":"https:\/\/kapitalis.com\/tunisie\/#organization"},"potentialAction":[{"@type":"SearchAction","target":{"@type":"EntryPoint","urlTemplate":"https:\/\/kapitalis.com\/tunisie\/?s={search_term_string}"},"query-input":{"@type":"PropertyValueSpecification","valueRequired":true,"valueName":"search_term_string"}}],"inLanguage":"fr-FR"},{"@type":"Organization","@id":"https:\/\/kapitalis.com\/tunisie\/#organization","name":"Kapitalis","url":"https:\/\/kapitalis.com\/tunisie\/","logo":{"@type":"ImageObject","inLanguage":"fr-FR","@id":"https:\/\/kapitalis.com\/tunisie\/#\/schema\/logo\/image\/","url":"https:\/\/kapitalis.com\/tunisie\/wp-content\/uploads\/2022\/05\/Kapitalis-big-size.png","contentUrl":"https:\/\/kapitalis.com\/tunisie\/wp-content\/uploads\/2022\/05\/Kapitalis-big-size.png","width":5000,"height":1500,"caption":"Kapitalis"},"image":{"@id":"https:\/\/kapitalis.com\/tunisie\/#\/schema\/logo\/image\/"},"sameAs":["https:\/\/www.facebook.com\/KapitalisInfo\/","https:\/\/x.com\/KapitalisInfo","https:\/\/www.youtube.com\/channel\/UC-yDYrHyfFBWWZaOw3FPg9Q"]},{"@type":"Person","@id":"https:\/\/kapitalis.com\/tunisie\/#\/schema\/person\/74bbde0154d49d790a92aaeac5bc01d5","name":"Yusra NY","url":"https:\/\/kapitalis.com\/tunisie\/author\/yuza_adam\/"}]}},"_links":{"self":[{"href":"https:\/\/kapitalis.com\/tunisie\/wp-json\/wp\/v2\/posts\/307972","targetHints":{"allow":["GET"]}}],"collection":[{"href":"https:\/\/kapitalis.com\/tunisie\/wp-json\/wp\/v2\/posts"}],"about":[{"href":"https:\/\/kapitalis.com\/tunisie\/wp-json\/wp\/v2\/types\/post"}],"author":[{"embeddable":true,"href":"https:\/\/kapitalis.com\/tunisie\/wp-json\/wp\/v2\/users\/6"}],"replies":[{"embeddable":true,"href":"https:\/\/kapitalis.com\/tunisie\/wp-json\/wp\/v2\/comments?post=307972"}],"version-history":[{"count":0,"href":"https:\/\/kapitalis.com\/tunisie\/wp-json\/wp\/v2\/posts\/307972\/revisions"}],"wp:attachment":[{"href":"https:\/\/kapitalis.com\/tunisie\/wp-json\/wp\/v2\/media?parent=307972"}],"wp:term":[{"taxonomy":"category","embeddable":true,"href":"https:\/\/kapitalis.com\/tunisie\/wp-json\/wp\/v2\/categories?post=307972"},{"taxonomy":"post_tag","embeddable":true,"href":"https:\/\/kapitalis.com\/tunisie\/wp-json\/wp\/v2\/tags?post=307972"}],"curies":[{"name":"wp","href":"https:\/\/api.w.org\/{rel}","templated":true}]}}