{"id":308050,"date":"2020-07-15T11:02:15","date_gmt":"2020-07-15T10:02:15","guid":{"rendered":"http:\/\/kapitalis.com\/tunisie\/?p=308050"},"modified":"2020-07-15T11:19:09","modified_gmt":"2020-07-15T10:19:09","slug":"hopital-de-la-rabta-abdellatif-mekki-limoge-la-cheffe-du-service-des-maladies-respiratoires-samira-merai","status":"publish","type":"post","link":"https:\/\/kapitalis.com\/tunisie\/2020\/07\/15\/hopital-de-la-rabta-abdellatif-mekki-limoge-la-cheffe-du-service-des-maladies-respiratoires-samira-merai\/","title":{"rendered":"H\u00f4pital de la Rabta : Abdellatif Mekki limoge la cheffe du service des maladies respiratoires, Samira Merai"},"content":{"rendered":"\n<figure class=\"wp-block-image size-large\"><img decoding=\"async\" src=\"http:\/\/kapitalis.com\/tunisie\/wp-content\/uploads\/2020\/07\/abdellatif-mekki-samira-merai.jpg\" alt=\"\" class=\"wp-image-308055\"\/><\/figure>\n\n\n\n<p><strong><em>L&rsquo;ancienne ministre de la Sant\u00e9 publique (ao\u00fbt 2016 &#8211; septembre 2017), Samira Merai, a \u00e9t\u00e9 d\u00e9mise de ses fonctions \u00e0 la t\u00eate du service des maladies respiratoires au sein de l&rsquo;h\u00f4pital de la Rabta, \u00e0 Tunis,<\/em><\/strong> <strong><em>par l&rsquo;actuel ministre, Abdellatif Mekki.<\/em><\/strong> <\/p>\n\n\n\n<!--more-->\n\n\n\n<p>Le d\u00e9cret relatif \u00e0 cette d\u00e9cision a \u00e9t\u00e9 publi\u00e9 dans le Journal officiel de la r\u00e9publique tunisienne (Jort), ce mercredi 15 juillet 2020.<\/p>\n\n\n\n<p>Notons que durant la crise du coronavirus, Mme Merai a, \u00e0 maintes reprises, critiqu\u00e9 les conditions de travail au sein de l&rsquo;\u00e9tablissement sanitaire, notamment le manque d&rsquo;infirmiers et de m\u00e9dicaments dans le service o\u00f9 elle op\u00e8re.<\/p>\n\n\n\n<p>Les m\u00e9decins du service en question, guid\u00e9s par Samira Merai, avaient m\u00eame d\u00e9cid\u00e9 de <a href=\"http:\/\/kapitalis.com\/tunisie\/2020\/07\/01\/hopital-de-la-rabta-demission-collective-au-service-des-maladies-respiratoires\/\"><strong>d\u00e9missionner collectivement<\/strong><\/a>, le 1er juillet, en signe de protestation, avant d&rsquo;y <a href=\"http:\/\/kapitalis.com\/tunisie\/2020\/07\/02\/hopital-de-la-rabta-les-medecins-du-service-des-maladies-respiratoires-renoncent-a-leur-demission-collective\/\"><strong>renoncer<\/strong><\/a> un jour plus tard. Cela n&rsquo;a pas plu, c&rsquo;est un euph\u00e9misme, \u00e0 celui  qui se fait appeler <em><em>\u00ab<\/em>le g\u00e9n\u00e9ral<em><em>\u00bb<\/em><\/em><\/em> par les adh\u00e9rents au parti islamiste qui lui attribuent un peu rapidement les succ\u00e8s de la Tunisie en mati\u00e8re de lutte contre le coronavirus. <\/p>\n\n\n\n<p>Apr\u00e8s le limogeage, tout aussi exp\u00e9ditif, d&rsquo;Ely\u00e8s Mnakbi, ex-Pdg de Tunisair, par le ministre du Transport et de la Logistique, Anouar Maarouf, les ministres issus d&rsquo;Ennahdha limogent \u00e0 tour de bras&#8230; Ils semblent press\u00e9s de placer leurs pions avant de se retrouver bient\u00f4t, eux-m\u00eames, hors-circuit<\/p>\n\n\n\n<p class=\"has-text-align-right\"><strong>C. B. Y.<\/strong><\/p>\n\n\n\n<figure class=\"wp-block-embed-wordpress wp-block-embed is-type-wp-embed is-provider-kapitalis\"><div class=\"wp-block-embed__wrapper\">\n<blockquote class=\"wp-embedded-content\" data-secret=\"D329tBq4Xf\"><a href=\"https:\/\/kapitalis.com\/tunisie\/2020\/07\/01\/hopital-de-la-rabta-demission-collective-au-service-des-maladies-respiratoires\/\">H\u00f4pital de la Rabta : D\u00e9mission collective au service des maladies respiratoires<\/a><\/blockquote><iframe loading=\"lazy\" class=\"wp-embedded-content\" sandbox=\"allow-scripts\" security=\"restricted\" style=\"position: absolute; clip: rect(1px, 1px, 1px, 1px);\" title=\"\u00ab\u00a0H\u00f4pital de la Rabta : D\u00e9mission collective au service des maladies respiratoires\u00a0\u00bb &#8212; Kapitalis\" src=\"https:\/\/kapitalis.com\/tunisie\/2020\/07\/01\/hopital-de-la-rabta-demission-collective-au-service-des-maladies-respiratoires\/embed\/#?secret=vsrUeun1nP#?secret=D329tBq4Xf\" data-secret=\"D329tBq4Xf\" width=\"600\" height=\"338\" frameborder=\"0\" marginwidth=\"0\" marginheight=\"0\" scrolling=\"no\"><\/iframe>\n<\/div><\/figure>\n\n\n\n<figure class=\"wp-block-embed-wordpress wp-block-embed is-type-wp-embed is-provider-kapitalis\"><div class=\"wp-block-embed__wrapper\">\n<blockquote class=\"wp-embedded-content\" data-secret=\"VpTcZdfbWf\"><a href=\"https:\/\/kapitalis.com\/tunisie\/2020\/07\/02\/hopital-de-la-rabta-les-medecins-du-service-des-maladies-respiratoires-renoncent-a-leur-demission-collective\/\">H\u00f4pital de la Rabta : Les m\u00e9decins du service des maladies respiratoires renoncent \u00e0 leur d\u00e9mission collective<\/a><\/blockquote><iframe loading=\"lazy\" class=\"wp-embedded-content\" sandbox=\"allow-scripts\" security=\"restricted\" style=\"position: absolute; clip: rect(1px, 1px, 1px, 1px);\" title=\"\u00ab\u00a0H\u00f4pital de la Rabta : Les m\u00e9decins du service des maladies respiratoires renoncent \u00e0 leur d\u00e9mission collective\u00a0\u00bb &#8212; Kapitalis\" src=\"https:\/\/kapitalis.com\/tunisie\/2020\/07\/02\/hopital-de-la-rabta-les-medecins-du-service-des-maladies-respiratoires-renoncent-a-leur-demission-collective\/embed\/#?secret=K8iiZC8qVC#?secret=VpTcZdfbWf\" data-secret=\"VpTcZdfbWf\" width=\"600\" height=\"338\" frameborder=\"0\" marginwidth=\"0\" marginheight=\"0\" scrolling=\"no\"><\/iframe>\n<\/div><\/figure>\n","protected":false},"excerpt":{"rendered":"<p>L&rsquo;ancienne ministre de la Sant\u00e9 publique (ao\u00fbt 2016 &#8211; septembre 2017), Samira Merai, a \u00e9t\u00e9 d\u00e9mise de ses fonctions \u00e0 la t\u00eate du service des maladies respiratoires au sein de l&rsquo;h\u00f4pital de la Rabta, \u00e0 Tunis, par l&rsquo;actuel ministre, Abdellatif Mekki.<\/p>\n","protected":false},"author":24,"featured_media":308055,"comment_status":"open","ping_status":"open","sticky":false,"template":"","format":"standard","meta":{"footnotes":""},"categories":[997,998,2433],"tags":[17,76903,80852],"class_list":["post-308050","post","type-post","status-publish","format-standard","has-post-thumbnail","hentry","category-politique","category-societe","category-tunisie","tag-abdellatif-mekki","tag-hopital-de-la-rabta","tag-samira-merai-2"],"yoast_head":"<!-- This site is optimized with the Yoast SEO plugin v26.6 - https:\/\/yoast.com\/wordpress\/plugins\/seo\/ -->\n<title>H\u00f4pital de la Rabta : Abdellatif Mekki limoge la cheffe du service des maladies respiratoires, Samira Merai - Kapitalis<\/title>\n<meta name=\"robots\" content=\"index, follow, max-snippet:-1, max-image-preview:large, max-video-preview:-1\" \/>\n<link rel=\"canonical\" href=\"https:\/\/kapitalis.com\/tunisie\/2020\/07\/15\/hopital-de-la-rabta-abdellatif-mekki-limoge-la-cheffe-du-service-des-maladies-respiratoires-samira-merai\/\" \/>\n<meta property=\"og:locale\" content=\"fr_FR\" \/>\n<meta property=\"og:type\" content=\"article\" \/>\n<meta property=\"og:title\" content=\"H\u00f4pital de la Rabta : Abdellatif Mekki limoge la cheffe du service des maladies respiratoires, Samira Merai - Kapitalis\" \/>\n<meta property=\"og:description\" content=\"L&rsquo;ancienne ministre de la Sant\u00e9 publique (ao\u00fbt 2016 &#8211; septembre 2017), Samira Merai, a \u00e9t\u00e9 d\u00e9mise de ses fonctions \u00e0 la t\u00eate du service des maladies respiratoires au sein de l&rsquo;h\u00f4pital de la Rabta, \u00e0 Tunis, par l&rsquo;actuel ministre, Abdellatif Mekki.\" \/>\n<meta property=\"og:url\" content=\"https:\/\/kapitalis.com\/tunisie\/2020\/07\/15\/hopital-de-la-rabta-abdellatif-mekki-limoge-la-cheffe-du-service-des-maladies-respiratoires-samira-merai\/\" \/>\n<meta property=\"og:site_name\" content=\"Kapitalis\" \/>\n<meta property=\"article:publisher\" content=\"https:\/\/www.facebook.com\/KapitalisInfo\/\" \/>\n<meta property=\"article:published_time\" content=\"2020-07-15T10:02:15+00:00\" \/>\n<meta property=\"article:modified_time\" content=\"2020-07-15T10:19:09+00:00\" \/>\n<meta property=\"og:image\" content=\"https:\/\/kapitalis.com\/tunisie\/wp-content\/uploads\/2022\/05\/kapitalis-logo-fb.png\" \/>\n\t<meta property=\"og:image:width\" content=\"1200\" \/>\n\t<meta property=\"og:image:height\" content=\"630\" \/>\n\t<meta property=\"og:image:type\" content=\"image\/png\" \/>\n<meta name=\"author\" content=\"Cherif Benyounes\" \/>\n<meta name=\"twitter:card\" content=\"summary_large_image\" \/>\n<meta name=\"twitter:creator\" content=\"@KapitalisInfo\" \/>\n<meta name=\"twitter:site\" content=\"@KapitalisInfo\" \/>\n<meta name=\"twitter:label1\" content=\"\u00c9crit par\" \/>\n\t<meta name=\"twitter:data1\" content=\"Cherif Benyounes\" \/>\n\t<meta name=\"twitter:label2\" content=\"Dur\u00e9e de lecture estim\u00e9e\" \/>\n\t<meta name=\"twitter:data2\" content=\"1 minute\" \/>\n<script type=\"application\/ld+json\" class=\"yoast-schema-graph\">{\"@context\":\"https:\/\/schema.org\",\"@graph\":[{\"@type\":\"Article\",\"@id\":\"https:\/\/kapitalis.com\/tunisie\/2020\/07\/15\/hopital-de-la-rabta-abdellatif-mekki-limoge-la-cheffe-du-service-des-maladies-respiratoires-samira-merai\/#article\",\"isPartOf\":{\"@id\":\"https:\/\/kapitalis.com\/tunisie\/2020\/07\/15\/hopital-de-la-rabta-abdellatif-mekki-limoge-la-cheffe-du-service-des-maladies-respiratoires-samira-merai\/\"},\"author\":{\"name\":\"Cherif Benyounes\",\"@id\":\"https:\/\/kapitalis.com\/tunisie\/#\/schema\/person\/b35b8d631961131107263178aeb8019e\"},\"headline\":\"H\u00f4pital de la Rabta : Abdellatif Mekki limoge la cheffe du service des maladies respiratoires, Samira Merai\",\"datePublished\":\"2020-07-15T10:02:15+00:00\",\"dateModified\":\"2020-07-15T10:19:09+00:00\",\"mainEntityOfPage\":{\"@id\":\"https:\/\/kapitalis.com\/tunisie\/2020\/07\/15\/hopital-de-la-rabta-abdellatif-mekki-limoge-la-cheffe-du-service-des-maladies-respiratoires-samira-merai\/\"},\"wordCount\":261,\"commentCount\":4,\"publisher\":{\"@id\":\"https:\/\/kapitalis.com\/tunisie\/#organization\"},\"image\":{\"@id\":\"https:\/\/kapitalis.com\/tunisie\/2020\/07\/15\/hopital-de-la-rabta-abdellatif-mekki-limoge-la-cheffe-du-service-des-maladies-respiratoires-samira-merai\/#primaryimage\"},\"thumbnailUrl\":\"\",\"keywords\":[\"Abdellatif Mekki\",\"h\u00f4pital de la Rabta\",\"Samira Merai\"],\"articleSection\":[\"POLITIQUE\",\"SOCIETE\",\"Tunisie\"],\"inLanguage\":\"fr-FR\",\"potentialAction\":[{\"@type\":\"CommentAction\",\"name\":\"Comment\",\"target\":[\"https:\/\/kapitalis.com\/tunisie\/2020\/07\/15\/hopital-de-la-rabta-abdellatif-mekki-limoge-la-cheffe-du-service-des-maladies-respiratoires-samira-merai\/#respond\"]}]},{\"@type\":\"WebPage\",\"@id\":\"https:\/\/kapitalis.com\/tunisie\/2020\/07\/15\/hopital-de-la-rabta-abdellatif-mekki-limoge-la-cheffe-du-service-des-maladies-respiratoires-samira-merai\/\",\"url\":\"https:\/\/kapitalis.com\/tunisie\/2020\/07\/15\/hopital-de-la-rabta-abdellatif-mekki-limoge-la-cheffe-du-service-des-maladies-respiratoires-samira-merai\/\",\"name\":\"H\u00f4pital de la Rabta : Abdellatif Mekki limoge la cheffe du service des maladies respiratoires, Samira Merai - Kapitalis\",\"isPartOf\":{\"@id\":\"https:\/\/kapitalis.com\/tunisie\/#website\"},\"primaryImageOfPage\":{\"@id\":\"https:\/\/kapitalis.com\/tunisie\/2020\/07\/15\/hopital-de-la-rabta-abdellatif-mekki-limoge-la-cheffe-du-service-des-maladies-respiratoires-samira-merai\/#primaryimage\"},\"image\":{\"@id\":\"https:\/\/kapitalis.com\/tunisie\/2020\/07\/15\/hopital-de-la-rabta-abdellatif-mekki-limoge-la-cheffe-du-service-des-maladies-respiratoires-samira-merai\/#primaryimage\"},\"thumbnailUrl\":\"\",\"datePublished\":\"2020-07-15T10:02:15+00:00\",\"dateModified\":\"2020-07-15T10:19:09+00:00\",\"breadcrumb\":{\"@id\":\"https:\/\/kapitalis.com\/tunisie\/2020\/07\/15\/hopital-de-la-rabta-abdellatif-mekki-limoge-la-cheffe-du-service-des-maladies-respiratoires-samira-merai\/#breadcrumb\"},\"inLanguage\":\"fr-FR\",\"potentialAction\":[{\"@type\":\"ReadAction\",\"target\":[\"https:\/\/kapitalis.com\/tunisie\/2020\/07\/15\/hopital-de-la-rabta-abdellatif-mekki-limoge-la-cheffe-du-service-des-maladies-respiratoires-samira-merai\/\"]}]},{\"@type\":\"ImageObject\",\"inLanguage\":\"fr-FR\",\"@id\":\"https:\/\/kapitalis.com\/tunisie\/2020\/07\/15\/hopital-de-la-rabta-abdellatif-mekki-limoge-la-cheffe-du-service-des-maladies-respiratoires-samira-merai\/#primaryimage\",\"url\":\"\",\"contentUrl\":\"\"},{\"@type\":\"BreadcrumbList\",\"@id\":\"https:\/\/kapitalis.com\/tunisie\/2020\/07\/15\/hopital-de-la-rabta-abdellatif-mekki-limoge-la-cheffe-du-service-des-maladies-respiratoires-samira-merai\/#breadcrumb\",\"itemListElement\":[{\"@type\":\"ListItem\",\"position\":1,\"name\":\"Accueil\",\"item\":\"https:\/\/kapitalis.com\/tunisie\/\"},{\"@type\":\"ListItem\",\"position\":2,\"name\":\"H\u00f4pital de la Rabta : Abdellatif Mekki limoge la cheffe du service des maladies respiratoires, Samira Merai\"}]},{\"@type\":\"WebSite\",\"@id\":\"https:\/\/kapitalis.com\/tunisie\/#website\",\"url\":\"https:\/\/kapitalis.com\/tunisie\/\",\"name\":\"Kapitalis\",\"description\":\"L&#039;actualit\u00e9 en Tunisie et dans le monde\",\"publisher\":{\"@id\":\"https:\/\/kapitalis.com\/tunisie\/#organization\"},\"potentialAction\":[{\"@type\":\"SearchAction\",\"target\":{\"@type\":\"EntryPoint\",\"urlTemplate\":\"https:\/\/kapitalis.com\/tunisie\/?s={search_term_string}\"},\"query-input\":{\"@type\":\"PropertyValueSpecification\",\"valueRequired\":true,\"valueName\":\"search_term_string\"}}],\"inLanguage\":\"fr-FR\"},{\"@type\":\"Organization\",\"@id\":\"https:\/\/kapitalis.com\/tunisie\/#organization\",\"name\":\"Kapitalis\",\"url\":\"https:\/\/kapitalis.com\/tunisie\/\",\"logo\":{\"@type\":\"ImageObject\",\"inLanguage\":\"fr-FR\",\"@id\":\"https:\/\/kapitalis.com\/tunisie\/#\/schema\/logo\/image\/\",\"url\":\"https:\/\/kapitalis.com\/tunisie\/wp-content\/uploads\/2022\/05\/Kapitalis-big-size.png\",\"contentUrl\":\"https:\/\/kapitalis.com\/tunisie\/wp-content\/uploads\/2022\/05\/Kapitalis-big-size.png\",\"width\":5000,\"height\":1500,\"caption\":\"Kapitalis\"},\"image\":{\"@id\":\"https:\/\/kapitalis.com\/tunisie\/#\/schema\/logo\/image\/\"},\"sameAs\":[\"https:\/\/www.facebook.com\/KapitalisInfo\/\",\"https:\/\/x.com\/KapitalisInfo\",\"https:\/\/www.youtube.com\/channel\/UC-yDYrHyfFBWWZaOw3FPg9Q\"]},{\"@type\":\"Person\",\"@id\":\"https:\/\/kapitalis.com\/tunisie\/#\/schema\/person\/b35b8d631961131107263178aeb8019e\",\"name\":\"Cherif Benyounes\",\"url\":\"https:\/\/kapitalis.com\/tunisie\/author\/cherif\/\"}]}<\/script>\n<!-- \/ Yoast SEO plugin. -->","yoast_head_json":{"title":"H\u00f4pital de la Rabta : Abdellatif Mekki limoge la cheffe du service des maladies respiratoires, Samira Merai - Kapitalis","robots":{"index":"index","follow":"follow","max-snippet":"max-snippet:-1","max-image-preview":"max-image-preview:large","max-video-preview":"max-video-preview:-1"},"canonical":"https:\/\/kapitalis.com\/tunisie\/2020\/07\/15\/hopital-de-la-rabta-abdellatif-mekki-limoge-la-cheffe-du-service-des-maladies-respiratoires-samira-merai\/","og_locale":"fr_FR","og_type":"article","og_title":"H\u00f4pital de la Rabta : Abdellatif Mekki limoge la cheffe du service des maladies respiratoires, Samira Merai - Kapitalis","og_description":"L&rsquo;ancienne ministre de la Sant\u00e9 publique (ao\u00fbt 2016 &#8211; septembre 2017), Samira Merai, a \u00e9t\u00e9 d\u00e9mise de ses fonctions \u00e0 la t\u00eate du service des maladies respiratoires au sein de l&rsquo;h\u00f4pital de la Rabta, \u00e0 Tunis, par l&rsquo;actuel ministre, Abdellatif Mekki.","og_url":"https:\/\/kapitalis.com\/tunisie\/2020\/07\/15\/hopital-de-la-rabta-abdellatif-mekki-limoge-la-cheffe-du-service-des-maladies-respiratoires-samira-merai\/","og_site_name":"Kapitalis","article_publisher":"https:\/\/www.facebook.com\/KapitalisInfo\/","article_published_time":"2020-07-15T10:02:15+00:00","article_modified_time":"2020-07-15T10:19:09+00:00","og_image":[{"width":1200,"height":630,"url":"https:\/\/kapitalis.com\/tunisie\/wp-content\/uploads\/2022\/05\/kapitalis-logo-fb.png","type":"image\/png"}],"author":"Cherif Benyounes","twitter_card":"summary_large_image","twitter_creator":"@KapitalisInfo","twitter_site":"@KapitalisInfo","twitter_misc":{"\u00c9crit par":"Cherif Benyounes","Dur\u00e9e de lecture estim\u00e9e":"1 minute"},"schema":{"@context":"https:\/\/schema.org","@graph":[{"@type":"Article","@id":"https:\/\/kapitalis.com\/tunisie\/2020\/07\/15\/hopital-de-la-rabta-abdellatif-mekki-limoge-la-cheffe-du-service-des-maladies-respiratoires-samira-merai\/#article","isPartOf":{"@id":"https:\/\/kapitalis.com\/tunisie\/2020\/07\/15\/hopital-de-la-rabta-abdellatif-mekki-limoge-la-cheffe-du-service-des-maladies-respiratoires-samira-merai\/"},"author":{"name":"Cherif Benyounes","@id":"https:\/\/kapitalis.com\/tunisie\/#\/schema\/person\/b35b8d631961131107263178aeb8019e"},"headline":"H\u00f4pital de la Rabta : Abdellatif Mekki limoge la cheffe du service des maladies respiratoires, Samira Merai","datePublished":"2020-07-15T10:02:15+00:00","dateModified":"2020-07-15T10:19:09+00:00","mainEntityOfPage":{"@id":"https:\/\/kapitalis.com\/tunisie\/2020\/07\/15\/hopital-de-la-rabta-abdellatif-mekki-limoge-la-cheffe-du-service-des-maladies-respiratoires-samira-merai\/"},"wordCount":261,"commentCount":4,"publisher":{"@id":"https:\/\/kapitalis.com\/tunisie\/#organization"},"image":{"@id":"https:\/\/kapitalis.com\/tunisie\/2020\/07\/15\/hopital-de-la-rabta-abdellatif-mekki-limoge-la-cheffe-du-service-des-maladies-respiratoires-samira-merai\/#primaryimage"},"thumbnailUrl":"","keywords":["Abdellatif Mekki","h\u00f4pital de la Rabta","Samira Merai"],"articleSection":["POLITIQUE","SOCIETE","Tunisie"],"inLanguage":"fr-FR","potentialAction":[{"@type":"CommentAction","name":"Comment","target":["https:\/\/kapitalis.com\/tunisie\/2020\/07\/15\/hopital-de-la-rabta-abdellatif-mekki-limoge-la-cheffe-du-service-des-maladies-respiratoires-samira-merai\/#respond"]}]},{"@type":"WebPage","@id":"https:\/\/kapitalis.com\/tunisie\/2020\/07\/15\/hopital-de-la-rabta-abdellatif-mekki-limoge-la-cheffe-du-service-des-maladies-respiratoires-samira-merai\/","url":"https:\/\/kapitalis.com\/tunisie\/2020\/07\/15\/hopital-de-la-rabta-abdellatif-mekki-limoge-la-cheffe-du-service-des-maladies-respiratoires-samira-merai\/","name":"H\u00f4pital de la Rabta : Abdellatif Mekki limoge la cheffe du service des maladies respiratoires, Samira Merai - Kapitalis","isPartOf":{"@id":"https:\/\/kapitalis.com\/tunisie\/#website"},"primaryImageOfPage":{"@id":"https:\/\/kapitalis.com\/tunisie\/2020\/07\/15\/hopital-de-la-rabta-abdellatif-mekki-limoge-la-cheffe-du-service-des-maladies-respiratoires-samira-merai\/#primaryimage"},"image":{"@id":"https:\/\/kapitalis.com\/tunisie\/2020\/07\/15\/hopital-de-la-rabta-abdellatif-mekki-limoge-la-cheffe-du-service-des-maladies-respiratoires-samira-merai\/#primaryimage"},"thumbnailUrl":"","datePublished":"2020-07-15T10:02:15+00:00","dateModified":"2020-07-15T10:19:09+00:00","breadcrumb":{"@id":"https:\/\/kapitalis.com\/tunisie\/2020\/07\/15\/hopital-de-la-rabta-abdellatif-mekki-limoge-la-cheffe-du-service-des-maladies-respiratoires-samira-merai\/#breadcrumb"},"inLanguage":"fr-FR","potentialAction":[{"@type":"ReadAction","target":["https:\/\/kapitalis.com\/tunisie\/2020\/07\/15\/hopital-de-la-rabta-abdellatif-mekki-limoge-la-cheffe-du-service-des-maladies-respiratoires-samira-merai\/"]}]},{"@type":"ImageObject","inLanguage":"fr-FR","@id":"https:\/\/kapitalis.com\/tunisie\/2020\/07\/15\/hopital-de-la-rabta-abdellatif-mekki-limoge-la-cheffe-du-service-des-maladies-respiratoires-samira-merai\/#primaryimage","url":"","contentUrl":""},{"@type":"BreadcrumbList","@id":"https:\/\/kapitalis.com\/tunisie\/2020\/07\/15\/hopital-de-la-rabta-abdellatif-mekki-limoge-la-cheffe-du-service-des-maladies-respiratoires-samira-merai\/#breadcrumb","itemListElement":[{"@type":"ListItem","position":1,"name":"Accueil","item":"https:\/\/kapitalis.com\/tunisie\/"},{"@type":"ListItem","position":2,"name":"H\u00f4pital de la Rabta : Abdellatif Mekki limoge la cheffe du service des maladies respiratoires, Samira Merai"}]},{"@type":"WebSite","@id":"https:\/\/kapitalis.com\/tunisie\/#website","url":"https:\/\/kapitalis.com\/tunisie\/","name":"Kapitalis","description":"L&#039;actualit\u00e9 en Tunisie et dans le monde","publisher":{"@id":"https:\/\/kapitalis.com\/tunisie\/#organization"},"potentialAction":[{"@type":"SearchAction","target":{"@type":"EntryPoint","urlTemplate":"https:\/\/kapitalis.com\/tunisie\/?s={search_term_string}"},"query-input":{"@type":"PropertyValueSpecification","valueRequired":true,"valueName":"search_term_string"}}],"inLanguage":"fr-FR"},{"@type":"Organization","@id":"https:\/\/kapitalis.com\/tunisie\/#organization","name":"Kapitalis","url":"https:\/\/kapitalis.com\/tunisie\/","logo":{"@type":"ImageObject","inLanguage":"fr-FR","@id":"https:\/\/kapitalis.com\/tunisie\/#\/schema\/logo\/image\/","url":"https:\/\/kapitalis.com\/tunisie\/wp-content\/uploads\/2022\/05\/Kapitalis-big-size.png","contentUrl":"https:\/\/kapitalis.com\/tunisie\/wp-content\/uploads\/2022\/05\/Kapitalis-big-size.png","width":5000,"height":1500,"caption":"Kapitalis"},"image":{"@id":"https:\/\/kapitalis.com\/tunisie\/#\/schema\/logo\/image\/"},"sameAs":["https:\/\/www.facebook.com\/KapitalisInfo\/","https:\/\/x.com\/KapitalisInfo","https:\/\/www.youtube.com\/channel\/UC-yDYrHyfFBWWZaOw3FPg9Q"]},{"@type":"Person","@id":"https:\/\/kapitalis.com\/tunisie\/#\/schema\/person\/b35b8d631961131107263178aeb8019e","name":"Cherif Benyounes","url":"https:\/\/kapitalis.com\/tunisie\/author\/cherif\/"}]}},"_links":{"self":[{"href":"https:\/\/kapitalis.com\/tunisie\/wp-json\/wp\/v2\/posts\/308050","targetHints":{"allow":["GET"]}}],"collection":[{"href":"https:\/\/kapitalis.com\/tunisie\/wp-json\/wp\/v2\/posts"}],"about":[{"href":"https:\/\/kapitalis.com\/tunisie\/wp-json\/wp\/v2\/types\/post"}],"author":[{"embeddable":true,"href":"https:\/\/kapitalis.com\/tunisie\/wp-json\/wp\/v2\/users\/24"}],"replies":[{"embeddable":true,"href":"https:\/\/kapitalis.com\/tunisie\/wp-json\/wp\/v2\/comments?post=308050"}],"version-history":[{"count":0,"href":"https:\/\/kapitalis.com\/tunisie\/wp-json\/wp\/v2\/posts\/308050\/revisions"}],"wp:featuredmedia":[{"embeddable":true,"href":"https:\/\/kapitalis.com\/tunisie\/wp-json\/wp\/v2\/media\/308055"}],"wp:attachment":[{"href":"https:\/\/kapitalis.com\/tunisie\/wp-json\/wp\/v2\/media?parent=308050"}],"wp:term":[{"taxonomy":"category","embeddable":true,"href":"https:\/\/kapitalis.com\/tunisie\/wp-json\/wp\/v2\/categories?post=308050"},{"taxonomy":"post_tag","embeddable":true,"href":"https:\/\/kapitalis.com\/tunisie\/wp-json\/wp\/v2\/tags?post=308050"}],"curies":[{"name":"wp","href":"https:\/\/api.w.org\/{rel}","templated":true}]}}