{"id":308182,"date":"2020-07-15T23:22:36","date_gmt":"2020-07-15T22:22:36","guid":{"rendered":"http:\/\/kapitalis.com\/tunisie\/?p=308182"},"modified":"2020-07-16T07:13:19","modified_gmt":"2020-07-16T06:13:19","slug":"sidi-bouzid-arrestation-dun-takfiriste-recherche-dans-une-affaire-terroriste","status":"publish","type":"post","link":"https:\/\/kapitalis.com\/tunisie\/2020\/07\/15\/sidi-bouzid-arrestation-dun-takfiriste-recherche-dans-une-affaire-terroriste\/","title":{"rendered":"Sidi Bouzid : Arrestation d&rsquo;un takfiriste recherch\u00e9 dans une affaire terroriste"},"content":{"rendered":"\n<figure class=\"wp-block-image size-large\"><img decoding=\"async\" src=\"http:\/\/kapitalis.com\/tunisie\/wp-content\/uploads\/2017\/12\/meurtre-arrestation-homophobie-.jpg\" alt=\"\" class=\"wp-image-126757\"\/><\/figure>\n\n\n\n<p><strong><em>La police a arr\u00eat\u00e9 dans la nuit du mardi 14 au mercredi 15 juillet 2020, \u00e0 Sidi Bouzid, un extr\u00e9miste religieux recherch\u00e9 dans une affaire terroriste. Ces arrestations se multiplient depuis plusieurs jours. C&rsquo;est \u00e0 croire que les r\u00e9seaux commencent \u00e0 \u00eatre activ\u00e9s. Et on imagine par quelle partie&#8230;<\/em><\/strong><\/p>\n\n\n\n<!--more-->\n\n\n\n<p>\u00c2g\u00e9 de 28 ans, A. R. fait l&rsquo;objet d&rsquo;un mandat de recherche depuis f\u00e9vrier dernier, indique une source s\u00e9curitaire \u00e0 Kapitalis, en pr\u00e9cisant que son nom a \u00e9t\u00e9 livr\u00e9 par des membres d&rsquo;une cellule terroriste d\u00e9mantel\u00e9e en janvier 2020, et dont les membres ont assur\u00e9 que ce dernier \u00e9taient charg\u00e9 de leur apporter l&rsquo;aide logistique.<\/p>\n\n\n\n<p>Selon la m\u00eame source, ce suspect avait \u00e9t\u00e9 arr\u00eat\u00e9 en 2014 pour ses activit\u00e9s li\u00e9es \u00e0 l&rsquo;extr\u00e9misme religieux et avait purg\u00e9 une peine d&rsquo;un an de prison.<\/p>\n\n\n\n<p>Le minist\u00e8re public a ordonn\u00e9 la mise en d\u00e9tention du suspect et l&rsquo;enqu\u00eate se poursuit.<\/p>\n\n\n\n<p class=\"has-text-align-right\"><strong>Y. N.<\/strong><\/p>\n","protected":false},"excerpt":{"rendered":"<p>La police a arr\u00eat\u00e9 dans la nuit du mardi 14 au mercredi 15 juillet 2020, \u00e0 Sidi Bouzid, un extr\u00e9miste religieux recherch\u00e9 dans une affaire terroriste. Ces arrestations se multiplient depuis plusieurs jours. C&rsquo;est \u00e0 croire que les r\u00e9seaux commencent \u00e0 \u00eatre activ\u00e9s. Et on imagine par quelle partie&#8230;<\/p>\n","protected":false},"author":6,"featured_media":0,"comment_status":"open","ping_status":"open","sticky":false,"template":"","format":"standard","meta":{"footnotes":""},"categories":[998,2433],"tags":[2106,1179,64624,828],"class_list":["post-308182","post","type-post","status-publish","format-standard","hentry","category-societe","category-tunisie","tag-affaire-terroriste","tag-extremiste-religieux","tag-police","tag-sidi-bouzid"],"yoast_head":"<!-- This site is optimized with the Yoast SEO plugin v26.6 - https:\/\/yoast.com\/wordpress\/plugins\/seo\/ -->\n<title>Sidi Bouzid : Arrestation d&#039;un takfiriste recherch\u00e9 dans une affaire terroriste - Kapitalis<\/title>\n<meta name=\"robots\" content=\"index, follow, max-snippet:-1, max-image-preview:large, max-video-preview:-1\" \/>\n<link rel=\"canonical\" href=\"https:\/\/kapitalis.com\/tunisie\/2020\/07\/15\/sidi-bouzid-arrestation-dun-takfiriste-recherche-dans-une-affaire-terroriste\/\" \/>\n<meta property=\"og:locale\" content=\"fr_FR\" \/>\n<meta property=\"og:type\" content=\"article\" \/>\n<meta property=\"og:title\" content=\"Sidi Bouzid : Arrestation d&#039;un takfiriste recherch\u00e9 dans une affaire terroriste - Kapitalis\" \/>\n<meta property=\"og:description\" content=\"La police a arr\u00eat\u00e9 dans la nuit du mardi 14 au mercredi 15 juillet 2020, \u00e0 Sidi Bouzid, un extr\u00e9miste religieux recherch\u00e9 dans une affaire terroriste. Ces arrestations se multiplient depuis plusieurs jours. C&rsquo;est \u00e0 croire que les r\u00e9seaux commencent \u00e0 \u00eatre activ\u00e9s. Et on imagine par quelle partie&#8230;\" \/>\n<meta property=\"og:url\" content=\"https:\/\/kapitalis.com\/tunisie\/2020\/07\/15\/sidi-bouzid-arrestation-dun-takfiriste-recherche-dans-une-affaire-terroriste\/\" \/>\n<meta property=\"og:site_name\" content=\"Kapitalis\" \/>\n<meta property=\"article:publisher\" content=\"https:\/\/www.facebook.com\/KapitalisInfo\/\" \/>\n<meta property=\"article:published_time\" content=\"2020-07-15T22:22:36+00:00\" \/>\n<meta property=\"article:modified_time\" content=\"2020-07-16T06:13:19+00:00\" \/>\n<meta property=\"og:image\" content=\"http:\/\/kapitalis.com\/tunisie\/wp-content\/uploads\/2017\/12\/meurtre-arrestation-homophobie-.jpg\" \/>\n<meta name=\"author\" content=\"Yusra NY\" \/>\n<meta name=\"twitter:card\" content=\"summary_large_image\" \/>\n<meta name=\"twitter:creator\" content=\"@KapitalisInfo\" \/>\n<meta name=\"twitter:site\" content=\"@KapitalisInfo\" \/>\n<meta name=\"twitter:label1\" content=\"\u00c9crit par\" \/>\n\t<meta name=\"twitter:data1\" content=\"Yusra NY\" \/>\n\t<meta name=\"twitter:label2\" content=\"Dur\u00e9e de lecture estim\u00e9e\" \/>\n\t<meta name=\"twitter:data2\" content=\"1 minute\" \/>\n<script type=\"application\/ld+json\" class=\"yoast-schema-graph\">{\"@context\":\"https:\/\/schema.org\",\"@graph\":[{\"@type\":\"Article\",\"@id\":\"https:\/\/kapitalis.com\/tunisie\/2020\/07\/15\/sidi-bouzid-arrestation-dun-takfiriste-recherche-dans-une-affaire-terroriste\/#article\",\"isPartOf\":{\"@id\":\"https:\/\/kapitalis.com\/tunisie\/2020\/07\/15\/sidi-bouzid-arrestation-dun-takfiriste-recherche-dans-une-affaire-terroriste\/\"},\"author\":{\"name\":\"Yusra NY\",\"@id\":\"https:\/\/kapitalis.com\/tunisie\/#\/schema\/person\/74bbde0154d49d790a92aaeac5bc01d5\"},\"headline\":\"Sidi Bouzid : Arrestation d&rsquo;un takfiriste recherch\u00e9 dans une affaire terroriste\",\"datePublished\":\"2020-07-15T22:22:36+00:00\",\"dateModified\":\"2020-07-16T06:13:19+00:00\",\"mainEntityOfPage\":{\"@id\":\"https:\/\/kapitalis.com\/tunisie\/2020\/07\/15\/sidi-bouzid-arrestation-dun-takfiriste-recherche-dans-une-affaire-terroriste\/\"},\"wordCount\":164,\"commentCount\":0,\"publisher\":{\"@id\":\"https:\/\/kapitalis.com\/tunisie\/#organization\"},\"image\":{\"@id\":\"https:\/\/kapitalis.com\/tunisie\/2020\/07\/15\/sidi-bouzid-arrestation-dun-takfiriste-recherche-dans-une-affaire-terroriste\/#primaryimage\"},\"thumbnailUrl\":\"http:\/\/kapitalis.com\/tunisie\/wp-content\/uploads\/2017\/12\/meurtre-arrestation-homophobie-.jpg\",\"keywords\":[\"affaire terroriste\",\"extr\u00e9miste religieux\",\"police\",\"Sidi Bouzid\"],\"articleSection\":[\"SOCIETE\",\"Tunisie\"],\"inLanguage\":\"fr-FR\",\"potentialAction\":[{\"@type\":\"CommentAction\",\"name\":\"Comment\",\"target\":[\"https:\/\/kapitalis.com\/tunisie\/2020\/07\/15\/sidi-bouzid-arrestation-dun-takfiriste-recherche-dans-une-affaire-terroriste\/#respond\"]}]},{\"@type\":\"WebPage\",\"@id\":\"https:\/\/kapitalis.com\/tunisie\/2020\/07\/15\/sidi-bouzid-arrestation-dun-takfiriste-recherche-dans-une-affaire-terroriste\/\",\"url\":\"https:\/\/kapitalis.com\/tunisie\/2020\/07\/15\/sidi-bouzid-arrestation-dun-takfiriste-recherche-dans-une-affaire-terroriste\/\",\"name\":\"Sidi Bouzid : Arrestation d'un takfiriste recherch\u00e9 dans une affaire terroriste - Kapitalis\",\"isPartOf\":{\"@id\":\"https:\/\/kapitalis.com\/tunisie\/#website\"},\"primaryImageOfPage\":{\"@id\":\"https:\/\/kapitalis.com\/tunisie\/2020\/07\/15\/sidi-bouzid-arrestation-dun-takfiriste-recherche-dans-une-affaire-terroriste\/#primaryimage\"},\"image\":{\"@id\":\"https:\/\/kapitalis.com\/tunisie\/2020\/07\/15\/sidi-bouzid-arrestation-dun-takfiriste-recherche-dans-une-affaire-terroriste\/#primaryimage\"},\"thumbnailUrl\":\"http:\/\/kapitalis.com\/tunisie\/wp-content\/uploads\/2017\/12\/meurtre-arrestation-homophobie-.jpg\",\"datePublished\":\"2020-07-15T22:22:36+00:00\",\"dateModified\":\"2020-07-16T06:13:19+00:00\",\"breadcrumb\":{\"@id\":\"https:\/\/kapitalis.com\/tunisie\/2020\/07\/15\/sidi-bouzid-arrestation-dun-takfiriste-recherche-dans-une-affaire-terroriste\/#breadcrumb\"},\"inLanguage\":\"fr-FR\",\"potentialAction\":[{\"@type\":\"ReadAction\",\"target\":[\"https:\/\/kapitalis.com\/tunisie\/2020\/07\/15\/sidi-bouzid-arrestation-dun-takfiriste-recherche-dans-une-affaire-terroriste\/\"]}]},{\"@type\":\"ImageObject\",\"inLanguage\":\"fr-FR\",\"@id\":\"https:\/\/kapitalis.com\/tunisie\/2020\/07\/15\/sidi-bouzid-arrestation-dun-takfiriste-recherche-dans-une-affaire-terroriste\/#primaryimage\",\"url\":\"http:\/\/kapitalis.com\/tunisie\/wp-content\/uploads\/2017\/12\/meurtre-arrestation-homophobie-.jpg\",\"contentUrl\":\"http:\/\/kapitalis.com\/tunisie\/wp-content\/uploads\/2017\/12\/meurtre-arrestation-homophobie-.jpg\"},{\"@type\":\"BreadcrumbList\",\"@id\":\"https:\/\/kapitalis.com\/tunisie\/2020\/07\/15\/sidi-bouzid-arrestation-dun-takfiriste-recherche-dans-une-affaire-terroriste\/#breadcrumb\",\"itemListElement\":[{\"@type\":\"ListItem\",\"position\":1,\"name\":\"Accueil\",\"item\":\"https:\/\/kapitalis.com\/tunisie\/\"},{\"@type\":\"ListItem\",\"position\":2,\"name\":\"Sidi Bouzid : Arrestation d&rsquo;un takfiriste recherch\u00e9 dans une affaire terroriste\"}]},{\"@type\":\"WebSite\",\"@id\":\"https:\/\/kapitalis.com\/tunisie\/#website\",\"url\":\"https:\/\/kapitalis.com\/tunisie\/\",\"name\":\"Kapitalis\",\"description\":\"L&#039;actualit\u00e9 en Tunisie et dans le monde\",\"publisher\":{\"@id\":\"https:\/\/kapitalis.com\/tunisie\/#organization\"},\"potentialAction\":[{\"@type\":\"SearchAction\",\"target\":{\"@type\":\"EntryPoint\",\"urlTemplate\":\"https:\/\/kapitalis.com\/tunisie\/?s={search_term_string}\"},\"query-input\":{\"@type\":\"PropertyValueSpecification\",\"valueRequired\":true,\"valueName\":\"search_term_string\"}}],\"inLanguage\":\"fr-FR\"},{\"@type\":\"Organization\",\"@id\":\"https:\/\/kapitalis.com\/tunisie\/#organization\",\"name\":\"Kapitalis\",\"url\":\"https:\/\/kapitalis.com\/tunisie\/\",\"logo\":{\"@type\":\"ImageObject\",\"inLanguage\":\"fr-FR\",\"@id\":\"https:\/\/kapitalis.com\/tunisie\/#\/schema\/logo\/image\/\",\"url\":\"https:\/\/kapitalis.com\/tunisie\/wp-content\/uploads\/2022\/05\/Kapitalis-big-size.png\",\"contentUrl\":\"https:\/\/kapitalis.com\/tunisie\/wp-content\/uploads\/2022\/05\/Kapitalis-big-size.png\",\"width\":5000,\"height\":1500,\"caption\":\"Kapitalis\"},\"image\":{\"@id\":\"https:\/\/kapitalis.com\/tunisie\/#\/schema\/logo\/image\/\"},\"sameAs\":[\"https:\/\/www.facebook.com\/KapitalisInfo\/\",\"https:\/\/x.com\/KapitalisInfo\",\"https:\/\/www.youtube.com\/channel\/UC-yDYrHyfFBWWZaOw3FPg9Q\"]},{\"@type\":\"Person\",\"@id\":\"https:\/\/kapitalis.com\/tunisie\/#\/schema\/person\/74bbde0154d49d790a92aaeac5bc01d5\",\"name\":\"Yusra NY\",\"url\":\"https:\/\/kapitalis.com\/tunisie\/author\/yuza_adam\/\"}]}<\/script>\n<!-- \/ Yoast SEO plugin. -->","yoast_head_json":{"title":"Sidi Bouzid : Arrestation d'un takfiriste recherch\u00e9 dans une affaire terroriste - Kapitalis","robots":{"index":"index","follow":"follow","max-snippet":"max-snippet:-1","max-image-preview":"max-image-preview:large","max-video-preview":"max-video-preview:-1"},"canonical":"https:\/\/kapitalis.com\/tunisie\/2020\/07\/15\/sidi-bouzid-arrestation-dun-takfiriste-recherche-dans-une-affaire-terroriste\/","og_locale":"fr_FR","og_type":"article","og_title":"Sidi Bouzid : Arrestation d'un takfiriste recherch\u00e9 dans une affaire terroriste - Kapitalis","og_description":"La police a arr\u00eat\u00e9 dans la nuit du mardi 14 au mercredi 15 juillet 2020, \u00e0 Sidi Bouzid, un extr\u00e9miste religieux recherch\u00e9 dans une affaire terroriste. Ces arrestations se multiplient depuis plusieurs jours. C&rsquo;est \u00e0 croire que les r\u00e9seaux commencent \u00e0 \u00eatre activ\u00e9s. Et on imagine par quelle partie&#8230;","og_url":"https:\/\/kapitalis.com\/tunisie\/2020\/07\/15\/sidi-bouzid-arrestation-dun-takfiriste-recherche-dans-une-affaire-terroriste\/","og_site_name":"Kapitalis","article_publisher":"https:\/\/www.facebook.com\/KapitalisInfo\/","article_published_time":"2020-07-15T22:22:36+00:00","article_modified_time":"2020-07-16T06:13:19+00:00","og_image":[{"url":"http:\/\/kapitalis.com\/tunisie\/wp-content\/uploads\/2017\/12\/meurtre-arrestation-homophobie-.jpg","type":"","width":"","height":""}],"author":"Yusra NY","twitter_card":"summary_large_image","twitter_creator":"@KapitalisInfo","twitter_site":"@KapitalisInfo","twitter_misc":{"\u00c9crit par":"Yusra NY","Dur\u00e9e de lecture estim\u00e9e":"1 minute"},"schema":{"@context":"https:\/\/schema.org","@graph":[{"@type":"Article","@id":"https:\/\/kapitalis.com\/tunisie\/2020\/07\/15\/sidi-bouzid-arrestation-dun-takfiriste-recherche-dans-une-affaire-terroriste\/#article","isPartOf":{"@id":"https:\/\/kapitalis.com\/tunisie\/2020\/07\/15\/sidi-bouzid-arrestation-dun-takfiriste-recherche-dans-une-affaire-terroriste\/"},"author":{"name":"Yusra NY","@id":"https:\/\/kapitalis.com\/tunisie\/#\/schema\/person\/74bbde0154d49d790a92aaeac5bc01d5"},"headline":"Sidi Bouzid : Arrestation d&rsquo;un takfiriste recherch\u00e9 dans une affaire terroriste","datePublished":"2020-07-15T22:22:36+00:00","dateModified":"2020-07-16T06:13:19+00:00","mainEntityOfPage":{"@id":"https:\/\/kapitalis.com\/tunisie\/2020\/07\/15\/sidi-bouzid-arrestation-dun-takfiriste-recherche-dans-une-affaire-terroriste\/"},"wordCount":164,"commentCount":0,"publisher":{"@id":"https:\/\/kapitalis.com\/tunisie\/#organization"},"image":{"@id":"https:\/\/kapitalis.com\/tunisie\/2020\/07\/15\/sidi-bouzid-arrestation-dun-takfiriste-recherche-dans-une-affaire-terroriste\/#primaryimage"},"thumbnailUrl":"http:\/\/kapitalis.com\/tunisie\/wp-content\/uploads\/2017\/12\/meurtre-arrestation-homophobie-.jpg","keywords":["affaire terroriste","extr\u00e9miste religieux","police","Sidi Bouzid"],"articleSection":["SOCIETE","Tunisie"],"inLanguage":"fr-FR","potentialAction":[{"@type":"CommentAction","name":"Comment","target":["https:\/\/kapitalis.com\/tunisie\/2020\/07\/15\/sidi-bouzid-arrestation-dun-takfiriste-recherche-dans-une-affaire-terroriste\/#respond"]}]},{"@type":"WebPage","@id":"https:\/\/kapitalis.com\/tunisie\/2020\/07\/15\/sidi-bouzid-arrestation-dun-takfiriste-recherche-dans-une-affaire-terroriste\/","url":"https:\/\/kapitalis.com\/tunisie\/2020\/07\/15\/sidi-bouzid-arrestation-dun-takfiriste-recherche-dans-une-affaire-terroriste\/","name":"Sidi Bouzid : Arrestation d'un takfiriste recherch\u00e9 dans une affaire terroriste - Kapitalis","isPartOf":{"@id":"https:\/\/kapitalis.com\/tunisie\/#website"},"primaryImageOfPage":{"@id":"https:\/\/kapitalis.com\/tunisie\/2020\/07\/15\/sidi-bouzid-arrestation-dun-takfiriste-recherche-dans-une-affaire-terroriste\/#primaryimage"},"image":{"@id":"https:\/\/kapitalis.com\/tunisie\/2020\/07\/15\/sidi-bouzid-arrestation-dun-takfiriste-recherche-dans-une-affaire-terroriste\/#primaryimage"},"thumbnailUrl":"http:\/\/kapitalis.com\/tunisie\/wp-content\/uploads\/2017\/12\/meurtre-arrestation-homophobie-.jpg","datePublished":"2020-07-15T22:22:36+00:00","dateModified":"2020-07-16T06:13:19+00:00","breadcrumb":{"@id":"https:\/\/kapitalis.com\/tunisie\/2020\/07\/15\/sidi-bouzid-arrestation-dun-takfiriste-recherche-dans-une-affaire-terroriste\/#breadcrumb"},"inLanguage":"fr-FR","potentialAction":[{"@type":"ReadAction","target":["https:\/\/kapitalis.com\/tunisie\/2020\/07\/15\/sidi-bouzid-arrestation-dun-takfiriste-recherche-dans-une-affaire-terroriste\/"]}]},{"@type":"ImageObject","inLanguage":"fr-FR","@id":"https:\/\/kapitalis.com\/tunisie\/2020\/07\/15\/sidi-bouzid-arrestation-dun-takfiriste-recherche-dans-une-affaire-terroriste\/#primaryimage","url":"http:\/\/kapitalis.com\/tunisie\/wp-content\/uploads\/2017\/12\/meurtre-arrestation-homophobie-.jpg","contentUrl":"http:\/\/kapitalis.com\/tunisie\/wp-content\/uploads\/2017\/12\/meurtre-arrestation-homophobie-.jpg"},{"@type":"BreadcrumbList","@id":"https:\/\/kapitalis.com\/tunisie\/2020\/07\/15\/sidi-bouzid-arrestation-dun-takfiriste-recherche-dans-une-affaire-terroriste\/#breadcrumb","itemListElement":[{"@type":"ListItem","position":1,"name":"Accueil","item":"https:\/\/kapitalis.com\/tunisie\/"},{"@type":"ListItem","position":2,"name":"Sidi Bouzid : Arrestation d&rsquo;un takfiriste recherch\u00e9 dans une affaire terroriste"}]},{"@type":"WebSite","@id":"https:\/\/kapitalis.com\/tunisie\/#website","url":"https:\/\/kapitalis.com\/tunisie\/","name":"Kapitalis","description":"L&#039;actualit\u00e9 en Tunisie et dans le monde","publisher":{"@id":"https:\/\/kapitalis.com\/tunisie\/#organization"},"potentialAction":[{"@type":"SearchAction","target":{"@type":"EntryPoint","urlTemplate":"https:\/\/kapitalis.com\/tunisie\/?s={search_term_string}"},"query-input":{"@type":"PropertyValueSpecification","valueRequired":true,"valueName":"search_term_string"}}],"inLanguage":"fr-FR"},{"@type":"Organization","@id":"https:\/\/kapitalis.com\/tunisie\/#organization","name":"Kapitalis","url":"https:\/\/kapitalis.com\/tunisie\/","logo":{"@type":"ImageObject","inLanguage":"fr-FR","@id":"https:\/\/kapitalis.com\/tunisie\/#\/schema\/logo\/image\/","url":"https:\/\/kapitalis.com\/tunisie\/wp-content\/uploads\/2022\/05\/Kapitalis-big-size.png","contentUrl":"https:\/\/kapitalis.com\/tunisie\/wp-content\/uploads\/2022\/05\/Kapitalis-big-size.png","width":5000,"height":1500,"caption":"Kapitalis"},"image":{"@id":"https:\/\/kapitalis.com\/tunisie\/#\/schema\/logo\/image\/"},"sameAs":["https:\/\/www.facebook.com\/KapitalisInfo\/","https:\/\/x.com\/KapitalisInfo","https:\/\/www.youtube.com\/channel\/UC-yDYrHyfFBWWZaOw3FPg9Q"]},{"@type":"Person","@id":"https:\/\/kapitalis.com\/tunisie\/#\/schema\/person\/74bbde0154d49d790a92aaeac5bc01d5","name":"Yusra NY","url":"https:\/\/kapitalis.com\/tunisie\/author\/yuza_adam\/"}]}},"_links":{"self":[{"href":"https:\/\/kapitalis.com\/tunisie\/wp-json\/wp\/v2\/posts\/308182","targetHints":{"allow":["GET"]}}],"collection":[{"href":"https:\/\/kapitalis.com\/tunisie\/wp-json\/wp\/v2\/posts"}],"about":[{"href":"https:\/\/kapitalis.com\/tunisie\/wp-json\/wp\/v2\/types\/post"}],"author":[{"embeddable":true,"href":"https:\/\/kapitalis.com\/tunisie\/wp-json\/wp\/v2\/users\/6"}],"replies":[{"embeddable":true,"href":"https:\/\/kapitalis.com\/tunisie\/wp-json\/wp\/v2\/comments?post=308182"}],"version-history":[{"count":0,"href":"https:\/\/kapitalis.com\/tunisie\/wp-json\/wp\/v2\/posts\/308182\/revisions"}],"wp:attachment":[{"href":"https:\/\/kapitalis.com\/tunisie\/wp-json\/wp\/v2\/media?parent=308182"}],"wp:term":[{"taxonomy":"category","embeddable":true,"href":"https:\/\/kapitalis.com\/tunisie\/wp-json\/wp\/v2\/categories?post=308182"},{"taxonomy":"post_tag","embeddable":true,"href":"https:\/\/kapitalis.com\/tunisie\/wp-json\/wp\/v2\/tags?post=308182"}],"curies":[{"name":"wp","href":"https:\/\/api.w.org\/{rel}","templated":true}]}}